{"id":42,"date":"2020-12-30T15:37:58","date_gmt":"2020-12-30T18:37:58","guid":{"rendered":"http:\/\/www.cambe.pr.gov.br\/?p=42"},"modified":"2024-10-07T13:00:21","modified_gmt":"2024-10-07T16:00:21","slug":"secretaria-de-educacao-desenvolve-curriculo-para-a-educacao-infantil","status":"publish","type":"post","link":"https:\/\/www.cambe.pr.gov.br\/index.php\/secretaria-de-educacao-desenvolve-curriculo-para-a-educacao-infantil\/","title":{"rendered":"Prefeitura faz a revitaliza\u00e7\u00e3o da Rua Rio Paran\u00e1"},"content":{"rendered":"<p style=\"text-align: justify;\"><img fetchpriority=\"high\" decoding=\"async\" class=\"alignleft wp-image-1666\" src=\"https:\/\/www.cambe.pr.gov.br\/wp-content\/uploads\/2020\/12\/AslfatoRioParana-300x200.jpg\" alt=\"\" width=\"300\" height=\"200\" srcset=\"https:\/\/www.cambe.pr.gov.br\/wp-content\/uploads\/2020\/12\/AslfatoRioParana-300x200.jpg 300w, https:\/\/www.cambe.pr.gov.br\/wp-content\/uploads\/2020\/12\/AslfatoRioParana.jpg 350w\" sizes=\"(max-width: 300px) 100vw, 300px\" \/>A Prefeitura de Camb\u00e9, por meio da Secretaria de Obras, est\u00e1 revitalizando as vias da cidade. As obras da Rua Rio Paran\u00e1, no Jardim Santo Amaro, come\u00e7aram na \u00faltima segunda-feira (22) e est\u00e3o previstas para terminarem no in\u00edcio da pr\u00f3xima semana.<\/p>\n<p style=\"text-align: justify;\">Manoel C\u00edcero dos Santos, secret\u00e1rio de Obras, explica que a obra est\u00e1 sendo realizada para corrigir os problemas da via \u2013 que pioraram com a a\u00e7\u00e3o das chuvas do come\u00e7o do m\u00eas. \u201cO pavimento j\u00e1 era muito antigo, mas tamb\u00e9m teve um aumento no tr\u00e1fego na regi\u00e3o devido aos novos loteamentos que sa\u00edram na regi\u00e3o\u201d, ressalta. Segundo o secret\u00e1rio, o material utilizado na obra \u00e9 o CBUQ (Concreto Betuminoso Usinado a Quente), destinado para vias de tr\u00e1fego mais pesado, como o da regi\u00e3o.<\/p>\n<p>O engenheiro civil e fiscal do contrato da obra, Ant\u00f4nio Ribeiro da Silva, esclarece que a obra vai abranger uma extens\u00e3o de 16.319,48 m\u00b2 de vias. \u201cPrimeiro \u00e9 feito a limpeza da pista, depois a eleva\u00e7\u00e3o das tampas de \u00e1gua pluvial e esgoto \u2013 para a pista n\u00e3o ficar com depress\u00f5es depois de pronta \u2013, ent\u00e3o \u00e9 aplicada uma camada de pintura de liga\u00e7\u00e3o \u2013 cola a base de material asf\u00e1ltico \u2013, uma camada de reperfilamento \u2013 material asf\u00e1ltico mais granuloso que faz a regulariza\u00e7\u00e3o da pista \u2013, outra camada de pintura de liga\u00e7\u00e3o e, por fim, a camada de CBUQ\u201d, explica o engenheiro.<\/p>\n<p>Essa obra \u2013 junto com a de trechos da Avenida Roberto Concei\u00e7\u00e3o \u2013 faz parte da Opera\u00e7\u00e3o de Cr\u00e9dito entre os munic\u00edpios e o Governo do Estado, atrav\u00e9s do Programa Paranacidade e da Ag\u00eancia de Fomento. As obras est\u00e3o sendo executadas pela Axial Terraplanagem e Pavimenta\u00e7\u00e3o Ltda, vencedora da licita\u00e7\u00e3o. O valor total investido no projeto \u00e9 de R$ 1.774.240,88 e tem prazo de 240 dias.<\/p>\n<p>O prefeito Conrado Scheller destaca que a recupera\u00e7\u00e3o de vias p\u00fablicas de Camb\u00e9 \u00e9 uma de suas prioridades. \u201cN\u00f3s queremos fazer o maior programa de recupera\u00e7\u00e3o asf\u00e1ltica que a cidade j\u00e1 teve. A Rua Rio Paran\u00e1 \u00e9 uma das principais do Jardim Santo Amaro e precisava de recupera\u00e7\u00e3o. Vamos avan\u00e7ando em v\u00e1rios bairros, priorizando ruas que est\u00e3o com mais urg\u00eancia na recupera\u00e7\u00e3o. Mas volto a frisar que vamos chegar a todos os cantos\u201d, prometeu o prefeito.<\/p>\n","protected":false},"excerpt":{"rendered":"<p>A Prefeitura de Camb\u00e9, por meio da Secretaria de Obras, est\u00e1 revitalizando as vias da cidade. As obras da Rua Rio Paran\u00e1, no Jardim Santo Amaro, come\u00e7aram na \u00faltima segunda-feira (22) e est\u00e3o previstas para terminarem no in\u00edcio da pr\u00f3xima semana. Manoel C\u00edcero dos Santos, secret\u00e1rio de Obras, explica que a obra est\u00e1 sendo realizada [&hellip;]<\/p>\n","protected":false},"author":1,"featured_media":0,"comment_status":"closed","ping_status":"closed","sticky":false,"template":"","format":"standard","meta":{"ngg_post_thumbnail":0,"footnotes":""},"categories":[1],"tags":[],"class_list":["post-42","post","type-post","status-publish","format-standard","hentry","category-principal"],"yoast_head":"<!-- This site is optimized with the Yoast SEO plugin v27.4 - https:\/\/yoast.com\/product\/yoast-seo-wordpress\/ -->\n<title>Prefeitura faz a revitaliza\u00e7\u00e3o da Rua Rio Paran\u00e1 - Prefeitura de Camb\u00e9<\/title>\n<meta name=\"robots\" content=\"index, follow, max-snippet:-1, max-image-preview:large, max-video-preview:-1\" \/>\n<link rel=\"canonical\" href=\"https:\/\/www.cambe.pr.gov.br\/index.php\/secretaria-de-educacao-desenvolve-curriculo-para-a-educacao-infantil\/\" \/>\n<meta property=\"og:locale\" content=\"pt_BR\" \/>\n<meta property=\"og:type\" content=\"article\" \/>\n<meta property=\"og:title\" content=\"Prefeitura faz a revitaliza\u00e7\u00e3o da Rua Rio Paran\u00e1 - Prefeitura de Camb\u00e9\" \/>\n<meta property=\"og:description\" content=\"A Prefeitura de Camb\u00e9, por meio da Secretaria de Obras, est\u00e1 revitalizando as vias da cidade. As obras da Rua Rio Paran\u00e1, no Jardim Santo Amaro, come\u00e7aram na \u00faltima segunda-feira (22) e est\u00e3o previstas para terminarem no in\u00edcio da pr\u00f3xima semana. Manoel C\u00edcero dos Santos, secret\u00e1rio de Obras, explica que a obra est\u00e1 sendo realizada [&hellip;]\" \/>\n<meta property=\"og:url\" content=\"https:\/\/www.cambe.pr.gov.br\/index.php\/secretaria-de-educacao-desenvolve-curriculo-para-a-educacao-infantil\/\" \/>\n<meta property=\"og:site_name\" content=\"Prefeitura de Camb\u00e9\" \/>\n<meta property=\"article:publisher\" content=\"https:\/\/m.facebook.com\/prefeituradecambe\" \/>\n<meta property=\"article:published_time\" content=\"2020-12-30T18:37:58+00:00\" \/>\n<meta property=\"article:modified_time\" content=\"2024-10-07T16:00:21+00:00\" \/>\n<meta property=\"og:image\" content=\"http:\/\/www.cambe.pr.gov.br\/wp-content\/uploads\/2020\/12\/AslfatoRioParana-300x200.jpg\" \/>\n<meta name=\"author\" content=\"ticambe75732\" \/>\n<meta name=\"twitter:card\" content=\"summary_large_image\" \/>\n<meta name=\"twitter:label1\" content=\"Escrito por\" \/>\n\t<meta name=\"twitter:data1\" content=\"ticambe75732\" \/>\n\t<meta name=\"twitter:label2\" content=\"Est. tempo de leitura\" \/>\n\t<meta name=\"twitter:data2\" content=\"2 minutos\" \/>\n<script type=\"application\/ld+json\" class=\"yoast-schema-graph\">{\"@context\":\"https:\\\/\\\/schema.org\",\"@graph\":[{\"@type\":\"Article\",\"@id\":\"https:\\\/\\\/www.cambe.pr.gov.br\\\/index.php\\\/secretaria-de-educacao-desenvolve-curriculo-para-a-educacao-infantil\\\/#article\",\"isPartOf\":{\"@id\":\"https:\\\/\\\/www.cambe.pr.gov.br\\\/index.php\\\/secretaria-de-educacao-desenvolve-curriculo-para-a-educacao-infantil\\\/\"},\"author\":{\"name\":\"ticambe75732\",\"@id\":\"https:\\\/\\\/www.cambe.pr.gov.br\\\/#\\\/schema\\\/person\\\/163bab0d3b46eb61934629275d4c1321\"},\"headline\":\"Prefeitura faz a revitaliza\u00e7\u00e3o da Rua Rio Paran\u00e1\",\"datePublished\":\"2020-12-30T18:37:58+00:00\",\"dateModified\":\"2024-10-07T16:00:21+00:00\",\"mainEntityOfPage\":{\"@id\":\"https:\\\/\\\/www.cambe.pr.gov.br\\\/index.php\\\/secretaria-de-educacao-desenvolve-curriculo-para-a-educacao-infantil\\\/\"},\"wordCount\":408,\"publisher\":{\"@id\":\"https:\\\/\\\/www.cambe.pr.gov.br\\\/#organization\"},\"image\":{\"@id\":\"https:\\\/\\\/www.cambe.pr.gov.br\\\/index.php\\\/secretaria-de-educacao-desenvolve-curriculo-para-a-educacao-infantil\\\/#primaryimage\"},\"thumbnailUrl\":\"http:\\\/\\\/www.cambe.pr.gov.br\\\/wp-content\\\/uploads\\\/2020\\\/12\\\/AslfatoRioParana-300x200.jpg\",\"articleSection\":[\"Principal\"],\"inLanguage\":\"pt-BR\"},{\"@type\":\"WebPage\",\"@id\":\"https:\\\/\\\/www.cambe.pr.gov.br\\\/index.php\\\/secretaria-de-educacao-desenvolve-curriculo-para-a-educacao-infantil\\\/\",\"url\":\"https:\\\/\\\/www.cambe.pr.gov.br\\\/index.php\\\/secretaria-de-educacao-desenvolve-curriculo-para-a-educacao-infantil\\\/\",\"name\":\"Prefeitura faz a revitaliza\u00e7\u00e3o da Rua Rio Paran\u00e1 - Prefeitura de Camb\u00e9\",\"isPartOf\":{\"@id\":\"https:\\\/\\\/www.cambe.pr.gov.br\\\/#website\"},\"primaryImageOfPage\":{\"@id\":\"https:\\\/\\\/www.cambe.pr.gov.br\\\/index.php\\\/secretaria-de-educacao-desenvolve-curriculo-para-a-educacao-infantil\\\/#primaryimage\"},\"image\":{\"@id\":\"https:\\\/\\\/www.cambe.pr.gov.br\\\/index.php\\\/secretaria-de-educacao-desenvolve-curriculo-para-a-educacao-infantil\\\/#primaryimage\"},\"thumbnailUrl\":\"http:\\\/\\\/www.cambe.pr.gov.br\\\/wp-content\\\/uploads\\\/2020\\\/12\\\/AslfatoRioParana-300x200.jpg\",\"datePublished\":\"2020-12-30T18:37:58+00:00\",\"dateModified\":\"2024-10-07T16:00:21+00:00\",\"breadcrumb\":{\"@id\":\"https:\\\/\\\/www.cambe.pr.gov.br\\\/index.php\\\/secretaria-de-educacao-desenvolve-curriculo-para-a-educacao-infantil\\\/#breadcrumb\"},\"inLanguage\":\"pt-BR\",\"potentialAction\":[{\"@type\":\"ReadAction\",\"target\":[\"https:\\\/\\\/www.cambe.pr.gov.br\\\/index.php\\\/secretaria-de-educacao-desenvolve-curriculo-para-a-educacao-infantil\\\/\"]}]},{\"@type\":\"ImageObject\",\"inLanguage\":\"pt-BR\",\"@id\":\"https:\\\/\\\/www.cambe.pr.gov.br\\\/index.php\\\/secretaria-de-educacao-desenvolve-curriculo-para-a-educacao-infantil\\\/#primaryimage\",\"url\":\"http:\\\/\\\/www.cambe.pr.gov.br\\\/wp-content\\\/uploads\\\/2020\\\/12\\\/AslfatoRioParana-300x200.jpg\",\"contentUrl\":\"http:\\\/\\\/www.cambe.pr.gov.br\\\/wp-content\\\/uploads\\\/2020\\\/12\\\/AslfatoRioParana-300x200.jpg\"},{\"@type\":\"BreadcrumbList\",\"@id\":\"https:\\\/\\\/www.cambe.pr.gov.br\\\/index.php\\\/secretaria-de-educacao-desenvolve-curriculo-para-a-educacao-infantil\\\/#breadcrumb\",\"itemListElement\":[{\"@type\":\"ListItem\",\"position\":1,\"name\":\"In\u00edcio\",\"item\":\"https:\\\/\\\/www.cambe.pr.gov.br\\\/\"},{\"@type\":\"ListItem\",\"position\":2,\"name\":\"Prefeitura faz a revitaliza\u00e7\u00e3o da Rua Rio Paran\u00e1\"}]},{\"@type\":\"WebSite\",\"@id\":\"https:\\\/\\\/www.cambe.pr.gov.br\\\/#website\",\"url\":\"https:\\\/\\\/www.cambe.pr.gov.br\\\/\",\"name\":\"Prefeitura de Camb\u00e9\",\"description\":\"UM GOVERNO PARA TODOS\",\"publisher\":{\"@id\":\"https:\\\/\\\/www.cambe.pr.gov.br\\\/#organization\"},\"potentialAction\":[{\"@type\":\"SearchAction\",\"target\":{\"@type\":\"EntryPoint\",\"urlTemplate\":\"https:\\\/\\\/www.cambe.pr.gov.br\\\/?s={search_term_string}\"},\"query-input\":{\"@type\":\"PropertyValueSpecification\",\"valueRequired\":true,\"valueName\":\"search_term_string\"}}],\"inLanguage\":\"pt-BR\"},{\"@type\":\"Organization\",\"@id\":\"https:\\\/\\\/www.cambe.pr.gov.br\\\/#organization\",\"name\":\"Prefeitura de Camb\u00e9\",\"url\":\"https:\\\/\\\/www.cambe.pr.gov.br\\\/\",\"logo\":{\"@type\":\"ImageObject\",\"inLanguage\":\"pt-BR\",\"@id\":\"https:\\\/\\\/www.cambe.pr.gov.br\\\/#\\\/schema\\\/logo\\\/image\\\/\",\"url\":\"https:\\\/\\\/www.cambe.pr.gov.br\\\/wp-content\\\/uploads\\\/2021\\\/01\\\/cropped-cropped-cambe_brazao-icone.png\",\"contentUrl\":\"https:\\\/\\\/www.cambe.pr.gov.br\\\/wp-content\\\/uploads\\\/2021\\\/01\\\/cropped-cropped-cambe_brazao-icone.png\",\"width\":240,\"height\":240,\"caption\":\"Prefeitura de Camb\u00e9\"},\"image\":{\"@id\":\"https:\\\/\\\/www.cambe.pr.gov.br\\\/#\\\/schema\\\/logo\\\/image\\\/\"},\"sameAs\":[\"https:\\\/\\\/m.facebook.com\\\/prefeituradecambe\"]},{\"@type\":\"Person\",\"@id\":\"https:\\\/\\\/www.cambe.pr.gov.br\\\/#\\\/schema\\\/person\\\/163bab0d3b46eb61934629275d4c1321\",\"name\":\"ticambe75732\",\"image\":{\"@type\":\"ImageObject\",\"inLanguage\":\"pt-BR\",\"@id\":\"https:\\\/\\\/secure.gravatar.com\\\/avatar\\\/bf7b8cb9f36bf9e3ee532b1e57cd7056b16a580f9e5742ed9d6bc1db542370f4?s=96&d=mm&r=g\",\"url\":\"https:\\\/\\\/secure.gravatar.com\\\/avatar\\\/bf7b8cb9f36bf9e3ee532b1e57cd7056b16a580f9e5742ed9d6bc1db542370f4?s=96&d=mm&r=g\",\"contentUrl\":\"https:\\\/\\\/secure.gravatar.com\\\/avatar\\\/bf7b8cb9f36bf9e3ee532b1e57cd7056b16a580f9e5742ed9d6bc1db542370f4?s=96&d=mm&r=g\",\"caption\":\"ticambe75732\"},\"sameAs\":[\"http:\\\/\\\/www.cambe.pr.gov.br\"],\"url\":\"https:\\\/\\\/www.cambe.pr.gov.br\\\/index.php\\\/author\\\/ticambe75732\\\/\"}]}<\/script>\n<!-- \/ Yoast SEO plugin. -->","yoast_head_json":{"title":"Prefeitura faz a revitaliza\u00e7\u00e3o da Rua Rio Paran\u00e1 - Prefeitura de Camb\u00e9","robots":{"index":"index","follow":"follow","max-snippet":"max-snippet:-1","max-image-preview":"max-image-preview:large","max-video-preview":"max-video-preview:-1"},"canonical":"https:\/\/www.cambe.pr.gov.br\/index.php\/secretaria-de-educacao-desenvolve-curriculo-para-a-educacao-infantil\/","og_locale":"pt_BR","og_type":"article","og_title":"Prefeitura faz a revitaliza\u00e7\u00e3o da Rua Rio Paran\u00e1 - Prefeitura de Camb\u00e9","og_description":"A Prefeitura de Camb\u00e9, por meio da Secretaria de Obras, est\u00e1 revitalizando as vias da cidade. As obras da Rua Rio Paran\u00e1, no Jardim Santo Amaro, come\u00e7aram na \u00faltima segunda-feira (22) e est\u00e3o previstas para terminarem no in\u00edcio da pr\u00f3xima semana. Manoel C\u00edcero dos Santos, secret\u00e1rio de Obras, explica que a obra est\u00e1 sendo realizada [&hellip;]","og_url":"https:\/\/www.cambe.pr.gov.br\/index.php\/secretaria-de-educacao-desenvolve-curriculo-para-a-educacao-infantil\/","og_site_name":"Prefeitura de Camb\u00e9","article_publisher":"https:\/\/m.facebook.com\/prefeituradecambe","article_published_time":"2020-12-30T18:37:58+00:00","article_modified_time":"2024-10-07T16:00:21+00:00","og_image":[{"url":"http:\/\/www.cambe.pr.gov.br\/wp-content\/uploads\/2020\/12\/AslfatoRioParana-300x200.jpg","type":"","width":"","height":""}],"author":"ticambe75732","twitter_card":"summary_large_image","twitter_misc":{"Escrito por":"ticambe75732","Est. tempo de leitura":"2 minutos"},"schema":{"@context":"https:\/\/schema.org","@graph":[{"@type":"Article","@id":"https:\/\/www.cambe.pr.gov.br\/index.php\/secretaria-de-educacao-desenvolve-curriculo-para-a-educacao-infantil\/#article","isPartOf":{"@id":"https:\/\/www.cambe.pr.gov.br\/index.php\/secretaria-de-educacao-desenvolve-curriculo-para-a-educacao-infantil\/"},"author":{"name":"ticambe75732","@id":"https:\/\/www.cambe.pr.gov.br\/#\/schema\/person\/163bab0d3b46eb61934629275d4c1321"},"headline":"Prefeitura faz a revitaliza\u00e7\u00e3o da Rua Rio Paran\u00e1","datePublished":"2020-12-30T18:37:58+00:00","dateModified":"2024-10-07T16:00:21+00:00","mainEntityOfPage":{"@id":"https:\/\/www.cambe.pr.gov.br\/index.php\/secretaria-de-educacao-desenvolve-curriculo-para-a-educacao-infantil\/"},"wordCount":408,"publisher":{"@id":"https:\/\/www.cambe.pr.gov.br\/#organization"},"image":{"@id":"https:\/\/www.cambe.pr.gov.br\/index.php\/secretaria-de-educacao-desenvolve-curriculo-para-a-educacao-infantil\/#primaryimage"},"thumbnailUrl":"http:\/\/www.cambe.pr.gov.br\/wp-content\/uploads\/2020\/12\/AslfatoRioParana-300x200.jpg","articleSection":["Principal"],"inLanguage":"pt-BR"},{"@type":"WebPage","@id":"https:\/\/www.cambe.pr.gov.br\/index.php\/secretaria-de-educacao-desenvolve-curriculo-para-a-educacao-infantil\/","url":"https:\/\/www.cambe.pr.gov.br\/index.php\/secretaria-de-educacao-desenvolve-curriculo-para-a-educacao-infantil\/","name":"Prefeitura faz a revitaliza\u00e7\u00e3o da Rua Rio Paran\u00e1 - Prefeitura de Camb\u00e9","isPartOf":{"@id":"https:\/\/www.cambe.pr.gov.br\/#website"},"primaryImageOfPage":{"@id":"https:\/\/www.cambe.pr.gov.br\/index.php\/secretaria-de-educacao-desenvolve-curriculo-para-a-educacao-infantil\/#primaryimage"},"image":{"@id":"https:\/\/www.cambe.pr.gov.br\/index.php\/secretaria-de-educacao-desenvolve-curriculo-para-a-educacao-infantil\/#primaryimage"},"thumbnailUrl":"http:\/\/www.cambe.pr.gov.br\/wp-content\/uploads\/2020\/12\/AslfatoRioParana-300x200.jpg","datePublished":"2020-12-30T18:37:58+00:00","dateModified":"2024-10-07T16:00:21+00:00","breadcrumb":{"@id":"https:\/\/www.cambe.pr.gov.br\/index.php\/secretaria-de-educacao-desenvolve-curriculo-para-a-educacao-infantil\/#breadcrumb"},"inLanguage":"pt-BR","potentialAction":[{"@type":"ReadAction","target":["https:\/\/www.cambe.pr.gov.br\/index.php\/secretaria-de-educacao-desenvolve-curriculo-para-a-educacao-infantil\/"]}]},{"@type":"ImageObject","inLanguage":"pt-BR","@id":"https:\/\/www.cambe.pr.gov.br\/index.php\/secretaria-de-educacao-desenvolve-curriculo-para-a-educacao-infantil\/#primaryimage","url":"http:\/\/www.cambe.pr.gov.br\/wp-content\/uploads\/2020\/12\/AslfatoRioParana-300x200.jpg","contentUrl":"http:\/\/www.cambe.pr.gov.br\/wp-content\/uploads\/2020\/12\/AslfatoRioParana-300x200.jpg"},{"@type":"BreadcrumbList","@id":"https:\/\/www.cambe.pr.gov.br\/index.php\/secretaria-de-educacao-desenvolve-curriculo-para-a-educacao-infantil\/#breadcrumb","itemListElement":[{"@type":"ListItem","position":1,"name":"In\u00edcio","item":"https:\/\/www.cambe.pr.gov.br\/"},{"@type":"ListItem","position":2,"name":"Prefeitura faz a revitaliza\u00e7\u00e3o da Rua Rio Paran\u00e1"}]},{"@type":"WebSite","@id":"https:\/\/www.cambe.pr.gov.br\/#website","url":"https:\/\/www.cambe.pr.gov.br\/","name":"Prefeitura de Camb\u00e9","description":"UM GOVERNO PARA TODOS","publisher":{"@id":"https:\/\/www.cambe.pr.gov.br\/#organization"},"potentialAction":[{"@type":"SearchAction","target":{"@type":"EntryPoint","urlTemplate":"https:\/\/www.cambe.pr.gov.br\/?s={search_term_string}"},"query-input":{"@type":"PropertyValueSpecification","valueRequired":true,"valueName":"search_term_string"}}],"inLanguage":"pt-BR"},{"@type":"Organization","@id":"https:\/\/www.cambe.pr.gov.br\/#organization","name":"Prefeitura de Camb\u00e9","url":"https:\/\/www.cambe.pr.gov.br\/","logo":{"@type":"ImageObject","inLanguage":"pt-BR","@id":"https:\/\/www.cambe.pr.gov.br\/#\/schema\/logo\/image\/","url":"https:\/\/www.cambe.pr.gov.br\/wp-content\/uploads\/2021\/01\/cropped-cropped-cambe_brazao-icone.png","contentUrl":"https:\/\/www.cambe.pr.gov.br\/wp-content\/uploads\/2021\/01\/cropped-cropped-cambe_brazao-icone.png","width":240,"height":240,"caption":"Prefeitura de Camb\u00e9"},"image":{"@id":"https:\/\/www.cambe.pr.gov.br\/#\/schema\/logo\/image\/"},"sameAs":["https:\/\/m.facebook.com\/prefeituradecambe"]},{"@type":"Person","@id":"https:\/\/www.cambe.pr.gov.br\/#\/schema\/person\/163bab0d3b46eb61934629275d4c1321","name":"ticambe75732","image":{"@type":"ImageObject","inLanguage":"pt-BR","@id":"https:\/\/secure.gravatar.com\/avatar\/bf7b8cb9f36bf9e3ee532b1e57cd7056b16a580f9e5742ed9d6bc1db542370f4?s=96&d=mm&r=g","url":"https:\/\/secure.gravatar.com\/avatar\/bf7b8cb9f36bf9e3ee532b1e57cd7056b16a580f9e5742ed9d6bc1db542370f4?s=96&d=mm&r=g","contentUrl":"https:\/\/secure.gravatar.com\/avatar\/bf7b8cb9f36bf9e3ee532b1e57cd7056b16a580f9e5742ed9d6bc1db542370f4?s=96&d=mm&r=g","caption":"ticambe75732"},"sameAs":["http:\/\/www.cambe.pr.gov.br"],"url":"https:\/\/www.cambe.pr.gov.br\/index.php\/author\/ticambe75732\/"}]}},"_links":{"self":[{"href":"https:\/\/www.cambe.pr.gov.br\/index.php\/wp-json\/wp\/v2\/posts\/42","targetHints":{"allow":["GET"]}}],"collection":[{"href":"https:\/\/www.cambe.pr.gov.br\/index.php\/wp-json\/wp\/v2\/posts"}],"about":[{"href":"https:\/\/www.cambe.pr.gov.br\/index.php\/wp-json\/wp\/v2\/types\/post"}],"author":[{"embeddable":true,"href":"https:\/\/www.cambe.pr.gov.br\/index.php\/wp-json\/wp\/v2\/users\/1"}],"replies":[{"embeddable":true,"href":"https:\/\/www.cambe.pr.gov.br\/index.php\/wp-json\/wp\/v2\/comments?post=42"}],"version-history":[{"count":6,"href":"https:\/\/www.cambe.pr.gov.br\/index.php\/wp-json\/wp\/v2\/posts\/42\/revisions"}],"predecessor-version":[{"id":1904,"href":"https:\/\/www.cambe.pr.gov.br\/index.php\/wp-json\/wp\/v2\/posts\/42\/revisions\/1904"}],"wp:attachment":[{"href":"https:\/\/www.cambe.pr.gov.br\/index.php\/wp-json\/wp\/v2\/media?parent=42"}],"wp:term":[{"taxonomy":"category","embeddable":true,"href":"https:\/\/www.cambe.pr.gov.br\/index.php\/wp-json\/wp\/v2\/categories?post=42"},{"taxonomy":"post_tag","embeddable":true,"href":"https:\/\/www.cambe.pr.gov.br\/index.php\/wp-json\/wp\/v2\/tags?post=42"}],"curies":[{"name":"wp","href":"https:\/\/api.w.org\/{rel}","templated":true}]}}