{"id":4006,"date":"2021-11-08T14:08:35","date_gmt":"2021-11-08T17:08:35","guid":{"rendered":"http:\/\/www.cambe.pr.gov.br\/?p=4006"},"modified":"2024-10-07T13:00:27","modified_gmt":"2024-10-07T16:00:27","slug":"saude-divulga-novas-datas-de-aplicacao-da-segunda-dose-e-da-dose-de-reforco-da-vacina","status":"publish","type":"post","link":"https:\/\/www.cambe.pr.gov.br\/index.php\/saude-divulga-novas-datas-de-aplicacao-da-segunda-dose-e-da-dose-de-reforco-da-vacina\/","title":{"rendered":"Sa\u00fade divulga novas datas de aplica\u00e7\u00e3o da segunda dose e da dose de refor\u00e7o da vacina"},"content":{"rendered":"<p style=\"text-align: justify;\"><span style=\"font-family: arial, helvetica, sans-serif;\"><img fetchpriority=\"high\" decoding=\"async\" class=\"size-medium wp-image-2864 alignleft\" src=\"https:\/\/www.cambe.pr.gov.br\/wp-content\/uploads\/2021\/08\/vacina-covid-cambe-e1628193711355-300x200.jpeg\" alt=\"\" width=\"300\" height=\"200\" srcset=\"https:\/\/www.cambe.pr.gov.br\/wp-content\/uploads\/2021\/08\/vacina-covid-cambe-e1628193711355-300x200.jpeg 300w, https:\/\/www.cambe.pr.gov.br\/wp-content\/uploads\/2021\/08\/vacina-covid-cambe-e1628193711355-768x512.jpeg 768w, https:\/\/www.cambe.pr.gov.br\/wp-content\/uploads\/2021\/08\/vacina-covid-cambe-e1628193711355.jpeg 1024w\" sizes=\"(max-width: 300px) 100vw, 300px\" \/>A Prefeitura de Camb\u00e9, por meio da Secretaria de Sa\u00fade, divulgou novas datas de aplica\u00e7\u00e3o de segunda dose e da dose de refor\u00e7o da vacina da Covid-19 na cidade. <\/span><\/p>\n<p style=\"text-align: justify;\"><strong><span style=\"font-family: arial, helvetica, sans-serif;\">Dose de refor\u00e7o<\/span><\/strong><br \/>\n<span style=\"font-family: arial, helvetica, sans-serif;\">Nesta ter\u00e7a-feira, dia 09 de novembro, a dose de refor\u00e7o vai estar dispon\u00edvel para os idosos com mais de 68 anos que receberam a segunda dose at\u00e9 o dia 09 de maio. A vacina\u00e7\u00e3o vai ocorrer nas seguintes Unidades B\u00e1sicas de Sa\u00fade: Ana Rosa, Camb\u00e9 2, Camb\u00e9 4, Centro de Sa\u00fade, Cristal, Guarani, Novo Bandeirantes, Santo Amaro, S\u00e3o Paulo e Silvino. A aplica\u00e7\u00e3o das vacinas ser\u00e1 das 9h \u00e0s 14h e \u00e9 preciso apresentar um documento com foto, CPF ou cart\u00e3o do SUS, comprovante de resid\u00eancia e carteira de vacina\u00e7\u00e3o com a anota\u00e7\u00e3o da segunda dose.<\/span><\/p>\n<p style=\"text-align: justify;\"><span style=\"font-family: arial, helvetica, sans-serif;\">Na quarta-feira, dia 10 de novembro, a dose de refor\u00e7o vai ser para os profissionais que trabalham em estabelecimentos de Sa\u00fade de Camb\u00e9 e que receberam a segunda dose at\u00e9 o dia 10 de maio. Segundo o Of\u00edcio Circular n\u00b051\/2021 do Minist\u00e9rio da Sa\u00fade, apenas os profissionais da linha de frente v\u00e3o receber a dose de refor\u00e7o nesse momento, como m\u00e9dicos, enfermeiros, nutricionistas, fisioterapeutas, terapeutas ocupacionais, bi\u00f3logos, biom\u00e9dicos, farmac\u00eauticos, dentistas, fonoaudi\u00f3logos, psic\u00f3logos e assistentes sociais. As pessoas que trabalham em estabelecimentos de interesse \u00e0 Sa\u00fade, como academias de gin\u00e1stica, sal\u00f5es de beleza, clubes, clinicas de est\u00e9tica, dentre outros n\u00e3o v\u00e3o ser contemplados nos grupos priorit\u00e1rios.<\/span><\/p>\n<p style=\"text-align: justify;\"><span style=\"font-family: arial, helvetica, sans-serif;\">A vacina\u00e7\u00e3o vai estar dispon\u00edvel no modelo drive thru na Rodovi\u00e1ria (Avenida Brasil, 1336 \u2013 Centro), no Centro da Juventude (Avenida Pedro Viriato Parigot de Souza, 953 \u2013 Jardim Castelo Branco) e na Unidade B\u00e1sica de Sa\u00fade do Camb\u00e9 IV (pela Rua Eug\u00eanio M. Fadel, 65). A aplica\u00e7\u00e3o da dose de refor\u00e7o tamb\u00e9m est\u00e1 dispon\u00edvel no Gin\u00e1sio de Esportes do Camb\u00e9 III (Rua Tucanos, 121), mas somente para pedestres. A vacina\u00e7\u00e3o come\u00e7a \u00e0s 8h e vai at\u00e9 \u00e0s 12h em todos os pontos. \u00c9 obrigat\u00f3rio comparecer com um documento com foto, CPF ou cart\u00e3o do SUS, comprovante de resid\u00eancia, carteira de vacina\u00e7\u00e3o com a anota\u00e7\u00e3o da segunda dose e um comprovante de que trabalha em Camb\u00e9 \u2013 como declara\u00e7\u00e3o do empregador, c\u00f3pia da carteira de trabalho ou comprovante de loca\u00e7\u00e3o de sala na cidade.<\/span><\/p>\n<p style=\"text-align: justify;\"><strong><span style=\"font-family: arial, helvetica, sans-serif;\">Segunda dose<\/span><\/strong><br \/>\n<span style=\"font-family: arial, helvetica, sans-serif;\">Tamb\u00e9m na quarta-feira, dia 10 de novembro, a dose complementar do imunizante vai estar dispon\u00edvel para a popula\u00e7\u00e3o de 19 anos ou mais que recebeu a primeira dose de Pfizer (Biontech) at\u00e9 o dia 15 de setembro. A aplica\u00e7\u00e3o da vacina vai ser no modelo drive thru na Rodovi\u00e1ria (Avenida Brasil, 1336 \u2013 Centro), no Centro da Juventude (Avenida Pedro Viriato Parigot de Souza, 953 \u2013 Jardim Castelo Branco) e na Unidade B\u00e1sica de Sa\u00fade do Camb\u00e9 IV (pela Rua Eug\u00eanio M. Fadel, 65). A aplica\u00e7\u00e3o da segunda dose tamb\u00e9m est\u00e1 dispon\u00edvel no Gin\u00e1sio de Esportes do Camb\u00e9 III (Rua Tucanos, 121), mas somente para pedestres. A aplica\u00e7\u00e3o das vacinas ser\u00e1 das 8h \u00e0s 12h e \u00e9 preciso apresentar um documento com foto, CPF ou cart\u00e3o do SUS, comprovante de resid\u00eancia e carteira de vacina\u00e7\u00e3o com a anota\u00e7\u00e3o da primeira dose.<\/span><\/p>\n","protected":false},"excerpt":{"rendered":"<p>A Prefeitura de Camb\u00e9, por meio da Secretaria de Sa\u00fade, divulgou novas datas de aplica\u00e7\u00e3o de segunda dose e da dose de refor\u00e7o da vacina da Covid-19 na cidade. Dose de refor\u00e7o Nesta ter\u00e7a-feira, dia 09 de novembro, a dose de refor\u00e7o vai estar dispon\u00edvel para os idosos com mais de 68 anos que receberam [&hellip;]<\/p>\n","protected":false},"author":2,"featured_media":0,"comment_status":"closed","ping_status":"open","sticky":false,"template":"","format":"standard","meta":{"ngg_post_thumbnail":0,"footnotes":""},"categories":[1],"tags":[],"class_list":["post-4006","post","type-post","status-publish","format-standard","hentry","category-principal"],"yoast_head":"<!-- This site is optimized with the Yoast SEO plugin v27.4 - https:\/\/yoast.com\/product\/yoast-seo-wordpress\/ -->\n<title>Sa\u00fade divulga novas datas de aplica\u00e7\u00e3o da segunda dose e da dose de refor\u00e7o da vacina - Prefeitura de Camb\u00e9<\/title>\n<meta name=\"robots\" content=\"index, follow, max-snippet:-1, max-image-preview:large, max-video-preview:-1\" \/>\n<link rel=\"canonical\" href=\"https:\/\/www.cambe.pr.gov.br\/index.php\/saude-divulga-novas-datas-de-aplicacao-da-segunda-dose-e-da-dose-de-reforco-da-vacina\/\" \/>\n<meta property=\"og:locale\" content=\"pt_BR\" \/>\n<meta property=\"og:type\" content=\"article\" \/>\n<meta property=\"og:title\" content=\"Sa\u00fade divulga novas datas de aplica\u00e7\u00e3o da segunda dose e da dose de refor\u00e7o da vacina - Prefeitura de Camb\u00e9\" \/>\n<meta property=\"og:description\" content=\"A Prefeitura de Camb\u00e9, por meio da Secretaria de Sa\u00fade, divulgou novas datas de aplica\u00e7\u00e3o de segunda dose e da dose de refor\u00e7o da vacina da Covid-19 na cidade. Dose de refor\u00e7o Nesta ter\u00e7a-feira, dia 09 de novembro, a dose de refor\u00e7o vai estar dispon\u00edvel para os idosos com mais de 68 anos que receberam [&hellip;]\" \/>\n<meta property=\"og:url\" content=\"https:\/\/www.cambe.pr.gov.br\/index.php\/saude-divulga-novas-datas-de-aplicacao-da-segunda-dose-e-da-dose-de-reforco-da-vacina\/\" \/>\n<meta property=\"og:site_name\" content=\"Prefeitura de Camb\u00e9\" \/>\n<meta property=\"article:publisher\" content=\"https:\/\/m.facebook.com\/prefeituradecambe\" \/>\n<meta property=\"article:published_time\" content=\"2021-11-08T17:08:35+00:00\" \/>\n<meta property=\"article:modified_time\" content=\"2024-10-07T16:00:27+00:00\" \/>\n<meta property=\"og:image\" content=\"http:\/\/www.cambe.pr.gov.br\/wp-content\/uploads\/2021\/08\/vacina-covid-cambe-e1628193711355-300x200.jpeg\" \/>\n<meta name=\"author\" content=\"Thiago Mossini Balbino dos Santos\" \/>\n<meta name=\"twitter:card\" content=\"summary_large_image\" \/>\n<meta name=\"twitter:label1\" content=\"Escrito por\" \/>\n\t<meta name=\"twitter:data1\" content=\"Thiago Mossini Balbino dos Santos\" \/>\n\t<meta name=\"twitter:label2\" content=\"Est. tempo de leitura\" \/>\n\t<meta name=\"twitter:data2\" content=\"3 minutos\" \/>\n<script type=\"application\/ld+json\" class=\"yoast-schema-graph\">{\"@context\":\"https:\\\/\\\/schema.org\",\"@graph\":[{\"@type\":\"Article\",\"@id\":\"https:\\\/\\\/www.cambe.pr.gov.br\\\/index.php\\\/saude-divulga-novas-datas-de-aplicacao-da-segunda-dose-e-da-dose-de-reforco-da-vacina\\\/#article\",\"isPartOf\":{\"@id\":\"https:\\\/\\\/www.cambe.pr.gov.br\\\/index.php\\\/saude-divulga-novas-datas-de-aplicacao-da-segunda-dose-e-da-dose-de-reforco-da-vacina\\\/\"},\"author\":{\"name\":\"Thiago Mossini Balbino dos Santos\",\"@id\":\"https:\\\/\\\/www.cambe.pr.gov.br\\\/#\\\/schema\\\/person\\\/e08f7c43a641b2ec036e4e867ec483e4\"},\"headline\":\"Sa\u00fade divulga novas datas de aplica\u00e7\u00e3o da segunda dose e da dose de refor\u00e7o da vacina\",\"datePublished\":\"2021-11-08T17:08:35+00:00\",\"dateModified\":\"2024-10-07T16:00:27+00:00\",\"mainEntityOfPage\":{\"@id\":\"https:\\\/\\\/www.cambe.pr.gov.br\\\/index.php\\\/saude-divulga-novas-datas-de-aplicacao-da-segunda-dose-e-da-dose-de-reforco-da-vacina\\\/\"},\"wordCount\":577,\"publisher\":{\"@id\":\"https:\\\/\\\/www.cambe.pr.gov.br\\\/#organization\"},\"image\":{\"@id\":\"https:\\\/\\\/www.cambe.pr.gov.br\\\/index.php\\\/saude-divulga-novas-datas-de-aplicacao-da-segunda-dose-e-da-dose-de-reforco-da-vacina\\\/#primaryimage\"},\"thumbnailUrl\":\"http:\\\/\\\/www.cambe.pr.gov.br\\\/wp-content\\\/uploads\\\/2021\\\/08\\\/vacina-covid-cambe-e1628193711355-300x200.jpeg\",\"articleSection\":[\"Principal\"],\"inLanguage\":\"pt-BR\"},{\"@type\":\"WebPage\",\"@id\":\"https:\\\/\\\/www.cambe.pr.gov.br\\\/index.php\\\/saude-divulga-novas-datas-de-aplicacao-da-segunda-dose-e-da-dose-de-reforco-da-vacina\\\/\",\"url\":\"https:\\\/\\\/www.cambe.pr.gov.br\\\/index.php\\\/saude-divulga-novas-datas-de-aplicacao-da-segunda-dose-e-da-dose-de-reforco-da-vacina\\\/\",\"name\":\"Sa\u00fade divulga novas datas de aplica\u00e7\u00e3o da segunda dose e da dose de refor\u00e7o da vacina - Prefeitura de Camb\u00e9\",\"isPartOf\":{\"@id\":\"https:\\\/\\\/www.cambe.pr.gov.br\\\/#website\"},\"primaryImageOfPage\":{\"@id\":\"https:\\\/\\\/www.cambe.pr.gov.br\\\/index.php\\\/saude-divulga-novas-datas-de-aplicacao-da-segunda-dose-e-da-dose-de-reforco-da-vacina\\\/#primaryimage\"},\"image\":{\"@id\":\"https:\\\/\\\/www.cambe.pr.gov.br\\\/index.php\\\/saude-divulga-novas-datas-de-aplicacao-da-segunda-dose-e-da-dose-de-reforco-da-vacina\\\/#primaryimage\"},\"thumbnailUrl\":\"http:\\\/\\\/www.cambe.pr.gov.br\\\/wp-content\\\/uploads\\\/2021\\\/08\\\/vacina-covid-cambe-e1628193711355-300x200.jpeg\",\"datePublished\":\"2021-11-08T17:08:35+00:00\",\"dateModified\":\"2024-10-07T16:00:27+00:00\",\"breadcrumb\":{\"@id\":\"https:\\\/\\\/www.cambe.pr.gov.br\\\/index.php\\\/saude-divulga-novas-datas-de-aplicacao-da-segunda-dose-e-da-dose-de-reforco-da-vacina\\\/#breadcrumb\"},\"inLanguage\":\"pt-BR\",\"potentialAction\":[{\"@type\":\"ReadAction\",\"target\":[\"https:\\\/\\\/www.cambe.pr.gov.br\\\/index.php\\\/saude-divulga-novas-datas-de-aplicacao-da-segunda-dose-e-da-dose-de-reforco-da-vacina\\\/\"]}]},{\"@type\":\"ImageObject\",\"inLanguage\":\"pt-BR\",\"@id\":\"https:\\\/\\\/www.cambe.pr.gov.br\\\/index.php\\\/saude-divulga-novas-datas-de-aplicacao-da-segunda-dose-e-da-dose-de-reforco-da-vacina\\\/#primaryimage\",\"url\":\"http:\\\/\\\/www.cambe.pr.gov.br\\\/wp-content\\\/uploads\\\/2021\\\/08\\\/vacina-covid-cambe-e1628193711355-300x200.jpeg\",\"contentUrl\":\"http:\\\/\\\/www.cambe.pr.gov.br\\\/wp-content\\\/uploads\\\/2021\\\/08\\\/vacina-covid-cambe-e1628193711355-300x200.jpeg\"},{\"@type\":\"BreadcrumbList\",\"@id\":\"https:\\\/\\\/www.cambe.pr.gov.br\\\/index.php\\\/saude-divulga-novas-datas-de-aplicacao-da-segunda-dose-e-da-dose-de-reforco-da-vacina\\\/#breadcrumb\",\"itemListElement\":[{\"@type\":\"ListItem\",\"position\":1,\"name\":\"In\u00edcio\",\"item\":\"https:\\\/\\\/www.cambe.pr.gov.br\\\/\"},{\"@type\":\"ListItem\",\"position\":2,\"name\":\"Sa\u00fade divulga novas datas de aplica\u00e7\u00e3o da segunda dose e da dose de refor\u00e7o da vacina\"}]},{\"@type\":\"WebSite\",\"@id\":\"https:\\\/\\\/www.cambe.pr.gov.br\\\/#website\",\"url\":\"https:\\\/\\\/www.cambe.pr.gov.br\\\/\",\"name\":\"Prefeitura de Camb\u00e9\",\"description\":\"UM GOVERNO PARA TODOS\",\"publisher\":{\"@id\":\"https:\\\/\\\/www.cambe.pr.gov.br\\\/#organization\"},\"potentialAction\":[{\"@type\":\"SearchAction\",\"target\":{\"@type\":\"EntryPoint\",\"urlTemplate\":\"https:\\\/\\\/www.cambe.pr.gov.br\\\/?s={search_term_string}\"},\"query-input\":{\"@type\":\"PropertyValueSpecification\",\"valueRequired\":true,\"valueName\":\"search_term_string\"}}],\"inLanguage\":\"pt-BR\"},{\"@type\":\"Organization\",\"@id\":\"https:\\\/\\\/www.cambe.pr.gov.br\\\/#organization\",\"name\":\"Prefeitura de Camb\u00e9\",\"url\":\"https:\\\/\\\/www.cambe.pr.gov.br\\\/\",\"logo\":{\"@type\":\"ImageObject\",\"inLanguage\":\"pt-BR\",\"@id\":\"https:\\\/\\\/www.cambe.pr.gov.br\\\/#\\\/schema\\\/logo\\\/image\\\/\",\"url\":\"https:\\\/\\\/www.cambe.pr.gov.br\\\/wp-content\\\/uploads\\\/2021\\\/01\\\/cropped-cropped-cambe_brazao-icone.png\",\"contentUrl\":\"https:\\\/\\\/www.cambe.pr.gov.br\\\/wp-content\\\/uploads\\\/2021\\\/01\\\/cropped-cropped-cambe_brazao-icone.png\",\"width\":240,\"height\":240,\"caption\":\"Prefeitura de Camb\u00e9\"},\"image\":{\"@id\":\"https:\\\/\\\/www.cambe.pr.gov.br\\\/#\\\/schema\\\/logo\\\/image\\\/\"},\"sameAs\":[\"https:\\\/\\\/m.facebook.com\\\/prefeituradecambe\"]},{\"@type\":\"Person\",\"@id\":\"https:\\\/\\\/www.cambe.pr.gov.br\\\/#\\\/schema\\\/person\\\/e08f7c43a641b2ec036e4e867ec483e4\",\"name\":\"Thiago Mossini Balbino dos Santos\",\"image\":{\"@type\":\"ImageObject\",\"inLanguage\":\"pt-BR\",\"@id\":\"https:\\\/\\\/secure.gravatar.com\\\/avatar\\\/d957ed4e1bc3ebf5769d1003f9709cd2012ebf424eb4a5d76a933fee30e874b6?s=96&d=mm&r=g\",\"url\":\"https:\\\/\\\/secure.gravatar.com\\\/avatar\\\/d957ed4e1bc3ebf5769d1003f9709cd2012ebf424eb4a5d76a933fee30e874b6?s=96&d=mm&r=g\",\"contentUrl\":\"https:\\\/\\\/secure.gravatar.com\\\/avatar\\\/d957ed4e1bc3ebf5769d1003f9709cd2012ebf424eb4a5d76a933fee30e874b6?s=96&d=mm&r=g\",\"caption\":\"Thiago Mossini Balbino dos Santos\"},\"url\":\"https:\\\/\\\/www.cambe.pr.gov.br\\\/index.php\\\/author\\\/tmbsantos\\\/\"}]}<\/script>\n<!-- \/ Yoast SEO plugin. -->","yoast_head_json":{"title":"Sa\u00fade divulga novas datas de aplica\u00e7\u00e3o da segunda dose e da dose de refor\u00e7o da vacina - Prefeitura de Camb\u00e9","robots":{"index":"index","follow":"follow","max-snippet":"max-snippet:-1","max-image-preview":"max-image-preview:large","max-video-preview":"max-video-preview:-1"},"canonical":"https:\/\/www.cambe.pr.gov.br\/index.php\/saude-divulga-novas-datas-de-aplicacao-da-segunda-dose-e-da-dose-de-reforco-da-vacina\/","og_locale":"pt_BR","og_type":"article","og_title":"Sa\u00fade divulga novas datas de aplica\u00e7\u00e3o da segunda dose e da dose de refor\u00e7o da vacina - Prefeitura de Camb\u00e9","og_description":"A Prefeitura de Camb\u00e9, por meio da Secretaria de Sa\u00fade, divulgou novas datas de aplica\u00e7\u00e3o de segunda dose e da dose de refor\u00e7o da vacina da Covid-19 na cidade. Dose de refor\u00e7o Nesta ter\u00e7a-feira, dia 09 de novembro, a dose de refor\u00e7o vai estar dispon\u00edvel para os idosos com mais de 68 anos que receberam [&hellip;]","og_url":"https:\/\/www.cambe.pr.gov.br\/index.php\/saude-divulga-novas-datas-de-aplicacao-da-segunda-dose-e-da-dose-de-reforco-da-vacina\/","og_site_name":"Prefeitura de Camb\u00e9","article_publisher":"https:\/\/m.facebook.com\/prefeituradecambe","article_published_time":"2021-11-08T17:08:35+00:00","article_modified_time":"2024-10-07T16:00:27+00:00","og_image":[{"url":"http:\/\/www.cambe.pr.gov.br\/wp-content\/uploads\/2021\/08\/vacina-covid-cambe-e1628193711355-300x200.jpeg","type":"","width":"","height":""}],"author":"Thiago Mossini Balbino dos Santos","twitter_card":"summary_large_image","twitter_misc":{"Escrito por":"Thiago Mossini Balbino dos Santos","Est. tempo de leitura":"3 minutos"},"schema":{"@context":"https:\/\/schema.org","@graph":[{"@type":"Article","@id":"https:\/\/www.cambe.pr.gov.br\/index.php\/saude-divulga-novas-datas-de-aplicacao-da-segunda-dose-e-da-dose-de-reforco-da-vacina\/#article","isPartOf":{"@id":"https:\/\/www.cambe.pr.gov.br\/index.php\/saude-divulga-novas-datas-de-aplicacao-da-segunda-dose-e-da-dose-de-reforco-da-vacina\/"},"author":{"name":"Thiago Mossini Balbino dos Santos","@id":"https:\/\/www.cambe.pr.gov.br\/#\/schema\/person\/e08f7c43a641b2ec036e4e867ec483e4"},"headline":"Sa\u00fade divulga novas datas de aplica\u00e7\u00e3o da segunda dose e da dose de refor\u00e7o da vacina","datePublished":"2021-11-08T17:08:35+00:00","dateModified":"2024-10-07T16:00:27+00:00","mainEntityOfPage":{"@id":"https:\/\/www.cambe.pr.gov.br\/index.php\/saude-divulga-novas-datas-de-aplicacao-da-segunda-dose-e-da-dose-de-reforco-da-vacina\/"},"wordCount":577,"publisher":{"@id":"https:\/\/www.cambe.pr.gov.br\/#organization"},"image":{"@id":"https:\/\/www.cambe.pr.gov.br\/index.php\/saude-divulga-novas-datas-de-aplicacao-da-segunda-dose-e-da-dose-de-reforco-da-vacina\/#primaryimage"},"thumbnailUrl":"http:\/\/www.cambe.pr.gov.br\/wp-content\/uploads\/2021\/08\/vacina-covid-cambe-e1628193711355-300x200.jpeg","articleSection":["Principal"],"inLanguage":"pt-BR"},{"@type":"WebPage","@id":"https:\/\/www.cambe.pr.gov.br\/index.php\/saude-divulga-novas-datas-de-aplicacao-da-segunda-dose-e-da-dose-de-reforco-da-vacina\/","url":"https:\/\/www.cambe.pr.gov.br\/index.php\/saude-divulga-novas-datas-de-aplicacao-da-segunda-dose-e-da-dose-de-reforco-da-vacina\/","name":"Sa\u00fade divulga novas datas de aplica\u00e7\u00e3o da segunda dose e da dose de refor\u00e7o da vacina - Prefeitura de Camb\u00e9","isPartOf":{"@id":"https:\/\/www.cambe.pr.gov.br\/#website"},"primaryImageOfPage":{"@id":"https:\/\/www.cambe.pr.gov.br\/index.php\/saude-divulga-novas-datas-de-aplicacao-da-segunda-dose-e-da-dose-de-reforco-da-vacina\/#primaryimage"},"image":{"@id":"https:\/\/www.cambe.pr.gov.br\/index.php\/saude-divulga-novas-datas-de-aplicacao-da-segunda-dose-e-da-dose-de-reforco-da-vacina\/#primaryimage"},"thumbnailUrl":"http:\/\/www.cambe.pr.gov.br\/wp-content\/uploads\/2021\/08\/vacina-covid-cambe-e1628193711355-300x200.jpeg","datePublished":"2021-11-08T17:08:35+00:00","dateModified":"2024-10-07T16:00:27+00:00","breadcrumb":{"@id":"https:\/\/www.cambe.pr.gov.br\/index.php\/saude-divulga-novas-datas-de-aplicacao-da-segunda-dose-e-da-dose-de-reforco-da-vacina\/#breadcrumb"},"inLanguage":"pt-BR","potentialAction":[{"@type":"ReadAction","target":["https:\/\/www.cambe.pr.gov.br\/index.php\/saude-divulga-novas-datas-de-aplicacao-da-segunda-dose-e-da-dose-de-reforco-da-vacina\/"]}]},{"@type":"ImageObject","inLanguage":"pt-BR","@id":"https:\/\/www.cambe.pr.gov.br\/index.php\/saude-divulga-novas-datas-de-aplicacao-da-segunda-dose-e-da-dose-de-reforco-da-vacina\/#primaryimage","url":"http:\/\/www.cambe.pr.gov.br\/wp-content\/uploads\/2021\/08\/vacina-covid-cambe-e1628193711355-300x200.jpeg","contentUrl":"http:\/\/www.cambe.pr.gov.br\/wp-content\/uploads\/2021\/08\/vacina-covid-cambe-e1628193711355-300x200.jpeg"},{"@type":"BreadcrumbList","@id":"https:\/\/www.cambe.pr.gov.br\/index.php\/saude-divulga-novas-datas-de-aplicacao-da-segunda-dose-e-da-dose-de-reforco-da-vacina\/#breadcrumb","itemListElement":[{"@type":"ListItem","position":1,"name":"In\u00edcio","item":"https:\/\/www.cambe.pr.gov.br\/"},{"@type":"ListItem","position":2,"name":"Sa\u00fade divulga novas datas de aplica\u00e7\u00e3o da segunda dose e da dose de refor\u00e7o da vacina"}]},{"@type":"WebSite","@id":"https:\/\/www.cambe.pr.gov.br\/#website","url":"https:\/\/www.cambe.pr.gov.br\/","name":"Prefeitura de Camb\u00e9","description":"UM GOVERNO PARA TODOS","publisher":{"@id":"https:\/\/www.cambe.pr.gov.br\/#organization"},"potentialAction":[{"@type":"SearchAction","target":{"@type":"EntryPoint","urlTemplate":"https:\/\/www.cambe.pr.gov.br\/?s={search_term_string}"},"query-input":{"@type":"PropertyValueSpecification","valueRequired":true,"valueName":"search_term_string"}}],"inLanguage":"pt-BR"},{"@type":"Organization","@id":"https:\/\/www.cambe.pr.gov.br\/#organization","name":"Prefeitura de Camb\u00e9","url":"https:\/\/www.cambe.pr.gov.br\/","logo":{"@type":"ImageObject","inLanguage":"pt-BR","@id":"https:\/\/www.cambe.pr.gov.br\/#\/schema\/logo\/image\/","url":"https:\/\/www.cambe.pr.gov.br\/wp-content\/uploads\/2021\/01\/cropped-cropped-cambe_brazao-icone.png","contentUrl":"https:\/\/www.cambe.pr.gov.br\/wp-content\/uploads\/2021\/01\/cropped-cropped-cambe_brazao-icone.png","width":240,"height":240,"caption":"Prefeitura de Camb\u00e9"},"image":{"@id":"https:\/\/www.cambe.pr.gov.br\/#\/schema\/logo\/image\/"},"sameAs":["https:\/\/m.facebook.com\/prefeituradecambe"]},{"@type":"Person","@id":"https:\/\/www.cambe.pr.gov.br\/#\/schema\/person\/e08f7c43a641b2ec036e4e867ec483e4","name":"Thiago Mossini Balbino dos Santos","image":{"@type":"ImageObject","inLanguage":"pt-BR","@id":"https:\/\/secure.gravatar.com\/avatar\/d957ed4e1bc3ebf5769d1003f9709cd2012ebf424eb4a5d76a933fee30e874b6?s=96&d=mm&r=g","url":"https:\/\/secure.gravatar.com\/avatar\/d957ed4e1bc3ebf5769d1003f9709cd2012ebf424eb4a5d76a933fee30e874b6?s=96&d=mm&r=g","contentUrl":"https:\/\/secure.gravatar.com\/avatar\/d957ed4e1bc3ebf5769d1003f9709cd2012ebf424eb4a5d76a933fee30e874b6?s=96&d=mm&r=g","caption":"Thiago Mossini Balbino dos Santos"},"url":"https:\/\/www.cambe.pr.gov.br\/index.php\/author\/tmbsantos\/"}]}},"_links":{"self":[{"href":"https:\/\/www.cambe.pr.gov.br\/index.php\/wp-json\/wp\/v2\/posts\/4006","targetHints":{"allow":["GET"]}}],"collection":[{"href":"https:\/\/www.cambe.pr.gov.br\/index.php\/wp-json\/wp\/v2\/posts"}],"about":[{"href":"https:\/\/www.cambe.pr.gov.br\/index.php\/wp-json\/wp\/v2\/types\/post"}],"author":[{"embeddable":true,"href":"https:\/\/www.cambe.pr.gov.br\/index.php\/wp-json\/wp\/v2\/users\/2"}],"replies":[{"embeddable":true,"href":"https:\/\/www.cambe.pr.gov.br\/index.php\/wp-json\/wp\/v2\/comments?post=4006"}],"version-history":[{"count":2,"href":"https:\/\/www.cambe.pr.gov.br\/index.php\/wp-json\/wp\/v2\/posts\/4006\/revisions"}],"predecessor-version":[{"id":4008,"href":"https:\/\/www.cambe.pr.gov.br\/index.php\/wp-json\/wp\/v2\/posts\/4006\/revisions\/4008"}],"wp:attachment":[{"href":"https:\/\/www.cambe.pr.gov.br\/index.php\/wp-json\/wp\/v2\/media?parent=4006"}],"wp:term":[{"taxonomy":"category","embeddable":true,"href":"https:\/\/www.cambe.pr.gov.br\/index.php\/wp-json\/wp\/v2\/categories?post=4006"},{"taxonomy":"post_tag","embeddable":true,"href":"https:\/\/www.cambe.pr.gov.br\/index.php\/wp-json\/wp\/v2\/tags?post=4006"}],"curies":[{"name":"wp","href":"https:\/\/api.w.org\/{rel}","templated":true}]}}