{"id":3989,"date":"2021-11-05T10:46:33","date_gmt":"2021-11-05T13:46:33","guid":{"rendered":"http:\/\/www.cambe.pr.gov.br\/?p=3989"},"modified":"2024-10-07T13:00:27","modified_gmt":"2024-10-07T16:00:27","slug":"cambe-ja-revitalizou-mais-de-228-mil-m2-de-vias-de-janeiro-a-setembro-de-2021","status":"publish","type":"post","link":"https:\/\/www.cambe.pr.gov.br\/index.php\/cambe-ja-revitalizou-mais-de-228-mil-m2-de-vias-de-janeiro-a-setembro-de-2021\/","title":{"rendered":"Camb\u00e9 j\u00e1 revitalizou mais de 228 mil m\u00b2 de vias de janeiro a setembro de 2021"},"content":{"rendered":"<p style=\"text-align: justify;\"><span style=\"font-family: arial, helvetica, sans-serif;\"><img fetchpriority=\"high\" decoding=\"async\" class=\"alignleft wp-image-3990 size-medium\" src=\"https:\/\/www.cambe.pr.gov.br\/wp-content\/uploads\/2021\/11\/PAVIMENTACAO-31-08-21-300x200.png\" alt=\"\" width=\"300\" height=\"200\" srcset=\"https:\/\/www.cambe.pr.gov.br\/wp-content\/uploads\/2021\/11\/PAVIMENTACAO-31-08-21-300x200.png 300w, https:\/\/www.cambe.pr.gov.br\/wp-content\/uploads\/2021\/11\/PAVIMENTACAO-31-08-21-1024x682.png 1024w, https:\/\/www.cambe.pr.gov.br\/wp-content\/uploads\/2021\/11\/PAVIMENTACAO-31-08-21-768x512.png 768w, https:\/\/www.cambe.pr.gov.br\/wp-content\/uploads\/2021\/11\/PAVIMENTACAO-31-08-21-1536x1024.png 1536w, https:\/\/www.cambe.pr.gov.br\/wp-content\/uploads\/2021\/11\/PAVIMENTACAO-31-08-21.png 1772w\" sizes=\"(max-width: 300px) 100vw, 300px\" \/>A Prefeitura de Camb\u00e9, atrav\u00e9s da Secretaria de Obras e da Companhia de Desenvolvimento de Camb\u00e9 (Comdec), j\u00e1 realizou 228.167,41 mil m\u00b2 de recapeamento em micro-revestimento nas vias da cidade, de janeiro at\u00e9 setembro de 2021. Segundo informa\u00e7\u00f5es da Secretaria de Obras, esse material \u00e9 utilizado em vias de tr\u00e1fego mais leve e que est\u00e3o com a base em boas condi\u00e7\u00f5es. Neste m\u00eas de outubro, as vias do Jardim Imperatriz, do Jardim Cidade Verde e do Jardim S\u00e3o Jo\u00e3o foram recapeadas com o micro-revestimento, totalizando mais de 24 mil m\u00b2 de vias, que v\u00e3o entrar no pr\u00f3ximo balan\u00e7o feito pela Comdec.<\/span><\/p>\n<p style=\"text-align: justify;\"><span style=\"font-family: arial, helvetica, sans-serif;\">De janeiro at\u00e9 setembro deste ano tamb\u00e9m foram feitos 5.892,05 m\u00b2 de recapeamento asf\u00e1ltico em CBUQ (Concreto Betuminoso Usinado a Quente), mais conhecido como tapa buraco. Esse material \u00e9 utilizado em vias de tr\u00e1fego mais pesado, como avenidas, ou que apresentam imperfei\u00e7\u00f5es. Segundo Manoel C\u00edcero dos Santos, secret\u00e1rio de Obras do munic\u00edpio, essas melhorias garantem uma vida \u00fatil maior \u00e0s vias. \u201cAl\u00e9m disso, melhoram o tr\u00e1fego, pois eram locais que j\u00e1 necessitavam de manuten\u00e7\u00e3o\u201d, ressalta. Algumas das vias que foram recapeadas em CBUQ em outubro s\u00e3o as do centro da cidade e do Jardim Novo Bandeirantes.<\/span><\/p>\n<p style=\"text-align: justify;\"><span style=\"font-family: arial, helvetica, sans-serif;\">Tamb\u00e9m foram feitos mais de 7.500 m\u00b2 de recapeamento com o Tratamento Triplo Superficial e em Recomposi\u00e7\u00e3o de Base para Pavimenta\u00e7\u00e3o, totalizando 241.582,51 m\u00b2 de recapeamento asf\u00e1ltico de janeiro a setembro de 2021, no maior programa de recupera\u00e7\u00e3o de vias que a cidade j\u00e1 teve. Junto ao trabalho de recapeamento, tamb\u00e9m \u00e9 feito a sinaliza\u00e7\u00e3o vi\u00e1ria horizontal. At\u00e9 setembro, mais de 15 mil m\u00b2 de pinturas de faixa j\u00e1 tinham sido feitos, principalmente nas vias que foram recapeadas.<\/span><\/p>\n<p style=\"text-align: justify;\"><span style=\"font-family: arial, helvetica, sans-serif;\">M\u00e1rio Vander Martins, diretor da Comdec, destaca que as vias com mais problemas s\u00e3o a prioridade. \u201cN\u00f3s sempre optamos por revitalizar primeiro as vias que est\u00e3o mais necessitadas, evitando o risco de acidentes. Al\u00e9m disso, n\u00f3s fazemos a regionaliza\u00e7\u00e3o das ruas, ou seja, se vamos para um bairro, j\u00e1 recapeamos todas as vias que precisam naquela regi\u00e3o\u201d, detalha. Segundo ele, as avenidas e as ruas mais movimentadas tamb\u00e9m s\u00e3o priorizadas.<\/span><\/p>\n<p style=\"text-align: justify;\"><span style=\"font-family: arial, helvetica, sans-serif;\">Martins explica que com a \u00faltima forte chuva que aconteceu em outubro, foi feita uma opera\u00e7\u00e3o emergencial de tapa buracos. \u201cN\u00f3s sa\u00edmos para atender todas essas vias, mas felizmente n\u00e3o tivemos preju\u00edzos t\u00e3o grandes\u201d, salienta. Ainda segundo ele, a popula\u00e7\u00e3o pode solicitar reparos em vias: \u201cn\u00f3s recebemos o pedido, \u00e9 feita uma vistoria e ap\u00f3s isso, dentro das nossas possibilidades, fazemos os reparos necess\u00e1rios\u201d.<\/span><\/p>\n<p style=\"text-align: justify;\"><span style=\"font-family: arial, helvetica, sans-serif;\">Para outras informa\u00e7\u00f5es ou para solicitar o servi\u00e7o da Secretaria de Obras ou da Companhia de Desenvolvimento de Camb\u00e9, os telefones para contato s\u00e3o: 3174-2800; 3174-2821; 3174-2822; e o 3154-4646.<\/span><\/p>\n","protected":false},"excerpt":{"rendered":"<p>A Prefeitura de Camb\u00e9, atrav\u00e9s da Secretaria de Obras e da Companhia de Desenvolvimento de Camb\u00e9 (Comdec), j\u00e1 realizou 228.167,41 mil m\u00b2 de recapeamento em micro-revestimento nas vias da cidade, de janeiro at\u00e9 setembro de 2021. Segundo informa\u00e7\u00f5es da Secretaria de Obras, esse material \u00e9 utilizado em vias de tr\u00e1fego mais leve e que est\u00e3o [&hellip;]<\/p>\n","protected":false},"author":2,"featured_media":0,"comment_status":"closed","ping_status":"open","sticky":false,"template":"","format":"standard","meta":{"ngg_post_thumbnail":0,"footnotes":""},"categories":[1],"tags":[],"class_list":["post-3989","post","type-post","status-publish","format-standard","hentry","category-principal"],"yoast_head":"<!-- This site is optimized with the Yoast SEO plugin v27.4 - https:\/\/yoast.com\/product\/yoast-seo-wordpress\/ -->\n<title>Camb\u00e9 j\u00e1 revitalizou mais de 228 mil m\u00b2 de vias de janeiro a setembro de 2021 - Prefeitura de Camb\u00e9<\/title>\n<meta name=\"robots\" content=\"index, follow, max-snippet:-1, max-image-preview:large, max-video-preview:-1\" \/>\n<link rel=\"canonical\" href=\"https:\/\/www.cambe.pr.gov.br\/index.php\/cambe-ja-revitalizou-mais-de-228-mil-m2-de-vias-de-janeiro-a-setembro-de-2021\/\" \/>\n<meta property=\"og:locale\" content=\"pt_BR\" \/>\n<meta property=\"og:type\" content=\"article\" \/>\n<meta property=\"og:title\" content=\"Camb\u00e9 j\u00e1 revitalizou mais de 228 mil m\u00b2 de vias de janeiro a setembro de 2021 - Prefeitura de Camb\u00e9\" \/>\n<meta property=\"og:description\" content=\"A Prefeitura de Camb\u00e9, atrav\u00e9s da Secretaria de Obras e da Companhia de Desenvolvimento de Camb\u00e9 (Comdec), j\u00e1 realizou 228.167,41 mil m\u00b2 de recapeamento em micro-revestimento nas vias da cidade, de janeiro at\u00e9 setembro de 2021. Segundo informa\u00e7\u00f5es da Secretaria de Obras, esse material \u00e9 utilizado em vias de tr\u00e1fego mais leve e que est\u00e3o [&hellip;]\" \/>\n<meta property=\"og:url\" content=\"https:\/\/www.cambe.pr.gov.br\/index.php\/cambe-ja-revitalizou-mais-de-228-mil-m2-de-vias-de-janeiro-a-setembro-de-2021\/\" \/>\n<meta property=\"og:site_name\" content=\"Prefeitura de Camb\u00e9\" \/>\n<meta property=\"article:publisher\" content=\"https:\/\/m.facebook.com\/prefeituradecambe\" \/>\n<meta property=\"article:published_time\" content=\"2021-11-05T13:46:33+00:00\" \/>\n<meta property=\"article:modified_time\" content=\"2024-10-07T16:00:27+00:00\" \/>\n<meta property=\"og:image\" content=\"http:\/\/www.cambe.pr.gov.br\/wp-content\/uploads\/2021\/11\/PAVIMENTACAO-31-08-21-300x200.png\" \/>\n<meta name=\"author\" content=\"Thiago Mossini Balbino dos Santos\" \/>\n<meta name=\"twitter:card\" content=\"summary_large_image\" \/>\n<meta name=\"twitter:label1\" content=\"Escrito por\" \/>\n\t<meta name=\"twitter:data1\" content=\"Thiago Mossini Balbino dos Santos\" \/>\n\t<meta name=\"twitter:label2\" content=\"Est. tempo de leitura\" \/>\n\t<meta name=\"twitter:data2\" content=\"2 minutos\" \/>\n<script type=\"application\/ld+json\" class=\"yoast-schema-graph\">{\"@context\":\"https:\\\/\\\/schema.org\",\"@graph\":[{\"@type\":\"Article\",\"@id\":\"https:\\\/\\\/www.cambe.pr.gov.br\\\/index.php\\\/cambe-ja-revitalizou-mais-de-228-mil-m2-de-vias-de-janeiro-a-setembro-de-2021\\\/#article\",\"isPartOf\":{\"@id\":\"https:\\\/\\\/www.cambe.pr.gov.br\\\/index.php\\\/cambe-ja-revitalizou-mais-de-228-mil-m2-de-vias-de-janeiro-a-setembro-de-2021\\\/\"},\"author\":{\"name\":\"Thiago Mossini Balbino dos Santos\",\"@id\":\"https:\\\/\\\/www.cambe.pr.gov.br\\\/#\\\/schema\\\/person\\\/e08f7c43a641b2ec036e4e867ec483e4\"},\"headline\":\"Camb\u00e9 j\u00e1 revitalizou mais de 228 mil m\u00b2 de vias de janeiro a setembro de 2021\",\"datePublished\":\"2021-11-05T13:46:33+00:00\",\"dateModified\":\"2024-10-07T16:00:27+00:00\",\"mainEntityOfPage\":{\"@id\":\"https:\\\/\\\/www.cambe.pr.gov.br\\\/index.php\\\/cambe-ja-revitalizou-mais-de-228-mil-m2-de-vias-de-janeiro-a-setembro-de-2021\\\/\"},\"wordCount\":494,\"publisher\":{\"@id\":\"https:\\\/\\\/www.cambe.pr.gov.br\\\/#organization\"},\"image\":{\"@id\":\"https:\\\/\\\/www.cambe.pr.gov.br\\\/index.php\\\/cambe-ja-revitalizou-mais-de-228-mil-m2-de-vias-de-janeiro-a-setembro-de-2021\\\/#primaryimage\"},\"thumbnailUrl\":\"http:\\\/\\\/www.cambe.pr.gov.br\\\/wp-content\\\/uploads\\\/2021\\\/11\\\/PAVIMENTACAO-31-08-21-300x200.png\",\"articleSection\":[\"Principal\"],\"inLanguage\":\"pt-BR\"},{\"@type\":\"WebPage\",\"@id\":\"https:\\\/\\\/www.cambe.pr.gov.br\\\/index.php\\\/cambe-ja-revitalizou-mais-de-228-mil-m2-de-vias-de-janeiro-a-setembro-de-2021\\\/\",\"url\":\"https:\\\/\\\/www.cambe.pr.gov.br\\\/index.php\\\/cambe-ja-revitalizou-mais-de-228-mil-m2-de-vias-de-janeiro-a-setembro-de-2021\\\/\",\"name\":\"Camb\u00e9 j\u00e1 revitalizou mais de 228 mil m\u00b2 de vias de janeiro a setembro de 2021 - Prefeitura de Camb\u00e9\",\"isPartOf\":{\"@id\":\"https:\\\/\\\/www.cambe.pr.gov.br\\\/#website\"},\"primaryImageOfPage\":{\"@id\":\"https:\\\/\\\/www.cambe.pr.gov.br\\\/index.php\\\/cambe-ja-revitalizou-mais-de-228-mil-m2-de-vias-de-janeiro-a-setembro-de-2021\\\/#primaryimage\"},\"image\":{\"@id\":\"https:\\\/\\\/www.cambe.pr.gov.br\\\/index.php\\\/cambe-ja-revitalizou-mais-de-228-mil-m2-de-vias-de-janeiro-a-setembro-de-2021\\\/#primaryimage\"},\"thumbnailUrl\":\"http:\\\/\\\/www.cambe.pr.gov.br\\\/wp-content\\\/uploads\\\/2021\\\/11\\\/PAVIMENTACAO-31-08-21-300x200.png\",\"datePublished\":\"2021-11-05T13:46:33+00:00\",\"dateModified\":\"2024-10-07T16:00:27+00:00\",\"breadcrumb\":{\"@id\":\"https:\\\/\\\/www.cambe.pr.gov.br\\\/index.php\\\/cambe-ja-revitalizou-mais-de-228-mil-m2-de-vias-de-janeiro-a-setembro-de-2021\\\/#breadcrumb\"},\"inLanguage\":\"pt-BR\",\"potentialAction\":[{\"@type\":\"ReadAction\",\"target\":[\"https:\\\/\\\/www.cambe.pr.gov.br\\\/index.php\\\/cambe-ja-revitalizou-mais-de-228-mil-m2-de-vias-de-janeiro-a-setembro-de-2021\\\/\"]}]},{\"@type\":\"ImageObject\",\"inLanguage\":\"pt-BR\",\"@id\":\"https:\\\/\\\/www.cambe.pr.gov.br\\\/index.php\\\/cambe-ja-revitalizou-mais-de-228-mil-m2-de-vias-de-janeiro-a-setembro-de-2021\\\/#primaryimage\",\"url\":\"http:\\\/\\\/www.cambe.pr.gov.br\\\/wp-content\\\/uploads\\\/2021\\\/11\\\/PAVIMENTACAO-31-08-21-300x200.png\",\"contentUrl\":\"http:\\\/\\\/www.cambe.pr.gov.br\\\/wp-content\\\/uploads\\\/2021\\\/11\\\/PAVIMENTACAO-31-08-21-300x200.png\"},{\"@type\":\"BreadcrumbList\",\"@id\":\"https:\\\/\\\/www.cambe.pr.gov.br\\\/index.php\\\/cambe-ja-revitalizou-mais-de-228-mil-m2-de-vias-de-janeiro-a-setembro-de-2021\\\/#breadcrumb\",\"itemListElement\":[{\"@type\":\"ListItem\",\"position\":1,\"name\":\"In\u00edcio\",\"item\":\"https:\\\/\\\/www.cambe.pr.gov.br\\\/\"},{\"@type\":\"ListItem\",\"position\":2,\"name\":\"Camb\u00e9 j\u00e1 revitalizou mais de 228 mil m\u00b2 de vias de janeiro a setembro de 2021\"}]},{\"@type\":\"WebSite\",\"@id\":\"https:\\\/\\\/www.cambe.pr.gov.br\\\/#website\",\"url\":\"https:\\\/\\\/www.cambe.pr.gov.br\\\/\",\"name\":\"Prefeitura de Camb\u00e9\",\"description\":\"UM GOVERNO PARA TODOS\",\"publisher\":{\"@id\":\"https:\\\/\\\/www.cambe.pr.gov.br\\\/#organization\"},\"potentialAction\":[{\"@type\":\"SearchAction\",\"target\":{\"@type\":\"EntryPoint\",\"urlTemplate\":\"https:\\\/\\\/www.cambe.pr.gov.br\\\/?s={search_term_string}\"},\"query-input\":{\"@type\":\"PropertyValueSpecification\",\"valueRequired\":true,\"valueName\":\"search_term_string\"}}],\"inLanguage\":\"pt-BR\"},{\"@type\":\"Organization\",\"@id\":\"https:\\\/\\\/www.cambe.pr.gov.br\\\/#organization\",\"name\":\"Prefeitura de Camb\u00e9\",\"url\":\"https:\\\/\\\/www.cambe.pr.gov.br\\\/\",\"logo\":{\"@type\":\"ImageObject\",\"inLanguage\":\"pt-BR\",\"@id\":\"https:\\\/\\\/www.cambe.pr.gov.br\\\/#\\\/schema\\\/logo\\\/image\\\/\",\"url\":\"https:\\\/\\\/www.cambe.pr.gov.br\\\/wp-content\\\/uploads\\\/2021\\\/01\\\/cropped-cropped-cambe_brazao-icone.png\",\"contentUrl\":\"https:\\\/\\\/www.cambe.pr.gov.br\\\/wp-content\\\/uploads\\\/2021\\\/01\\\/cropped-cropped-cambe_brazao-icone.png\",\"width\":240,\"height\":240,\"caption\":\"Prefeitura de Camb\u00e9\"},\"image\":{\"@id\":\"https:\\\/\\\/www.cambe.pr.gov.br\\\/#\\\/schema\\\/logo\\\/image\\\/\"},\"sameAs\":[\"https:\\\/\\\/m.facebook.com\\\/prefeituradecambe\"]},{\"@type\":\"Person\",\"@id\":\"https:\\\/\\\/www.cambe.pr.gov.br\\\/#\\\/schema\\\/person\\\/e08f7c43a641b2ec036e4e867ec483e4\",\"name\":\"Thiago Mossini Balbino dos Santos\",\"image\":{\"@type\":\"ImageObject\",\"inLanguage\":\"pt-BR\",\"@id\":\"https:\\\/\\\/secure.gravatar.com\\\/avatar\\\/d957ed4e1bc3ebf5769d1003f9709cd2012ebf424eb4a5d76a933fee30e874b6?s=96&d=mm&r=g\",\"url\":\"https:\\\/\\\/secure.gravatar.com\\\/avatar\\\/d957ed4e1bc3ebf5769d1003f9709cd2012ebf424eb4a5d76a933fee30e874b6?s=96&d=mm&r=g\",\"contentUrl\":\"https:\\\/\\\/secure.gravatar.com\\\/avatar\\\/d957ed4e1bc3ebf5769d1003f9709cd2012ebf424eb4a5d76a933fee30e874b6?s=96&d=mm&r=g\",\"caption\":\"Thiago Mossini Balbino dos Santos\"},\"url\":\"https:\\\/\\\/www.cambe.pr.gov.br\\\/index.php\\\/author\\\/tmbsantos\\\/\"}]}<\/script>\n<!-- \/ Yoast SEO plugin. -->","yoast_head_json":{"title":"Camb\u00e9 j\u00e1 revitalizou mais de 228 mil m\u00b2 de vias de janeiro a setembro de 2021 - Prefeitura de Camb\u00e9","robots":{"index":"index","follow":"follow","max-snippet":"max-snippet:-1","max-image-preview":"max-image-preview:large","max-video-preview":"max-video-preview:-1"},"canonical":"https:\/\/www.cambe.pr.gov.br\/index.php\/cambe-ja-revitalizou-mais-de-228-mil-m2-de-vias-de-janeiro-a-setembro-de-2021\/","og_locale":"pt_BR","og_type":"article","og_title":"Camb\u00e9 j\u00e1 revitalizou mais de 228 mil m\u00b2 de vias de janeiro a setembro de 2021 - Prefeitura de Camb\u00e9","og_description":"A Prefeitura de Camb\u00e9, atrav\u00e9s da Secretaria de Obras e da Companhia de Desenvolvimento de Camb\u00e9 (Comdec), j\u00e1 realizou 228.167,41 mil m\u00b2 de recapeamento em micro-revestimento nas vias da cidade, de janeiro at\u00e9 setembro de 2021. Segundo informa\u00e7\u00f5es da Secretaria de Obras, esse material \u00e9 utilizado em vias de tr\u00e1fego mais leve e que est\u00e3o [&hellip;]","og_url":"https:\/\/www.cambe.pr.gov.br\/index.php\/cambe-ja-revitalizou-mais-de-228-mil-m2-de-vias-de-janeiro-a-setembro-de-2021\/","og_site_name":"Prefeitura de Camb\u00e9","article_publisher":"https:\/\/m.facebook.com\/prefeituradecambe","article_published_time":"2021-11-05T13:46:33+00:00","article_modified_time":"2024-10-07T16:00:27+00:00","og_image":[{"url":"http:\/\/www.cambe.pr.gov.br\/wp-content\/uploads\/2021\/11\/PAVIMENTACAO-31-08-21-300x200.png","type":"","width":"","height":""}],"author":"Thiago Mossini Balbino dos Santos","twitter_card":"summary_large_image","twitter_misc":{"Escrito por":"Thiago Mossini Balbino dos Santos","Est. tempo de leitura":"2 minutos"},"schema":{"@context":"https:\/\/schema.org","@graph":[{"@type":"Article","@id":"https:\/\/www.cambe.pr.gov.br\/index.php\/cambe-ja-revitalizou-mais-de-228-mil-m2-de-vias-de-janeiro-a-setembro-de-2021\/#article","isPartOf":{"@id":"https:\/\/www.cambe.pr.gov.br\/index.php\/cambe-ja-revitalizou-mais-de-228-mil-m2-de-vias-de-janeiro-a-setembro-de-2021\/"},"author":{"name":"Thiago Mossini Balbino dos Santos","@id":"https:\/\/www.cambe.pr.gov.br\/#\/schema\/person\/e08f7c43a641b2ec036e4e867ec483e4"},"headline":"Camb\u00e9 j\u00e1 revitalizou mais de 228 mil m\u00b2 de vias de janeiro a setembro de 2021","datePublished":"2021-11-05T13:46:33+00:00","dateModified":"2024-10-07T16:00:27+00:00","mainEntityOfPage":{"@id":"https:\/\/www.cambe.pr.gov.br\/index.php\/cambe-ja-revitalizou-mais-de-228-mil-m2-de-vias-de-janeiro-a-setembro-de-2021\/"},"wordCount":494,"publisher":{"@id":"https:\/\/www.cambe.pr.gov.br\/#organization"},"image":{"@id":"https:\/\/www.cambe.pr.gov.br\/index.php\/cambe-ja-revitalizou-mais-de-228-mil-m2-de-vias-de-janeiro-a-setembro-de-2021\/#primaryimage"},"thumbnailUrl":"http:\/\/www.cambe.pr.gov.br\/wp-content\/uploads\/2021\/11\/PAVIMENTACAO-31-08-21-300x200.png","articleSection":["Principal"],"inLanguage":"pt-BR"},{"@type":"WebPage","@id":"https:\/\/www.cambe.pr.gov.br\/index.php\/cambe-ja-revitalizou-mais-de-228-mil-m2-de-vias-de-janeiro-a-setembro-de-2021\/","url":"https:\/\/www.cambe.pr.gov.br\/index.php\/cambe-ja-revitalizou-mais-de-228-mil-m2-de-vias-de-janeiro-a-setembro-de-2021\/","name":"Camb\u00e9 j\u00e1 revitalizou mais de 228 mil m\u00b2 de vias de janeiro a setembro de 2021 - Prefeitura de Camb\u00e9","isPartOf":{"@id":"https:\/\/www.cambe.pr.gov.br\/#website"},"primaryImageOfPage":{"@id":"https:\/\/www.cambe.pr.gov.br\/index.php\/cambe-ja-revitalizou-mais-de-228-mil-m2-de-vias-de-janeiro-a-setembro-de-2021\/#primaryimage"},"image":{"@id":"https:\/\/www.cambe.pr.gov.br\/index.php\/cambe-ja-revitalizou-mais-de-228-mil-m2-de-vias-de-janeiro-a-setembro-de-2021\/#primaryimage"},"thumbnailUrl":"http:\/\/www.cambe.pr.gov.br\/wp-content\/uploads\/2021\/11\/PAVIMENTACAO-31-08-21-300x200.png","datePublished":"2021-11-05T13:46:33+00:00","dateModified":"2024-10-07T16:00:27+00:00","breadcrumb":{"@id":"https:\/\/www.cambe.pr.gov.br\/index.php\/cambe-ja-revitalizou-mais-de-228-mil-m2-de-vias-de-janeiro-a-setembro-de-2021\/#breadcrumb"},"inLanguage":"pt-BR","potentialAction":[{"@type":"ReadAction","target":["https:\/\/www.cambe.pr.gov.br\/index.php\/cambe-ja-revitalizou-mais-de-228-mil-m2-de-vias-de-janeiro-a-setembro-de-2021\/"]}]},{"@type":"ImageObject","inLanguage":"pt-BR","@id":"https:\/\/www.cambe.pr.gov.br\/index.php\/cambe-ja-revitalizou-mais-de-228-mil-m2-de-vias-de-janeiro-a-setembro-de-2021\/#primaryimage","url":"http:\/\/www.cambe.pr.gov.br\/wp-content\/uploads\/2021\/11\/PAVIMENTACAO-31-08-21-300x200.png","contentUrl":"http:\/\/www.cambe.pr.gov.br\/wp-content\/uploads\/2021\/11\/PAVIMENTACAO-31-08-21-300x200.png"},{"@type":"BreadcrumbList","@id":"https:\/\/www.cambe.pr.gov.br\/index.php\/cambe-ja-revitalizou-mais-de-228-mil-m2-de-vias-de-janeiro-a-setembro-de-2021\/#breadcrumb","itemListElement":[{"@type":"ListItem","position":1,"name":"In\u00edcio","item":"https:\/\/www.cambe.pr.gov.br\/"},{"@type":"ListItem","position":2,"name":"Camb\u00e9 j\u00e1 revitalizou mais de 228 mil m\u00b2 de vias de janeiro a setembro de 2021"}]},{"@type":"WebSite","@id":"https:\/\/www.cambe.pr.gov.br\/#website","url":"https:\/\/www.cambe.pr.gov.br\/","name":"Prefeitura de Camb\u00e9","description":"UM GOVERNO PARA TODOS","publisher":{"@id":"https:\/\/www.cambe.pr.gov.br\/#organization"},"potentialAction":[{"@type":"SearchAction","target":{"@type":"EntryPoint","urlTemplate":"https:\/\/www.cambe.pr.gov.br\/?s={search_term_string}"},"query-input":{"@type":"PropertyValueSpecification","valueRequired":true,"valueName":"search_term_string"}}],"inLanguage":"pt-BR"},{"@type":"Organization","@id":"https:\/\/www.cambe.pr.gov.br\/#organization","name":"Prefeitura de Camb\u00e9","url":"https:\/\/www.cambe.pr.gov.br\/","logo":{"@type":"ImageObject","inLanguage":"pt-BR","@id":"https:\/\/www.cambe.pr.gov.br\/#\/schema\/logo\/image\/","url":"https:\/\/www.cambe.pr.gov.br\/wp-content\/uploads\/2021\/01\/cropped-cropped-cambe_brazao-icone.png","contentUrl":"https:\/\/www.cambe.pr.gov.br\/wp-content\/uploads\/2021\/01\/cropped-cropped-cambe_brazao-icone.png","width":240,"height":240,"caption":"Prefeitura de Camb\u00e9"},"image":{"@id":"https:\/\/www.cambe.pr.gov.br\/#\/schema\/logo\/image\/"},"sameAs":["https:\/\/m.facebook.com\/prefeituradecambe"]},{"@type":"Person","@id":"https:\/\/www.cambe.pr.gov.br\/#\/schema\/person\/e08f7c43a641b2ec036e4e867ec483e4","name":"Thiago Mossini Balbino dos Santos","image":{"@type":"ImageObject","inLanguage":"pt-BR","@id":"https:\/\/secure.gravatar.com\/avatar\/d957ed4e1bc3ebf5769d1003f9709cd2012ebf424eb4a5d76a933fee30e874b6?s=96&d=mm&r=g","url":"https:\/\/secure.gravatar.com\/avatar\/d957ed4e1bc3ebf5769d1003f9709cd2012ebf424eb4a5d76a933fee30e874b6?s=96&d=mm&r=g","contentUrl":"https:\/\/secure.gravatar.com\/avatar\/d957ed4e1bc3ebf5769d1003f9709cd2012ebf424eb4a5d76a933fee30e874b6?s=96&d=mm&r=g","caption":"Thiago Mossini Balbino dos Santos"},"url":"https:\/\/www.cambe.pr.gov.br\/index.php\/author\/tmbsantos\/"}]}},"_links":{"self":[{"href":"https:\/\/www.cambe.pr.gov.br\/index.php\/wp-json\/wp\/v2\/posts\/3989","targetHints":{"allow":["GET"]}}],"collection":[{"href":"https:\/\/www.cambe.pr.gov.br\/index.php\/wp-json\/wp\/v2\/posts"}],"about":[{"href":"https:\/\/www.cambe.pr.gov.br\/index.php\/wp-json\/wp\/v2\/types\/post"}],"author":[{"embeddable":true,"href":"https:\/\/www.cambe.pr.gov.br\/index.php\/wp-json\/wp\/v2\/users\/2"}],"replies":[{"embeddable":true,"href":"https:\/\/www.cambe.pr.gov.br\/index.php\/wp-json\/wp\/v2\/comments?post=3989"}],"version-history":[{"count":3,"href":"https:\/\/www.cambe.pr.gov.br\/index.php\/wp-json\/wp\/v2\/posts\/3989\/revisions"}],"predecessor-version":[{"id":3994,"href":"https:\/\/www.cambe.pr.gov.br\/index.php\/wp-json\/wp\/v2\/posts\/3989\/revisions\/3994"}],"wp:attachment":[{"href":"https:\/\/www.cambe.pr.gov.br\/index.php\/wp-json\/wp\/v2\/media?parent=3989"}],"wp:term":[{"taxonomy":"category","embeddable":true,"href":"https:\/\/www.cambe.pr.gov.br\/index.php\/wp-json\/wp\/v2\/categories?post=3989"},{"taxonomy":"post_tag","embeddable":true,"href":"https:\/\/www.cambe.pr.gov.br\/index.php\/wp-json\/wp\/v2\/tags?post=3989"}],"curies":[{"name":"wp","href":"https:\/\/api.w.org\/{rel}","templated":true}]}}