{"id":3974,"date":"2021-11-03T17:11:46","date_gmt":"2021-11-03T20:11:46","guid":{"rendered":"http:\/\/www.cambe.pr.gov.br\/?p=3974"},"modified":"2024-10-07T13:00:27","modified_gmt":"2024-10-07T16:00:27","slug":"secretaria-de-saude-alerta-sobre-a-importancia-da-dose-de-reforco-contra-a-covid-19","status":"publish","type":"post","link":"https:\/\/www.cambe.pr.gov.br\/index.php\/secretaria-de-saude-alerta-sobre-a-importancia-da-dose-de-reforco-contra-a-covid-19\/","title":{"rendered":"Secretaria de Sa\u00fade alerta sobre a import\u00e2ncia da dose de refor\u00e7o contra a Covid-19"},"content":{"rendered":"<p style=\"text-align: justify;\"><span style=\"font-family: arial, helvetica, sans-serif;\"><img fetchpriority=\"high\" decoding=\"async\" class=\"alignleft wp-image-3779 size-medium\" src=\"https:\/\/www.cambe.pr.gov.br\/wp-content\/uploads\/2021\/10\/IMG_7236-300x200.jpg\" alt=\"\" width=\"300\" height=\"200\" srcset=\"https:\/\/www.cambe.pr.gov.br\/wp-content\/uploads\/2021\/10\/IMG_7236-300x200.jpg 300w, https:\/\/www.cambe.pr.gov.br\/wp-content\/uploads\/2021\/10\/IMG_7236-1024x683.jpg 1024w, https:\/\/www.cambe.pr.gov.br\/wp-content\/uploads\/2021\/10\/IMG_7236-768x512.jpg 768w, https:\/\/www.cambe.pr.gov.br\/wp-content\/uploads\/2021\/10\/IMG_7236-1536x1024.jpg 1536w, https:\/\/www.cambe.pr.gov.br\/wp-content\/uploads\/2021\/10\/IMG_7236-2048x1365.jpg 2048w\" sizes=\"(max-width: 300px) 100vw, 300px\" \/>A Prefeitura de Camb\u00e9, por meio da Secretaria de Sa\u00fade, aplica nesta quinta-feira, dia 4, a dose de refor\u00e7o em idosos com mais de 70 anos e que receberam a segunda dose da vacina at\u00e9 o dia 5 de maio. A expectativa \u00e9 de que os idosos compare\u00e7am em massa para a imuniza\u00e7\u00e3o, diferentemente do que tem acontecido com a dose de refor\u00e7o at\u00e9 agora. A Secretaria de Sa\u00fade alerta sobre a import\u00e2ncia desta dose de refor\u00e7o na luta contra a Covid-19. Camb\u00e9 tem apresentado um aumento proporcional de \u00f3bitos em idosos nos \u00faltimos meses, sendo que uma das poss\u00edveis raz\u00f5es para isso \u00e9 a queda natural na resposta imunol\u00f3gica meses ap\u00f3s a aplica\u00e7\u00e3o da segunda dose.<\/span><\/p>\n<p style=\"text-align: justify;\"><span style=\"font-family: arial, helvetica, sans-serif;\">Simone Lopes, enfermeira respons\u00e1vel pelo Departamento de Epidemiologia da Secretaria de Sa\u00fade, explica que a terceira dose \u00e9 essencial para garantir a imuniza\u00e7\u00e3o daqueles que receberam a segunda dose h\u00e1 pelo menos seis meses ou para pessoas com a imunidade comprometida. A aplica\u00e7\u00e3o da terceira dose na cidade come\u00e7ou no in\u00edcio de outubro para os idosos e segue aguardando o intervalo de tempo obrigat\u00f3rio e a chegada de novas doses para abranger mais grupos.<\/span><\/p>\n<p style=\"text-align: justify;\"><span style=\"font-family: arial, helvetica, sans-serif;\">Simone explica que a terceira dose deve ser aplicada seis meses ap\u00f3s a segunda dose para os idosos e para os profissionais da Sa\u00fade. J\u00e1 para quem \u00e9 imunossuprimido, como pessoas em tratamento de c\u00e2ncer ou transplantados, o intervalo \u00e9 de 28 dias ap\u00f3s a segunda dose, independente do laborat\u00f3rio da vacina. \u201cPor ser um grupo que pode sofrer interfer\u00eancias na resposta imune mais rapidamente que os demais\u201d, explica Simone. Segundo nota t\u00e9cnica do Minist\u00e9rio da Sa\u00fade (043\/2021), a dose de refor\u00e7o da vacina pode ter tecnologia diferente da que foi administrada nas primeiras doses, priorizando as vacinas da Pfizer (BioNTech) e da AstraZeneca (Fiocruz). Segundo a enfermeira, at\u00e9 o momento, todas as doses de refor\u00e7o aplicadas na cidade foram com o imunizante da Pfizer.<\/span><\/p>\n<p style=\"text-align: justify;\"><span style=\"font-family: arial, helvetica, sans-serif;\">Simone tamb\u00e9m explica que a ades\u00e3o de terceira dose na cidade est\u00e1 sendo 30% menor que a esperada. At\u00e9 o \u00faltimo boletim divulgado pela Sa\u00fade, no dia 26 de outubro, Camb\u00e9 j\u00e1 tinha aplicado 1.664 doses de refor\u00e7o, sendo 1.130 em idosos, 52 em imunossuprimidos e 482 em profissionais da linha de frente da Sa\u00fade. \u201cN\u00f3s recebemos liga\u00e7\u00f5es de pessoas que t\u00eam receio de realizar a vacina\u00e7\u00e3o da terceira dose. O que fazemos \u00e9 esclarecer que ela \u00e9 importante justamente por ser o complemento necess\u00e1rio para evitar que a imunidade contra a doen\u00e7a diminua\u201d, ressalta.<\/span><\/p>\n<p style=\"text-align: justify;\"><span style=\"font-family: arial, helvetica, sans-serif;\">A vacina\u00e7\u00e3o dos idosos da cidade come\u00e7ou no dia 20 de janeiro com os institucionalizados do Abrigo Padre Manoel Coelho com a aplica\u00e7\u00e3o da CoronaVac. Com o decorrer da vacina\u00e7\u00e3o desses idosos, a porcentagem dos \u00f3bitos de pessoas com mais de 60 anos caiu de 77,7% em mar\u00e7o para 43,4% em junho. Os dados apontam que a efic\u00e1cia da vacina fez com que o n\u00famero de \u00f3bitos dentro dessa popula\u00e7\u00e3o diminu\u00edsse em quase 35%. Por outro lado, no m\u00eas de agosto esse n\u00famero volta a subir e em outubro, 11 dos 15 \u00f3bitos foram de pessoas acima dos 60 anos, ou seja, 73,33%. <\/span><span style=\"font-family: arial, helvetica, sans-serif;\">Segundo Simone Lopes, essa queda mostra que a resposta imune pode cair naturalmente na popula\u00e7\u00e3o com mais idade, al\u00e9m de apontar tamb\u00e9m a import\u00e2ncia da terceira dose de refor\u00e7o. \u201cPa\u00edses que iniciaram a vacina\u00e7\u00e3o com os outros imunizantes tamb\u00e9m est\u00e3o indicando a dose de refor\u00e7o\u201d, salienta. Segundo ela, todas as pessoas destes grupos v\u00e3o receber a dose de refor\u00e7o, independente da vacina que tomaram.<\/span><\/p>\n<p style=\"text-align: justify;\"><span style=\"font-family: arial, helvetica, sans-serif;\">A aplica\u00e7\u00e3o da dose de refor\u00e7o est\u00e1 sendo feita exclusivamente nas Unidades B\u00e1sicas de Sa\u00fade da cidade, sendo elas: Ana Rosa; Camb\u00e9 2; Centro de Sa\u00fade; Cristal; Guarani; Novo Bandeirantes; Santo Amaro; S\u00e3o Paulo; e Silvino. \u201cA inten\u00e7\u00e3o foi facilitar, pois \u00e9 um local mais acess\u00edvel aos idosos\u201d, finaliza Simone Lopes.<\/span><\/p>\n","protected":false},"excerpt":{"rendered":"<p>A Prefeitura de Camb\u00e9, por meio da Secretaria de Sa\u00fade, aplica nesta quinta-feira, dia 4, a dose de refor\u00e7o em idosos com mais de 70 anos e que receberam a segunda dose da vacina at\u00e9 o dia 5 de maio. A expectativa \u00e9 de que os idosos compare\u00e7am em massa para a imuniza\u00e7\u00e3o, diferentemente do [&hellip;]<\/p>\n","protected":false},"author":2,"featured_media":0,"comment_status":"closed","ping_status":"open","sticky":false,"template":"","format":"standard","meta":{"ngg_post_thumbnail":0,"footnotes":""},"categories":[1],"tags":[],"class_list":["post-3974","post","type-post","status-publish","format-standard","hentry","category-principal"],"yoast_head":"<!-- This site is optimized with the Yoast SEO plugin v27.4 - https:\/\/yoast.com\/product\/yoast-seo-wordpress\/ -->\n<title>Secretaria de Sa\u00fade alerta sobre a import\u00e2ncia da dose de refor\u00e7o contra a Covid-19 - Prefeitura de Camb\u00e9<\/title>\n<meta name=\"robots\" content=\"index, follow, max-snippet:-1, max-image-preview:large, max-video-preview:-1\" \/>\n<link rel=\"canonical\" href=\"https:\/\/www.cambe.pr.gov.br\/index.php\/secretaria-de-saude-alerta-sobre-a-importancia-da-dose-de-reforco-contra-a-covid-19\/\" \/>\n<meta property=\"og:locale\" content=\"pt_BR\" \/>\n<meta property=\"og:type\" content=\"article\" \/>\n<meta property=\"og:title\" content=\"Secretaria de Sa\u00fade alerta sobre a import\u00e2ncia da dose de refor\u00e7o contra a Covid-19 - Prefeitura de Camb\u00e9\" \/>\n<meta property=\"og:description\" content=\"A Prefeitura de Camb\u00e9, por meio da Secretaria de Sa\u00fade, aplica nesta quinta-feira, dia 4, a dose de refor\u00e7o em idosos com mais de 70 anos e que receberam a segunda dose da vacina at\u00e9 o dia 5 de maio. A expectativa \u00e9 de que os idosos compare\u00e7am em massa para a imuniza\u00e7\u00e3o, diferentemente do [&hellip;]\" \/>\n<meta property=\"og:url\" content=\"https:\/\/www.cambe.pr.gov.br\/index.php\/secretaria-de-saude-alerta-sobre-a-importancia-da-dose-de-reforco-contra-a-covid-19\/\" \/>\n<meta property=\"og:site_name\" content=\"Prefeitura de Camb\u00e9\" \/>\n<meta property=\"article:publisher\" content=\"https:\/\/m.facebook.com\/prefeituradecambe\" \/>\n<meta property=\"article:published_time\" content=\"2021-11-03T20:11:46+00:00\" \/>\n<meta property=\"article:modified_time\" content=\"2024-10-07T16:00:27+00:00\" \/>\n<meta property=\"og:image\" content=\"http:\/\/www.cambe.pr.gov.br\/wp-content\/uploads\/2021\/10\/IMG_7236-300x200.jpg\" \/>\n<meta name=\"author\" content=\"Thiago Mossini Balbino dos Santos\" \/>\n<meta name=\"twitter:card\" content=\"summary_large_image\" \/>\n<meta name=\"twitter:label1\" content=\"Escrito por\" \/>\n\t<meta name=\"twitter:data1\" content=\"Thiago Mossini Balbino dos Santos\" \/>\n\t<meta name=\"twitter:label2\" content=\"Est. tempo de leitura\" \/>\n\t<meta name=\"twitter:data2\" content=\"3 minutos\" \/>\n<script type=\"application\/ld+json\" class=\"yoast-schema-graph\">{\"@context\":\"https:\\\/\\\/schema.org\",\"@graph\":[{\"@type\":\"Article\",\"@id\":\"https:\\\/\\\/www.cambe.pr.gov.br\\\/index.php\\\/secretaria-de-saude-alerta-sobre-a-importancia-da-dose-de-reforco-contra-a-covid-19\\\/#article\",\"isPartOf\":{\"@id\":\"https:\\\/\\\/www.cambe.pr.gov.br\\\/index.php\\\/secretaria-de-saude-alerta-sobre-a-importancia-da-dose-de-reforco-contra-a-covid-19\\\/\"},\"author\":{\"name\":\"Thiago Mossini Balbino dos Santos\",\"@id\":\"https:\\\/\\\/www.cambe.pr.gov.br\\\/#\\\/schema\\\/person\\\/e08f7c43a641b2ec036e4e867ec483e4\"},\"headline\":\"Secretaria de Sa\u00fade alerta sobre a import\u00e2ncia da dose de refor\u00e7o contra a Covid-19\",\"datePublished\":\"2021-11-03T20:11:46+00:00\",\"dateModified\":\"2024-10-07T16:00:27+00:00\",\"mainEntityOfPage\":{\"@id\":\"https:\\\/\\\/www.cambe.pr.gov.br\\\/index.php\\\/secretaria-de-saude-alerta-sobre-a-importancia-da-dose-de-reforco-contra-a-covid-19\\\/\"},\"wordCount\":690,\"publisher\":{\"@id\":\"https:\\\/\\\/www.cambe.pr.gov.br\\\/#organization\"},\"image\":{\"@id\":\"https:\\\/\\\/www.cambe.pr.gov.br\\\/index.php\\\/secretaria-de-saude-alerta-sobre-a-importancia-da-dose-de-reforco-contra-a-covid-19\\\/#primaryimage\"},\"thumbnailUrl\":\"http:\\\/\\\/www.cambe.pr.gov.br\\\/wp-content\\\/uploads\\\/2021\\\/10\\\/IMG_7236-300x200.jpg\",\"articleSection\":[\"Principal\"],\"inLanguage\":\"pt-BR\"},{\"@type\":\"WebPage\",\"@id\":\"https:\\\/\\\/www.cambe.pr.gov.br\\\/index.php\\\/secretaria-de-saude-alerta-sobre-a-importancia-da-dose-de-reforco-contra-a-covid-19\\\/\",\"url\":\"https:\\\/\\\/www.cambe.pr.gov.br\\\/index.php\\\/secretaria-de-saude-alerta-sobre-a-importancia-da-dose-de-reforco-contra-a-covid-19\\\/\",\"name\":\"Secretaria de Sa\u00fade alerta sobre a import\u00e2ncia da dose de refor\u00e7o contra a Covid-19 - Prefeitura de Camb\u00e9\",\"isPartOf\":{\"@id\":\"https:\\\/\\\/www.cambe.pr.gov.br\\\/#website\"},\"primaryImageOfPage\":{\"@id\":\"https:\\\/\\\/www.cambe.pr.gov.br\\\/index.php\\\/secretaria-de-saude-alerta-sobre-a-importancia-da-dose-de-reforco-contra-a-covid-19\\\/#primaryimage\"},\"image\":{\"@id\":\"https:\\\/\\\/www.cambe.pr.gov.br\\\/index.php\\\/secretaria-de-saude-alerta-sobre-a-importancia-da-dose-de-reforco-contra-a-covid-19\\\/#primaryimage\"},\"thumbnailUrl\":\"http:\\\/\\\/www.cambe.pr.gov.br\\\/wp-content\\\/uploads\\\/2021\\\/10\\\/IMG_7236-300x200.jpg\",\"datePublished\":\"2021-11-03T20:11:46+00:00\",\"dateModified\":\"2024-10-07T16:00:27+00:00\",\"breadcrumb\":{\"@id\":\"https:\\\/\\\/www.cambe.pr.gov.br\\\/index.php\\\/secretaria-de-saude-alerta-sobre-a-importancia-da-dose-de-reforco-contra-a-covid-19\\\/#breadcrumb\"},\"inLanguage\":\"pt-BR\",\"potentialAction\":[{\"@type\":\"ReadAction\",\"target\":[\"https:\\\/\\\/www.cambe.pr.gov.br\\\/index.php\\\/secretaria-de-saude-alerta-sobre-a-importancia-da-dose-de-reforco-contra-a-covid-19\\\/\"]}]},{\"@type\":\"ImageObject\",\"inLanguage\":\"pt-BR\",\"@id\":\"https:\\\/\\\/www.cambe.pr.gov.br\\\/index.php\\\/secretaria-de-saude-alerta-sobre-a-importancia-da-dose-de-reforco-contra-a-covid-19\\\/#primaryimage\",\"url\":\"http:\\\/\\\/www.cambe.pr.gov.br\\\/wp-content\\\/uploads\\\/2021\\\/10\\\/IMG_7236-300x200.jpg\",\"contentUrl\":\"http:\\\/\\\/www.cambe.pr.gov.br\\\/wp-content\\\/uploads\\\/2021\\\/10\\\/IMG_7236-300x200.jpg\"},{\"@type\":\"BreadcrumbList\",\"@id\":\"https:\\\/\\\/www.cambe.pr.gov.br\\\/index.php\\\/secretaria-de-saude-alerta-sobre-a-importancia-da-dose-de-reforco-contra-a-covid-19\\\/#breadcrumb\",\"itemListElement\":[{\"@type\":\"ListItem\",\"position\":1,\"name\":\"In\u00edcio\",\"item\":\"https:\\\/\\\/www.cambe.pr.gov.br\\\/\"},{\"@type\":\"ListItem\",\"position\":2,\"name\":\"Secretaria de Sa\u00fade alerta sobre a import\u00e2ncia da dose de refor\u00e7o contra a Covid-19\"}]},{\"@type\":\"WebSite\",\"@id\":\"https:\\\/\\\/www.cambe.pr.gov.br\\\/#website\",\"url\":\"https:\\\/\\\/www.cambe.pr.gov.br\\\/\",\"name\":\"Prefeitura de Camb\u00e9\",\"description\":\"UM GOVERNO PARA TODOS\",\"publisher\":{\"@id\":\"https:\\\/\\\/www.cambe.pr.gov.br\\\/#organization\"},\"potentialAction\":[{\"@type\":\"SearchAction\",\"target\":{\"@type\":\"EntryPoint\",\"urlTemplate\":\"https:\\\/\\\/www.cambe.pr.gov.br\\\/?s={search_term_string}\"},\"query-input\":{\"@type\":\"PropertyValueSpecification\",\"valueRequired\":true,\"valueName\":\"search_term_string\"}}],\"inLanguage\":\"pt-BR\"},{\"@type\":\"Organization\",\"@id\":\"https:\\\/\\\/www.cambe.pr.gov.br\\\/#organization\",\"name\":\"Prefeitura de Camb\u00e9\",\"url\":\"https:\\\/\\\/www.cambe.pr.gov.br\\\/\",\"logo\":{\"@type\":\"ImageObject\",\"inLanguage\":\"pt-BR\",\"@id\":\"https:\\\/\\\/www.cambe.pr.gov.br\\\/#\\\/schema\\\/logo\\\/image\\\/\",\"url\":\"https:\\\/\\\/www.cambe.pr.gov.br\\\/wp-content\\\/uploads\\\/2021\\\/01\\\/cropped-cropped-cambe_brazao-icone.png\",\"contentUrl\":\"https:\\\/\\\/www.cambe.pr.gov.br\\\/wp-content\\\/uploads\\\/2021\\\/01\\\/cropped-cropped-cambe_brazao-icone.png\",\"width\":240,\"height\":240,\"caption\":\"Prefeitura de Camb\u00e9\"},\"image\":{\"@id\":\"https:\\\/\\\/www.cambe.pr.gov.br\\\/#\\\/schema\\\/logo\\\/image\\\/\"},\"sameAs\":[\"https:\\\/\\\/m.facebook.com\\\/prefeituradecambe\"]},{\"@type\":\"Person\",\"@id\":\"https:\\\/\\\/www.cambe.pr.gov.br\\\/#\\\/schema\\\/person\\\/e08f7c43a641b2ec036e4e867ec483e4\",\"name\":\"Thiago Mossini Balbino dos Santos\",\"image\":{\"@type\":\"ImageObject\",\"inLanguage\":\"pt-BR\",\"@id\":\"https:\\\/\\\/secure.gravatar.com\\\/avatar\\\/d957ed4e1bc3ebf5769d1003f9709cd2012ebf424eb4a5d76a933fee30e874b6?s=96&d=mm&r=g\",\"url\":\"https:\\\/\\\/secure.gravatar.com\\\/avatar\\\/d957ed4e1bc3ebf5769d1003f9709cd2012ebf424eb4a5d76a933fee30e874b6?s=96&d=mm&r=g\",\"contentUrl\":\"https:\\\/\\\/secure.gravatar.com\\\/avatar\\\/d957ed4e1bc3ebf5769d1003f9709cd2012ebf424eb4a5d76a933fee30e874b6?s=96&d=mm&r=g\",\"caption\":\"Thiago Mossini Balbino dos Santos\"},\"url\":\"https:\\\/\\\/www.cambe.pr.gov.br\\\/index.php\\\/author\\\/tmbsantos\\\/\"}]}<\/script>\n<!-- \/ Yoast SEO plugin. -->","yoast_head_json":{"title":"Secretaria de Sa\u00fade alerta sobre a import\u00e2ncia da dose de refor\u00e7o contra a Covid-19 - Prefeitura de Camb\u00e9","robots":{"index":"index","follow":"follow","max-snippet":"max-snippet:-1","max-image-preview":"max-image-preview:large","max-video-preview":"max-video-preview:-1"},"canonical":"https:\/\/www.cambe.pr.gov.br\/index.php\/secretaria-de-saude-alerta-sobre-a-importancia-da-dose-de-reforco-contra-a-covid-19\/","og_locale":"pt_BR","og_type":"article","og_title":"Secretaria de Sa\u00fade alerta sobre a import\u00e2ncia da dose de refor\u00e7o contra a Covid-19 - Prefeitura de Camb\u00e9","og_description":"A Prefeitura de Camb\u00e9, por meio da Secretaria de Sa\u00fade, aplica nesta quinta-feira, dia 4, a dose de refor\u00e7o em idosos com mais de 70 anos e que receberam a segunda dose da vacina at\u00e9 o dia 5 de maio. A expectativa \u00e9 de que os idosos compare\u00e7am em massa para a imuniza\u00e7\u00e3o, diferentemente do [&hellip;]","og_url":"https:\/\/www.cambe.pr.gov.br\/index.php\/secretaria-de-saude-alerta-sobre-a-importancia-da-dose-de-reforco-contra-a-covid-19\/","og_site_name":"Prefeitura de Camb\u00e9","article_publisher":"https:\/\/m.facebook.com\/prefeituradecambe","article_published_time":"2021-11-03T20:11:46+00:00","article_modified_time":"2024-10-07T16:00:27+00:00","og_image":[{"url":"http:\/\/www.cambe.pr.gov.br\/wp-content\/uploads\/2021\/10\/IMG_7236-300x200.jpg","type":"","width":"","height":""}],"author":"Thiago Mossini Balbino dos Santos","twitter_card":"summary_large_image","twitter_misc":{"Escrito por":"Thiago Mossini Balbino dos Santos","Est. tempo de leitura":"3 minutos"},"schema":{"@context":"https:\/\/schema.org","@graph":[{"@type":"Article","@id":"https:\/\/www.cambe.pr.gov.br\/index.php\/secretaria-de-saude-alerta-sobre-a-importancia-da-dose-de-reforco-contra-a-covid-19\/#article","isPartOf":{"@id":"https:\/\/www.cambe.pr.gov.br\/index.php\/secretaria-de-saude-alerta-sobre-a-importancia-da-dose-de-reforco-contra-a-covid-19\/"},"author":{"name":"Thiago Mossini Balbino dos Santos","@id":"https:\/\/www.cambe.pr.gov.br\/#\/schema\/person\/e08f7c43a641b2ec036e4e867ec483e4"},"headline":"Secretaria de Sa\u00fade alerta sobre a import\u00e2ncia da dose de refor\u00e7o contra a Covid-19","datePublished":"2021-11-03T20:11:46+00:00","dateModified":"2024-10-07T16:00:27+00:00","mainEntityOfPage":{"@id":"https:\/\/www.cambe.pr.gov.br\/index.php\/secretaria-de-saude-alerta-sobre-a-importancia-da-dose-de-reforco-contra-a-covid-19\/"},"wordCount":690,"publisher":{"@id":"https:\/\/www.cambe.pr.gov.br\/#organization"},"image":{"@id":"https:\/\/www.cambe.pr.gov.br\/index.php\/secretaria-de-saude-alerta-sobre-a-importancia-da-dose-de-reforco-contra-a-covid-19\/#primaryimage"},"thumbnailUrl":"http:\/\/www.cambe.pr.gov.br\/wp-content\/uploads\/2021\/10\/IMG_7236-300x200.jpg","articleSection":["Principal"],"inLanguage":"pt-BR"},{"@type":"WebPage","@id":"https:\/\/www.cambe.pr.gov.br\/index.php\/secretaria-de-saude-alerta-sobre-a-importancia-da-dose-de-reforco-contra-a-covid-19\/","url":"https:\/\/www.cambe.pr.gov.br\/index.php\/secretaria-de-saude-alerta-sobre-a-importancia-da-dose-de-reforco-contra-a-covid-19\/","name":"Secretaria de Sa\u00fade alerta sobre a import\u00e2ncia da dose de refor\u00e7o contra a Covid-19 - Prefeitura de Camb\u00e9","isPartOf":{"@id":"https:\/\/www.cambe.pr.gov.br\/#website"},"primaryImageOfPage":{"@id":"https:\/\/www.cambe.pr.gov.br\/index.php\/secretaria-de-saude-alerta-sobre-a-importancia-da-dose-de-reforco-contra-a-covid-19\/#primaryimage"},"image":{"@id":"https:\/\/www.cambe.pr.gov.br\/index.php\/secretaria-de-saude-alerta-sobre-a-importancia-da-dose-de-reforco-contra-a-covid-19\/#primaryimage"},"thumbnailUrl":"http:\/\/www.cambe.pr.gov.br\/wp-content\/uploads\/2021\/10\/IMG_7236-300x200.jpg","datePublished":"2021-11-03T20:11:46+00:00","dateModified":"2024-10-07T16:00:27+00:00","breadcrumb":{"@id":"https:\/\/www.cambe.pr.gov.br\/index.php\/secretaria-de-saude-alerta-sobre-a-importancia-da-dose-de-reforco-contra-a-covid-19\/#breadcrumb"},"inLanguage":"pt-BR","potentialAction":[{"@type":"ReadAction","target":["https:\/\/www.cambe.pr.gov.br\/index.php\/secretaria-de-saude-alerta-sobre-a-importancia-da-dose-de-reforco-contra-a-covid-19\/"]}]},{"@type":"ImageObject","inLanguage":"pt-BR","@id":"https:\/\/www.cambe.pr.gov.br\/index.php\/secretaria-de-saude-alerta-sobre-a-importancia-da-dose-de-reforco-contra-a-covid-19\/#primaryimage","url":"http:\/\/www.cambe.pr.gov.br\/wp-content\/uploads\/2021\/10\/IMG_7236-300x200.jpg","contentUrl":"http:\/\/www.cambe.pr.gov.br\/wp-content\/uploads\/2021\/10\/IMG_7236-300x200.jpg"},{"@type":"BreadcrumbList","@id":"https:\/\/www.cambe.pr.gov.br\/index.php\/secretaria-de-saude-alerta-sobre-a-importancia-da-dose-de-reforco-contra-a-covid-19\/#breadcrumb","itemListElement":[{"@type":"ListItem","position":1,"name":"In\u00edcio","item":"https:\/\/www.cambe.pr.gov.br\/"},{"@type":"ListItem","position":2,"name":"Secretaria de Sa\u00fade alerta sobre a import\u00e2ncia da dose de refor\u00e7o contra a Covid-19"}]},{"@type":"WebSite","@id":"https:\/\/www.cambe.pr.gov.br\/#website","url":"https:\/\/www.cambe.pr.gov.br\/","name":"Prefeitura de Camb\u00e9","description":"UM GOVERNO PARA TODOS","publisher":{"@id":"https:\/\/www.cambe.pr.gov.br\/#organization"},"potentialAction":[{"@type":"SearchAction","target":{"@type":"EntryPoint","urlTemplate":"https:\/\/www.cambe.pr.gov.br\/?s={search_term_string}"},"query-input":{"@type":"PropertyValueSpecification","valueRequired":true,"valueName":"search_term_string"}}],"inLanguage":"pt-BR"},{"@type":"Organization","@id":"https:\/\/www.cambe.pr.gov.br\/#organization","name":"Prefeitura de Camb\u00e9","url":"https:\/\/www.cambe.pr.gov.br\/","logo":{"@type":"ImageObject","inLanguage":"pt-BR","@id":"https:\/\/www.cambe.pr.gov.br\/#\/schema\/logo\/image\/","url":"https:\/\/www.cambe.pr.gov.br\/wp-content\/uploads\/2021\/01\/cropped-cropped-cambe_brazao-icone.png","contentUrl":"https:\/\/www.cambe.pr.gov.br\/wp-content\/uploads\/2021\/01\/cropped-cropped-cambe_brazao-icone.png","width":240,"height":240,"caption":"Prefeitura de Camb\u00e9"},"image":{"@id":"https:\/\/www.cambe.pr.gov.br\/#\/schema\/logo\/image\/"},"sameAs":["https:\/\/m.facebook.com\/prefeituradecambe"]},{"@type":"Person","@id":"https:\/\/www.cambe.pr.gov.br\/#\/schema\/person\/e08f7c43a641b2ec036e4e867ec483e4","name":"Thiago Mossini Balbino dos Santos","image":{"@type":"ImageObject","inLanguage":"pt-BR","@id":"https:\/\/secure.gravatar.com\/avatar\/d957ed4e1bc3ebf5769d1003f9709cd2012ebf424eb4a5d76a933fee30e874b6?s=96&d=mm&r=g","url":"https:\/\/secure.gravatar.com\/avatar\/d957ed4e1bc3ebf5769d1003f9709cd2012ebf424eb4a5d76a933fee30e874b6?s=96&d=mm&r=g","contentUrl":"https:\/\/secure.gravatar.com\/avatar\/d957ed4e1bc3ebf5769d1003f9709cd2012ebf424eb4a5d76a933fee30e874b6?s=96&d=mm&r=g","caption":"Thiago Mossini Balbino dos Santos"},"url":"https:\/\/www.cambe.pr.gov.br\/index.php\/author\/tmbsantos\/"}]}},"_links":{"self":[{"href":"https:\/\/www.cambe.pr.gov.br\/index.php\/wp-json\/wp\/v2\/posts\/3974","targetHints":{"allow":["GET"]}}],"collection":[{"href":"https:\/\/www.cambe.pr.gov.br\/index.php\/wp-json\/wp\/v2\/posts"}],"about":[{"href":"https:\/\/www.cambe.pr.gov.br\/index.php\/wp-json\/wp\/v2\/types\/post"}],"author":[{"embeddable":true,"href":"https:\/\/www.cambe.pr.gov.br\/index.php\/wp-json\/wp\/v2\/users\/2"}],"replies":[{"embeddable":true,"href":"https:\/\/www.cambe.pr.gov.br\/index.php\/wp-json\/wp\/v2\/comments?post=3974"}],"version-history":[{"count":2,"href":"https:\/\/www.cambe.pr.gov.br\/index.php\/wp-json\/wp\/v2\/posts\/3974\/revisions"}],"predecessor-version":[{"id":3995,"href":"https:\/\/www.cambe.pr.gov.br\/index.php\/wp-json\/wp\/v2\/posts\/3974\/revisions\/3995"}],"wp:attachment":[{"href":"https:\/\/www.cambe.pr.gov.br\/index.php\/wp-json\/wp\/v2\/media?parent=3974"}],"wp:term":[{"taxonomy":"category","embeddable":true,"href":"https:\/\/www.cambe.pr.gov.br\/index.php\/wp-json\/wp\/v2\/categories?post=3974"},{"taxonomy":"post_tag","embeddable":true,"href":"https:\/\/www.cambe.pr.gov.br\/index.php\/wp-json\/wp\/v2\/tags?post=3974"}],"curies":[{"name":"wp","href":"https:\/\/api.w.org\/{rel}","templated":true}]}}