{"id":3949,"date":"2021-11-03T13:33:21","date_gmt":"2021-11-03T16:33:21","guid":{"rendered":"http:\/\/www.cambe.pr.gov.br\/?p=3949"},"modified":"2024-10-07T13:00:27","modified_gmt":"2024-10-07T16:00:27","slug":"cambe-abre-edital-de-premiacao-com-recursos-da-lei-aldir-blanc","status":"publish","type":"post","link":"https:\/\/www.cambe.pr.gov.br\/index.php\/cambe-abre-edital-de-premiacao-com-recursos-da-lei-aldir-blanc\/","title":{"rendered":"Camb\u00e9 abre edital de premia\u00e7\u00e3o com recursos da Lei Aldir Blanc"},"content":{"rendered":"<p style=\"text-align: justify;\"><span style=\"font-family: arial, helvetica, sans-serif;\"><img fetchpriority=\"high\" decoding=\"async\" class=\"alignleft wp-image-3966 size-medium\" src=\"https:\/\/www.cambe.pr.gov.br\/wp-content\/uploads\/2021\/11\/IMG_0323-300x200.jpg\" alt=\"\" width=\"300\" height=\"200\" srcset=\"https:\/\/www.cambe.pr.gov.br\/wp-content\/uploads\/2021\/11\/IMG_0323-300x200.jpg 300w, https:\/\/www.cambe.pr.gov.br\/wp-content\/uploads\/2021\/11\/IMG_0323-768x512.jpg 768w, https:\/\/www.cambe.pr.gov.br\/wp-content\/uploads\/2021\/11\/IMG_0323.jpg 960w\" sizes=\"(max-width: 300px) 100vw, 300px\" \/><\/span><\/p>\n<p style=\"text-align: justify;\">A Prefeitura de Camb\u00e9, por meio da Secretaria de Cultura, abriu um edital de premia\u00e7\u00e3o com recursos da Lei Aldir Blanc (14.017\/2020) para auxiliar fazedores de cultura individuais e grupos\/coletivos art\u00edsticos do munic\u00edpio que foram afetados pela pandemia. O edital faz parte do Projeto \u201cFazendo Arte em Camb\u00e9\u201d e visa fazer um repasse financeiro \u2013 em forma de pr\u00eamio \u2013 para 20 grupos ou coletivos da cidade. Os premiados poder\u00e3o ser contratados para apresenta\u00e7\u00f5es ou eventos art\u00edsticos e culturais que v\u00e3o compor o projeto. As inscri\u00e7\u00f5es come\u00e7aram na quinta-feira (28) e v\u00e3o at\u00e9 o dia 12 de novembro e devem ser feitas de forma online no site https:\/\/www.cambe.pr.gov.br\/index.php\/secretarias\/culturais\/lei-aldir-blanc\/. O valor destinado para esse edital \u00e9 de R$222 mil e o pr\u00eamio vai ser de mais de R$ 11 mil para cada grupo ou coletivo.<\/p>\n<p style=\"text-align: justify;\">Para esse edital, podem se cadastrar pessoas f\u00edsicas com mais de 18 anos ou pessoas jur\u00eddicas (grupos ou coletivos culturais) que realizem atividades art\u00edsticas e culturais que residam na cidade h\u00e1, no m\u00ednimo, dois anos. Os grupos ou coletivos n\u00e3o organizados formalmente deveram ser representados por um de seus integrantes. Durante a inscri\u00e7\u00e3o, os candidatos devem fazer uma proposta de apresenta\u00e7\u00e3o art\u00edstica e cultural que contemple os seguintes aspectos: planejada para acontecer em espa\u00e7os p\u00fablicos; ter tempo m\u00ednimo de 120 minutos; ter um v\u00eddeo demonstrativo de cinco minutos que contenha algum elemento que fa\u00e7a parte da execu\u00e7\u00e3o da proposta; ter classifica\u00e7\u00e3o et\u00e1ria livre; e as a\u00e7\u00f5es devem ser realizadas at\u00e9 junho de 2022, podendo ser readequadas pela Secretaria de Cultura. O edital completo pode ser consultado na edi\u00e7\u00e3o 999 do Jornal Oficial, dispon\u00edvel em: www.cambe.pr.gov.br\/index.php\/jornal-oficial.<\/p>\n<p style=\"text-align: justify;\">O cronograma para a inscri\u00e7\u00e3o e participa\u00e7\u00e3o na premia\u00e7\u00e3o ser\u00e1 da seguinte forma: at\u00e9 12 de novembro para fazer a inscri\u00e7\u00e3o; an\u00e1lise da documenta\u00e7\u00e3o entre os dias 16 e 23 de novembro; publica\u00e7\u00e3o das premia\u00e7\u00f5es deferidas e indeferidas no dia 24 de novembro; prazo para recurso at\u00e9 dia 30 de novembro; e no dia 07 de dezembro acontece a libera\u00e7\u00e3o do resultado final do edital.<\/p>\n<p style=\"text-align: justify;\">Os documentos necess\u00e1rios para a inscri\u00e7\u00e3o na premia\u00e7\u00e3o s\u00e3o: formul\u00e1rio preenchido na plataforma Sisprofice (dispon\u00edvel em: www.sic.cultura.pr.gov.br); RG e CPF do representante; comprovante de resid\u00eancia atualizado; autodeclara\u00e7\u00e3o; curr\u00edculo de todos os integrantes; portf\u00f3lio que comprove as atividades informadas; declara\u00e7\u00e3o de aus\u00eancia de parentesco com servidores p\u00fablicos; formul\u00e1rio de proposta preenchido; carta de anu\u00eancia; e dados de conta banc\u00e1ria.<\/p>\n<p style=\"text-align: justify;\">Os crit\u00e9rios de avalia\u00e7\u00e3o ser\u00e3o: valor cultural da proposta, priorizando o m\u00e9rito e a qualidade art\u00edstica da proposta; qualifica\u00e7\u00e3o do proponente e da equipe executora da proposta; e a experi\u00eancia e atua\u00e7\u00e3o do proponente ou coletivo. Esses crit\u00e9rios ser\u00e3o transformados em pontos e os 20 premiados v\u00e3o receber o valor de R$ 11.100. A cidade conta com R$222 mil para premiar os fazedores de cultura de Camb\u00e9.<\/p>\n<p style=\"text-align: justify;\">Todas as publica\u00e7\u00f5es oficiais ser\u00e3o realizadas no site https:\/\/www.cambe.pr.gov.br\/index.php\/secretarias\/secretarias\/cultura\/ e quaisquer outras informa\u00e7\u00f5es podem ser consultadas pelo telefone 3174-0288 ou 3174-0290. A Secretaria Municipal de Cultura fica na Rua Par\u00e1, 161 \u2013 Centro e funciona das 9h \u00e0s 11h e das 13h30 \u00e0s 16h30.<\/p>\n<div style=\"text-align: justify;\">&nbsp;<\/div>\n<p style=\"text-align: justify;\"><span style=\"font-family: arial, helvetica, sans-serif;\">&nbsp;<\/span><\/p>\n","protected":false},"excerpt":{"rendered":"<p>A Prefeitura de Camb\u00e9, por meio da Secretaria de Cultura, abriu um edital de premia\u00e7\u00e3o com recursos da Lei Aldir Blanc (14.017\/2020) para auxiliar fazedores de cultura individuais e grupos\/coletivos art\u00edsticos do munic\u00edpio que foram afetados pela pandemia. O edital faz parte do Projeto \u201cFazendo Arte em Camb\u00e9\u201d e visa fazer um repasse financeiro \u2013 [&hellip;]<\/p>\n","protected":false},"author":2,"featured_media":0,"comment_status":"closed","ping_status":"open","sticky":false,"template":"","format":"standard","meta":{"ngg_post_thumbnail":0,"footnotes":""},"categories":[1],"tags":[],"class_list":["post-3949","post","type-post","status-publish","format-standard","hentry","category-principal"],"yoast_head":"<!-- This site is optimized with the Yoast SEO plugin v27.4 - https:\/\/yoast.com\/product\/yoast-seo-wordpress\/ -->\n<title>Camb\u00e9 abre edital de premia\u00e7\u00e3o com recursos da Lei Aldir Blanc - Prefeitura de Camb\u00e9<\/title>\n<meta name=\"robots\" content=\"index, follow, max-snippet:-1, max-image-preview:large, max-video-preview:-1\" \/>\n<link rel=\"canonical\" href=\"https:\/\/www.cambe.pr.gov.br\/index.php\/cambe-abre-edital-de-premiacao-com-recursos-da-lei-aldir-blanc\/\" \/>\n<meta property=\"og:locale\" content=\"pt_BR\" \/>\n<meta property=\"og:type\" content=\"article\" \/>\n<meta property=\"og:title\" content=\"Camb\u00e9 abre edital de premia\u00e7\u00e3o com recursos da Lei Aldir Blanc - Prefeitura de Camb\u00e9\" \/>\n<meta property=\"og:description\" content=\"A Prefeitura de Camb\u00e9, por meio da Secretaria de Cultura, abriu um edital de premia\u00e7\u00e3o com recursos da Lei Aldir Blanc (14.017\/2020) para auxiliar fazedores de cultura individuais e grupos\/coletivos art\u00edsticos do munic\u00edpio que foram afetados pela pandemia. O edital faz parte do Projeto \u201cFazendo Arte em Camb\u00e9\u201d e visa fazer um repasse financeiro \u2013 [&hellip;]\" \/>\n<meta property=\"og:url\" content=\"https:\/\/www.cambe.pr.gov.br\/index.php\/cambe-abre-edital-de-premiacao-com-recursos-da-lei-aldir-blanc\/\" \/>\n<meta property=\"og:site_name\" content=\"Prefeitura de Camb\u00e9\" \/>\n<meta property=\"article:publisher\" content=\"https:\/\/m.facebook.com\/prefeituradecambe\" \/>\n<meta property=\"article:published_time\" content=\"2021-11-03T16:33:21+00:00\" \/>\n<meta property=\"article:modified_time\" content=\"2024-10-07T16:00:27+00:00\" \/>\n<meta property=\"og:image\" content=\"http:\/\/www.cambe.pr.gov.br\/wp-content\/uploads\/2021\/11\/IMG_0323-300x200.jpg\" \/>\n<meta name=\"author\" content=\"Thiago Mossini Balbino dos Santos\" \/>\n<meta name=\"twitter:card\" content=\"summary_large_image\" \/>\n<meta name=\"twitter:label1\" content=\"Escrito por\" \/>\n\t<meta name=\"twitter:data1\" content=\"Thiago Mossini Balbino dos Santos\" \/>\n\t<meta name=\"twitter:label2\" content=\"Est. tempo de leitura\" \/>\n\t<meta name=\"twitter:data2\" content=\"3 minutos\" \/>\n<script type=\"application\/ld+json\" class=\"yoast-schema-graph\">{\"@context\":\"https:\\\/\\\/schema.org\",\"@graph\":[{\"@type\":\"Article\",\"@id\":\"https:\\\/\\\/www.cambe.pr.gov.br\\\/index.php\\\/cambe-abre-edital-de-premiacao-com-recursos-da-lei-aldir-blanc\\\/#article\",\"isPartOf\":{\"@id\":\"https:\\\/\\\/www.cambe.pr.gov.br\\\/index.php\\\/cambe-abre-edital-de-premiacao-com-recursos-da-lei-aldir-blanc\\\/\"},\"author\":{\"name\":\"Thiago Mossini Balbino dos Santos\",\"@id\":\"https:\\\/\\\/www.cambe.pr.gov.br\\\/#\\\/schema\\\/person\\\/e08f7c43a641b2ec036e4e867ec483e4\"},\"headline\":\"Camb\u00e9 abre edital de premia\u00e7\u00e3o com recursos da Lei Aldir Blanc\",\"datePublished\":\"2021-11-03T16:33:21+00:00\",\"dateModified\":\"2024-10-07T16:00:27+00:00\",\"mainEntityOfPage\":{\"@id\":\"https:\\\/\\\/www.cambe.pr.gov.br\\\/index.php\\\/cambe-abre-edital-de-premiacao-com-recursos-da-lei-aldir-blanc\\\/\"},\"wordCount\":598,\"publisher\":{\"@id\":\"https:\\\/\\\/www.cambe.pr.gov.br\\\/#organization\"},\"image\":{\"@id\":\"https:\\\/\\\/www.cambe.pr.gov.br\\\/index.php\\\/cambe-abre-edital-de-premiacao-com-recursos-da-lei-aldir-blanc\\\/#primaryimage\"},\"thumbnailUrl\":\"http:\\\/\\\/www.cambe.pr.gov.br\\\/wp-content\\\/uploads\\\/2021\\\/11\\\/IMG_0323-300x200.jpg\",\"articleSection\":[\"Principal\"],\"inLanguage\":\"pt-BR\"},{\"@type\":\"WebPage\",\"@id\":\"https:\\\/\\\/www.cambe.pr.gov.br\\\/index.php\\\/cambe-abre-edital-de-premiacao-com-recursos-da-lei-aldir-blanc\\\/\",\"url\":\"https:\\\/\\\/www.cambe.pr.gov.br\\\/index.php\\\/cambe-abre-edital-de-premiacao-com-recursos-da-lei-aldir-blanc\\\/\",\"name\":\"Camb\u00e9 abre edital de premia\u00e7\u00e3o com recursos da Lei Aldir Blanc - Prefeitura de Camb\u00e9\",\"isPartOf\":{\"@id\":\"https:\\\/\\\/www.cambe.pr.gov.br\\\/#website\"},\"primaryImageOfPage\":{\"@id\":\"https:\\\/\\\/www.cambe.pr.gov.br\\\/index.php\\\/cambe-abre-edital-de-premiacao-com-recursos-da-lei-aldir-blanc\\\/#primaryimage\"},\"image\":{\"@id\":\"https:\\\/\\\/www.cambe.pr.gov.br\\\/index.php\\\/cambe-abre-edital-de-premiacao-com-recursos-da-lei-aldir-blanc\\\/#primaryimage\"},\"thumbnailUrl\":\"http:\\\/\\\/www.cambe.pr.gov.br\\\/wp-content\\\/uploads\\\/2021\\\/11\\\/IMG_0323-300x200.jpg\",\"datePublished\":\"2021-11-03T16:33:21+00:00\",\"dateModified\":\"2024-10-07T16:00:27+00:00\",\"breadcrumb\":{\"@id\":\"https:\\\/\\\/www.cambe.pr.gov.br\\\/index.php\\\/cambe-abre-edital-de-premiacao-com-recursos-da-lei-aldir-blanc\\\/#breadcrumb\"},\"inLanguage\":\"pt-BR\",\"potentialAction\":[{\"@type\":\"ReadAction\",\"target\":[\"https:\\\/\\\/www.cambe.pr.gov.br\\\/index.php\\\/cambe-abre-edital-de-premiacao-com-recursos-da-lei-aldir-blanc\\\/\"]}]},{\"@type\":\"ImageObject\",\"inLanguage\":\"pt-BR\",\"@id\":\"https:\\\/\\\/www.cambe.pr.gov.br\\\/index.php\\\/cambe-abre-edital-de-premiacao-com-recursos-da-lei-aldir-blanc\\\/#primaryimage\",\"url\":\"http:\\\/\\\/www.cambe.pr.gov.br\\\/wp-content\\\/uploads\\\/2021\\\/11\\\/IMG_0323-300x200.jpg\",\"contentUrl\":\"http:\\\/\\\/www.cambe.pr.gov.br\\\/wp-content\\\/uploads\\\/2021\\\/11\\\/IMG_0323-300x200.jpg\"},{\"@type\":\"BreadcrumbList\",\"@id\":\"https:\\\/\\\/www.cambe.pr.gov.br\\\/index.php\\\/cambe-abre-edital-de-premiacao-com-recursos-da-lei-aldir-blanc\\\/#breadcrumb\",\"itemListElement\":[{\"@type\":\"ListItem\",\"position\":1,\"name\":\"In\u00edcio\",\"item\":\"https:\\\/\\\/www.cambe.pr.gov.br\\\/\"},{\"@type\":\"ListItem\",\"position\":2,\"name\":\"Camb\u00e9 abre edital de premia\u00e7\u00e3o com recursos da Lei Aldir Blanc\"}]},{\"@type\":\"WebSite\",\"@id\":\"https:\\\/\\\/www.cambe.pr.gov.br\\\/#website\",\"url\":\"https:\\\/\\\/www.cambe.pr.gov.br\\\/\",\"name\":\"Prefeitura de Camb\u00e9\",\"description\":\"UM GOVERNO PARA TODOS\",\"publisher\":{\"@id\":\"https:\\\/\\\/www.cambe.pr.gov.br\\\/#organization\"},\"potentialAction\":[{\"@type\":\"SearchAction\",\"target\":{\"@type\":\"EntryPoint\",\"urlTemplate\":\"https:\\\/\\\/www.cambe.pr.gov.br\\\/?s={search_term_string}\"},\"query-input\":{\"@type\":\"PropertyValueSpecification\",\"valueRequired\":true,\"valueName\":\"search_term_string\"}}],\"inLanguage\":\"pt-BR\"},{\"@type\":\"Organization\",\"@id\":\"https:\\\/\\\/www.cambe.pr.gov.br\\\/#organization\",\"name\":\"Prefeitura de Camb\u00e9\",\"url\":\"https:\\\/\\\/www.cambe.pr.gov.br\\\/\",\"logo\":{\"@type\":\"ImageObject\",\"inLanguage\":\"pt-BR\",\"@id\":\"https:\\\/\\\/www.cambe.pr.gov.br\\\/#\\\/schema\\\/logo\\\/image\\\/\",\"url\":\"https:\\\/\\\/www.cambe.pr.gov.br\\\/wp-content\\\/uploads\\\/2021\\\/01\\\/cropped-cropped-cambe_brazao-icone.png\",\"contentUrl\":\"https:\\\/\\\/www.cambe.pr.gov.br\\\/wp-content\\\/uploads\\\/2021\\\/01\\\/cropped-cropped-cambe_brazao-icone.png\",\"width\":240,\"height\":240,\"caption\":\"Prefeitura de Camb\u00e9\"},\"image\":{\"@id\":\"https:\\\/\\\/www.cambe.pr.gov.br\\\/#\\\/schema\\\/logo\\\/image\\\/\"},\"sameAs\":[\"https:\\\/\\\/m.facebook.com\\\/prefeituradecambe\"]},{\"@type\":\"Person\",\"@id\":\"https:\\\/\\\/www.cambe.pr.gov.br\\\/#\\\/schema\\\/person\\\/e08f7c43a641b2ec036e4e867ec483e4\",\"name\":\"Thiago Mossini Balbino dos Santos\",\"image\":{\"@type\":\"ImageObject\",\"inLanguage\":\"pt-BR\",\"@id\":\"https:\\\/\\\/secure.gravatar.com\\\/avatar\\\/d957ed4e1bc3ebf5769d1003f9709cd2012ebf424eb4a5d76a933fee30e874b6?s=96&d=mm&r=g\",\"url\":\"https:\\\/\\\/secure.gravatar.com\\\/avatar\\\/d957ed4e1bc3ebf5769d1003f9709cd2012ebf424eb4a5d76a933fee30e874b6?s=96&d=mm&r=g\",\"contentUrl\":\"https:\\\/\\\/secure.gravatar.com\\\/avatar\\\/d957ed4e1bc3ebf5769d1003f9709cd2012ebf424eb4a5d76a933fee30e874b6?s=96&d=mm&r=g\",\"caption\":\"Thiago Mossini Balbino dos Santos\"},\"url\":\"https:\\\/\\\/www.cambe.pr.gov.br\\\/index.php\\\/author\\\/tmbsantos\\\/\"}]}<\/script>\n<!-- \/ Yoast SEO plugin. -->","yoast_head_json":{"title":"Camb\u00e9 abre edital de premia\u00e7\u00e3o com recursos da Lei Aldir Blanc - Prefeitura de Camb\u00e9","robots":{"index":"index","follow":"follow","max-snippet":"max-snippet:-1","max-image-preview":"max-image-preview:large","max-video-preview":"max-video-preview:-1"},"canonical":"https:\/\/www.cambe.pr.gov.br\/index.php\/cambe-abre-edital-de-premiacao-com-recursos-da-lei-aldir-blanc\/","og_locale":"pt_BR","og_type":"article","og_title":"Camb\u00e9 abre edital de premia\u00e7\u00e3o com recursos da Lei Aldir Blanc - Prefeitura de Camb\u00e9","og_description":"A Prefeitura de Camb\u00e9, por meio da Secretaria de Cultura, abriu um edital de premia\u00e7\u00e3o com recursos da Lei Aldir Blanc (14.017\/2020) para auxiliar fazedores de cultura individuais e grupos\/coletivos art\u00edsticos do munic\u00edpio que foram afetados pela pandemia. O edital faz parte do Projeto \u201cFazendo Arte em Camb\u00e9\u201d e visa fazer um repasse financeiro \u2013 [&hellip;]","og_url":"https:\/\/www.cambe.pr.gov.br\/index.php\/cambe-abre-edital-de-premiacao-com-recursos-da-lei-aldir-blanc\/","og_site_name":"Prefeitura de Camb\u00e9","article_publisher":"https:\/\/m.facebook.com\/prefeituradecambe","article_published_time":"2021-11-03T16:33:21+00:00","article_modified_time":"2024-10-07T16:00:27+00:00","og_image":[{"url":"http:\/\/www.cambe.pr.gov.br\/wp-content\/uploads\/2021\/11\/IMG_0323-300x200.jpg","type":"","width":"","height":""}],"author":"Thiago Mossini Balbino dos Santos","twitter_card":"summary_large_image","twitter_misc":{"Escrito por":"Thiago Mossini Balbino dos Santos","Est. tempo de leitura":"3 minutos"},"schema":{"@context":"https:\/\/schema.org","@graph":[{"@type":"Article","@id":"https:\/\/www.cambe.pr.gov.br\/index.php\/cambe-abre-edital-de-premiacao-com-recursos-da-lei-aldir-blanc\/#article","isPartOf":{"@id":"https:\/\/www.cambe.pr.gov.br\/index.php\/cambe-abre-edital-de-premiacao-com-recursos-da-lei-aldir-blanc\/"},"author":{"name":"Thiago Mossini Balbino dos Santos","@id":"https:\/\/www.cambe.pr.gov.br\/#\/schema\/person\/e08f7c43a641b2ec036e4e867ec483e4"},"headline":"Camb\u00e9 abre edital de premia\u00e7\u00e3o com recursos da Lei Aldir Blanc","datePublished":"2021-11-03T16:33:21+00:00","dateModified":"2024-10-07T16:00:27+00:00","mainEntityOfPage":{"@id":"https:\/\/www.cambe.pr.gov.br\/index.php\/cambe-abre-edital-de-premiacao-com-recursos-da-lei-aldir-blanc\/"},"wordCount":598,"publisher":{"@id":"https:\/\/www.cambe.pr.gov.br\/#organization"},"image":{"@id":"https:\/\/www.cambe.pr.gov.br\/index.php\/cambe-abre-edital-de-premiacao-com-recursos-da-lei-aldir-blanc\/#primaryimage"},"thumbnailUrl":"http:\/\/www.cambe.pr.gov.br\/wp-content\/uploads\/2021\/11\/IMG_0323-300x200.jpg","articleSection":["Principal"],"inLanguage":"pt-BR"},{"@type":"WebPage","@id":"https:\/\/www.cambe.pr.gov.br\/index.php\/cambe-abre-edital-de-premiacao-com-recursos-da-lei-aldir-blanc\/","url":"https:\/\/www.cambe.pr.gov.br\/index.php\/cambe-abre-edital-de-premiacao-com-recursos-da-lei-aldir-blanc\/","name":"Camb\u00e9 abre edital de premia\u00e7\u00e3o com recursos da Lei Aldir Blanc - Prefeitura de Camb\u00e9","isPartOf":{"@id":"https:\/\/www.cambe.pr.gov.br\/#website"},"primaryImageOfPage":{"@id":"https:\/\/www.cambe.pr.gov.br\/index.php\/cambe-abre-edital-de-premiacao-com-recursos-da-lei-aldir-blanc\/#primaryimage"},"image":{"@id":"https:\/\/www.cambe.pr.gov.br\/index.php\/cambe-abre-edital-de-premiacao-com-recursos-da-lei-aldir-blanc\/#primaryimage"},"thumbnailUrl":"http:\/\/www.cambe.pr.gov.br\/wp-content\/uploads\/2021\/11\/IMG_0323-300x200.jpg","datePublished":"2021-11-03T16:33:21+00:00","dateModified":"2024-10-07T16:00:27+00:00","breadcrumb":{"@id":"https:\/\/www.cambe.pr.gov.br\/index.php\/cambe-abre-edital-de-premiacao-com-recursos-da-lei-aldir-blanc\/#breadcrumb"},"inLanguage":"pt-BR","potentialAction":[{"@type":"ReadAction","target":["https:\/\/www.cambe.pr.gov.br\/index.php\/cambe-abre-edital-de-premiacao-com-recursos-da-lei-aldir-blanc\/"]}]},{"@type":"ImageObject","inLanguage":"pt-BR","@id":"https:\/\/www.cambe.pr.gov.br\/index.php\/cambe-abre-edital-de-premiacao-com-recursos-da-lei-aldir-blanc\/#primaryimage","url":"http:\/\/www.cambe.pr.gov.br\/wp-content\/uploads\/2021\/11\/IMG_0323-300x200.jpg","contentUrl":"http:\/\/www.cambe.pr.gov.br\/wp-content\/uploads\/2021\/11\/IMG_0323-300x200.jpg"},{"@type":"BreadcrumbList","@id":"https:\/\/www.cambe.pr.gov.br\/index.php\/cambe-abre-edital-de-premiacao-com-recursos-da-lei-aldir-blanc\/#breadcrumb","itemListElement":[{"@type":"ListItem","position":1,"name":"In\u00edcio","item":"https:\/\/www.cambe.pr.gov.br\/"},{"@type":"ListItem","position":2,"name":"Camb\u00e9 abre edital de premia\u00e7\u00e3o com recursos da Lei Aldir Blanc"}]},{"@type":"WebSite","@id":"https:\/\/www.cambe.pr.gov.br\/#website","url":"https:\/\/www.cambe.pr.gov.br\/","name":"Prefeitura de Camb\u00e9","description":"UM GOVERNO PARA TODOS","publisher":{"@id":"https:\/\/www.cambe.pr.gov.br\/#organization"},"potentialAction":[{"@type":"SearchAction","target":{"@type":"EntryPoint","urlTemplate":"https:\/\/www.cambe.pr.gov.br\/?s={search_term_string}"},"query-input":{"@type":"PropertyValueSpecification","valueRequired":true,"valueName":"search_term_string"}}],"inLanguage":"pt-BR"},{"@type":"Organization","@id":"https:\/\/www.cambe.pr.gov.br\/#organization","name":"Prefeitura de Camb\u00e9","url":"https:\/\/www.cambe.pr.gov.br\/","logo":{"@type":"ImageObject","inLanguage":"pt-BR","@id":"https:\/\/www.cambe.pr.gov.br\/#\/schema\/logo\/image\/","url":"https:\/\/www.cambe.pr.gov.br\/wp-content\/uploads\/2021\/01\/cropped-cropped-cambe_brazao-icone.png","contentUrl":"https:\/\/www.cambe.pr.gov.br\/wp-content\/uploads\/2021\/01\/cropped-cropped-cambe_brazao-icone.png","width":240,"height":240,"caption":"Prefeitura de Camb\u00e9"},"image":{"@id":"https:\/\/www.cambe.pr.gov.br\/#\/schema\/logo\/image\/"},"sameAs":["https:\/\/m.facebook.com\/prefeituradecambe"]},{"@type":"Person","@id":"https:\/\/www.cambe.pr.gov.br\/#\/schema\/person\/e08f7c43a641b2ec036e4e867ec483e4","name":"Thiago Mossini Balbino dos Santos","image":{"@type":"ImageObject","inLanguage":"pt-BR","@id":"https:\/\/secure.gravatar.com\/avatar\/d957ed4e1bc3ebf5769d1003f9709cd2012ebf424eb4a5d76a933fee30e874b6?s=96&d=mm&r=g","url":"https:\/\/secure.gravatar.com\/avatar\/d957ed4e1bc3ebf5769d1003f9709cd2012ebf424eb4a5d76a933fee30e874b6?s=96&d=mm&r=g","contentUrl":"https:\/\/secure.gravatar.com\/avatar\/d957ed4e1bc3ebf5769d1003f9709cd2012ebf424eb4a5d76a933fee30e874b6?s=96&d=mm&r=g","caption":"Thiago Mossini Balbino dos Santos"},"url":"https:\/\/www.cambe.pr.gov.br\/index.php\/author\/tmbsantos\/"}]}},"_links":{"self":[{"href":"https:\/\/www.cambe.pr.gov.br\/index.php\/wp-json\/wp\/v2\/posts\/3949","targetHints":{"allow":["GET"]}}],"collection":[{"href":"https:\/\/www.cambe.pr.gov.br\/index.php\/wp-json\/wp\/v2\/posts"}],"about":[{"href":"https:\/\/www.cambe.pr.gov.br\/index.php\/wp-json\/wp\/v2\/types\/post"}],"author":[{"embeddable":true,"href":"https:\/\/www.cambe.pr.gov.br\/index.php\/wp-json\/wp\/v2\/users\/2"}],"replies":[{"embeddable":true,"href":"https:\/\/www.cambe.pr.gov.br\/index.php\/wp-json\/wp\/v2\/comments?post=3949"}],"version-history":[{"count":3,"href":"https:\/\/www.cambe.pr.gov.br\/index.php\/wp-json\/wp\/v2\/posts\/3949\/revisions"}],"predecessor-version":[{"id":3972,"href":"https:\/\/www.cambe.pr.gov.br\/index.php\/wp-json\/wp\/v2\/posts\/3949\/revisions\/3972"}],"wp:attachment":[{"href":"https:\/\/www.cambe.pr.gov.br\/index.php\/wp-json\/wp\/v2\/media?parent=3949"}],"wp:term":[{"taxonomy":"category","embeddable":true,"href":"https:\/\/www.cambe.pr.gov.br\/index.php\/wp-json\/wp\/v2\/categories?post=3949"},{"taxonomy":"post_tag","embeddable":true,"href":"https:\/\/www.cambe.pr.gov.br\/index.php\/wp-json\/wp\/v2\/tags?post=3949"}],"curies":[{"name":"wp","href":"https:\/\/api.w.org\/{rel}","templated":true}]}}