{"id":3946,"date":"2021-10-30T09:02:53","date_gmt":"2021-10-30T12:02:53","guid":{"rendered":"http:\/\/www.cambe.pr.gov.br\/?p=3946"},"modified":"2024-10-07T13:00:27","modified_gmt":"2024-10-07T16:00:27","slug":"prefeitura-lanca-livro-sobre-a-historia-das-escolas-rurais-da-cidade","status":"publish","type":"post","link":"https:\/\/www.cambe.pr.gov.br\/index.php\/prefeitura-lanca-livro-sobre-a-historia-das-escolas-rurais-da-cidade\/","title":{"rendered":"Prefeitura lan\u00e7a livro sobre a hist\u00f3ria das escolas rurais da cidade"},"content":{"rendered":"<p style=\"text-align: justify;\"><span style=\"font-family: arial, helvetica, sans-serif;\"><img fetchpriority=\"high\" decoding=\"async\" class=\"alignleft wp-image-3947 size-medium\" src=\"https:\/\/www.cambe.pr.gov.br\/wp-content\/uploads\/2021\/10\/IMG_7593-300x200.jpg\" alt=\"\" width=\"300\" height=\"200\" srcset=\"https:\/\/www.cambe.pr.gov.br\/wp-content\/uploads\/2021\/10\/IMG_7593-300x200.jpg 300w, https:\/\/www.cambe.pr.gov.br\/wp-content\/uploads\/2021\/10\/IMG_7593-1024x683.jpg 1024w, https:\/\/www.cambe.pr.gov.br\/wp-content\/uploads\/2021\/10\/IMG_7593-768x512.jpg 768w, https:\/\/www.cambe.pr.gov.br\/wp-content\/uploads\/2021\/10\/IMG_7593-1536x1024.jpg 1536w, https:\/\/www.cambe.pr.gov.br\/wp-content\/uploads\/2021\/10\/IMG_7593-2048x1365.jpg 2048w\" sizes=\"(max-width: 300px) 100vw, 300px\" \/>A Prefeitura de Camb\u00e9, por meio da Secretaria de Educa\u00e7\u00e3o, lan\u00e7ou o livro f\u00edsico \u201cRelembrando as antigas escolas rurais: a hist\u00f3ria da Educa\u00e7\u00e3o no munic\u00edpio de Camb\u00e9\u201d, que mapeia e conta a hist\u00f3ria de 52 escolas rurais da cidade desde a d\u00e9cada de 1940. O lan\u00e7amento ocorreu no sal\u00e3o paroquial da Igreja Matriz de Camb\u00e9.<\/span><\/p>\n<p style=\"text-align: justify;\"><span style=\"font-family: arial, helvetica, sans-serif;\">Segundo Ang\u00e9lica Nantes Zerbetto, assessora pedag\u00f3gica da Secretaria de Educa\u00e7\u00e3o e organizadora do livro, o projeto come\u00e7ou em 2017. \u201cPercebemos que n\u00e3o t\u00ednhamos muitos dados sobre essas escolas, por isso decidimos fazer esse resgate, evitando que toda essa hist\u00f3ria se perca\u201d, esclarece. A vers\u00e3o online do livro foi lan\u00e7ada no ano passo e est\u00e1 dispon\u00edvel em: http:\/\/educacao.cambe.pr.gov.br\/wp-content\/uploads\/2020\/12\/Livro_Relembrando-as-antigas-escolas-rurais_2020.pdf.<\/span><\/p>\n<p style=\"text-align: justify;\"><span style=\"font-family: arial, helvetica, sans-serif;\">Zerbetto explica que a partir desses poucos dados que estavam dispon\u00edveis, foram feitas entrevistas com antigos secret\u00e1rios de Educa\u00e7\u00e3o e ex-prefeitos. \u201cCom essas informa\u00e7\u00f5es, n\u00f3s conseguimos chegar a professores dessas escolas, que nos forneceram informa\u00e7\u00f5es e fotos preciosas, que permitiram que n\u00f3s mont\u00e1ssemos esse livro\u201d. Segundo ela, as pesquisas e entrevistas permitiram que a Secretaria de Educa\u00e7\u00e3o completasse a hist\u00f3ria dessas escolas rurais.<\/span><\/p>\n<p style=\"text-align: justify;\"><span style=\"font-family: arial, helvetica, sans-serif;\">A assessora pontua que das 52 escolas rurais mapeadas, apenas duas ainda est\u00e3o ativas: Dom Pedro II, no quil\u00f4metro 9 da Estrada da Prata e a Ana Zichack Mazzei, no Bratislava. \u201cA nossa inten\u00e7\u00e3o \u00e9 fazer um resgate hist\u00f3rico da hist\u00f3ria do munic\u00edpio e ter isso documentado para que as gera\u00e7\u00f5es futuras tenham acesso a isso\u201d, ressalta.<\/span><\/p>\n","protected":false},"excerpt":{"rendered":"<p>A Prefeitura de Camb\u00e9, por meio da Secretaria de Educa\u00e7\u00e3o, lan\u00e7ou o livro f\u00edsico \u201cRelembrando as antigas escolas rurais: a hist\u00f3ria da Educa\u00e7\u00e3o no munic\u00edpio de Camb\u00e9\u201d, que mapeia e conta a hist\u00f3ria de 52 escolas rurais da cidade desde a d\u00e9cada de 1940. O lan\u00e7amento ocorreu no sal\u00e3o paroquial da Igreja Matriz de Camb\u00e9. [&hellip;]<\/p>\n","protected":false},"author":2,"featured_media":0,"comment_status":"closed","ping_status":"open","sticky":false,"template":"","format":"standard","meta":{"ngg_post_thumbnail":0,"footnotes":""},"categories":[1],"tags":[],"class_list":["post-3946","post","type-post","status-publish","format-standard","hentry","category-principal"],"yoast_head":"<!-- This site is optimized with the Yoast SEO plugin v27.4 - https:\/\/yoast.com\/product\/yoast-seo-wordpress\/ -->\n<title>Prefeitura lan\u00e7a livro sobre a hist\u00f3ria das escolas rurais da cidade - Prefeitura de Camb\u00e9<\/title>\n<meta name=\"robots\" content=\"index, follow, max-snippet:-1, max-image-preview:large, max-video-preview:-1\" \/>\n<link rel=\"canonical\" href=\"https:\/\/www.cambe.pr.gov.br\/index.php\/prefeitura-lanca-livro-sobre-a-historia-das-escolas-rurais-da-cidade\/\" \/>\n<meta property=\"og:locale\" content=\"pt_BR\" \/>\n<meta property=\"og:type\" content=\"article\" \/>\n<meta property=\"og:title\" content=\"Prefeitura lan\u00e7a livro sobre a hist\u00f3ria das escolas rurais da cidade - Prefeitura de Camb\u00e9\" \/>\n<meta property=\"og:description\" content=\"A Prefeitura de Camb\u00e9, por meio da Secretaria de Educa\u00e7\u00e3o, lan\u00e7ou o livro f\u00edsico \u201cRelembrando as antigas escolas rurais: a hist\u00f3ria da Educa\u00e7\u00e3o no munic\u00edpio de Camb\u00e9\u201d, que mapeia e conta a hist\u00f3ria de 52 escolas rurais da cidade desde a d\u00e9cada de 1940. O lan\u00e7amento ocorreu no sal\u00e3o paroquial da Igreja Matriz de Camb\u00e9. [&hellip;]\" \/>\n<meta property=\"og:url\" content=\"https:\/\/www.cambe.pr.gov.br\/index.php\/prefeitura-lanca-livro-sobre-a-historia-das-escolas-rurais-da-cidade\/\" \/>\n<meta property=\"og:site_name\" content=\"Prefeitura de Camb\u00e9\" \/>\n<meta property=\"article:publisher\" content=\"https:\/\/m.facebook.com\/prefeituradecambe\" \/>\n<meta property=\"article:published_time\" content=\"2021-10-30T12:02:53+00:00\" \/>\n<meta property=\"article:modified_time\" content=\"2024-10-07T16:00:27+00:00\" \/>\n<meta property=\"og:image\" content=\"http:\/\/www.cambe.pr.gov.br\/wp-content\/uploads\/2021\/10\/IMG_7593-300x200.jpg\" \/>\n<meta name=\"author\" content=\"Thiago Mossini Balbino dos Santos\" \/>\n<meta name=\"twitter:card\" content=\"summary_large_image\" \/>\n<meta name=\"twitter:label1\" content=\"Escrito por\" \/>\n\t<meta name=\"twitter:data1\" content=\"Thiago Mossini Balbino dos Santos\" \/>\n\t<meta name=\"twitter:label2\" content=\"Est. tempo de leitura\" \/>\n\t<meta name=\"twitter:data2\" content=\"1 minuto\" \/>\n<script type=\"application\/ld+json\" class=\"yoast-schema-graph\">{\"@context\":\"https:\\\/\\\/schema.org\",\"@graph\":[{\"@type\":\"Article\",\"@id\":\"https:\\\/\\\/www.cambe.pr.gov.br\\\/index.php\\\/prefeitura-lanca-livro-sobre-a-historia-das-escolas-rurais-da-cidade\\\/#article\",\"isPartOf\":{\"@id\":\"https:\\\/\\\/www.cambe.pr.gov.br\\\/index.php\\\/prefeitura-lanca-livro-sobre-a-historia-das-escolas-rurais-da-cidade\\\/\"},\"author\":{\"name\":\"Thiago Mossini Balbino dos Santos\",\"@id\":\"https:\\\/\\\/www.cambe.pr.gov.br\\\/#\\\/schema\\\/person\\\/e08f7c43a641b2ec036e4e867ec483e4\"},\"headline\":\"Prefeitura lan\u00e7a livro sobre a hist\u00f3ria das escolas rurais da cidade\",\"datePublished\":\"2021-10-30T12:02:53+00:00\",\"dateModified\":\"2024-10-07T16:00:27+00:00\",\"mainEntityOfPage\":{\"@id\":\"https:\\\/\\\/www.cambe.pr.gov.br\\\/index.php\\\/prefeitura-lanca-livro-sobre-a-historia-das-escolas-rurais-da-cidade\\\/\"},\"wordCount\":286,\"publisher\":{\"@id\":\"https:\\\/\\\/www.cambe.pr.gov.br\\\/#organization\"},\"image\":{\"@id\":\"https:\\\/\\\/www.cambe.pr.gov.br\\\/index.php\\\/prefeitura-lanca-livro-sobre-a-historia-das-escolas-rurais-da-cidade\\\/#primaryimage\"},\"thumbnailUrl\":\"http:\\\/\\\/www.cambe.pr.gov.br\\\/wp-content\\\/uploads\\\/2021\\\/10\\\/IMG_7593-300x200.jpg\",\"articleSection\":[\"Principal\"],\"inLanguage\":\"pt-BR\"},{\"@type\":\"WebPage\",\"@id\":\"https:\\\/\\\/www.cambe.pr.gov.br\\\/index.php\\\/prefeitura-lanca-livro-sobre-a-historia-das-escolas-rurais-da-cidade\\\/\",\"url\":\"https:\\\/\\\/www.cambe.pr.gov.br\\\/index.php\\\/prefeitura-lanca-livro-sobre-a-historia-das-escolas-rurais-da-cidade\\\/\",\"name\":\"Prefeitura lan\u00e7a livro sobre a hist\u00f3ria das escolas rurais da cidade - Prefeitura de Camb\u00e9\",\"isPartOf\":{\"@id\":\"https:\\\/\\\/www.cambe.pr.gov.br\\\/#website\"},\"primaryImageOfPage\":{\"@id\":\"https:\\\/\\\/www.cambe.pr.gov.br\\\/index.php\\\/prefeitura-lanca-livro-sobre-a-historia-das-escolas-rurais-da-cidade\\\/#primaryimage\"},\"image\":{\"@id\":\"https:\\\/\\\/www.cambe.pr.gov.br\\\/index.php\\\/prefeitura-lanca-livro-sobre-a-historia-das-escolas-rurais-da-cidade\\\/#primaryimage\"},\"thumbnailUrl\":\"http:\\\/\\\/www.cambe.pr.gov.br\\\/wp-content\\\/uploads\\\/2021\\\/10\\\/IMG_7593-300x200.jpg\",\"datePublished\":\"2021-10-30T12:02:53+00:00\",\"dateModified\":\"2024-10-07T16:00:27+00:00\",\"breadcrumb\":{\"@id\":\"https:\\\/\\\/www.cambe.pr.gov.br\\\/index.php\\\/prefeitura-lanca-livro-sobre-a-historia-das-escolas-rurais-da-cidade\\\/#breadcrumb\"},\"inLanguage\":\"pt-BR\",\"potentialAction\":[{\"@type\":\"ReadAction\",\"target\":[\"https:\\\/\\\/www.cambe.pr.gov.br\\\/index.php\\\/prefeitura-lanca-livro-sobre-a-historia-das-escolas-rurais-da-cidade\\\/\"]}]},{\"@type\":\"ImageObject\",\"inLanguage\":\"pt-BR\",\"@id\":\"https:\\\/\\\/www.cambe.pr.gov.br\\\/index.php\\\/prefeitura-lanca-livro-sobre-a-historia-das-escolas-rurais-da-cidade\\\/#primaryimage\",\"url\":\"http:\\\/\\\/www.cambe.pr.gov.br\\\/wp-content\\\/uploads\\\/2021\\\/10\\\/IMG_7593-300x200.jpg\",\"contentUrl\":\"http:\\\/\\\/www.cambe.pr.gov.br\\\/wp-content\\\/uploads\\\/2021\\\/10\\\/IMG_7593-300x200.jpg\"},{\"@type\":\"BreadcrumbList\",\"@id\":\"https:\\\/\\\/www.cambe.pr.gov.br\\\/index.php\\\/prefeitura-lanca-livro-sobre-a-historia-das-escolas-rurais-da-cidade\\\/#breadcrumb\",\"itemListElement\":[{\"@type\":\"ListItem\",\"position\":1,\"name\":\"In\u00edcio\",\"item\":\"https:\\\/\\\/www.cambe.pr.gov.br\\\/\"},{\"@type\":\"ListItem\",\"position\":2,\"name\":\"Prefeitura lan\u00e7a livro sobre a hist\u00f3ria das escolas rurais da cidade\"}]},{\"@type\":\"WebSite\",\"@id\":\"https:\\\/\\\/www.cambe.pr.gov.br\\\/#website\",\"url\":\"https:\\\/\\\/www.cambe.pr.gov.br\\\/\",\"name\":\"Prefeitura de Camb\u00e9\",\"description\":\"UM GOVERNO PARA TODOS\",\"publisher\":{\"@id\":\"https:\\\/\\\/www.cambe.pr.gov.br\\\/#organization\"},\"potentialAction\":[{\"@type\":\"SearchAction\",\"target\":{\"@type\":\"EntryPoint\",\"urlTemplate\":\"https:\\\/\\\/www.cambe.pr.gov.br\\\/?s={search_term_string}\"},\"query-input\":{\"@type\":\"PropertyValueSpecification\",\"valueRequired\":true,\"valueName\":\"search_term_string\"}}],\"inLanguage\":\"pt-BR\"},{\"@type\":\"Organization\",\"@id\":\"https:\\\/\\\/www.cambe.pr.gov.br\\\/#organization\",\"name\":\"Prefeitura de Camb\u00e9\",\"url\":\"https:\\\/\\\/www.cambe.pr.gov.br\\\/\",\"logo\":{\"@type\":\"ImageObject\",\"inLanguage\":\"pt-BR\",\"@id\":\"https:\\\/\\\/www.cambe.pr.gov.br\\\/#\\\/schema\\\/logo\\\/image\\\/\",\"url\":\"https:\\\/\\\/www.cambe.pr.gov.br\\\/wp-content\\\/uploads\\\/2021\\\/01\\\/cropped-cropped-cambe_brazao-icone.png\",\"contentUrl\":\"https:\\\/\\\/www.cambe.pr.gov.br\\\/wp-content\\\/uploads\\\/2021\\\/01\\\/cropped-cropped-cambe_brazao-icone.png\",\"width\":240,\"height\":240,\"caption\":\"Prefeitura de Camb\u00e9\"},\"image\":{\"@id\":\"https:\\\/\\\/www.cambe.pr.gov.br\\\/#\\\/schema\\\/logo\\\/image\\\/\"},\"sameAs\":[\"https:\\\/\\\/m.facebook.com\\\/prefeituradecambe\"]},{\"@type\":\"Person\",\"@id\":\"https:\\\/\\\/www.cambe.pr.gov.br\\\/#\\\/schema\\\/person\\\/e08f7c43a641b2ec036e4e867ec483e4\",\"name\":\"Thiago Mossini Balbino dos Santos\",\"image\":{\"@type\":\"ImageObject\",\"inLanguage\":\"pt-BR\",\"@id\":\"https:\\\/\\\/secure.gravatar.com\\\/avatar\\\/d957ed4e1bc3ebf5769d1003f9709cd2012ebf424eb4a5d76a933fee30e874b6?s=96&d=mm&r=g\",\"url\":\"https:\\\/\\\/secure.gravatar.com\\\/avatar\\\/d957ed4e1bc3ebf5769d1003f9709cd2012ebf424eb4a5d76a933fee30e874b6?s=96&d=mm&r=g\",\"contentUrl\":\"https:\\\/\\\/secure.gravatar.com\\\/avatar\\\/d957ed4e1bc3ebf5769d1003f9709cd2012ebf424eb4a5d76a933fee30e874b6?s=96&d=mm&r=g\",\"caption\":\"Thiago Mossini Balbino dos Santos\"},\"url\":\"https:\\\/\\\/www.cambe.pr.gov.br\\\/index.php\\\/author\\\/tmbsantos\\\/\"}]}<\/script>\n<!-- \/ Yoast SEO plugin. -->","yoast_head_json":{"title":"Prefeitura lan\u00e7a livro sobre a hist\u00f3ria das escolas rurais da cidade - Prefeitura de Camb\u00e9","robots":{"index":"index","follow":"follow","max-snippet":"max-snippet:-1","max-image-preview":"max-image-preview:large","max-video-preview":"max-video-preview:-1"},"canonical":"https:\/\/www.cambe.pr.gov.br\/index.php\/prefeitura-lanca-livro-sobre-a-historia-das-escolas-rurais-da-cidade\/","og_locale":"pt_BR","og_type":"article","og_title":"Prefeitura lan\u00e7a livro sobre a hist\u00f3ria das escolas rurais da cidade - Prefeitura de Camb\u00e9","og_description":"A Prefeitura de Camb\u00e9, por meio da Secretaria de Educa\u00e7\u00e3o, lan\u00e7ou o livro f\u00edsico \u201cRelembrando as antigas escolas rurais: a hist\u00f3ria da Educa\u00e7\u00e3o no munic\u00edpio de Camb\u00e9\u201d, que mapeia e conta a hist\u00f3ria de 52 escolas rurais da cidade desde a d\u00e9cada de 1940. O lan\u00e7amento ocorreu no sal\u00e3o paroquial da Igreja Matriz de Camb\u00e9. [&hellip;]","og_url":"https:\/\/www.cambe.pr.gov.br\/index.php\/prefeitura-lanca-livro-sobre-a-historia-das-escolas-rurais-da-cidade\/","og_site_name":"Prefeitura de Camb\u00e9","article_publisher":"https:\/\/m.facebook.com\/prefeituradecambe","article_published_time":"2021-10-30T12:02:53+00:00","article_modified_time":"2024-10-07T16:00:27+00:00","og_image":[{"url":"http:\/\/www.cambe.pr.gov.br\/wp-content\/uploads\/2021\/10\/IMG_7593-300x200.jpg","type":"","width":"","height":""}],"author":"Thiago Mossini Balbino dos Santos","twitter_card":"summary_large_image","twitter_misc":{"Escrito por":"Thiago Mossini Balbino dos Santos","Est. tempo de leitura":"1 minuto"},"schema":{"@context":"https:\/\/schema.org","@graph":[{"@type":"Article","@id":"https:\/\/www.cambe.pr.gov.br\/index.php\/prefeitura-lanca-livro-sobre-a-historia-das-escolas-rurais-da-cidade\/#article","isPartOf":{"@id":"https:\/\/www.cambe.pr.gov.br\/index.php\/prefeitura-lanca-livro-sobre-a-historia-das-escolas-rurais-da-cidade\/"},"author":{"name":"Thiago Mossini Balbino dos Santos","@id":"https:\/\/www.cambe.pr.gov.br\/#\/schema\/person\/e08f7c43a641b2ec036e4e867ec483e4"},"headline":"Prefeitura lan\u00e7a livro sobre a hist\u00f3ria das escolas rurais da cidade","datePublished":"2021-10-30T12:02:53+00:00","dateModified":"2024-10-07T16:00:27+00:00","mainEntityOfPage":{"@id":"https:\/\/www.cambe.pr.gov.br\/index.php\/prefeitura-lanca-livro-sobre-a-historia-das-escolas-rurais-da-cidade\/"},"wordCount":286,"publisher":{"@id":"https:\/\/www.cambe.pr.gov.br\/#organization"},"image":{"@id":"https:\/\/www.cambe.pr.gov.br\/index.php\/prefeitura-lanca-livro-sobre-a-historia-das-escolas-rurais-da-cidade\/#primaryimage"},"thumbnailUrl":"http:\/\/www.cambe.pr.gov.br\/wp-content\/uploads\/2021\/10\/IMG_7593-300x200.jpg","articleSection":["Principal"],"inLanguage":"pt-BR"},{"@type":"WebPage","@id":"https:\/\/www.cambe.pr.gov.br\/index.php\/prefeitura-lanca-livro-sobre-a-historia-das-escolas-rurais-da-cidade\/","url":"https:\/\/www.cambe.pr.gov.br\/index.php\/prefeitura-lanca-livro-sobre-a-historia-das-escolas-rurais-da-cidade\/","name":"Prefeitura lan\u00e7a livro sobre a hist\u00f3ria das escolas rurais da cidade - Prefeitura de Camb\u00e9","isPartOf":{"@id":"https:\/\/www.cambe.pr.gov.br\/#website"},"primaryImageOfPage":{"@id":"https:\/\/www.cambe.pr.gov.br\/index.php\/prefeitura-lanca-livro-sobre-a-historia-das-escolas-rurais-da-cidade\/#primaryimage"},"image":{"@id":"https:\/\/www.cambe.pr.gov.br\/index.php\/prefeitura-lanca-livro-sobre-a-historia-das-escolas-rurais-da-cidade\/#primaryimage"},"thumbnailUrl":"http:\/\/www.cambe.pr.gov.br\/wp-content\/uploads\/2021\/10\/IMG_7593-300x200.jpg","datePublished":"2021-10-30T12:02:53+00:00","dateModified":"2024-10-07T16:00:27+00:00","breadcrumb":{"@id":"https:\/\/www.cambe.pr.gov.br\/index.php\/prefeitura-lanca-livro-sobre-a-historia-das-escolas-rurais-da-cidade\/#breadcrumb"},"inLanguage":"pt-BR","potentialAction":[{"@type":"ReadAction","target":["https:\/\/www.cambe.pr.gov.br\/index.php\/prefeitura-lanca-livro-sobre-a-historia-das-escolas-rurais-da-cidade\/"]}]},{"@type":"ImageObject","inLanguage":"pt-BR","@id":"https:\/\/www.cambe.pr.gov.br\/index.php\/prefeitura-lanca-livro-sobre-a-historia-das-escolas-rurais-da-cidade\/#primaryimage","url":"http:\/\/www.cambe.pr.gov.br\/wp-content\/uploads\/2021\/10\/IMG_7593-300x200.jpg","contentUrl":"http:\/\/www.cambe.pr.gov.br\/wp-content\/uploads\/2021\/10\/IMG_7593-300x200.jpg"},{"@type":"BreadcrumbList","@id":"https:\/\/www.cambe.pr.gov.br\/index.php\/prefeitura-lanca-livro-sobre-a-historia-das-escolas-rurais-da-cidade\/#breadcrumb","itemListElement":[{"@type":"ListItem","position":1,"name":"In\u00edcio","item":"https:\/\/www.cambe.pr.gov.br\/"},{"@type":"ListItem","position":2,"name":"Prefeitura lan\u00e7a livro sobre a hist\u00f3ria das escolas rurais da cidade"}]},{"@type":"WebSite","@id":"https:\/\/www.cambe.pr.gov.br\/#website","url":"https:\/\/www.cambe.pr.gov.br\/","name":"Prefeitura de Camb\u00e9","description":"UM GOVERNO PARA TODOS","publisher":{"@id":"https:\/\/www.cambe.pr.gov.br\/#organization"},"potentialAction":[{"@type":"SearchAction","target":{"@type":"EntryPoint","urlTemplate":"https:\/\/www.cambe.pr.gov.br\/?s={search_term_string}"},"query-input":{"@type":"PropertyValueSpecification","valueRequired":true,"valueName":"search_term_string"}}],"inLanguage":"pt-BR"},{"@type":"Organization","@id":"https:\/\/www.cambe.pr.gov.br\/#organization","name":"Prefeitura de Camb\u00e9","url":"https:\/\/www.cambe.pr.gov.br\/","logo":{"@type":"ImageObject","inLanguage":"pt-BR","@id":"https:\/\/www.cambe.pr.gov.br\/#\/schema\/logo\/image\/","url":"https:\/\/www.cambe.pr.gov.br\/wp-content\/uploads\/2021\/01\/cropped-cropped-cambe_brazao-icone.png","contentUrl":"https:\/\/www.cambe.pr.gov.br\/wp-content\/uploads\/2021\/01\/cropped-cropped-cambe_brazao-icone.png","width":240,"height":240,"caption":"Prefeitura de Camb\u00e9"},"image":{"@id":"https:\/\/www.cambe.pr.gov.br\/#\/schema\/logo\/image\/"},"sameAs":["https:\/\/m.facebook.com\/prefeituradecambe"]},{"@type":"Person","@id":"https:\/\/www.cambe.pr.gov.br\/#\/schema\/person\/e08f7c43a641b2ec036e4e867ec483e4","name":"Thiago Mossini Balbino dos Santos","image":{"@type":"ImageObject","inLanguage":"pt-BR","@id":"https:\/\/secure.gravatar.com\/avatar\/d957ed4e1bc3ebf5769d1003f9709cd2012ebf424eb4a5d76a933fee30e874b6?s=96&d=mm&r=g","url":"https:\/\/secure.gravatar.com\/avatar\/d957ed4e1bc3ebf5769d1003f9709cd2012ebf424eb4a5d76a933fee30e874b6?s=96&d=mm&r=g","contentUrl":"https:\/\/secure.gravatar.com\/avatar\/d957ed4e1bc3ebf5769d1003f9709cd2012ebf424eb4a5d76a933fee30e874b6?s=96&d=mm&r=g","caption":"Thiago Mossini Balbino dos Santos"},"url":"https:\/\/www.cambe.pr.gov.br\/index.php\/author\/tmbsantos\/"}]}},"_links":{"self":[{"href":"https:\/\/www.cambe.pr.gov.br\/index.php\/wp-json\/wp\/v2\/posts\/3946","targetHints":{"allow":["GET"]}}],"collection":[{"href":"https:\/\/www.cambe.pr.gov.br\/index.php\/wp-json\/wp\/v2\/posts"}],"about":[{"href":"https:\/\/www.cambe.pr.gov.br\/index.php\/wp-json\/wp\/v2\/types\/post"}],"author":[{"embeddable":true,"href":"https:\/\/www.cambe.pr.gov.br\/index.php\/wp-json\/wp\/v2\/users\/2"}],"replies":[{"embeddable":true,"href":"https:\/\/www.cambe.pr.gov.br\/index.php\/wp-json\/wp\/v2\/comments?post=3946"}],"version-history":[{"count":1,"href":"https:\/\/www.cambe.pr.gov.br\/index.php\/wp-json\/wp\/v2\/posts\/3946\/revisions"}],"predecessor-version":[{"id":3948,"href":"https:\/\/www.cambe.pr.gov.br\/index.php\/wp-json\/wp\/v2\/posts\/3946\/revisions\/3948"}],"wp:attachment":[{"href":"https:\/\/www.cambe.pr.gov.br\/index.php\/wp-json\/wp\/v2\/media?parent=3946"}],"wp:term":[{"taxonomy":"category","embeddable":true,"href":"https:\/\/www.cambe.pr.gov.br\/index.php\/wp-json\/wp\/v2\/categories?post=3946"},{"taxonomy":"post_tag","embeddable":true,"href":"https:\/\/www.cambe.pr.gov.br\/index.php\/wp-json\/wp\/v2\/tags?post=3946"}],"curies":[{"name":"wp","href":"https:\/\/api.w.org\/{rel}","templated":true}]}}