{"id":3943,"date":"2021-10-29T16:18:17","date_gmt":"2021-10-29T19:18:17","guid":{"rendered":"http:\/\/www.cambe.pr.gov.br\/?p=3943"},"modified":"2024-10-07T13:00:27","modified_gmt":"2024-10-07T16:00:27","slug":"chamamento-para-vacinacao-contra-covid-19-para-dose-de-reforco-e-segunda-dose","status":"publish","type":"post","link":"https:\/\/www.cambe.pr.gov.br\/index.php\/chamamento-para-vacinacao-contra-covid-19-para-dose-de-reforco-e-segunda-dose\/","title":{"rendered":"Chamamento para vacina\u00e7\u00e3o contra Covid-19 para dose de refor\u00e7o e segunda dose"},"content":{"rendered":"<p style=\"text-align: justify;\"><span style=\"font-family: arial, helvetica, sans-serif;\"><img fetchpriority=\"high\" decoding=\"async\" class=\"size-medium wp-image-3096 alignleft\" src=\"https:\/\/www.cambe.pr.gov.br\/wp-content\/uploads\/2021\/08\/vacina-cambe-e1629987115655-300x200.jpg\" alt=\"\" width=\"300\" height=\"200\" srcset=\"https:\/\/www.cambe.pr.gov.br\/wp-content\/uploads\/2021\/08\/vacina-cambe-e1629987115655-300x200.jpg 300w, https:\/\/www.cambe.pr.gov.br\/wp-content\/uploads\/2021\/08\/vacina-cambe-e1629987115655-768x512.jpg 768w, https:\/\/www.cambe.pr.gov.br\/wp-content\/uploads\/2021\/08\/vacina-cambe-e1629987115655.jpg 1024w\" sizes=\"(max-width: 300px) 100vw, 300px\" \/>A Prefeitura de Camb\u00e9, por meio da Secretaria de Sa\u00fade, convoca pessoas que receberam&nbsp;a primeira dose de vacina Astrazeneca (Fiocruz) at\u00e9 o dia 10 de setembro para aplica\u00e7\u00e3o da segunda dose do imunizante.<\/span><\/p>\n<p style=\"text-align: justify;\"><span style=\"font-family: arial, helvetica, sans-serif;\">Ser\u00e1 na pr\u00f3xima sexta-feira, 5 de novembro, no modelo drive thru na Rodovi\u00e1ria (Avenida Brasil, 1336 \u2013 Centro), no Centro da Juventude (Avenida Pedro Viriato Parigot de Souza, 953 \u2013 Jardim Castelo Branco) e na Unidade B\u00e1sica de Sa\u00fade do Camb\u00e9 IV (pela Rua Eug\u00eanio M. Fadel, 65). A aplica\u00e7\u00e3o da dose complementar tamb\u00e9m est\u00e1 dispon\u00edvel no Gin\u00e1sio de Esportes do Camb\u00e9 III (Rua Tucanos, 121), mas somente para pedestres. A vacina\u00e7\u00e3o come\u00e7a \u00e0s 8h e vai at\u00e9 \u00e0s 12h em todos os pontos. \u00c9 obrigat\u00f3rio comparecer com um documento com foto, CPF ou cart\u00e3o do SUS, comprovante de resid\u00eancia e a carteira de vacina\u00e7\u00e3o com a anota\u00e7\u00e3o da primeira dose.<\/span><\/p>\n<p><span style=\"font-family: arial, helvetica, sans-serif;\">A Secretaria de Sa\u00fade tamb\u00e9m convoca para receber a dose de refor\u00e7o idosos com mais de 70 anos e que receberam a segunda dose da vacina at\u00e9 o dia 5 de maio. Eles podem comparecer a uma das seguintes unidades de sa\u00fade: Ana Rosa, Camb\u00e9 2, Centro de Sa\u00fade, Cristal, Guarani, Novo Bandeirantes, Santo Amaro, S\u00e3o Paulo e Silvino. A aplica\u00e7\u00e3o das vacinas ser\u00e1 das 10h \u00e0s 14h e \u00e9 preciso apresentar um documento com foto, CPF ou cart\u00e3o do SUS, comprovante de resid\u00eancia e a carteira de vacina\u00e7\u00e3o com a anota\u00e7\u00e3o da primeira dose e segunda doses.<\/span><\/p>\n","protected":false},"excerpt":{"rendered":"<p>A Prefeitura de Camb\u00e9, por meio da Secretaria de Sa\u00fade, convoca pessoas que receberam&nbsp;a primeira dose de vacina Astrazeneca (Fiocruz) at\u00e9 o dia 10 de setembro para aplica\u00e7\u00e3o da segunda dose do imunizante. Ser\u00e1 na pr\u00f3xima sexta-feira, 5 de novembro, no modelo drive thru na Rodovi\u00e1ria (Avenida Brasil, 1336 \u2013 Centro), no Centro da Juventude [&hellip;]<\/p>\n","protected":false},"author":2,"featured_media":0,"comment_status":"closed","ping_status":"open","sticky":false,"template":"","format":"standard","meta":{"ngg_post_thumbnail":0,"footnotes":""},"categories":[1],"tags":[],"class_list":["post-3943","post","type-post","status-publish","format-standard","hentry","category-principal"],"yoast_head":"<!-- This site is optimized with the Yoast SEO plugin v27.4 - https:\/\/yoast.com\/product\/yoast-seo-wordpress\/ -->\n<title>Chamamento para vacina\u00e7\u00e3o contra Covid-19 para dose de refor\u00e7o e segunda dose - Prefeitura de Camb\u00e9<\/title>\n<meta name=\"robots\" content=\"index, follow, max-snippet:-1, max-image-preview:large, max-video-preview:-1\" \/>\n<link rel=\"canonical\" href=\"https:\/\/www.cambe.pr.gov.br\/index.php\/chamamento-para-vacinacao-contra-covid-19-para-dose-de-reforco-e-segunda-dose\/\" \/>\n<meta property=\"og:locale\" content=\"pt_BR\" \/>\n<meta property=\"og:type\" content=\"article\" \/>\n<meta property=\"og:title\" content=\"Chamamento para vacina\u00e7\u00e3o contra Covid-19 para dose de refor\u00e7o e segunda dose - Prefeitura de Camb\u00e9\" \/>\n<meta property=\"og:description\" content=\"A Prefeitura de Camb\u00e9, por meio da Secretaria de Sa\u00fade, convoca pessoas que receberam&nbsp;a primeira dose de vacina Astrazeneca (Fiocruz) at\u00e9 o dia 10 de setembro para aplica\u00e7\u00e3o da segunda dose do imunizante. Ser\u00e1 na pr\u00f3xima sexta-feira, 5 de novembro, no modelo drive thru na Rodovi\u00e1ria (Avenida Brasil, 1336 \u2013 Centro), no Centro da Juventude [&hellip;]\" \/>\n<meta property=\"og:url\" content=\"https:\/\/www.cambe.pr.gov.br\/index.php\/chamamento-para-vacinacao-contra-covid-19-para-dose-de-reforco-e-segunda-dose\/\" \/>\n<meta property=\"og:site_name\" content=\"Prefeitura de Camb\u00e9\" \/>\n<meta property=\"article:publisher\" content=\"https:\/\/m.facebook.com\/prefeituradecambe\" \/>\n<meta property=\"article:published_time\" content=\"2021-10-29T19:18:17+00:00\" \/>\n<meta property=\"article:modified_time\" content=\"2024-10-07T16:00:27+00:00\" \/>\n<meta property=\"og:image\" content=\"http:\/\/www.cambe.pr.gov.br\/wp-content\/uploads\/2021\/08\/vacina-cambe-e1629987115655-300x200.jpg\" \/>\n<meta name=\"author\" content=\"Thiago Mossini Balbino dos Santos\" \/>\n<meta name=\"twitter:card\" content=\"summary_large_image\" \/>\n<meta name=\"twitter:label1\" content=\"Escrito por\" \/>\n\t<meta name=\"twitter:data1\" content=\"Thiago Mossini Balbino dos Santos\" \/>\n\t<meta name=\"twitter:label2\" content=\"Est. tempo de leitura\" \/>\n\t<meta name=\"twitter:data2\" content=\"1 minuto\" \/>\n<script type=\"application\/ld+json\" class=\"yoast-schema-graph\">{\"@context\":\"https:\\\/\\\/schema.org\",\"@graph\":[{\"@type\":\"Article\",\"@id\":\"https:\\\/\\\/www.cambe.pr.gov.br\\\/index.php\\\/chamamento-para-vacinacao-contra-covid-19-para-dose-de-reforco-e-segunda-dose\\\/#article\",\"isPartOf\":{\"@id\":\"https:\\\/\\\/www.cambe.pr.gov.br\\\/index.php\\\/chamamento-para-vacinacao-contra-covid-19-para-dose-de-reforco-e-segunda-dose\\\/\"},\"author\":{\"name\":\"Thiago Mossini Balbino dos Santos\",\"@id\":\"https:\\\/\\\/www.cambe.pr.gov.br\\\/#\\\/schema\\\/person\\\/e08f7c43a641b2ec036e4e867ec483e4\"},\"headline\":\"Chamamento para vacina\u00e7\u00e3o contra Covid-19 para dose de refor\u00e7o e segunda dose\",\"datePublished\":\"2021-10-29T19:18:17+00:00\",\"dateModified\":\"2024-10-07T16:00:27+00:00\",\"mainEntityOfPage\":{\"@id\":\"https:\\\/\\\/www.cambe.pr.gov.br\\\/index.php\\\/chamamento-para-vacinacao-contra-covid-19-para-dose-de-reforco-e-segunda-dose\\\/\"},\"wordCount\":274,\"publisher\":{\"@id\":\"https:\\\/\\\/www.cambe.pr.gov.br\\\/#organization\"},\"image\":{\"@id\":\"https:\\\/\\\/www.cambe.pr.gov.br\\\/index.php\\\/chamamento-para-vacinacao-contra-covid-19-para-dose-de-reforco-e-segunda-dose\\\/#primaryimage\"},\"thumbnailUrl\":\"http:\\\/\\\/www.cambe.pr.gov.br\\\/wp-content\\\/uploads\\\/2021\\\/08\\\/vacina-cambe-e1629987115655-300x200.jpg\",\"articleSection\":[\"Principal\"],\"inLanguage\":\"pt-BR\"},{\"@type\":\"WebPage\",\"@id\":\"https:\\\/\\\/www.cambe.pr.gov.br\\\/index.php\\\/chamamento-para-vacinacao-contra-covid-19-para-dose-de-reforco-e-segunda-dose\\\/\",\"url\":\"https:\\\/\\\/www.cambe.pr.gov.br\\\/index.php\\\/chamamento-para-vacinacao-contra-covid-19-para-dose-de-reforco-e-segunda-dose\\\/\",\"name\":\"Chamamento para vacina\u00e7\u00e3o contra Covid-19 para dose de refor\u00e7o e segunda dose - Prefeitura de Camb\u00e9\",\"isPartOf\":{\"@id\":\"https:\\\/\\\/www.cambe.pr.gov.br\\\/#website\"},\"primaryImageOfPage\":{\"@id\":\"https:\\\/\\\/www.cambe.pr.gov.br\\\/index.php\\\/chamamento-para-vacinacao-contra-covid-19-para-dose-de-reforco-e-segunda-dose\\\/#primaryimage\"},\"image\":{\"@id\":\"https:\\\/\\\/www.cambe.pr.gov.br\\\/index.php\\\/chamamento-para-vacinacao-contra-covid-19-para-dose-de-reforco-e-segunda-dose\\\/#primaryimage\"},\"thumbnailUrl\":\"http:\\\/\\\/www.cambe.pr.gov.br\\\/wp-content\\\/uploads\\\/2021\\\/08\\\/vacina-cambe-e1629987115655-300x200.jpg\",\"datePublished\":\"2021-10-29T19:18:17+00:00\",\"dateModified\":\"2024-10-07T16:00:27+00:00\",\"breadcrumb\":{\"@id\":\"https:\\\/\\\/www.cambe.pr.gov.br\\\/index.php\\\/chamamento-para-vacinacao-contra-covid-19-para-dose-de-reforco-e-segunda-dose\\\/#breadcrumb\"},\"inLanguage\":\"pt-BR\",\"potentialAction\":[{\"@type\":\"ReadAction\",\"target\":[\"https:\\\/\\\/www.cambe.pr.gov.br\\\/index.php\\\/chamamento-para-vacinacao-contra-covid-19-para-dose-de-reforco-e-segunda-dose\\\/\"]}]},{\"@type\":\"ImageObject\",\"inLanguage\":\"pt-BR\",\"@id\":\"https:\\\/\\\/www.cambe.pr.gov.br\\\/index.php\\\/chamamento-para-vacinacao-contra-covid-19-para-dose-de-reforco-e-segunda-dose\\\/#primaryimage\",\"url\":\"http:\\\/\\\/www.cambe.pr.gov.br\\\/wp-content\\\/uploads\\\/2021\\\/08\\\/vacina-cambe-e1629987115655-300x200.jpg\",\"contentUrl\":\"http:\\\/\\\/www.cambe.pr.gov.br\\\/wp-content\\\/uploads\\\/2021\\\/08\\\/vacina-cambe-e1629987115655-300x200.jpg\"},{\"@type\":\"BreadcrumbList\",\"@id\":\"https:\\\/\\\/www.cambe.pr.gov.br\\\/index.php\\\/chamamento-para-vacinacao-contra-covid-19-para-dose-de-reforco-e-segunda-dose\\\/#breadcrumb\",\"itemListElement\":[{\"@type\":\"ListItem\",\"position\":1,\"name\":\"In\u00edcio\",\"item\":\"https:\\\/\\\/www.cambe.pr.gov.br\\\/\"},{\"@type\":\"ListItem\",\"position\":2,\"name\":\"Chamamento para vacina\u00e7\u00e3o contra Covid-19 para dose de refor\u00e7o e segunda dose\"}]},{\"@type\":\"WebSite\",\"@id\":\"https:\\\/\\\/www.cambe.pr.gov.br\\\/#website\",\"url\":\"https:\\\/\\\/www.cambe.pr.gov.br\\\/\",\"name\":\"Prefeitura de Camb\u00e9\",\"description\":\"UM GOVERNO PARA TODOS\",\"publisher\":{\"@id\":\"https:\\\/\\\/www.cambe.pr.gov.br\\\/#organization\"},\"potentialAction\":[{\"@type\":\"SearchAction\",\"target\":{\"@type\":\"EntryPoint\",\"urlTemplate\":\"https:\\\/\\\/www.cambe.pr.gov.br\\\/?s={search_term_string}\"},\"query-input\":{\"@type\":\"PropertyValueSpecification\",\"valueRequired\":true,\"valueName\":\"search_term_string\"}}],\"inLanguage\":\"pt-BR\"},{\"@type\":\"Organization\",\"@id\":\"https:\\\/\\\/www.cambe.pr.gov.br\\\/#organization\",\"name\":\"Prefeitura de Camb\u00e9\",\"url\":\"https:\\\/\\\/www.cambe.pr.gov.br\\\/\",\"logo\":{\"@type\":\"ImageObject\",\"inLanguage\":\"pt-BR\",\"@id\":\"https:\\\/\\\/www.cambe.pr.gov.br\\\/#\\\/schema\\\/logo\\\/image\\\/\",\"url\":\"https:\\\/\\\/www.cambe.pr.gov.br\\\/wp-content\\\/uploads\\\/2021\\\/01\\\/cropped-cropped-cambe_brazao-icone.png\",\"contentUrl\":\"https:\\\/\\\/www.cambe.pr.gov.br\\\/wp-content\\\/uploads\\\/2021\\\/01\\\/cropped-cropped-cambe_brazao-icone.png\",\"width\":240,\"height\":240,\"caption\":\"Prefeitura de Camb\u00e9\"},\"image\":{\"@id\":\"https:\\\/\\\/www.cambe.pr.gov.br\\\/#\\\/schema\\\/logo\\\/image\\\/\"},\"sameAs\":[\"https:\\\/\\\/m.facebook.com\\\/prefeituradecambe\"]},{\"@type\":\"Person\",\"@id\":\"https:\\\/\\\/www.cambe.pr.gov.br\\\/#\\\/schema\\\/person\\\/e08f7c43a641b2ec036e4e867ec483e4\",\"name\":\"Thiago Mossini Balbino dos Santos\",\"image\":{\"@type\":\"ImageObject\",\"inLanguage\":\"pt-BR\",\"@id\":\"https:\\\/\\\/secure.gravatar.com\\\/avatar\\\/d957ed4e1bc3ebf5769d1003f9709cd2012ebf424eb4a5d76a933fee30e874b6?s=96&d=mm&r=g\",\"url\":\"https:\\\/\\\/secure.gravatar.com\\\/avatar\\\/d957ed4e1bc3ebf5769d1003f9709cd2012ebf424eb4a5d76a933fee30e874b6?s=96&d=mm&r=g\",\"contentUrl\":\"https:\\\/\\\/secure.gravatar.com\\\/avatar\\\/d957ed4e1bc3ebf5769d1003f9709cd2012ebf424eb4a5d76a933fee30e874b6?s=96&d=mm&r=g\",\"caption\":\"Thiago Mossini Balbino dos Santos\"},\"url\":\"https:\\\/\\\/www.cambe.pr.gov.br\\\/index.php\\\/author\\\/tmbsantos\\\/\"}]}<\/script>\n<!-- \/ Yoast SEO plugin. -->","yoast_head_json":{"title":"Chamamento para vacina\u00e7\u00e3o contra Covid-19 para dose de refor\u00e7o e segunda dose - Prefeitura de Camb\u00e9","robots":{"index":"index","follow":"follow","max-snippet":"max-snippet:-1","max-image-preview":"max-image-preview:large","max-video-preview":"max-video-preview:-1"},"canonical":"https:\/\/www.cambe.pr.gov.br\/index.php\/chamamento-para-vacinacao-contra-covid-19-para-dose-de-reforco-e-segunda-dose\/","og_locale":"pt_BR","og_type":"article","og_title":"Chamamento para vacina\u00e7\u00e3o contra Covid-19 para dose de refor\u00e7o e segunda dose - Prefeitura de Camb\u00e9","og_description":"A Prefeitura de Camb\u00e9, por meio da Secretaria de Sa\u00fade, convoca pessoas que receberam&nbsp;a primeira dose de vacina Astrazeneca (Fiocruz) at\u00e9 o dia 10 de setembro para aplica\u00e7\u00e3o da segunda dose do imunizante. Ser\u00e1 na pr\u00f3xima sexta-feira, 5 de novembro, no modelo drive thru na Rodovi\u00e1ria (Avenida Brasil, 1336 \u2013 Centro), no Centro da Juventude [&hellip;]","og_url":"https:\/\/www.cambe.pr.gov.br\/index.php\/chamamento-para-vacinacao-contra-covid-19-para-dose-de-reforco-e-segunda-dose\/","og_site_name":"Prefeitura de Camb\u00e9","article_publisher":"https:\/\/m.facebook.com\/prefeituradecambe","article_published_time":"2021-10-29T19:18:17+00:00","article_modified_time":"2024-10-07T16:00:27+00:00","og_image":[{"url":"http:\/\/www.cambe.pr.gov.br\/wp-content\/uploads\/2021\/08\/vacina-cambe-e1629987115655-300x200.jpg","type":"","width":"","height":""}],"author":"Thiago Mossini Balbino dos Santos","twitter_card":"summary_large_image","twitter_misc":{"Escrito por":"Thiago Mossini Balbino dos Santos","Est. tempo de leitura":"1 minuto"},"schema":{"@context":"https:\/\/schema.org","@graph":[{"@type":"Article","@id":"https:\/\/www.cambe.pr.gov.br\/index.php\/chamamento-para-vacinacao-contra-covid-19-para-dose-de-reforco-e-segunda-dose\/#article","isPartOf":{"@id":"https:\/\/www.cambe.pr.gov.br\/index.php\/chamamento-para-vacinacao-contra-covid-19-para-dose-de-reforco-e-segunda-dose\/"},"author":{"name":"Thiago Mossini Balbino dos Santos","@id":"https:\/\/www.cambe.pr.gov.br\/#\/schema\/person\/e08f7c43a641b2ec036e4e867ec483e4"},"headline":"Chamamento para vacina\u00e7\u00e3o contra Covid-19 para dose de refor\u00e7o e segunda dose","datePublished":"2021-10-29T19:18:17+00:00","dateModified":"2024-10-07T16:00:27+00:00","mainEntityOfPage":{"@id":"https:\/\/www.cambe.pr.gov.br\/index.php\/chamamento-para-vacinacao-contra-covid-19-para-dose-de-reforco-e-segunda-dose\/"},"wordCount":274,"publisher":{"@id":"https:\/\/www.cambe.pr.gov.br\/#organization"},"image":{"@id":"https:\/\/www.cambe.pr.gov.br\/index.php\/chamamento-para-vacinacao-contra-covid-19-para-dose-de-reforco-e-segunda-dose\/#primaryimage"},"thumbnailUrl":"http:\/\/www.cambe.pr.gov.br\/wp-content\/uploads\/2021\/08\/vacina-cambe-e1629987115655-300x200.jpg","articleSection":["Principal"],"inLanguage":"pt-BR"},{"@type":"WebPage","@id":"https:\/\/www.cambe.pr.gov.br\/index.php\/chamamento-para-vacinacao-contra-covid-19-para-dose-de-reforco-e-segunda-dose\/","url":"https:\/\/www.cambe.pr.gov.br\/index.php\/chamamento-para-vacinacao-contra-covid-19-para-dose-de-reforco-e-segunda-dose\/","name":"Chamamento para vacina\u00e7\u00e3o contra Covid-19 para dose de refor\u00e7o e segunda dose - Prefeitura de Camb\u00e9","isPartOf":{"@id":"https:\/\/www.cambe.pr.gov.br\/#website"},"primaryImageOfPage":{"@id":"https:\/\/www.cambe.pr.gov.br\/index.php\/chamamento-para-vacinacao-contra-covid-19-para-dose-de-reforco-e-segunda-dose\/#primaryimage"},"image":{"@id":"https:\/\/www.cambe.pr.gov.br\/index.php\/chamamento-para-vacinacao-contra-covid-19-para-dose-de-reforco-e-segunda-dose\/#primaryimage"},"thumbnailUrl":"http:\/\/www.cambe.pr.gov.br\/wp-content\/uploads\/2021\/08\/vacina-cambe-e1629987115655-300x200.jpg","datePublished":"2021-10-29T19:18:17+00:00","dateModified":"2024-10-07T16:00:27+00:00","breadcrumb":{"@id":"https:\/\/www.cambe.pr.gov.br\/index.php\/chamamento-para-vacinacao-contra-covid-19-para-dose-de-reforco-e-segunda-dose\/#breadcrumb"},"inLanguage":"pt-BR","potentialAction":[{"@type":"ReadAction","target":["https:\/\/www.cambe.pr.gov.br\/index.php\/chamamento-para-vacinacao-contra-covid-19-para-dose-de-reforco-e-segunda-dose\/"]}]},{"@type":"ImageObject","inLanguage":"pt-BR","@id":"https:\/\/www.cambe.pr.gov.br\/index.php\/chamamento-para-vacinacao-contra-covid-19-para-dose-de-reforco-e-segunda-dose\/#primaryimage","url":"http:\/\/www.cambe.pr.gov.br\/wp-content\/uploads\/2021\/08\/vacina-cambe-e1629987115655-300x200.jpg","contentUrl":"http:\/\/www.cambe.pr.gov.br\/wp-content\/uploads\/2021\/08\/vacina-cambe-e1629987115655-300x200.jpg"},{"@type":"BreadcrumbList","@id":"https:\/\/www.cambe.pr.gov.br\/index.php\/chamamento-para-vacinacao-contra-covid-19-para-dose-de-reforco-e-segunda-dose\/#breadcrumb","itemListElement":[{"@type":"ListItem","position":1,"name":"In\u00edcio","item":"https:\/\/www.cambe.pr.gov.br\/"},{"@type":"ListItem","position":2,"name":"Chamamento para vacina\u00e7\u00e3o contra Covid-19 para dose de refor\u00e7o e segunda dose"}]},{"@type":"WebSite","@id":"https:\/\/www.cambe.pr.gov.br\/#website","url":"https:\/\/www.cambe.pr.gov.br\/","name":"Prefeitura de Camb\u00e9","description":"UM GOVERNO PARA TODOS","publisher":{"@id":"https:\/\/www.cambe.pr.gov.br\/#organization"},"potentialAction":[{"@type":"SearchAction","target":{"@type":"EntryPoint","urlTemplate":"https:\/\/www.cambe.pr.gov.br\/?s={search_term_string}"},"query-input":{"@type":"PropertyValueSpecification","valueRequired":true,"valueName":"search_term_string"}}],"inLanguage":"pt-BR"},{"@type":"Organization","@id":"https:\/\/www.cambe.pr.gov.br\/#organization","name":"Prefeitura de Camb\u00e9","url":"https:\/\/www.cambe.pr.gov.br\/","logo":{"@type":"ImageObject","inLanguage":"pt-BR","@id":"https:\/\/www.cambe.pr.gov.br\/#\/schema\/logo\/image\/","url":"https:\/\/www.cambe.pr.gov.br\/wp-content\/uploads\/2021\/01\/cropped-cropped-cambe_brazao-icone.png","contentUrl":"https:\/\/www.cambe.pr.gov.br\/wp-content\/uploads\/2021\/01\/cropped-cropped-cambe_brazao-icone.png","width":240,"height":240,"caption":"Prefeitura de Camb\u00e9"},"image":{"@id":"https:\/\/www.cambe.pr.gov.br\/#\/schema\/logo\/image\/"},"sameAs":["https:\/\/m.facebook.com\/prefeituradecambe"]},{"@type":"Person","@id":"https:\/\/www.cambe.pr.gov.br\/#\/schema\/person\/e08f7c43a641b2ec036e4e867ec483e4","name":"Thiago Mossini Balbino dos Santos","image":{"@type":"ImageObject","inLanguage":"pt-BR","@id":"https:\/\/secure.gravatar.com\/avatar\/d957ed4e1bc3ebf5769d1003f9709cd2012ebf424eb4a5d76a933fee30e874b6?s=96&d=mm&r=g","url":"https:\/\/secure.gravatar.com\/avatar\/d957ed4e1bc3ebf5769d1003f9709cd2012ebf424eb4a5d76a933fee30e874b6?s=96&d=mm&r=g","contentUrl":"https:\/\/secure.gravatar.com\/avatar\/d957ed4e1bc3ebf5769d1003f9709cd2012ebf424eb4a5d76a933fee30e874b6?s=96&d=mm&r=g","caption":"Thiago Mossini Balbino dos Santos"},"url":"https:\/\/www.cambe.pr.gov.br\/index.php\/author\/tmbsantos\/"}]}},"_links":{"self":[{"href":"https:\/\/www.cambe.pr.gov.br\/index.php\/wp-json\/wp\/v2\/posts\/3943","targetHints":{"allow":["GET"]}}],"collection":[{"href":"https:\/\/www.cambe.pr.gov.br\/index.php\/wp-json\/wp\/v2\/posts"}],"about":[{"href":"https:\/\/www.cambe.pr.gov.br\/index.php\/wp-json\/wp\/v2\/types\/post"}],"author":[{"embeddable":true,"href":"https:\/\/www.cambe.pr.gov.br\/index.php\/wp-json\/wp\/v2\/users\/2"}],"replies":[{"embeddable":true,"href":"https:\/\/www.cambe.pr.gov.br\/index.php\/wp-json\/wp\/v2\/comments?post=3943"}],"version-history":[{"count":1,"href":"https:\/\/www.cambe.pr.gov.br\/index.php\/wp-json\/wp\/v2\/posts\/3943\/revisions"}],"predecessor-version":[{"id":3944,"href":"https:\/\/www.cambe.pr.gov.br\/index.php\/wp-json\/wp\/v2\/posts\/3943\/revisions\/3944"}],"wp:attachment":[{"href":"https:\/\/www.cambe.pr.gov.br\/index.php\/wp-json\/wp\/v2\/media?parent=3943"}],"wp:term":[{"taxonomy":"category","embeddable":true,"href":"https:\/\/www.cambe.pr.gov.br\/index.php\/wp-json\/wp\/v2\/categories?post=3943"},{"taxonomy":"post_tag","embeddable":true,"href":"https:\/\/www.cambe.pr.gov.br\/index.php\/wp-json\/wp\/v2\/tags?post=3943"}],"curies":[{"name":"wp","href":"https:\/\/api.w.org\/{rel}","templated":true}]}}