{"id":3910,"date":"2021-10-28T14:05:24","date_gmt":"2021-10-28T17:05:24","guid":{"rendered":"http:\/\/www.cambe.pr.gov.br\/?p=3910"},"modified":"2024-10-07T13:00:27","modified_gmt":"2024-10-07T16:00:27","slug":"pioneiros-cambeenses-recebem-homenagem-por-seus-feitos-pela-cidade","status":"publish","type":"post","link":"https:\/\/www.cambe.pr.gov.br\/index.php\/pioneiros-cambeenses-recebem-homenagem-por-seus-feitos-pela-cidade\/","title":{"rendered":"Pioneiros cambeenses recebem homenagem por seus feitos pela cidade"},"content":{"rendered":"<div id=\"attachment_3911\" style=\"width: 310px\" class=\"wp-caption alignleft\"><img fetchpriority=\"high\" decoding=\"async\" aria-describedby=\"caption-attachment-3911\" class=\"wp-image-3911 size-medium\" src=\"https:\/\/www.cambe.pr.gov.br\/wp-content\/uploads\/2021\/10\/IMG_6945-300x200.jpg\" alt=\"\" width=\"300\" height=\"200\" srcset=\"https:\/\/www.cambe.pr.gov.br\/wp-content\/uploads\/2021\/10\/IMG_6945-300x200.jpg 300w, https:\/\/www.cambe.pr.gov.br\/wp-content\/uploads\/2021\/10\/IMG_6945-1024x683.jpg 1024w, https:\/\/www.cambe.pr.gov.br\/wp-content\/uploads\/2021\/10\/IMG_6945-768x512.jpg 768w, https:\/\/www.cambe.pr.gov.br\/wp-content\/uploads\/2021\/10\/IMG_6945-1536x1024.jpg 1536w, https:\/\/www.cambe.pr.gov.br\/wp-content\/uploads\/2021\/10\/IMG_6945.jpg 2048w\" sizes=\"(max-width: 300px) 100vw, 300px\" \/><p id=\"caption-attachment-3911\" class=\"wp-caption-text\">O vereador Lucas Mil Grau e a Secret\u00e1ria de Educa\u00e7\u00e3o, Estela Camata, entregam a homenagem \u00e0 dona Herm\u00ednia B\u00f4scolo Pacheco<\/p><\/div>\n<p style=\"text-align: justify;\"><span style=\"font-family: arial, helvetica, sans-serif;\">A C\u00e2mara dos Vereadores, homenageou 21 pioneiros cambeenses na quarta-feira (27), em parceria com a Secretaria de Educa\u00e7\u00e3o da Prefeitura de Camb\u00e9. A solenidade contou com representantes de 17 escolas municipais da cidade, que receberam dos vereadores uma Mo\u00e7\u00e3o Honrosa por seu pioneirismo, coragem e determina\u00e7\u00e3o, fatores que auxiliaram no desenvolvimento de Camb\u00e9. Os pioneiros tamb\u00e9m participaram do projeto \u201cViagem Hist\u00f3rica pelos caminhos de Camb\u00e9\u201d, levando hist\u00f3rias de suas vidas para os estudantes da cidade.<\/span><\/p>\n<p style=\"text-align: justify;\"><span style=\"font-family: arial, helvetica, sans-serif;\">Estela Camata, secret\u00e1ria de Educa\u00e7\u00e3o, explicou que as hist\u00f3rias dos pioneiros ajudaram os estudantes a constru\u00edrem uma retrospectiva hist\u00f3rica do munic\u00edpio. \u201cAtrav\u00e9s do projeto, as crian\u00e7as conhecem fatos, pessoas e lugares que foram fundamentais para o desenvolvimento da cidade\u201d, explica. Segundo ela, esse conhecimento ajuda as crian\u00e7as a desenvolverem o sentimento de pertencimento e de amor pela cidade.<\/span><\/p>\n<p style=\"text-align: justify;\"><span style=\"font-family: arial, helvetica, sans-serif;\">A iniciativa da homenagem foi do vereador e presidente da C\u00e2mara, Dr. Fernando Lima, que contou com o apoio de todos os vereadores. \u201cSe hoje nossa cidade \u00e9 reconhecida por ser de gente trabalhadora e empreendedora, se estamos entre as cidades que mais se desenvolvem, \u00e9 porque eles trabalharam para isso. Uma cidade n\u00e3o \u00e9 s\u00f3 uma \u00e1rea de terras, ela \u00e9 constitu\u00edda por todos n\u00f3s\u201d, ressalta.<\/span><\/p>\n<p style=\"text-align: justify;\"><span style=\"font-family: arial, helvetica, sans-serif;\">Durante a cerim\u00f4nia, Camata apresentou parte de um document\u00e1rio elaborado a partir das entrevistas feitas com os pioneiros, que fez parte das a\u00e7\u00f5es do anivers\u00e1rio de 74 anos da cidade. O document\u00e1rio est\u00e1 no canal do YouTube da Secretaria Municipal de Educa\u00e7\u00e3o, dispon\u00edvel em: <a href=\"https:\/\/www.youtube.com\/watch?v=6Ro8Zmhu4QY\">youtube.com\/watch?v=6Ro8Zmhu4QY<\/a>.<\/span><\/p>\n<p style=\"text-align: justify;\"><span style=\"font-family: arial, helvetica, sans-serif;\">Dona Herm\u00ednia B\u00f4scolo Pacheco, de 88 anos, uma das homenageadas, conta que veio para a cidade ainda rec\u00e9m-nascida e que, quando teve de sair da cidade para acompanhar o marido, n\u00e3o conseguiu se adaptar. \u201cForam anos de saudade e de vontade de voltar. Para mim n\u00e3o existe cidade melhor para se viver e criar os filhos. Minha vida e minha hist\u00f3ria est\u00e3o aqui e eu vivo de amor por esta terra\u201d, afirma.<\/span><\/p>\n","protected":false},"excerpt":{"rendered":"<p>A C\u00e2mara dos Vereadores, homenageou 21 pioneiros cambeenses na quarta-feira (27), em parceria com a Secretaria de Educa\u00e7\u00e3o da Prefeitura de Camb\u00e9. A solenidade contou com representantes de 17 escolas municipais da cidade, que receberam dos vereadores uma Mo\u00e7\u00e3o Honrosa por seu pioneirismo, coragem e determina\u00e7\u00e3o, fatores que auxiliaram no desenvolvimento de Camb\u00e9. Os pioneiros [&hellip;]<\/p>\n","protected":false},"author":2,"featured_media":0,"comment_status":"closed","ping_status":"open","sticky":false,"template":"","format":"standard","meta":{"ngg_post_thumbnail":0,"footnotes":""},"categories":[1],"tags":[],"class_list":["post-3910","post","type-post","status-publish","format-standard","hentry","category-principal"],"yoast_head":"<!-- This site is optimized with the Yoast SEO plugin v27.4 - https:\/\/yoast.com\/product\/yoast-seo-wordpress\/ -->\n<title>Pioneiros cambeenses recebem homenagem por seus feitos pela cidade - Prefeitura de Camb\u00e9<\/title>\n<meta name=\"robots\" content=\"index, follow, max-snippet:-1, max-image-preview:large, max-video-preview:-1\" \/>\n<link rel=\"canonical\" href=\"https:\/\/www.cambe.pr.gov.br\/index.php\/pioneiros-cambeenses-recebem-homenagem-por-seus-feitos-pela-cidade\/\" \/>\n<meta property=\"og:locale\" content=\"pt_BR\" \/>\n<meta property=\"og:type\" content=\"article\" \/>\n<meta property=\"og:title\" content=\"Pioneiros cambeenses recebem homenagem por seus feitos pela cidade - Prefeitura de Camb\u00e9\" \/>\n<meta property=\"og:description\" content=\"A C\u00e2mara dos Vereadores, homenageou 21 pioneiros cambeenses na quarta-feira (27), em parceria com a Secretaria de Educa\u00e7\u00e3o da Prefeitura de Camb\u00e9. A solenidade contou com representantes de 17 escolas municipais da cidade, que receberam dos vereadores uma Mo\u00e7\u00e3o Honrosa por seu pioneirismo, coragem e determina\u00e7\u00e3o, fatores que auxiliaram no desenvolvimento de Camb\u00e9. Os pioneiros [&hellip;]\" \/>\n<meta property=\"og:url\" content=\"https:\/\/www.cambe.pr.gov.br\/index.php\/pioneiros-cambeenses-recebem-homenagem-por-seus-feitos-pela-cidade\/\" \/>\n<meta property=\"og:site_name\" content=\"Prefeitura de Camb\u00e9\" \/>\n<meta property=\"article:publisher\" content=\"https:\/\/m.facebook.com\/prefeituradecambe\" \/>\n<meta property=\"article:published_time\" content=\"2021-10-28T17:05:24+00:00\" \/>\n<meta property=\"article:modified_time\" content=\"2024-10-07T16:00:27+00:00\" \/>\n<meta property=\"og:image\" content=\"http:\/\/www.cambe.pr.gov.br\/wp-content\/uploads\/2021\/10\/IMG_6945-300x200.jpg\" \/>\n<meta name=\"author\" content=\"Thiago Mossini Balbino dos Santos\" \/>\n<meta name=\"twitter:card\" content=\"summary_large_image\" \/>\n<meta name=\"twitter:label1\" content=\"Escrito por\" \/>\n\t<meta name=\"twitter:data1\" content=\"Thiago Mossini Balbino dos Santos\" \/>\n\t<meta name=\"twitter:label2\" content=\"Est. tempo de leitura\" \/>\n\t<meta name=\"twitter:data2\" content=\"2 minutos\" \/>\n<script type=\"application\/ld+json\" class=\"yoast-schema-graph\">{\"@context\":\"https:\\\/\\\/schema.org\",\"@graph\":[{\"@type\":\"Article\",\"@id\":\"https:\\\/\\\/www.cambe.pr.gov.br\\\/index.php\\\/pioneiros-cambeenses-recebem-homenagem-por-seus-feitos-pela-cidade\\\/#article\",\"isPartOf\":{\"@id\":\"https:\\\/\\\/www.cambe.pr.gov.br\\\/index.php\\\/pioneiros-cambeenses-recebem-homenagem-por-seus-feitos-pela-cidade\\\/\"},\"author\":{\"name\":\"Thiago Mossini Balbino dos Santos\",\"@id\":\"https:\\\/\\\/www.cambe.pr.gov.br\\\/#\\\/schema\\\/person\\\/e08f7c43a641b2ec036e4e867ec483e4\"},\"headline\":\"Pioneiros cambeenses recebem homenagem por seus feitos pela cidade\",\"datePublished\":\"2021-10-28T17:05:24+00:00\",\"dateModified\":\"2024-10-07T16:00:27+00:00\",\"mainEntityOfPage\":{\"@id\":\"https:\\\/\\\/www.cambe.pr.gov.br\\\/index.php\\\/pioneiros-cambeenses-recebem-homenagem-por-seus-feitos-pela-cidade\\\/\"},\"wordCount\":387,\"publisher\":{\"@id\":\"https:\\\/\\\/www.cambe.pr.gov.br\\\/#organization\"},\"image\":{\"@id\":\"https:\\\/\\\/www.cambe.pr.gov.br\\\/index.php\\\/pioneiros-cambeenses-recebem-homenagem-por-seus-feitos-pela-cidade\\\/#primaryimage\"},\"thumbnailUrl\":\"http:\\\/\\\/www.cambe.pr.gov.br\\\/wp-content\\\/uploads\\\/2021\\\/10\\\/IMG_6945-300x200.jpg\",\"articleSection\":[\"Principal\"],\"inLanguage\":\"pt-BR\"},{\"@type\":\"WebPage\",\"@id\":\"https:\\\/\\\/www.cambe.pr.gov.br\\\/index.php\\\/pioneiros-cambeenses-recebem-homenagem-por-seus-feitos-pela-cidade\\\/\",\"url\":\"https:\\\/\\\/www.cambe.pr.gov.br\\\/index.php\\\/pioneiros-cambeenses-recebem-homenagem-por-seus-feitos-pela-cidade\\\/\",\"name\":\"Pioneiros cambeenses recebem homenagem por seus feitos pela cidade - Prefeitura de Camb\u00e9\",\"isPartOf\":{\"@id\":\"https:\\\/\\\/www.cambe.pr.gov.br\\\/#website\"},\"primaryImageOfPage\":{\"@id\":\"https:\\\/\\\/www.cambe.pr.gov.br\\\/index.php\\\/pioneiros-cambeenses-recebem-homenagem-por-seus-feitos-pela-cidade\\\/#primaryimage\"},\"image\":{\"@id\":\"https:\\\/\\\/www.cambe.pr.gov.br\\\/index.php\\\/pioneiros-cambeenses-recebem-homenagem-por-seus-feitos-pela-cidade\\\/#primaryimage\"},\"thumbnailUrl\":\"http:\\\/\\\/www.cambe.pr.gov.br\\\/wp-content\\\/uploads\\\/2021\\\/10\\\/IMG_6945-300x200.jpg\",\"datePublished\":\"2021-10-28T17:05:24+00:00\",\"dateModified\":\"2024-10-07T16:00:27+00:00\",\"breadcrumb\":{\"@id\":\"https:\\\/\\\/www.cambe.pr.gov.br\\\/index.php\\\/pioneiros-cambeenses-recebem-homenagem-por-seus-feitos-pela-cidade\\\/#breadcrumb\"},\"inLanguage\":\"pt-BR\",\"potentialAction\":[{\"@type\":\"ReadAction\",\"target\":[\"https:\\\/\\\/www.cambe.pr.gov.br\\\/index.php\\\/pioneiros-cambeenses-recebem-homenagem-por-seus-feitos-pela-cidade\\\/\"]}]},{\"@type\":\"ImageObject\",\"inLanguage\":\"pt-BR\",\"@id\":\"https:\\\/\\\/www.cambe.pr.gov.br\\\/index.php\\\/pioneiros-cambeenses-recebem-homenagem-por-seus-feitos-pela-cidade\\\/#primaryimage\",\"url\":\"http:\\\/\\\/www.cambe.pr.gov.br\\\/wp-content\\\/uploads\\\/2021\\\/10\\\/IMG_6945-300x200.jpg\",\"contentUrl\":\"http:\\\/\\\/www.cambe.pr.gov.br\\\/wp-content\\\/uploads\\\/2021\\\/10\\\/IMG_6945-300x200.jpg\"},{\"@type\":\"BreadcrumbList\",\"@id\":\"https:\\\/\\\/www.cambe.pr.gov.br\\\/index.php\\\/pioneiros-cambeenses-recebem-homenagem-por-seus-feitos-pela-cidade\\\/#breadcrumb\",\"itemListElement\":[{\"@type\":\"ListItem\",\"position\":1,\"name\":\"In\u00edcio\",\"item\":\"https:\\\/\\\/www.cambe.pr.gov.br\\\/\"},{\"@type\":\"ListItem\",\"position\":2,\"name\":\"Pioneiros cambeenses recebem homenagem por seus feitos pela cidade\"}]},{\"@type\":\"WebSite\",\"@id\":\"https:\\\/\\\/www.cambe.pr.gov.br\\\/#website\",\"url\":\"https:\\\/\\\/www.cambe.pr.gov.br\\\/\",\"name\":\"Prefeitura de Camb\u00e9\",\"description\":\"UM GOVERNO PARA TODOS\",\"publisher\":{\"@id\":\"https:\\\/\\\/www.cambe.pr.gov.br\\\/#organization\"},\"potentialAction\":[{\"@type\":\"SearchAction\",\"target\":{\"@type\":\"EntryPoint\",\"urlTemplate\":\"https:\\\/\\\/www.cambe.pr.gov.br\\\/?s={search_term_string}\"},\"query-input\":{\"@type\":\"PropertyValueSpecification\",\"valueRequired\":true,\"valueName\":\"search_term_string\"}}],\"inLanguage\":\"pt-BR\"},{\"@type\":\"Organization\",\"@id\":\"https:\\\/\\\/www.cambe.pr.gov.br\\\/#organization\",\"name\":\"Prefeitura de Camb\u00e9\",\"url\":\"https:\\\/\\\/www.cambe.pr.gov.br\\\/\",\"logo\":{\"@type\":\"ImageObject\",\"inLanguage\":\"pt-BR\",\"@id\":\"https:\\\/\\\/www.cambe.pr.gov.br\\\/#\\\/schema\\\/logo\\\/image\\\/\",\"url\":\"https:\\\/\\\/www.cambe.pr.gov.br\\\/wp-content\\\/uploads\\\/2021\\\/01\\\/cropped-cropped-cambe_brazao-icone.png\",\"contentUrl\":\"https:\\\/\\\/www.cambe.pr.gov.br\\\/wp-content\\\/uploads\\\/2021\\\/01\\\/cropped-cropped-cambe_brazao-icone.png\",\"width\":240,\"height\":240,\"caption\":\"Prefeitura de Camb\u00e9\"},\"image\":{\"@id\":\"https:\\\/\\\/www.cambe.pr.gov.br\\\/#\\\/schema\\\/logo\\\/image\\\/\"},\"sameAs\":[\"https:\\\/\\\/m.facebook.com\\\/prefeituradecambe\"]},{\"@type\":\"Person\",\"@id\":\"https:\\\/\\\/www.cambe.pr.gov.br\\\/#\\\/schema\\\/person\\\/e08f7c43a641b2ec036e4e867ec483e4\",\"name\":\"Thiago Mossini Balbino dos Santos\",\"image\":{\"@type\":\"ImageObject\",\"inLanguage\":\"pt-BR\",\"@id\":\"https:\\\/\\\/secure.gravatar.com\\\/avatar\\\/d957ed4e1bc3ebf5769d1003f9709cd2012ebf424eb4a5d76a933fee30e874b6?s=96&d=mm&r=g\",\"url\":\"https:\\\/\\\/secure.gravatar.com\\\/avatar\\\/d957ed4e1bc3ebf5769d1003f9709cd2012ebf424eb4a5d76a933fee30e874b6?s=96&d=mm&r=g\",\"contentUrl\":\"https:\\\/\\\/secure.gravatar.com\\\/avatar\\\/d957ed4e1bc3ebf5769d1003f9709cd2012ebf424eb4a5d76a933fee30e874b6?s=96&d=mm&r=g\",\"caption\":\"Thiago Mossini Balbino dos Santos\"},\"url\":\"https:\\\/\\\/www.cambe.pr.gov.br\\\/index.php\\\/author\\\/tmbsantos\\\/\"}]}<\/script>\n<!-- \/ Yoast SEO plugin. -->","yoast_head_json":{"title":"Pioneiros cambeenses recebem homenagem por seus feitos pela cidade - Prefeitura de Camb\u00e9","robots":{"index":"index","follow":"follow","max-snippet":"max-snippet:-1","max-image-preview":"max-image-preview:large","max-video-preview":"max-video-preview:-1"},"canonical":"https:\/\/www.cambe.pr.gov.br\/index.php\/pioneiros-cambeenses-recebem-homenagem-por-seus-feitos-pela-cidade\/","og_locale":"pt_BR","og_type":"article","og_title":"Pioneiros cambeenses recebem homenagem por seus feitos pela cidade - Prefeitura de Camb\u00e9","og_description":"A C\u00e2mara dos Vereadores, homenageou 21 pioneiros cambeenses na quarta-feira (27), em parceria com a Secretaria de Educa\u00e7\u00e3o da Prefeitura de Camb\u00e9. A solenidade contou com representantes de 17 escolas municipais da cidade, que receberam dos vereadores uma Mo\u00e7\u00e3o Honrosa por seu pioneirismo, coragem e determina\u00e7\u00e3o, fatores que auxiliaram no desenvolvimento de Camb\u00e9. Os pioneiros [&hellip;]","og_url":"https:\/\/www.cambe.pr.gov.br\/index.php\/pioneiros-cambeenses-recebem-homenagem-por-seus-feitos-pela-cidade\/","og_site_name":"Prefeitura de Camb\u00e9","article_publisher":"https:\/\/m.facebook.com\/prefeituradecambe","article_published_time":"2021-10-28T17:05:24+00:00","article_modified_time":"2024-10-07T16:00:27+00:00","og_image":[{"url":"http:\/\/www.cambe.pr.gov.br\/wp-content\/uploads\/2021\/10\/IMG_6945-300x200.jpg","type":"","width":"","height":""}],"author":"Thiago Mossini Balbino dos Santos","twitter_card":"summary_large_image","twitter_misc":{"Escrito por":"Thiago Mossini Balbino dos Santos","Est. tempo de leitura":"2 minutos"},"schema":{"@context":"https:\/\/schema.org","@graph":[{"@type":"Article","@id":"https:\/\/www.cambe.pr.gov.br\/index.php\/pioneiros-cambeenses-recebem-homenagem-por-seus-feitos-pela-cidade\/#article","isPartOf":{"@id":"https:\/\/www.cambe.pr.gov.br\/index.php\/pioneiros-cambeenses-recebem-homenagem-por-seus-feitos-pela-cidade\/"},"author":{"name":"Thiago Mossini Balbino dos Santos","@id":"https:\/\/www.cambe.pr.gov.br\/#\/schema\/person\/e08f7c43a641b2ec036e4e867ec483e4"},"headline":"Pioneiros cambeenses recebem homenagem por seus feitos pela cidade","datePublished":"2021-10-28T17:05:24+00:00","dateModified":"2024-10-07T16:00:27+00:00","mainEntityOfPage":{"@id":"https:\/\/www.cambe.pr.gov.br\/index.php\/pioneiros-cambeenses-recebem-homenagem-por-seus-feitos-pela-cidade\/"},"wordCount":387,"publisher":{"@id":"https:\/\/www.cambe.pr.gov.br\/#organization"},"image":{"@id":"https:\/\/www.cambe.pr.gov.br\/index.php\/pioneiros-cambeenses-recebem-homenagem-por-seus-feitos-pela-cidade\/#primaryimage"},"thumbnailUrl":"http:\/\/www.cambe.pr.gov.br\/wp-content\/uploads\/2021\/10\/IMG_6945-300x200.jpg","articleSection":["Principal"],"inLanguage":"pt-BR"},{"@type":"WebPage","@id":"https:\/\/www.cambe.pr.gov.br\/index.php\/pioneiros-cambeenses-recebem-homenagem-por-seus-feitos-pela-cidade\/","url":"https:\/\/www.cambe.pr.gov.br\/index.php\/pioneiros-cambeenses-recebem-homenagem-por-seus-feitos-pela-cidade\/","name":"Pioneiros cambeenses recebem homenagem por seus feitos pela cidade - Prefeitura de Camb\u00e9","isPartOf":{"@id":"https:\/\/www.cambe.pr.gov.br\/#website"},"primaryImageOfPage":{"@id":"https:\/\/www.cambe.pr.gov.br\/index.php\/pioneiros-cambeenses-recebem-homenagem-por-seus-feitos-pela-cidade\/#primaryimage"},"image":{"@id":"https:\/\/www.cambe.pr.gov.br\/index.php\/pioneiros-cambeenses-recebem-homenagem-por-seus-feitos-pela-cidade\/#primaryimage"},"thumbnailUrl":"http:\/\/www.cambe.pr.gov.br\/wp-content\/uploads\/2021\/10\/IMG_6945-300x200.jpg","datePublished":"2021-10-28T17:05:24+00:00","dateModified":"2024-10-07T16:00:27+00:00","breadcrumb":{"@id":"https:\/\/www.cambe.pr.gov.br\/index.php\/pioneiros-cambeenses-recebem-homenagem-por-seus-feitos-pela-cidade\/#breadcrumb"},"inLanguage":"pt-BR","potentialAction":[{"@type":"ReadAction","target":["https:\/\/www.cambe.pr.gov.br\/index.php\/pioneiros-cambeenses-recebem-homenagem-por-seus-feitos-pela-cidade\/"]}]},{"@type":"ImageObject","inLanguage":"pt-BR","@id":"https:\/\/www.cambe.pr.gov.br\/index.php\/pioneiros-cambeenses-recebem-homenagem-por-seus-feitos-pela-cidade\/#primaryimage","url":"http:\/\/www.cambe.pr.gov.br\/wp-content\/uploads\/2021\/10\/IMG_6945-300x200.jpg","contentUrl":"http:\/\/www.cambe.pr.gov.br\/wp-content\/uploads\/2021\/10\/IMG_6945-300x200.jpg"},{"@type":"BreadcrumbList","@id":"https:\/\/www.cambe.pr.gov.br\/index.php\/pioneiros-cambeenses-recebem-homenagem-por-seus-feitos-pela-cidade\/#breadcrumb","itemListElement":[{"@type":"ListItem","position":1,"name":"In\u00edcio","item":"https:\/\/www.cambe.pr.gov.br\/"},{"@type":"ListItem","position":2,"name":"Pioneiros cambeenses recebem homenagem por seus feitos pela cidade"}]},{"@type":"WebSite","@id":"https:\/\/www.cambe.pr.gov.br\/#website","url":"https:\/\/www.cambe.pr.gov.br\/","name":"Prefeitura de Camb\u00e9","description":"UM GOVERNO PARA TODOS","publisher":{"@id":"https:\/\/www.cambe.pr.gov.br\/#organization"},"potentialAction":[{"@type":"SearchAction","target":{"@type":"EntryPoint","urlTemplate":"https:\/\/www.cambe.pr.gov.br\/?s={search_term_string}"},"query-input":{"@type":"PropertyValueSpecification","valueRequired":true,"valueName":"search_term_string"}}],"inLanguage":"pt-BR"},{"@type":"Organization","@id":"https:\/\/www.cambe.pr.gov.br\/#organization","name":"Prefeitura de Camb\u00e9","url":"https:\/\/www.cambe.pr.gov.br\/","logo":{"@type":"ImageObject","inLanguage":"pt-BR","@id":"https:\/\/www.cambe.pr.gov.br\/#\/schema\/logo\/image\/","url":"https:\/\/www.cambe.pr.gov.br\/wp-content\/uploads\/2021\/01\/cropped-cropped-cambe_brazao-icone.png","contentUrl":"https:\/\/www.cambe.pr.gov.br\/wp-content\/uploads\/2021\/01\/cropped-cropped-cambe_brazao-icone.png","width":240,"height":240,"caption":"Prefeitura de Camb\u00e9"},"image":{"@id":"https:\/\/www.cambe.pr.gov.br\/#\/schema\/logo\/image\/"},"sameAs":["https:\/\/m.facebook.com\/prefeituradecambe"]},{"@type":"Person","@id":"https:\/\/www.cambe.pr.gov.br\/#\/schema\/person\/e08f7c43a641b2ec036e4e867ec483e4","name":"Thiago Mossini Balbino dos Santos","image":{"@type":"ImageObject","inLanguage":"pt-BR","@id":"https:\/\/secure.gravatar.com\/avatar\/d957ed4e1bc3ebf5769d1003f9709cd2012ebf424eb4a5d76a933fee30e874b6?s=96&d=mm&r=g","url":"https:\/\/secure.gravatar.com\/avatar\/d957ed4e1bc3ebf5769d1003f9709cd2012ebf424eb4a5d76a933fee30e874b6?s=96&d=mm&r=g","contentUrl":"https:\/\/secure.gravatar.com\/avatar\/d957ed4e1bc3ebf5769d1003f9709cd2012ebf424eb4a5d76a933fee30e874b6?s=96&d=mm&r=g","caption":"Thiago Mossini Balbino dos Santos"},"url":"https:\/\/www.cambe.pr.gov.br\/index.php\/author\/tmbsantos\/"}]}},"_links":{"self":[{"href":"https:\/\/www.cambe.pr.gov.br\/index.php\/wp-json\/wp\/v2\/posts\/3910","targetHints":{"allow":["GET"]}}],"collection":[{"href":"https:\/\/www.cambe.pr.gov.br\/index.php\/wp-json\/wp\/v2\/posts"}],"about":[{"href":"https:\/\/www.cambe.pr.gov.br\/index.php\/wp-json\/wp\/v2\/types\/post"}],"author":[{"embeddable":true,"href":"https:\/\/www.cambe.pr.gov.br\/index.php\/wp-json\/wp\/v2\/users\/2"}],"replies":[{"embeddable":true,"href":"https:\/\/www.cambe.pr.gov.br\/index.php\/wp-json\/wp\/v2\/comments?post=3910"}],"version-history":[{"count":3,"href":"https:\/\/www.cambe.pr.gov.br\/index.php\/wp-json\/wp\/v2\/posts\/3910\/revisions"}],"predecessor-version":[{"id":3923,"href":"https:\/\/www.cambe.pr.gov.br\/index.php\/wp-json\/wp\/v2\/posts\/3910\/revisions\/3923"}],"wp:attachment":[{"href":"https:\/\/www.cambe.pr.gov.br\/index.php\/wp-json\/wp\/v2\/media?parent=3910"}],"wp:term":[{"taxonomy":"category","embeddable":true,"href":"https:\/\/www.cambe.pr.gov.br\/index.php\/wp-json\/wp\/v2\/categories?post=3910"},{"taxonomy":"post_tag","embeddable":true,"href":"https:\/\/www.cambe.pr.gov.br\/index.php\/wp-json\/wp\/v2\/tags?post=3910"}],"curies":[{"name":"wp","href":"https:\/\/api.w.org\/{rel}","templated":true}]}}