{"id":3878,"date":"2021-10-28T09:23:48","date_gmt":"2021-10-28T12:23:48","guid":{"rendered":"http:\/\/www.cambe.pr.gov.br\/?p=3878"},"modified":"2024-10-07T13:00:27","modified_gmt":"2024-10-07T16:00:27","slug":"cambe-tem-saldo-positivo-na-geracao-de-empregos-pelo-nono-mes-consecutivo","status":"publish","type":"post","link":"https:\/\/www.cambe.pr.gov.br\/index.php\/cambe-tem-saldo-positivo-na-geracao-de-empregos-pelo-nono-mes-consecutivo\/","title":{"rendered":"Camb\u00e9 tem saldo positivo na gera\u00e7\u00e3o de empregos pelo nono m\u00eas consecutivo"},"content":{"rendered":"<p style=\"text-align: justify;\"><img fetchpriority=\"high\" decoding=\"async\" class=\"size-medium wp-image-3010 alignleft\" src=\"https:\/\/www.cambe.pr.gov.br\/wp-content\/uploads\/2021\/08\/carteira-de-trabalho-e1628778556748-300x200.jpg\" alt=\"\" width=\"300\" height=\"200\">O munic\u00edpio de Camb\u00e9 apresentou saldo positivo na gera\u00e7\u00e3o de empregos pelo nono m\u00eas consecutivo em 2021, segundo os dados divulgados pelo Caged (Cadastro Geral de Empregados e Desempregados) nesta ter\u00e7a-feira (26). Em setembro, Camb\u00e9 admitiu 1.224 pessoas e desligou outras 898, ficando com saldo positivo de 326 empregos gerados no m\u00eas e um crescimento de 1,36%, o maior da regi\u00e3o norte do Paran\u00e1. Em rela\u00e7\u00e3o aos n\u00fameros absolutos, ou seja, a quantidade de vagas de emprego dispon\u00edveis, a cidade ficou na 12\u00aa posi\u00e7\u00e3o no Estado, na frente de cidades como Umuarama, Arapongas, Apucarana e Ponta Grossa. Camb\u00e9 conta com 24.333 pessoas trabalhando com carteira registrada e s\u00f3 neste ano foram 2.411 novos postos de trabalho formal.<\/p>\n<p style=\"text-align: justify;\">Ainda de acordo com as informa\u00e7\u00f5es divulgadas pelo Caged, nos nove primeiros meses deste ano, a gera\u00e7\u00e3o de emprego na cidade cresceu 11%, enquanto que nos doze meses de 2020 o aumento foi de 4,43%. O com\u00e9rcio e a ind\u00fastria foram os setores que mais se destacaram no m\u00eas, com saldos positivos de 142 e 112 empregos gerados no m\u00eas, respectivamente. A presta\u00e7\u00e3o de servi\u00e7os tamb\u00e9m apresentou saldo positivo e a agropecu\u00e1ria n\u00e3o divulgou os dados do m\u00eas de setembro. Por outro lado, a constru\u00e7\u00e3o civil apresentou saldo negativo na gera\u00e7\u00e3o de empregos, foram 74 admiss\u00f5es contra 98 desligamentos. No m\u00eas, o crescimento de empregos da cidade de Camb\u00e9 foi 1,36%, destacando-se em rela\u00e7\u00e3o \u00e0 Londrina (0,57%), ao Paran\u00e1 (0,52%) e ao Brasil (0,76%).<\/p>\n<p style=\"text-align: justify;\">Segundo o economista, consultor e professor universit\u00e1rio, Marcos Rambalducci, entre as cinco cidades de maior significado econ\u00f4mico na regi\u00e3o de Londrina, Camb\u00e9 foi a recordista percentual na gera\u00e7\u00e3o de empregos formais no m\u00eas de setembro. \u201cO setor de maior destaque nesta retomada tem sido a ind\u00fastria de transforma\u00e7\u00e3o, embora neste m\u00eas tenha sido superada pelo com\u00e9rcio no saldo de empregos gerados\u201d, ressalta. Rambalducci tamb\u00e9m esclarece que a ind\u00fastria \u00e9 respons\u00e1vel por mais de 45% de todos os empregos com carteira assinada no per\u00edodo. \u201cIsso \u00e9 uma clara percep\u00e7\u00e3o da confian\u00e7a depositada por este segmento no desenvolvimento da cidade\u201d.<\/p>\n<p style=\"text-align: justify;\">Para o prefeito Conrado Scheller, a desburocratiza\u00e7\u00e3o na abertura de empresas, a simplifica\u00e7\u00e3o dos processos e a seguran\u00e7a fiscal apresentada pela cidade est\u00e3o motivando a abertura de novas empresas e novos postos de trabalho em Camb\u00e9. &#8220;Hoje o empres\u00e1rio tem seguran\u00e7a em investir em Camb\u00e9 e o reflexo disso est\u00e1 na gera\u00e7\u00e3o de empregos. Estamos recebendo novas grandes empresas nos pr\u00f3ximos meses e estamos promovendo cursos de capacita\u00e7\u00e3o gratuitos para qualificar os trabalhadores para as oportunidades que est\u00e3o surgindo e que v\u00e3o surgir em breve&#8221;, celebra Scheller.<\/p>\n","protected":false},"excerpt":{"rendered":"<p>O munic\u00edpio de Camb\u00e9 apresentou saldo positivo na gera\u00e7\u00e3o de empregos pelo nono m\u00eas consecutivo em 2021, segundo os dados divulgados pelo Caged (Cadastro Geral de Empregados e Desempregados) nesta ter\u00e7a-feira (26). Em setembro, Camb\u00e9 admitiu 1.224 pessoas e desligou outras 898, ficando com saldo positivo de 326 empregos gerados no m\u00eas e um crescimento [&hellip;]<\/p>\n","protected":false},"author":2,"featured_media":0,"comment_status":"closed","ping_status":"open","sticky":false,"template":"","format":"standard","meta":{"ngg_post_thumbnail":0,"footnotes":""},"categories":[1],"tags":[],"class_list":["post-3878","post","type-post","status-publish","format-standard","hentry","category-principal"],"yoast_head":"<!-- This site is optimized with the Yoast SEO plugin v27.4 - https:\/\/yoast.com\/product\/yoast-seo-wordpress\/ -->\n<title>Camb\u00e9 tem saldo positivo na gera\u00e7\u00e3o de empregos pelo nono m\u00eas consecutivo - Prefeitura de Camb\u00e9<\/title>\n<meta name=\"robots\" content=\"index, follow, max-snippet:-1, max-image-preview:large, max-video-preview:-1\" \/>\n<link rel=\"canonical\" href=\"https:\/\/www.cambe.pr.gov.br\/index.php\/cambe-tem-saldo-positivo-na-geracao-de-empregos-pelo-nono-mes-consecutivo\/\" \/>\n<meta property=\"og:locale\" content=\"pt_BR\" \/>\n<meta property=\"og:type\" content=\"article\" \/>\n<meta property=\"og:title\" content=\"Camb\u00e9 tem saldo positivo na gera\u00e7\u00e3o de empregos pelo nono m\u00eas consecutivo - Prefeitura de Camb\u00e9\" \/>\n<meta property=\"og:description\" content=\"O munic\u00edpio de Camb\u00e9 apresentou saldo positivo na gera\u00e7\u00e3o de empregos pelo nono m\u00eas consecutivo em 2021, segundo os dados divulgados pelo Caged (Cadastro Geral de Empregados e Desempregados) nesta ter\u00e7a-feira (26). Em setembro, Camb\u00e9 admitiu 1.224 pessoas e desligou outras 898, ficando com saldo positivo de 326 empregos gerados no m\u00eas e um crescimento [&hellip;]\" \/>\n<meta property=\"og:url\" content=\"https:\/\/www.cambe.pr.gov.br\/index.php\/cambe-tem-saldo-positivo-na-geracao-de-empregos-pelo-nono-mes-consecutivo\/\" \/>\n<meta property=\"og:site_name\" content=\"Prefeitura de Camb\u00e9\" \/>\n<meta property=\"article:publisher\" content=\"https:\/\/m.facebook.com\/prefeituradecambe\" \/>\n<meta property=\"article:published_time\" content=\"2021-10-28T12:23:48+00:00\" \/>\n<meta property=\"article:modified_time\" content=\"2024-10-07T16:00:27+00:00\" \/>\n<meta property=\"og:image\" content=\"http:\/\/www.cambe.pr.gov.br\/wp-content\/uploads\/2021\/08\/carteira-de-trabalho-e1628778556748-300x200.jpg\" \/>\n<meta name=\"author\" content=\"Thiago Mossini Balbino dos Santos\" \/>\n<meta name=\"twitter:card\" content=\"summary_large_image\" \/>\n<meta name=\"twitter:label1\" content=\"Escrito por\" \/>\n\t<meta name=\"twitter:data1\" content=\"Thiago Mossini Balbino dos Santos\" \/>\n\t<meta name=\"twitter:label2\" content=\"Est. tempo de leitura\" \/>\n\t<meta name=\"twitter:data2\" content=\"2 minutos\" \/>\n<script type=\"application\/ld+json\" class=\"yoast-schema-graph\">{\"@context\":\"https:\\\/\\\/schema.org\",\"@graph\":[{\"@type\":\"Article\",\"@id\":\"https:\\\/\\\/www.cambe.pr.gov.br\\\/index.php\\\/cambe-tem-saldo-positivo-na-geracao-de-empregos-pelo-nono-mes-consecutivo\\\/#article\",\"isPartOf\":{\"@id\":\"https:\\\/\\\/www.cambe.pr.gov.br\\\/index.php\\\/cambe-tem-saldo-positivo-na-geracao-de-empregos-pelo-nono-mes-consecutivo\\\/\"},\"author\":{\"name\":\"Thiago Mossini Balbino dos Santos\",\"@id\":\"https:\\\/\\\/www.cambe.pr.gov.br\\\/#\\\/schema\\\/person\\\/e08f7c43a641b2ec036e4e867ec483e4\"},\"headline\":\"Camb\u00e9 tem saldo positivo na gera\u00e7\u00e3o de empregos pelo nono m\u00eas consecutivo\",\"datePublished\":\"2021-10-28T12:23:48+00:00\",\"dateModified\":\"2024-10-07T16:00:27+00:00\",\"mainEntityOfPage\":{\"@id\":\"https:\\\/\\\/www.cambe.pr.gov.br\\\/index.php\\\/cambe-tem-saldo-positivo-na-geracao-de-empregos-pelo-nono-mes-consecutivo\\\/\"},\"wordCount\":469,\"publisher\":{\"@id\":\"https:\\\/\\\/www.cambe.pr.gov.br\\\/#organization\"},\"image\":{\"@id\":\"https:\\\/\\\/www.cambe.pr.gov.br\\\/index.php\\\/cambe-tem-saldo-positivo-na-geracao-de-empregos-pelo-nono-mes-consecutivo\\\/#primaryimage\"},\"thumbnailUrl\":\"http:\\\/\\\/www.cambe.pr.gov.br\\\/wp-content\\\/uploads\\\/2021\\\/08\\\/carteira-de-trabalho-e1628778556748-300x200.jpg\",\"articleSection\":[\"Principal\"],\"inLanguage\":\"pt-BR\"},{\"@type\":\"WebPage\",\"@id\":\"https:\\\/\\\/www.cambe.pr.gov.br\\\/index.php\\\/cambe-tem-saldo-positivo-na-geracao-de-empregos-pelo-nono-mes-consecutivo\\\/\",\"url\":\"https:\\\/\\\/www.cambe.pr.gov.br\\\/index.php\\\/cambe-tem-saldo-positivo-na-geracao-de-empregos-pelo-nono-mes-consecutivo\\\/\",\"name\":\"Camb\u00e9 tem saldo positivo na gera\u00e7\u00e3o de empregos pelo nono m\u00eas consecutivo - Prefeitura de Camb\u00e9\",\"isPartOf\":{\"@id\":\"https:\\\/\\\/www.cambe.pr.gov.br\\\/#website\"},\"primaryImageOfPage\":{\"@id\":\"https:\\\/\\\/www.cambe.pr.gov.br\\\/index.php\\\/cambe-tem-saldo-positivo-na-geracao-de-empregos-pelo-nono-mes-consecutivo\\\/#primaryimage\"},\"image\":{\"@id\":\"https:\\\/\\\/www.cambe.pr.gov.br\\\/index.php\\\/cambe-tem-saldo-positivo-na-geracao-de-empregos-pelo-nono-mes-consecutivo\\\/#primaryimage\"},\"thumbnailUrl\":\"http:\\\/\\\/www.cambe.pr.gov.br\\\/wp-content\\\/uploads\\\/2021\\\/08\\\/carteira-de-trabalho-e1628778556748-300x200.jpg\",\"datePublished\":\"2021-10-28T12:23:48+00:00\",\"dateModified\":\"2024-10-07T16:00:27+00:00\",\"breadcrumb\":{\"@id\":\"https:\\\/\\\/www.cambe.pr.gov.br\\\/index.php\\\/cambe-tem-saldo-positivo-na-geracao-de-empregos-pelo-nono-mes-consecutivo\\\/#breadcrumb\"},\"inLanguage\":\"pt-BR\",\"potentialAction\":[{\"@type\":\"ReadAction\",\"target\":[\"https:\\\/\\\/www.cambe.pr.gov.br\\\/index.php\\\/cambe-tem-saldo-positivo-na-geracao-de-empregos-pelo-nono-mes-consecutivo\\\/\"]}]},{\"@type\":\"ImageObject\",\"inLanguage\":\"pt-BR\",\"@id\":\"https:\\\/\\\/www.cambe.pr.gov.br\\\/index.php\\\/cambe-tem-saldo-positivo-na-geracao-de-empregos-pelo-nono-mes-consecutivo\\\/#primaryimage\",\"url\":\"http:\\\/\\\/www.cambe.pr.gov.br\\\/wp-content\\\/uploads\\\/2021\\\/08\\\/carteira-de-trabalho-e1628778556748-300x200.jpg\",\"contentUrl\":\"http:\\\/\\\/www.cambe.pr.gov.br\\\/wp-content\\\/uploads\\\/2021\\\/08\\\/carteira-de-trabalho-e1628778556748-300x200.jpg\"},{\"@type\":\"BreadcrumbList\",\"@id\":\"https:\\\/\\\/www.cambe.pr.gov.br\\\/index.php\\\/cambe-tem-saldo-positivo-na-geracao-de-empregos-pelo-nono-mes-consecutivo\\\/#breadcrumb\",\"itemListElement\":[{\"@type\":\"ListItem\",\"position\":1,\"name\":\"In\u00edcio\",\"item\":\"https:\\\/\\\/www.cambe.pr.gov.br\\\/\"},{\"@type\":\"ListItem\",\"position\":2,\"name\":\"Camb\u00e9 tem saldo positivo na gera\u00e7\u00e3o de empregos pelo nono m\u00eas consecutivo\"}]},{\"@type\":\"WebSite\",\"@id\":\"https:\\\/\\\/www.cambe.pr.gov.br\\\/#website\",\"url\":\"https:\\\/\\\/www.cambe.pr.gov.br\\\/\",\"name\":\"Prefeitura de Camb\u00e9\",\"description\":\"UM GOVERNO PARA TODOS\",\"publisher\":{\"@id\":\"https:\\\/\\\/www.cambe.pr.gov.br\\\/#organization\"},\"potentialAction\":[{\"@type\":\"SearchAction\",\"target\":{\"@type\":\"EntryPoint\",\"urlTemplate\":\"https:\\\/\\\/www.cambe.pr.gov.br\\\/?s={search_term_string}\"},\"query-input\":{\"@type\":\"PropertyValueSpecification\",\"valueRequired\":true,\"valueName\":\"search_term_string\"}}],\"inLanguage\":\"pt-BR\"},{\"@type\":\"Organization\",\"@id\":\"https:\\\/\\\/www.cambe.pr.gov.br\\\/#organization\",\"name\":\"Prefeitura de Camb\u00e9\",\"url\":\"https:\\\/\\\/www.cambe.pr.gov.br\\\/\",\"logo\":{\"@type\":\"ImageObject\",\"inLanguage\":\"pt-BR\",\"@id\":\"https:\\\/\\\/www.cambe.pr.gov.br\\\/#\\\/schema\\\/logo\\\/image\\\/\",\"url\":\"https:\\\/\\\/www.cambe.pr.gov.br\\\/wp-content\\\/uploads\\\/2021\\\/01\\\/cropped-cropped-cambe_brazao-icone.png\",\"contentUrl\":\"https:\\\/\\\/www.cambe.pr.gov.br\\\/wp-content\\\/uploads\\\/2021\\\/01\\\/cropped-cropped-cambe_brazao-icone.png\",\"width\":240,\"height\":240,\"caption\":\"Prefeitura de Camb\u00e9\"},\"image\":{\"@id\":\"https:\\\/\\\/www.cambe.pr.gov.br\\\/#\\\/schema\\\/logo\\\/image\\\/\"},\"sameAs\":[\"https:\\\/\\\/m.facebook.com\\\/prefeituradecambe\"]},{\"@type\":\"Person\",\"@id\":\"https:\\\/\\\/www.cambe.pr.gov.br\\\/#\\\/schema\\\/person\\\/e08f7c43a641b2ec036e4e867ec483e4\",\"name\":\"Thiago Mossini Balbino dos Santos\",\"image\":{\"@type\":\"ImageObject\",\"inLanguage\":\"pt-BR\",\"@id\":\"https:\\\/\\\/secure.gravatar.com\\\/avatar\\\/d957ed4e1bc3ebf5769d1003f9709cd2012ebf424eb4a5d76a933fee30e874b6?s=96&d=mm&r=g\",\"url\":\"https:\\\/\\\/secure.gravatar.com\\\/avatar\\\/d957ed4e1bc3ebf5769d1003f9709cd2012ebf424eb4a5d76a933fee30e874b6?s=96&d=mm&r=g\",\"contentUrl\":\"https:\\\/\\\/secure.gravatar.com\\\/avatar\\\/d957ed4e1bc3ebf5769d1003f9709cd2012ebf424eb4a5d76a933fee30e874b6?s=96&d=mm&r=g\",\"caption\":\"Thiago Mossini Balbino dos Santos\"},\"url\":\"https:\\\/\\\/www.cambe.pr.gov.br\\\/index.php\\\/author\\\/tmbsantos\\\/\"}]}<\/script>\n<!-- \/ Yoast SEO plugin. -->","yoast_head_json":{"title":"Camb\u00e9 tem saldo positivo na gera\u00e7\u00e3o de empregos pelo nono m\u00eas consecutivo - Prefeitura de Camb\u00e9","robots":{"index":"index","follow":"follow","max-snippet":"max-snippet:-1","max-image-preview":"max-image-preview:large","max-video-preview":"max-video-preview:-1"},"canonical":"https:\/\/www.cambe.pr.gov.br\/index.php\/cambe-tem-saldo-positivo-na-geracao-de-empregos-pelo-nono-mes-consecutivo\/","og_locale":"pt_BR","og_type":"article","og_title":"Camb\u00e9 tem saldo positivo na gera\u00e7\u00e3o de empregos pelo nono m\u00eas consecutivo - Prefeitura de Camb\u00e9","og_description":"O munic\u00edpio de Camb\u00e9 apresentou saldo positivo na gera\u00e7\u00e3o de empregos pelo nono m\u00eas consecutivo em 2021, segundo os dados divulgados pelo Caged (Cadastro Geral de Empregados e Desempregados) nesta ter\u00e7a-feira (26). Em setembro, Camb\u00e9 admitiu 1.224 pessoas e desligou outras 898, ficando com saldo positivo de 326 empregos gerados no m\u00eas e um crescimento [&hellip;]","og_url":"https:\/\/www.cambe.pr.gov.br\/index.php\/cambe-tem-saldo-positivo-na-geracao-de-empregos-pelo-nono-mes-consecutivo\/","og_site_name":"Prefeitura de Camb\u00e9","article_publisher":"https:\/\/m.facebook.com\/prefeituradecambe","article_published_time":"2021-10-28T12:23:48+00:00","article_modified_time":"2024-10-07T16:00:27+00:00","og_image":[{"url":"http:\/\/www.cambe.pr.gov.br\/wp-content\/uploads\/2021\/08\/carteira-de-trabalho-e1628778556748-300x200.jpg","type":"","width":"","height":""}],"author":"Thiago Mossini Balbino dos Santos","twitter_card":"summary_large_image","twitter_misc":{"Escrito por":"Thiago Mossini Balbino dos Santos","Est. tempo de leitura":"2 minutos"},"schema":{"@context":"https:\/\/schema.org","@graph":[{"@type":"Article","@id":"https:\/\/www.cambe.pr.gov.br\/index.php\/cambe-tem-saldo-positivo-na-geracao-de-empregos-pelo-nono-mes-consecutivo\/#article","isPartOf":{"@id":"https:\/\/www.cambe.pr.gov.br\/index.php\/cambe-tem-saldo-positivo-na-geracao-de-empregos-pelo-nono-mes-consecutivo\/"},"author":{"name":"Thiago Mossini Balbino dos Santos","@id":"https:\/\/www.cambe.pr.gov.br\/#\/schema\/person\/e08f7c43a641b2ec036e4e867ec483e4"},"headline":"Camb\u00e9 tem saldo positivo na gera\u00e7\u00e3o de empregos pelo nono m\u00eas consecutivo","datePublished":"2021-10-28T12:23:48+00:00","dateModified":"2024-10-07T16:00:27+00:00","mainEntityOfPage":{"@id":"https:\/\/www.cambe.pr.gov.br\/index.php\/cambe-tem-saldo-positivo-na-geracao-de-empregos-pelo-nono-mes-consecutivo\/"},"wordCount":469,"publisher":{"@id":"https:\/\/www.cambe.pr.gov.br\/#organization"},"image":{"@id":"https:\/\/www.cambe.pr.gov.br\/index.php\/cambe-tem-saldo-positivo-na-geracao-de-empregos-pelo-nono-mes-consecutivo\/#primaryimage"},"thumbnailUrl":"http:\/\/www.cambe.pr.gov.br\/wp-content\/uploads\/2021\/08\/carteira-de-trabalho-e1628778556748-300x200.jpg","articleSection":["Principal"],"inLanguage":"pt-BR"},{"@type":"WebPage","@id":"https:\/\/www.cambe.pr.gov.br\/index.php\/cambe-tem-saldo-positivo-na-geracao-de-empregos-pelo-nono-mes-consecutivo\/","url":"https:\/\/www.cambe.pr.gov.br\/index.php\/cambe-tem-saldo-positivo-na-geracao-de-empregos-pelo-nono-mes-consecutivo\/","name":"Camb\u00e9 tem saldo positivo na gera\u00e7\u00e3o de empregos pelo nono m\u00eas consecutivo - Prefeitura de Camb\u00e9","isPartOf":{"@id":"https:\/\/www.cambe.pr.gov.br\/#website"},"primaryImageOfPage":{"@id":"https:\/\/www.cambe.pr.gov.br\/index.php\/cambe-tem-saldo-positivo-na-geracao-de-empregos-pelo-nono-mes-consecutivo\/#primaryimage"},"image":{"@id":"https:\/\/www.cambe.pr.gov.br\/index.php\/cambe-tem-saldo-positivo-na-geracao-de-empregos-pelo-nono-mes-consecutivo\/#primaryimage"},"thumbnailUrl":"http:\/\/www.cambe.pr.gov.br\/wp-content\/uploads\/2021\/08\/carteira-de-trabalho-e1628778556748-300x200.jpg","datePublished":"2021-10-28T12:23:48+00:00","dateModified":"2024-10-07T16:00:27+00:00","breadcrumb":{"@id":"https:\/\/www.cambe.pr.gov.br\/index.php\/cambe-tem-saldo-positivo-na-geracao-de-empregos-pelo-nono-mes-consecutivo\/#breadcrumb"},"inLanguage":"pt-BR","potentialAction":[{"@type":"ReadAction","target":["https:\/\/www.cambe.pr.gov.br\/index.php\/cambe-tem-saldo-positivo-na-geracao-de-empregos-pelo-nono-mes-consecutivo\/"]}]},{"@type":"ImageObject","inLanguage":"pt-BR","@id":"https:\/\/www.cambe.pr.gov.br\/index.php\/cambe-tem-saldo-positivo-na-geracao-de-empregos-pelo-nono-mes-consecutivo\/#primaryimage","url":"http:\/\/www.cambe.pr.gov.br\/wp-content\/uploads\/2021\/08\/carteira-de-trabalho-e1628778556748-300x200.jpg","contentUrl":"http:\/\/www.cambe.pr.gov.br\/wp-content\/uploads\/2021\/08\/carteira-de-trabalho-e1628778556748-300x200.jpg"},{"@type":"BreadcrumbList","@id":"https:\/\/www.cambe.pr.gov.br\/index.php\/cambe-tem-saldo-positivo-na-geracao-de-empregos-pelo-nono-mes-consecutivo\/#breadcrumb","itemListElement":[{"@type":"ListItem","position":1,"name":"In\u00edcio","item":"https:\/\/www.cambe.pr.gov.br\/"},{"@type":"ListItem","position":2,"name":"Camb\u00e9 tem saldo positivo na gera\u00e7\u00e3o de empregos pelo nono m\u00eas consecutivo"}]},{"@type":"WebSite","@id":"https:\/\/www.cambe.pr.gov.br\/#website","url":"https:\/\/www.cambe.pr.gov.br\/","name":"Prefeitura de Camb\u00e9","description":"UM GOVERNO PARA TODOS","publisher":{"@id":"https:\/\/www.cambe.pr.gov.br\/#organization"},"potentialAction":[{"@type":"SearchAction","target":{"@type":"EntryPoint","urlTemplate":"https:\/\/www.cambe.pr.gov.br\/?s={search_term_string}"},"query-input":{"@type":"PropertyValueSpecification","valueRequired":true,"valueName":"search_term_string"}}],"inLanguage":"pt-BR"},{"@type":"Organization","@id":"https:\/\/www.cambe.pr.gov.br\/#organization","name":"Prefeitura de Camb\u00e9","url":"https:\/\/www.cambe.pr.gov.br\/","logo":{"@type":"ImageObject","inLanguage":"pt-BR","@id":"https:\/\/www.cambe.pr.gov.br\/#\/schema\/logo\/image\/","url":"https:\/\/www.cambe.pr.gov.br\/wp-content\/uploads\/2021\/01\/cropped-cropped-cambe_brazao-icone.png","contentUrl":"https:\/\/www.cambe.pr.gov.br\/wp-content\/uploads\/2021\/01\/cropped-cropped-cambe_brazao-icone.png","width":240,"height":240,"caption":"Prefeitura de Camb\u00e9"},"image":{"@id":"https:\/\/www.cambe.pr.gov.br\/#\/schema\/logo\/image\/"},"sameAs":["https:\/\/m.facebook.com\/prefeituradecambe"]},{"@type":"Person","@id":"https:\/\/www.cambe.pr.gov.br\/#\/schema\/person\/e08f7c43a641b2ec036e4e867ec483e4","name":"Thiago Mossini Balbino dos Santos","image":{"@type":"ImageObject","inLanguage":"pt-BR","@id":"https:\/\/secure.gravatar.com\/avatar\/d957ed4e1bc3ebf5769d1003f9709cd2012ebf424eb4a5d76a933fee30e874b6?s=96&d=mm&r=g","url":"https:\/\/secure.gravatar.com\/avatar\/d957ed4e1bc3ebf5769d1003f9709cd2012ebf424eb4a5d76a933fee30e874b6?s=96&d=mm&r=g","contentUrl":"https:\/\/secure.gravatar.com\/avatar\/d957ed4e1bc3ebf5769d1003f9709cd2012ebf424eb4a5d76a933fee30e874b6?s=96&d=mm&r=g","caption":"Thiago Mossini Balbino dos Santos"},"url":"https:\/\/www.cambe.pr.gov.br\/index.php\/author\/tmbsantos\/"}]}},"_links":{"self":[{"href":"https:\/\/www.cambe.pr.gov.br\/index.php\/wp-json\/wp\/v2\/posts\/3878","targetHints":{"allow":["GET"]}}],"collection":[{"href":"https:\/\/www.cambe.pr.gov.br\/index.php\/wp-json\/wp\/v2\/posts"}],"about":[{"href":"https:\/\/www.cambe.pr.gov.br\/index.php\/wp-json\/wp\/v2\/types\/post"}],"author":[{"embeddable":true,"href":"https:\/\/www.cambe.pr.gov.br\/index.php\/wp-json\/wp\/v2\/users\/2"}],"replies":[{"embeddable":true,"href":"https:\/\/www.cambe.pr.gov.br\/index.php\/wp-json\/wp\/v2\/comments?post=3878"}],"version-history":[{"count":1,"href":"https:\/\/www.cambe.pr.gov.br\/index.php\/wp-json\/wp\/v2\/posts\/3878\/revisions"}],"predecessor-version":[{"id":3879,"href":"https:\/\/www.cambe.pr.gov.br\/index.php\/wp-json\/wp\/v2\/posts\/3878\/revisions\/3879"}],"wp:attachment":[{"href":"https:\/\/www.cambe.pr.gov.br\/index.php\/wp-json\/wp\/v2\/media?parent=3878"}],"wp:term":[{"taxonomy":"category","embeddable":true,"href":"https:\/\/www.cambe.pr.gov.br\/index.php\/wp-json\/wp\/v2\/categories?post=3878"},{"taxonomy":"post_tag","embeddable":true,"href":"https:\/\/www.cambe.pr.gov.br\/index.php\/wp-json\/wp\/v2\/tags?post=3878"}],"curies":[{"name":"wp","href":"https:\/\/api.w.org\/{rel}","templated":true}]}}