{"id":3869,"date":"2021-10-27T16:13:04","date_gmt":"2021-10-27T19:13:04","guid":{"rendered":"http:\/\/www.cambe.pr.gov.br\/?p=3869"},"modified":"2024-10-07T13:00:27","modified_gmt":"2024-10-07T16:00:27","slug":"funcionarios-do-proncon-de-cambe-fazem-curso-de-capacitacao-sobre-o-novo-sistema","status":"publish","type":"post","link":"https:\/\/www.cambe.pr.gov.br\/index.php\/funcionarios-do-proncon-de-cambe-fazem-curso-de-capacitacao-sobre-o-novo-sistema\/","title":{"rendered":"Funcion\u00e1rios do Procon de Camb\u00e9 fazem curso de capacita\u00e7\u00e3o sobre o novo sistema"},"content":{"rendered":"<div style=\"text-align: justify;\"><span style=\"font-size: 12pt; font-family: arial, helvetica, sans-serif;\"><img fetchpriority=\"high\" decoding=\"async\" class=\"alignleft wp-image-3870 size-medium\" src=\"https:\/\/www.cambe.pr.gov.br\/wp-content\/uploads\/2021\/10\/WhatsApp-Image-2021-10-26-at-15.34.33-e1635361973754-300x200.jpeg\" alt=\"\" width=\"300\" height=\"200\" srcset=\"https:\/\/www.cambe.pr.gov.br\/wp-content\/uploads\/2021\/10\/WhatsApp-Image-2021-10-26-at-15.34.33-e1635361973754-300x200.jpeg 300w, https:\/\/www.cambe.pr.gov.br\/wp-content\/uploads\/2021\/10\/WhatsApp-Image-2021-10-26-at-15.34.33-e1635361973754-1024x684.jpeg 1024w, https:\/\/www.cambe.pr.gov.br\/wp-content\/uploads\/2021\/10\/WhatsApp-Image-2021-10-26-at-15.34.33-e1635361973754-768x513.jpeg 768w, https:\/\/www.cambe.pr.gov.br\/wp-content\/uploads\/2021\/10\/WhatsApp-Image-2021-10-26-at-15.34.33-e1635361973754-1536x1025.jpeg 1536w, https:\/\/www.cambe.pr.gov.br\/wp-content\/uploads\/2021\/10\/WhatsApp-Image-2021-10-26-at-15.34.33-e1635361973754.jpeg 1600w\" sizes=\"(max-width: 300px) 100vw, 300px\" \/>Os funcion\u00e1rios do Procon (Programa de Prote\u00e7\u00e3o e Defesa do Consumidor) de Camb\u00e9 est\u00e3o participando de uma capacita\u00e7\u00e3o sobre o novo sistema estadual que vai ser adotado a partir de novembro pelo departamento. O curso intitulado \u201cCapacita\u00e7\u00e3o do Sistema Pr\u00f3-Consumidor\u201d est\u00e1 sendo ministrado pela Escola Nacional de Defesa ao Consumidor e tem a inten\u00e7\u00e3o de apresentar a nova plataforma e suas mudan\u00e7as. Segundo Willian Train, coordenador do Procon de Camb\u00e9, esse novo sistema \u00e9 mais simples e vai facilitar o atendimento, reduzindo o tempo de espera dos consumidores por uma resposta. O curso come\u00e7ou na segunda-feira (25) e vai at\u00e9 esta sexta-feira (29) de forma online.<\/span><\/div>\n<div>&nbsp;<\/div>\n<div style=\"text-align: justify;\"><span style=\"font-size: 12pt; font-family: arial, helvetica, sans-serif;\">Train explica que atualmente o Procon utiliza o sistema Sindec, mas a partir de novembro o sistema ser\u00e1 o Pr\u00f3-Consumidor, desenvolvido pela Secretaria Nacional do Consumidor. Segundo ele, o novo sistema vai contar com menos op\u00e7\u00f5es que o antigo, o que vai otimizar o trabalho. \u201cAgora vamos ter as op\u00e7\u00f5es de consulta, den\u00fancia e reclama\u00e7\u00e3o, permitindo chegar mais rapidamente na escolha desejada, sem ter que passar por diversas etapas\u201d, enumera. O coordenador ainda destaca que a nova plataforma vai delimitar um tempo para que os Procons resolvam os problemas. \u201cN\u00f3s vamos ter 120 dias para finalizar um processo, caso contr\u00e1rio eles v\u00e3o ser arquivados automaticamente pelo sistema\u201d, ressalta.<\/span><\/div>\n<div>&nbsp;<\/div>\n<div style=\"text-align: justify;\"><span style=\"font-size: 12pt; font-family: arial, helvetica, sans-serif;\">Willian Train tamb\u00e9m salienta que a mudan\u00e7a entre as plataformas vai ocorrer de forma gradativa. \u201cA partir do m\u00eas que vem os novos processos j\u00e1 v\u00e3o ser feitos atrav\u00e9s do Pr\u00f3-Consumidor, mas os atuais v\u00e3o continuar no Sindec at\u00e9 que sejam resolvidos\u201d. Segundo ele, um sistema mais simples e \u00e1gil beneficia o consumidor. \u201cA plataforma vai dinamizar os atendimentos e trar\u00e1 mais satisfa\u00e7\u00e3o para os consumidores que buscam resolver um problema\u201d, finaliza.<\/span><\/div>\n","protected":false},"excerpt":{"rendered":"<p>Os funcion\u00e1rios do Procon (Programa de Prote\u00e7\u00e3o e Defesa do Consumidor) de Camb\u00e9 est\u00e3o participando de uma capacita\u00e7\u00e3o sobre o novo sistema estadual que vai ser adotado a partir de novembro pelo departamento. O curso intitulado \u201cCapacita\u00e7\u00e3o do Sistema Pr\u00f3-Consumidor\u201d est\u00e1 sendo ministrado pela Escola Nacional de Defesa ao Consumidor e tem a inten\u00e7\u00e3o de [&hellip;]<\/p>\n","protected":false},"author":2,"featured_media":0,"comment_status":"closed","ping_status":"open","sticky":false,"template":"","format":"standard","meta":{"ngg_post_thumbnail":0,"footnotes":""},"categories":[1],"tags":[],"class_list":["post-3869","post","type-post","status-publish","format-standard","hentry","category-principal"],"yoast_head":"<!-- This site is optimized with the Yoast SEO plugin v27.4 - https:\/\/yoast.com\/product\/yoast-seo-wordpress\/ -->\n<title>Funcion\u00e1rios do Procon de Camb\u00e9 fazem curso de capacita\u00e7\u00e3o sobre o novo sistema - Prefeitura de Camb\u00e9<\/title>\n<meta name=\"robots\" content=\"index, follow, max-snippet:-1, max-image-preview:large, max-video-preview:-1\" \/>\n<link rel=\"canonical\" href=\"https:\/\/www.cambe.pr.gov.br\/index.php\/funcionarios-do-proncon-de-cambe-fazem-curso-de-capacitacao-sobre-o-novo-sistema\/\" \/>\n<meta property=\"og:locale\" content=\"pt_BR\" \/>\n<meta property=\"og:type\" content=\"article\" \/>\n<meta property=\"og:title\" content=\"Funcion\u00e1rios do Procon de Camb\u00e9 fazem curso de capacita\u00e7\u00e3o sobre o novo sistema - Prefeitura de Camb\u00e9\" \/>\n<meta property=\"og:description\" content=\"Os funcion\u00e1rios do Procon (Programa de Prote\u00e7\u00e3o e Defesa do Consumidor) de Camb\u00e9 est\u00e3o participando de uma capacita\u00e7\u00e3o sobre o novo sistema estadual que vai ser adotado a partir de novembro pelo departamento. O curso intitulado \u201cCapacita\u00e7\u00e3o do Sistema Pr\u00f3-Consumidor\u201d est\u00e1 sendo ministrado pela Escola Nacional de Defesa ao Consumidor e tem a inten\u00e7\u00e3o de [&hellip;]\" \/>\n<meta property=\"og:url\" content=\"https:\/\/www.cambe.pr.gov.br\/index.php\/funcionarios-do-proncon-de-cambe-fazem-curso-de-capacitacao-sobre-o-novo-sistema\/\" \/>\n<meta property=\"og:site_name\" content=\"Prefeitura de Camb\u00e9\" \/>\n<meta property=\"article:publisher\" content=\"https:\/\/m.facebook.com\/prefeituradecambe\" \/>\n<meta property=\"article:published_time\" content=\"2021-10-27T19:13:04+00:00\" \/>\n<meta property=\"article:modified_time\" content=\"2024-10-07T16:00:27+00:00\" \/>\n<meta property=\"og:image\" content=\"http:\/\/www.cambe.pr.gov.br\/wp-content\/uploads\/2021\/10\/WhatsApp-Image-2021-10-26-at-15.34.33-e1635361973754-300x200.jpeg\" \/>\n<meta name=\"author\" content=\"Thiago Mossini Balbino dos Santos\" \/>\n<meta name=\"twitter:card\" content=\"summary_large_image\" \/>\n<meta name=\"twitter:label1\" content=\"Escrito por\" \/>\n\t<meta name=\"twitter:data1\" content=\"Thiago Mossini Balbino dos Santos\" \/>\n\t<meta name=\"twitter:label2\" content=\"Est. tempo de leitura\" \/>\n\t<meta name=\"twitter:data2\" content=\"2 minutos\" \/>\n<script type=\"application\/ld+json\" class=\"yoast-schema-graph\">{\"@context\":\"https:\\\/\\\/schema.org\",\"@graph\":[{\"@type\":\"Article\",\"@id\":\"https:\\\/\\\/www.cambe.pr.gov.br\\\/index.php\\\/funcionarios-do-proncon-de-cambe-fazem-curso-de-capacitacao-sobre-o-novo-sistema\\\/#article\",\"isPartOf\":{\"@id\":\"https:\\\/\\\/www.cambe.pr.gov.br\\\/index.php\\\/funcionarios-do-proncon-de-cambe-fazem-curso-de-capacitacao-sobre-o-novo-sistema\\\/\"},\"author\":{\"name\":\"Thiago Mossini Balbino dos Santos\",\"@id\":\"https:\\\/\\\/www.cambe.pr.gov.br\\\/#\\\/schema\\\/person\\\/e08f7c43a641b2ec036e4e867ec483e4\"},\"headline\":\"Funcion\u00e1rios do Procon de Camb\u00e9 fazem curso de capacita\u00e7\u00e3o sobre o novo sistema\",\"datePublished\":\"2021-10-27T19:13:04+00:00\",\"dateModified\":\"2024-10-07T16:00:27+00:00\",\"mainEntityOfPage\":{\"@id\":\"https:\\\/\\\/www.cambe.pr.gov.br\\\/index.php\\\/funcionarios-do-proncon-de-cambe-fazem-curso-de-capacitacao-sobre-o-novo-sistema\\\/\"},\"wordCount\":324,\"publisher\":{\"@id\":\"https:\\\/\\\/www.cambe.pr.gov.br\\\/#organization\"},\"image\":{\"@id\":\"https:\\\/\\\/www.cambe.pr.gov.br\\\/index.php\\\/funcionarios-do-proncon-de-cambe-fazem-curso-de-capacitacao-sobre-o-novo-sistema\\\/#primaryimage\"},\"thumbnailUrl\":\"http:\\\/\\\/www.cambe.pr.gov.br\\\/wp-content\\\/uploads\\\/2021\\\/10\\\/WhatsApp-Image-2021-10-26-at-15.34.33-e1635361973754-300x200.jpeg\",\"articleSection\":[\"Principal\"],\"inLanguage\":\"pt-BR\"},{\"@type\":\"WebPage\",\"@id\":\"https:\\\/\\\/www.cambe.pr.gov.br\\\/index.php\\\/funcionarios-do-proncon-de-cambe-fazem-curso-de-capacitacao-sobre-o-novo-sistema\\\/\",\"url\":\"https:\\\/\\\/www.cambe.pr.gov.br\\\/index.php\\\/funcionarios-do-proncon-de-cambe-fazem-curso-de-capacitacao-sobre-o-novo-sistema\\\/\",\"name\":\"Funcion\u00e1rios do Procon de Camb\u00e9 fazem curso de capacita\u00e7\u00e3o sobre o novo sistema - Prefeitura de Camb\u00e9\",\"isPartOf\":{\"@id\":\"https:\\\/\\\/www.cambe.pr.gov.br\\\/#website\"},\"primaryImageOfPage\":{\"@id\":\"https:\\\/\\\/www.cambe.pr.gov.br\\\/index.php\\\/funcionarios-do-proncon-de-cambe-fazem-curso-de-capacitacao-sobre-o-novo-sistema\\\/#primaryimage\"},\"image\":{\"@id\":\"https:\\\/\\\/www.cambe.pr.gov.br\\\/index.php\\\/funcionarios-do-proncon-de-cambe-fazem-curso-de-capacitacao-sobre-o-novo-sistema\\\/#primaryimage\"},\"thumbnailUrl\":\"http:\\\/\\\/www.cambe.pr.gov.br\\\/wp-content\\\/uploads\\\/2021\\\/10\\\/WhatsApp-Image-2021-10-26-at-15.34.33-e1635361973754-300x200.jpeg\",\"datePublished\":\"2021-10-27T19:13:04+00:00\",\"dateModified\":\"2024-10-07T16:00:27+00:00\",\"breadcrumb\":{\"@id\":\"https:\\\/\\\/www.cambe.pr.gov.br\\\/index.php\\\/funcionarios-do-proncon-de-cambe-fazem-curso-de-capacitacao-sobre-o-novo-sistema\\\/#breadcrumb\"},\"inLanguage\":\"pt-BR\",\"potentialAction\":[{\"@type\":\"ReadAction\",\"target\":[\"https:\\\/\\\/www.cambe.pr.gov.br\\\/index.php\\\/funcionarios-do-proncon-de-cambe-fazem-curso-de-capacitacao-sobre-o-novo-sistema\\\/\"]}]},{\"@type\":\"ImageObject\",\"inLanguage\":\"pt-BR\",\"@id\":\"https:\\\/\\\/www.cambe.pr.gov.br\\\/index.php\\\/funcionarios-do-proncon-de-cambe-fazem-curso-de-capacitacao-sobre-o-novo-sistema\\\/#primaryimage\",\"url\":\"http:\\\/\\\/www.cambe.pr.gov.br\\\/wp-content\\\/uploads\\\/2021\\\/10\\\/WhatsApp-Image-2021-10-26-at-15.34.33-e1635361973754-300x200.jpeg\",\"contentUrl\":\"http:\\\/\\\/www.cambe.pr.gov.br\\\/wp-content\\\/uploads\\\/2021\\\/10\\\/WhatsApp-Image-2021-10-26-at-15.34.33-e1635361973754-300x200.jpeg\"},{\"@type\":\"BreadcrumbList\",\"@id\":\"https:\\\/\\\/www.cambe.pr.gov.br\\\/index.php\\\/funcionarios-do-proncon-de-cambe-fazem-curso-de-capacitacao-sobre-o-novo-sistema\\\/#breadcrumb\",\"itemListElement\":[{\"@type\":\"ListItem\",\"position\":1,\"name\":\"In\u00edcio\",\"item\":\"https:\\\/\\\/www.cambe.pr.gov.br\\\/\"},{\"@type\":\"ListItem\",\"position\":2,\"name\":\"Funcion\u00e1rios do Procon de Camb\u00e9 fazem curso de capacita\u00e7\u00e3o sobre o novo sistema\"}]},{\"@type\":\"WebSite\",\"@id\":\"https:\\\/\\\/www.cambe.pr.gov.br\\\/#website\",\"url\":\"https:\\\/\\\/www.cambe.pr.gov.br\\\/\",\"name\":\"Prefeitura de Camb\u00e9\",\"description\":\"UM GOVERNO PARA TODOS\",\"publisher\":{\"@id\":\"https:\\\/\\\/www.cambe.pr.gov.br\\\/#organization\"},\"potentialAction\":[{\"@type\":\"SearchAction\",\"target\":{\"@type\":\"EntryPoint\",\"urlTemplate\":\"https:\\\/\\\/www.cambe.pr.gov.br\\\/?s={search_term_string}\"},\"query-input\":{\"@type\":\"PropertyValueSpecification\",\"valueRequired\":true,\"valueName\":\"search_term_string\"}}],\"inLanguage\":\"pt-BR\"},{\"@type\":\"Organization\",\"@id\":\"https:\\\/\\\/www.cambe.pr.gov.br\\\/#organization\",\"name\":\"Prefeitura de Camb\u00e9\",\"url\":\"https:\\\/\\\/www.cambe.pr.gov.br\\\/\",\"logo\":{\"@type\":\"ImageObject\",\"inLanguage\":\"pt-BR\",\"@id\":\"https:\\\/\\\/www.cambe.pr.gov.br\\\/#\\\/schema\\\/logo\\\/image\\\/\",\"url\":\"https:\\\/\\\/www.cambe.pr.gov.br\\\/wp-content\\\/uploads\\\/2021\\\/01\\\/cropped-cropped-cambe_brazao-icone.png\",\"contentUrl\":\"https:\\\/\\\/www.cambe.pr.gov.br\\\/wp-content\\\/uploads\\\/2021\\\/01\\\/cropped-cropped-cambe_brazao-icone.png\",\"width\":240,\"height\":240,\"caption\":\"Prefeitura de Camb\u00e9\"},\"image\":{\"@id\":\"https:\\\/\\\/www.cambe.pr.gov.br\\\/#\\\/schema\\\/logo\\\/image\\\/\"},\"sameAs\":[\"https:\\\/\\\/m.facebook.com\\\/prefeituradecambe\"]},{\"@type\":\"Person\",\"@id\":\"https:\\\/\\\/www.cambe.pr.gov.br\\\/#\\\/schema\\\/person\\\/e08f7c43a641b2ec036e4e867ec483e4\",\"name\":\"Thiago Mossini Balbino dos Santos\",\"image\":{\"@type\":\"ImageObject\",\"inLanguage\":\"pt-BR\",\"@id\":\"https:\\\/\\\/secure.gravatar.com\\\/avatar\\\/d957ed4e1bc3ebf5769d1003f9709cd2012ebf424eb4a5d76a933fee30e874b6?s=96&d=mm&r=g\",\"url\":\"https:\\\/\\\/secure.gravatar.com\\\/avatar\\\/d957ed4e1bc3ebf5769d1003f9709cd2012ebf424eb4a5d76a933fee30e874b6?s=96&d=mm&r=g\",\"contentUrl\":\"https:\\\/\\\/secure.gravatar.com\\\/avatar\\\/d957ed4e1bc3ebf5769d1003f9709cd2012ebf424eb4a5d76a933fee30e874b6?s=96&d=mm&r=g\",\"caption\":\"Thiago Mossini Balbino dos Santos\"},\"url\":\"https:\\\/\\\/www.cambe.pr.gov.br\\\/index.php\\\/author\\\/tmbsantos\\\/\"}]}<\/script>\n<!-- \/ Yoast SEO plugin. -->","yoast_head_json":{"title":"Funcion\u00e1rios do Procon de Camb\u00e9 fazem curso de capacita\u00e7\u00e3o sobre o novo sistema - Prefeitura de Camb\u00e9","robots":{"index":"index","follow":"follow","max-snippet":"max-snippet:-1","max-image-preview":"max-image-preview:large","max-video-preview":"max-video-preview:-1"},"canonical":"https:\/\/www.cambe.pr.gov.br\/index.php\/funcionarios-do-proncon-de-cambe-fazem-curso-de-capacitacao-sobre-o-novo-sistema\/","og_locale":"pt_BR","og_type":"article","og_title":"Funcion\u00e1rios do Procon de Camb\u00e9 fazem curso de capacita\u00e7\u00e3o sobre o novo sistema - Prefeitura de Camb\u00e9","og_description":"Os funcion\u00e1rios do Procon (Programa de Prote\u00e7\u00e3o e Defesa do Consumidor) de Camb\u00e9 est\u00e3o participando de uma capacita\u00e7\u00e3o sobre o novo sistema estadual que vai ser adotado a partir de novembro pelo departamento. O curso intitulado \u201cCapacita\u00e7\u00e3o do Sistema Pr\u00f3-Consumidor\u201d est\u00e1 sendo ministrado pela Escola Nacional de Defesa ao Consumidor e tem a inten\u00e7\u00e3o de [&hellip;]","og_url":"https:\/\/www.cambe.pr.gov.br\/index.php\/funcionarios-do-proncon-de-cambe-fazem-curso-de-capacitacao-sobre-o-novo-sistema\/","og_site_name":"Prefeitura de Camb\u00e9","article_publisher":"https:\/\/m.facebook.com\/prefeituradecambe","article_published_time":"2021-10-27T19:13:04+00:00","article_modified_time":"2024-10-07T16:00:27+00:00","og_image":[{"url":"http:\/\/www.cambe.pr.gov.br\/wp-content\/uploads\/2021\/10\/WhatsApp-Image-2021-10-26-at-15.34.33-e1635361973754-300x200.jpeg","type":"","width":"","height":""}],"author":"Thiago Mossini Balbino dos Santos","twitter_card":"summary_large_image","twitter_misc":{"Escrito por":"Thiago Mossini Balbino dos Santos","Est. tempo de leitura":"2 minutos"},"schema":{"@context":"https:\/\/schema.org","@graph":[{"@type":"Article","@id":"https:\/\/www.cambe.pr.gov.br\/index.php\/funcionarios-do-proncon-de-cambe-fazem-curso-de-capacitacao-sobre-o-novo-sistema\/#article","isPartOf":{"@id":"https:\/\/www.cambe.pr.gov.br\/index.php\/funcionarios-do-proncon-de-cambe-fazem-curso-de-capacitacao-sobre-o-novo-sistema\/"},"author":{"name":"Thiago Mossini Balbino dos Santos","@id":"https:\/\/www.cambe.pr.gov.br\/#\/schema\/person\/e08f7c43a641b2ec036e4e867ec483e4"},"headline":"Funcion\u00e1rios do Procon de Camb\u00e9 fazem curso de capacita\u00e7\u00e3o sobre o novo sistema","datePublished":"2021-10-27T19:13:04+00:00","dateModified":"2024-10-07T16:00:27+00:00","mainEntityOfPage":{"@id":"https:\/\/www.cambe.pr.gov.br\/index.php\/funcionarios-do-proncon-de-cambe-fazem-curso-de-capacitacao-sobre-o-novo-sistema\/"},"wordCount":324,"publisher":{"@id":"https:\/\/www.cambe.pr.gov.br\/#organization"},"image":{"@id":"https:\/\/www.cambe.pr.gov.br\/index.php\/funcionarios-do-proncon-de-cambe-fazem-curso-de-capacitacao-sobre-o-novo-sistema\/#primaryimage"},"thumbnailUrl":"http:\/\/www.cambe.pr.gov.br\/wp-content\/uploads\/2021\/10\/WhatsApp-Image-2021-10-26-at-15.34.33-e1635361973754-300x200.jpeg","articleSection":["Principal"],"inLanguage":"pt-BR"},{"@type":"WebPage","@id":"https:\/\/www.cambe.pr.gov.br\/index.php\/funcionarios-do-proncon-de-cambe-fazem-curso-de-capacitacao-sobre-o-novo-sistema\/","url":"https:\/\/www.cambe.pr.gov.br\/index.php\/funcionarios-do-proncon-de-cambe-fazem-curso-de-capacitacao-sobre-o-novo-sistema\/","name":"Funcion\u00e1rios do Procon de Camb\u00e9 fazem curso de capacita\u00e7\u00e3o sobre o novo sistema - Prefeitura de Camb\u00e9","isPartOf":{"@id":"https:\/\/www.cambe.pr.gov.br\/#website"},"primaryImageOfPage":{"@id":"https:\/\/www.cambe.pr.gov.br\/index.php\/funcionarios-do-proncon-de-cambe-fazem-curso-de-capacitacao-sobre-o-novo-sistema\/#primaryimage"},"image":{"@id":"https:\/\/www.cambe.pr.gov.br\/index.php\/funcionarios-do-proncon-de-cambe-fazem-curso-de-capacitacao-sobre-o-novo-sistema\/#primaryimage"},"thumbnailUrl":"http:\/\/www.cambe.pr.gov.br\/wp-content\/uploads\/2021\/10\/WhatsApp-Image-2021-10-26-at-15.34.33-e1635361973754-300x200.jpeg","datePublished":"2021-10-27T19:13:04+00:00","dateModified":"2024-10-07T16:00:27+00:00","breadcrumb":{"@id":"https:\/\/www.cambe.pr.gov.br\/index.php\/funcionarios-do-proncon-de-cambe-fazem-curso-de-capacitacao-sobre-o-novo-sistema\/#breadcrumb"},"inLanguage":"pt-BR","potentialAction":[{"@type":"ReadAction","target":["https:\/\/www.cambe.pr.gov.br\/index.php\/funcionarios-do-proncon-de-cambe-fazem-curso-de-capacitacao-sobre-o-novo-sistema\/"]}]},{"@type":"ImageObject","inLanguage":"pt-BR","@id":"https:\/\/www.cambe.pr.gov.br\/index.php\/funcionarios-do-proncon-de-cambe-fazem-curso-de-capacitacao-sobre-o-novo-sistema\/#primaryimage","url":"http:\/\/www.cambe.pr.gov.br\/wp-content\/uploads\/2021\/10\/WhatsApp-Image-2021-10-26-at-15.34.33-e1635361973754-300x200.jpeg","contentUrl":"http:\/\/www.cambe.pr.gov.br\/wp-content\/uploads\/2021\/10\/WhatsApp-Image-2021-10-26-at-15.34.33-e1635361973754-300x200.jpeg"},{"@type":"BreadcrumbList","@id":"https:\/\/www.cambe.pr.gov.br\/index.php\/funcionarios-do-proncon-de-cambe-fazem-curso-de-capacitacao-sobre-o-novo-sistema\/#breadcrumb","itemListElement":[{"@type":"ListItem","position":1,"name":"In\u00edcio","item":"https:\/\/www.cambe.pr.gov.br\/"},{"@type":"ListItem","position":2,"name":"Funcion\u00e1rios do Procon de Camb\u00e9 fazem curso de capacita\u00e7\u00e3o sobre o novo sistema"}]},{"@type":"WebSite","@id":"https:\/\/www.cambe.pr.gov.br\/#website","url":"https:\/\/www.cambe.pr.gov.br\/","name":"Prefeitura de Camb\u00e9","description":"UM GOVERNO PARA TODOS","publisher":{"@id":"https:\/\/www.cambe.pr.gov.br\/#organization"},"potentialAction":[{"@type":"SearchAction","target":{"@type":"EntryPoint","urlTemplate":"https:\/\/www.cambe.pr.gov.br\/?s={search_term_string}"},"query-input":{"@type":"PropertyValueSpecification","valueRequired":true,"valueName":"search_term_string"}}],"inLanguage":"pt-BR"},{"@type":"Organization","@id":"https:\/\/www.cambe.pr.gov.br\/#organization","name":"Prefeitura de Camb\u00e9","url":"https:\/\/www.cambe.pr.gov.br\/","logo":{"@type":"ImageObject","inLanguage":"pt-BR","@id":"https:\/\/www.cambe.pr.gov.br\/#\/schema\/logo\/image\/","url":"https:\/\/www.cambe.pr.gov.br\/wp-content\/uploads\/2021\/01\/cropped-cropped-cambe_brazao-icone.png","contentUrl":"https:\/\/www.cambe.pr.gov.br\/wp-content\/uploads\/2021\/01\/cropped-cropped-cambe_brazao-icone.png","width":240,"height":240,"caption":"Prefeitura de Camb\u00e9"},"image":{"@id":"https:\/\/www.cambe.pr.gov.br\/#\/schema\/logo\/image\/"},"sameAs":["https:\/\/m.facebook.com\/prefeituradecambe"]},{"@type":"Person","@id":"https:\/\/www.cambe.pr.gov.br\/#\/schema\/person\/e08f7c43a641b2ec036e4e867ec483e4","name":"Thiago Mossini Balbino dos Santos","image":{"@type":"ImageObject","inLanguage":"pt-BR","@id":"https:\/\/secure.gravatar.com\/avatar\/d957ed4e1bc3ebf5769d1003f9709cd2012ebf424eb4a5d76a933fee30e874b6?s=96&d=mm&r=g","url":"https:\/\/secure.gravatar.com\/avatar\/d957ed4e1bc3ebf5769d1003f9709cd2012ebf424eb4a5d76a933fee30e874b6?s=96&d=mm&r=g","contentUrl":"https:\/\/secure.gravatar.com\/avatar\/d957ed4e1bc3ebf5769d1003f9709cd2012ebf424eb4a5d76a933fee30e874b6?s=96&d=mm&r=g","caption":"Thiago Mossini Balbino dos Santos"},"url":"https:\/\/www.cambe.pr.gov.br\/index.php\/author\/tmbsantos\/"}]}},"_links":{"self":[{"href":"https:\/\/www.cambe.pr.gov.br\/index.php\/wp-json\/wp\/v2\/posts\/3869","targetHints":{"allow":["GET"]}}],"collection":[{"href":"https:\/\/www.cambe.pr.gov.br\/index.php\/wp-json\/wp\/v2\/posts"}],"about":[{"href":"https:\/\/www.cambe.pr.gov.br\/index.php\/wp-json\/wp\/v2\/types\/post"}],"author":[{"embeddable":true,"href":"https:\/\/www.cambe.pr.gov.br\/index.php\/wp-json\/wp\/v2\/users\/2"}],"replies":[{"embeddable":true,"href":"https:\/\/www.cambe.pr.gov.br\/index.php\/wp-json\/wp\/v2\/comments?post=3869"}],"version-history":[{"count":4,"href":"https:\/\/www.cambe.pr.gov.br\/index.php\/wp-json\/wp\/v2\/posts\/3869\/revisions"}],"predecessor-version":[{"id":3899,"href":"https:\/\/www.cambe.pr.gov.br\/index.php\/wp-json\/wp\/v2\/posts\/3869\/revisions\/3899"}],"wp:attachment":[{"href":"https:\/\/www.cambe.pr.gov.br\/index.php\/wp-json\/wp\/v2\/media?parent=3869"}],"wp:term":[{"taxonomy":"category","embeddable":true,"href":"https:\/\/www.cambe.pr.gov.br\/index.php\/wp-json\/wp\/v2\/categories?post=3869"},{"taxonomy":"post_tag","embeddable":true,"href":"https:\/\/www.cambe.pr.gov.br\/index.php\/wp-json\/wp\/v2\/tags?post=3869"}],"curies":[{"name":"wp","href":"https:\/\/api.w.org\/{rel}","templated":true}]}}