{"id":3858,"date":"2021-10-26T17:04:49","date_gmt":"2021-10-26T20:04:49","guid":{"rendered":"http:\/\/www.cambe.pr.gov.br\/?p=3858"},"modified":"2024-10-07T13:00:27","modified_gmt":"2024-10-07T16:00:27","slug":"prefeitura-e-ifpr-firmam-parceria-para-instalacao-de-campus-em-cambe","status":"publish","type":"post","link":"https:\/\/www.cambe.pr.gov.br\/index.php\/prefeitura-e-ifpr-firmam-parceria-para-instalacao-de-campus-em-cambe\/","title":{"rendered":"Prefeitura e IFPR firmam parceria para instala\u00e7\u00e3o de campus em Camb\u00e9"},"content":{"rendered":"<p style=\"text-align: justify;\"><span style=\"font-family: arial, helvetica, sans-serif;\"><img fetchpriority=\"high\" decoding=\"async\" class=\"alignleft wp-image-3860 size-medium\" src=\"https:\/\/www.cambe.pr.gov.br\/wp-content\/uploads\/2021\/10\/WhatsApp-Image-2021-10-26-at-16.54.00-e1635278166477-300x200.jpeg\" alt=\"\" width=\"300\" height=\"200\" srcset=\"https:\/\/www.cambe.pr.gov.br\/wp-content\/uploads\/2021\/10\/WhatsApp-Image-2021-10-26-at-16.54.00-e1635278166477-300x200.jpeg 300w, https:\/\/www.cambe.pr.gov.br\/wp-content\/uploads\/2021\/10\/WhatsApp-Image-2021-10-26-at-16.54.00-e1635278166477-1024x682.jpeg 1024w, https:\/\/www.cambe.pr.gov.br\/wp-content\/uploads\/2021\/10\/WhatsApp-Image-2021-10-26-at-16.54.00-e1635278166477-768x512.jpeg 768w, https:\/\/www.cambe.pr.gov.br\/wp-content\/uploads\/2021\/10\/WhatsApp-Image-2021-10-26-at-16.54.00-e1635278166477.jpeg 1081w\" sizes=\"(max-width: 300px) 100vw, 300px\" \/>A Prefeitura de Camb\u00e9, por meio da Secretaria de Educa\u00e7\u00e3o, e o Instituto Federal do Paran\u00e1 assinaram um acordo de compromisso para a instala\u00e7\u00e3o de um Centro de Refer\u00eancia do Instituto Federal na cidade no pr\u00e9dio onde funcionava o Col\u00e9gio Sesi. O acordo contou com articula\u00e7\u00e3o da deputada federal Lu\u00edsa Canziani (PTB-PR) e de Alex Canziani, secret\u00e1rio de governo de Londrina.<\/span><\/p>\n<p style=\"text-align: justify;\"><span style=\"font-family: arial, helvetica, sans-serif;\">Segundo a secret\u00e1ria de Educa\u00e7\u00e3o, Estela Camata, o Instituto Federal j\u00e1 vem atendendo na cidade, desde agosto, com um curso online de ingl\u00eas e a assinatura do compromisso \u00e9 o pr\u00f3ximo passo para que a cidade conte com uma unidade da institui\u00e7\u00e3o. \u201cAgora n\u00f3s vamos ampliar esses oportunidades e possibilitar o ensino no modelo presencial. Nesse centro, n\u00f3s vamos conseguir oferecer cursos t\u00e9cnicos e de gradua\u00e7\u00e3o para a popula\u00e7\u00e3o cambeense\u201d, comemora.<\/span><\/p>\n<p style=\"text-align: justify;\"><span style=\"font-family: arial, helvetica, sans-serif;\">Camata pontua que essa conquista \u00e9 muito importante para a cidade. \u201cN\u00f3s vamos poder profissionalizar e oferecer a oportunidade de uma gradua\u00e7\u00e3o para a nossa popula\u00e7\u00e3o. E o melhor de tudo \u00e9 que vai ser gratuito\u201d, destaca. De acordo com ela, o processo seletivo vai ser por meio de um vestibular, assim como j\u00e1 acontece em universidades. Para a deputada Lu\u00edsa, a cria\u00e7\u00e3o de uma unidade do instituto federal em Camb\u00e9 ir\u00e1 contribuir para a qualifica\u00e7\u00e3o de jovens e adultos por meio do ensino p\u00fablico gratuito e de qualidade. <\/span><span style=\"font-family: arial, helvetica, sans-serif;\">\u201cO crescimento do nosso Pa\u00eds passa pelo ensino profissional e tecnol\u00f3gico. Precisamos reconhecer o papel que a rede federal tem no papel de forma\u00e7\u00e3o e na qualifica\u00e7\u00e3o dos jovens. E Camb\u00e9, munic\u00edpio em pleno crescimento econ\u00f4mico e que concentra muitas ind\u00fastrias, merecia uma unidade do nosso instituto \u201d, salienta a deputada.<\/span><\/p>\n<p style=\"text-align: justify;\"><span style=\"font-family: arial, helvetica, sans-serif;\"><img decoding=\"async\" class=\"alignleft wp-image-3862 size-medium\" src=\"https:\/\/www.cambe.pr.gov.br\/wp-content\/uploads\/2021\/10\/WhatsApp-Image-2021-10-26-at-17.02.15-e1635278683975-300x200.jpeg\" alt=\"\" width=\"300\" height=\"200\" srcset=\"https:\/\/www.cambe.pr.gov.br\/wp-content\/uploads\/2021\/10\/WhatsApp-Image-2021-10-26-at-17.02.15-e1635278683975-300x200.jpeg 300w, https:\/\/www.cambe.pr.gov.br\/wp-content\/uploads\/2021\/10\/WhatsApp-Image-2021-10-26-at-17.02.15-e1635278683975-768x512.jpeg 768w, https:\/\/www.cambe.pr.gov.br\/wp-content\/uploads\/2021\/10\/WhatsApp-Image-2021-10-26-at-17.02.15-e1635278683975.jpeg 1024w\" sizes=\"(max-width: 300px) 100vw, 300px\" \/>Gleice Rocha Almeida, coordenadora de ensino do Instituto Federal do Paran\u00e1, explica que o local escolhido para receber esse Centro de Refer\u00eancia na cidade fica na Rua da Lapa, 160 \u2013 Jardim Morumbi \u2013 antigo col\u00e9gio Sesi \u2013 e que o ambiente \u00e9 ideal, com salas de aula espa\u00e7osas e laborat\u00f3rios. \u201cA nossa primeira a\u00e7\u00e3o foi conhecer o espa\u00e7o para entender de que forma podemos agir e para fazermos um levantamento das demandas da cidade\u201d, esclarece. De acordo com Almeida, a opini\u00e3o da comunidade vai ser fundamental para a defini\u00e7\u00e3o dos cursos, mas que, a princ\u00edpio, v\u00e3o ser cursos de inform\u00e1tica, biotecnologia, magist\u00e9rio, pr\u00f3tese dent\u00e1ria, t\u00e9cnico em enfermagem, na \u00e1rea de alimentos dentre outros.<\/span><\/p>\n<p style=\"text-align: justify;\"><span style=\"font-family: arial, helvetica, sans-serif;\">\u201cN\u00f3s temos um corpo docente preparado para atender a demanda desses cursos, mas o in\u00edcio deles depende de algumas defini\u00e7\u00f5es internas do instituto\u201d, explica. Segundo a coordenadora, a expectativa \u00e9 come\u00e7ar com os cursos presenciais j\u00e1 no in\u00edcio de 2022, mas que existe a possibilidade de antecipar esse in\u00edcio por meio de um modelo h\u00edbrido. \u201cA nossa inten\u00e7\u00e3o \u00e9 come\u00e7ar o quanto antes, mas vamos adaptando conforme a necessidade\u201d, finaliza Gleice Rocha Almeida.<\/span><\/p>\n<p style=\"text-align: justify;\"><span style=\"font-family: arial, helvetica, sans-serif;\">O prefeito Conrado Scheller participou da reuni\u00e3o e comemorou a aproxima\u00e7\u00e3o com o Instituto Federal do Paran\u00e1. &#8220;\u00c9 uma grande conquista para a popula\u00e7\u00e3o cambeense, que vai poder se qualificar para o mercado de trabalho. Estamos voando alto no quesito desenvolvimento e gera\u00e7\u00e3o de postos de trabalho, mas h\u00e1 uma car\u00eancia ainda de m\u00e3o de obra qualificada. Estes cursos que o instituto trar\u00e1 para Camb\u00e9 v\u00e3o acabar com esse problema&#8221;, pontua o prefeito.<\/span><\/p>\n","protected":false},"excerpt":{"rendered":"<p>A Prefeitura de Camb\u00e9, por meio da Secretaria de Educa\u00e7\u00e3o, e o Instituto Federal do Paran\u00e1 assinaram um acordo de compromisso para a instala\u00e7\u00e3o de um Centro de Refer\u00eancia do Instituto Federal na cidade no pr\u00e9dio onde funcionava o Col\u00e9gio Sesi. O acordo contou com articula\u00e7\u00e3o da deputada federal Lu\u00edsa Canziani (PTB-PR) e de Alex [&hellip;]<\/p>\n","protected":false},"author":2,"featured_media":0,"comment_status":"closed","ping_status":"open","sticky":false,"template":"","format":"standard","meta":{"ngg_post_thumbnail":0,"footnotes":""},"categories":[1],"tags":[],"class_list":["post-3858","post","type-post","status-publish","format-standard","hentry","category-principal"],"yoast_head":"<!-- This site is optimized with the Yoast SEO plugin v27.4 - https:\/\/yoast.com\/product\/yoast-seo-wordpress\/ -->\n<title>Prefeitura e IFPR firmam parceria para instala\u00e7\u00e3o de campus em Camb\u00e9 - Prefeitura de Camb\u00e9<\/title>\n<meta name=\"robots\" content=\"index, follow, max-snippet:-1, max-image-preview:large, max-video-preview:-1\" \/>\n<link rel=\"canonical\" href=\"https:\/\/www.cambe.pr.gov.br\/index.php\/prefeitura-e-ifpr-firmam-parceria-para-instalacao-de-campus-em-cambe\/\" \/>\n<meta property=\"og:locale\" content=\"pt_BR\" \/>\n<meta property=\"og:type\" content=\"article\" \/>\n<meta property=\"og:title\" content=\"Prefeitura e IFPR firmam parceria para instala\u00e7\u00e3o de campus em Camb\u00e9 - Prefeitura de Camb\u00e9\" \/>\n<meta property=\"og:description\" content=\"A Prefeitura de Camb\u00e9, por meio da Secretaria de Educa\u00e7\u00e3o, e o Instituto Federal do Paran\u00e1 assinaram um acordo de compromisso para a instala\u00e7\u00e3o de um Centro de Refer\u00eancia do Instituto Federal na cidade no pr\u00e9dio onde funcionava o Col\u00e9gio Sesi. O acordo contou com articula\u00e7\u00e3o da deputada federal Lu\u00edsa Canziani (PTB-PR) e de Alex [&hellip;]\" \/>\n<meta property=\"og:url\" content=\"https:\/\/www.cambe.pr.gov.br\/index.php\/prefeitura-e-ifpr-firmam-parceria-para-instalacao-de-campus-em-cambe\/\" \/>\n<meta property=\"og:site_name\" content=\"Prefeitura de Camb\u00e9\" \/>\n<meta property=\"article:publisher\" content=\"https:\/\/m.facebook.com\/prefeituradecambe\" \/>\n<meta property=\"article:published_time\" content=\"2021-10-26T20:04:49+00:00\" \/>\n<meta property=\"article:modified_time\" content=\"2024-10-07T16:00:27+00:00\" \/>\n<meta property=\"og:image\" content=\"http:\/\/www.cambe.pr.gov.br\/wp-content\/uploads\/2021\/10\/WhatsApp-Image-2021-10-26-at-16.54.00-e1635278166477-300x200.jpeg\" \/>\n<meta name=\"author\" content=\"Thiago Mossini Balbino dos Santos\" \/>\n<meta name=\"twitter:card\" content=\"summary_large_image\" \/>\n<meta name=\"twitter:label1\" content=\"Escrito por\" \/>\n\t<meta name=\"twitter:data1\" content=\"Thiago Mossini Balbino dos Santos\" \/>\n\t<meta name=\"twitter:label2\" content=\"Est. tempo de leitura\" \/>\n\t<meta name=\"twitter:data2\" content=\"3 minutos\" \/>\n<script type=\"application\/ld+json\" class=\"yoast-schema-graph\">{\"@context\":\"https:\\\/\\\/schema.org\",\"@graph\":[{\"@type\":\"Article\",\"@id\":\"https:\\\/\\\/www.cambe.pr.gov.br\\\/index.php\\\/prefeitura-e-ifpr-firmam-parceria-para-instalacao-de-campus-em-cambe\\\/#article\",\"isPartOf\":{\"@id\":\"https:\\\/\\\/www.cambe.pr.gov.br\\\/index.php\\\/prefeitura-e-ifpr-firmam-parceria-para-instalacao-de-campus-em-cambe\\\/\"},\"author\":{\"name\":\"Thiago Mossini Balbino dos Santos\",\"@id\":\"https:\\\/\\\/www.cambe.pr.gov.br\\\/#\\\/schema\\\/person\\\/e08f7c43a641b2ec036e4e867ec483e4\"},\"headline\":\"Prefeitura e IFPR firmam parceria para instala\u00e7\u00e3o de campus em Camb\u00e9\",\"datePublished\":\"2021-10-26T20:04:49+00:00\",\"dateModified\":\"2024-10-07T16:00:27+00:00\",\"mainEntityOfPage\":{\"@id\":\"https:\\\/\\\/www.cambe.pr.gov.br\\\/index.php\\\/prefeitura-e-ifpr-firmam-parceria-para-instalacao-de-campus-em-cambe\\\/\"},\"wordCount\":594,\"publisher\":{\"@id\":\"https:\\\/\\\/www.cambe.pr.gov.br\\\/#organization\"},\"image\":{\"@id\":\"https:\\\/\\\/www.cambe.pr.gov.br\\\/index.php\\\/prefeitura-e-ifpr-firmam-parceria-para-instalacao-de-campus-em-cambe\\\/#primaryimage\"},\"thumbnailUrl\":\"http:\\\/\\\/www.cambe.pr.gov.br\\\/wp-content\\\/uploads\\\/2021\\\/10\\\/WhatsApp-Image-2021-10-26-at-16.54.00-e1635278166477-300x200.jpeg\",\"articleSection\":[\"Principal\"],\"inLanguage\":\"pt-BR\"},{\"@type\":\"WebPage\",\"@id\":\"https:\\\/\\\/www.cambe.pr.gov.br\\\/index.php\\\/prefeitura-e-ifpr-firmam-parceria-para-instalacao-de-campus-em-cambe\\\/\",\"url\":\"https:\\\/\\\/www.cambe.pr.gov.br\\\/index.php\\\/prefeitura-e-ifpr-firmam-parceria-para-instalacao-de-campus-em-cambe\\\/\",\"name\":\"Prefeitura e IFPR firmam parceria para instala\u00e7\u00e3o de campus em Camb\u00e9 - Prefeitura de Camb\u00e9\",\"isPartOf\":{\"@id\":\"https:\\\/\\\/www.cambe.pr.gov.br\\\/#website\"},\"primaryImageOfPage\":{\"@id\":\"https:\\\/\\\/www.cambe.pr.gov.br\\\/index.php\\\/prefeitura-e-ifpr-firmam-parceria-para-instalacao-de-campus-em-cambe\\\/#primaryimage\"},\"image\":{\"@id\":\"https:\\\/\\\/www.cambe.pr.gov.br\\\/index.php\\\/prefeitura-e-ifpr-firmam-parceria-para-instalacao-de-campus-em-cambe\\\/#primaryimage\"},\"thumbnailUrl\":\"http:\\\/\\\/www.cambe.pr.gov.br\\\/wp-content\\\/uploads\\\/2021\\\/10\\\/WhatsApp-Image-2021-10-26-at-16.54.00-e1635278166477-300x200.jpeg\",\"datePublished\":\"2021-10-26T20:04:49+00:00\",\"dateModified\":\"2024-10-07T16:00:27+00:00\",\"breadcrumb\":{\"@id\":\"https:\\\/\\\/www.cambe.pr.gov.br\\\/index.php\\\/prefeitura-e-ifpr-firmam-parceria-para-instalacao-de-campus-em-cambe\\\/#breadcrumb\"},\"inLanguage\":\"pt-BR\",\"potentialAction\":[{\"@type\":\"ReadAction\",\"target\":[\"https:\\\/\\\/www.cambe.pr.gov.br\\\/index.php\\\/prefeitura-e-ifpr-firmam-parceria-para-instalacao-de-campus-em-cambe\\\/\"]}]},{\"@type\":\"ImageObject\",\"inLanguage\":\"pt-BR\",\"@id\":\"https:\\\/\\\/www.cambe.pr.gov.br\\\/index.php\\\/prefeitura-e-ifpr-firmam-parceria-para-instalacao-de-campus-em-cambe\\\/#primaryimage\",\"url\":\"http:\\\/\\\/www.cambe.pr.gov.br\\\/wp-content\\\/uploads\\\/2021\\\/10\\\/WhatsApp-Image-2021-10-26-at-16.54.00-e1635278166477-300x200.jpeg\",\"contentUrl\":\"http:\\\/\\\/www.cambe.pr.gov.br\\\/wp-content\\\/uploads\\\/2021\\\/10\\\/WhatsApp-Image-2021-10-26-at-16.54.00-e1635278166477-300x200.jpeg\"},{\"@type\":\"BreadcrumbList\",\"@id\":\"https:\\\/\\\/www.cambe.pr.gov.br\\\/index.php\\\/prefeitura-e-ifpr-firmam-parceria-para-instalacao-de-campus-em-cambe\\\/#breadcrumb\",\"itemListElement\":[{\"@type\":\"ListItem\",\"position\":1,\"name\":\"In\u00edcio\",\"item\":\"https:\\\/\\\/www.cambe.pr.gov.br\\\/\"},{\"@type\":\"ListItem\",\"position\":2,\"name\":\"Prefeitura e IFPR firmam parceria para instala\u00e7\u00e3o de campus em Camb\u00e9\"}]},{\"@type\":\"WebSite\",\"@id\":\"https:\\\/\\\/www.cambe.pr.gov.br\\\/#website\",\"url\":\"https:\\\/\\\/www.cambe.pr.gov.br\\\/\",\"name\":\"Prefeitura de Camb\u00e9\",\"description\":\"UM GOVERNO PARA TODOS\",\"publisher\":{\"@id\":\"https:\\\/\\\/www.cambe.pr.gov.br\\\/#organization\"},\"potentialAction\":[{\"@type\":\"SearchAction\",\"target\":{\"@type\":\"EntryPoint\",\"urlTemplate\":\"https:\\\/\\\/www.cambe.pr.gov.br\\\/?s={search_term_string}\"},\"query-input\":{\"@type\":\"PropertyValueSpecification\",\"valueRequired\":true,\"valueName\":\"search_term_string\"}}],\"inLanguage\":\"pt-BR\"},{\"@type\":\"Organization\",\"@id\":\"https:\\\/\\\/www.cambe.pr.gov.br\\\/#organization\",\"name\":\"Prefeitura de Camb\u00e9\",\"url\":\"https:\\\/\\\/www.cambe.pr.gov.br\\\/\",\"logo\":{\"@type\":\"ImageObject\",\"inLanguage\":\"pt-BR\",\"@id\":\"https:\\\/\\\/www.cambe.pr.gov.br\\\/#\\\/schema\\\/logo\\\/image\\\/\",\"url\":\"https:\\\/\\\/www.cambe.pr.gov.br\\\/wp-content\\\/uploads\\\/2021\\\/01\\\/cropped-cropped-cambe_brazao-icone.png\",\"contentUrl\":\"https:\\\/\\\/www.cambe.pr.gov.br\\\/wp-content\\\/uploads\\\/2021\\\/01\\\/cropped-cropped-cambe_brazao-icone.png\",\"width\":240,\"height\":240,\"caption\":\"Prefeitura de Camb\u00e9\"},\"image\":{\"@id\":\"https:\\\/\\\/www.cambe.pr.gov.br\\\/#\\\/schema\\\/logo\\\/image\\\/\"},\"sameAs\":[\"https:\\\/\\\/m.facebook.com\\\/prefeituradecambe\"]},{\"@type\":\"Person\",\"@id\":\"https:\\\/\\\/www.cambe.pr.gov.br\\\/#\\\/schema\\\/person\\\/e08f7c43a641b2ec036e4e867ec483e4\",\"name\":\"Thiago Mossini Balbino dos Santos\",\"image\":{\"@type\":\"ImageObject\",\"inLanguage\":\"pt-BR\",\"@id\":\"https:\\\/\\\/secure.gravatar.com\\\/avatar\\\/d957ed4e1bc3ebf5769d1003f9709cd2012ebf424eb4a5d76a933fee30e874b6?s=96&d=mm&r=g\",\"url\":\"https:\\\/\\\/secure.gravatar.com\\\/avatar\\\/d957ed4e1bc3ebf5769d1003f9709cd2012ebf424eb4a5d76a933fee30e874b6?s=96&d=mm&r=g\",\"contentUrl\":\"https:\\\/\\\/secure.gravatar.com\\\/avatar\\\/d957ed4e1bc3ebf5769d1003f9709cd2012ebf424eb4a5d76a933fee30e874b6?s=96&d=mm&r=g\",\"caption\":\"Thiago Mossini Balbino dos Santos\"},\"url\":\"https:\\\/\\\/www.cambe.pr.gov.br\\\/index.php\\\/author\\\/tmbsantos\\\/\"}]}<\/script>\n<!-- \/ Yoast SEO plugin. -->","yoast_head_json":{"title":"Prefeitura e IFPR firmam parceria para instala\u00e7\u00e3o de campus em Camb\u00e9 - Prefeitura de Camb\u00e9","robots":{"index":"index","follow":"follow","max-snippet":"max-snippet:-1","max-image-preview":"max-image-preview:large","max-video-preview":"max-video-preview:-1"},"canonical":"https:\/\/www.cambe.pr.gov.br\/index.php\/prefeitura-e-ifpr-firmam-parceria-para-instalacao-de-campus-em-cambe\/","og_locale":"pt_BR","og_type":"article","og_title":"Prefeitura e IFPR firmam parceria para instala\u00e7\u00e3o de campus em Camb\u00e9 - Prefeitura de Camb\u00e9","og_description":"A Prefeitura de Camb\u00e9, por meio da Secretaria de Educa\u00e7\u00e3o, e o Instituto Federal do Paran\u00e1 assinaram um acordo de compromisso para a instala\u00e7\u00e3o de um Centro de Refer\u00eancia do Instituto Federal na cidade no pr\u00e9dio onde funcionava o Col\u00e9gio Sesi. O acordo contou com articula\u00e7\u00e3o da deputada federal Lu\u00edsa Canziani (PTB-PR) e de Alex [&hellip;]","og_url":"https:\/\/www.cambe.pr.gov.br\/index.php\/prefeitura-e-ifpr-firmam-parceria-para-instalacao-de-campus-em-cambe\/","og_site_name":"Prefeitura de Camb\u00e9","article_publisher":"https:\/\/m.facebook.com\/prefeituradecambe","article_published_time":"2021-10-26T20:04:49+00:00","article_modified_time":"2024-10-07T16:00:27+00:00","og_image":[{"url":"http:\/\/www.cambe.pr.gov.br\/wp-content\/uploads\/2021\/10\/WhatsApp-Image-2021-10-26-at-16.54.00-e1635278166477-300x200.jpeg","type":"","width":"","height":""}],"author":"Thiago Mossini Balbino dos Santos","twitter_card":"summary_large_image","twitter_misc":{"Escrito por":"Thiago Mossini Balbino dos Santos","Est. tempo de leitura":"3 minutos"},"schema":{"@context":"https:\/\/schema.org","@graph":[{"@type":"Article","@id":"https:\/\/www.cambe.pr.gov.br\/index.php\/prefeitura-e-ifpr-firmam-parceria-para-instalacao-de-campus-em-cambe\/#article","isPartOf":{"@id":"https:\/\/www.cambe.pr.gov.br\/index.php\/prefeitura-e-ifpr-firmam-parceria-para-instalacao-de-campus-em-cambe\/"},"author":{"name":"Thiago Mossini Balbino dos Santos","@id":"https:\/\/www.cambe.pr.gov.br\/#\/schema\/person\/e08f7c43a641b2ec036e4e867ec483e4"},"headline":"Prefeitura e IFPR firmam parceria para instala\u00e7\u00e3o de campus em Camb\u00e9","datePublished":"2021-10-26T20:04:49+00:00","dateModified":"2024-10-07T16:00:27+00:00","mainEntityOfPage":{"@id":"https:\/\/www.cambe.pr.gov.br\/index.php\/prefeitura-e-ifpr-firmam-parceria-para-instalacao-de-campus-em-cambe\/"},"wordCount":594,"publisher":{"@id":"https:\/\/www.cambe.pr.gov.br\/#organization"},"image":{"@id":"https:\/\/www.cambe.pr.gov.br\/index.php\/prefeitura-e-ifpr-firmam-parceria-para-instalacao-de-campus-em-cambe\/#primaryimage"},"thumbnailUrl":"http:\/\/www.cambe.pr.gov.br\/wp-content\/uploads\/2021\/10\/WhatsApp-Image-2021-10-26-at-16.54.00-e1635278166477-300x200.jpeg","articleSection":["Principal"],"inLanguage":"pt-BR"},{"@type":"WebPage","@id":"https:\/\/www.cambe.pr.gov.br\/index.php\/prefeitura-e-ifpr-firmam-parceria-para-instalacao-de-campus-em-cambe\/","url":"https:\/\/www.cambe.pr.gov.br\/index.php\/prefeitura-e-ifpr-firmam-parceria-para-instalacao-de-campus-em-cambe\/","name":"Prefeitura e IFPR firmam parceria para instala\u00e7\u00e3o de campus em Camb\u00e9 - Prefeitura de Camb\u00e9","isPartOf":{"@id":"https:\/\/www.cambe.pr.gov.br\/#website"},"primaryImageOfPage":{"@id":"https:\/\/www.cambe.pr.gov.br\/index.php\/prefeitura-e-ifpr-firmam-parceria-para-instalacao-de-campus-em-cambe\/#primaryimage"},"image":{"@id":"https:\/\/www.cambe.pr.gov.br\/index.php\/prefeitura-e-ifpr-firmam-parceria-para-instalacao-de-campus-em-cambe\/#primaryimage"},"thumbnailUrl":"http:\/\/www.cambe.pr.gov.br\/wp-content\/uploads\/2021\/10\/WhatsApp-Image-2021-10-26-at-16.54.00-e1635278166477-300x200.jpeg","datePublished":"2021-10-26T20:04:49+00:00","dateModified":"2024-10-07T16:00:27+00:00","breadcrumb":{"@id":"https:\/\/www.cambe.pr.gov.br\/index.php\/prefeitura-e-ifpr-firmam-parceria-para-instalacao-de-campus-em-cambe\/#breadcrumb"},"inLanguage":"pt-BR","potentialAction":[{"@type":"ReadAction","target":["https:\/\/www.cambe.pr.gov.br\/index.php\/prefeitura-e-ifpr-firmam-parceria-para-instalacao-de-campus-em-cambe\/"]}]},{"@type":"ImageObject","inLanguage":"pt-BR","@id":"https:\/\/www.cambe.pr.gov.br\/index.php\/prefeitura-e-ifpr-firmam-parceria-para-instalacao-de-campus-em-cambe\/#primaryimage","url":"http:\/\/www.cambe.pr.gov.br\/wp-content\/uploads\/2021\/10\/WhatsApp-Image-2021-10-26-at-16.54.00-e1635278166477-300x200.jpeg","contentUrl":"http:\/\/www.cambe.pr.gov.br\/wp-content\/uploads\/2021\/10\/WhatsApp-Image-2021-10-26-at-16.54.00-e1635278166477-300x200.jpeg"},{"@type":"BreadcrumbList","@id":"https:\/\/www.cambe.pr.gov.br\/index.php\/prefeitura-e-ifpr-firmam-parceria-para-instalacao-de-campus-em-cambe\/#breadcrumb","itemListElement":[{"@type":"ListItem","position":1,"name":"In\u00edcio","item":"https:\/\/www.cambe.pr.gov.br\/"},{"@type":"ListItem","position":2,"name":"Prefeitura e IFPR firmam parceria para instala\u00e7\u00e3o de campus em Camb\u00e9"}]},{"@type":"WebSite","@id":"https:\/\/www.cambe.pr.gov.br\/#website","url":"https:\/\/www.cambe.pr.gov.br\/","name":"Prefeitura de Camb\u00e9","description":"UM GOVERNO PARA TODOS","publisher":{"@id":"https:\/\/www.cambe.pr.gov.br\/#organization"},"potentialAction":[{"@type":"SearchAction","target":{"@type":"EntryPoint","urlTemplate":"https:\/\/www.cambe.pr.gov.br\/?s={search_term_string}"},"query-input":{"@type":"PropertyValueSpecification","valueRequired":true,"valueName":"search_term_string"}}],"inLanguage":"pt-BR"},{"@type":"Organization","@id":"https:\/\/www.cambe.pr.gov.br\/#organization","name":"Prefeitura de Camb\u00e9","url":"https:\/\/www.cambe.pr.gov.br\/","logo":{"@type":"ImageObject","inLanguage":"pt-BR","@id":"https:\/\/www.cambe.pr.gov.br\/#\/schema\/logo\/image\/","url":"https:\/\/www.cambe.pr.gov.br\/wp-content\/uploads\/2021\/01\/cropped-cropped-cambe_brazao-icone.png","contentUrl":"https:\/\/www.cambe.pr.gov.br\/wp-content\/uploads\/2021\/01\/cropped-cropped-cambe_brazao-icone.png","width":240,"height":240,"caption":"Prefeitura de Camb\u00e9"},"image":{"@id":"https:\/\/www.cambe.pr.gov.br\/#\/schema\/logo\/image\/"},"sameAs":["https:\/\/m.facebook.com\/prefeituradecambe"]},{"@type":"Person","@id":"https:\/\/www.cambe.pr.gov.br\/#\/schema\/person\/e08f7c43a641b2ec036e4e867ec483e4","name":"Thiago Mossini Balbino dos Santos","image":{"@type":"ImageObject","inLanguage":"pt-BR","@id":"https:\/\/secure.gravatar.com\/avatar\/d957ed4e1bc3ebf5769d1003f9709cd2012ebf424eb4a5d76a933fee30e874b6?s=96&d=mm&r=g","url":"https:\/\/secure.gravatar.com\/avatar\/d957ed4e1bc3ebf5769d1003f9709cd2012ebf424eb4a5d76a933fee30e874b6?s=96&d=mm&r=g","contentUrl":"https:\/\/secure.gravatar.com\/avatar\/d957ed4e1bc3ebf5769d1003f9709cd2012ebf424eb4a5d76a933fee30e874b6?s=96&d=mm&r=g","caption":"Thiago Mossini Balbino dos Santos"},"url":"https:\/\/www.cambe.pr.gov.br\/index.php\/author\/tmbsantos\/"}]}},"_links":{"self":[{"href":"https:\/\/www.cambe.pr.gov.br\/index.php\/wp-json\/wp\/v2\/posts\/3858","targetHints":{"allow":["GET"]}}],"collection":[{"href":"https:\/\/www.cambe.pr.gov.br\/index.php\/wp-json\/wp\/v2\/posts"}],"about":[{"href":"https:\/\/www.cambe.pr.gov.br\/index.php\/wp-json\/wp\/v2\/types\/post"}],"author":[{"embeddable":true,"href":"https:\/\/www.cambe.pr.gov.br\/index.php\/wp-json\/wp\/v2\/users\/2"}],"replies":[{"embeddable":true,"href":"https:\/\/www.cambe.pr.gov.br\/index.php\/wp-json\/wp\/v2\/comments?post=3858"}],"version-history":[{"count":2,"href":"https:\/\/www.cambe.pr.gov.br\/index.php\/wp-json\/wp\/v2\/posts\/3858\/revisions"}],"predecessor-version":[{"id":3865,"href":"https:\/\/www.cambe.pr.gov.br\/index.php\/wp-json\/wp\/v2\/posts\/3858\/revisions\/3865"}],"wp:attachment":[{"href":"https:\/\/www.cambe.pr.gov.br\/index.php\/wp-json\/wp\/v2\/media?parent=3858"}],"wp:term":[{"taxonomy":"category","embeddable":true,"href":"https:\/\/www.cambe.pr.gov.br\/index.php\/wp-json\/wp\/v2\/categories?post=3858"},{"taxonomy":"post_tag","embeddable":true,"href":"https:\/\/www.cambe.pr.gov.br\/index.php\/wp-json\/wp\/v2\/tags?post=3858"}],"curies":[{"name":"wp","href":"https:\/\/api.w.org\/{rel}","templated":true}]}}