{"id":3853,"date":"2021-10-26T15:37:14","date_gmt":"2021-10-26T18:37:14","guid":{"rendered":"http:\/\/www.cambe.pr.gov.br\/?p=3853"},"modified":"2024-10-07T13:00:27","modified_gmt":"2024-10-07T16:00:27","slug":"prefeitura-de-cambe-inaugura-centro-de-treinamento-da-secretaria-de-esportes","status":"publish","type":"post","link":"https:\/\/www.cambe.pr.gov.br\/index.php\/prefeitura-de-cambe-inaugura-centro-de-treinamento-da-secretaria-de-esportes\/","title":{"rendered":"Prefeitura de Camb\u00e9 inaugura Centro de Treinamento da Secretaria de Esportes"},"content":{"rendered":"<p style=\"text-align: justify;\"><span style=\"font-family: arial, helvetica, sans-serif;\"><img fetchpriority=\"high\" decoding=\"async\" class=\"alignleft wp-image-3855 size-medium\" src=\"https:\/\/www.cambe.pr.gov.br\/wp-content\/uploads\/2021\/10\/DSC_0604-scaled-e1635273357405-300x200.jpg\" alt=\"\" width=\"300\" height=\"200\" srcset=\"https:\/\/www.cambe.pr.gov.br\/wp-content\/uploads\/2021\/10\/DSC_0604-scaled-e1635273357405-300x200.jpg 300w, https:\/\/www.cambe.pr.gov.br\/wp-content\/uploads\/2021\/10\/DSC_0604-scaled-e1635273357405-1024x683.jpg 1024w, https:\/\/www.cambe.pr.gov.br\/wp-content\/uploads\/2021\/10\/DSC_0604-scaled-e1635273357405-768x512.jpg 768w, https:\/\/www.cambe.pr.gov.br\/wp-content\/uploads\/2021\/10\/DSC_0604-scaled-e1635273357405-1536x1024.jpg 1536w, https:\/\/www.cambe.pr.gov.br\/wp-content\/uploads\/2021\/10\/DSC_0604-scaled-e1635273357405-2048x1365.jpg 2048w\" sizes=\"(max-width: 300px) 100vw, 300px\" \/>A Prefeitura de Camb\u00e9 inaugurou na manh\u00e3 desta ter\u00e7a-feira, 26 de outubro, o novo Centro de Treinamento da Secretaria Municipal de Esportes e Lazer. O centro est\u00e1 localizado na Rua Bras\u00edlia, 911 \u2013 Jardim Alvorada \u2013 em frente ao Zez\u00e3o \u2013, em anexo \u00e0 sede administrativa da Secretaria. Eduardo Cazarim, secret\u00e1rio da pasta, explica que o local conta com academia, consult\u00f3rio e audit\u00f3rio e fica ao lado do principal parque da cidade, que possui pistas de corrida e academia ao ar livre. A infraestrutura do espa\u00e7o \u00e9 exclusivamente destinada aos atletas \u2013 crian\u00e7as e adolescentes \u2013 matriculados nos programas esportivos e escolinhas do munic\u00edpio.<\/span><\/p>\n<p style=\"text-align: justify;\"><span style=\"font-family: arial, helvetica, sans-serif;\">Segundo Cazarim, a inten\u00e7\u00e3o do local \u00e9 possibilitar aos atletas a melhora no condicionamento f\u00edsico, o fortalecimento do corpo e tamb\u00e9m prevenir futuras les\u00f5es. \u201cN\u00f3s vamos ter atendimento com fisioterapeutas duas vezes na semana, o que vai auxiliar na sa\u00fade dos nossos atletas\u201d, destaca. O secret\u00e1rio pontua que a academia tem um amplo espa\u00e7o e conta com aparelhos para treinamento f\u00edsico e muscular. \u201cSe em determinado dia o treinador optar por fazer esse tipo de trabalho com os atletas, agora ele tem um espa\u00e7o destinado para isso\u201d, completa. Al\u00e9m disso, o audit\u00f3rio do Centro de Treinamento tem capacidade para cerca de 40 pessoas e vai ser utilizado para palestras e cursos de aperfei\u00e7oamento para os treinadores e t\u00e9cnicos da cidade.<\/span><\/p>\n<p style=\"text-align: justify;\"><span style=\"font-family: arial, helvetica, sans-serif;\"><img decoding=\"async\" class=\"alignleft wp-image-3854 size-medium\" src=\"https:\/\/www.cambe.pr.gov.br\/wp-content\/uploads\/2021\/10\/DSC_0631-scaled-e1635273426715-300x200.jpg\" alt=\"\" width=\"300\" height=\"200\"><\/span><\/p>\n<p><span style=\"font-family: arial, helvetica, sans-serif;\">A cidade de Camb\u00e9 oferta atualmente oito tipos de projetos esportivos e escolinhas, sendo eles de: futebol, futsal, handebol, basquete, v\u00f4lei, jud\u00f4 taekwondo e luta ol\u00edmpica. Os projetos s\u00e3o destinados para crian\u00e7as e adolescentes da cidade e alguns t\u00eam vagas dispon\u00edveis para adultos. Os interessados podem entrar em contato com a Secretaria de Esportes pelo telefone 3174-0275. \u201cO espa\u00e7o vai incentivar que novas crian\u00e7as e adolescentes se inscrevam em nossos projetos no contraturno escolar. Al\u00e9m de toda a parte f\u00edsica, o esporte \u00e9 essencial na sa\u00fade mental de todos\u201d, finaliza Eduardo Cazarim.<\/span><\/p>\n<p style=\"text-align: justify;\"><span style=\"font-family: arial, helvetica, sans-serif;\">Camila Dion\u00edzio, 20 anos, atleta de taekwondo h\u00e1 tr\u00eas anos e faixa laranja no esporte, destaca a estrutura do Centro de Treinamento. \u201cFicou muito boa, merece nota 10. \u00c9 muito importante ver a prefeitura trabalhando com os atletas da cidade para melhorar a nossa condi\u00e7\u00e3o de treinamento\u201d, comemora.<\/span><\/p>\n","protected":false},"excerpt":{"rendered":"<p>A Prefeitura de Camb\u00e9 inaugurou na manh\u00e3 desta ter\u00e7a-feira, 26 de outubro, o novo Centro de Treinamento da Secretaria Municipal de Esportes e Lazer. O centro est\u00e1 localizado na Rua Bras\u00edlia, 911 \u2013 Jardim Alvorada \u2013 em frente ao Zez\u00e3o \u2013, em anexo \u00e0 sede administrativa da Secretaria. Eduardo Cazarim, secret\u00e1rio da pasta, explica que [&hellip;]<\/p>\n","protected":false},"author":2,"featured_media":0,"comment_status":"closed","ping_status":"open","sticky":false,"template":"","format":"standard","meta":{"ngg_post_thumbnail":0,"footnotes":""},"categories":[1],"tags":[],"class_list":["post-3853","post","type-post","status-publish","format-standard","hentry","category-principal"],"yoast_head":"<!-- This site is optimized with the Yoast SEO plugin v27.4 - https:\/\/yoast.com\/product\/yoast-seo-wordpress\/ -->\n<title>Prefeitura de Camb\u00e9 inaugura Centro de Treinamento da Secretaria de Esportes - Prefeitura de Camb\u00e9<\/title>\n<meta name=\"robots\" content=\"index, follow, max-snippet:-1, max-image-preview:large, max-video-preview:-1\" \/>\n<link rel=\"canonical\" href=\"https:\/\/www.cambe.pr.gov.br\/index.php\/prefeitura-de-cambe-inaugura-centro-de-treinamento-da-secretaria-de-esportes\/\" \/>\n<meta property=\"og:locale\" content=\"pt_BR\" \/>\n<meta property=\"og:type\" content=\"article\" \/>\n<meta property=\"og:title\" content=\"Prefeitura de Camb\u00e9 inaugura Centro de Treinamento da Secretaria de Esportes - Prefeitura de Camb\u00e9\" \/>\n<meta property=\"og:description\" content=\"A Prefeitura de Camb\u00e9 inaugurou na manh\u00e3 desta ter\u00e7a-feira, 26 de outubro, o novo Centro de Treinamento da Secretaria Municipal de Esportes e Lazer. O centro est\u00e1 localizado na Rua Bras\u00edlia, 911 \u2013 Jardim Alvorada \u2013 em frente ao Zez\u00e3o \u2013, em anexo \u00e0 sede administrativa da Secretaria. Eduardo Cazarim, secret\u00e1rio da pasta, explica que [&hellip;]\" \/>\n<meta property=\"og:url\" content=\"https:\/\/www.cambe.pr.gov.br\/index.php\/prefeitura-de-cambe-inaugura-centro-de-treinamento-da-secretaria-de-esportes\/\" \/>\n<meta property=\"og:site_name\" content=\"Prefeitura de Camb\u00e9\" \/>\n<meta property=\"article:publisher\" content=\"https:\/\/m.facebook.com\/prefeituradecambe\" \/>\n<meta property=\"article:published_time\" content=\"2021-10-26T18:37:14+00:00\" \/>\n<meta property=\"article:modified_time\" content=\"2024-10-07T16:00:27+00:00\" \/>\n<meta property=\"og:image\" content=\"http:\/\/www.cambe.pr.gov.br\/wp-content\/uploads\/2021\/10\/DSC_0604-scaled-e1635273357405-300x200.jpg\" \/>\n<meta name=\"author\" content=\"Thiago Mossini Balbino dos Santos\" \/>\n<meta name=\"twitter:card\" content=\"summary_large_image\" \/>\n<meta name=\"twitter:label1\" content=\"Escrito por\" \/>\n\t<meta name=\"twitter:data1\" content=\"Thiago Mossini Balbino dos Santos\" \/>\n\t<meta name=\"twitter:label2\" content=\"Est. tempo de leitura\" \/>\n\t<meta name=\"twitter:data2\" content=\"2 minutos\" \/>\n<script type=\"application\/ld+json\" class=\"yoast-schema-graph\">{\"@context\":\"https:\\\/\\\/schema.org\",\"@graph\":[{\"@type\":\"Article\",\"@id\":\"https:\\\/\\\/www.cambe.pr.gov.br\\\/index.php\\\/prefeitura-de-cambe-inaugura-centro-de-treinamento-da-secretaria-de-esportes\\\/#article\",\"isPartOf\":{\"@id\":\"https:\\\/\\\/www.cambe.pr.gov.br\\\/index.php\\\/prefeitura-de-cambe-inaugura-centro-de-treinamento-da-secretaria-de-esportes\\\/\"},\"author\":{\"name\":\"Thiago Mossini Balbino dos Santos\",\"@id\":\"https:\\\/\\\/www.cambe.pr.gov.br\\\/#\\\/schema\\\/person\\\/e08f7c43a641b2ec036e4e867ec483e4\"},\"headline\":\"Prefeitura de Camb\u00e9 inaugura Centro de Treinamento da Secretaria de Esportes\",\"datePublished\":\"2021-10-26T18:37:14+00:00\",\"dateModified\":\"2024-10-07T16:00:27+00:00\",\"mainEntityOfPage\":{\"@id\":\"https:\\\/\\\/www.cambe.pr.gov.br\\\/index.php\\\/prefeitura-de-cambe-inaugura-centro-de-treinamento-da-secretaria-de-esportes\\\/\"},\"wordCount\":397,\"publisher\":{\"@id\":\"https:\\\/\\\/www.cambe.pr.gov.br\\\/#organization\"},\"image\":{\"@id\":\"https:\\\/\\\/www.cambe.pr.gov.br\\\/index.php\\\/prefeitura-de-cambe-inaugura-centro-de-treinamento-da-secretaria-de-esportes\\\/#primaryimage\"},\"thumbnailUrl\":\"http:\\\/\\\/www.cambe.pr.gov.br\\\/wp-content\\\/uploads\\\/2021\\\/10\\\/DSC_0604-scaled-e1635273357405-300x200.jpg\",\"articleSection\":[\"Principal\"],\"inLanguage\":\"pt-BR\"},{\"@type\":\"WebPage\",\"@id\":\"https:\\\/\\\/www.cambe.pr.gov.br\\\/index.php\\\/prefeitura-de-cambe-inaugura-centro-de-treinamento-da-secretaria-de-esportes\\\/\",\"url\":\"https:\\\/\\\/www.cambe.pr.gov.br\\\/index.php\\\/prefeitura-de-cambe-inaugura-centro-de-treinamento-da-secretaria-de-esportes\\\/\",\"name\":\"Prefeitura de Camb\u00e9 inaugura Centro de Treinamento da Secretaria de Esportes - Prefeitura de Camb\u00e9\",\"isPartOf\":{\"@id\":\"https:\\\/\\\/www.cambe.pr.gov.br\\\/#website\"},\"primaryImageOfPage\":{\"@id\":\"https:\\\/\\\/www.cambe.pr.gov.br\\\/index.php\\\/prefeitura-de-cambe-inaugura-centro-de-treinamento-da-secretaria-de-esportes\\\/#primaryimage\"},\"image\":{\"@id\":\"https:\\\/\\\/www.cambe.pr.gov.br\\\/index.php\\\/prefeitura-de-cambe-inaugura-centro-de-treinamento-da-secretaria-de-esportes\\\/#primaryimage\"},\"thumbnailUrl\":\"http:\\\/\\\/www.cambe.pr.gov.br\\\/wp-content\\\/uploads\\\/2021\\\/10\\\/DSC_0604-scaled-e1635273357405-300x200.jpg\",\"datePublished\":\"2021-10-26T18:37:14+00:00\",\"dateModified\":\"2024-10-07T16:00:27+00:00\",\"breadcrumb\":{\"@id\":\"https:\\\/\\\/www.cambe.pr.gov.br\\\/index.php\\\/prefeitura-de-cambe-inaugura-centro-de-treinamento-da-secretaria-de-esportes\\\/#breadcrumb\"},\"inLanguage\":\"pt-BR\",\"potentialAction\":[{\"@type\":\"ReadAction\",\"target\":[\"https:\\\/\\\/www.cambe.pr.gov.br\\\/index.php\\\/prefeitura-de-cambe-inaugura-centro-de-treinamento-da-secretaria-de-esportes\\\/\"]}]},{\"@type\":\"ImageObject\",\"inLanguage\":\"pt-BR\",\"@id\":\"https:\\\/\\\/www.cambe.pr.gov.br\\\/index.php\\\/prefeitura-de-cambe-inaugura-centro-de-treinamento-da-secretaria-de-esportes\\\/#primaryimage\",\"url\":\"http:\\\/\\\/www.cambe.pr.gov.br\\\/wp-content\\\/uploads\\\/2021\\\/10\\\/DSC_0604-scaled-e1635273357405-300x200.jpg\",\"contentUrl\":\"http:\\\/\\\/www.cambe.pr.gov.br\\\/wp-content\\\/uploads\\\/2021\\\/10\\\/DSC_0604-scaled-e1635273357405-300x200.jpg\"},{\"@type\":\"BreadcrumbList\",\"@id\":\"https:\\\/\\\/www.cambe.pr.gov.br\\\/index.php\\\/prefeitura-de-cambe-inaugura-centro-de-treinamento-da-secretaria-de-esportes\\\/#breadcrumb\",\"itemListElement\":[{\"@type\":\"ListItem\",\"position\":1,\"name\":\"In\u00edcio\",\"item\":\"https:\\\/\\\/www.cambe.pr.gov.br\\\/\"},{\"@type\":\"ListItem\",\"position\":2,\"name\":\"Prefeitura de Camb\u00e9 inaugura Centro de Treinamento da Secretaria de Esportes\"}]},{\"@type\":\"WebSite\",\"@id\":\"https:\\\/\\\/www.cambe.pr.gov.br\\\/#website\",\"url\":\"https:\\\/\\\/www.cambe.pr.gov.br\\\/\",\"name\":\"Prefeitura de Camb\u00e9\",\"description\":\"UM GOVERNO PARA TODOS\",\"publisher\":{\"@id\":\"https:\\\/\\\/www.cambe.pr.gov.br\\\/#organization\"},\"potentialAction\":[{\"@type\":\"SearchAction\",\"target\":{\"@type\":\"EntryPoint\",\"urlTemplate\":\"https:\\\/\\\/www.cambe.pr.gov.br\\\/?s={search_term_string}\"},\"query-input\":{\"@type\":\"PropertyValueSpecification\",\"valueRequired\":true,\"valueName\":\"search_term_string\"}}],\"inLanguage\":\"pt-BR\"},{\"@type\":\"Organization\",\"@id\":\"https:\\\/\\\/www.cambe.pr.gov.br\\\/#organization\",\"name\":\"Prefeitura de Camb\u00e9\",\"url\":\"https:\\\/\\\/www.cambe.pr.gov.br\\\/\",\"logo\":{\"@type\":\"ImageObject\",\"inLanguage\":\"pt-BR\",\"@id\":\"https:\\\/\\\/www.cambe.pr.gov.br\\\/#\\\/schema\\\/logo\\\/image\\\/\",\"url\":\"https:\\\/\\\/www.cambe.pr.gov.br\\\/wp-content\\\/uploads\\\/2021\\\/01\\\/cropped-cropped-cambe_brazao-icone.png\",\"contentUrl\":\"https:\\\/\\\/www.cambe.pr.gov.br\\\/wp-content\\\/uploads\\\/2021\\\/01\\\/cropped-cropped-cambe_brazao-icone.png\",\"width\":240,\"height\":240,\"caption\":\"Prefeitura de Camb\u00e9\"},\"image\":{\"@id\":\"https:\\\/\\\/www.cambe.pr.gov.br\\\/#\\\/schema\\\/logo\\\/image\\\/\"},\"sameAs\":[\"https:\\\/\\\/m.facebook.com\\\/prefeituradecambe\"]},{\"@type\":\"Person\",\"@id\":\"https:\\\/\\\/www.cambe.pr.gov.br\\\/#\\\/schema\\\/person\\\/e08f7c43a641b2ec036e4e867ec483e4\",\"name\":\"Thiago Mossini Balbino dos Santos\",\"image\":{\"@type\":\"ImageObject\",\"inLanguage\":\"pt-BR\",\"@id\":\"https:\\\/\\\/secure.gravatar.com\\\/avatar\\\/d957ed4e1bc3ebf5769d1003f9709cd2012ebf424eb4a5d76a933fee30e874b6?s=96&d=mm&r=g\",\"url\":\"https:\\\/\\\/secure.gravatar.com\\\/avatar\\\/d957ed4e1bc3ebf5769d1003f9709cd2012ebf424eb4a5d76a933fee30e874b6?s=96&d=mm&r=g\",\"contentUrl\":\"https:\\\/\\\/secure.gravatar.com\\\/avatar\\\/d957ed4e1bc3ebf5769d1003f9709cd2012ebf424eb4a5d76a933fee30e874b6?s=96&d=mm&r=g\",\"caption\":\"Thiago Mossini Balbino dos Santos\"},\"url\":\"https:\\\/\\\/www.cambe.pr.gov.br\\\/index.php\\\/author\\\/tmbsantos\\\/\"}]}<\/script>\n<!-- \/ Yoast SEO plugin. -->","yoast_head_json":{"title":"Prefeitura de Camb\u00e9 inaugura Centro de Treinamento da Secretaria de Esportes - Prefeitura de Camb\u00e9","robots":{"index":"index","follow":"follow","max-snippet":"max-snippet:-1","max-image-preview":"max-image-preview:large","max-video-preview":"max-video-preview:-1"},"canonical":"https:\/\/www.cambe.pr.gov.br\/index.php\/prefeitura-de-cambe-inaugura-centro-de-treinamento-da-secretaria-de-esportes\/","og_locale":"pt_BR","og_type":"article","og_title":"Prefeitura de Camb\u00e9 inaugura Centro de Treinamento da Secretaria de Esportes - Prefeitura de Camb\u00e9","og_description":"A Prefeitura de Camb\u00e9 inaugurou na manh\u00e3 desta ter\u00e7a-feira, 26 de outubro, o novo Centro de Treinamento da Secretaria Municipal de Esportes e Lazer. O centro est\u00e1 localizado na Rua Bras\u00edlia, 911 \u2013 Jardim Alvorada \u2013 em frente ao Zez\u00e3o \u2013, em anexo \u00e0 sede administrativa da Secretaria. Eduardo Cazarim, secret\u00e1rio da pasta, explica que [&hellip;]","og_url":"https:\/\/www.cambe.pr.gov.br\/index.php\/prefeitura-de-cambe-inaugura-centro-de-treinamento-da-secretaria-de-esportes\/","og_site_name":"Prefeitura de Camb\u00e9","article_publisher":"https:\/\/m.facebook.com\/prefeituradecambe","article_published_time":"2021-10-26T18:37:14+00:00","article_modified_time":"2024-10-07T16:00:27+00:00","og_image":[{"url":"http:\/\/www.cambe.pr.gov.br\/wp-content\/uploads\/2021\/10\/DSC_0604-scaled-e1635273357405-300x200.jpg","type":"","width":"","height":""}],"author":"Thiago Mossini Balbino dos Santos","twitter_card":"summary_large_image","twitter_misc":{"Escrito por":"Thiago Mossini Balbino dos Santos","Est. tempo de leitura":"2 minutos"},"schema":{"@context":"https:\/\/schema.org","@graph":[{"@type":"Article","@id":"https:\/\/www.cambe.pr.gov.br\/index.php\/prefeitura-de-cambe-inaugura-centro-de-treinamento-da-secretaria-de-esportes\/#article","isPartOf":{"@id":"https:\/\/www.cambe.pr.gov.br\/index.php\/prefeitura-de-cambe-inaugura-centro-de-treinamento-da-secretaria-de-esportes\/"},"author":{"name":"Thiago Mossini Balbino dos Santos","@id":"https:\/\/www.cambe.pr.gov.br\/#\/schema\/person\/e08f7c43a641b2ec036e4e867ec483e4"},"headline":"Prefeitura de Camb\u00e9 inaugura Centro de Treinamento da Secretaria de Esportes","datePublished":"2021-10-26T18:37:14+00:00","dateModified":"2024-10-07T16:00:27+00:00","mainEntityOfPage":{"@id":"https:\/\/www.cambe.pr.gov.br\/index.php\/prefeitura-de-cambe-inaugura-centro-de-treinamento-da-secretaria-de-esportes\/"},"wordCount":397,"publisher":{"@id":"https:\/\/www.cambe.pr.gov.br\/#organization"},"image":{"@id":"https:\/\/www.cambe.pr.gov.br\/index.php\/prefeitura-de-cambe-inaugura-centro-de-treinamento-da-secretaria-de-esportes\/#primaryimage"},"thumbnailUrl":"http:\/\/www.cambe.pr.gov.br\/wp-content\/uploads\/2021\/10\/DSC_0604-scaled-e1635273357405-300x200.jpg","articleSection":["Principal"],"inLanguage":"pt-BR"},{"@type":"WebPage","@id":"https:\/\/www.cambe.pr.gov.br\/index.php\/prefeitura-de-cambe-inaugura-centro-de-treinamento-da-secretaria-de-esportes\/","url":"https:\/\/www.cambe.pr.gov.br\/index.php\/prefeitura-de-cambe-inaugura-centro-de-treinamento-da-secretaria-de-esportes\/","name":"Prefeitura de Camb\u00e9 inaugura Centro de Treinamento da Secretaria de Esportes - Prefeitura de Camb\u00e9","isPartOf":{"@id":"https:\/\/www.cambe.pr.gov.br\/#website"},"primaryImageOfPage":{"@id":"https:\/\/www.cambe.pr.gov.br\/index.php\/prefeitura-de-cambe-inaugura-centro-de-treinamento-da-secretaria-de-esportes\/#primaryimage"},"image":{"@id":"https:\/\/www.cambe.pr.gov.br\/index.php\/prefeitura-de-cambe-inaugura-centro-de-treinamento-da-secretaria-de-esportes\/#primaryimage"},"thumbnailUrl":"http:\/\/www.cambe.pr.gov.br\/wp-content\/uploads\/2021\/10\/DSC_0604-scaled-e1635273357405-300x200.jpg","datePublished":"2021-10-26T18:37:14+00:00","dateModified":"2024-10-07T16:00:27+00:00","breadcrumb":{"@id":"https:\/\/www.cambe.pr.gov.br\/index.php\/prefeitura-de-cambe-inaugura-centro-de-treinamento-da-secretaria-de-esportes\/#breadcrumb"},"inLanguage":"pt-BR","potentialAction":[{"@type":"ReadAction","target":["https:\/\/www.cambe.pr.gov.br\/index.php\/prefeitura-de-cambe-inaugura-centro-de-treinamento-da-secretaria-de-esportes\/"]}]},{"@type":"ImageObject","inLanguage":"pt-BR","@id":"https:\/\/www.cambe.pr.gov.br\/index.php\/prefeitura-de-cambe-inaugura-centro-de-treinamento-da-secretaria-de-esportes\/#primaryimage","url":"http:\/\/www.cambe.pr.gov.br\/wp-content\/uploads\/2021\/10\/DSC_0604-scaled-e1635273357405-300x200.jpg","contentUrl":"http:\/\/www.cambe.pr.gov.br\/wp-content\/uploads\/2021\/10\/DSC_0604-scaled-e1635273357405-300x200.jpg"},{"@type":"BreadcrumbList","@id":"https:\/\/www.cambe.pr.gov.br\/index.php\/prefeitura-de-cambe-inaugura-centro-de-treinamento-da-secretaria-de-esportes\/#breadcrumb","itemListElement":[{"@type":"ListItem","position":1,"name":"In\u00edcio","item":"https:\/\/www.cambe.pr.gov.br\/"},{"@type":"ListItem","position":2,"name":"Prefeitura de Camb\u00e9 inaugura Centro de Treinamento da Secretaria de Esportes"}]},{"@type":"WebSite","@id":"https:\/\/www.cambe.pr.gov.br\/#website","url":"https:\/\/www.cambe.pr.gov.br\/","name":"Prefeitura de Camb\u00e9","description":"UM GOVERNO PARA TODOS","publisher":{"@id":"https:\/\/www.cambe.pr.gov.br\/#organization"},"potentialAction":[{"@type":"SearchAction","target":{"@type":"EntryPoint","urlTemplate":"https:\/\/www.cambe.pr.gov.br\/?s={search_term_string}"},"query-input":{"@type":"PropertyValueSpecification","valueRequired":true,"valueName":"search_term_string"}}],"inLanguage":"pt-BR"},{"@type":"Organization","@id":"https:\/\/www.cambe.pr.gov.br\/#organization","name":"Prefeitura de Camb\u00e9","url":"https:\/\/www.cambe.pr.gov.br\/","logo":{"@type":"ImageObject","inLanguage":"pt-BR","@id":"https:\/\/www.cambe.pr.gov.br\/#\/schema\/logo\/image\/","url":"https:\/\/www.cambe.pr.gov.br\/wp-content\/uploads\/2021\/01\/cropped-cropped-cambe_brazao-icone.png","contentUrl":"https:\/\/www.cambe.pr.gov.br\/wp-content\/uploads\/2021\/01\/cropped-cropped-cambe_brazao-icone.png","width":240,"height":240,"caption":"Prefeitura de Camb\u00e9"},"image":{"@id":"https:\/\/www.cambe.pr.gov.br\/#\/schema\/logo\/image\/"},"sameAs":["https:\/\/m.facebook.com\/prefeituradecambe"]},{"@type":"Person","@id":"https:\/\/www.cambe.pr.gov.br\/#\/schema\/person\/e08f7c43a641b2ec036e4e867ec483e4","name":"Thiago Mossini Balbino dos Santos","image":{"@type":"ImageObject","inLanguage":"pt-BR","@id":"https:\/\/secure.gravatar.com\/avatar\/d957ed4e1bc3ebf5769d1003f9709cd2012ebf424eb4a5d76a933fee30e874b6?s=96&d=mm&r=g","url":"https:\/\/secure.gravatar.com\/avatar\/d957ed4e1bc3ebf5769d1003f9709cd2012ebf424eb4a5d76a933fee30e874b6?s=96&d=mm&r=g","contentUrl":"https:\/\/secure.gravatar.com\/avatar\/d957ed4e1bc3ebf5769d1003f9709cd2012ebf424eb4a5d76a933fee30e874b6?s=96&d=mm&r=g","caption":"Thiago Mossini Balbino dos Santos"},"url":"https:\/\/www.cambe.pr.gov.br\/index.php\/author\/tmbsantos\/"}]}},"_links":{"self":[{"href":"https:\/\/www.cambe.pr.gov.br\/index.php\/wp-json\/wp\/v2\/posts\/3853","targetHints":{"allow":["GET"]}}],"collection":[{"href":"https:\/\/www.cambe.pr.gov.br\/index.php\/wp-json\/wp\/v2\/posts"}],"about":[{"href":"https:\/\/www.cambe.pr.gov.br\/index.php\/wp-json\/wp\/v2\/types\/post"}],"author":[{"embeddable":true,"href":"https:\/\/www.cambe.pr.gov.br\/index.php\/wp-json\/wp\/v2\/users\/2"}],"replies":[{"embeddable":true,"href":"https:\/\/www.cambe.pr.gov.br\/index.php\/wp-json\/wp\/v2\/comments?post=3853"}],"version-history":[{"count":2,"href":"https:\/\/www.cambe.pr.gov.br\/index.php\/wp-json\/wp\/v2\/posts\/3853\/revisions"}],"predecessor-version":[{"id":3857,"href":"https:\/\/www.cambe.pr.gov.br\/index.php\/wp-json\/wp\/v2\/posts\/3853\/revisions\/3857"}],"wp:attachment":[{"href":"https:\/\/www.cambe.pr.gov.br\/index.php\/wp-json\/wp\/v2\/media?parent=3853"}],"wp:term":[{"taxonomy":"category","embeddable":true,"href":"https:\/\/www.cambe.pr.gov.br\/index.php\/wp-json\/wp\/v2\/categories?post=3853"},{"taxonomy":"post_tag","embeddable":true,"href":"https:\/\/www.cambe.pr.gov.br\/index.php\/wp-json\/wp\/v2\/tags?post=3853"}],"curies":[{"name":"wp","href":"https:\/\/api.w.org\/{rel}","templated":true}]}}