{"id":3849,"date":"2021-10-25T12:56:23","date_gmt":"2021-10-25T15:56:23","guid":{"rendered":"http:\/\/www.cambe.pr.gov.br\/?p=3849"},"modified":"2024-10-07T13:00:27","modified_gmt":"2024-10-07T16:00:27","slug":"forca-tarefa-da-prefeitura-atende-ocorrencias-por-conta-dos-estragos-causados-pelas-chuvas","status":"publish","type":"post","link":"https:\/\/www.cambe.pr.gov.br\/index.php\/forca-tarefa-da-prefeitura-atende-ocorrencias-por-conta-dos-estragos-causados-pelas-chuvas\/","title":{"rendered":"For\u00e7a-tarefa da Prefeitura atende ocorr\u00eancias por conta dos estragos causados pelas chuvas"},"content":{"rendered":"<p style=\"text-align: justify;\"><img fetchpriority=\"high\" decoding=\"async\" class=\"alignleft wp-image-3851 size-medium\" src=\"https:\/\/www.cambe.pr.gov.br\/wp-content\/uploads\/2021\/10\/WhatsApp-Image-2021-10-25-at-12.25.04-e1635177371495-300x200.jpeg\" alt=\"\" width=\"300\" height=\"200\" srcset=\"https:\/\/www.cambe.pr.gov.br\/wp-content\/uploads\/2021\/10\/WhatsApp-Image-2021-10-25-at-12.25.04-e1635177371495-300x200.jpeg 300w, https:\/\/www.cambe.pr.gov.br\/wp-content\/uploads\/2021\/10\/WhatsApp-Image-2021-10-25-at-12.25.04-e1635177371495-1024x683.jpeg 1024w, https:\/\/www.cambe.pr.gov.br\/wp-content\/uploads\/2021\/10\/WhatsApp-Image-2021-10-25-at-12.25.04-e1635177371495-768x512.jpeg 768w, https:\/\/www.cambe.pr.gov.br\/wp-content\/uploads\/2021\/10\/WhatsApp-Image-2021-10-25-at-12.25.04-e1635177371495.jpeg 1280w\" sizes=\"(max-width: 300px) 100vw, 300px\" \/>A Prefeitura de Camb\u00e9 est\u00e1 trabalhando para resolver os problemas causados pelas fortes chuvas do \u00faltimo s\u00e1bado, dia 23 de outubro. Uma for\u00e7a-tarefa com equipes da Secretaria de Obras e de Meio Ambiente, Defesa Civil e outros departamentos, est\u00e3o percorrendo bairros da cidade para atender as ocorr\u00eancias e chamados dos cambeenses.<\/p>\n<p style=\"text-align: justify;\">Manoel C\u00edcero dos Santos, secret\u00e1rio de Obras, esclarece que o principal problema foi a queda de energia, que afetou cerca de 50% das resid\u00eancias da cidade, ou seja, mais de 20 mil fam\u00edlias sofreram com a falta de eletricidade. De acordo com o secret\u00e1rio, os estragos foram semelhantes aos ocorridos no \u00faltimo temporal, h\u00e1 pouco mais de um m\u00eas, por\u00e9m o n\u00famero de resid\u00eancias afetadas pela falta de energia foi muito superior.<\/p>\n<p style=\"text-align: justify;\">Segundo dos Santos, a queda na energia foi causada pelo rompimento dos fios condutores de eletricidade. \u201cN\u00f3s tivemos reclama\u00e7\u00f5es em todas as partes da cidade, mas a regi\u00e3o do Santo Amaro, Novo Bandeirantes e Ana Elisa III foram as mais atingidas\u201d, enumera. Em alguns locais, o servi\u00e7o foi reativado rapidamente, mas em outros a energia s\u00f3 foi restabelecida na madrugada de domingo (24).<\/p>\n<p style=\"text-align: justify;\">De acordo com o secret\u00e1rio, no momento, apenas a Vila Rural, localizada no quil\u00f4metro 9 da Estrada da Prata, permanece sem energia desde s\u00e1bado. &#8220;Cerca de 60 resid\u00eancias tamb\u00e9m est\u00e3o sem \u00e1gua por conta da falta de eletricidade, que impede que as bombas levem a \u00e1gua at\u00e9 as casas\u201d, explica. O secret\u00e1rio pontua que a Copel est\u00e1 trabalhando para substituir os postes que ca\u00edram na regi\u00e3o e a expectativa \u00e9 que a energia e a \u00e1gua voltem \u00e0 normalidade nesta ter\u00e7a-feira, dia 26. \u201cN\u00f3s tamb\u00e9m estamos em contato com a Sanepar para que ela envie caminh\u00f5es pipa para a regi\u00e3o nesse momento de urg\u00eancia\u201d, ressalta.<\/p>\n<p style=\"text-align: justify;\">Manoel tamb\u00e9m informou que uma casa na regi\u00e3o do Campos Verdes foi interditada e a fam\u00edlia teve que se abrigar na resid\u00eancia de conhecidos. \u201cParte do teto da cozinha cedeu, o risco \u00e9 que a parte restante tamb\u00e9m ceda\u201d, revela. Em rela\u00e7\u00e3o aos destelhamentos, dos Santos explica que mais de 10 fam\u00edlias procuraram a ajuda da prefeitura para solicitar lonas, mas que provavelmente o n\u00famero seja bem maior. Segundo ele, a regi\u00e3o do Ana Rosa sofreu muito com a queda de \u00e1rvores, mas foram registradas ocorr\u00eancias em toda a cidade. \u201cAs estradas rurais da cidade tamb\u00e9m foram muito afetadas pelas \u00e1guas, n\u00f3s estamos mapeando os locais mais cr\u00edticos e resolvendo na medida do poss\u00edvel&#8221;, aponta.<\/p>\n<p style=\"text-align: justify;\">O campo de futebol do Novo Bandeirantes tamb\u00e9m foi danificado com o vento. A Unidade de Pronto Atendimento (UPA) e o Hospital 24 Horas tamb\u00e9m sofreram danos com a chuva. Segundo Manoel, tanto na UPA quanto no 24 Horas, o principal problema foi o granizo. \u201cAs canaletas n\u00e3o suportaram o peso das pedras e cederam, o que resultou em vazamentos no teto\u201d. O secret\u00e1rio destaca que as salas afetadas foram isoladas e o atendimento reduzido, mas n\u00e3o foi suspenso em momento algum. \u201cN\u00f3s estamos trabalhando nos dois locais e desde ontem o atendimento j\u00e1 est\u00e1 normalizado\u201d, ressalta.<\/p>\n<p style=\"text-align: justify;\">\u201cA Prefeitura de Camb\u00e9 est\u00e1 trabalhando para resolver os problemas que j\u00e1 foram constatados, mas possivelmente outros v\u00e3o surgir no decorrer da semana. A inten\u00e7\u00e3o \u00e9 agir primeiro nos locais mais cr\u00edticos e de maior import\u00e2ncia\u201d, finaliza Manoel C\u00edcero dos Santos.<\/p>\n","protected":false},"excerpt":{"rendered":"<p>A Prefeitura de Camb\u00e9 est\u00e1 trabalhando para resolver os problemas causados pelas fortes chuvas do \u00faltimo s\u00e1bado, dia 23 de outubro. Uma for\u00e7a-tarefa com equipes da Secretaria de Obras e de Meio Ambiente, Defesa Civil e outros departamentos, est\u00e3o percorrendo bairros da cidade para atender as ocorr\u00eancias e chamados dos cambeenses. Manoel C\u00edcero dos Santos, [&hellip;]<\/p>\n","protected":false},"author":2,"featured_media":0,"comment_status":"closed","ping_status":"open","sticky":false,"template":"","format":"standard","meta":{"ngg_post_thumbnail":0,"footnotes":""},"categories":[1],"tags":[],"class_list":["post-3849","post","type-post","status-publish","format-standard","hentry","category-principal"],"yoast_head":"<!-- This site is optimized with the Yoast SEO plugin v27.4 - https:\/\/yoast.com\/product\/yoast-seo-wordpress\/ -->\n<title>For\u00e7a-tarefa da Prefeitura atende ocorr\u00eancias por conta dos estragos causados pelas chuvas - Prefeitura de Camb\u00e9<\/title>\n<meta name=\"robots\" content=\"index, follow, max-snippet:-1, max-image-preview:large, max-video-preview:-1\" \/>\n<link rel=\"canonical\" href=\"https:\/\/www.cambe.pr.gov.br\/index.php\/forca-tarefa-da-prefeitura-atende-ocorrencias-por-conta-dos-estragos-causados-pelas-chuvas\/\" \/>\n<meta property=\"og:locale\" content=\"pt_BR\" \/>\n<meta property=\"og:type\" content=\"article\" \/>\n<meta property=\"og:title\" content=\"For\u00e7a-tarefa da Prefeitura atende ocorr\u00eancias por conta dos estragos causados pelas chuvas - Prefeitura de Camb\u00e9\" \/>\n<meta property=\"og:description\" content=\"A Prefeitura de Camb\u00e9 est\u00e1 trabalhando para resolver os problemas causados pelas fortes chuvas do \u00faltimo s\u00e1bado, dia 23 de outubro. Uma for\u00e7a-tarefa com equipes da Secretaria de Obras e de Meio Ambiente, Defesa Civil e outros departamentos, est\u00e3o percorrendo bairros da cidade para atender as ocorr\u00eancias e chamados dos cambeenses. Manoel C\u00edcero dos Santos, [&hellip;]\" \/>\n<meta property=\"og:url\" content=\"https:\/\/www.cambe.pr.gov.br\/index.php\/forca-tarefa-da-prefeitura-atende-ocorrencias-por-conta-dos-estragos-causados-pelas-chuvas\/\" \/>\n<meta property=\"og:site_name\" content=\"Prefeitura de Camb\u00e9\" \/>\n<meta property=\"article:publisher\" content=\"https:\/\/m.facebook.com\/prefeituradecambe\" \/>\n<meta property=\"article:published_time\" content=\"2021-10-25T15:56:23+00:00\" \/>\n<meta property=\"article:modified_time\" content=\"2024-10-07T16:00:27+00:00\" \/>\n<meta property=\"og:image\" content=\"http:\/\/www.cambe.pr.gov.br\/wp-content\/uploads\/2021\/10\/WhatsApp-Image-2021-10-25-at-12.25.04-e1635177371495-300x200.jpeg\" \/>\n<meta name=\"author\" content=\"Thiago Mossini Balbino dos Santos\" \/>\n<meta name=\"twitter:card\" content=\"summary_large_image\" \/>\n<meta name=\"twitter:label1\" content=\"Escrito por\" \/>\n\t<meta name=\"twitter:data1\" content=\"Thiago Mossini Balbino dos Santos\" \/>\n\t<meta name=\"twitter:label2\" content=\"Est. tempo de leitura\" \/>\n\t<meta name=\"twitter:data2\" content=\"3 minutos\" \/>\n<script type=\"application\/ld+json\" class=\"yoast-schema-graph\">{\"@context\":\"https:\\\/\\\/schema.org\",\"@graph\":[{\"@type\":\"Article\",\"@id\":\"https:\\\/\\\/www.cambe.pr.gov.br\\\/index.php\\\/forca-tarefa-da-prefeitura-atende-ocorrencias-por-conta-dos-estragos-causados-pelas-chuvas\\\/#article\",\"isPartOf\":{\"@id\":\"https:\\\/\\\/www.cambe.pr.gov.br\\\/index.php\\\/forca-tarefa-da-prefeitura-atende-ocorrencias-por-conta-dos-estragos-causados-pelas-chuvas\\\/\"},\"author\":{\"name\":\"Thiago Mossini Balbino dos Santos\",\"@id\":\"https:\\\/\\\/www.cambe.pr.gov.br\\\/#\\\/schema\\\/person\\\/e08f7c43a641b2ec036e4e867ec483e4\"},\"headline\":\"For\u00e7a-tarefa da Prefeitura atende ocorr\u00eancias por conta dos estragos causados pelas chuvas\",\"datePublished\":\"2021-10-25T15:56:23+00:00\",\"dateModified\":\"2024-10-07T16:00:27+00:00\",\"mainEntityOfPage\":{\"@id\":\"https:\\\/\\\/www.cambe.pr.gov.br\\\/index.php\\\/forca-tarefa-da-prefeitura-atende-ocorrencias-por-conta-dos-estragos-causados-pelas-chuvas\\\/\"},\"wordCount\":601,\"publisher\":{\"@id\":\"https:\\\/\\\/www.cambe.pr.gov.br\\\/#organization\"},\"image\":{\"@id\":\"https:\\\/\\\/www.cambe.pr.gov.br\\\/index.php\\\/forca-tarefa-da-prefeitura-atende-ocorrencias-por-conta-dos-estragos-causados-pelas-chuvas\\\/#primaryimage\"},\"thumbnailUrl\":\"http:\\\/\\\/www.cambe.pr.gov.br\\\/wp-content\\\/uploads\\\/2021\\\/10\\\/WhatsApp-Image-2021-10-25-at-12.25.04-e1635177371495-300x200.jpeg\",\"articleSection\":[\"Principal\"],\"inLanguage\":\"pt-BR\"},{\"@type\":\"WebPage\",\"@id\":\"https:\\\/\\\/www.cambe.pr.gov.br\\\/index.php\\\/forca-tarefa-da-prefeitura-atende-ocorrencias-por-conta-dos-estragos-causados-pelas-chuvas\\\/\",\"url\":\"https:\\\/\\\/www.cambe.pr.gov.br\\\/index.php\\\/forca-tarefa-da-prefeitura-atende-ocorrencias-por-conta-dos-estragos-causados-pelas-chuvas\\\/\",\"name\":\"For\u00e7a-tarefa da Prefeitura atende ocorr\u00eancias por conta dos estragos causados pelas chuvas - Prefeitura de Camb\u00e9\",\"isPartOf\":{\"@id\":\"https:\\\/\\\/www.cambe.pr.gov.br\\\/#website\"},\"primaryImageOfPage\":{\"@id\":\"https:\\\/\\\/www.cambe.pr.gov.br\\\/index.php\\\/forca-tarefa-da-prefeitura-atende-ocorrencias-por-conta-dos-estragos-causados-pelas-chuvas\\\/#primaryimage\"},\"image\":{\"@id\":\"https:\\\/\\\/www.cambe.pr.gov.br\\\/index.php\\\/forca-tarefa-da-prefeitura-atende-ocorrencias-por-conta-dos-estragos-causados-pelas-chuvas\\\/#primaryimage\"},\"thumbnailUrl\":\"http:\\\/\\\/www.cambe.pr.gov.br\\\/wp-content\\\/uploads\\\/2021\\\/10\\\/WhatsApp-Image-2021-10-25-at-12.25.04-e1635177371495-300x200.jpeg\",\"datePublished\":\"2021-10-25T15:56:23+00:00\",\"dateModified\":\"2024-10-07T16:00:27+00:00\",\"breadcrumb\":{\"@id\":\"https:\\\/\\\/www.cambe.pr.gov.br\\\/index.php\\\/forca-tarefa-da-prefeitura-atende-ocorrencias-por-conta-dos-estragos-causados-pelas-chuvas\\\/#breadcrumb\"},\"inLanguage\":\"pt-BR\",\"potentialAction\":[{\"@type\":\"ReadAction\",\"target\":[\"https:\\\/\\\/www.cambe.pr.gov.br\\\/index.php\\\/forca-tarefa-da-prefeitura-atende-ocorrencias-por-conta-dos-estragos-causados-pelas-chuvas\\\/\"]}]},{\"@type\":\"ImageObject\",\"inLanguage\":\"pt-BR\",\"@id\":\"https:\\\/\\\/www.cambe.pr.gov.br\\\/index.php\\\/forca-tarefa-da-prefeitura-atende-ocorrencias-por-conta-dos-estragos-causados-pelas-chuvas\\\/#primaryimage\",\"url\":\"http:\\\/\\\/www.cambe.pr.gov.br\\\/wp-content\\\/uploads\\\/2021\\\/10\\\/WhatsApp-Image-2021-10-25-at-12.25.04-e1635177371495-300x200.jpeg\",\"contentUrl\":\"http:\\\/\\\/www.cambe.pr.gov.br\\\/wp-content\\\/uploads\\\/2021\\\/10\\\/WhatsApp-Image-2021-10-25-at-12.25.04-e1635177371495-300x200.jpeg\"},{\"@type\":\"BreadcrumbList\",\"@id\":\"https:\\\/\\\/www.cambe.pr.gov.br\\\/index.php\\\/forca-tarefa-da-prefeitura-atende-ocorrencias-por-conta-dos-estragos-causados-pelas-chuvas\\\/#breadcrumb\",\"itemListElement\":[{\"@type\":\"ListItem\",\"position\":1,\"name\":\"In\u00edcio\",\"item\":\"https:\\\/\\\/www.cambe.pr.gov.br\\\/\"},{\"@type\":\"ListItem\",\"position\":2,\"name\":\"For\u00e7a-tarefa da Prefeitura atende ocorr\u00eancias por conta dos estragos causados pelas chuvas\"}]},{\"@type\":\"WebSite\",\"@id\":\"https:\\\/\\\/www.cambe.pr.gov.br\\\/#website\",\"url\":\"https:\\\/\\\/www.cambe.pr.gov.br\\\/\",\"name\":\"Prefeitura de Camb\u00e9\",\"description\":\"UM GOVERNO PARA TODOS\",\"publisher\":{\"@id\":\"https:\\\/\\\/www.cambe.pr.gov.br\\\/#organization\"},\"potentialAction\":[{\"@type\":\"SearchAction\",\"target\":{\"@type\":\"EntryPoint\",\"urlTemplate\":\"https:\\\/\\\/www.cambe.pr.gov.br\\\/?s={search_term_string}\"},\"query-input\":{\"@type\":\"PropertyValueSpecification\",\"valueRequired\":true,\"valueName\":\"search_term_string\"}}],\"inLanguage\":\"pt-BR\"},{\"@type\":\"Organization\",\"@id\":\"https:\\\/\\\/www.cambe.pr.gov.br\\\/#organization\",\"name\":\"Prefeitura de Camb\u00e9\",\"url\":\"https:\\\/\\\/www.cambe.pr.gov.br\\\/\",\"logo\":{\"@type\":\"ImageObject\",\"inLanguage\":\"pt-BR\",\"@id\":\"https:\\\/\\\/www.cambe.pr.gov.br\\\/#\\\/schema\\\/logo\\\/image\\\/\",\"url\":\"https:\\\/\\\/www.cambe.pr.gov.br\\\/wp-content\\\/uploads\\\/2021\\\/01\\\/cropped-cropped-cambe_brazao-icone.png\",\"contentUrl\":\"https:\\\/\\\/www.cambe.pr.gov.br\\\/wp-content\\\/uploads\\\/2021\\\/01\\\/cropped-cropped-cambe_brazao-icone.png\",\"width\":240,\"height\":240,\"caption\":\"Prefeitura de Camb\u00e9\"},\"image\":{\"@id\":\"https:\\\/\\\/www.cambe.pr.gov.br\\\/#\\\/schema\\\/logo\\\/image\\\/\"},\"sameAs\":[\"https:\\\/\\\/m.facebook.com\\\/prefeituradecambe\"]},{\"@type\":\"Person\",\"@id\":\"https:\\\/\\\/www.cambe.pr.gov.br\\\/#\\\/schema\\\/person\\\/e08f7c43a641b2ec036e4e867ec483e4\",\"name\":\"Thiago Mossini Balbino dos Santos\",\"image\":{\"@type\":\"ImageObject\",\"inLanguage\":\"pt-BR\",\"@id\":\"https:\\\/\\\/secure.gravatar.com\\\/avatar\\\/d957ed4e1bc3ebf5769d1003f9709cd2012ebf424eb4a5d76a933fee30e874b6?s=96&d=mm&r=g\",\"url\":\"https:\\\/\\\/secure.gravatar.com\\\/avatar\\\/d957ed4e1bc3ebf5769d1003f9709cd2012ebf424eb4a5d76a933fee30e874b6?s=96&d=mm&r=g\",\"contentUrl\":\"https:\\\/\\\/secure.gravatar.com\\\/avatar\\\/d957ed4e1bc3ebf5769d1003f9709cd2012ebf424eb4a5d76a933fee30e874b6?s=96&d=mm&r=g\",\"caption\":\"Thiago Mossini Balbino dos Santos\"},\"url\":\"https:\\\/\\\/www.cambe.pr.gov.br\\\/index.php\\\/author\\\/tmbsantos\\\/\"}]}<\/script>\n<!-- \/ Yoast SEO plugin. -->","yoast_head_json":{"title":"For\u00e7a-tarefa da Prefeitura atende ocorr\u00eancias por conta dos estragos causados pelas chuvas - Prefeitura de Camb\u00e9","robots":{"index":"index","follow":"follow","max-snippet":"max-snippet:-1","max-image-preview":"max-image-preview:large","max-video-preview":"max-video-preview:-1"},"canonical":"https:\/\/www.cambe.pr.gov.br\/index.php\/forca-tarefa-da-prefeitura-atende-ocorrencias-por-conta-dos-estragos-causados-pelas-chuvas\/","og_locale":"pt_BR","og_type":"article","og_title":"For\u00e7a-tarefa da Prefeitura atende ocorr\u00eancias por conta dos estragos causados pelas chuvas - Prefeitura de Camb\u00e9","og_description":"A Prefeitura de Camb\u00e9 est\u00e1 trabalhando para resolver os problemas causados pelas fortes chuvas do \u00faltimo s\u00e1bado, dia 23 de outubro. Uma for\u00e7a-tarefa com equipes da Secretaria de Obras e de Meio Ambiente, Defesa Civil e outros departamentos, est\u00e3o percorrendo bairros da cidade para atender as ocorr\u00eancias e chamados dos cambeenses. Manoel C\u00edcero dos Santos, [&hellip;]","og_url":"https:\/\/www.cambe.pr.gov.br\/index.php\/forca-tarefa-da-prefeitura-atende-ocorrencias-por-conta-dos-estragos-causados-pelas-chuvas\/","og_site_name":"Prefeitura de Camb\u00e9","article_publisher":"https:\/\/m.facebook.com\/prefeituradecambe","article_published_time":"2021-10-25T15:56:23+00:00","article_modified_time":"2024-10-07T16:00:27+00:00","og_image":[{"url":"http:\/\/www.cambe.pr.gov.br\/wp-content\/uploads\/2021\/10\/WhatsApp-Image-2021-10-25-at-12.25.04-e1635177371495-300x200.jpeg","type":"","width":"","height":""}],"author":"Thiago Mossini Balbino dos Santos","twitter_card":"summary_large_image","twitter_misc":{"Escrito por":"Thiago Mossini Balbino dos Santos","Est. tempo de leitura":"3 minutos"},"schema":{"@context":"https:\/\/schema.org","@graph":[{"@type":"Article","@id":"https:\/\/www.cambe.pr.gov.br\/index.php\/forca-tarefa-da-prefeitura-atende-ocorrencias-por-conta-dos-estragos-causados-pelas-chuvas\/#article","isPartOf":{"@id":"https:\/\/www.cambe.pr.gov.br\/index.php\/forca-tarefa-da-prefeitura-atende-ocorrencias-por-conta-dos-estragos-causados-pelas-chuvas\/"},"author":{"name":"Thiago Mossini Balbino dos Santos","@id":"https:\/\/www.cambe.pr.gov.br\/#\/schema\/person\/e08f7c43a641b2ec036e4e867ec483e4"},"headline":"For\u00e7a-tarefa da Prefeitura atende ocorr\u00eancias por conta dos estragos causados pelas chuvas","datePublished":"2021-10-25T15:56:23+00:00","dateModified":"2024-10-07T16:00:27+00:00","mainEntityOfPage":{"@id":"https:\/\/www.cambe.pr.gov.br\/index.php\/forca-tarefa-da-prefeitura-atende-ocorrencias-por-conta-dos-estragos-causados-pelas-chuvas\/"},"wordCount":601,"publisher":{"@id":"https:\/\/www.cambe.pr.gov.br\/#organization"},"image":{"@id":"https:\/\/www.cambe.pr.gov.br\/index.php\/forca-tarefa-da-prefeitura-atende-ocorrencias-por-conta-dos-estragos-causados-pelas-chuvas\/#primaryimage"},"thumbnailUrl":"http:\/\/www.cambe.pr.gov.br\/wp-content\/uploads\/2021\/10\/WhatsApp-Image-2021-10-25-at-12.25.04-e1635177371495-300x200.jpeg","articleSection":["Principal"],"inLanguage":"pt-BR"},{"@type":"WebPage","@id":"https:\/\/www.cambe.pr.gov.br\/index.php\/forca-tarefa-da-prefeitura-atende-ocorrencias-por-conta-dos-estragos-causados-pelas-chuvas\/","url":"https:\/\/www.cambe.pr.gov.br\/index.php\/forca-tarefa-da-prefeitura-atende-ocorrencias-por-conta-dos-estragos-causados-pelas-chuvas\/","name":"For\u00e7a-tarefa da Prefeitura atende ocorr\u00eancias por conta dos estragos causados pelas chuvas - Prefeitura de Camb\u00e9","isPartOf":{"@id":"https:\/\/www.cambe.pr.gov.br\/#website"},"primaryImageOfPage":{"@id":"https:\/\/www.cambe.pr.gov.br\/index.php\/forca-tarefa-da-prefeitura-atende-ocorrencias-por-conta-dos-estragos-causados-pelas-chuvas\/#primaryimage"},"image":{"@id":"https:\/\/www.cambe.pr.gov.br\/index.php\/forca-tarefa-da-prefeitura-atende-ocorrencias-por-conta-dos-estragos-causados-pelas-chuvas\/#primaryimage"},"thumbnailUrl":"http:\/\/www.cambe.pr.gov.br\/wp-content\/uploads\/2021\/10\/WhatsApp-Image-2021-10-25-at-12.25.04-e1635177371495-300x200.jpeg","datePublished":"2021-10-25T15:56:23+00:00","dateModified":"2024-10-07T16:00:27+00:00","breadcrumb":{"@id":"https:\/\/www.cambe.pr.gov.br\/index.php\/forca-tarefa-da-prefeitura-atende-ocorrencias-por-conta-dos-estragos-causados-pelas-chuvas\/#breadcrumb"},"inLanguage":"pt-BR","potentialAction":[{"@type":"ReadAction","target":["https:\/\/www.cambe.pr.gov.br\/index.php\/forca-tarefa-da-prefeitura-atende-ocorrencias-por-conta-dos-estragos-causados-pelas-chuvas\/"]}]},{"@type":"ImageObject","inLanguage":"pt-BR","@id":"https:\/\/www.cambe.pr.gov.br\/index.php\/forca-tarefa-da-prefeitura-atende-ocorrencias-por-conta-dos-estragos-causados-pelas-chuvas\/#primaryimage","url":"http:\/\/www.cambe.pr.gov.br\/wp-content\/uploads\/2021\/10\/WhatsApp-Image-2021-10-25-at-12.25.04-e1635177371495-300x200.jpeg","contentUrl":"http:\/\/www.cambe.pr.gov.br\/wp-content\/uploads\/2021\/10\/WhatsApp-Image-2021-10-25-at-12.25.04-e1635177371495-300x200.jpeg"},{"@type":"BreadcrumbList","@id":"https:\/\/www.cambe.pr.gov.br\/index.php\/forca-tarefa-da-prefeitura-atende-ocorrencias-por-conta-dos-estragos-causados-pelas-chuvas\/#breadcrumb","itemListElement":[{"@type":"ListItem","position":1,"name":"In\u00edcio","item":"https:\/\/www.cambe.pr.gov.br\/"},{"@type":"ListItem","position":2,"name":"For\u00e7a-tarefa da Prefeitura atende ocorr\u00eancias por conta dos estragos causados pelas chuvas"}]},{"@type":"WebSite","@id":"https:\/\/www.cambe.pr.gov.br\/#website","url":"https:\/\/www.cambe.pr.gov.br\/","name":"Prefeitura de Camb\u00e9","description":"UM GOVERNO PARA TODOS","publisher":{"@id":"https:\/\/www.cambe.pr.gov.br\/#organization"},"potentialAction":[{"@type":"SearchAction","target":{"@type":"EntryPoint","urlTemplate":"https:\/\/www.cambe.pr.gov.br\/?s={search_term_string}"},"query-input":{"@type":"PropertyValueSpecification","valueRequired":true,"valueName":"search_term_string"}}],"inLanguage":"pt-BR"},{"@type":"Organization","@id":"https:\/\/www.cambe.pr.gov.br\/#organization","name":"Prefeitura de Camb\u00e9","url":"https:\/\/www.cambe.pr.gov.br\/","logo":{"@type":"ImageObject","inLanguage":"pt-BR","@id":"https:\/\/www.cambe.pr.gov.br\/#\/schema\/logo\/image\/","url":"https:\/\/www.cambe.pr.gov.br\/wp-content\/uploads\/2021\/01\/cropped-cropped-cambe_brazao-icone.png","contentUrl":"https:\/\/www.cambe.pr.gov.br\/wp-content\/uploads\/2021\/01\/cropped-cropped-cambe_brazao-icone.png","width":240,"height":240,"caption":"Prefeitura de Camb\u00e9"},"image":{"@id":"https:\/\/www.cambe.pr.gov.br\/#\/schema\/logo\/image\/"},"sameAs":["https:\/\/m.facebook.com\/prefeituradecambe"]},{"@type":"Person","@id":"https:\/\/www.cambe.pr.gov.br\/#\/schema\/person\/e08f7c43a641b2ec036e4e867ec483e4","name":"Thiago Mossini Balbino dos Santos","image":{"@type":"ImageObject","inLanguage":"pt-BR","@id":"https:\/\/secure.gravatar.com\/avatar\/d957ed4e1bc3ebf5769d1003f9709cd2012ebf424eb4a5d76a933fee30e874b6?s=96&d=mm&r=g","url":"https:\/\/secure.gravatar.com\/avatar\/d957ed4e1bc3ebf5769d1003f9709cd2012ebf424eb4a5d76a933fee30e874b6?s=96&d=mm&r=g","contentUrl":"https:\/\/secure.gravatar.com\/avatar\/d957ed4e1bc3ebf5769d1003f9709cd2012ebf424eb4a5d76a933fee30e874b6?s=96&d=mm&r=g","caption":"Thiago Mossini Balbino dos Santos"},"url":"https:\/\/www.cambe.pr.gov.br\/index.php\/author\/tmbsantos\/"}]}},"_links":{"self":[{"href":"https:\/\/www.cambe.pr.gov.br\/index.php\/wp-json\/wp\/v2\/posts\/3849","targetHints":{"allow":["GET"]}}],"collection":[{"href":"https:\/\/www.cambe.pr.gov.br\/index.php\/wp-json\/wp\/v2\/posts"}],"about":[{"href":"https:\/\/www.cambe.pr.gov.br\/index.php\/wp-json\/wp\/v2\/types\/post"}],"author":[{"embeddable":true,"href":"https:\/\/www.cambe.pr.gov.br\/index.php\/wp-json\/wp\/v2\/users\/2"}],"replies":[{"embeddable":true,"href":"https:\/\/www.cambe.pr.gov.br\/index.php\/wp-json\/wp\/v2\/comments?post=3849"}],"version-history":[{"count":1,"href":"https:\/\/www.cambe.pr.gov.br\/index.php\/wp-json\/wp\/v2\/posts\/3849\/revisions"}],"predecessor-version":[{"id":3852,"href":"https:\/\/www.cambe.pr.gov.br\/index.php\/wp-json\/wp\/v2\/posts\/3849\/revisions\/3852"}],"wp:attachment":[{"href":"https:\/\/www.cambe.pr.gov.br\/index.php\/wp-json\/wp\/v2\/media?parent=3849"}],"wp:term":[{"taxonomy":"category","embeddable":true,"href":"https:\/\/www.cambe.pr.gov.br\/index.php\/wp-json\/wp\/v2\/categories?post=3849"},{"taxonomy":"post_tag","embeddable":true,"href":"https:\/\/www.cambe.pr.gov.br\/index.php\/wp-json\/wp\/v2\/tags?post=3849"}],"curies":[{"name":"wp","href":"https:\/\/api.w.org\/{rel}","templated":true}]}}