{"id":3836,"date":"2021-10-22T15:00:26","date_gmt":"2021-10-22T18:00:26","guid":{"rendered":"http:\/\/www.cambe.pr.gov.br\/?p=3836"},"modified":"2024-10-07T13:00:27","modified_gmt":"2024-10-07T16:00:27","slug":"cambe-comeca-a-vacinar-contra-covid-19-adolescentes-de-17-anos-sem-comorbidades-2","status":"publish","type":"post","link":"https:\/\/www.cambe.pr.gov.br\/index.php\/cambe-comeca-a-vacinar-contra-covid-19-adolescentes-de-17-anos-sem-comorbidades-2\/","title":{"rendered":"Camb\u00e9 come\u00e7a a vacinar contra Covid-19 adolescentes de 16 anos sem comorbidades"},"content":{"rendered":"<p style=\"text-align: justify;\"><span style=\"font-family: arial, helvetica, sans-serif;\"><img fetchpriority=\"high\" decoding=\"async\" class=\"size-medium wp-image-2599 alignleft\" src=\"https:\/\/www.cambe.pr.gov.br\/wp-content\/uploads\/2021\/08\/IMG_7283-2-300x200.jpg\" alt=\"\" width=\"300\" height=\"200\" srcset=\"https:\/\/www.cambe.pr.gov.br\/wp-content\/uploads\/2021\/08\/IMG_7283-2-300x200.jpg 300w, https:\/\/www.cambe.pr.gov.br\/wp-content\/uploads\/2021\/08\/IMG_7283-2-1024x683.jpg 1024w, https:\/\/www.cambe.pr.gov.br\/wp-content\/uploads\/2021\/08\/IMG_7283-2-768x512.jpg 768w, https:\/\/www.cambe.pr.gov.br\/wp-content\/uploads\/2021\/08\/IMG_7283-2-1536x1024.jpg 1536w, https:\/\/www.cambe.pr.gov.br\/wp-content\/uploads\/2021\/08\/IMG_7283-2-2048x1366.jpg 2048w\" sizes=\"(max-width: 300px) 100vw, 300px\" \/>A Prefeitura de Camb\u00e9, por meio da Secretaria de Sa\u00fade, vai vacinar contra Covid-19 os adolescentes de 16 anos sem comorbidades. <\/span><\/p>\n<p style=\"text-align: justify;\"><span style=\"font-family: arial, helvetica, sans-serif;\">A vacina\u00e7\u00e3o ser\u00e1 realizada na ter\u00e7a-feira, dia 26 de outubro, das 9h \u00e0s 14h, e vai estar dispon\u00edvel nas seguintes Unidades B\u00e1sicas de Sa\u00fade: Ana Rosa (Rua Jos\u00e9 Delalibera, 1020); Camb\u00e9 II (Rua Alicio Francisco Mafra, 655); Centro de Sa\u00fade (Rua Presidente Kennedy, 305); Cristal (Rua \u00d4nix, 250); Guarani (Rua Vit\u00f3ria, 307); Novo Bandeirantes (Rua Sadamu Anani, 73); Santo Amaro (Rua Rio S\u00e3o Francisco, 550); S\u00e3o Paulo (Rua Bernardino de Campos, 179); e Silvino (Rua Nilo Pe\u00e7anha, 318).<\/span><\/p>\n<p style=\"text-align: justify;\"><span style=\"font-family: arial, helvetica, sans-serif;\">Os adolescentes devem ir acompanhados de um respons\u00e1vel e com um documento com foto, CPF ou cart\u00e3o do SUS e comprovante de resid\u00eancia.<\/span><\/p>\n","protected":false},"excerpt":{"rendered":"<p>A Prefeitura de Camb\u00e9, por meio da Secretaria de Sa\u00fade, vai vacinar contra Covid-19 os adolescentes de 16 anos sem comorbidades. A vacina\u00e7\u00e3o ser\u00e1 realizada na ter\u00e7a-feira, dia 26 de outubro, das 9h \u00e0s 14h, e vai estar dispon\u00edvel nas seguintes Unidades B\u00e1sicas de Sa\u00fade: Ana Rosa (Rua Jos\u00e9 Delalibera, 1020); Camb\u00e9 II (Rua Alicio [&hellip;]<\/p>\n","protected":false},"author":2,"featured_media":0,"comment_status":"closed","ping_status":"open","sticky":false,"template":"","format":"standard","meta":{"ngg_post_thumbnail":0,"footnotes":""},"categories":[1],"tags":[],"class_list":["post-3836","post","type-post","status-publish","format-standard","hentry","category-principal"],"yoast_head":"<!-- This site is optimized with the Yoast SEO plugin v27.4 - https:\/\/yoast.com\/product\/yoast-seo-wordpress\/ -->\n<title>Camb\u00e9 come\u00e7a a vacinar contra Covid-19 adolescentes de 16 anos sem comorbidades - Prefeitura de Camb\u00e9<\/title>\n<meta name=\"robots\" content=\"index, follow, max-snippet:-1, max-image-preview:large, max-video-preview:-1\" \/>\n<link rel=\"canonical\" href=\"https:\/\/www.cambe.pr.gov.br\/index.php\/cambe-comeca-a-vacinar-contra-covid-19-adolescentes-de-17-anos-sem-comorbidades-2\/\" \/>\n<meta property=\"og:locale\" content=\"pt_BR\" \/>\n<meta property=\"og:type\" content=\"article\" \/>\n<meta property=\"og:title\" content=\"Camb\u00e9 come\u00e7a a vacinar contra Covid-19 adolescentes de 16 anos sem comorbidades - Prefeitura de Camb\u00e9\" \/>\n<meta property=\"og:description\" content=\"A Prefeitura de Camb\u00e9, por meio da Secretaria de Sa\u00fade, vai vacinar contra Covid-19 os adolescentes de 16 anos sem comorbidades. A vacina\u00e7\u00e3o ser\u00e1 realizada na ter\u00e7a-feira, dia 26 de outubro, das 9h \u00e0s 14h, e vai estar dispon\u00edvel nas seguintes Unidades B\u00e1sicas de Sa\u00fade: Ana Rosa (Rua Jos\u00e9 Delalibera, 1020); Camb\u00e9 II (Rua Alicio [&hellip;]\" \/>\n<meta property=\"og:url\" content=\"https:\/\/www.cambe.pr.gov.br\/index.php\/cambe-comeca-a-vacinar-contra-covid-19-adolescentes-de-17-anos-sem-comorbidades-2\/\" \/>\n<meta property=\"og:site_name\" content=\"Prefeitura de Camb\u00e9\" \/>\n<meta property=\"article:publisher\" content=\"https:\/\/m.facebook.com\/prefeituradecambe\" \/>\n<meta property=\"article:published_time\" content=\"2021-10-22T18:00:26+00:00\" \/>\n<meta property=\"article:modified_time\" content=\"2024-10-07T16:00:27+00:00\" \/>\n<meta property=\"og:image\" content=\"http:\/\/www.cambe.pr.gov.br\/wp-content\/uploads\/2021\/08\/IMG_7283-2-300x200.jpg\" \/>\n<meta name=\"author\" content=\"Thiago Mossini Balbino dos Santos\" \/>\n<meta name=\"twitter:card\" content=\"summary_large_image\" \/>\n<meta name=\"twitter:label1\" content=\"Escrito por\" \/>\n\t<meta name=\"twitter:data1\" content=\"Thiago Mossini Balbino dos Santos\" \/>\n\t<meta name=\"twitter:label2\" content=\"Est. tempo de leitura\" \/>\n\t<meta name=\"twitter:data2\" content=\"1 minuto\" \/>\n<script type=\"application\/ld+json\" class=\"yoast-schema-graph\">{\"@context\":\"https:\\\/\\\/schema.org\",\"@graph\":[{\"@type\":\"Article\",\"@id\":\"https:\\\/\\\/www.cambe.pr.gov.br\\\/index.php\\\/cambe-comeca-a-vacinar-contra-covid-19-adolescentes-de-17-anos-sem-comorbidades-2\\\/#article\",\"isPartOf\":{\"@id\":\"https:\\\/\\\/www.cambe.pr.gov.br\\\/index.php\\\/cambe-comeca-a-vacinar-contra-covid-19-adolescentes-de-17-anos-sem-comorbidades-2\\\/\"},\"author\":{\"name\":\"Thiago Mossini Balbino dos Santos\",\"@id\":\"https:\\\/\\\/www.cambe.pr.gov.br\\\/#\\\/schema\\\/person\\\/e08f7c43a641b2ec036e4e867ec483e4\"},\"headline\":\"Camb\u00e9 come\u00e7a a vacinar contra Covid-19 adolescentes de 16 anos sem comorbidades\",\"datePublished\":\"2021-10-22T18:00:26+00:00\",\"dateModified\":\"2024-10-07T16:00:27+00:00\",\"mainEntityOfPage\":{\"@id\":\"https:\\\/\\\/www.cambe.pr.gov.br\\\/index.php\\\/cambe-comeca-a-vacinar-contra-covid-19-adolescentes-de-17-anos-sem-comorbidades-2\\\/\"},\"wordCount\":137,\"publisher\":{\"@id\":\"https:\\\/\\\/www.cambe.pr.gov.br\\\/#organization\"},\"image\":{\"@id\":\"https:\\\/\\\/www.cambe.pr.gov.br\\\/index.php\\\/cambe-comeca-a-vacinar-contra-covid-19-adolescentes-de-17-anos-sem-comorbidades-2\\\/#primaryimage\"},\"thumbnailUrl\":\"http:\\\/\\\/www.cambe.pr.gov.br\\\/wp-content\\\/uploads\\\/2021\\\/08\\\/IMG_7283-2-300x200.jpg\",\"articleSection\":[\"Principal\"],\"inLanguage\":\"pt-BR\"},{\"@type\":\"WebPage\",\"@id\":\"https:\\\/\\\/www.cambe.pr.gov.br\\\/index.php\\\/cambe-comeca-a-vacinar-contra-covid-19-adolescentes-de-17-anos-sem-comorbidades-2\\\/\",\"url\":\"https:\\\/\\\/www.cambe.pr.gov.br\\\/index.php\\\/cambe-comeca-a-vacinar-contra-covid-19-adolescentes-de-17-anos-sem-comorbidades-2\\\/\",\"name\":\"Camb\u00e9 come\u00e7a a vacinar contra Covid-19 adolescentes de 16 anos sem comorbidades - Prefeitura de Camb\u00e9\",\"isPartOf\":{\"@id\":\"https:\\\/\\\/www.cambe.pr.gov.br\\\/#website\"},\"primaryImageOfPage\":{\"@id\":\"https:\\\/\\\/www.cambe.pr.gov.br\\\/index.php\\\/cambe-comeca-a-vacinar-contra-covid-19-adolescentes-de-17-anos-sem-comorbidades-2\\\/#primaryimage\"},\"image\":{\"@id\":\"https:\\\/\\\/www.cambe.pr.gov.br\\\/index.php\\\/cambe-comeca-a-vacinar-contra-covid-19-adolescentes-de-17-anos-sem-comorbidades-2\\\/#primaryimage\"},\"thumbnailUrl\":\"http:\\\/\\\/www.cambe.pr.gov.br\\\/wp-content\\\/uploads\\\/2021\\\/08\\\/IMG_7283-2-300x200.jpg\",\"datePublished\":\"2021-10-22T18:00:26+00:00\",\"dateModified\":\"2024-10-07T16:00:27+00:00\",\"breadcrumb\":{\"@id\":\"https:\\\/\\\/www.cambe.pr.gov.br\\\/index.php\\\/cambe-comeca-a-vacinar-contra-covid-19-adolescentes-de-17-anos-sem-comorbidades-2\\\/#breadcrumb\"},\"inLanguage\":\"pt-BR\",\"potentialAction\":[{\"@type\":\"ReadAction\",\"target\":[\"https:\\\/\\\/www.cambe.pr.gov.br\\\/index.php\\\/cambe-comeca-a-vacinar-contra-covid-19-adolescentes-de-17-anos-sem-comorbidades-2\\\/\"]}]},{\"@type\":\"ImageObject\",\"inLanguage\":\"pt-BR\",\"@id\":\"https:\\\/\\\/www.cambe.pr.gov.br\\\/index.php\\\/cambe-comeca-a-vacinar-contra-covid-19-adolescentes-de-17-anos-sem-comorbidades-2\\\/#primaryimage\",\"url\":\"http:\\\/\\\/www.cambe.pr.gov.br\\\/wp-content\\\/uploads\\\/2021\\\/08\\\/IMG_7283-2-300x200.jpg\",\"contentUrl\":\"http:\\\/\\\/www.cambe.pr.gov.br\\\/wp-content\\\/uploads\\\/2021\\\/08\\\/IMG_7283-2-300x200.jpg\"},{\"@type\":\"BreadcrumbList\",\"@id\":\"https:\\\/\\\/www.cambe.pr.gov.br\\\/index.php\\\/cambe-comeca-a-vacinar-contra-covid-19-adolescentes-de-17-anos-sem-comorbidades-2\\\/#breadcrumb\",\"itemListElement\":[{\"@type\":\"ListItem\",\"position\":1,\"name\":\"In\u00edcio\",\"item\":\"https:\\\/\\\/www.cambe.pr.gov.br\\\/\"},{\"@type\":\"ListItem\",\"position\":2,\"name\":\"Camb\u00e9 come\u00e7a a vacinar contra Covid-19 adolescentes de 16 anos sem comorbidades\"}]},{\"@type\":\"WebSite\",\"@id\":\"https:\\\/\\\/www.cambe.pr.gov.br\\\/#website\",\"url\":\"https:\\\/\\\/www.cambe.pr.gov.br\\\/\",\"name\":\"Prefeitura de Camb\u00e9\",\"description\":\"UM GOVERNO PARA TODOS\",\"publisher\":{\"@id\":\"https:\\\/\\\/www.cambe.pr.gov.br\\\/#organization\"},\"potentialAction\":[{\"@type\":\"SearchAction\",\"target\":{\"@type\":\"EntryPoint\",\"urlTemplate\":\"https:\\\/\\\/www.cambe.pr.gov.br\\\/?s={search_term_string}\"},\"query-input\":{\"@type\":\"PropertyValueSpecification\",\"valueRequired\":true,\"valueName\":\"search_term_string\"}}],\"inLanguage\":\"pt-BR\"},{\"@type\":\"Organization\",\"@id\":\"https:\\\/\\\/www.cambe.pr.gov.br\\\/#organization\",\"name\":\"Prefeitura de Camb\u00e9\",\"url\":\"https:\\\/\\\/www.cambe.pr.gov.br\\\/\",\"logo\":{\"@type\":\"ImageObject\",\"inLanguage\":\"pt-BR\",\"@id\":\"https:\\\/\\\/www.cambe.pr.gov.br\\\/#\\\/schema\\\/logo\\\/image\\\/\",\"url\":\"https:\\\/\\\/www.cambe.pr.gov.br\\\/wp-content\\\/uploads\\\/2021\\\/01\\\/cropped-cropped-cambe_brazao-icone.png\",\"contentUrl\":\"https:\\\/\\\/www.cambe.pr.gov.br\\\/wp-content\\\/uploads\\\/2021\\\/01\\\/cropped-cropped-cambe_brazao-icone.png\",\"width\":240,\"height\":240,\"caption\":\"Prefeitura de Camb\u00e9\"},\"image\":{\"@id\":\"https:\\\/\\\/www.cambe.pr.gov.br\\\/#\\\/schema\\\/logo\\\/image\\\/\"},\"sameAs\":[\"https:\\\/\\\/m.facebook.com\\\/prefeituradecambe\"]},{\"@type\":\"Person\",\"@id\":\"https:\\\/\\\/www.cambe.pr.gov.br\\\/#\\\/schema\\\/person\\\/e08f7c43a641b2ec036e4e867ec483e4\",\"name\":\"Thiago Mossini Balbino dos Santos\",\"image\":{\"@type\":\"ImageObject\",\"inLanguage\":\"pt-BR\",\"@id\":\"https:\\\/\\\/secure.gravatar.com\\\/avatar\\\/d957ed4e1bc3ebf5769d1003f9709cd2012ebf424eb4a5d76a933fee30e874b6?s=96&d=mm&r=g\",\"url\":\"https:\\\/\\\/secure.gravatar.com\\\/avatar\\\/d957ed4e1bc3ebf5769d1003f9709cd2012ebf424eb4a5d76a933fee30e874b6?s=96&d=mm&r=g\",\"contentUrl\":\"https:\\\/\\\/secure.gravatar.com\\\/avatar\\\/d957ed4e1bc3ebf5769d1003f9709cd2012ebf424eb4a5d76a933fee30e874b6?s=96&d=mm&r=g\",\"caption\":\"Thiago Mossini Balbino dos Santos\"},\"url\":\"https:\\\/\\\/www.cambe.pr.gov.br\\\/index.php\\\/author\\\/tmbsantos\\\/\"}]}<\/script>\n<!-- \/ Yoast SEO plugin. -->","yoast_head_json":{"title":"Camb\u00e9 come\u00e7a a vacinar contra Covid-19 adolescentes de 16 anos sem comorbidades - Prefeitura de Camb\u00e9","robots":{"index":"index","follow":"follow","max-snippet":"max-snippet:-1","max-image-preview":"max-image-preview:large","max-video-preview":"max-video-preview:-1"},"canonical":"https:\/\/www.cambe.pr.gov.br\/index.php\/cambe-comeca-a-vacinar-contra-covid-19-adolescentes-de-17-anos-sem-comorbidades-2\/","og_locale":"pt_BR","og_type":"article","og_title":"Camb\u00e9 come\u00e7a a vacinar contra Covid-19 adolescentes de 16 anos sem comorbidades - Prefeitura de Camb\u00e9","og_description":"A Prefeitura de Camb\u00e9, por meio da Secretaria de Sa\u00fade, vai vacinar contra Covid-19 os adolescentes de 16 anos sem comorbidades. A vacina\u00e7\u00e3o ser\u00e1 realizada na ter\u00e7a-feira, dia 26 de outubro, das 9h \u00e0s 14h, e vai estar dispon\u00edvel nas seguintes Unidades B\u00e1sicas de Sa\u00fade: Ana Rosa (Rua Jos\u00e9 Delalibera, 1020); Camb\u00e9 II (Rua Alicio [&hellip;]","og_url":"https:\/\/www.cambe.pr.gov.br\/index.php\/cambe-comeca-a-vacinar-contra-covid-19-adolescentes-de-17-anos-sem-comorbidades-2\/","og_site_name":"Prefeitura de Camb\u00e9","article_publisher":"https:\/\/m.facebook.com\/prefeituradecambe","article_published_time":"2021-10-22T18:00:26+00:00","article_modified_time":"2024-10-07T16:00:27+00:00","og_image":[{"url":"http:\/\/www.cambe.pr.gov.br\/wp-content\/uploads\/2021\/08\/IMG_7283-2-300x200.jpg","type":"","width":"","height":""}],"author":"Thiago Mossini Balbino dos Santos","twitter_card":"summary_large_image","twitter_misc":{"Escrito por":"Thiago Mossini Balbino dos Santos","Est. tempo de leitura":"1 minuto"},"schema":{"@context":"https:\/\/schema.org","@graph":[{"@type":"Article","@id":"https:\/\/www.cambe.pr.gov.br\/index.php\/cambe-comeca-a-vacinar-contra-covid-19-adolescentes-de-17-anos-sem-comorbidades-2\/#article","isPartOf":{"@id":"https:\/\/www.cambe.pr.gov.br\/index.php\/cambe-comeca-a-vacinar-contra-covid-19-adolescentes-de-17-anos-sem-comorbidades-2\/"},"author":{"name":"Thiago Mossini Balbino dos Santos","@id":"https:\/\/www.cambe.pr.gov.br\/#\/schema\/person\/e08f7c43a641b2ec036e4e867ec483e4"},"headline":"Camb\u00e9 come\u00e7a a vacinar contra Covid-19 adolescentes de 16 anos sem comorbidades","datePublished":"2021-10-22T18:00:26+00:00","dateModified":"2024-10-07T16:00:27+00:00","mainEntityOfPage":{"@id":"https:\/\/www.cambe.pr.gov.br\/index.php\/cambe-comeca-a-vacinar-contra-covid-19-adolescentes-de-17-anos-sem-comorbidades-2\/"},"wordCount":137,"publisher":{"@id":"https:\/\/www.cambe.pr.gov.br\/#organization"},"image":{"@id":"https:\/\/www.cambe.pr.gov.br\/index.php\/cambe-comeca-a-vacinar-contra-covid-19-adolescentes-de-17-anos-sem-comorbidades-2\/#primaryimage"},"thumbnailUrl":"http:\/\/www.cambe.pr.gov.br\/wp-content\/uploads\/2021\/08\/IMG_7283-2-300x200.jpg","articleSection":["Principal"],"inLanguage":"pt-BR"},{"@type":"WebPage","@id":"https:\/\/www.cambe.pr.gov.br\/index.php\/cambe-comeca-a-vacinar-contra-covid-19-adolescentes-de-17-anos-sem-comorbidades-2\/","url":"https:\/\/www.cambe.pr.gov.br\/index.php\/cambe-comeca-a-vacinar-contra-covid-19-adolescentes-de-17-anos-sem-comorbidades-2\/","name":"Camb\u00e9 come\u00e7a a vacinar contra Covid-19 adolescentes de 16 anos sem comorbidades - Prefeitura de Camb\u00e9","isPartOf":{"@id":"https:\/\/www.cambe.pr.gov.br\/#website"},"primaryImageOfPage":{"@id":"https:\/\/www.cambe.pr.gov.br\/index.php\/cambe-comeca-a-vacinar-contra-covid-19-adolescentes-de-17-anos-sem-comorbidades-2\/#primaryimage"},"image":{"@id":"https:\/\/www.cambe.pr.gov.br\/index.php\/cambe-comeca-a-vacinar-contra-covid-19-adolescentes-de-17-anos-sem-comorbidades-2\/#primaryimage"},"thumbnailUrl":"http:\/\/www.cambe.pr.gov.br\/wp-content\/uploads\/2021\/08\/IMG_7283-2-300x200.jpg","datePublished":"2021-10-22T18:00:26+00:00","dateModified":"2024-10-07T16:00:27+00:00","breadcrumb":{"@id":"https:\/\/www.cambe.pr.gov.br\/index.php\/cambe-comeca-a-vacinar-contra-covid-19-adolescentes-de-17-anos-sem-comorbidades-2\/#breadcrumb"},"inLanguage":"pt-BR","potentialAction":[{"@type":"ReadAction","target":["https:\/\/www.cambe.pr.gov.br\/index.php\/cambe-comeca-a-vacinar-contra-covid-19-adolescentes-de-17-anos-sem-comorbidades-2\/"]}]},{"@type":"ImageObject","inLanguage":"pt-BR","@id":"https:\/\/www.cambe.pr.gov.br\/index.php\/cambe-comeca-a-vacinar-contra-covid-19-adolescentes-de-17-anos-sem-comorbidades-2\/#primaryimage","url":"http:\/\/www.cambe.pr.gov.br\/wp-content\/uploads\/2021\/08\/IMG_7283-2-300x200.jpg","contentUrl":"http:\/\/www.cambe.pr.gov.br\/wp-content\/uploads\/2021\/08\/IMG_7283-2-300x200.jpg"},{"@type":"BreadcrumbList","@id":"https:\/\/www.cambe.pr.gov.br\/index.php\/cambe-comeca-a-vacinar-contra-covid-19-adolescentes-de-17-anos-sem-comorbidades-2\/#breadcrumb","itemListElement":[{"@type":"ListItem","position":1,"name":"In\u00edcio","item":"https:\/\/www.cambe.pr.gov.br\/"},{"@type":"ListItem","position":2,"name":"Camb\u00e9 come\u00e7a a vacinar contra Covid-19 adolescentes de 16 anos sem comorbidades"}]},{"@type":"WebSite","@id":"https:\/\/www.cambe.pr.gov.br\/#website","url":"https:\/\/www.cambe.pr.gov.br\/","name":"Prefeitura de Camb\u00e9","description":"UM GOVERNO PARA TODOS","publisher":{"@id":"https:\/\/www.cambe.pr.gov.br\/#organization"},"potentialAction":[{"@type":"SearchAction","target":{"@type":"EntryPoint","urlTemplate":"https:\/\/www.cambe.pr.gov.br\/?s={search_term_string}"},"query-input":{"@type":"PropertyValueSpecification","valueRequired":true,"valueName":"search_term_string"}}],"inLanguage":"pt-BR"},{"@type":"Organization","@id":"https:\/\/www.cambe.pr.gov.br\/#organization","name":"Prefeitura de Camb\u00e9","url":"https:\/\/www.cambe.pr.gov.br\/","logo":{"@type":"ImageObject","inLanguage":"pt-BR","@id":"https:\/\/www.cambe.pr.gov.br\/#\/schema\/logo\/image\/","url":"https:\/\/www.cambe.pr.gov.br\/wp-content\/uploads\/2021\/01\/cropped-cropped-cambe_brazao-icone.png","contentUrl":"https:\/\/www.cambe.pr.gov.br\/wp-content\/uploads\/2021\/01\/cropped-cropped-cambe_brazao-icone.png","width":240,"height":240,"caption":"Prefeitura de Camb\u00e9"},"image":{"@id":"https:\/\/www.cambe.pr.gov.br\/#\/schema\/logo\/image\/"},"sameAs":["https:\/\/m.facebook.com\/prefeituradecambe"]},{"@type":"Person","@id":"https:\/\/www.cambe.pr.gov.br\/#\/schema\/person\/e08f7c43a641b2ec036e4e867ec483e4","name":"Thiago Mossini Balbino dos Santos","image":{"@type":"ImageObject","inLanguage":"pt-BR","@id":"https:\/\/secure.gravatar.com\/avatar\/d957ed4e1bc3ebf5769d1003f9709cd2012ebf424eb4a5d76a933fee30e874b6?s=96&d=mm&r=g","url":"https:\/\/secure.gravatar.com\/avatar\/d957ed4e1bc3ebf5769d1003f9709cd2012ebf424eb4a5d76a933fee30e874b6?s=96&d=mm&r=g","contentUrl":"https:\/\/secure.gravatar.com\/avatar\/d957ed4e1bc3ebf5769d1003f9709cd2012ebf424eb4a5d76a933fee30e874b6?s=96&d=mm&r=g","caption":"Thiago Mossini Balbino dos Santos"},"url":"https:\/\/www.cambe.pr.gov.br\/index.php\/author\/tmbsantos\/"}]}},"_links":{"self":[{"href":"https:\/\/www.cambe.pr.gov.br\/index.php\/wp-json\/wp\/v2\/posts\/3836","targetHints":{"allow":["GET"]}}],"collection":[{"href":"https:\/\/www.cambe.pr.gov.br\/index.php\/wp-json\/wp\/v2\/posts"}],"about":[{"href":"https:\/\/www.cambe.pr.gov.br\/index.php\/wp-json\/wp\/v2\/types\/post"}],"author":[{"embeddable":true,"href":"https:\/\/www.cambe.pr.gov.br\/index.php\/wp-json\/wp\/v2\/users\/2"}],"replies":[{"embeddable":true,"href":"https:\/\/www.cambe.pr.gov.br\/index.php\/wp-json\/wp\/v2\/comments?post=3836"}],"version-history":[{"count":3,"href":"https:\/\/www.cambe.pr.gov.br\/index.php\/wp-json\/wp\/v2\/posts\/3836\/revisions"}],"predecessor-version":[{"id":3847,"href":"https:\/\/www.cambe.pr.gov.br\/index.php\/wp-json\/wp\/v2\/posts\/3836\/revisions\/3847"}],"wp:attachment":[{"href":"https:\/\/www.cambe.pr.gov.br\/index.php\/wp-json\/wp\/v2\/media?parent=3836"}],"wp:term":[{"taxonomy":"category","embeddable":true,"href":"https:\/\/www.cambe.pr.gov.br\/index.php\/wp-json\/wp\/v2\/categories?post=3836"},{"taxonomy":"post_tag","embeddable":true,"href":"https:\/\/www.cambe.pr.gov.br\/index.php\/wp-json\/wp\/v2\/tags?post=3836"}],"curies":[{"name":"wp","href":"https:\/\/api.w.org\/{rel}","templated":true}]}}