{"id":3506,"date":"2021-09-21T15:21:26","date_gmt":"2021-09-21T18:21:26","guid":{"rendered":"http:\/\/www.cambe.pr.gov.br\/?p=3506"},"modified":"2024-10-07T13:00:25","modified_gmt":"2024-10-07T16:00:25","slug":"prefeitura-celebra-o-dia-d-com-curso-de-libras-e-vagas-de-emprego-para-pessoas-com-deficiencia","status":"publish","type":"post","link":"https:\/\/www.cambe.pr.gov.br\/index.php\/prefeitura-celebra-o-dia-d-com-curso-de-libras-e-vagas-de-emprego-para-pessoas-com-deficiencia\/","title":{"rendered":"Prefeitura celebra o Dia D com curso de Libras e emprego para pessoas com defici\u00eancia"},"content":{"rendered":"<p style=\"text-align: justify;\"><span style=\"font-family: arial, helvetica, sans-serif;\"><img fetchpriority=\"high\" decoding=\"async\" class=\"alignleft wp-image-3507 size-medium\" src=\"https:\/\/www.cambe.pr.gov.br\/wp-content\/uploads\/2021\/09\/WhatsApp-Image-2021-09-21-at-15.20.38-300x200.jpeg\" alt=\"\" width=\"300\" height=\"200\" srcset=\"https:\/\/www.cambe.pr.gov.br\/wp-content\/uploads\/2021\/09\/WhatsApp-Image-2021-09-21-at-15.20.38-300x200.jpeg 300w, https:\/\/www.cambe.pr.gov.br\/wp-content\/uploads\/2021\/09\/WhatsApp-Image-2021-09-21-at-15.20.38-1024x682.jpeg 1024w, https:\/\/www.cambe.pr.gov.br\/wp-content\/uploads\/2021\/09\/WhatsApp-Image-2021-09-21-at-15.20.38-768x512.jpeg 768w, https:\/\/www.cambe.pr.gov.br\/wp-content\/uploads\/2021\/09\/WhatsApp-Image-2021-09-21-at-15.20.38.jpeg 1280w\" sizes=\"(max-width: 300px) 100vw, 300px\" \/><\/span><\/p>\n<p style=\"text-align: justify;\"><span style=\"font-family: arial, helvetica, sans-serif;\">A Prefeitura de Camb\u00e9, por meio da Secretaria de Obras, lan\u00e7ou nesta ter\u00e7a-feira, dia 21 de setembro, o curso de ensino b\u00e1sico na L\u00edngua Brasileira de Sinais (Libras) em comemora\u00e7\u00e3o ao Dia D, visando promover a inclus\u00e3o de pessoas com defici\u00eancia no mercado de trabalho. A data foi escolhida por ser o Dia Nacional da Luta das Pessoas com Defici\u00eancia, que foi oficializado em 2005. O curso \u00e9 gratuito e aberto para toda a popula\u00e7\u00e3o, mas, em especial, busca capacitar os servidores p\u00fablicos do munic\u00edpio para que atendam de forma humana e adequada \u00e0s pessoas com defici\u00eancia. As pr\u00e9-inscri\u00e7\u00f5es j\u00e1 est\u00e3o abertas e podem ser feitas diretamente na Ag\u00eancia do Trabalhador ou pelo telefone 3174-0443. As aulas est\u00e3o previstas para come\u00e7ar presencialmente na segunda quinzena de outubro e as turmas e hor\u00e1rios v\u00e3o depender da quantidade de alunos interessados.<\/span><\/p>\n<p style=\"text-align: justify;\"><span style=\"font-family: arial, helvetica, sans-serif;\">Jos\u00e9 Aparecido Rolim, secret\u00e1rio de Trabalho, explica que o Dia D \u00e9 uma data celebrada h\u00e1 alguns anos no Paran\u00e1, mas que em 2021 a ideia foi trazer algo novo para a cidade. \u201cPor isso que n\u00f3s aproveitamos para lan\u00e7ar esse curso de Libras justamente em um dia t\u00e3o importante para as pessoas com defici\u00eancia e para toda a sociedade\u201d, destaca. Al\u00e9m do lan\u00e7amento do curso, representantes de empresas do munic\u00edpio estavam no local com vagas exclusivas para pessoas com defici\u00eancia. As entrevistas estavam sendo feitas com tradu\u00e7\u00e3o simult\u00e2nea de um profissional. \u201cPara as pessoas que n\u00e3o compareceram, as vagas seguem abertas e \u00e9 s\u00f3 nos procurar para fazermos os devidos encaminhamentos\u201d, esclarece Rolim. O curso faz parte do Programa Capacita Camb\u00e9, que j\u00e1 promove outros cursos na cidade, como de panifica\u00e7\u00e3o e maquiagem.<\/span><\/p>\n<p style=\"text-align: justify;\"><span style=\"font-family: arial, helvetica, sans-serif;\">O prefeito Conrado Scheller destacou que a iniciativa mostra bem o que \u00e9 a filosofia da administra\u00e7\u00e3o municipal, cujo lema \u00e9 &#8220;Um governo para todos&#8221;. &#8220;Estamos em uma nova era de inclus\u00e3o e ela s\u00f3 \u00e9 boa quando acontece de verdade. N\u00f3s s\u00f3 podemos entregar um servi\u00e7o p\u00fablico de qualidade com a inclus\u00e3o de todos. O nosso governo n\u00e3o \u00e9 para a maioria e nem para a minoria, ele \u00e9 para todos\u201d, frisa Scheller. O prefeito ainda destacou a import\u00e2ncia da parceria entre a sociedade e o poder p\u00fablico. \u201cN\u00f3s, os vereadores, os representantes de bairros fomos eleitos para resolver os problemas, n\u00f3s n\u00e3o conseguimos mudar do dia para a noite, mas precisamos come\u00e7ar a agir\u201d, finaliza.<\/span><\/p>\n<p style=\"text-align: justify;\"><span style=\"font-family: arial, helvetica, sans-serif;\">Aminadabe Martins, presidente da Associa\u00e7\u00e3o dos Deficientes F\u00edsicos de Camb\u00e9, destaca que a organiza\u00e7\u00e3o, que tem parceria com todas as secretarias da Prefeitura de Camb\u00e9, est\u00e1 completando 40 anos este ano e atende mais de 10 mil pessoas na cidade. \u201cO curso \u00e9 uma refer\u00eancia para que as pessoas notem que h\u00e1 um segmento esquecido na cidade. Al\u00e9m do mais, o Dia D resgata a import\u00e2ncia de falarmos sobre a empregabilidade das pessoas com defici\u00eancia, que ainda s\u00e3o exclu\u00eddas pela sociedade\u201d, pontua. De acordo com ele, \u00e9 importante que esse curso seja apenas o &#8216;pontap\u00e9&#8217; inicial de a\u00e7\u00f5es como essa na cidade.<\/span><\/p>\n<p style=\"text-align: justify;\"><span style=\"font-family: arial, helvetica, sans-serif;\">Esmeralda da Silva \u00e9 m\u00e3e de Gislaine Pereira da Silva, deficiente auditiva desde o nascimento, e explica que a filha j\u00e1 trabalhou com carteira registrada, mas que est\u00e1 desempregada desde o ano passado. \u201cEu vejo muita dificuldade das empresas em contratarem pessoas com alguma defici\u00eancia. Esses dias ela fez uma entrevista, mas n\u00e3o tinha um int\u00e9rprete de Libras no local e n\u00e3o me deixaram entrar com ela, provavelmente ela perdeu a vaga por conta disso, j\u00e1 que tinha todos os requisitos para a vaga\u201d, lamenta a m\u00e3e. Segundo ela, a filha n\u00e3o \u00e9 aposentada e n\u00e3o recebe nenhum aux\u00edlio, as duas vivem apenas com o dinheiro que a m\u00e3e recebe de pens\u00e3o. \u201cN\u00f3s estamos aqui para tentar uma vaga de emprego para ela, as empresas precisam olhar para essas pessoas\u201d, finaliza Esmeralda da Silva.<\/span><\/p>\n<p style=\"text-align: justify;\"><span style=\"font-family: arial, helvetica, sans-serif;\">Claudinei de Jesus \u00e9 um dos professores que v\u00e3o ministrar as aulas de Libras e conta que aprendeu a linguagem por sentir amor pela l\u00edngua. \u201cEu comecei a praticar quando trabalhava em um local que empregava 13 pessoas surdas. A partir de ent\u00e3o, me especializei e comecei a dar aulas\u201d, explica.<\/span><\/p>\n<p style=\"text-align: justify;\"><span style=\"font-family: arial, helvetica, sans-serif;\">Ele conta que trazer esse curso para a cidade \u00e9 um desejo antigo. \u201cEsse \u00e9 um sentimento novo e esperamos que as pessoas possam aderir ao curso. N\u00f3s queremos pessoas capacitadas para que os deficientes auditivos possam ir aos postos de sa\u00fade, aos supermercados sozinhos e que tamb\u00e9m possam encontrar uma oportunidade de emprego\u201d, finaliza.<\/span><\/p>\n<p style=\"text-align: justify;\"><span style=\"font-family: arial, helvetica, sans-serif;\">&nbsp;<\/span><\/p>\n","protected":false},"excerpt":{"rendered":"<p>A Prefeitura de Camb\u00e9, por meio da Secretaria de Obras, lan\u00e7ou nesta ter\u00e7a-feira, dia 21 de setembro, o curso de ensino b\u00e1sico na L\u00edngua Brasileira de Sinais (Libras) em comemora\u00e7\u00e3o ao Dia D, visando promover a inclus\u00e3o de pessoas com defici\u00eancia no mercado de trabalho. A data foi escolhida por ser o Dia Nacional da [&hellip;]<\/p>\n","protected":false},"author":2,"featured_media":0,"comment_status":"closed","ping_status":"open","sticky":false,"template":"","format":"standard","meta":{"ngg_post_thumbnail":0,"footnotes":""},"categories":[1],"tags":[],"class_list":["post-3506","post","type-post","status-publish","format-standard","hentry","category-principal"],"yoast_head":"<!-- This site is optimized with the Yoast SEO plugin v27.4 - https:\/\/yoast.com\/product\/yoast-seo-wordpress\/ -->\n<title>Prefeitura celebra o Dia D com curso de Libras e emprego para pessoas com defici\u00eancia - Prefeitura de Camb\u00e9<\/title>\n<meta name=\"robots\" content=\"index, follow, max-snippet:-1, max-image-preview:large, max-video-preview:-1\" \/>\n<link rel=\"canonical\" href=\"https:\/\/www.cambe.pr.gov.br\/index.php\/prefeitura-celebra-o-dia-d-com-curso-de-libras-e-vagas-de-emprego-para-pessoas-com-deficiencia\/\" \/>\n<meta property=\"og:locale\" content=\"pt_BR\" \/>\n<meta property=\"og:type\" content=\"article\" \/>\n<meta property=\"og:title\" content=\"Prefeitura celebra o Dia D com curso de Libras e emprego para pessoas com defici\u00eancia - Prefeitura de Camb\u00e9\" \/>\n<meta property=\"og:description\" content=\"A Prefeitura de Camb\u00e9, por meio da Secretaria de Obras, lan\u00e7ou nesta ter\u00e7a-feira, dia 21 de setembro, o curso de ensino b\u00e1sico na L\u00edngua Brasileira de Sinais (Libras) em comemora\u00e7\u00e3o ao Dia D, visando promover a inclus\u00e3o de pessoas com defici\u00eancia no mercado de trabalho. A data foi escolhida por ser o Dia Nacional da [&hellip;]\" \/>\n<meta property=\"og:url\" content=\"https:\/\/www.cambe.pr.gov.br\/index.php\/prefeitura-celebra-o-dia-d-com-curso-de-libras-e-vagas-de-emprego-para-pessoas-com-deficiencia\/\" \/>\n<meta property=\"og:site_name\" content=\"Prefeitura de Camb\u00e9\" \/>\n<meta property=\"article:publisher\" content=\"https:\/\/m.facebook.com\/prefeituradecambe\" \/>\n<meta property=\"article:published_time\" content=\"2021-09-21T18:21:26+00:00\" \/>\n<meta property=\"article:modified_time\" content=\"2024-10-07T16:00:25+00:00\" \/>\n<meta property=\"og:image\" content=\"http:\/\/www.cambe.pr.gov.br\/wp-content\/uploads\/2021\/09\/WhatsApp-Image-2021-09-21-at-15.20.38-300x200.jpeg\" \/>\n<meta name=\"author\" content=\"Thiago Mossini Balbino dos Santos\" \/>\n<meta name=\"twitter:card\" content=\"summary_large_image\" \/>\n<meta name=\"twitter:label1\" content=\"Escrito por\" \/>\n\t<meta name=\"twitter:data1\" content=\"Thiago Mossini Balbino dos Santos\" \/>\n\t<meta name=\"twitter:label2\" content=\"Est. tempo de leitura\" \/>\n\t<meta name=\"twitter:data2\" content=\"4 minutos\" \/>\n<script type=\"application\/ld+json\" class=\"yoast-schema-graph\">{\"@context\":\"https:\\\/\\\/schema.org\",\"@graph\":[{\"@type\":\"Article\",\"@id\":\"https:\\\/\\\/www.cambe.pr.gov.br\\\/index.php\\\/prefeitura-celebra-o-dia-d-com-curso-de-libras-e-vagas-de-emprego-para-pessoas-com-deficiencia\\\/#article\",\"isPartOf\":{\"@id\":\"https:\\\/\\\/www.cambe.pr.gov.br\\\/index.php\\\/prefeitura-celebra-o-dia-d-com-curso-de-libras-e-vagas-de-emprego-para-pessoas-com-deficiencia\\\/\"},\"author\":{\"name\":\"Thiago Mossini Balbino dos Santos\",\"@id\":\"https:\\\/\\\/www.cambe.pr.gov.br\\\/#\\\/schema\\\/person\\\/e08f7c43a641b2ec036e4e867ec483e4\"},\"headline\":\"Prefeitura celebra o Dia D com curso de Libras e emprego para pessoas com defici\u00eancia\",\"datePublished\":\"2021-09-21T18:21:26+00:00\",\"dateModified\":\"2024-10-07T16:00:25+00:00\",\"mainEntityOfPage\":{\"@id\":\"https:\\\/\\\/www.cambe.pr.gov.br\\\/index.php\\\/prefeitura-celebra-o-dia-d-com-curso-de-libras-e-vagas-de-emprego-para-pessoas-com-deficiencia\\\/\"},\"wordCount\":803,\"publisher\":{\"@id\":\"https:\\\/\\\/www.cambe.pr.gov.br\\\/#organization\"},\"image\":{\"@id\":\"https:\\\/\\\/www.cambe.pr.gov.br\\\/index.php\\\/prefeitura-celebra-o-dia-d-com-curso-de-libras-e-vagas-de-emprego-para-pessoas-com-deficiencia\\\/#primaryimage\"},\"thumbnailUrl\":\"http:\\\/\\\/www.cambe.pr.gov.br\\\/wp-content\\\/uploads\\\/2021\\\/09\\\/WhatsApp-Image-2021-09-21-at-15.20.38-300x200.jpeg\",\"articleSection\":[\"Principal\"],\"inLanguage\":\"pt-BR\"},{\"@type\":\"WebPage\",\"@id\":\"https:\\\/\\\/www.cambe.pr.gov.br\\\/index.php\\\/prefeitura-celebra-o-dia-d-com-curso-de-libras-e-vagas-de-emprego-para-pessoas-com-deficiencia\\\/\",\"url\":\"https:\\\/\\\/www.cambe.pr.gov.br\\\/index.php\\\/prefeitura-celebra-o-dia-d-com-curso-de-libras-e-vagas-de-emprego-para-pessoas-com-deficiencia\\\/\",\"name\":\"Prefeitura celebra o Dia D com curso de Libras e emprego para pessoas com defici\u00eancia - Prefeitura de Camb\u00e9\",\"isPartOf\":{\"@id\":\"https:\\\/\\\/www.cambe.pr.gov.br\\\/#website\"},\"primaryImageOfPage\":{\"@id\":\"https:\\\/\\\/www.cambe.pr.gov.br\\\/index.php\\\/prefeitura-celebra-o-dia-d-com-curso-de-libras-e-vagas-de-emprego-para-pessoas-com-deficiencia\\\/#primaryimage\"},\"image\":{\"@id\":\"https:\\\/\\\/www.cambe.pr.gov.br\\\/index.php\\\/prefeitura-celebra-o-dia-d-com-curso-de-libras-e-vagas-de-emprego-para-pessoas-com-deficiencia\\\/#primaryimage\"},\"thumbnailUrl\":\"http:\\\/\\\/www.cambe.pr.gov.br\\\/wp-content\\\/uploads\\\/2021\\\/09\\\/WhatsApp-Image-2021-09-21-at-15.20.38-300x200.jpeg\",\"datePublished\":\"2021-09-21T18:21:26+00:00\",\"dateModified\":\"2024-10-07T16:00:25+00:00\",\"breadcrumb\":{\"@id\":\"https:\\\/\\\/www.cambe.pr.gov.br\\\/index.php\\\/prefeitura-celebra-o-dia-d-com-curso-de-libras-e-vagas-de-emprego-para-pessoas-com-deficiencia\\\/#breadcrumb\"},\"inLanguage\":\"pt-BR\",\"potentialAction\":[{\"@type\":\"ReadAction\",\"target\":[\"https:\\\/\\\/www.cambe.pr.gov.br\\\/index.php\\\/prefeitura-celebra-o-dia-d-com-curso-de-libras-e-vagas-de-emprego-para-pessoas-com-deficiencia\\\/\"]}]},{\"@type\":\"ImageObject\",\"inLanguage\":\"pt-BR\",\"@id\":\"https:\\\/\\\/www.cambe.pr.gov.br\\\/index.php\\\/prefeitura-celebra-o-dia-d-com-curso-de-libras-e-vagas-de-emprego-para-pessoas-com-deficiencia\\\/#primaryimage\",\"url\":\"http:\\\/\\\/www.cambe.pr.gov.br\\\/wp-content\\\/uploads\\\/2021\\\/09\\\/WhatsApp-Image-2021-09-21-at-15.20.38-300x200.jpeg\",\"contentUrl\":\"http:\\\/\\\/www.cambe.pr.gov.br\\\/wp-content\\\/uploads\\\/2021\\\/09\\\/WhatsApp-Image-2021-09-21-at-15.20.38-300x200.jpeg\"},{\"@type\":\"BreadcrumbList\",\"@id\":\"https:\\\/\\\/www.cambe.pr.gov.br\\\/index.php\\\/prefeitura-celebra-o-dia-d-com-curso-de-libras-e-vagas-de-emprego-para-pessoas-com-deficiencia\\\/#breadcrumb\",\"itemListElement\":[{\"@type\":\"ListItem\",\"position\":1,\"name\":\"In\u00edcio\",\"item\":\"https:\\\/\\\/www.cambe.pr.gov.br\\\/\"},{\"@type\":\"ListItem\",\"position\":2,\"name\":\"Prefeitura celebra o Dia D com curso de Libras e emprego para pessoas com defici\u00eancia\"}]},{\"@type\":\"WebSite\",\"@id\":\"https:\\\/\\\/www.cambe.pr.gov.br\\\/#website\",\"url\":\"https:\\\/\\\/www.cambe.pr.gov.br\\\/\",\"name\":\"Prefeitura de Camb\u00e9\",\"description\":\"UM GOVERNO PARA TODOS\",\"publisher\":{\"@id\":\"https:\\\/\\\/www.cambe.pr.gov.br\\\/#organization\"},\"potentialAction\":[{\"@type\":\"SearchAction\",\"target\":{\"@type\":\"EntryPoint\",\"urlTemplate\":\"https:\\\/\\\/www.cambe.pr.gov.br\\\/?s={search_term_string}\"},\"query-input\":{\"@type\":\"PropertyValueSpecification\",\"valueRequired\":true,\"valueName\":\"search_term_string\"}}],\"inLanguage\":\"pt-BR\"},{\"@type\":\"Organization\",\"@id\":\"https:\\\/\\\/www.cambe.pr.gov.br\\\/#organization\",\"name\":\"Prefeitura de Camb\u00e9\",\"url\":\"https:\\\/\\\/www.cambe.pr.gov.br\\\/\",\"logo\":{\"@type\":\"ImageObject\",\"inLanguage\":\"pt-BR\",\"@id\":\"https:\\\/\\\/www.cambe.pr.gov.br\\\/#\\\/schema\\\/logo\\\/image\\\/\",\"url\":\"https:\\\/\\\/www.cambe.pr.gov.br\\\/wp-content\\\/uploads\\\/2021\\\/01\\\/cropped-cropped-cambe_brazao-icone.png\",\"contentUrl\":\"https:\\\/\\\/www.cambe.pr.gov.br\\\/wp-content\\\/uploads\\\/2021\\\/01\\\/cropped-cropped-cambe_brazao-icone.png\",\"width\":240,\"height\":240,\"caption\":\"Prefeitura de Camb\u00e9\"},\"image\":{\"@id\":\"https:\\\/\\\/www.cambe.pr.gov.br\\\/#\\\/schema\\\/logo\\\/image\\\/\"},\"sameAs\":[\"https:\\\/\\\/m.facebook.com\\\/prefeituradecambe\"]},{\"@type\":\"Person\",\"@id\":\"https:\\\/\\\/www.cambe.pr.gov.br\\\/#\\\/schema\\\/person\\\/e08f7c43a641b2ec036e4e867ec483e4\",\"name\":\"Thiago Mossini Balbino dos Santos\",\"image\":{\"@type\":\"ImageObject\",\"inLanguage\":\"pt-BR\",\"@id\":\"https:\\\/\\\/secure.gravatar.com\\\/avatar\\\/d957ed4e1bc3ebf5769d1003f9709cd2012ebf424eb4a5d76a933fee30e874b6?s=96&d=mm&r=g\",\"url\":\"https:\\\/\\\/secure.gravatar.com\\\/avatar\\\/d957ed4e1bc3ebf5769d1003f9709cd2012ebf424eb4a5d76a933fee30e874b6?s=96&d=mm&r=g\",\"contentUrl\":\"https:\\\/\\\/secure.gravatar.com\\\/avatar\\\/d957ed4e1bc3ebf5769d1003f9709cd2012ebf424eb4a5d76a933fee30e874b6?s=96&d=mm&r=g\",\"caption\":\"Thiago Mossini Balbino dos Santos\"},\"url\":\"https:\\\/\\\/www.cambe.pr.gov.br\\\/index.php\\\/author\\\/tmbsantos\\\/\"}]}<\/script>\n<!-- \/ Yoast SEO plugin. -->","yoast_head_json":{"title":"Prefeitura celebra o Dia D com curso de Libras e emprego para pessoas com defici\u00eancia - Prefeitura de Camb\u00e9","robots":{"index":"index","follow":"follow","max-snippet":"max-snippet:-1","max-image-preview":"max-image-preview:large","max-video-preview":"max-video-preview:-1"},"canonical":"https:\/\/www.cambe.pr.gov.br\/index.php\/prefeitura-celebra-o-dia-d-com-curso-de-libras-e-vagas-de-emprego-para-pessoas-com-deficiencia\/","og_locale":"pt_BR","og_type":"article","og_title":"Prefeitura celebra o Dia D com curso de Libras e emprego para pessoas com defici\u00eancia - Prefeitura de Camb\u00e9","og_description":"A Prefeitura de Camb\u00e9, por meio da Secretaria de Obras, lan\u00e7ou nesta ter\u00e7a-feira, dia 21 de setembro, o curso de ensino b\u00e1sico na L\u00edngua Brasileira de Sinais (Libras) em comemora\u00e7\u00e3o ao Dia D, visando promover a inclus\u00e3o de pessoas com defici\u00eancia no mercado de trabalho. A data foi escolhida por ser o Dia Nacional da [&hellip;]","og_url":"https:\/\/www.cambe.pr.gov.br\/index.php\/prefeitura-celebra-o-dia-d-com-curso-de-libras-e-vagas-de-emprego-para-pessoas-com-deficiencia\/","og_site_name":"Prefeitura de Camb\u00e9","article_publisher":"https:\/\/m.facebook.com\/prefeituradecambe","article_published_time":"2021-09-21T18:21:26+00:00","article_modified_time":"2024-10-07T16:00:25+00:00","og_image":[{"url":"http:\/\/www.cambe.pr.gov.br\/wp-content\/uploads\/2021\/09\/WhatsApp-Image-2021-09-21-at-15.20.38-300x200.jpeg","type":"","width":"","height":""}],"author":"Thiago Mossini Balbino dos Santos","twitter_card":"summary_large_image","twitter_misc":{"Escrito por":"Thiago Mossini Balbino dos Santos","Est. tempo de leitura":"4 minutos"},"schema":{"@context":"https:\/\/schema.org","@graph":[{"@type":"Article","@id":"https:\/\/www.cambe.pr.gov.br\/index.php\/prefeitura-celebra-o-dia-d-com-curso-de-libras-e-vagas-de-emprego-para-pessoas-com-deficiencia\/#article","isPartOf":{"@id":"https:\/\/www.cambe.pr.gov.br\/index.php\/prefeitura-celebra-o-dia-d-com-curso-de-libras-e-vagas-de-emprego-para-pessoas-com-deficiencia\/"},"author":{"name":"Thiago Mossini Balbino dos Santos","@id":"https:\/\/www.cambe.pr.gov.br\/#\/schema\/person\/e08f7c43a641b2ec036e4e867ec483e4"},"headline":"Prefeitura celebra o Dia D com curso de Libras e emprego para pessoas com defici\u00eancia","datePublished":"2021-09-21T18:21:26+00:00","dateModified":"2024-10-07T16:00:25+00:00","mainEntityOfPage":{"@id":"https:\/\/www.cambe.pr.gov.br\/index.php\/prefeitura-celebra-o-dia-d-com-curso-de-libras-e-vagas-de-emprego-para-pessoas-com-deficiencia\/"},"wordCount":803,"publisher":{"@id":"https:\/\/www.cambe.pr.gov.br\/#organization"},"image":{"@id":"https:\/\/www.cambe.pr.gov.br\/index.php\/prefeitura-celebra-o-dia-d-com-curso-de-libras-e-vagas-de-emprego-para-pessoas-com-deficiencia\/#primaryimage"},"thumbnailUrl":"http:\/\/www.cambe.pr.gov.br\/wp-content\/uploads\/2021\/09\/WhatsApp-Image-2021-09-21-at-15.20.38-300x200.jpeg","articleSection":["Principal"],"inLanguage":"pt-BR"},{"@type":"WebPage","@id":"https:\/\/www.cambe.pr.gov.br\/index.php\/prefeitura-celebra-o-dia-d-com-curso-de-libras-e-vagas-de-emprego-para-pessoas-com-deficiencia\/","url":"https:\/\/www.cambe.pr.gov.br\/index.php\/prefeitura-celebra-o-dia-d-com-curso-de-libras-e-vagas-de-emprego-para-pessoas-com-deficiencia\/","name":"Prefeitura celebra o Dia D com curso de Libras e emprego para pessoas com defici\u00eancia - Prefeitura de Camb\u00e9","isPartOf":{"@id":"https:\/\/www.cambe.pr.gov.br\/#website"},"primaryImageOfPage":{"@id":"https:\/\/www.cambe.pr.gov.br\/index.php\/prefeitura-celebra-o-dia-d-com-curso-de-libras-e-vagas-de-emprego-para-pessoas-com-deficiencia\/#primaryimage"},"image":{"@id":"https:\/\/www.cambe.pr.gov.br\/index.php\/prefeitura-celebra-o-dia-d-com-curso-de-libras-e-vagas-de-emprego-para-pessoas-com-deficiencia\/#primaryimage"},"thumbnailUrl":"http:\/\/www.cambe.pr.gov.br\/wp-content\/uploads\/2021\/09\/WhatsApp-Image-2021-09-21-at-15.20.38-300x200.jpeg","datePublished":"2021-09-21T18:21:26+00:00","dateModified":"2024-10-07T16:00:25+00:00","breadcrumb":{"@id":"https:\/\/www.cambe.pr.gov.br\/index.php\/prefeitura-celebra-o-dia-d-com-curso-de-libras-e-vagas-de-emprego-para-pessoas-com-deficiencia\/#breadcrumb"},"inLanguage":"pt-BR","potentialAction":[{"@type":"ReadAction","target":["https:\/\/www.cambe.pr.gov.br\/index.php\/prefeitura-celebra-o-dia-d-com-curso-de-libras-e-vagas-de-emprego-para-pessoas-com-deficiencia\/"]}]},{"@type":"ImageObject","inLanguage":"pt-BR","@id":"https:\/\/www.cambe.pr.gov.br\/index.php\/prefeitura-celebra-o-dia-d-com-curso-de-libras-e-vagas-de-emprego-para-pessoas-com-deficiencia\/#primaryimage","url":"http:\/\/www.cambe.pr.gov.br\/wp-content\/uploads\/2021\/09\/WhatsApp-Image-2021-09-21-at-15.20.38-300x200.jpeg","contentUrl":"http:\/\/www.cambe.pr.gov.br\/wp-content\/uploads\/2021\/09\/WhatsApp-Image-2021-09-21-at-15.20.38-300x200.jpeg"},{"@type":"BreadcrumbList","@id":"https:\/\/www.cambe.pr.gov.br\/index.php\/prefeitura-celebra-o-dia-d-com-curso-de-libras-e-vagas-de-emprego-para-pessoas-com-deficiencia\/#breadcrumb","itemListElement":[{"@type":"ListItem","position":1,"name":"In\u00edcio","item":"https:\/\/www.cambe.pr.gov.br\/"},{"@type":"ListItem","position":2,"name":"Prefeitura celebra o Dia D com curso de Libras e emprego para pessoas com defici\u00eancia"}]},{"@type":"WebSite","@id":"https:\/\/www.cambe.pr.gov.br\/#website","url":"https:\/\/www.cambe.pr.gov.br\/","name":"Prefeitura de Camb\u00e9","description":"UM GOVERNO PARA TODOS","publisher":{"@id":"https:\/\/www.cambe.pr.gov.br\/#organization"},"potentialAction":[{"@type":"SearchAction","target":{"@type":"EntryPoint","urlTemplate":"https:\/\/www.cambe.pr.gov.br\/?s={search_term_string}"},"query-input":{"@type":"PropertyValueSpecification","valueRequired":true,"valueName":"search_term_string"}}],"inLanguage":"pt-BR"},{"@type":"Organization","@id":"https:\/\/www.cambe.pr.gov.br\/#organization","name":"Prefeitura de Camb\u00e9","url":"https:\/\/www.cambe.pr.gov.br\/","logo":{"@type":"ImageObject","inLanguage":"pt-BR","@id":"https:\/\/www.cambe.pr.gov.br\/#\/schema\/logo\/image\/","url":"https:\/\/www.cambe.pr.gov.br\/wp-content\/uploads\/2021\/01\/cropped-cropped-cambe_brazao-icone.png","contentUrl":"https:\/\/www.cambe.pr.gov.br\/wp-content\/uploads\/2021\/01\/cropped-cropped-cambe_brazao-icone.png","width":240,"height":240,"caption":"Prefeitura de Camb\u00e9"},"image":{"@id":"https:\/\/www.cambe.pr.gov.br\/#\/schema\/logo\/image\/"},"sameAs":["https:\/\/m.facebook.com\/prefeituradecambe"]},{"@type":"Person","@id":"https:\/\/www.cambe.pr.gov.br\/#\/schema\/person\/e08f7c43a641b2ec036e4e867ec483e4","name":"Thiago Mossini Balbino dos Santos","image":{"@type":"ImageObject","inLanguage":"pt-BR","@id":"https:\/\/secure.gravatar.com\/avatar\/d957ed4e1bc3ebf5769d1003f9709cd2012ebf424eb4a5d76a933fee30e874b6?s=96&d=mm&r=g","url":"https:\/\/secure.gravatar.com\/avatar\/d957ed4e1bc3ebf5769d1003f9709cd2012ebf424eb4a5d76a933fee30e874b6?s=96&d=mm&r=g","contentUrl":"https:\/\/secure.gravatar.com\/avatar\/d957ed4e1bc3ebf5769d1003f9709cd2012ebf424eb4a5d76a933fee30e874b6?s=96&d=mm&r=g","caption":"Thiago Mossini Balbino dos Santos"},"url":"https:\/\/www.cambe.pr.gov.br\/index.php\/author\/tmbsantos\/"}]}},"_links":{"self":[{"href":"https:\/\/www.cambe.pr.gov.br\/index.php\/wp-json\/wp\/v2\/posts\/3506","targetHints":{"allow":["GET"]}}],"collection":[{"href":"https:\/\/www.cambe.pr.gov.br\/index.php\/wp-json\/wp\/v2\/posts"}],"about":[{"href":"https:\/\/www.cambe.pr.gov.br\/index.php\/wp-json\/wp\/v2\/types\/post"}],"author":[{"embeddable":true,"href":"https:\/\/www.cambe.pr.gov.br\/index.php\/wp-json\/wp\/v2\/users\/2"}],"replies":[{"embeddable":true,"href":"https:\/\/www.cambe.pr.gov.br\/index.php\/wp-json\/wp\/v2\/comments?post=3506"}],"version-history":[{"count":5,"href":"https:\/\/www.cambe.pr.gov.br\/index.php\/wp-json\/wp\/v2\/posts\/3506\/revisions"}],"predecessor-version":[{"id":3571,"href":"https:\/\/www.cambe.pr.gov.br\/index.php\/wp-json\/wp\/v2\/posts\/3506\/revisions\/3571"}],"wp:attachment":[{"href":"https:\/\/www.cambe.pr.gov.br\/index.php\/wp-json\/wp\/v2\/media?parent=3506"}],"wp:term":[{"taxonomy":"category","embeddable":true,"href":"https:\/\/www.cambe.pr.gov.br\/index.php\/wp-json\/wp\/v2\/categories?post=3506"},{"taxonomy":"post_tag","embeddable":true,"href":"https:\/\/www.cambe.pr.gov.br\/index.php\/wp-json\/wp\/v2\/tags?post=3506"}],"curies":[{"name":"wp","href":"https:\/\/api.w.org\/{rel}","templated":true}]}}