{"id":3503,"date":"2021-09-21T09:01:58","date_gmt":"2021-09-21T12:01:58","guid":{"rendered":"http:\/\/www.cambe.pr.gov.br\/?p=3503"},"modified":"2024-10-07T13:00:25","modified_gmt":"2024-10-07T16:00:25","slug":"policia-militar-impede-evento-sem-autorizacao-no-zezao-no-domingo","status":"publish","type":"post","link":"https:\/\/www.cambe.pr.gov.br\/index.php\/policia-militar-impede-evento-sem-autorizacao-no-zezao-no-domingo\/","title":{"rendered":"Pol\u00edcia Militar impede evento sem autoriza\u00e7\u00e3o no Zez\u00e3o no domingo"},"content":{"rendered":"<p style=\"text-align: justify;\"><span style=\"font-family: arial, helvetica, sans-serif;\"><img fetchpriority=\"high\" decoding=\"async\" class=\"alignleft wp-image-3504 size-medium\" src=\"https:\/\/www.cambe.pr.gov.br\/wp-content\/uploads\/2021\/09\/pm-zezao-300x200.png\" alt=\"\" width=\"300\" height=\"200\" srcset=\"https:\/\/www.cambe.pr.gov.br\/wp-content\/uploads\/2021\/09\/pm-zezao-300x200.png 300w, https:\/\/www.cambe.pr.gov.br\/wp-content\/uploads\/2021\/09\/pm-zezao-768x513.png 768w, https:\/\/www.cambe.pr.gov.br\/wp-content\/uploads\/2021\/09\/pm-zezao.png 833w\" sizes=\"(max-width: 300px) 100vw, 300px\" \/>A 4\u00aa CIA da Pol\u00edcia Militar de Camb\u00e9, atrav\u00e9s da ROTAN, refor\u00e7ou o Policiamento nas imedia\u00e7\u00f5es do Parque Zez\u00e3o em Camb\u00e9 na tarde do \u00faltimo domingo (19\/09). No local aconteceria um encontro clandestino de ve\u00edculos rebaixados, sem autoriza\u00e7\u00e3o para realiza\u00e7\u00e3o. A Ouvidoria Municipal recebeu a den\u00fancia de que um encontro ou exposi\u00e7\u00e3o de carros no Zez\u00e3o estaria sendo organizado atrav\u00e9s de redes sociais. A den\u00fancia foi encaminhada para a Pol\u00edcia Militar para a devidas provid\u00eancias.<\/span><\/p>\n<p style=\"text-align: justify;\"><span style=\"font-family: arial, helvetica, sans-serif;\">O Decreto Estadual 8702\/2021, em vigor, pro\u00edbe este tipo de encontro por se tratar de evento que n\u00e3o consegue garantir o controle de p\u00fablico no local ou que possa atrair presen\u00e7a de p\u00fablico superior \u00e0quele determinado no decreto. Al\u00e9m disso, o parque Zez\u00e3o \u00e9 um local de lazer para a fam\u00edlia e este tipo de evento pela grande quantidade de circula\u00e7\u00e3o de ve\u00edculos na via poderia trazer riscos \u00e0s pessoas que frequentam o local.<\/span><\/p>\n<p style=\"text-align: justify;\"><span style=\"font-family: arial, helvetica, sans-serif;\">Durante a a\u00e7\u00e3o foram aplicadas multas e alguns ve\u00edculos foram apreendidos por altera\u00e7\u00e3o de caracter\u00edsticas originais. Vale lembrar que todo evento em espa\u00e7os p\u00fablicos precede de autoriza\u00e7\u00e3o da Prefeitura.<\/span><\/p>\n","protected":false},"excerpt":{"rendered":"<p>A 4\u00aa CIA da Pol\u00edcia Militar de Camb\u00e9, atrav\u00e9s da ROTAN, refor\u00e7ou o Policiamento nas imedia\u00e7\u00f5es do Parque Zez\u00e3o em Camb\u00e9 na tarde do \u00faltimo domingo (19\/09). No local aconteceria um encontro clandestino de ve\u00edculos rebaixados, sem autoriza\u00e7\u00e3o para realiza\u00e7\u00e3o. A Ouvidoria Municipal recebeu a den\u00fancia de que um encontro ou exposi\u00e7\u00e3o de carros no [&hellip;]<\/p>\n","protected":false},"author":2,"featured_media":0,"comment_status":"closed","ping_status":"open","sticky":false,"template":"","format":"standard","meta":{"ngg_post_thumbnail":0,"footnotes":""},"categories":[1],"tags":[],"class_list":["post-3503","post","type-post","status-publish","format-standard","hentry","category-principal"],"yoast_head":"<!-- This site is optimized with the Yoast SEO plugin v27.4 - https:\/\/yoast.com\/product\/yoast-seo-wordpress\/ -->\n<title>Pol\u00edcia Militar impede evento sem autoriza\u00e7\u00e3o no Zez\u00e3o no domingo - Prefeitura de Camb\u00e9<\/title>\n<meta name=\"robots\" content=\"index, follow, max-snippet:-1, max-image-preview:large, max-video-preview:-1\" \/>\n<link rel=\"canonical\" href=\"https:\/\/www.cambe.pr.gov.br\/index.php\/policia-militar-impede-evento-sem-autorizacao-no-zezao-no-domingo\/\" \/>\n<meta property=\"og:locale\" content=\"pt_BR\" \/>\n<meta property=\"og:type\" content=\"article\" \/>\n<meta property=\"og:title\" content=\"Pol\u00edcia Militar impede evento sem autoriza\u00e7\u00e3o no Zez\u00e3o no domingo - Prefeitura de Camb\u00e9\" \/>\n<meta property=\"og:description\" content=\"A 4\u00aa CIA da Pol\u00edcia Militar de Camb\u00e9, atrav\u00e9s da ROTAN, refor\u00e7ou o Policiamento nas imedia\u00e7\u00f5es do Parque Zez\u00e3o em Camb\u00e9 na tarde do \u00faltimo domingo (19\/09). No local aconteceria um encontro clandestino de ve\u00edculos rebaixados, sem autoriza\u00e7\u00e3o para realiza\u00e7\u00e3o. A Ouvidoria Municipal recebeu a den\u00fancia de que um encontro ou exposi\u00e7\u00e3o de carros no [&hellip;]\" \/>\n<meta property=\"og:url\" content=\"https:\/\/www.cambe.pr.gov.br\/index.php\/policia-militar-impede-evento-sem-autorizacao-no-zezao-no-domingo\/\" \/>\n<meta property=\"og:site_name\" content=\"Prefeitura de Camb\u00e9\" \/>\n<meta property=\"article:publisher\" content=\"https:\/\/m.facebook.com\/prefeituradecambe\" \/>\n<meta property=\"article:published_time\" content=\"2021-09-21T12:01:58+00:00\" \/>\n<meta property=\"article:modified_time\" content=\"2024-10-07T16:00:25+00:00\" \/>\n<meta property=\"og:image\" content=\"http:\/\/www.cambe.pr.gov.br\/wp-content\/uploads\/2021\/09\/pm-zezao-300x200.png\" \/>\n<meta name=\"author\" content=\"Thiago Mossini Balbino dos Santos\" \/>\n<meta name=\"twitter:card\" content=\"summary_large_image\" \/>\n<meta name=\"twitter:label1\" content=\"Escrito por\" \/>\n\t<meta name=\"twitter:data1\" content=\"Thiago Mossini Balbino dos Santos\" \/>\n\t<meta name=\"twitter:label2\" content=\"Est. tempo de leitura\" \/>\n\t<meta name=\"twitter:data2\" content=\"1 minuto\" \/>\n<script type=\"application\/ld+json\" class=\"yoast-schema-graph\">{\"@context\":\"https:\\\/\\\/schema.org\",\"@graph\":[{\"@type\":\"Article\",\"@id\":\"https:\\\/\\\/www.cambe.pr.gov.br\\\/index.php\\\/policia-militar-impede-evento-sem-autorizacao-no-zezao-no-domingo\\\/#article\",\"isPartOf\":{\"@id\":\"https:\\\/\\\/www.cambe.pr.gov.br\\\/index.php\\\/policia-militar-impede-evento-sem-autorizacao-no-zezao-no-domingo\\\/\"},\"author\":{\"name\":\"Thiago Mossini Balbino dos Santos\",\"@id\":\"https:\\\/\\\/www.cambe.pr.gov.br\\\/#\\\/schema\\\/person\\\/e08f7c43a641b2ec036e4e867ec483e4\"},\"headline\":\"Pol\u00edcia Militar impede evento sem autoriza\u00e7\u00e3o no Zez\u00e3o no domingo\",\"datePublished\":\"2021-09-21T12:01:58+00:00\",\"dateModified\":\"2024-10-07T16:00:25+00:00\",\"mainEntityOfPage\":{\"@id\":\"https:\\\/\\\/www.cambe.pr.gov.br\\\/index.php\\\/policia-militar-impede-evento-sem-autorizacao-no-zezao-no-domingo\\\/\"},\"wordCount\":219,\"publisher\":{\"@id\":\"https:\\\/\\\/www.cambe.pr.gov.br\\\/#organization\"},\"image\":{\"@id\":\"https:\\\/\\\/www.cambe.pr.gov.br\\\/index.php\\\/policia-militar-impede-evento-sem-autorizacao-no-zezao-no-domingo\\\/#primaryimage\"},\"thumbnailUrl\":\"http:\\\/\\\/www.cambe.pr.gov.br\\\/wp-content\\\/uploads\\\/2021\\\/09\\\/pm-zezao-300x200.png\",\"articleSection\":[\"Principal\"],\"inLanguage\":\"pt-BR\"},{\"@type\":\"WebPage\",\"@id\":\"https:\\\/\\\/www.cambe.pr.gov.br\\\/index.php\\\/policia-militar-impede-evento-sem-autorizacao-no-zezao-no-domingo\\\/\",\"url\":\"https:\\\/\\\/www.cambe.pr.gov.br\\\/index.php\\\/policia-militar-impede-evento-sem-autorizacao-no-zezao-no-domingo\\\/\",\"name\":\"Pol\u00edcia Militar impede evento sem autoriza\u00e7\u00e3o no Zez\u00e3o no domingo - Prefeitura de Camb\u00e9\",\"isPartOf\":{\"@id\":\"https:\\\/\\\/www.cambe.pr.gov.br\\\/#website\"},\"primaryImageOfPage\":{\"@id\":\"https:\\\/\\\/www.cambe.pr.gov.br\\\/index.php\\\/policia-militar-impede-evento-sem-autorizacao-no-zezao-no-domingo\\\/#primaryimage\"},\"image\":{\"@id\":\"https:\\\/\\\/www.cambe.pr.gov.br\\\/index.php\\\/policia-militar-impede-evento-sem-autorizacao-no-zezao-no-domingo\\\/#primaryimage\"},\"thumbnailUrl\":\"http:\\\/\\\/www.cambe.pr.gov.br\\\/wp-content\\\/uploads\\\/2021\\\/09\\\/pm-zezao-300x200.png\",\"datePublished\":\"2021-09-21T12:01:58+00:00\",\"dateModified\":\"2024-10-07T16:00:25+00:00\",\"breadcrumb\":{\"@id\":\"https:\\\/\\\/www.cambe.pr.gov.br\\\/index.php\\\/policia-militar-impede-evento-sem-autorizacao-no-zezao-no-domingo\\\/#breadcrumb\"},\"inLanguage\":\"pt-BR\",\"potentialAction\":[{\"@type\":\"ReadAction\",\"target\":[\"https:\\\/\\\/www.cambe.pr.gov.br\\\/index.php\\\/policia-militar-impede-evento-sem-autorizacao-no-zezao-no-domingo\\\/\"]}]},{\"@type\":\"ImageObject\",\"inLanguage\":\"pt-BR\",\"@id\":\"https:\\\/\\\/www.cambe.pr.gov.br\\\/index.php\\\/policia-militar-impede-evento-sem-autorizacao-no-zezao-no-domingo\\\/#primaryimage\",\"url\":\"http:\\\/\\\/www.cambe.pr.gov.br\\\/wp-content\\\/uploads\\\/2021\\\/09\\\/pm-zezao-300x200.png\",\"contentUrl\":\"http:\\\/\\\/www.cambe.pr.gov.br\\\/wp-content\\\/uploads\\\/2021\\\/09\\\/pm-zezao-300x200.png\"},{\"@type\":\"BreadcrumbList\",\"@id\":\"https:\\\/\\\/www.cambe.pr.gov.br\\\/index.php\\\/policia-militar-impede-evento-sem-autorizacao-no-zezao-no-domingo\\\/#breadcrumb\",\"itemListElement\":[{\"@type\":\"ListItem\",\"position\":1,\"name\":\"In\u00edcio\",\"item\":\"https:\\\/\\\/www.cambe.pr.gov.br\\\/\"},{\"@type\":\"ListItem\",\"position\":2,\"name\":\"Pol\u00edcia Militar impede evento sem autoriza\u00e7\u00e3o no Zez\u00e3o no domingo\"}]},{\"@type\":\"WebSite\",\"@id\":\"https:\\\/\\\/www.cambe.pr.gov.br\\\/#website\",\"url\":\"https:\\\/\\\/www.cambe.pr.gov.br\\\/\",\"name\":\"Prefeitura de Camb\u00e9\",\"description\":\"UM GOVERNO PARA TODOS\",\"publisher\":{\"@id\":\"https:\\\/\\\/www.cambe.pr.gov.br\\\/#organization\"},\"potentialAction\":[{\"@type\":\"SearchAction\",\"target\":{\"@type\":\"EntryPoint\",\"urlTemplate\":\"https:\\\/\\\/www.cambe.pr.gov.br\\\/?s={search_term_string}\"},\"query-input\":{\"@type\":\"PropertyValueSpecification\",\"valueRequired\":true,\"valueName\":\"search_term_string\"}}],\"inLanguage\":\"pt-BR\"},{\"@type\":\"Organization\",\"@id\":\"https:\\\/\\\/www.cambe.pr.gov.br\\\/#organization\",\"name\":\"Prefeitura de Camb\u00e9\",\"url\":\"https:\\\/\\\/www.cambe.pr.gov.br\\\/\",\"logo\":{\"@type\":\"ImageObject\",\"inLanguage\":\"pt-BR\",\"@id\":\"https:\\\/\\\/www.cambe.pr.gov.br\\\/#\\\/schema\\\/logo\\\/image\\\/\",\"url\":\"https:\\\/\\\/www.cambe.pr.gov.br\\\/wp-content\\\/uploads\\\/2021\\\/01\\\/cropped-cropped-cambe_brazao-icone.png\",\"contentUrl\":\"https:\\\/\\\/www.cambe.pr.gov.br\\\/wp-content\\\/uploads\\\/2021\\\/01\\\/cropped-cropped-cambe_brazao-icone.png\",\"width\":240,\"height\":240,\"caption\":\"Prefeitura de Camb\u00e9\"},\"image\":{\"@id\":\"https:\\\/\\\/www.cambe.pr.gov.br\\\/#\\\/schema\\\/logo\\\/image\\\/\"},\"sameAs\":[\"https:\\\/\\\/m.facebook.com\\\/prefeituradecambe\"]},{\"@type\":\"Person\",\"@id\":\"https:\\\/\\\/www.cambe.pr.gov.br\\\/#\\\/schema\\\/person\\\/e08f7c43a641b2ec036e4e867ec483e4\",\"name\":\"Thiago Mossini Balbino dos Santos\",\"image\":{\"@type\":\"ImageObject\",\"inLanguage\":\"pt-BR\",\"@id\":\"https:\\\/\\\/secure.gravatar.com\\\/avatar\\\/d957ed4e1bc3ebf5769d1003f9709cd2012ebf424eb4a5d76a933fee30e874b6?s=96&d=mm&r=g\",\"url\":\"https:\\\/\\\/secure.gravatar.com\\\/avatar\\\/d957ed4e1bc3ebf5769d1003f9709cd2012ebf424eb4a5d76a933fee30e874b6?s=96&d=mm&r=g\",\"contentUrl\":\"https:\\\/\\\/secure.gravatar.com\\\/avatar\\\/d957ed4e1bc3ebf5769d1003f9709cd2012ebf424eb4a5d76a933fee30e874b6?s=96&d=mm&r=g\",\"caption\":\"Thiago Mossini Balbino dos Santos\"},\"url\":\"https:\\\/\\\/www.cambe.pr.gov.br\\\/index.php\\\/author\\\/tmbsantos\\\/\"}]}<\/script>\n<!-- \/ Yoast SEO plugin. -->","yoast_head_json":{"title":"Pol\u00edcia Militar impede evento sem autoriza\u00e7\u00e3o no Zez\u00e3o no domingo - Prefeitura de Camb\u00e9","robots":{"index":"index","follow":"follow","max-snippet":"max-snippet:-1","max-image-preview":"max-image-preview:large","max-video-preview":"max-video-preview:-1"},"canonical":"https:\/\/www.cambe.pr.gov.br\/index.php\/policia-militar-impede-evento-sem-autorizacao-no-zezao-no-domingo\/","og_locale":"pt_BR","og_type":"article","og_title":"Pol\u00edcia Militar impede evento sem autoriza\u00e7\u00e3o no Zez\u00e3o no domingo - Prefeitura de Camb\u00e9","og_description":"A 4\u00aa CIA da Pol\u00edcia Militar de Camb\u00e9, atrav\u00e9s da ROTAN, refor\u00e7ou o Policiamento nas imedia\u00e7\u00f5es do Parque Zez\u00e3o em Camb\u00e9 na tarde do \u00faltimo domingo (19\/09). No local aconteceria um encontro clandestino de ve\u00edculos rebaixados, sem autoriza\u00e7\u00e3o para realiza\u00e7\u00e3o. A Ouvidoria Municipal recebeu a den\u00fancia de que um encontro ou exposi\u00e7\u00e3o de carros no [&hellip;]","og_url":"https:\/\/www.cambe.pr.gov.br\/index.php\/policia-militar-impede-evento-sem-autorizacao-no-zezao-no-domingo\/","og_site_name":"Prefeitura de Camb\u00e9","article_publisher":"https:\/\/m.facebook.com\/prefeituradecambe","article_published_time":"2021-09-21T12:01:58+00:00","article_modified_time":"2024-10-07T16:00:25+00:00","og_image":[{"url":"http:\/\/www.cambe.pr.gov.br\/wp-content\/uploads\/2021\/09\/pm-zezao-300x200.png","type":"","width":"","height":""}],"author":"Thiago Mossini Balbino dos Santos","twitter_card":"summary_large_image","twitter_misc":{"Escrito por":"Thiago Mossini Balbino dos Santos","Est. tempo de leitura":"1 minuto"},"schema":{"@context":"https:\/\/schema.org","@graph":[{"@type":"Article","@id":"https:\/\/www.cambe.pr.gov.br\/index.php\/policia-militar-impede-evento-sem-autorizacao-no-zezao-no-domingo\/#article","isPartOf":{"@id":"https:\/\/www.cambe.pr.gov.br\/index.php\/policia-militar-impede-evento-sem-autorizacao-no-zezao-no-domingo\/"},"author":{"name":"Thiago Mossini Balbino dos Santos","@id":"https:\/\/www.cambe.pr.gov.br\/#\/schema\/person\/e08f7c43a641b2ec036e4e867ec483e4"},"headline":"Pol\u00edcia Militar impede evento sem autoriza\u00e7\u00e3o no Zez\u00e3o no domingo","datePublished":"2021-09-21T12:01:58+00:00","dateModified":"2024-10-07T16:00:25+00:00","mainEntityOfPage":{"@id":"https:\/\/www.cambe.pr.gov.br\/index.php\/policia-militar-impede-evento-sem-autorizacao-no-zezao-no-domingo\/"},"wordCount":219,"publisher":{"@id":"https:\/\/www.cambe.pr.gov.br\/#organization"},"image":{"@id":"https:\/\/www.cambe.pr.gov.br\/index.php\/policia-militar-impede-evento-sem-autorizacao-no-zezao-no-domingo\/#primaryimage"},"thumbnailUrl":"http:\/\/www.cambe.pr.gov.br\/wp-content\/uploads\/2021\/09\/pm-zezao-300x200.png","articleSection":["Principal"],"inLanguage":"pt-BR"},{"@type":"WebPage","@id":"https:\/\/www.cambe.pr.gov.br\/index.php\/policia-militar-impede-evento-sem-autorizacao-no-zezao-no-domingo\/","url":"https:\/\/www.cambe.pr.gov.br\/index.php\/policia-militar-impede-evento-sem-autorizacao-no-zezao-no-domingo\/","name":"Pol\u00edcia Militar impede evento sem autoriza\u00e7\u00e3o no Zez\u00e3o no domingo - Prefeitura de Camb\u00e9","isPartOf":{"@id":"https:\/\/www.cambe.pr.gov.br\/#website"},"primaryImageOfPage":{"@id":"https:\/\/www.cambe.pr.gov.br\/index.php\/policia-militar-impede-evento-sem-autorizacao-no-zezao-no-domingo\/#primaryimage"},"image":{"@id":"https:\/\/www.cambe.pr.gov.br\/index.php\/policia-militar-impede-evento-sem-autorizacao-no-zezao-no-domingo\/#primaryimage"},"thumbnailUrl":"http:\/\/www.cambe.pr.gov.br\/wp-content\/uploads\/2021\/09\/pm-zezao-300x200.png","datePublished":"2021-09-21T12:01:58+00:00","dateModified":"2024-10-07T16:00:25+00:00","breadcrumb":{"@id":"https:\/\/www.cambe.pr.gov.br\/index.php\/policia-militar-impede-evento-sem-autorizacao-no-zezao-no-domingo\/#breadcrumb"},"inLanguage":"pt-BR","potentialAction":[{"@type":"ReadAction","target":["https:\/\/www.cambe.pr.gov.br\/index.php\/policia-militar-impede-evento-sem-autorizacao-no-zezao-no-domingo\/"]}]},{"@type":"ImageObject","inLanguage":"pt-BR","@id":"https:\/\/www.cambe.pr.gov.br\/index.php\/policia-militar-impede-evento-sem-autorizacao-no-zezao-no-domingo\/#primaryimage","url":"http:\/\/www.cambe.pr.gov.br\/wp-content\/uploads\/2021\/09\/pm-zezao-300x200.png","contentUrl":"http:\/\/www.cambe.pr.gov.br\/wp-content\/uploads\/2021\/09\/pm-zezao-300x200.png"},{"@type":"BreadcrumbList","@id":"https:\/\/www.cambe.pr.gov.br\/index.php\/policia-militar-impede-evento-sem-autorizacao-no-zezao-no-domingo\/#breadcrumb","itemListElement":[{"@type":"ListItem","position":1,"name":"In\u00edcio","item":"https:\/\/www.cambe.pr.gov.br\/"},{"@type":"ListItem","position":2,"name":"Pol\u00edcia Militar impede evento sem autoriza\u00e7\u00e3o no Zez\u00e3o no domingo"}]},{"@type":"WebSite","@id":"https:\/\/www.cambe.pr.gov.br\/#website","url":"https:\/\/www.cambe.pr.gov.br\/","name":"Prefeitura de Camb\u00e9","description":"UM GOVERNO PARA TODOS","publisher":{"@id":"https:\/\/www.cambe.pr.gov.br\/#organization"},"potentialAction":[{"@type":"SearchAction","target":{"@type":"EntryPoint","urlTemplate":"https:\/\/www.cambe.pr.gov.br\/?s={search_term_string}"},"query-input":{"@type":"PropertyValueSpecification","valueRequired":true,"valueName":"search_term_string"}}],"inLanguage":"pt-BR"},{"@type":"Organization","@id":"https:\/\/www.cambe.pr.gov.br\/#organization","name":"Prefeitura de Camb\u00e9","url":"https:\/\/www.cambe.pr.gov.br\/","logo":{"@type":"ImageObject","inLanguage":"pt-BR","@id":"https:\/\/www.cambe.pr.gov.br\/#\/schema\/logo\/image\/","url":"https:\/\/www.cambe.pr.gov.br\/wp-content\/uploads\/2021\/01\/cropped-cropped-cambe_brazao-icone.png","contentUrl":"https:\/\/www.cambe.pr.gov.br\/wp-content\/uploads\/2021\/01\/cropped-cropped-cambe_brazao-icone.png","width":240,"height":240,"caption":"Prefeitura de Camb\u00e9"},"image":{"@id":"https:\/\/www.cambe.pr.gov.br\/#\/schema\/logo\/image\/"},"sameAs":["https:\/\/m.facebook.com\/prefeituradecambe"]},{"@type":"Person","@id":"https:\/\/www.cambe.pr.gov.br\/#\/schema\/person\/e08f7c43a641b2ec036e4e867ec483e4","name":"Thiago Mossini Balbino dos Santos","image":{"@type":"ImageObject","inLanguage":"pt-BR","@id":"https:\/\/secure.gravatar.com\/avatar\/d957ed4e1bc3ebf5769d1003f9709cd2012ebf424eb4a5d76a933fee30e874b6?s=96&d=mm&r=g","url":"https:\/\/secure.gravatar.com\/avatar\/d957ed4e1bc3ebf5769d1003f9709cd2012ebf424eb4a5d76a933fee30e874b6?s=96&d=mm&r=g","contentUrl":"https:\/\/secure.gravatar.com\/avatar\/d957ed4e1bc3ebf5769d1003f9709cd2012ebf424eb4a5d76a933fee30e874b6?s=96&d=mm&r=g","caption":"Thiago Mossini Balbino dos Santos"},"url":"https:\/\/www.cambe.pr.gov.br\/index.php\/author\/tmbsantos\/"}]}},"_links":{"self":[{"href":"https:\/\/www.cambe.pr.gov.br\/index.php\/wp-json\/wp\/v2\/posts\/3503","targetHints":{"allow":["GET"]}}],"collection":[{"href":"https:\/\/www.cambe.pr.gov.br\/index.php\/wp-json\/wp\/v2\/posts"}],"about":[{"href":"https:\/\/www.cambe.pr.gov.br\/index.php\/wp-json\/wp\/v2\/types\/post"}],"author":[{"embeddable":true,"href":"https:\/\/www.cambe.pr.gov.br\/index.php\/wp-json\/wp\/v2\/users\/2"}],"replies":[{"embeddable":true,"href":"https:\/\/www.cambe.pr.gov.br\/index.php\/wp-json\/wp\/v2\/comments?post=3503"}],"version-history":[{"count":1,"href":"https:\/\/www.cambe.pr.gov.br\/index.php\/wp-json\/wp\/v2\/posts\/3503\/revisions"}],"predecessor-version":[{"id":3505,"href":"https:\/\/www.cambe.pr.gov.br\/index.php\/wp-json\/wp\/v2\/posts\/3503\/revisions\/3505"}],"wp:attachment":[{"href":"https:\/\/www.cambe.pr.gov.br\/index.php\/wp-json\/wp\/v2\/media?parent=3503"}],"wp:term":[{"taxonomy":"category","embeddable":true,"href":"https:\/\/www.cambe.pr.gov.br\/index.php\/wp-json\/wp\/v2\/categories?post=3503"},{"taxonomy":"post_tag","embeddable":true,"href":"https:\/\/www.cambe.pr.gov.br\/index.php\/wp-json\/wp\/v2\/tags?post=3503"}],"curies":[{"name":"wp","href":"https:\/\/api.w.org\/{rel}","templated":true}]}}