{"id":3483,"date":"2021-09-20T13:00:57","date_gmt":"2021-09-20T16:00:57","guid":{"rendered":"http:\/\/www.cambe.pr.gov.br\/?p=3483"},"modified":"2024-10-07T13:00:25","modified_gmt":"2024-10-07T16:00:25","slug":"familias-ja-podem-fazer-pre-inscricao-para-programa-de-acolhimento-familiar","status":"publish","type":"post","link":"https:\/\/www.cambe.pr.gov.br\/index.php\/familias-ja-podem-fazer-pre-inscricao-para-programa-de-acolhimento-familiar\/","title":{"rendered":"Fam\u00edlias j\u00e1 podem fazer pr\u00e9-inscri\u00e7\u00e3o para Programa de Acolhimento Familiar"},"content":{"rendered":"<p style=\"text-align: justify;\"><span style=\"font-family: arial, helvetica, sans-serif;\"><img fetchpriority=\"high\" decoding=\"async\" class=\"alignleft wp-image-3484 size-medium\" src=\"https:\/\/www.cambe.pr.gov.br\/wp-content\/uploads\/2021\/09\/pexels-pixabay-236164-300x200.jpg\" alt=\"\" width=\"300\" height=\"200\" srcset=\"https:\/\/www.cambe.pr.gov.br\/wp-content\/uploads\/2021\/09\/pexels-pixabay-236164-300x200.jpg 300w, https:\/\/www.cambe.pr.gov.br\/wp-content\/uploads\/2021\/09\/pexels-pixabay-236164-1024x683.jpg 1024w, https:\/\/www.cambe.pr.gov.br\/wp-content\/uploads\/2021\/09\/pexels-pixabay-236164-768x512.jpg 768w, https:\/\/www.cambe.pr.gov.br\/wp-content\/uploads\/2021\/09\/pexels-pixabay-236164-1536x1024.jpg 1536w, https:\/\/www.cambe.pr.gov.br\/wp-content\/uploads\/2021\/09\/pexels-pixabay-236164-2048x1365.jpg 2048w\" sizes=\"(max-width: 300px) 100vw, 300px\" \/>A Prefeitura de Camb\u00e9, por meio da Secretaria de Assist\u00eancia Social e Cidadania, est\u00e1 com a pr\u00e9-inscri\u00e7\u00e3o aberta para as fam\u00edlias que desejam participar do Programa de Acolhimento Familiar, com o intuito de acolher temporariamente crian\u00e7as e adolescentes em suas casas. Esse acolhimento \u00e9 previsto no ECA (Estatuto da Crian\u00e7a e do Adolescente) como uma medida protetiva para preservar crian\u00e7as e adolescentes em situa\u00e7\u00f5es de risco ou de vulnerabilidade social. As inscri\u00e7\u00f5es s\u00e3o cont\u00ednuas e as fam\u00edlias interessadas devem preencher o formul\u00e1rio dispon\u00edvel no link https:\/\/forms.gle\/FskM1uZxmzEer4Wd6. O cadastro pode ser feito por fam\u00edlias formadas por uma ou mais pessoas.<\/span><\/p>\n<p style=\"text-align: justify;\"><span style=\"font-family: arial, helvetica, sans-serif;\">Lucilene Diorio, secret\u00e1ria de Assist\u00eancia Social, explica que essas crian\u00e7as que s\u00e3o encaminhadas para as fam\u00edlias acolhedoras s\u00e3o as que passaram por algum tipo de neglig\u00eancia, abandono ou viola\u00e7\u00e3o de seus direitos. Cada caso \u00e9 avaliado pelo Conselho Tutelar, pelo Poder Judici\u00e1rio ou pelo Minist\u00e9rio P\u00fablico e \u00e9 fun\u00e7\u00e3o dessas inst\u00e2ncias decidirem se as crian\u00e7as e adolescentes v\u00e3o para uma casa-abrigo ou para uma fam\u00edlia acolhedora do programa. \u201cO munic\u00edpio faz apenas o gerenciamento e encaminhamento dessas crian\u00e7as, at\u00e9 que elas possam voltar ao conv\u00edvio com a fam\u00edlia biol\u00f3gica ou para uma fam\u00edlia adotiva\u201d, pontua.<\/span><\/p>\n<p style=\"text-align: justify;\"><span style=\"font-family: arial, helvetica, sans-serif;\">Para fazer parte do Programa de Acolhimento Familiar, os interessados devem: residir em Camb\u00e9; ter mais de 18 anos; n\u00e3o estar em processo de ado\u00e7\u00e3o; ter concord\u00e2ncia entre os membros da fam\u00edlia; n\u00e3o possuir antecedentes criminais; n\u00e3o ser dependente qu\u00edmico e nem fazer acompanhamento psiqui\u00e1trico; e ter disponibilidade de tempo. \u201c\u00c9 essencial que as fam\u00edlias tenham tempo, pois \u00e9 necess\u00e1rio cuidar da crian\u00e7a e cumprir com as obriga\u00e7\u00f5es do projeto\u201d, destaca Diorio. Ela destaca que a crian\u00e7a vai ser como um membro da fam\u00edlia e por isso precisa de todos os cuidados b\u00e1sicos, como ir ao m\u00e9dico, \u00e0 escola e ter momentos de lazer. \u201cA fam\u00edlia \u00e9 respons\u00e1vel pela crian\u00e7a enquanto ela est\u00e1 aos seus cuidados\u201d, pontua a secret\u00e1ria.<\/span><\/p>\n<p style=\"text-align: justify;\"><span style=\"font-family: arial, helvetica, sans-serif;\">Lucilene Diorio esclarece que fazer o pr\u00e9-cadastro n\u00e3o \u00e9 garantia de que a fam\u00edlia vai ser parte do programa, pois ela vai passar por uma avalia\u00e7\u00e3o e uma entrevista com uma equipe de psic\u00f3logos: \u201cs\u00f3 ent\u00e3o vamos decidir se a fam\u00edlia est\u00e1 apta ou n\u00e3o para participar\u201d. Ainda durante a pr\u00e9-inscri\u00e7\u00e3o, as fam\u00edlias v\u00e3o poder tirar todas as d\u00favidas sobre o processo, desde o valor do aux\u00edlio at\u00e9 quest\u00f5es pessoais.<\/span><\/p>\n<p style=\"text-align: justify;\"><span style=\"font-family: arial, helvetica, sans-serif;\">\u201cAs fam\u00edlias devem oferecer um ambiente seguro, afetivo e saud\u00e1vel para essas crian\u00e7as e adolescentes, que j\u00e1 podem estar traumatizadas\u201d, finaliza Diorio. O desligamento das fam\u00edlias \u00e9 opcional e n\u00e3o h\u00e1 nenhum tipo de obrigatoriedade. Outras informa\u00e7\u00f5es podem ser consultadas pelo telefone 3174-0452 das 8h30 \u00e0s 11h30 e das 13h \u00e0s 17h.<\/span><\/p>\n","protected":false},"excerpt":{"rendered":"<p>A Prefeitura de Camb\u00e9, por meio da Secretaria de Assist\u00eancia Social e Cidadania, est\u00e1 com a pr\u00e9-inscri\u00e7\u00e3o aberta para as fam\u00edlias que desejam participar do Programa de Acolhimento Familiar, com o intuito de acolher temporariamente crian\u00e7as e adolescentes em suas casas. Esse acolhimento \u00e9 previsto no ECA (Estatuto da Crian\u00e7a e do Adolescente) como uma [&hellip;]<\/p>\n","protected":false},"author":2,"featured_media":0,"comment_status":"closed","ping_status":"open","sticky":false,"template":"","format":"standard","meta":{"ngg_post_thumbnail":0,"footnotes":""},"categories":[1],"tags":[],"class_list":["post-3483","post","type-post","status-publish","format-standard","hentry","category-principal"],"yoast_head":"<!-- This site is optimized with the Yoast SEO plugin v27.4 - https:\/\/yoast.com\/product\/yoast-seo-wordpress\/ -->\n<title>Fam\u00edlias j\u00e1 podem fazer pr\u00e9-inscri\u00e7\u00e3o para Programa de Acolhimento Familiar - Prefeitura de Camb\u00e9<\/title>\n<meta name=\"robots\" content=\"index, follow, max-snippet:-1, max-image-preview:large, max-video-preview:-1\" \/>\n<link rel=\"canonical\" href=\"https:\/\/www.cambe.pr.gov.br\/index.php\/familias-ja-podem-fazer-pre-inscricao-para-programa-de-acolhimento-familiar\/\" \/>\n<meta property=\"og:locale\" content=\"pt_BR\" \/>\n<meta property=\"og:type\" content=\"article\" \/>\n<meta property=\"og:title\" content=\"Fam\u00edlias j\u00e1 podem fazer pr\u00e9-inscri\u00e7\u00e3o para Programa de Acolhimento Familiar - Prefeitura de Camb\u00e9\" \/>\n<meta property=\"og:description\" content=\"A Prefeitura de Camb\u00e9, por meio da Secretaria de Assist\u00eancia Social e Cidadania, est\u00e1 com a pr\u00e9-inscri\u00e7\u00e3o aberta para as fam\u00edlias que desejam participar do Programa de Acolhimento Familiar, com o intuito de acolher temporariamente crian\u00e7as e adolescentes em suas casas. Esse acolhimento \u00e9 previsto no ECA (Estatuto da Crian\u00e7a e do Adolescente) como uma [&hellip;]\" \/>\n<meta property=\"og:url\" content=\"https:\/\/www.cambe.pr.gov.br\/index.php\/familias-ja-podem-fazer-pre-inscricao-para-programa-de-acolhimento-familiar\/\" \/>\n<meta property=\"og:site_name\" content=\"Prefeitura de Camb\u00e9\" \/>\n<meta property=\"article:publisher\" content=\"https:\/\/m.facebook.com\/prefeituradecambe\" \/>\n<meta property=\"article:published_time\" content=\"2021-09-20T16:00:57+00:00\" \/>\n<meta property=\"article:modified_time\" content=\"2024-10-07T16:00:25+00:00\" \/>\n<meta property=\"og:image\" content=\"http:\/\/www.cambe.pr.gov.br\/wp-content\/uploads\/2021\/09\/pexels-pixabay-236164-300x200.jpg\" \/>\n<meta name=\"author\" content=\"Thiago Mossini Balbino dos Santos\" \/>\n<meta name=\"twitter:card\" content=\"summary_large_image\" \/>\n<meta name=\"twitter:label1\" content=\"Escrito por\" \/>\n\t<meta name=\"twitter:data1\" content=\"Thiago Mossini Balbino dos Santos\" \/>\n\t<meta name=\"twitter:label2\" content=\"Est. tempo de leitura\" \/>\n\t<meta name=\"twitter:data2\" content=\"3 minutos\" \/>\n<script type=\"application\/ld+json\" class=\"yoast-schema-graph\">{\"@context\":\"https:\\\/\\\/schema.org\",\"@graph\":[{\"@type\":\"Article\",\"@id\":\"https:\\\/\\\/www.cambe.pr.gov.br\\\/index.php\\\/familias-ja-podem-fazer-pre-inscricao-para-programa-de-acolhimento-familiar\\\/#article\",\"isPartOf\":{\"@id\":\"https:\\\/\\\/www.cambe.pr.gov.br\\\/index.php\\\/familias-ja-podem-fazer-pre-inscricao-para-programa-de-acolhimento-familiar\\\/\"},\"author\":{\"name\":\"Thiago Mossini Balbino dos Santos\",\"@id\":\"https:\\\/\\\/www.cambe.pr.gov.br\\\/#\\\/schema\\\/person\\\/e08f7c43a641b2ec036e4e867ec483e4\"},\"headline\":\"Fam\u00edlias j\u00e1 podem fazer pr\u00e9-inscri\u00e7\u00e3o para Programa de Acolhimento Familiar\",\"datePublished\":\"2021-09-20T16:00:57+00:00\",\"dateModified\":\"2024-10-07T16:00:25+00:00\",\"mainEntityOfPage\":{\"@id\":\"https:\\\/\\\/www.cambe.pr.gov.br\\\/index.php\\\/familias-ja-podem-fazer-pre-inscricao-para-programa-de-acolhimento-familiar\\\/\"},\"wordCount\":521,\"publisher\":{\"@id\":\"https:\\\/\\\/www.cambe.pr.gov.br\\\/#organization\"},\"image\":{\"@id\":\"https:\\\/\\\/www.cambe.pr.gov.br\\\/index.php\\\/familias-ja-podem-fazer-pre-inscricao-para-programa-de-acolhimento-familiar\\\/#primaryimage\"},\"thumbnailUrl\":\"http:\\\/\\\/www.cambe.pr.gov.br\\\/wp-content\\\/uploads\\\/2021\\\/09\\\/pexels-pixabay-236164-300x200.jpg\",\"articleSection\":[\"Principal\"],\"inLanguage\":\"pt-BR\"},{\"@type\":\"WebPage\",\"@id\":\"https:\\\/\\\/www.cambe.pr.gov.br\\\/index.php\\\/familias-ja-podem-fazer-pre-inscricao-para-programa-de-acolhimento-familiar\\\/\",\"url\":\"https:\\\/\\\/www.cambe.pr.gov.br\\\/index.php\\\/familias-ja-podem-fazer-pre-inscricao-para-programa-de-acolhimento-familiar\\\/\",\"name\":\"Fam\u00edlias j\u00e1 podem fazer pr\u00e9-inscri\u00e7\u00e3o para Programa de Acolhimento Familiar - Prefeitura de Camb\u00e9\",\"isPartOf\":{\"@id\":\"https:\\\/\\\/www.cambe.pr.gov.br\\\/#website\"},\"primaryImageOfPage\":{\"@id\":\"https:\\\/\\\/www.cambe.pr.gov.br\\\/index.php\\\/familias-ja-podem-fazer-pre-inscricao-para-programa-de-acolhimento-familiar\\\/#primaryimage\"},\"image\":{\"@id\":\"https:\\\/\\\/www.cambe.pr.gov.br\\\/index.php\\\/familias-ja-podem-fazer-pre-inscricao-para-programa-de-acolhimento-familiar\\\/#primaryimage\"},\"thumbnailUrl\":\"http:\\\/\\\/www.cambe.pr.gov.br\\\/wp-content\\\/uploads\\\/2021\\\/09\\\/pexels-pixabay-236164-300x200.jpg\",\"datePublished\":\"2021-09-20T16:00:57+00:00\",\"dateModified\":\"2024-10-07T16:00:25+00:00\",\"breadcrumb\":{\"@id\":\"https:\\\/\\\/www.cambe.pr.gov.br\\\/index.php\\\/familias-ja-podem-fazer-pre-inscricao-para-programa-de-acolhimento-familiar\\\/#breadcrumb\"},\"inLanguage\":\"pt-BR\",\"potentialAction\":[{\"@type\":\"ReadAction\",\"target\":[\"https:\\\/\\\/www.cambe.pr.gov.br\\\/index.php\\\/familias-ja-podem-fazer-pre-inscricao-para-programa-de-acolhimento-familiar\\\/\"]}]},{\"@type\":\"ImageObject\",\"inLanguage\":\"pt-BR\",\"@id\":\"https:\\\/\\\/www.cambe.pr.gov.br\\\/index.php\\\/familias-ja-podem-fazer-pre-inscricao-para-programa-de-acolhimento-familiar\\\/#primaryimage\",\"url\":\"http:\\\/\\\/www.cambe.pr.gov.br\\\/wp-content\\\/uploads\\\/2021\\\/09\\\/pexels-pixabay-236164-300x200.jpg\",\"contentUrl\":\"http:\\\/\\\/www.cambe.pr.gov.br\\\/wp-content\\\/uploads\\\/2021\\\/09\\\/pexels-pixabay-236164-300x200.jpg\"},{\"@type\":\"BreadcrumbList\",\"@id\":\"https:\\\/\\\/www.cambe.pr.gov.br\\\/index.php\\\/familias-ja-podem-fazer-pre-inscricao-para-programa-de-acolhimento-familiar\\\/#breadcrumb\",\"itemListElement\":[{\"@type\":\"ListItem\",\"position\":1,\"name\":\"In\u00edcio\",\"item\":\"https:\\\/\\\/www.cambe.pr.gov.br\\\/\"},{\"@type\":\"ListItem\",\"position\":2,\"name\":\"Fam\u00edlias j\u00e1 podem fazer pr\u00e9-inscri\u00e7\u00e3o para Programa de Acolhimento Familiar\"}]},{\"@type\":\"WebSite\",\"@id\":\"https:\\\/\\\/www.cambe.pr.gov.br\\\/#website\",\"url\":\"https:\\\/\\\/www.cambe.pr.gov.br\\\/\",\"name\":\"Prefeitura de Camb\u00e9\",\"description\":\"UM GOVERNO PARA TODOS\",\"publisher\":{\"@id\":\"https:\\\/\\\/www.cambe.pr.gov.br\\\/#organization\"},\"potentialAction\":[{\"@type\":\"SearchAction\",\"target\":{\"@type\":\"EntryPoint\",\"urlTemplate\":\"https:\\\/\\\/www.cambe.pr.gov.br\\\/?s={search_term_string}\"},\"query-input\":{\"@type\":\"PropertyValueSpecification\",\"valueRequired\":true,\"valueName\":\"search_term_string\"}}],\"inLanguage\":\"pt-BR\"},{\"@type\":\"Organization\",\"@id\":\"https:\\\/\\\/www.cambe.pr.gov.br\\\/#organization\",\"name\":\"Prefeitura de Camb\u00e9\",\"url\":\"https:\\\/\\\/www.cambe.pr.gov.br\\\/\",\"logo\":{\"@type\":\"ImageObject\",\"inLanguage\":\"pt-BR\",\"@id\":\"https:\\\/\\\/www.cambe.pr.gov.br\\\/#\\\/schema\\\/logo\\\/image\\\/\",\"url\":\"https:\\\/\\\/www.cambe.pr.gov.br\\\/wp-content\\\/uploads\\\/2021\\\/01\\\/cropped-cropped-cambe_brazao-icone.png\",\"contentUrl\":\"https:\\\/\\\/www.cambe.pr.gov.br\\\/wp-content\\\/uploads\\\/2021\\\/01\\\/cropped-cropped-cambe_brazao-icone.png\",\"width\":240,\"height\":240,\"caption\":\"Prefeitura de Camb\u00e9\"},\"image\":{\"@id\":\"https:\\\/\\\/www.cambe.pr.gov.br\\\/#\\\/schema\\\/logo\\\/image\\\/\"},\"sameAs\":[\"https:\\\/\\\/m.facebook.com\\\/prefeituradecambe\"]},{\"@type\":\"Person\",\"@id\":\"https:\\\/\\\/www.cambe.pr.gov.br\\\/#\\\/schema\\\/person\\\/e08f7c43a641b2ec036e4e867ec483e4\",\"name\":\"Thiago Mossini Balbino dos Santos\",\"image\":{\"@type\":\"ImageObject\",\"inLanguage\":\"pt-BR\",\"@id\":\"https:\\\/\\\/secure.gravatar.com\\\/avatar\\\/d957ed4e1bc3ebf5769d1003f9709cd2012ebf424eb4a5d76a933fee30e874b6?s=96&d=mm&r=g\",\"url\":\"https:\\\/\\\/secure.gravatar.com\\\/avatar\\\/d957ed4e1bc3ebf5769d1003f9709cd2012ebf424eb4a5d76a933fee30e874b6?s=96&d=mm&r=g\",\"contentUrl\":\"https:\\\/\\\/secure.gravatar.com\\\/avatar\\\/d957ed4e1bc3ebf5769d1003f9709cd2012ebf424eb4a5d76a933fee30e874b6?s=96&d=mm&r=g\",\"caption\":\"Thiago Mossini Balbino dos Santos\"},\"url\":\"https:\\\/\\\/www.cambe.pr.gov.br\\\/index.php\\\/author\\\/tmbsantos\\\/\"}]}<\/script>\n<!-- \/ Yoast SEO plugin. -->","yoast_head_json":{"title":"Fam\u00edlias j\u00e1 podem fazer pr\u00e9-inscri\u00e7\u00e3o para Programa de Acolhimento Familiar - Prefeitura de Camb\u00e9","robots":{"index":"index","follow":"follow","max-snippet":"max-snippet:-1","max-image-preview":"max-image-preview:large","max-video-preview":"max-video-preview:-1"},"canonical":"https:\/\/www.cambe.pr.gov.br\/index.php\/familias-ja-podem-fazer-pre-inscricao-para-programa-de-acolhimento-familiar\/","og_locale":"pt_BR","og_type":"article","og_title":"Fam\u00edlias j\u00e1 podem fazer pr\u00e9-inscri\u00e7\u00e3o para Programa de Acolhimento Familiar - Prefeitura de Camb\u00e9","og_description":"A Prefeitura de Camb\u00e9, por meio da Secretaria de Assist\u00eancia Social e Cidadania, est\u00e1 com a pr\u00e9-inscri\u00e7\u00e3o aberta para as fam\u00edlias que desejam participar do Programa de Acolhimento Familiar, com o intuito de acolher temporariamente crian\u00e7as e adolescentes em suas casas. Esse acolhimento \u00e9 previsto no ECA (Estatuto da Crian\u00e7a e do Adolescente) como uma [&hellip;]","og_url":"https:\/\/www.cambe.pr.gov.br\/index.php\/familias-ja-podem-fazer-pre-inscricao-para-programa-de-acolhimento-familiar\/","og_site_name":"Prefeitura de Camb\u00e9","article_publisher":"https:\/\/m.facebook.com\/prefeituradecambe","article_published_time":"2021-09-20T16:00:57+00:00","article_modified_time":"2024-10-07T16:00:25+00:00","og_image":[{"url":"http:\/\/www.cambe.pr.gov.br\/wp-content\/uploads\/2021\/09\/pexels-pixabay-236164-300x200.jpg","type":"","width":"","height":""}],"author":"Thiago Mossini Balbino dos Santos","twitter_card":"summary_large_image","twitter_misc":{"Escrito por":"Thiago Mossini Balbino dos Santos","Est. tempo de leitura":"3 minutos"},"schema":{"@context":"https:\/\/schema.org","@graph":[{"@type":"Article","@id":"https:\/\/www.cambe.pr.gov.br\/index.php\/familias-ja-podem-fazer-pre-inscricao-para-programa-de-acolhimento-familiar\/#article","isPartOf":{"@id":"https:\/\/www.cambe.pr.gov.br\/index.php\/familias-ja-podem-fazer-pre-inscricao-para-programa-de-acolhimento-familiar\/"},"author":{"name":"Thiago Mossini Balbino dos Santos","@id":"https:\/\/www.cambe.pr.gov.br\/#\/schema\/person\/e08f7c43a641b2ec036e4e867ec483e4"},"headline":"Fam\u00edlias j\u00e1 podem fazer pr\u00e9-inscri\u00e7\u00e3o para Programa de Acolhimento Familiar","datePublished":"2021-09-20T16:00:57+00:00","dateModified":"2024-10-07T16:00:25+00:00","mainEntityOfPage":{"@id":"https:\/\/www.cambe.pr.gov.br\/index.php\/familias-ja-podem-fazer-pre-inscricao-para-programa-de-acolhimento-familiar\/"},"wordCount":521,"publisher":{"@id":"https:\/\/www.cambe.pr.gov.br\/#organization"},"image":{"@id":"https:\/\/www.cambe.pr.gov.br\/index.php\/familias-ja-podem-fazer-pre-inscricao-para-programa-de-acolhimento-familiar\/#primaryimage"},"thumbnailUrl":"http:\/\/www.cambe.pr.gov.br\/wp-content\/uploads\/2021\/09\/pexels-pixabay-236164-300x200.jpg","articleSection":["Principal"],"inLanguage":"pt-BR"},{"@type":"WebPage","@id":"https:\/\/www.cambe.pr.gov.br\/index.php\/familias-ja-podem-fazer-pre-inscricao-para-programa-de-acolhimento-familiar\/","url":"https:\/\/www.cambe.pr.gov.br\/index.php\/familias-ja-podem-fazer-pre-inscricao-para-programa-de-acolhimento-familiar\/","name":"Fam\u00edlias j\u00e1 podem fazer pr\u00e9-inscri\u00e7\u00e3o para Programa de Acolhimento Familiar - Prefeitura de Camb\u00e9","isPartOf":{"@id":"https:\/\/www.cambe.pr.gov.br\/#website"},"primaryImageOfPage":{"@id":"https:\/\/www.cambe.pr.gov.br\/index.php\/familias-ja-podem-fazer-pre-inscricao-para-programa-de-acolhimento-familiar\/#primaryimage"},"image":{"@id":"https:\/\/www.cambe.pr.gov.br\/index.php\/familias-ja-podem-fazer-pre-inscricao-para-programa-de-acolhimento-familiar\/#primaryimage"},"thumbnailUrl":"http:\/\/www.cambe.pr.gov.br\/wp-content\/uploads\/2021\/09\/pexels-pixabay-236164-300x200.jpg","datePublished":"2021-09-20T16:00:57+00:00","dateModified":"2024-10-07T16:00:25+00:00","breadcrumb":{"@id":"https:\/\/www.cambe.pr.gov.br\/index.php\/familias-ja-podem-fazer-pre-inscricao-para-programa-de-acolhimento-familiar\/#breadcrumb"},"inLanguage":"pt-BR","potentialAction":[{"@type":"ReadAction","target":["https:\/\/www.cambe.pr.gov.br\/index.php\/familias-ja-podem-fazer-pre-inscricao-para-programa-de-acolhimento-familiar\/"]}]},{"@type":"ImageObject","inLanguage":"pt-BR","@id":"https:\/\/www.cambe.pr.gov.br\/index.php\/familias-ja-podem-fazer-pre-inscricao-para-programa-de-acolhimento-familiar\/#primaryimage","url":"http:\/\/www.cambe.pr.gov.br\/wp-content\/uploads\/2021\/09\/pexels-pixabay-236164-300x200.jpg","contentUrl":"http:\/\/www.cambe.pr.gov.br\/wp-content\/uploads\/2021\/09\/pexels-pixabay-236164-300x200.jpg"},{"@type":"BreadcrumbList","@id":"https:\/\/www.cambe.pr.gov.br\/index.php\/familias-ja-podem-fazer-pre-inscricao-para-programa-de-acolhimento-familiar\/#breadcrumb","itemListElement":[{"@type":"ListItem","position":1,"name":"In\u00edcio","item":"https:\/\/www.cambe.pr.gov.br\/"},{"@type":"ListItem","position":2,"name":"Fam\u00edlias j\u00e1 podem fazer pr\u00e9-inscri\u00e7\u00e3o para Programa de Acolhimento Familiar"}]},{"@type":"WebSite","@id":"https:\/\/www.cambe.pr.gov.br\/#website","url":"https:\/\/www.cambe.pr.gov.br\/","name":"Prefeitura de Camb\u00e9","description":"UM GOVERNO PARA TODOS","publisher":{"@id":"https:\/\/www.cambe.pr.gov.br\/#organization"},"potentialAction":[{"@type":"SearchAction","target":{"@type":"EntryPoint","urlTemplate":"https:\/\/www.cambe.pr.gov.br\/?s={search_term_string}"},"query-input":{"@type":"PropertyValueSpecification","valueRequired":true,"valueName":"search_term_string"}}],"inLanguage":"pt-BR"},{"@type":"Organization","@id":"https:\/\/www.cambe.pr.gov.br\/#organization","name":"Prefeitura de Camb\u00e9","url":"https:\/\/www.cambe.pr.gov.br\/","logo":{"@type":"ImageObject","inLanguage":"pt-BR","@id":"https:\/\/www.cambe.pr.gov.br\/#\/schema\/logo\/image\/","url":"https:\/\/www.cambe.pr.gov.br\/wp-content\/uploads\/2021\/01\/cropped-cropped-cambe_brazao-icone.png","contentUrl":"https:\/\/www.cambe.pr.gov.br\/wp-content\/uploads\/2021\/01\/cropped-cropped-cambe_brazao-icone.png","width":240,"height":240,"caption":"Prefeitura de Camb\u00e9"},"image":{"@id":"https:\/\/www.cambe.pr.gov.br\/#\/schema\/logo\/image\/"},"sameAs":["https:\/\/m.facebook.com\/prefeituradecambe"]},{"@type":"Person","@id":"https:\/\/www.cambe.pr.gov.br\/#\/schema\/person\/e08f7c43a641b2ec036e4e867ec483e4","name":"Thiago Mossini Balbino dos Santos","image":{"@type":"ImageObject","inLanguage":"pt-BR","@id":"https:\/\/secure.gravatar.com\/avatar\/d957ed4e1bc3ebf5769d1003f9709cd2012ebf424eb4a5d76a933fee30e874b6?s=96&d=mm&r=g","url":"https:\/\/secure.gravatar.com\/avatar\/d957ed4e1bc3ebf5769d1003f9709cd2012ebf424eb4a5d76a933fee30e874b6?s=96&d=mm&r=g","contentUrl":"https:\/\/secure.gravatar.com\/avatar\/d957ed4e1bc3ebf5769d1003f9709cd2012ebf424eb4a5d76a933fee30e874b6?s=96&d=mm&r=g","caption":"Thiago Mossini Balbino dos Santos"},"url":"https:\/\/www.cambe.pr.gov.br\/index.php\/author\/tmbsantos\/"}]}},"_links":{"self":[{"href":"https:\/\/www.cambe.pr.gov.br\/index.php\/wp-json\/wp\/v2\/posts\/3483","targetHints":{"allow":["GET"]}}],"collection":[{"href":"https:\/\/www.cambe.pr.gov.br\/index.php\/wp-json\/wp\/v2\/posts"}],"about":[{"href":"https:\/\/www.cambe.pr.gov.br\/index.php\/wp-json\/wp\/v2\/types\/post"}],"author":[{"embeddable":true,"href":"https:\/\/www.cambe.pr.gov.br\/index.php\/wp-json\/wp\/v2\/users\/2"}],"replies":[{"embeddable":true,"href":"https:\/\/www.cambe.pr.gov.br\/index.php\/wp-json\/wp\/v2\/comments?post=3483"}],"version-history":[{"count":1,"href":"https:\/\/www.cambe.pr.gov.br\/index.php\/wp-json\/wp\/v2\/posts\/3483\/revisions"}],"predecessor-version":[{"id":3485,"href":"https:\/\/www.cambe.pr.gov.br\/index.php\/wp-json\/wp\/v2\/posts\/3483\/revisions\/3485"}],"wp:attachment":[{"href":"https:\/\/www.cambe.pr.gov.br\/index.php\/wp-json\/wp\/v2\/media?parent=3483"}],"wp:term":[{"taxonomy":"category","embeddable":true,"href":"https:\/\/www.cambe.pr.gov.br\/index.php\/wp-json\/wp\/v2\/categories?post=3483"},{"taxonomy":"post_tag","embeddable":true,"href":"https:\/\/www.cambe.pr.gov.br\/index.php\/wp-json\/wp\/v2\/tags?post=3483"}],"curies":[{"name":"wp","href":"https:\/\/api.w.org\/{rel}","templated":true}]}}