{"id":3480,"date":"2021-09-17T17:35:16","date_gmt":"2021-09-17T20:35:16","guid":{"rendered":"http:\/\/www.cambe.pr.gov.br\/?p=3480"},"modified":"2024-10-07T13:00:25","modified_gmt":"2024-10-07T16:00:25","slug":"departamento-de-transito-e-ciretran-lancam-a-semana-nacional-do-transito-de-2021","status":"publish","type":"post","link":"https:\/\/www.cambe.pr.gov.br\/index.php\/departamento-de-transito-e-ciretran-lancam-a-semana-nacional-do-transito-de-2021\/","title":{"rendered":"Departamento de Tr\u00e2nsito e Ciretran lan\u00e7am a Semana Nacional do Transito de 2021"},"content":{"rendered":"<p style=\"text-align: justify;\"><span style=\"font-family: arial, helvetica, sans-serif;\"><img fetchpriority=\"high\" decoding=\"async\" class=\"alignleft wp-image-3481 size-medium\" src=\"https:\/\/www.cambe.pr.gov.br\/wp-content\/uploads\/2021\/09\/WhatsApp-Image-2021-09-17-at-17.34.08-300x200.jpeg\" alt=\"\" width=\"300\" height=\"200\" srcset=\"https:\/\/www.cambe.pr.gov.br\/wp-content\/uploads\/2021\/09\/WhatsApp-Image-2021-09-17-at-17.34.08-300x200.jpeg 300w, https:\/\/www.cambe.pr.gov.br\/wp-content\/uploads\/2021\/09\/WhatsApp-Image-2021-09-17-at-17.34.08-768x512.jpeg 768w, https:\/\/www.cambe.pr.gov.br\/wp-content\/uploads\/2021\/09\/WhatsApp-Image-2021-09-17-at-17.34.08.jpeg 999w\" sizes=\"(max-width: 300px) 100vw, 300px\" \/>A Prefeitura de Camb\u00e9, por meio do Departamento de Tr\u00e2nsito, a 76\u00aa unidade do Ciretran de Camb\u00e9 e o Rotary Club Hugo Gon\u00e7alves lan\u00e7am neste s\u00e1bado, dia 18 de setembro, as atividades da Semana Nacional do Tr\u00e2nsito de 2021. O tema da campanha deste ano \u00e9 \u201cRespeito e Responsabilidade: sua responsabilidade salva-vidas\u201d e a abertura vai ser na Avenida Inglaterra &#8211; Centro, a partir das 10h. As atividades da Semana Nacional do Tr\u00e2nsito continuam at\u00e9 o dia 25 de setembro.<\/span><\/p>\n<p style=\"text-align: justify;\"><span style=\"font-family: arial, helvetica, sans-serif;\">Segundo Valdinei Rocha, presidente do Rotary Club de Camb\u00e9, v\u00e3o ser realizadas diversas atividades educativas na cidade, todas com o objetivo de sensibilizar pedestres, ciclistas, motociclistas, condutores e passageiros do papel que cada um tem na seguran\u00e7a do tr\u00e2nsito e na preserva\u00e7\u00e3o da vida. \u201cA sinaliza\u00e7\u00e3o de tr\u00e2nsito n\u00e3o est\u00e1 l\u00e1 \u00e0 toa. Cada placa colocada nas vias tem a fun\u00e7\u00e3o de evitar desentendimentos e situa\u00e7\u00f5es perigosas e isso \u00e9 essencial para diminuir os riscos para n\u00f3s e para os outros\u201d, pontua Rocha.<\/span><\/p>\n<p style=\"text-align: justify;\"><span style=\"font-family: arial, helvetica, sans-serif;\">De acordo com o presidente, v\u00e3o ser feitas blitz educativas com a entrega de kits informativos sobre a import\u00e2ncia do transito seguro. No dia 18, a a\u00e7\u00e3o acontece na regi\u00e3o central da cidade, no dia 22 no Jardim Ana Rosa e no dia 25 na regi\u00e3o do Jardim Novo Bandeirantes. A campanha tamb\u00e9m vai ser divulgada nas redes sociais do Departamento de Tr\u00e2nsito de Camb\u00e9, dispon\u00edvel em: facebook.com\/DepartamentoTransitoCambe.<\/span><\/p>\n","protected":false},"excerpt":{"rendered":"<p>A Prefeitura de Camb\u00e9, por meio do Departamento de Tr\u00e2nsito, a 76\u00aa unidade do Ciretran de Camb\u00e9 e o Rotary Club Hugo Gon\u00e7alves lan\u00e7am neste s\u00e1bado, dia 18 de setembro, as atividades da Semana Nacional do Tr\u00e2nsito de 2021. O tema da campanha deste ano \u00e9 \u201cRespeito e Responsabilidade: sua responsabilidade salva-vidas\u201d e a abertura [&hellip;]<\/p>\n","protected":false},"author":2,"featured_media":0,"comment_status":"closed","ping_status":"open","sticky":false,"template":"","format":"standard","meta":{"ngg_post_thumbnail":0,"footnotes":""},"categories":[1],"tags":[],"class_list":["post-3480","post","type-post","status-publish","format-standard","hentry","category-principal"],"yoast_head":"<!-- This site is optimized with the Yoast SEO plugin v27.4 - https:\/\/yoast.com\/product\/yoast-seo-wordpress\/ -->\n<title>Departamento de Tr\u00e2nsito e Ciretran lan\u00e7am a Semana Nacional do Transito de 2021 - Prefeitura de Camb\u00e9<\/title>\n<meta name=\"robots\" content=\"index, follow, max-snippet:-1, max-image-preview:large, max-video-preview:-1\" \/>\n<link rel=\"canonical\" href=\"https:\/\/www.cambe.pr.gov.br\/index.php\/departamento-de-transito-e-ciretran-lancam-a-semana-nacional-do-transito-de-2021\/\" \/>\n<meta property=\"og:locale\" content=\"pt_BR\" \/>\n<meta property=\"og:type\" content=\"article\" \/>\n<meta property=\"og:title\" content=\"Departamento de Tr\u00e2nsito e Ciretran lan\u00e7am a Semana Nacional do Transito de 2021 - Prefeitura de Camb\u00e9\" \/>\n<meta property=\"og:description\" content=\"A Prefeitura de Camb\u00e9, por meio do Departamento de Tr\u00e2nsito, a 76\u00aa unidade do Ciretran de Camb\u00e9 e o Rotary Club Hugo Gon\u00e7alves lan\u00e7am neste s\u00e1bado, dia 18 de setembro, as atividades da Semana Nacional do Tr\u00e2nsito de 2021. O tema da campanha deste ano \u00e9 \u201cRespeito e Responsabilidade: sua responsabilidade salva-vidas\u201d e a abertura [&hellip;]\" \/>\n<meta property=\"og:url\" content=\"https:\/\/www.cambe.pr.gov.br\/index.php\/departamento-de-transito-e-ciretran-lancam-a-semana-nacional-do-transito-de-2021\/\" \/>\n<meta property=\"og:site_name\" content=\"Prefeitura de Camb\u00e9\" \/>\n<meta property=\"article:publisher\" content=\"https:\/\/m.facebook.com\/prefeituradecambe\" \/>\n<meta property=\"article:published_time\" content=\"2021-09-17T20:35:16+00:00\" \/>\n<meta property=\"article:modified_time\" content=\"2024-10-07T16:00:25+00:00\" \/>\n<meta property=\"og:image\" content=\"http:\/\/www.cambe.pr.gov.br\/wp-content\/uploads\/2021\/09\/WhatsApp-Image-2021-09-17-at-17.34.08-300x200.jpeg\" \/>\n<meta name=\"author\" content=\"Thiago Mossini Balbino dos Santos\" \/>\n<meta name=\"twitter:card\" content=\"summary_large_image\" \/>\n<meta name=\"twitter:label1\" content=\"Escrito por\" \/>\n\t<meta name=\"twitter:data1\" content=\"Thiago Mossini Balbino dos Santos\" \/>\n\t<meta name=\"twitter:label2\" content=\"Est. tempo de leitura\" \/>\n\t<meta name=\"twitter:data2\" content=\"1 minuto\" \/>\n<script type=\"application\/ld+json\" class=\"yoast-schema-graph\">{\"@context\":\"https:\\\/\\\/schema.org\",\"@graph\":[{\"@type\":\"Article\",\"@id\":\"https:\\\/\\\/www.cambe.pr.gov.br\\\/index.php\\\/departamento-de-transito-e-ciretran-lancam-a-semana-nacional-do-transito-de-2021\\\/#article\",\"isPartOf\":{\"@id\":\"https:\\\/\\\/www.cambe.pr.gov.br\\\/index.php\\\/departamento-de-transito-e-ciretran-lancam-a-semana-nacional-do-transito-de-2021\\\/\"},\"author\":{\"name\":\"Thiago Mossini Balbino dos Santos\",\"@id\":\"https:\\\/\\\/www.cambe.pr.gov.br\\\/#\\\/schema\\\/person\\\/e08f7c43a641b2ec036e4e867ec483e4\"},\"headline\":\"Departamento de Tr\u00e2nsito e Ciretran lan\u00e7am a Semana Nacional do Transito de 2021\",\"datePublished\":\"2021-09-17T20:35:16+00:00\",\"dateModified\":\"2024-10-07T16:00:25+00:00\",\"mainEntityOfPage\":{\"@id\":\"https:\\\/\\\/www.cambe.pr.gov.br\\\/index.php\\\/departamento-de-transito-e-ciretran-lancam-a-semana-nacional-do-transito-de-2021\\\/\"},\"wordCount\":261,\"publisher\":{\"@id\":\"https:\\\/\\\/www.cambe.pr.gov.br\\\/#organization\"},\"image\":{\"@id\":\"https:\\\/\\\/www.cambe.pr.gov.br\\\/index.php\\\/departamento-de-transito-e-ciretran-lancam-a-semana-nacional-do-transito-de-2021\\\/#primaryimage\"},\"thumbnailUrl\":\"http:\\\/\\\/www.cambe.pr.gov.br\\\/wp-content\\\/uploads\\\/2021\\\/09\\\/WhatsApp-Image-2021-09-17-at-17.34.08-300x200.jpeg\",\"articleSection\":[\"Principal\"],\"inLanguage\":\"pt-BR\"},{\"@type\":\"WebPage\",\"@id\":\"https:\\\/\\\/www.cambe.pr.gov.br\\\/index.php\\\/departamento-de-transito-e-ciretran-lancam-a-semana-nacional-do-transito-de-2021\\\/\",\"url\":\"https:\\\/\\\/www.cambe.pr.gov.br\\\/index.php\\\/departamento-de-transito-e-ciretran-lancam-a-semana-nacional-do-transito-de-2021\\\/\",\"name\":\"Departamento de Tr\u00e2nsito e Ciretran lan\u00e7am a Semana Nacional do Transito de 2021 - Prefeitura de Camb\u00e9\",\"isPartOf\":{\"@id\":\"https:\\\/\\\/www.cambe.pr.gov.br\\\/#website\"},\"primaryImageOfPage\":{\"@id\":\"https:\\\/\\\/www.cambe.pr.gov.br\\\/index.php\\\/departamento-de-transito-e-ciretran-lancam-a-semana-nacional-do-transito-de-2021\\\/#primaryimage\"},\"image\":{\"@id\":\"https:\\\/\\\/www.cambe.pr.gov.br\\\/index.php\\\/departamento-de-transito-e-ciretran-lancam-a-semana-nacional-do-transito-de-2021\\\/#primaryimage\"},\"thumbnailUrl\":\"http:\\\/\\\/www.cambe.pr.gov.br\\\/wp-content\\\/uploads\\\/2021\\\/09\\\/WhatsApp-Image-2021-09-17-at-17.34.08-300x200.jpeg\",\"datePublished\":\"2021-09-17T20:35:16+00:00\",\"dateModified\":\"2024-10-07T16:00:25+00:00\",\"breadcrumb\":{\"@id\":\"https:\\\/\\\/www.cambe.pr.gov.br\\\/index.php\\\/departamento-de-transito-e-ciretran-lancam-a-semana-nacional-do-transito-de-2021\\\/#breadcrumb\"},\"inLanguage\":\"pt-BR\",\"potentialAction\":[{\"@type\":\"ReadAction\",\"target\":[\"https:\\\/\\\/www.cambe.pr.gov.br\\\/index.php\\\/departamento-de-transito-e-ciretran-lancam-a-semana-nacional-do-transito-de-2021\\\/\"]}]},{\"@type\":\"ImageObject\",\"inLanguage\":\"pt-BR\",\"@id\":\"https:\\\/\\\/www.cambe.pr.gov.br\\\/index.php\\\/departamento-de-transito-e-ciretran-lancam-a-semana-nacional-do-transito-de-2021\\\/#primaryimage\",\"url\":\"http:\\\/\\\/www.cambe.pr.gov.br\\\/wp-content\\\/uploads\\\/2021\\\/09\\\/WhatsApp-Image-2021-09-17-at-17.34.08-300x200.jpeg\",\"contentUrl\":\"http:\\\/\\\/www.cambe.pr.gov.br\\\/wp-content\\\/uploads\\\/2021\\\/09\\\/WhatsApp-Image-2021-09-17-at-17.34.08-300x200.jpeg\"},{\"@type\":\"BreadcrumbList\",\"@id\":\"https:\\\/\\\/www.cambe.pr.gov.br\\\/index.php\\\/departamento-de-transito-e-ciretran-lancam-a-semana-nacional-do-transito-de-2021\\\/#breadcrumb\",\"itemListElement\":[{\"@type\":\"ListItem\",\"position\":1,\"name\":\"In\u00edcio\",\"item\":\"https:\\\/\\\/www.cambe.pr.gov.br\\\/\"},{\"@type\":\"ListItem\",\"position\":2,\"name\":\"Departamento de Tr\u00e2nsito e Ciretran lan\u00e7am a Semana Nacional do Transito de 2021\"}]},{\"@type\":\"WebSite\",\"@id\":\"https:\\\/\\\/www.cambe.pr.gov.br\\\/#website\",\"url\":\"https:\\\/\\\/www.cambe.pr.gov.br\\\/\",\"name\":\"Prefeitura de Camb\u00e9\",\"description\":\"UM GOVERNO PARA TODOS\",\"publisher\":{\"@id\":\"https:\\\/\\\/www.cambe.pr.gov.br\\\/#organization\"},\"potentialAction\":[{\"@type\":\"SearchAction\",\"target\":{\"@type\":\"EntryPoint\",\"urlTemplate\":\"https:\\\/\\\/www.cambe.pr.gov.br\\\/?s={search_term_string}\"},\"query-input\":{\"@type\":\"PropertyValueSpecification\",\"valueRequired\":true,\"valueName\":\"search_term_string\"}}],\"inLanguage\":\"pt-BR\"},{\"@type\":\"Organization\",\"@id\":\"https:\\\/\\\/www.cambe.pr.gov.br\\\/#organization\",\"name\":\"Prefeitura de Camb\u00e9\",\"url\":\"https:\\\/\\\/www.cambe.pr.gov.br\\\/\",\"logo\":{\"@type\":\"ImageObject\",\"inLanguage\":\"pt-BR\",\"@id\":\"https:\\\/\\\/www.cambe.pr.gov.br\\\/#\\\/schema\\\/logo\\\/image\\\/\",\"url\":\"https:\\\/\\\/www.cambe.pr.gov.br\\\/wp-content\\\/uploads\\\/2021\\\/01\\\/cropped-cropped-cambe_brazao-icone.png\",\"contentUrl\":\"https:\\\/\\\/www.cambe.pr.gov.br\\\/wp-content\\\/uploads\\\/2021\\\/01\\\/cropped-cropped-cambe_brazao-icone.png\",\"width\":240,\"height\":240,\"caption\":\"Prefeitura de Camb\u00e9\"},\"image\":{\"@id\":\"https:\\\/\\\/www.cambe.pr.gov.br\\\/#\\\/schema\\\/logo\\\/image\\\/\"},\"sameAs\":[\"https:\\\/\\\/m.facebook.com\\\/prefeituradecambe\"]},{\"@type\":\"Person\",\"@id\":\"https:\\\/\\\/www.cambe.pr.gov.br\\\/#\\\/schema\\\/person\\\/e08f7c43a641b2ec036e4e867ec483e4\",\"name\":\"Thiago Mossini Balbino dos Santos\",\"image\":{\"@type\":\"ImageObject\",\"inLanguage\":\"pt-BR\",\"@id\":\"https:\\\/\\\/secure.gravatar.com\\\/avatar\\\/d957ed4e1bc3ebf5769d1003f9709cd2012ebf424eb4a5d76a933fee30e874b6?s=96&d=mm&r=g\",\"url\":\"https:\\\/\\\/secure.gravatar.com\\\/avatar\\\/d957ed4e1bc3ebf5769d1003f9709cd2012ebf424eb4a5d76a933fee30e874b6?s=96&d=mm&r=g\",\"contentUrl\":\"https:\\\/\\\/secure.gravatar.com\\\/avatar\\\/d957ed4e1bc3ebf5769d1003f9709cd2012ebf424eb4a5d76a933fee30e874b6?s=96&d=mm&r=g\",\"caption\":\"Thiago Mossini Balbino dos Santos\"},\"url\":\"https:\\\/\\\/www.cambe.pr.gov.br\\\/index.php\\\/author\\\/tmbsantos\\\/\"}]}<\/script>\n<!-- \/ Yoast SEO plugin. -->","yoast_head_json":{"title":"Departamento de Tr\u00e2nsito e Ciretran lan\u00e7am a Semana Nacional do Transito de 2021 - Prefeitura de Camb\u00e9","robots":{"index":"index","follow":"follow","max-snippet":"max-snippet:-1","max-image-preview":"max-image-preview:large","max-video-preview":"max-video-preview:-1"},"canonical":"https:\/\/www.cambe.pr.gov.br\/index.php\/departamento-de-transito-e-ciretran-lancam-a-semana-nacional-do-transito-de-2021\/","og_locale":"pt_BR","og_type":"article","og_title":"Departamento de Tr\u00e2nsito e Ciretran lan\u00e7am a Semana Nacional do Transito de 2021 - Prefeitura de Camb\u00e9","og_description":"A Prefeitura de Camb\u00e9, por meio do Departamento de Tr\u00e2nsito, a 76\u00aa unidade do Ciretran de Camb\u00e9 e o Rotary Club Hugo Gon\u00e7alves lan\u00e7am neste s\u00e1bado, dia 18 de setembro, as atividades da Semana Nacional do Tr\u00e2nsito de 2021. O tema da campanha deste ano \u00e9 \u201cRespeito e Responsabilidade: sua responsabilidade salva-vidas\u201d e a abertura [&hellip;]","og_url":"https:\/\/www.cambe.pr.gov.br\/index.php\/departamento-de-transito-e-ciretran-lancam-a-semana-nacional-do-transito-de-2021\/","og_site_name":"Prefeitura de Camb\u00e9","article_publisher":"https:\/\/m.facebook.com\/prefeituradecambe","article_published_time":"2021-09-17T20:35:16+00:00","article_modified_time":"2024-10-07T16:00:25+00:00","og_image":[{"url":"http:\/\/www.cambe.pr.gov.br\/wp-content\/uploads\/2021\/09\/WhatsApp-Image-2021-09-17-at-17.34.08-300x200.jpeg","type":"","width":"","height":""}],"author":"Thiago Mossini Balbino dos Santos","twitter_card":"summary_large_image","twitter_misc":{"Escrito por":"Thiago Mossini Balbino dos Santos","Est. tempo de leitura":"1 minuto"},"schema":{"@context":"https:\/\/schema.org","@graph":[{"@type":"Article","@id":"https:\/\/www.cambe.pr.gov.br\/index.php\/departamento-de-transito-e-ciretran-lancam-a-semana-nacional-do-transito-de-2021\/#article","isPartOf":{"@id":"https:\/\/www.cambe.pr.gov.br\/index.php\/departamento-de-transito-e-ciretran-lancam-a-semana-nacional-do-transito-de-2021\/"},"author":{"name":"Thiago Mossini Balbino dos Santos","@id":"https:\/\/www.cambe.pr.gov.br\/#\/schema\/person\/e08f7c43a641b2ec036e4e867ec483e4"},"headline":"Departamento de Tr\u00e2nsito e Ciretran lan\u00e7am a Semana Nacional do Transito de 2021","datePublished":"2021-09-17T20:35:16+00:00","dateModified":"2024-10-07T16:00:25+00:00","mainEntityOfPage":{"@id":"https:\/\/www.cambe.pr.gov.br\/index.php\/departamento-de-transito-e-ciretran-lancam-a-semana-nacional-do-transito-de-2021\/"},"wordCount":261,"publisher":{"@id":"https:\/\/www.cambe.pr.gov.br\/#organization"},"image":{"@id":"https:\/\/www.cambe.pr.gov.br\/index.php\/departamento-de-transito-e-ciretran-lancam-a-semana-nacional-do-transito-de-2021\/#primaryimage"},"thumbnailUrl":"http:\/\/www.cambe.pr.gov.br\/wp-content\/uploads\/2021\/09\/WhatsApp-Image-2021-09-17-at-17.34.08-300x200.jpeg","articleSection":["Principal"],"inLanguage":"pt-BR"},{"@type":"WebPage","@id":"https:\/\/www.cambe.pr.gov.br\/index.php\/departamento-de-transito-e-ciretran-lancam-a-semana-nacional-do-transito-de-2021\/","url":"https:\/\/www.cambe.pr.gov.br\/index.php\/departamento-de-transito-e-ciretran-lancam-a-semana-nacional-do-transito-de-2021\/","name":"Departamento de Tr\u00e2nsito e Ciretran lan\u00e7am a Semana Nacional do Transito de 2021 - Prefeitura de Camb\u00e9","isPartOf":{"@id":"https:\/\/www.cambe.pr.gov.br\/#website"},"primaryImageOfPage":{"@id":"https:\/\/www.cambe.pr.gov.br\/index.php\/departamento-de-transito-e-ciretran-lancam-a-semana-nacional-do-transito-de-2021\/#primaryimage"},"image":{"@id":"https:\/\/www.cambe.pr.gov.br\/index.php\/departamento-de-transito-e-ciretran-lancam-a-semana-nacional-do-transito-de-2021\/#primaryimage"},"thumbnailUrl":"http:\/\/www.cambe.pr.gov.br\/wp-content\/uploads\/2021\/09\/WhatsApp-Image-2021-09-17-at-17.34.08-300x200.jpeg","datePublished":"2021-09-17T20:35:16+00:00","dateModified":"2024-10-07T16:00:25+00:00","breadcrumb":{"@id":"https:\/\/www.cambe.pr.gov.br\/index.php\/departamento-de-transito-e-ciretran-lancam-a-semana-nacional-do-transito-de-2021\/#breadcrumb"},"inLanguage":"pt-BR","potentialAction":[{"@type":"ReadAction","target":["https:\/\/www.cambe.pr.gov.br\/index.php\/departamento-de-transito-e-ciretran-lancam-a-semana-nacional-do-transito-de-2021\/"]}]},{"@type":"ImageObject","inLanguage":"pt-BR","@id":"https:\/\/www.cambe.pr.gov.br\/index.php\/departamento-de-transito-e-ciretran-lancam-a-semana-nacional-do-transito-de-2021\/#primaryimage","url":"http:\/\/www.cambe.pr.gov.br\/wp-content\/uploads\/2021\/09\/WhatsApp-Image-2021-09-17-at-17.34.08-300x200.jpeg","contentUrl":"http:\/\/www.cambe.pr.gov.br\/wp-content\/uploads\/2021\/09\/WhatsApp-Image-2021-09-17-at-17.34.08-300x200.jpeg"},{"@type":"BreadcrumbList","@id":"https:\/\/www.cambe.pr.gov.br\/index.php\/departamento-de-transito-e-ciretran-lancam-a-semana-nacional-do-transito-de-2021\/#breadcrumb","itemListElement":[{"@type":"ListItem","position":1,"name":"In\u00edcio","item":"https:\/\/www.cambe.pr.gov.br\/"},{"@type":"ListItem","position":2,"name":"Departamento de Tr\u00e2nsito e Ciretran lan\u00e7am a Semana Nacional do Transito de 2021"}]},{"@type":"WebSite","@id":"https:\/\/www.cambe.pr.gov.br\/#website","url":"https:\/\/www.cambe.pr.gov.br\/","name":"Prefeitura de Camb\u00e9","description":"UM GOVERNO PARA TODOS","publisher":{"@id":"https:\/\/www.cambe.pr.gov.br\/#organization"},"potentialAction":[{"@type":"SearchAction","target":{"@type":"EntryPoint","urlTemplate":"https:\/\/www.cambe.pr.gov.br\/?s={search_term_string}"},"query-input":{"@type":"PropertyValueSpecification","valueRequired":true,"valueName":"search_term_string"}}],"inLanguage":"pt-BR"},{"@type":"Organization","@id":"https:\/\/www.cambe.pr.gov.br\/#organization","name":"Prefeitura de Camb\u00e9","url":"https:\/\/www.cambe.pr.gov.br\/","logo":{"@type":"ImageObject","inLanguage":"pt-BR","@id":"https:\/\/www.cambe.pr.gov.br\/#\/schema\/logo\/image\/","url":"https:\/\/www.cambe.pr.gov.br\/wp-content\/uploads\/2021\/01\/cropped-cropped-cambe_brazao-icone.png","contentUrl":"https:\/\/www.cambe.pr.gov.br\/wp-content\/uploads\/2021\/01\/cropped-cropped-cambe_brazao-icone.png","width":240,"height":240,"caption":"Prefeitura de Camb\u00e9"},"image":{"@id":"https:\/\/www.cambe.pr.gov.br\/#\/schema\/logo\/image\/"},"sameAs":["https:\/\/m.facebook.com\/prefeituradecambe"]},{"@type":"Person","@id":"https:\/\/www.cambe.pr.gov.br\/#\/schema\/person\/e08f7c43a641b2ec036e4e867ec483e4","name":"Thiago Mossini Balbino dos Santos","image":{"@type":"ImageObject","inLanguage":"pt-BR","@id":"https:\/\/secure.gravatar.com\/avatar\/d957ed4e1bc3ebf5769d1003f9709cd2012ebf424eb4a5d76a933fee30e874b6?s=96&d=mm&r=g","url":"https:\/\/secure.gravatar.com\/avatar\/d957ed4e1bc3ebf5769d1003f9709cd2012ebf424eb4a5d76a933fee30e874b6?s=96&d=mm&r=g","contentUrl":"https:\/\/secure.gravatar.com\/avatar\/d957ed4e1bc3ebf5769d1003f9709cd2012ebf424eb4a5d76a933fee30e874b6?s=96&d=mm&r=g","caption":"Thiago Mossini Balbino dos Santos"},"url":"https:\/\/www.cambe.pr.gov.br\/index.php\/author\/tmbsantos\/"}]}},"_links":{"self":[{"href":"https:\/\/www.cambe.pr.gov.br\/index.php\/wp-json\/wp\/v2\/posts\/3480","targetHints":{"allow":["GET"]}}],"collection":[{"href":"https:\/\/www.cambe.pr.gov.br\/index.php\/wp-json\/wp\/v2\/posts"}],"about":[{"href":"https:\/\/www.cambe.pr.gov.br\/index.php\/wp-json\/wp\/v2\/types\/post"}],"author":[{"embeddable":true,"href":"https:\/\/www.cambe.pr.gov.br\/index.php\/wp-json\/wp\/v2\/users\/2"}],"replies":[{"embeddable":true,"href":"https:\/\/www.cambe.pr.gov.br\/index.php\/wp-json\/wp\/v2\/comments?post=3480"}],"version-history":[{"count":1,"href":"https:\/\/www.cambe.pr.gov.br\/index.php\/wp-json\/wp\/v2\/posts\/3480\/revisions"}],"predecessor-version":[{"id":3482,"href":"https:\/\/www.cambe.pr.gov.br\/index.php\/wp-json\/wp\/v2\/posts\/3480\/revisions\/3482"}],"wp:attachment":[{"href":"https:\/\/www.cambe.pr.gov.br\/index.php\/wp-json\/wp\/v2\/media?parent=3480"}],"wp:term":[{"taxonomy":"category","embeddable":true,"href":"https:\/\/www.cambe.pr.gov.br\/index.php\/wp-json\/wp\/v2\/categories?post=3480"},{"taxonomy":"post_tag","embeddable":true,"href":"https:\/\/www.cambe.pr.gov.br\/index.php\/wp-json\/wp\/v2\/tags?post=3480"}],"curies":[{"name":"wp","href":"https:\/\/api.w.org\/{rel}","templated":true}]}}