{"id":3473,"date":"2021-09-17T15:26:06","date_gmt":"2021-09-17T18:26:06","guid":{"rendered":"http:\/\/www.cambe.pr.gov.br\/?p=3473"},"modified":"2024-10-07T13:00:25","modified_gmt":"2024-10-07T16:00:25","slug":"prefeitura-lanca-curso-de-libras-para-melhorar-atendimento-as-pessoas-com-deficiencia-auditiva","status":"publish","type":"post","link":"https:\/\/www.cambe.pr.gov.br\/index.php\/prefeitura-lanca-curso-de-libras-para-melhorar-atendimento-as-pessoas-com-deficiencia-auditiva\/","title":{"rendered":"Prefeitura lan\u00e7a curso de libras para melhorar atendimento \u00e0s pessoas com defici\u00eancia auditiva"},"content":{"rendered":"<p style=\"text-align: justify;\"><span style=\"font-family: arial, helvetica, sans-serif;\"><img fetchpriority=\"high\" decoding=\"async\" class=\"alignleft wp-image-3474 size-medium\" src=\"https:\/\/www.cambe.pr.gov.br\/wp-content\/uploads\/2021\/09\/deaf-women-communicating-through-sign-language-300x200.jpg\" alt=\"\" width=\"300\" height=\"200\" srcset=\"https:\/\/www.cambe.pr.gov.br\/wp-content\/uploads\/2021\/09\/deaf-women-communicating-through-sign-language-300x200.jpg 300w, https:\/\/www.cambe.pr.gov.br\/wp-content\/uploads\/2021\/09\/deaf-women-communicating-through-sign-language-1024x681.jpg 1024w, https:\/\/www.cambe.pr.gov.br\/wp-content\/uploads\/2021\/09\/deaf-women-communicating-through-sign-language-768x511.jpg 768w, https:\/\/www.cambe.pr.gov.br\/wp-content\/uploads\/2021\/09\/deaf-women-communicating-through-sign-language-1536x1022.jpg 1536w, https:\/\/www.cambe.pr.gov.br\/wp-content\/uploads\/2021\/09\/deaf-women-communicating-through-sign-language-2048x1363.jpg 2048w\" sizes=\"(max-width: 300px) 100vw, 300px\" \/>A Prefeitura de Camb\u00e9, por meio da Secretaria de Trabalho, vai lan\u00e7ar na pr\u00f3xima ter\u00e7a-feira (21), um curso de capacita\u00e7\u00e3o na L\u00edngua Brasileira de Sinais (Libras), dispon\u00edvel para os servidores p\u00fablicos do munic\u00edpio e aberto tamb\u00e9m \u00e0 popula\u00e7\u00e3o. O curso faz parte do Programa de Inclus\u00e3o do Deficiente Auditivo nos Servi\u00e7os P\u00fablicos e vai ser lan\u00e7ado no Dia D, dia da inclus\u00e3o de pessoas com defici\u00eancia no mercado de trabalho, uma parceria entre a Secretaria de Trabalho e a Unidef (Uni\u00e3o dos Deficientes F\u00edsicos de Camb\u00e9). O lan\u00e7amento do curso vai ser na Ag\u00eancia do Trabalhador de Camb\u00e9 (Avenida Inglaterra, 774 \u2013 Centro) a partir das 10h.<\/span><\/p>\n<p style=\"text-align: justify;\"><span style=\"font-family: arial, helvetica, sans-serif;\">Jos\u00e9 Aparecido Rolim, secret\u00e1rio de Trabalho, explica que o curso visa capacitar os servidores p\u00fablicos na L\u00edngua Brasileira de Sinais. \u201cMuitas pessoas com defici\u00eancia auditiva procuram os servi\u00e7os do munic\u00edpio e sempre h\u00e1 uma inseguran\u00e7a por parte dos funcion\u00e1rios em atender essas pessoas. Por isso \u00e9 muito importante essa inclus\u00e3o\u201d.<\/span><\/p>\n<p style=\"text-align: justify;\"><span style=\"font-family: arial, helvetica, sans-serif;\">O prefeito Conrado Scheller ressaltou a import\u00e2ncia inclus\u00e3o. &#8220;O nosso lema \u00e9 &#8216;um governo para todos&#8217; e s\u00e3o todos mesmo, sem ficar ningu\u00e9m sem ser assistido. O curso de Libras para melhor atendermos o deficiente auditivo \u00e9 apenas o come\u00e7o da inclus\u00e3o social que ser\u00e1 feita em Camb\u00e9. Temos que preparar a cidade para quem tem problemas de locomo\u00e7\u00e3o, para o deficiente auditivo, enfim, para todos que t\u00eam necessidades especiais&#8221;, refor\u00e7a Scheller.<\/span><\/p>\n<p style=\"text-align: justify;\"><span style=\"font-family: arial, helvetica, sans-serif;\">O curso est\u00e1 previsto para come\u00e7ar na segunda quinzena de outubro e a pr\u00e9-inscri\u00e7\u00e3o j\u00e1 pode ser feita na Ag\u00eancia do Trabalho pelo telefone ou WhatsApp 3174-0443.<\/span><\/p>\n<p style=\"text-align: justify;\"><span style=\"font-family: arial, helvetica, sans-serif;\">Rolim pontua que, na pr\u00f3xima ter\u00e7a-feira, tamb\u00e9m vai acontecer um atendimento especial para pessoas com defici\u00eancia em virtude do Dia D. \u201cN\u00f3s vamos fazer a intermedia\u00e7\u00e3o entre essas pessoas e vagas de trabalhos espec\u00edficas para o grupo\u201d. O evento tamb\u00e9m vai contar com a presen\u00e7a de representantes de empresas do munic\u00edpio.<\/span><\/p>\n","protected":false},"excerpt":{"rendered":"<p>A Prefeitura de Camb\u00e9, por meio da Secretaria de Trabalho, vai lan\u00e7ar na pr\u00f3xima ter\u00e7a-feira (21), um curso de capacita\u00e7\u00e3o na L\u00edngua Brasileira de Sinais (Libras), dispon\u00edvel para os servidores p\u00fablicos do munic\u00edpio e aberto tamb\u00e9m \u00e0 popula\u00e7\u00e3o. O curso faz parte do Programa de Inclus\u00e3o do Deficiente Auditivo nos Servi\u00e7os P\u00fablicos e vai ser [&hellip;]<\/p>\n","protected":false},"author":2,"featured_media":0,"comment_status":"closed","ping_status":"open","sticky":false,"template":"","format":"standard","meta":{"ngg_post_thumbnail":0,"footnotes":""},"categories":[1],"tags":[],"class_list":["post-3473","post","type-post","status-publish","format-standard","hentry","category-principal"],"yoast_head":"<!-- This site is optimized with the Yoast SEO plugin v27.4 - https:\/\/yoast.com\/product\/yoast-seo-wordpress\/ -->\n<title>Prefeitura lan\u00e7a curso de libras para melhorar atendimento \u00e0s pessoas com defici\u00eancia auditiva - Prefeitura de Camb\u00e9<\/title>\n<meta name=\"robots\" content=\"index, follow, max-snippet:-1, max-image-preview:large, max-video-preview:-1\" \/>\n<link rel=\"canonical\" href=\"https:\/\/www.cambe.pr.gov.br\/index.php\/prefeitura-lanca-curso-de-libras-para-melhorar-atendimento-as-pessoas-com-deficiencia-auditiva\/\" \/>\n<meta property=\"og:locale\" content=\"pt_BR\" \/>\n<meta property=\"og:type\" content=\"article\" \/>\n<meta property=\"og:title\" content=\"Prefeitura lan\u00e7a curso de libras para melhorar atendimento \u00e0s pessoas com defici\u00eancia auditiva - Prefeitura de Camb\u00e9\" \/>\n<meta property=\"og:description\" content=\"A Prefeitura de Camb\u00e9, por meio da Secretaria de Trabalho, vai lan\u00e7ar na pr\u00f3xima ter\u00e7a-feira (21), um curso de capacita\u00e7\u00e3o na L\u00edngua Brasileira de Sinais (Libras), dispon\u00edvel para os servidores p\u00fablicos do munic\u00edpio e aberto tamb\u00e9m \u00e0 popula\u00e7\u00e3o. O curso faz parte do Programa de Inclus\u00e3o do Deficiente Auditivo nos Servi\u00e7os P\u00fablicos e vai ser [&hellip;]\" \/>\n<meta property=\"og:url\" content=\"https:\/\/www.cambe.pr.gov.br\/index.php\/prefeitura-lanca-curso-de-libras-para-melhorar-atendimento-as-pessoas-com-deficiencia-auditiva\/\" \/>\n<meta property=\"og:site_name\" content=\"Prefeitura de Camb\u00e9\" \/>\n<meta property=\"article:publisher\" content=\"https:\/\/m.facebook.com\/prefeituradecambe\" \/>\n<meta property=\"article:published_time\" content=\"2021-09-17T18:26:06+00:00\" \/>\n<meta property=\"article:modified_time\" content=\"2024-10-07T16:00:25+00:00\" \/>\n<meta property=\"og:image\" content=\"http:\/\/www.cambe.pr.gov.br\/wp-content\/uploads\/2021\/09\/deaf-women-communicating-through-sign-language-300x200.jpg\" \/>\n<meta name=\"author\" content=\"Thiago Mossini Balbino dos Santos\" \/>\n<meta name=\"twitter:card\" content=\"summary_large_image\" \/>\n<meta name=\"twitter:label1\" content=\"Escrito por\" \/>\n\t<meta name=\"twitter:data1\" content=\"Thiago Mossini Balbino dos Santos\" \/>\n\t<meta name=\"twitter:label2\" content=\"Est. tempo de leitura\" \/>\n\t<meta name=\"twitter:data2\" content=\"2 minutos\" \/>\n<script type=\"application\/ld+json\" class=\"yoast-schema-graph\">{\"@context\":\"https:\\\/\\\/schema.org\",\"@graph\":[{\"@type\":\"Article\",\"@id\":\"https:\\\/\\\/www.cambe.pr.gov.br\\\/index.php\\\/prefeitura-lanca-curso-de-libras-para-melhorar-atendimento-as-pessoas-com-deficiencia-auditiva\\\/#article\",\"isPartOf\":{\"@id\":\"https:\\\/\\\/www.cambe.pr.gov.br\\\/index.php\\\/prefeitura-lanca-curso-de-libras-para-melhorar-atendimento-as-pessoas-com-deficiencia-auditiva\\\/\"},\"author\":{\"name\":\"Thiago Mossini Balbino dos Santos\",\"@id\":\"https:\\\/\\\/www.cambe.pr.gov.br\\\/#\\\/schema\\\/person\\\/e08f7c43a641b2ec036e4e867ec483e4\"},\"headline\":\"Prefeitura lan\u00e7a curso de libras para melhorar atendimento \u00e0s pessoas com defici\u00eancia auditiva\",\"datePublished\":\"2021-09-17T18:26:06+00:00\",\"dateModified\":\"2024-10-07T16:00:25+00:00\",\"mainEntityOfPage\":{\"@id\":\"https:\\\/\\\/www.cambe.pr.gov.br\\\/index.php\\\/prefeitura-lanca-curso-de-libras-para-melhorar-atendimento-as-pessoas-com-deficiencia-auditiva\\\/\"},\"wordCount\":367,\"publisher\":{\"@id\":\"https:\\\/\\\/www.cambe.pr.gov.br\\\/#organization\"},\"image\":{\"@id\":\"https:\\\/\\\/www.cambe.pr.gov.br\\\/index.php\\\/prefeitura-lanca-curso-de-libras-para-melhorar-atendimento-as-pessoas-com-deficiencia-auditiva\\\/#primaryimage\"},\"thumbnailUrl\":\"http:\\\/\\\/www.cambe.pr.gov.br\\\/wp-content\\\/uploads\\\/2021\\\/09\\\/deaf-women-communicating-through-sign-language-300x200.jpg\",\"articleSection\":[\"Principal\"],\"inLanguage\":\"pt-BR\"},{\"@type\":\"WebPage\",\"@id\":\"https:\\\/\\\/www.cambe.pr.gov.br\\\/index.php\\\/prefeitura-lanca-curso-de-libras-para-melhorar-atendimento-as-pessoas-com-deficiencia-auditiva\\\/\",\"url\":\"https:\\\/\\\/www.cambe.pr.gov.br\\\/index.php\\\/prefeitura-lanca-curso-de-libras-para-melhorar-atendimento-as-pessoas-com-deficiencia-auditiva\\\/\",\"name\":\"Prefeitura lan\u00e7a curso de libras para melhorar atendimento \u00e0s pessoas com defici\u00eancia auditiva - Prefeitura de Camb\u00e9\",\"isPartOf\":{\"@id\":\"https:\\\/\\\/www.cambe.pr.gov.br\\\/#website\"},\"primaryImageOfPage\":{\"@id\":\"https:\\\/\\\/www.cambe.pr.gov.br\\\/index.php\\\/prefeitura-lanca-curso-de-libras-para-melhorar-atendimento-as-pessoas-com-deficiencia-auditiva\\\/#primaryimage\"},\"image\":{\"@id\":\"https:\\\/\\\/www.cambe.pr.gov.br\\\/index.php\\\/prefeitura-lanca-curso-de-libras-para-melhorar-atendimento-as-pessoas-com-deficiencia-auditiva\\\/#primaryimage\"},\"thumbnailUrl\":\"http:\\\/\\\/www.cambe.pr.gov.br\\\/wp-content\\\/uploads\\\/2021\\\/09\\\/deaf-women-communicating-through-sign-language-300x200.jpg\",\"datePublished\":\"2021-09-17T18:26:06+00:00\",\"dateModified\":\"2024-10-07T16:00:25+00:00\",\"breadcrumb\":{\"@id\":\"https:\\\/\\\/www.cambe.pr.gov.br\\\/index.php\\\/prefeitura-lanca-curso-de-libras-para-melhorar-atendimento-as-pessoas-com-deficiencia-auditiva\\\/#breadcrumb\"},\"inLanguage\":\"pt-BR\",\"potentialAction\":[{\"@type\":\"ReadAction\",\"target\":[\"https:\\\/\\\/www.cambe.pr.gov.br\\\/index.php\\\/prefeitura-lanca-curso-de-libras-para-melhorar-atendimento-as-pessoas-com-deficiencia-auditiva\\\/\"]}]},{\"@type\":\"ImageObject\",\"inLanguage\":\"pt-BR\",\"@id\":\"https:\\\/\\\/www.cambe.pr.gov.br\\\/index.php\\\/prefeitura-lanca-curso-de-libras-para-melhorar-atendimento-as-pessoas-com-deficiencia-auditiva\\\/#primaryimage\",\"url\":\"http:\\\/\\\/www.cambe.pr.gov.br\\\/wp-content\\\/uploads\\\/2021\\\/09\\\/deaf-women-communicating-through-sign-language-300x200.jpg\",\"contentUrl\":\"http:\\\/\\\/www.cambe.pr.gov.br\\\/wp-content\\\/uploads\\\/2021\\\/09\\\/deaf-women-communicating-through-sign-language-300x200.jpg\"},{\"@type\":\"BreadcrumbList\",\"@id\":\"https:\\\/\\\/www.cambe.pr.gov.br\\\/index.php\\\/prefeitura-lanca-curso-de-libras-para-melhorar-atendimento-as-pessoas-com-deficiencia-auditiva\\\/#breadcrumb\",\"itemListElement\":[{\"@type\":\"ListItem\",\"position\":1,\"name\":\"In\u00edcio\",\"item\":\"https:\\\/\\\/www.cambe.pr.gov.br\\\/\"},{\"@type\":\"ListItem\",\"position\":2,\"name\":\"Prefeitura lan\u00e7a curso de libras para melhorar atendimento \u00e0s pessoas com defici\u00eancia auditiva\"}]},{\"@type\":\"WebSite\",\"@id\":\"https:\\\/\\\/www.cambe.pr.gov.br\\\/#website\",\"url\":\"https:\\\/\\\/www.cambe.pr.gov.br\\\/\",\"name\":\"Prefeitura de Camb\u00e9\",\"description\":\"UM GOVERNO PARA TODOS\",\"publisher\":{\"@id\":\"https:\\\/\\\/www.cambe.pr.gov.br\\\/#organization\"},\"potentialAction\":[{\"@type\":\"SearchAction\",\"target\":{\"@type\":\"EntryPoint\",\"urlTemplate\":\"https:\\\/\\\/www.cambe.pr.gov.br\\\/?s={search_term_string}\"},\"query-input\":{\"@type\":\"PropertyValueSpecification\",\"valueRequired\":true,\"valueName\":\"search_term_string\"}}],\"inLanguage\":\"pt-BR\"},{\"@type\":\"Organization\",\"@id\":\"https:\\\/\\\/www.cambe.pr.gov.br\\\/#organization\",\"name\":\"Prefeitura de Camb\u00e9\",\"url\":\"https:\\\/\\\/www.cambe.pr.gov.br\\\/\",\"logo\":{\"@type\":\"ImageObject\",\"inLanguage\":\"pt-BR\",\"@id\":\"https:\\\/\\\/www.cambe.pr.gov.br\\\/#\\\/schema\\\/logo\\\/image\\\/\",\"url\":\"https:\\\/\\\/www.cambe.pr.gov.br\\\/wp-content\\\/uploads\\\/2021\\\/01\\\/cropped-cropped-cambe_brazao-icone.png\",\"contentUrl\":\"https:\\\/\\\/www.cambe.pr.gov.br\\\/wp-content\\\/uploads\\\/2021\\\/01\\\/cropped-cropped-cambe_brazao-icone.png\",\"width\":240,\"height\":240,\"caption\":\"Prefeitura de Camb\u00e9\"},\"image\":{\"@id\":\"https:\\\/\\\/www.cambe.pr.gov.br\\\/#\\\/schema\\\/logo\\\/image\\\/\"},\"sameAs\":[\"https:\\\/\\\/m.facebook.com\\\/prefeituradecambe\"]},{\"@type\":\"Person\",\"@id\":\"https:\\\/\\\/www.cambe.pr.gov.br\\\/#\\\/schema\\\/person\\\/e08f7c43a641b2ec036e4e867ec483e4\",\"name\":\"Thiago Mossini Balbino dos Santos\",\"image\":{\"@type\":\"ImageObject\",\"inLanguage\":\"pt-BR\",\"@id\":\"https:\\\/\\\/secure.gravatar.com\\\/avatar\\\/d957ed4e1bc3ebf5769d1003f9709cd2012ebf424eb4a5d76a933fee30e874b6?s=96&d=mm&r=g\",\"url\":\"https:\\\/\\\/secure.gravatar.com\\\/avatar\\\/d957ed4e1bc3ebf5769d1003f9709cd2012ebf424eb4a5d76a933fee30e874b6?s=96&d=mm&r=g\",\"contentUrl\":\"https:\\\/\\\/secure.gravatar.com\\\/avatar\\\/d957ed4e1bc3ebf5769d1003f9709cd2012ebf424eb4a5d76a933fee30e874b6?s=96&d=mm&r=g\",\"caption\":\"Thiago Mossini Balbino dos Santos\"},\"url\":\"https:\\\/\\\/www.cambe.pr.gov.br\\\/index.php\\\/author\\\/tmbsantos\\\/\"}]}<\/script>\n<!-- \/ Yoast SEO plugin. -->","yoast_head_json":{"title":"Prefeitura lan\u00e7a curso de libras para melhorar atendimento \u00e0s pessoas com defici\u00eancia auditiva - Prefeitura de Camb\u00e9","robots":{"index":"index","follow":"follow","max-snippet":"max-snippet:-1","max-image-preview":"max-image-preview:large","max-video-preview":"max-video-preview:-1"},"canonical":"https:\/\/www.cambe.pr.gov.br\/index.php\/prefeitura-lanca-curso-de-libras-para-melhorar-atendimento-as-pessoas-com-deficiencia-auditiva\/","og_locale":"pt_BR","og_type":"article","og_title":"Prefeitura lan\u00e7a curso de libras para melhorar atendimento \u00e0s pessoas com defici\u00eancia auditiva - Prefeitura de Camb\u00e9","og_description":"A Prefeitura de Camb\u00e9, por meio da Secretaria de Trabalho, vai lan\u00e7ar na pr\u00f3xima ter\u00e7a-feira (21), um curso de capacita\u00e7\u00e3o na L\u00edngua Brasileira de Sinais (Libras), dispon\u00edvel para os servidores p\u00fablicos do munic\u00edpio e aberto tamb\u00e9m \u00e0 popula\u00e7\u00e3o. O curso faz parte do Programa de Inclus\u00e3o do Deficiente Auditivo nos Servi\u00e7os P\u00fablicos e vai ser [&hellip;]","og_url":"https:\/\/www.cambe.pr.gov.br\/index.php\/prefeitura-lanca-curso-de-libras-para-melhorar-atendimento-as-pessoas-com-deficiencia-auditiva\/","og_site_name":"Prefeitura de Camb\u00e9","article_publisher":"https:\/\/m.facebook.com\/prefeituradecambe","article_published_time":"2021-09-17T18:26:06+00:00","article_modified_time":"2024-10-07T16:00:25+00:00","og_image":[{"url":"http:\/\/www.cambe.pr.gov.br\/wp-content\/uploads\/2021\/09\/deaf-women-communicating-through-sign-language-300x200.jpg","type":"","width":"","height":""}],"author":"Thiago Mossini Balbino dos Santos","twitter_card":"summary_large_image","twitter_misc":{"Escrito por":"Thiago Mossini Balbino dos Santos","Est. tempo de leitura":"2 minutos"},"schema":{"@context":"https:\/\/schema.org","@graph":[{"@type":"Article","@id":"https:\/\/www.cambe.pr.gov.br\/index.php\/prefeitura-lanca-curso-de-libras-para-melhorar-atendimento-as-pessoas-com-deficiencia-auditiva\/#article","isPartOf":{"@id":"https:\/\/www.cambe.pr.gov.br\/index.php\/prefeitura-lanca-curso-de-libras-para-melhorar-atendimento-as-pessoas-com-deficiencia-auditiva\/"},"author":{"name":"Thiago Mossini Balbino dos Santos","@id":"https:\/\/www.cambe.pr.gov.br\/#\/schema\/person\/e08f7c43a641b2ec036e4e867ec483e4"},"headline":"Prefeitura lan\u00e7a curso de libras para melhorar atendimento \u00e0s pessoas com defici\u00eancia auditiva","datePublished":"2021-09-17T18:26:06+00:00","dateModified":"2024-10-07T16:00:25+00:00","mainEntityOfPage":{"@id":"https:\/\/www.cambe.pr.gov.br\/index.php\/prefeitura-lanca-curso-de-libras-para-melhorar-atendimento-as-pessoas-com-deficiencia-auditiva\/"},"wordCount":367,"publisher":{"@id":"https:\/\/www.cambe.pr.gov.br\/#organization"},"image":{"@id":"https:\/\/www.cambe.pr.gov.br\/index.php\/prefeitura-lanca-curso-de-libras-para-melhorar-atendimento-as-pessoas-com-deficiencia-auditiva\/#primaryimage"},"thumbnailUrl":"http:\/\/www.cambe.pr.gov.br\/wp-content\/uploads\/2021\/09\/deaf-women-communicating-through-sign-language-300x200.jpg","articleSection":["Principal"],"inLanguage":"pt-BR"},{"@type":"WebPage","@id":"https:\/\/www.cambe.pr.gov.br\/index.php\/prefeitura-lanca-curso-de-libras-para-melhorar-atendimento-as-pessoas-com-deficiencia-auditiva\/","url":"https:\/\/www.cambe.pr.gov.br\/index.php\/prefeitura-lanca-curso-de-libras-para-melhorar-atendimento-as-pessoas-com-deficiencia-auditiva\/","name":"Prefeitura lan\u00e7a curso de libras para melhorar atendimento \u00e0s pessoas com defici\u00eancia auditiva - Prefeitura de Camb\u00e9","isPartOf":{"@id":"https:\/\/www.cambe.pr.gov.br\/#website"},"primaryImageOfPage":{"@id":"https:\/\/www.cambe.pr.gov.br\/index.php\/prefeitura-lanca-curso-de-libras-para-melhorar-atendimento-as-pessoas-com-deficiencia-auditiva\/#primaryimage"},"image":{"@id":"https:\/\/www.cambe.pr.gov.br\/index.php\/prefeitura-lanca-curso-de-libras-para-melhorar-atendimento-as-pessoas-com-deficiencia-auditiva\/#primaryimage"},"thumbnailUrl":"http:\/\/www.cambe.pr.gov.br\/wp-content\/uploads\/2021\/09\/deaf-women-communicating-through-sign-language-300x200.jpg","datePublished":"2021-09-17T18:26:06+00:00","dateModified":"2024-10-07T16:00:25+00:00","breadcrumb":{"@id":"https:\/\/www.cambe.pr.gov.br\/index.php\/prefeitura-lanca-curso-de-libras-para-melhorar-atendimento-as-pessoas-com-deficiencia-auditiva\/#breadcrumb"},"inLanguage":"pt-BR","potentialAction":[{"@type":"ReadAction","target":["https:\/\/www.cambe.pr.gov.br\/index.php\/prefeitura-lanca-curso-de-libras-para-melhorar-atendimento-as-pessoas-com-deficiencia-auditiva\/"]}]},{"@type":"ImageObject","inLanguage":"pt-BR","@id":"https:\/\/www.cambe.pr.gov.br\/index.php\/prefeitura-lanca-curso-de-libras-para-melhorar-atendimento-as-pessoas-com-deficiencia-auditiva\/#primaryimage","url":"http:\/\/www.cambe.pr.gov.br\/wp-content\/uploads\/2021\/09\/deaf-women-communicating-through-sign-language-300x200.jpg","contentUrl":"http:\/\/www.cambe.pr.gov.br\/wp-content\/uploads\/2021\/09\/deaf-women-communicating-through-sign-language-300x200.jpg"},{"@type":"BreadcrumbList","@id":"https:\/\/www.cambe.pr.gov.br\/index.php\/prefeitura-lanca-curso-de-libras-para-melhorar-atendimento-as-pessoas-com-deficiencia-auditiva\/#breadcrumb","itemListElement":[{"@type":"ListItem","position":1,"name":"In\u00edcio","item":"https:\/\/www.cambe.pr.gov.br\/"},{"@type":"ListItem","position":2,"name":"Prefeitura lan\u00e7a curso de libras para melhorar atendimento \u00e0s pessoas com defici\u00eancia auditiva"}]},{"@type":"WebSite","@id":"https:\/\/www.cambe.pr.gov.br\/#website","url":"https:\/\/www.cambe.pr.gov.br\/","name":"Prefeitura de Camb\u00e9","description":"UM GOVERNO PARA TODOS","publisher":{"@id":"https:\/\/www.cambe.pr.gov.br\/#organization"},"potentialAction":[{"@type":"SearchAction","target":{"@type":"EntryPoint","urlTemplate":"https:\/\/www.cambe.pr.gov.br\/?s={search_term_string}"},"query-input":{"@type":"PropertyValueSpecification","valueRequired":true,"valueName":"search_term_string"}}],"inLanguage":"pt-BR"},{"@type":"Organization","@id":"https:\/\/www.cambe.pr.gov.br\/#organization","name":"Prefeitura de Camb\u00e9","url":"https:\/\/www.cambe.pr.gov.br\/","logo":{"@type":"ImageObject","inLanguage":"pt-BR","@id":"https:\/\/www.cambe.pr.gov.br\/#\/schema\/logo\/image\/","url":"https:\/\/www.cambe.pr.gov.br\/wp-content\/uploads\/2021\/01\/cropped-cropped-cambe_brazao-icone.png","contentUrl":"https:\/\/www.cambe.pr.gov.br\/wp-content\/uploads\/2021\/01\/cropped-cropped-cambe_brazao-icone.png","width":240,"height":240,"caption":"Prefeitura de Camb\u00e9"},"image":{"@id":"https:\/\/www.cambe.pr.gov.br\/#\/schema\/logo\/image\/"},"sameAs":["https:\/\/m.facebook.com\/prefeituradecambe"]},{"@type":"Person","@id":"https:\/\/www.cambe.pr.gov.br\/#\/schema\/person\/e08f7c43a641b2ec036e4e867ec483e4","name":"Thiago Mossini Balbino dos Santos","image":{"@type":"ImageObject","inLanguage":"pt-BR","@id":"https:\/\/secure.gravatar.com\/avatar\/d957ed4e1bc3ebf5769d1003f9709cd2012ebf424eb4a5d76a933fee30e874b6?s=96&d=mm&r=g","url":"https:\/\/secure.gravatar.com\/avatar\/d957ed4e1bc3ebf5769d1003f9709cd2012ebf424eb4a5d76a933fee30e874b6?s=96&d=mm&r=g","contentUrl":"https:\/\/secure.gravatar.com\/avatar\/d957ed4e1bc3ebf5769d1003f9709cd2012ebf424eb4a5d76a933fee30e874b6?s=96&d=mm&r=g","caption":"Thiago Mossini Balbino dos Santos"},"url":"https:\/\/www.cambe.pr.gov.br\/index.php\/author\/tmbsantos\/"}]}},"_links":{"self":[{"href":"https:\/\/www.cambe.pr.gov.br\/index.php\/wp-json\/wp\/v2\/posts\/3473","targetHints":{"allow":["GET"]}}],"collection":[{"href":"https:\/\/www.cambe.pr.gov.br\/index.php\/wp-json\/wp\/v2\/posts"}],"about":[{"href":"https:\/\/www.cambe.pr.gov.br\/index.php\/wp-json\/wp\/v2\/types\/post"}],"author":[{"embeddable":true,"href":"https:\/\/www.cambe.pr.gov.br\/index.php\/wp-json\/wp\/v2\/users\/2"}],"replies":[{"embeddable":true,"href":"https:\/\/www.cambe.pr.gov.br\/index.php\/wp-json\/wp\/v2\/comments?post=3473"}],"version-history":[{"count":1,"href":"https:\/\/www.cambe.pr.gov.br\/index.php\/wp-json\/wp\/v2\/posts\/3473\/revisions"}],"predecessor-version":[{"id":3475,"href":"https:\/\/www.cambe.pr.gov.br\/index.php\/wp-json\/wp\/v2\/posts\/3473\/revisions\/3475"}],"wp:attachment":[{"href":"https:\/\/www.cambe.pr.gov.br\/index.php\/wp-json\/wp\/v2\/media?parent=3473"}],"wp:term":[{"taxonomy":"category","embeddable":true,"href":"https:\/\/www.cambe.pr.gov.br\/index.php\/wp-json\/wp\/v2\/categories?post=3473"},{"taxonomy":"post_tag","embeddable":true,"href":"https:\/\/www.cambe.pr.gov.br\/index.php\/wp-json\/wp\/v2\/tags?post=3473"}],"curies":[{"name":"wp","href":"https:\/\/api.w.org\/{rel}","templated":true}]}}