{"id":3462,"date":"2021-09-16T14:18:18","date_gmt":"2021-09-16T17:18:18","guid":{"rendered":"http:\/\/www.cambe.pr.gov.br\/?p=3462"},"modified":"2024-10-07T13:00:25","modified_gmt":"2024-10-07T16:00:25","slug":"castramovel-esta-com-cadastro-aberto-para-esterilizacao-de-caes-e-gatos-da-cidade","status":"publish","type":"post","link":"https:\/\/www.cambe.pr.gov.br\/index.php\/castramovel-esta-com-cadastro-aberto-para-esterilizacao-de-caes-e-gatos-da-cidade\/","title":{"rendered":"Castram\u00f3vel est\u00e1 com cadastro aberto para esteriliza\u00e7\u00e3o de c\u00e3es e gatos da cidade"},"content":{"rendered":"<p style=\"text-align: justify;\"><span style=\"font-family: arial, helvetica, sans-serif;\"><img fetchpriority=\"high\" decoding=\"async\" class=\"size-medium wp-image-3471 alignleft\" src=\"https:\/\/www.cambe.pr.gov.br\/wp-content\/uploads\/2021\/09\/castrapet-300x200.jpg\" alt=\"\" width=\"300\" height=\"200\" srcset=\"https:\/\/www.cambe.pr.gov.br\/wp-content\/uploads\/2021\/09\/castrapet-300x200.jpg 300w, https:\/\/www.cambe.pr.gov.br\/wp-content\/uploads\/2021\/09\/castrapet.jpg 625w\" sizes=\"(max-width: 300px) 100vw, 300px\" \/>A Prefeitura de Camb\u00e9, por meio da Secretaria de Meio Ambiente, e da Secretaria Estadual de Desenvolvimento Sustent\u00e1vel e Turismo v\u00e3o castrar animais dom\u00e9sticos da cidade atrav\u00e9s do Programa Castram\u00f3vel. Essa \u00e9 a primeira vez que o projeto vem para Camb\u00e9 e veio por meio de uma emenda parlamentar do deputado estadual Tiago Amaral, que visa reduzir a popula\u00e7\u00e3o de c\u00e3es e gatos nas ruas e a preven\u00e7\u00e3o de zoonoses.. Podem fazer o pr\u00e9-cadastro pessoas de baixa renda que s\u00e3o tutores de c\u00e3es e gatos de ambos os sexos. Animais em situa\u00e7\u00e3o de risco que est\u00e3o sob a tutela de Organiza\u00e7\u00f5es N\u00e3o Governamentais ou protetores independentes tamb\u00e9m poder\u00e3o ser atendidos. O pr\u00e9-cadastro poder ser feito at\u00e9 o dia 20 de setembro pelo telefone 3174-0490. A castra\u00e7\u00e3o vai acontecer nos dias 22 e 23 desse m\u00eas e 116 animais de estima\u00e7\u00e3o v\u00e3o ser atendidos nesta etapa.<\/span><\/p>\n<p style=\"text-align: justify;\"><span style=\"font-family: arial, helvetica, sans-serif;\">Quem tem animal de estima\u00e7\u00e3o j\u00e1 sabe que o melhor para o bicho \u00e9 a castra\u00e7\u00e3o. Apesar de ser o indicado, nem todos tem condi\u00e7\u00f5es de pagar essa cirurgia ao seu pet. Pensando nisso, a Secretaria de Estado do Desenvolvimento Sustent\u00e1vel e do Turismo (Sedest) \u2013 criou o programa estadual de castra\u00e7\u00e3o, no qual uma cl\u00ednica veterin\u00e1ria percorre os munic\u00edpios do Paran\u00e1 para realizar o procedimento para fam\u00edlias de baixa renda e protetores.<\/span><\/p>\n<p style=\"text-align: justify;\"><span style=\"font-family: arial, helvetica, sans-serif;\">Maur\u00edcio Gomes, chefe da Divis\u00e3o de \u00c1reas Verdes da Secretaria de Meio Ambiente, explica que a demanda por castra\u00e7\u00f5es na cidade \u00e9 muito grande: \u201cos tutores que n\u00e3o forem contemplados nessa etapa v\u00e3o ficar na fila de espera para a pr\u00f3xima\u201d. De acordo ele, novos agendamentos v\u00e3o ser disponibilizados nos pr\u00f3ximos meses. \u201cA castra\u00e7\u00e3o \u00e9 o melhor caminho para diminuir as zoonoses e os animais nas ruas\u201d, pontua.<\/span><\/p>\n<p style=\"text-align: justify;\"><span style=\"font-family: arial, helvetica, sans-serif;\">Gomes ressalta que s\u00f3 v\u00e3o ser atendimentos no dia da castra\u00e7\u00e3o os animais dos tutores que receberam a confirma\u00e7\u00e3o por telefone da Prefeitura de Camb\u00e9. Nos dias 22 e 23, os atendimentos v\u00e3o come\u00e7ar \u00e0s 8h e v\u00e3o at\u00e9 \u00e0s 15h: \u201ccada esp\u00e9cie de animal vai ocupar uma faixa de hor\u00e1rio\u201d. Maur\u00edcio Gomes destaca que o tutor vai ser respons\u00e1vel pelo transporte do animal e deve ficar no local at\u00e9 o pet ter alta cl\u00ednica dos profissionais. Os atendimentos v\u00e3o acontecer no Centro Cultural (Rua Otto Gaertner, 210) e qualquer d\u00favida tamb\u00e9m poder ser consultada pelo telefone 3174-0490. <\/span><\/p>\n","protected":false},"excerpt":{"rendered":"<p>A Prefeitura de Camb\u00e9, por meio da Secretaria de Meio Ambiente, e da Secretaria Estadual de Desenvolvimento Sustent\u00e1vel e Turismo v\u00e3o castrar animais dom\u00e9sticos da cidade atrav\u00e9s do Programa Castram\u00f3vel. Essa \u00e9 a primeira vez que o projeto vem para Camb\u00e9 e veio por meio de uma emenda parlamentar do deputado estadual Tiago Amaral, que [&hellip;]<\/p>\n","protected":false},"author":2,"featured_media":0,"comment_status":"closed","ping_status":"open","sticky":false,"template":"","format":"standard","meta":{"ngg_post_thumbnail":0,"footnotes":""},"categories":[1],"tags":[],"class_list":["post-3462","post","type-post","status-publish","format-standard","hentry","category-principal"],"yoast_head":"<!-- This site is optimized with the Yoast SEO plugin v27.4 - https:\/\/yoast.com\/product\/yoast-seo-wordpress\/ -->\n<title>Castram\u00f3vel est\u00e1 com cadastro aberto para esteriliza\u00e7\u00e3o de c\u00e3es e gatos da cidade - Prefeitura de Camb\u00e9<\/title>\n<meta name=\"robots\" content=\"index, follow, max-snippet:-1, max-image-preview:large, max-video-preview:-1\" \/>\n<link rel=\"canonical\" href=\"https:\/\/www.cambe.pr.gov.br\/index.php\/castramovel-esta-com-cadastro-aberto-para-esterilizacao-de-caes-e-gatos-da-cidade\/\" \/>\n<meta property=\"og:locale\" content=\"pt_BR\" \/>\n<meta property=\"og:type\" content=\"article\" \/>\n<meta property=\"og:title\" content=\"Castram\u00f3vel est\u00e1 com cadastro aberto para esteriliza\u00e7\u00e3o de c\u00e3es e gatos da cidade - Prefeitura de Camb\u00e9\" \/>\n<meta property=\"og:description\" content=\"A Prefeitura de Camb\u00e9, por meio da Secretaria de Meio Ambiente, e da Secretaria Estadual de Desenvolvimento Sustent\u00e1vel e Turismo v\u00e3o castrar animais dom\u00e9sticos da cidade atrav\u00e9s do Programa Castram\u00f3vel. Essa \u00e9 a primeira vez que o projeto vem para Camb\u00e9 e veio por meio de uma emenda parlamentar do deputado estadual Tiago Amaral, que [&hellip;]\" \/>\n<meta property=\"og:url\" content=\"https:\/\/www.cambe.pr.gov.br\/index.php\/castramovel-esta-com-cadastro-aberto-para-esterilizacao-de-caes-e-gatos-da-cidade\/\" \/>\n<meta property=\"og:site_name\" content=\"Prefeitura de Camb\u00e9\" \/>\n<meta property=\"article:publisher\" content=\"https:\/\/m.facebook.com\/prefeituradecambe\" \/>\n<meta property=\"article:published_time\" content=\"2021-09-16T17:18:18+00:00\" \/>\n<meta property=\"article:modified_time\" content=\"2024-10-07T16:00:25+00:00\" \/>\n<meta property=\"og:image\" content=\"http:\/\/www.cambe.pr.gov.br\/wp-content\/uploads\/2021\/09\/castrapet-300x200.jpg\" \/>\n<meta name=\"author\" content=\"Thiago Mossini Balbino dos Santos\" \/>\n<meta name=\"twitter:card\" content=\"summary_large_image\" \/>\n<meta name=\"twitter:label1\" content=\"Escrito por\" \/>\n\t<meta name=\"twitter:data1\" content=\"Thiago Mossini Balbino dos Santos\" \/>\n\t<meta name=\"twitter:label2\" content=\"Est. tempo de leitura\" \/>\n\t<meta name=\"twitter:data2\" content=\"2 minutos\" \/>\n<script type=\"application\/ld+json\" class=\"yoast-schema-graph\">{\"@context\":\"https:\\\/\\\/schema.org\",\"@graph\":[{\"@type\":\"Article\",\"@id\":\"https:\\\/\\\/www.cambe.pr.gov.br\\\/index.php\\\/castramovel-esta-com-cadastro-aberto-para-esterilizacao-de-caes-e-gatos-da-cidade\\\/#article\",\"isPartOf\":{\"@id\":\"https:\\\/\\\/www.cambe.pr.gov.br\\\/index.php\\\/castramovel-esta-com-cadastro-aberto-para-esterilizacao-de-caes-e-gatos-da-cidade\\\/\"},\"author\":{\"name\":\"Thiago Mossini Balbino dos Santos\",\"@id\":\"https:\\\/\\\/www.cambe.pr.gov.br\\\/#\\\/schema\\\/person\\\/e08f7c43a641b2ec036e4e867ec483e4\"},\"headline\":\"Castram\u00f3vel est\u00e1 com cadastro aberto para esteriliza\u00e7\u00e3o de c\u00e3es e gatos da cidade\",\"datePublished\":\"2021-09-16T17:18:18+00:00\",\"dateModified\":\"2024-10-07T16:00:25+00:00\",\"mainEntityOfPage\":{\"@id\":\"https:\\\/\\\/www.cambe.pr.gov.br\\\/index.php\\\/castramovel-esta-com-cadastro-aberto-para-esterilizacao-de-caes-e-gatos-da-cidade\\\/\"},\"wordCount\":442,\"publisher\":{\"@id\":\"https:\\\/\\\/www.cambe.pr.gov.br\\\/#organization\"},\"image\":{\"@id\":\"https:\\\/\\\/www.cambe.pr.gov.br\\\/index.php\\\/castramovel-esta-com-cadastro-aberto-para-esterilizacao-de-caes-e-gatos-da-cidade\\\/#primaryimage\"},\"thumbnailUrl\":\"http:\\\/\\\/www.cambe.pr.gov.br\\\/wp-content\\\/uploads\\\/2021\\\/09\\\/castrapet-300x200.jpg\",\"articleSection\":[\"Principal\"],\"inLanguage\":\"pt-BR\"},{\"@type\":\"WebPage\",\"@id\":\"https:\\\/\\\/www.cambe.pr.gov.br\\\/index.php\\\/castramovel-esta-com-cadastro-aberto-para-esterilizacao-de-caes-e-gatos-da-cidade\\\/\",\"url\":\"https:\\\/\\\/www.cambe.pr.gov.br\\\/index.php\\\/castramovel-esta-com-cadastro-aberto-para-esterilizacao-de-caes-e-gatos-da-cidade\\\/\",\"name\":\"Castram\u00f3vel est\u00e1 com cadastro aberto para esteriliza\u00e7\u00e3o de c\u00e3es e gatos da cidade - Prefeitura de Camb\u00e9\",\"isPartOf\":{\"@id\":\"https:\\\/\\\/www.cambe.pr.gov.br\\\/#website\"},\"primaryImageOfPage\":{\"@id\":\"https:\\\/\\\/www.cambe.pr.gov.br\\\/index.php\\\/castramovel-esta-com-cadastro-aberto-para-esterilizacao-de-caes-e-gatos-da-cidade\\\/#primaryimage\"},\"image\":{\"@id\":\"https:\\\/\\\/www.cambe.pr.gov.br\\\/index.php\\\/castramovel-esta-com-cadastro-aberto-para-esterilizacao-de-caes-e-gatos-da-cidade\\\/#primaryimage\"},\"thumbnailUrl\":\"http:\\\/\\\/www.cambe.pr.gov.br\\\/wp-content\\\/uploads\\\/2021\\\/09\\\/castrapet-300x200.jpg\",\"datePublished\":\"2021-09-16T17:18:18+00:00\",\"dateModified\":\"2024-10-07T16:00:25+00:00\",\"breadcrumb\":{\"@id\":\"https:\\\/\\\/www.cambe.pr.gov.br\\\/index.php\\\/castramovel-esta-com-cadastro-aberto-para-esterilizacao-de-caes-e-gatos-da-cidade\\\/#breadcrumb\"},\"inLanguage\":\"pt-BR\",\"potentialAction\":[{\"@type\":\"ReadAction\",\"target\":[\"https:\\\/\\\/www.cambe.pr.gov.br\\\/index.php\\\/castramovel-esta-com-cadastro-aberto-para-esterilizacao-de-caes-e-gatos-da-cidade\\\/\"]}]},{\"@type\":\"ImageObject\",\"inLanguage\":\"pt-BR\",\"@id\":\"https:\\\/\\\/www.cambe.pr.gov.br\\\/index.php\\\/castramovel-esta-com-cadastro-aberto-para-esterilizacao-de-caes-e-gatos-da-cidade\\\/#primaryimage\",\"url\":\"http:\\\/\\\/www.cambe.pr.gov.br\\\/wp-content\\\/uploads\\\/2021\\\/09\\\/castrapet-300x200.jpg\",\"contentUrl\":\"http:\\\/\\\/www.cambe.pr.gov.br\\\/wp-content\\\/uploads\\\/2021\\\/09\\\/castrapet-300x200.jpg\"},{\"@type\":\"BreadcrumbList\",\"@id\":\"https:\\\/\\\/www.cambe.pr.gov.br\\\/index.php\\\/castramovel-esta-com-cadastro-aberto-para-esterilizacao-de-caes-e-gatos-da-cidade\\\/#breadcrumb\",\"itemListElement\":[{\"@type\":\"ListItem\",\"position\":1,\"name\":\"In\u00edcio\",\"item\":\"https:\\\/\\\/www.cambe.pr.gov.br\\\/\"},{\"@type\":\"ListItem\",\"position\":2,\"name\":\"Castram\u00f3vel est\u00e1 com cadastro aberto para esteriliza\u00e7\u00e3o de c\u00e3es e gatos da cidade\"}]},{\"@type\":\"WebSite\",\"@id\":\"https:\\\/\\\/www.cambe.pr.gov.br\\\/#website\",\"url\":\"https:\\\/\\\/www.cambe.pr.gov.br\\\/\",\"name\":\"Prefeitura de Camb\u00e9\",\"description\":\"UM GOVERNO PARA TODOS\",\"publisher\":{\"@id\":\"https:\\\/\\\/www.cambe.pr.gov.br\\\/#organization\"},\"potentialAction\":[{\"@type\":\"SearchAction\",\"target\":{\"@type\":\"EntryPoint\",\"urlTemplate\":\"https:\\\/\\\/www.cambe.pr.gov.br\\\/?s={search_term_string}\"},\"query-input\":{\"@type\":\"PropertyValueSpecification\",\"valueRequired\":true,\"valueName\":\"search_term_string\"}}],\"inLanguage\":\"pt-BR\"},{\"@type\":\"Organization\",\"@id\":\"https:\\\/\\\/www.cambe.pr.gov.br\\\/#organization\",\"name\":\"Prefeitura de Camb\u00e9\",\"url\":\"https:\\\/\\\/www.cambe.pr.gov.br\\\/\",\"logo\":{\"@type\":\"ImageObject\",\"inLanguage\":\"pt-BR\",\"@id\":\"https:\\\/\\\/www.cambe.pr.gov.br\\\/#\\\/schema\\\/logo\\\/image\\\/\",\"url\":\"https:\\\/\\\/www.cambe.pr.gov.br\\\/wp-content\\\/uploads\\\/2021\\\/01\\\/cropped-cropped-cambe_brazao-icone.png\",\"contentUrl\":\"https:\\\/\\\/www.cambe.pr.gov.br\\\/wp-content\\\/uploads\\\/2021\\\/01\\\/cropped-cropped-cambe_brazao-icone.png\",\"width\":240,\"height\":240,\"caption\":\"Prefeitura de Camb\u00e9\"},\"image\":{\"@id\":\"https:\\\/\\\/www.cambe.pr.gov.br\\\/#\\\/schema\\\/logo\\\/image\\\/\"},\"sameAs\":[\"https:\\\/\\\/m.facebook.com\\\/prefeituradecambe\"]},{\"@type\":\"Person\",\"@id\":\"https:\\\/\\\/www.cambe.pr.gov.br\\\/#\\\/schema\\\/person\\\/e08f7c43a641b2ec036e4e867ec483e4\",\"name\":\"Thiago Mossini Balbino dos Santos\",\"image\":{\"@type\":\"ImageObject\",\"inLanguage\":\"pt-BR\",\"@id\":\"https:\\\/\\\/secure.gravatar.com\\\/avatar\\\/d957ed4e1bc3ebf5769d1003f9709cd2012ebf424eb4a5d76a933fee30e874b6?s=96&d=mm&r=g\",\"url\":\"https:\\\/\\\/secure.gravatar.com\\\/avatar\\\/d957ed4e1bc3ebf5769d1003f9709cd2012ebf424eb4a5d76a933fee30e874b6?s=96&d=mm&r=g\",\"contentUrl\":\"https:\\\/\\\/secure.gravatar.com\\\/avatar\\\/d957ed4e1bc3ebf5769d1003f9709cd2012ebf424eb4a5d76a933fee30e874b6?s=96&d=mm&r=g\",\"caption\":\"Thiago Mossini Balbino dos Santos\"},\"url\":\"https:\\\/\\\/www.cambe.pr.gov.br\\\/index.php\\\/author\\\/tmbsantos\\\/\"}]}<\/script>\n<!-- \/ Yoast SEO plugin. -->","yoast_head_json":{"title":"Castram\u00f3vel est\u00e1 com cadastro aberto para esteriliza\u00e7\u00e3o de c\u00e3es e gatos da cidade - Prefeitura de Camb\u00e9","robots":{"index":"index","follow":"follow","max-snippet":"max-snippet:-1","max-image-preview":"max-image-preview:large","max-video-preview":"max-video-preview:-1"},"canonical":"https:\/\/www.cambe.pr.gov.br\/index.php\/castramovel-esta-com-cadastro-aberto-para-esterilizacao-de-caes-e-gatos-da-cidade\/","og_locale":"pt_BR","og_type":"article","og_title":"Castram\u00f3vel est\u00e1 com cadastro aberto para esteriliza\u00e7\u00e3o de c\u00e3es e gatos da cidade - Prefeitura de Camb\u00e9","og_description":"A Prefeitura de Camb\u00e9, por meio da Secretaria de Meio Ambiente, e da Secretaria Estadual de Desenvolvimento Sustent\u00e1vel e Turismo v\u00e3o castrar animais dom\u00e9sticos da cidade atrav\u00e9s do Programa Castram\u00f3vel. Essa \u00e9 a primeira vez que o projeto vem para Camb\u00e9 e veio por meio de uma emenda parlamentar do deputado estadual Tiago Amaral, que [&hellip;]","og_url":"https:\/\/www.cambe.pr.gov.br\/index.php\/castramovel-esta-com-cadastro-aberto-para-esterilizacao-de-caes-e-gatos-da-cidade\/","og_site_name":"Prefeitura de Camb\u00e9","article_publisher":"https:\/\/m.facebook.com\/prefeituradecambe","article_published_time":"2021-09-16T17:18:18+00:00","article_modified_time":"2024-10-07T16:00:25+00:00","og_image":[{"url":"http:\/\/www.cambe.pr.gov.br\/wp-content\/uploads\/2021\/09\/castrapet-300x200.jpg","type":"","width":"","height":""}],"author":"Thiago Mossini Balbino dos Santos","twitter_card":"summary_large_image","twitter_misc":{"Escrito por":"Thiago Mossini Balbino dos Santos","Est. tempo de leitura":"2 minutos"},"schema":{"@context":"https:\/\/schema.org","@graph":[{"@type":"Article","@id":"https:\/\/www.cambe.pr.gov.br\/index.php\/castramovel-esta-com-cadastro-aberto-para-esterilizacao-de-caes-e-gatos-da-cidade\/#article","isPartOf":{"@id":"https:\/\/www.cambe.pr.gov.br\/index.php\/castramovel-esta-com-cadastro-aberto-para-esterilizacao-de-caes-e-gatos-da-cidade\/"},"author":{"name":"Thiago Mossini Balbino dos Santos","@id":"https:\/\/www.cambe.pr.gov.br\/#\/schema\/person\/e08f7c43a641b2ec036e4e867ec483e4"},"headline":"Castram\u00f3vel est\u00e1 com cadastro aberto para esteriliza\u00e7\u00e3o de c\u00e3es e gatos da cidade","datePublished":"2021-09-16T17:18:18+00:00","dateModified":"2024-10-07T16:00:25+00:00","mainEntityOfPage":{"@id":"https:\/\/www.cambe.pr.gov.br\/index.php\/castramovel-esta-com-cadastro-aberto-para-esterilizacao-de-caes-e-gatos-da-cidade\/"},"wordCount":442,"publisher":{"@id":"https:\/\/www.cambe.pr.gov.br\/#organization"},"image":{"@id":"https:\/\/www.cambe.pr.gov.br\/index.php\/castramovel-esta-com-cadastro-aberto-para-esterilizacao-de-caes-e-gatos-da-cidade\/#primaryimage"},"thumbnailUrl":"http:\/\/www.cambe.pr.gov.br\/wp-content\/uploads\/2021\/09\/castrapet-300x200.jpg","articleSection":["Principal"],"inLanguage":"pt-BR"},{"@type":"WebPage","@id":"https:\/\/www.cambe.pr.gov.br\/index.php\/castramovel-esta-com-cadastro-aberto-para-esterilizacao-de-caes-e-gatos-da-cidade\/","url":"https:\/\/www.cambe.pr.gov.br\/index.php\/castramovel-esta-com-cadastro-aberto-para-esterilizacao-de-caes-e-gatos-da-cidade\/","name":"Castram\u00f3vel est\u00e1 com cadastro aberto para esteriliza\u00e7\u00e3o de c\u00e3es e gatos da cidade - Prefeitura de Camb\u00e9","isPartOf":{"@id":"https:\/\/www.cambe.pr.gov.br\/#website"},"primaryImageOfPage":{"@id":"https:\/\/www.cambe.pr.gov.br\/index.php\/castramovel-esta-com-cadastro-aberto-para-esterilizacao-de-caes-e-gatos-da-cidade\/#primaryimage"},"image":{"@id":"https:\/\/www.cambe.pr.gov.br\/index.php\/castramovel-esta-com-cadastro-aberto-para-esterilizacao-de-caes-e-gatos-da-cidade\/#primaryimage"},"thumbnailUrl":"http:\/\/www.cambe.pr.gov.br\/wp-content\/uploads\/2021\/09\/castrapet-300x200.jpg","datePublished":"2021-09-16T17:18:18+00:00","dateModified":"2024-10-07T16:00:25+00:00","breadcrumb":{"@id":"https:\/\/www.cambe.pr.gov.br\/index.php\/castramovel-esta-com-cadastro-aberto-para-esterilizacao-de-caes-e-gatos-da-cidade\/#breadcrumb"},"inLanguage":"pt-BR","potentialAction":[{"@type":"ReadAction","target":["https:\/\/www.cambe.pr.gov.br\/index.php\/castramovel-esta-com-cadastro-aberto-para-esterilizacao-de-caes-e-gatos-da-cidade\/"]}]},{"@type":"ImageObject","inLanguage":"pt-BR","@id":"https:\/\/www.cambe.pr.gov.br\/index.php\/castramovel-esta-com-cadastro-aberto-para-esterilizacao-de-caes-e-gatos-da-cidade\/#primaryimage","url":"http:\/\/www.cambe.pr.gov.br\/wp-content\/uploads\/2021\/09\/castrapet-300x200.jpg","contentUrl":"http:\/\/www.cambe.pr.gov.br\/wp-content\/uploads\/2021\/09\/castrapet-300x200.jpg"},{"@type":"BreadcrumbList","@id":"https:\/\/www.cambe.pr.gov.br\/index.php\/castramovel-esta-com-cadastro-aberto-para-esterilizacao-de-caes-e-gatos-da-cidade\/#breadcrumb","itemListElement":[{"@type":"ListItem","position":1,"name":"In\u00edcio","item":"https:\/\/www.cambe.pr.gov.br\/"},{"@type":"ListItem","position":2,"name":"Castram\u00f3vel est\u00e1 com cadastro aberto para esteriliza\u00e7\u00e3o de c\u00e3es e gatos da cidade"}]},{"@type":"WebSite","@id":"https:\/\/www.cambe.pr.gov.br\/#website","url":"https:\/\/www.cambe.pr.gov.br\/","name":"Prefeitura de Camb\u00e9","description":"UM GOVERNO PARA TODOS","publisher":{"@id":"https:\/\/www.cambe.pr.gov.br\/#organization"},"potentialAction":[{"@type":"SearchAction","target":{"@type":"EntryPoint","urlTemplate":"https:\/\/www.cambe.pr.gov.br\/?s={search_term_string}"},"query-input":{"@type":"PropertyValueSpecification","valueRequired":true,"valueName":"search_term_string"}}],"inLanguage":"pt-BR"},{"@type":"Organization","@id":"https:\/\/www.cambe.pr.gov.br\/#organization","name":"Prefeitura de Camb\u00e9","url":"https:\/\/www.cambe.pr.gov.br\/","logo":{"@type":"ImageObject","inLanguage":"pt-BR","@id":"https:\/\/www.cambe.pr.gov.br\/#\/schema\/logo\/image\/","url":"https:\/\/www.cambe.pr.gov.br\/wp-content\/uploads\/2021\/01\/cropped-cropped-cambe_brazao-icone.png","contentUrl":"https:\/\/www.cambe.pr.gov.br\/wp-content\/uploads\/2021\/01\/cropped-cropped-cambe_brazao-icone.png","width":240,"height":240,"caption":"Prefeitura de Camb\u00e9"},"image":{"@id":"https:\/\/www.cambe.pr.gov.br\/#\/schema\/logo\/image\/"},"sameAs":["https:\/\/m.facebook.com\/prefeituradecambe"]},{"@type":"Person","@id":"https:\/\/www.cambe.pr.gov.br\/#\/schema\/person\/e08f7c43a641b2ec036e4e867ec483e4","name":"Thiago Mossini Balbino dos Santos","image":{"@type":"ImageObject","inLanguage":"pt-BR","@id":"https:\/\/secure.gravatar.com\/avatar\/d957ed4e1bc3ebf5769d1003f9709cd2012ebf424eb4a5d76a933fee30e874b6?s=96&d=mm&r=g","url":"https:\/\/secure.gravatar.com\/avatar\/d957ed4e1bc3ebf5769d1003f9709cd2012ebf424eb4a5d76a933fee30e874b6?s=96&d=mm&r=g","contentUrl":"https:\/\/secure.gravatar.com\/avatar\/d957ed4e1bc3ebf5769d1003f9709cd2012ebf424eb4a5d76a933fee30e874b6?s=96&d=mm&r=g","caption":"Thiago Mossini Balbino dos Santos"},"url":"https:\/\/www.cambe.pr.gov.br\/index.php\/author\/tmbsantos\/"}]}},"_links":{"self":[{"href":"https:\/\/www.cambe.pr.gov.br\/index.php\/wp-json\/wp\/v2\/posts\/3462","targetHints":{"allow":["GET"]}}],"collection":[{"href":"https:\/\/www.cambe.pr.gov.br\/index.php\/wp-json\/wp\/v2\/posts"}],"about":[{"href":"https:\/\/www.cambe.pr.gov.br\/index.php\/wp-json\/wp\/v2\/types\/post"}],"author":[{"embeddable":true,"href":"https:\/\/www.cambe.pr.gov.br\/index.php\/wp-json\/wp\/v2\/users\/2"}],"replies":[{"embeddable":true,"href":"https:\/\/www.cambe.pr.gov.br\/index.php\/wp-json\/wp\/v2\/comments?post=3462"}],"version-history":[{"count":3,"href":"https:\/\/www.cambe.pr.gov.br\/index.php\/wp-json\/wp\/v2\/posts\/3462\/revisions"}],"predecessor-version":[{"id":3472,"href":"https:\/\/www.cambe.pr.gov.br\/index.php\/wp-json\/wp\/v2\/posts\/3462\/revisions\/3472"}],"wp:attachment":[{"href":"https:\/\/www.cambe.pr.gov.br\/index.php\/wp-json\/wp\/v2\/media?parent=3462"}],"wp:term":[{"taxonomy":"category","embeddable":true,"href":"https:\/\/www.cambe.pr.gov.br\/index.php\/wp-json\/wp\/v2\/categories?post=3462"},{"taxonomy":"post_tag","embeddable":true,"href":"https:\/\/www.cambe.pr.gov.br\/index.php\/wp-json\/wp\/v2\/tags?post=3462"}],"curies":[{"name":"wp","href":"https:\/\/api.w.org\/{rel}","templated":true}]}}