{"id":3450,"date":"2021-09-15T18:36:05","date_gmt":"2021-09-15T21:36:05","guid":{"rendered":"http:\/\/www.cambe.pr.gov.br\/?p=3450"},"modified":"2024-10-07T13:00:25","modified_gmt":"2024-10-07T16:00:25","slug":"escola-do-ana-rosa-recebe-programa-pioneiro-que-promove-a-inclusao-digital-de-alunos","status":"publish","type":"post","link":"https:\/\/www.cambe.pr.gov.br\/index.php\/escola-do-ana-rosa-recebe-programa-pioneiro-que-promove-a-inclusao-digital-de-alunos\/","title":{"rendered":"Escola do Ana Rosa recebe programa pioneiro que promove a inclus\u00e3o digital de alunos"},"content":{"rendered":"<div id=\"attachment_3451\" style=\"width: 310px\" class=\"wp-caption alignleft\"><img fetchpriority=\"high\" decoding=\"async\" aria-describedby=\"caption-attachment-3451\" class=\"wp-image-3451 size-medium\" src=\"https:\/\/www.cambe.pr.gov.br\/wp-content\/uploads\/2021\/09\/WhatsApp-Image-2021-09-15-at-15.58.38-300x200.jpeg\" alt=\"\" width=\"300\" height=\"200\" srcset=\"https:\/\/www.cambe.pr.gov.br\/wp-content\/uploads\/2021\/09\/WhatsApp-Image-2021-09-15-at-15.58.38-300x200.jpeg 300w, https:\/\/www.cambe.pr.gov.br\/wp-content\/uploads\/2021\/09\/WhatsApp-Image-2021-09-15-at-15.58.38-1024x682.jpeg 1024w, https:\/\/www.cambe.pr.gov.br\/wp-content\/uploads\/2021\/09\/WhatsApp-Image-2021-09-15-at-15.58.38-768x512.jpeg 768w, https:\/\/www.cambe.pr.gov.br\/wp-content\/uploads\/2021\/09\/WhatsApp-Image-2021-09-15-at-15.58.38.jpeg 1280w\" sizes=\"(max-width: 300px) 100vw, 300px\" \/><p id=\"caption-attachment-3451\" class=\"wp-caption-text\">Vereador Carlinhos da Ambul\u00e2ncia, secret\u00e1ria de Educa\u00e7\u00e3o e de Cultura, Estela Camata, e o prefeito Conrado Scheller durante a assinatura da parceria para o Programa Wash<\/p><\/div>\n<p style=\"text-align: justify;\"><span style=\"font-family: arial, helvetica, sans-serif;\"> A Escola Municipal Professora Lourdes Gobi Rodrigues, no Jardim Ana Rosa, em Camb\u00e9, ser\u00e1 a primeira da cidade a receber o Programa Wash (Workshop Aficionados em Software e Hardware), que visa promover a inclus\u00e3o digital dos alunos da rede p\u00fablica de educa\u00e7\u00e3o do munic\u00edpio. O lan\u00e7amento oficial ocorreu nesta quarta-feira (15), na pr\u00f3pria escola.<\/span><\/p>\n<p style=\"text-align: justify;\"><span style=\"font-family: arial, helvetica, sans-serif;\">A Prefeitura de Camb\u00e9, por meio da Secretaria de Educa\u00e7\u00e3o, vai ofertar o programa para os alunos do quinto ano da escola, um projeto pioneiro na cidade. O Programa Wash foi viabilizado por meio de emenda parlamentar da deputada Lu\u00edsa Canziani, executada via Funda\u00e7\u00e3o Arauc\u00e1ria, e parceria com a Prefeitura, por meio das secretarias de Educa\u00e7\u00e3o e Cultura.<\/span><\/p>\n<p style=\"text-align: justify;\"><span style=\"font-family: arial, helvetica, sans-serif;\">Segundo a secret\u00e1ria municipal de Educa\u00e7\u00e3o e de Cultura, Estela Camata, a inten\u00e7\u00e3o \u00e9 levar o programa para outras tr\u00eas escolas que oferecem jornada ampliada, com oficinas de refor\u00e7o escolar, de esporte e cultura, realizadas em per\u00edodo de contraturno: escolas municipais Pedro Tkotz, Cec\u00edlia Meireles (Caic) e Santos Dumont. \u201cPretendemos oportunizar aos nossos alunos acesso \u00e0 tecnologia e \u00e0 inform\u00e1tica, al\u00e9m de oferecer uma forma\u00e7\u00e3o integral em ambiente escolar e saud\u00e1vel\u201d, salienta, lembrando que em 2022 o programa deve estar em todas as escolas municipais de Camb\u00e9.<\/span><\/p>\n<p style=\"text-align: justify;\"><span style=\"font-family: arial, helvetica, sans-serif;\">O prefeito Conrado Scheller ressalta a import\u00e2ncia de investir na educa\u00e7\u00e3o e na prepara\u00e7\u00e3o das crian\u00e7as para o futuro. &#8220;Sempre deixei claro que minha prioridade s\u00e3o as crian\u00e7as. E poder proporcionar o conhecimento e a qualifica\u00e7\u00e3o a elas \u00e9 muito gratificante. Precisamos preparar nossas crian\u00e7as desde cedo para esse futuro que j\u00e1 est\u00e1 a\u00ed. Camb\u00e9 d\u00e1 um grande salto de qualidade em seu ensino\u201d, celebra.<\/span><\/p>\n<p style=\"text-align: justify;\"><strong><span style=\"font-family: arial, helvetica, sans-serif;\">Diferen\u00e7a na vida das crian\u00e7as<\/span><\/strong><br \/>\n<span style=\"font-family: arial, helvetica, sans-serif;\"><img decoding=\"async\" class=\"alignleft wp-image-3452 size-medium\" src=\"https:\/\/www.cambe.pr.gov.br\/wp-content\/uploads\/2021\/09\/WhatsApp-Image-2021-09-15-at-13.18.48-e1631732577464-300x200.jpeg\" alt=\"\" width=\"300\" height=\"200\" srcset=\"https:\/\/www.cambe.pr.gov.br\/wp-content\/uploads\/2021\/09\/WhatsApp-Image-2021-09-15-at-13.18.48-e1631732577464-300x200.jpeg 300w, https:\/\/www.cambe.pr.gov.br\/wp-content\/uploads\/2021\/09\/WhatsApp-Image-2021-09-15-at-13.18.48-e1631732577464-768x511.jpeg 768w, https:\/\/www.cambe.pr.gov.br\/wp-content\/uploads\/2021\/09\/WhatsApp-Image-2021-09-15-at-13.18.48-e1631732577464.jpeg 865w\" sizes=\"(max-width: 300px) 100vw, 300px\" \/>A diretora da escola, Mayara Alc\u00e2ntara Ricordi, era s\u00f3 alegria durante o lan\u00e7amento. Ela conta que receber o projeto foi um presente para ela, para os alunos, e de anivers\u00e1rio para a escola que completa 30 anos em 2021. \u201cProjetos como esse, no contraturno, ajudam muito, pois tiramos as crian\u00e7as das ruas ou de situa\u00e7\u00f5es de vulnerabilidade. Esses alunos v\u00eam para escola e de certa forma podemos fazer um acompanhamento\u201d, destaca a diretora. Ricordi ainda pontua que os alunos est\u00e3o muito animados com essa oportunidade, principalmente os do quinto ano. \u201cSe depender deles, todos v\u00e3o participar, mas estamos fazendo a organiza\u00e7\u00e3o do espa\u00e7o para atender o maior n\u00famero de alunos poss\u00edvel, pois temos que levar em conta a pandemia\u201d, frisa.<\/span><\/p>\n<p style=\"text-align: justify;\"><span style=\"font-family: arial, helvetica, sans-serif;\">A diretora ainda salienta que tudo que \u00e9 feito nas escolas, os pais depositam muita confian\u00e7a e credibilidade. \u201cAs fam\u00edlias nos procuram para auxiliar em quest\u00f5es que v\u00e3o al\u00e9m do ensino-aprendizagem, mas que \u00e9 parte da educa\u00e7\u00e3o tamb\u00e9m. Eu acredito que esse projeto vai impactar positivamente na vida dos alunos e das fam\u00edlias\u201d, finaliza Ricordi. <\/span><\/p>\n<p style=\"text-align: justify;\"><strong><span style=\"font-family: arial, helvetica, sans-serif;\">Programa Wash<\/span><\/strong><br \/>\n<span style=\"font-family: arial, helvetica, sans-serif;\">A ideia do programa \u00e9 que, por meio da linguagem de programa\u00e7\u00e3o, e com o aux\u00edlio de monitores, as crian\u00e7as aprendam a programar jogos, a elaborar hist\u00f3rias animadas e a desenvolver programas interativos, que contribuam para o desenvolvimento do racioc\u00ednio l\u00f3gico, aprendizagem da matem\u00e1tica, al\u00e9m de trabalhar valores como disciplina, persist\u00eancia e bom comportamento.<\/span><\/p>\n","protected":false},"excerpt":{"rendered":"<p>A Escola Municipal Professora Lourdes Gobi Rodrigues, no Jardim Ana Rosa, em Camb\u00e9, ser\u00e1 a primeira da cidade a receber o Programa Wash (Workshop Aficionados em Software e Hardware), que visa promover a inclus\u00e3o digital dos alunos da rede p\u00fablica de educa\u00e7\u00e3o do munic\u00edpio. O lan\u00e7amento oficial ocorreu nesta quarta-feira (15), na pr\u00f3pria escola. A [&hellip;]<\/p>\n","protected":false},"author":2,"featured_media":0,"comment_status":"closed","ping_status":"open","sticky":false,"template":"","format":"standard","meta":{"ngg_post_thumbnail":0,"footnotes":""},"categories":[1],"tags":[],"class_list":["post-3450","post","type-post","status-publish","format-standard","hentry","category-principal"],"yoast_head":"<!-- This site is optimized with the Yoast SEO plugin v27.4 - https:\/\/yoast.com\/product\/yoast-seo-wordpress\/ -->\n<title>Escola do Ana Rosa recebe programa pioneiro que promove a inclus\u00e3o digital de alunos - Prefeitura de Camb\u00e9<\/title>\n<meta name=\"robots\" content=\"index, follow, max-snippet:-1, max-image-preview:large, max-video-preview:-1\" \/>\n<link rel=\"canonical\" href=\"https:\/\/www.cambe.pr.gov.br\/index.php\/escola-do-ana-rosa-recebe-programa-pioneiro-que-promove-a-inclusao-digital-de-alunos\/\" \/>\n<meta property=\"og:locale\" content=\"pt_BR\" \/>\n<meta property=\"og:type\" content=\"article\" \/>\n<meta property=\"og:title\" content=\"Escola do Ana Rosa recebe programa pioneiro que promove a inclus\u00e3o digital de alunos - Prefeitura de Camb\u00e9\" \/>\n<meta property=\"og:description\" content=\"A Escola Municipal Professora Lourdes Gobi Rodrigues, no Jardim Ana Rosa, em Camb\u00e9, ser\u00e1 a primeira da cidade a receber o Programa Wash (Workshop Aficionados em Software e Hardware), que visa promover a inclus\u00e3o digital dos alunos da rede p\u00fablica de educa\u00e7\u00e3o do munic\u00edpio. O lan\u00e7amento oficial ocorreu nesta quarta-feira (15), na pr\u00f3pria escola. A [&hellip;]\" \/>\n<meta property=\"og:url\" content=\"https:\/\/www.cambe.pr.gov.br\/index.php\/escola-do-ana-rosa-recebe-programa-pioneiro-que-promove-a-inclusao-digital-de-alunos\/\" \/>\n<meta property=\"og:site_name\" content=\"Prefeitura de Camb\u00e9\" \/>\n<meta property=\"article:publisher\" content=\"https:\/\/m.facebook.com\/prefeituradecambe\" \/>\n<meta property=\"article:published_time\" content=\"2021-09-15T21:36:05+00:00\" \/>\n<meta property=\"article:modified_time\" content=\"2024-10-07T16:00:25+00:00\" \/>\n<meta property=\"og:image\" content=\"http:\/\/www.cambe.pr.gov.br\/wp-content\/uploads\/2021\/09\/WhatsApp-Image-2021-09-15-at-15.58.38-300x200.jpeg\" \/>\n<meta name=\"author\" content=\"Thiago Mossini Balbino dos Santos\" \/>\n<meta name=\"twitter:card\" content=\"summary_large_image\" \/>\n<meta name=\"twitter:label1\" content=\"Escrito por\" \/>\n\t<meta name=\"twitter:data1\" content=\"Thiago Mossini Balbino dos Santos\" \/>\n\t<meta name=\"twitter:label2\" content=\"Est. tempo de leitura\" \/>\n\t<meta name=\"twitter:data2\" content=\"3 minutos\" \/>\n<script type=\"application\/ld+json\" class=\"yoast-schema-graph\">{\"@context\":\"https:\\\/\\\/schema.org\",\"@graph\":[{\"@type\":\"Article\",\"@id\":\"https:\\\/\\\/www.cambe.pr.gov.br\\\/index.php\\\/escola-do-ana-rosa-recebe-programa-pioneiro-que-promove-a-inclusao-digital-de-alunos\\\/#article\",\"isPartOf\":{\"@id\":\"https:\\\/\\\/www.cambe.pr.gov.br\\\/index.php\\\/escola-do-ana-rosa-recebe-programa-pioneiro-que-promove-a-inclusao-digital-de-alunos\\\/\"},\"author\":{\"name\":\"Thiago Mossini Balbino dos Santos\",\"@id\":\"https:\\\/\\\/www.cambe.pr.gov.br\\\/#\\\/schema\\\/person\\\/e08f7c43a641b2ec036e4e867ec483e4\"},\"headline\":\"Escola do Ana Rosa recebe programa pioneiro que promove a inclus\u00e3o digital de alunos\",\"datePublished\":\"2021-09-15T21:36:05+00:00\",\"dateModified\":\"2024-10-07T16:00:25+00:00\",\"mainEntityOfPage\":{\"@id\":\"https:\\\/\\\/www.cambe.pr.gov.br\\\/index.php\\\/escola-do-ana-rosa-recebe-programa-pioneiro-que-promove-a-inclusao-digital-de-alunos\\\/\"},\"wordCount\":601,\"publisher\":{\"@id\":\"https:\\\/\\\/www.cambe.pr.gov.br\\\/#organization\"},\"image\":{\"@id\":\"https:\\\/\\\/www.cambe.pr.gov.br\\\/index.php\\\/escola-do-ana-rosa-recebe-programa-pioneiro-que-promove-a-inclusao-digital-de-alunos\\\/#primaryimage\"},\"thumbnailUrl\":\"http:\\\/\\\/www.cambe.pr.gov.br\\\/wp-content\\\/uploads\\\/2021\\\/09\\\/WhatsApp-Image-2021-09-15-at-15.58.38-300x200.jpeg\",\"articleSection\":[\"Principal\"],\"inLanguage\":\"pt-BR\"},{\"@type\":\"WebPage\",\"@id\":\"https:\\\/\\\/www.cambe.pr.gov.br\\\/index.php\\\/escola-do-ana-rosa-recebe-programa-pioneiro-que-promove-a-inclusao-digital-de-alunos\\\/\",\"url\":\"https:\\\/\\\/www.cambe.pr.gov.br\\\/index.php\\\/escola-do-ana-rosa-recebe-programa-pioneiro-que-promove-a-inclusao-digital-de-alunos\\\/\",\"name\":\"Escola do Ana Rosa recebe programa pioneiro que promove a inclus\u00e3o digital de alunos - Prefeitura de Camb\u00e9\",\"isPartOf\":{\"@id\":\"https:\\\/\\\/www.cambe.pr.gov.br\\\/#website\"},\"primaryImageOfPage\":{\"@id\":\"https:\\\/\\\/www.cambe.pr.gov.br\\\/index.php\\\/escola-do-ana-rosa-recebe-programa-pioneiro-que-promove-a-inclusao-digital-de-alunos\\\/#primaryimage\"},\"image\":{\"@id\":\"https:\\\/\\\/www.cambe.pr.gov.br\\\/index.php\\\/escola-do-ana-rosa-recebe-programa-pioneiro-que-promove-a-inclusao-digital-de-alunos\\\/#primaryimage\"},\"thumbnailUrl\":\"http:\\\/\\\/www.cambe.pr.gov.br\\\/wp-content\\\/uploads\\\/2021\\\/09\\\/WhatsApp-Image-2021-09-15-at-15.58.38-300x200.jpeg\",\"datePublished\":\"2021-09-15T21:36:05+00:00\",\"dateModified\":\"2024-10-07T16:00:25+00:00\",\"breadcrumb\":{\"@id\":\"https:\\\/\\\/www.cambe.pr.gov.br\\\/index.php\\\/escola-do-ana-rosa-recebe-programa-pioneiro-que-promove-a-inclusao-digital-de-alunos\\\/#breadcrumb\"},\"inLanguage\":\"pt-BR\",\"potentialAction\":[{\"@type\":\"ReadAction\",\"target\":[\"https:\\\/\\\/www.cambe.pr.gov.br\\\/index.php\\\/escola-do-ana-rosa-recebe-programa-pioneiro-que-promove-a-inclusao-digital-de-alunos\\\/\"]}]},{\"@type\":\"ImageObject\",\"inLanguage\":\"pt-BR\",\"@id\":\"https:\\\/\\\/www.cambe.pr.gov.br\\\/index.php\\\/escola-do-ana-rosa-recebe-programa-pioneiro-que-promove-a-inclusao-digital-de-alunos\\\/#primaryimage\",\"url\":\"http:\\\/\\\/www.cambe.pr.gov.br\\\/wp-content\\\/uploads\\\/2021\\\/09\\\/WhatsApp-Image-2021-09-15-at-15.58.38-300x200.jpeg\",\"contentUrl\":\"http:\\\/\\\/www.cambe.pr.gov.br\\\/wp-content\\\/uploads\\\/2021\\\/09\\\/WhatsApp-Image-2021-09-15-at-15.58.38-300x200.jpeg\"},{\"@type\":\"BreadcrumbList\",\"@id\":\"https:\\\/\\\/www.cambe.pr.gov.br\\\/index.php\\\/escola-do-ana-rosa-recebe-programa-pioneiro-que-promove-a-inclusao-digital-de-alunos\\\/#breadcrumb\",\"itemListElement\":[{\"@type\":\"ListItem\",\"position\":1,\"name\":\"In\u00edcio\",\"item\":\"https:\\\/\\\/www.cambe.pr.gov.br\\\/\"},{\"@type\":\"ListItem\",\"position\":2,\"name\":\"Escola do Ana Rosa recebe programa pioneiro que promove a inclus\u00e3o digital de alunos\"}]},{\"@type\":\"WebSite\",\"@id\":\"https:\\\/\\\/www.cambe.pr.gov.br\\\/#website\",\"url\":\"https:\\\/\\\/www.cambe.pr.gov.br\\\/\",\"name\":\"Prefeitura de Camb\u00e9\",\"description\":\"UM GOVERNO PARA TODOS\",\"publisher\":{\"@id\":\"https:\\\/\\\/www.cambe.pr.gov.br\\\/#organization\"},\"potentialAction\":[{\"@type\":\"SearchAction\",\"target\":{\"@type\":\"EntryPoint\",\"urlTemplate\":\"https:\\\/\\\/www.cambe.pr.gov.br\\\/?s={search_term_string}\"},\"query-input\":{\"@type\":\"PropertyValueSpecification\",\"valueRequired\":true,\"valueName\":\"search_term_string\"}}],\"inLanguage\":\"pt-BR\"},{\"@type\":\"Organization\",\"@id\":\"https:\\\/\\\/www.cambe.pr.gov.br\\\/#organization\",\"name\":\"Prefeitura de Camb\u00e9\",\"url\":\"https:\\\/\\\/www.cambe.pr.gov.br\\\/\",\"logo\":{\"@type\":\"ImageObject\",\"inLanguage\":\"pt-BR\",\"@id\":\"https:\\\/\\\/www.cambe.pr.gov.br\\\/#\\\/schema\\\/logo\\\/image\\\/\",\"url\":\"https:\\\/\\\/www.cambe.pr.gov.br\\\/wp-content\\\/uploads\\\/2021\\\/01\\\/cropped-cropped-cambe_brazao-icone.png\",\"contentUrl\":\"https:\\\/\\\/www.cambe.pr.gov.br\\\/wp-content\\\/uploads\\\/2021\\\/01\\\/cropped-cropped-cambe_brazao-icone.png\",\"width\":240,\"height\":240,\"caption\":\"Prefeitura de Camb\u00e9\"},\"image\":{\"@id\":\"https:\\\/\\\/www.cambe.pr.gov.br\\\/#\\\/schema\\\/logo\\\/image\\\/\"},\"sameAs\":[\"https:\\\/\\\/m.facebook.com\\\/prefeituradecambe\"]},{\"@type\":\"Person\",\"@id\":\"https:\\\/\\\/www.cambe.pr.gov.br\\\/#\\\/schema\\\/person\\\/e08f7c43a641b2ec036e4e867ec483e4\",\"name\":\"Thiago Mossini Balbino dos Santos\",\"image\":{\"@type\":\"ImageObject\",\"inLanguage\":\"pt-BR\",\"@id\":\"https:\\\/\\\/secure.gravatar.com\\\/avatar\\\/d957ed4e1bc3ebf5769d1003f9709cd2012ebf424eb4a5d76a933fee30e874b6?s=96&d=mm&r=g\",\"url\":\"https:\\\/\\\/secure.gravatar.com\\\/avatar\\\/d957ed4e1bc3ebf5769d1003f9709cd2012ebf424eb4a5d76a933fee30e874b6?s=96&d=mm&r=g\",\"contentUrl\":\"https:\\\/\\\/secure.gravatar.com\\\/avatar\\\/d957ed4e1bc3ebf5769d1003f9709cd2012ebf424eb4a5d76a933fee30e874b6?s=96&d=mm&r=g\",\"caption\":\"Thiago Mossini Balbino dos Santos\"},\"url\":\"https:\\\/\\\/www.cambe.pr.gov.br\\\/index.php\\\/author\\\/tmbsantos\\\/\"}]}<\/script>\n<!-- \/ Yoast SEO plugin. -->","yoast_head_json":{"title":"Escola do Ana Rosa recebe programa pioneiro que promove a inclus\u00e3o digital de alunos - Prefeitura de Camb\u00e9","robots":{"index":"index","follow":"follow","max-snippet":"max-snippet:-1","max-image-preview":"max-image-preview:large","max-video-preview":"max-video-preview:-1"},"canonical":"https:\/\/www.cambe.pr.gov.br\/index.php\/escola-do-ana-rosa-recebe-programa-pioneiro-que-promove-a-inclusao-digital-de-alunos\/","og_locale":"pt_BR","og_type":"article","og_title":"Escola do Ana Rosa recebe programa pioneiro que promove a inclus\u00e3o digital de alunos - Prefeitura de Camb\u00e9","og_description":"A Escola Municipal Professora Lourdes Gobi Rodrigues, no Jardim Ana Rosa, em Camb\u00e9, ser\u00e1 a primeira da cidade a receber o Programa Wash (Workshop Aficionados em Software e Hardware), que visa promover a inclus\u00e3o digital dos alunos da rede p\u00fablica de educa\u00e7\u00e3o do munic\u00edpio. O lan\u00e7amento oficial ocorreu nesta quarta-feira (15), na pr\u00f3pria escola. A [&hellip;]","og_url":"https:\/\/www.cambe.pr.gov.br\/index.php\/escola-do-ana-rosa-recebe-programa-pioneiro-que-promove-a-inclusao-digital-de-alunos\/","og_site_name":"Prefeitura de Camb\u00e9","article_publisher":"https:\/\/m.facebook.com\/prefeituradecambe","article_published_time":"2021-09-15T21:36:05+00:00","article_modified_time":"2024-10-07T16:00:25+00:00","og_image":[{"url":"http:\/\/www.cambe.pr.gov.br\/wp-content\/uploads\/2021\/09\/WhatsApp-Image-2021-09-15-at-15.58.38-300x200.jpeg","type":"","width":"","height":""}],"author":"Thiago Mossini Balbino dos Santos","twitter_card":"summary_large_image","twitter_misc":{"Escrito por":"Thiago Mossini Balbino dos Santos","Est. tempo de leitura":"3 minutos"},"schema":{"@context":"https:\/\/schema.org","@graph":[{"@type":"Article","@id":"https:\/\/www.cambe.pr.gov.br\/index.php\/escola-do-ana-rosa-recebe-programa-pioneiro-que-promove-a-inclusao-digital-de-alunos\/#article","isPartOf":{"@id":"https:\/\/www.cambe.pr.gov.br\/index.php\/escola-do-ana-rosa-recebe-programa-pioneiro-que-promove-a-inclusao-digital-de-alunos\/"},"author":{"name":"Thiago Mossini Balbino dos Santos","@id":"https:\/\/www.cambe.pr.gov.br\/#\/schema\/person\/e08f7c43a641b2ec036e4e867ec483e4"},"headline":"Escola do Ana Rosa recebe programa pioneiro que promove a inclus\u00e3o digital de alunos","datePublished":"2021-09-15T21:36:05+00:00","dateModified":"2024-10-07T16:00:25+00:00","mainEntityOfPage":{"@id":"https:\/\/www.cambe.pr.gov.br\/index.php\/escola-do-ana-rosa-recebe-programa-pioneiro-que-promove-a-inclusao-digital-de-alunos\/"},"wordCount":601,"publisher":{"@id":"https:\/\/www.cambe.pr.gov.br\/#organization"},"image":{"@id":"https:\/\/www.cambe.pr.gov.br\/index.php\/escola-do-ana-rosa-recebe-programa-pioneiro-que-promove-a-inclusao-digital-de-alunos\/#primaryimage"},"thumbnailUrl":"http:\/\/www.cambe.pr.gov.br\/wp-content\/uploads\/2021\/09\/WhatsApp-Image-2021-09-15-at-15.58.38-300x200.jpeg","articleSection":["Principal"],"inLanguage":"pt-BR"},{"@type":"WebPage","@id":"https:\/\/www.cambe.pr.gov.br\/index.php\/escola-do-ana-rosa-recebe-programa-pioneiro-que-promove-a-inclusao-digital-de-alunos\/","url":"https:\/\/www.cambe.pr.gov.br\/index.php\/escola-do-ana-rosa-recebe-programa-pioneiro-que-promove-a-inclusao-digital-de-alunos\/","name":"Escola do Ana Rosa recebe programa pioneiro que promove a inclus\u00e3o digital de alunos - Prefeitura de Camb\u00e9","isPartOf":{"@id":"https:\/\/www.cambe.pr.gov.br\/#website"},"primaryImageOfPage":{"@id":"https:\/\/www.cambe.pr.gov.br\/index.php\/escola-do-ana-rosa-recebe-programa-pioneiro-que-promove-a-inclusao-digital-de-alunos\/#primaryimage"},"image":{"@id":"https:\/\/www.cambe.pr.gov.br\/index.php\/escola-do-ana-rosa-recebe-programa-pioneiro-que-promove-a-inclusao-digital-de-alunos\/#primaryimage"},"thumbnailUrl":"http:\/\/www.cambe.pr.gov.br\/wp-content\/uploads\/2021\/09\/WhatsApp-Image-2021-09-15-at-15.58.38-300x200.jpeg","datePublished":"2021-09-15T21:36:05+00:00","dateModified":"2024-10-07T16:00:25+00:00","breadcrumb":{"@id":"https:\/\/www.cambe.pr.gov.br\/index.php\/escola-do-ana-rosa-recebe-programa-pioneiro-que-promove-a-inclusao-digital-de-alunos\/#breadcrumb"},"inLanguage":"pt-BR","potentialAction":[{"@type":"ReadAction","target":["https:\/\/www.cambe.pr.gov.br\/index.php\/escola-do-ana-rosa-recebe-programa-pioneiro-que-promove-a-inclusao-digital-de-alunos\/"]}]},{"@type":"ImageObject","inLanguage":"pt-BR","@id":"https:\/\/www.cambe.pr.gov.br\/index.php\/escola-do-ana-rosa-recebe-programa-pioneiro-que-promove-a-inclusao-digital-de-alunos\/#primaryimage","url":"http:\/\/www.cambe.pr.gov.br\/wp-content\/uploads\/2021\/09\/WhatsApp-Image-2021-09-15-at-15.58.38-300x200.jpeg","contentUrl":"http:\/\/www.cambe.pr.gov.br\/wp-content\/uploads\/2021\/09\/WhatsApp-Image-2021-09-15-at-15.58.38-300x200.jpeg"},{"@type":"BreadcrumbList","@id":"https:\/\/www.cambe.pr.gov.br\/index.php\/escola-do-ana-rosa-recebe-programa-pioneiro-que-promove-a-inclusao-digital-de-alunos\/#breadcrumb","itemListElement":[{"@type":"ListItem","position":1,"name":"In\u00edcio","item":"https:\/\/www.cambe.pr.gov.br\/"},{"@type":"ListItem","position":2,"name":"Escola do Ana Rosa recebe programa pioneiro que promove a inclus\u00e3o digital de alunos"}]},{"@type":"WebSite","@id":"https:\/\/www.cambe.pr.gov.br\/#website","url":"https:\/\/www.cambe.pr.gov.br\/","name":"Prefeitura de Camb\u00e9","description":"UM GOVERNO PARA TODOS","publisher":{"@id":"https:\/\/www.cambe.pr.gov.br\/#organization"},"potentialAction":[{"@type":"SearchAction","target":{"@type":"EntryPoint","urlTemplate":"https:\/\/www.cambe.pr.gov.br\/?s={search_term_string}"},"query-input":{"@type":"PropertyValueSpecification","valueRequired":true,"valueName":"search_term_string"}}],"inLanguage":"pt-BR"},{"@type":"Organization","@id":"https:\/\/www.cambe.pr.gov.br\/#organization","name":"Prefeitura de Camb\u00e9","url":"https:\/\/www.cambe.pr.gov.br\/","logo":{"@type":"ImageObject","inLanguage":"pt-BR","@id":"https:\/\/www.cambe.pr.gov.br\/#\/schema\/logo\/image\/","url":"https:\/\/www.cambe.pr.gov.br\/wp-content\/uploads\/2021\/01\/cropped-cropped-cambe_brazao-icone.png","contentUrl":"https:\/\/www.cambe.pr.gov.br\/wp-content\/uploads\/2021\/01\/cropped-cropped-cambe_brazao-icone.png","width":240,"height":240,"caption":"Prefeitura de Camb\u00e9"},"image":{"@id":"https:\/\/www.cambe.pr.gov.br\/#\/schema\/logo\/image\/"},"sameAs":["https:\/\/m.facebook.com\/prefeituradecambe"]},{"@type":"Person","@id":"https:\/\/www.cambe.pr.gov.br\/#\/schema\/person\/e08f7c43a641b2ec036e4e867ec483e4","name":"Thiago Mossini Balbino dos Santos","image":{"@type":"ImageObject","inLanguage":"pt-BR","@id":"https:\/\/secure.gravatar.com\/avatar\/d957ed4e1bc3ebf5769d1003f9709cd2012ebf424eb4a5d76a933fee30e874b6?s=96&d=mm&r=g","url":"https:\/\/secure.gravatar.com\/avatar\/d957ed4e1bc3ebf5769d1003f9709cd2012ebf424eb4a5d76a933fee30e874b6?s=96&d=mm&r=g","contentUrl":"https:\/\/secure.gravatar.com\/avatar\/d957ed4e1bc3ebf5769d1003f9709cd2012ebf424eb4a5d76a933fee30e874b6?s=96&d=mm&r=g","caption":"Thiago Mossini Balbino dos Santos"},"url":"https:\/\/www.cambe.pr.gov.br\/index.php\/author\/tmbsantos\/"}]}},"_links":{"self":[{"href":"https:\/\/www.cambe.pr.gov.br\/index.php\/wp-json\/wp\/v2\/posts\/3450","targetHints":{"allow":["GET"]}}],"collection":[{"href":"https:\/\/www.cambe.pr.gov.br\/index.php\/wp-json\/wp\/v2\/posts"}],"about":[{"href":"https:\/\/www.cambe.pr.gov.br\/index.php\/wp-json\/wp\/v2\/types\/post"}],"author":[{"embeddable":true,"href":"https:\/\/www.cambe.pr.gov.br\/index.php\/wp-json\/wp\/v2\/users\/2"}],"replies":[{"embeddable":true,"href":"https:\/\/www.cambe.pr.gov.br\/index.php\/wp-json\/wp\/v2\/comments?post=3450"}],"version-history":[{"count":1,"href":"https:\/\/www.cambe.pr.gov.br\/index.php\/wp-json\/wp\/v2\/posts\/3450\/revisions"}],"predecessor-version":[{"id":3454,"href":"https:\/\/www.cambe.pr.gov.br\/index.php\/wp-json\/wp\/v2\/posts\/3450\/revisions\/3454"}],"wp:attachment":[{"href":"https:\/\/www.cambe.pr.gov.br\/index.php\/wp-json\/wp\/v2\/media?parent=3450"}],"wp:term":[{"taxonomy":"category","embeddable":true,"href":"https:\/\/www.cambe.pr.gov.br\/index.php\/wp-json\/wp\/v2\/categories?post=3450"},{"taxonomy":"post_tag","embeddable":true,"href":"https:\/\/www.cambe.pr.gov.br\/index.php\/wp-json\/wp\/v2\/tags?post=3450"}],"curies":[{"name":"wp","href":"https:\/\/api.w.org\/{rel}","templated":true}]}}