{"id":3445,"date":"2021-09-15T14:34:38","date_gmt":"2021-09-15T17:34:38","guid":{"rendered":"http:\/\/www.cambe.pr.gov.br\/?p=3445"},"modified":"2024-10-07T13:00:25","modified_gmt":"2024-10-07T16:00:25","slug":"forca-tarefa-da-prefeitura-trabalha-para-recuperar-danos-provocados-pelo-temporal-da-terca-feira","status":"publish","type":"post","link":"https:\/\/www.cambe.pr.gov.br\/index.php\/forca-tarefa-da-prefeitura-trabalha-para-recuperar-danos-provocados-pelo-temporal-da-terca-feira\/","title":{"rendered":"For\u00e7a-tarefa da Prefeitura trabalha para recuperar danos provocados pelo temporal"},"content":{"rendered":"<p style=\"text-align: justify;\"><span style=\"font-family: arial, helvetica, sans-serif;\"><img fetchpriority=\"high\" decoding=\"async\" class=\"alignleft wp-image-3446 size-medium\" src=\"https:\/\/www.cambe.pr.gov.br\/wp-content\/uploads\/2021\/09\/WhatsApp-Image-2021-09-15-at-10.49.16-e1631727266538-300x200.jpeg\" alt=\"\" width=\"300\" height=\"200\" srcset=\"https:\/\/www.cambe.pr.gov.br\/wp-content\/uploads\/2021\/09\/WhatsApp-Image-2021-09-15-at-10.49.16-e1631727266538-300x200.jpeg 300w, https:\/\/www.cambe.pr.gov.br\/wp-content\/uploads\/2021\/09\/WhatsApp-Image-2021-09-15-at-10.49.16-e1631727266538-1024x682.jpeg 1024w, https:\/\/www.cambe.pr.gov.br\/wp-content\/uploads\/2021\/09\/WhatsApp-Image-2021-09-15-at-10.49.16-e1631727266538-768x512.jpeg 768w, https:\/\/www.cambe.pr.gov.br\/wp-content\/uploads\/2021\/09\/WhatsApp-Image-2021-09-15-at-10.49.16-e1631727266538.jpeg 1081w\" sizes=\"(max-width: 300px) 100vw, 300px\" \/>A quarta-feira (15) tem sido de muito trabalho para as equipes da Prefeitura de Camb\u00e9 no levantamento dos danos causados pelo forte temporal registrado no dia anterior na cidade e tamb\u00e9m de in\u00edcio da recupera\u00e7\u00e3o. No fim da tarde e in\u00edcio da noite de ter\u00e7a-feira (14), o prefeito Conrado Scheller percorreu v\u00e1rios pontos atingidos para avaliar os estragos e identificar fam\u00edlias que estivessem precisando de ajuda.<\/span><\/p>\n<p style=\"text-align: justify;\"><span style=\"font-family: arial, helvetica, sans-serif;\">&#8220;Nosso papel \u00e9 ajudar essas pessoas que precisam neste momento dif\u00edcil. A prefeitura est\u00e1 se mobilizando, por meio de v\u00e1rias secretarias, para agir em diversas frentes e poder colocar a cidade em ordem o mais r\u00e1pido poss\u00edvel e tamb\u00e9m confortar essas fam\u00edlias que tiveram preju\u00edzos com o temporal&#8221;, afirma o prefeito.<\/span><\/p>\n<p style=\"text-align: justify;\"><span style=\"font-family: arial, helvetica, sans-serif;\">A Secretaria de Obras e a Defesa Civil do Munic\u00edpio est\u00e3o mapeando as regi\u00f5es mais afetadas. As fortes chuvas e o vento causaram a queda de nove postes de energia e mais de 5 mil casas ficaram sem luz, afetando aproximadamente 25 mil pessoas. At\u00e9 a manh\u00e3 desta quarta-feira (15), mil casas ainda continuavam sem energia el\u00e9trica, principalmente aquelas que tiveram quedas de postes. A chuva tamb\u00e9m deixou diversas casas destelhadas e ocasionou a queda de v\u00e1rias \u00e1rvores. No total, mais de 70 casas sofreram com danos estruturais.<\/span><\/p>\n<p style=\"text-align: justify;\"><span style=\"font-family: arial, helvetica, sans-serif;\">Jonas Henriques, respons\u00e1vel pela Copel na cidade, explica que a companhia estava com 107 chamados em aberto na cidade at\u00e9 o meio da manh\u00e3, mas que a previs\u00e3o \u00e9 de restabelecer a energia ainda nesta quarta-feira (15). \u201cEstamos recebendo apoio de equipes da Copel de cidades da regi\u00e3o, como Arapongas, Apucarana e Ivaipor\u00e3, que n\u00e3o sofreram com o vendaval\u201d, esclarece. De acordo com ele, a Copel est\u00e1 priorizando as demandas mais pr\u00f3ximas de hospitais, postos de sa\u00fade e da Sanepar, o pr\u00f3ximo passo \u00e9 repor os postes de consumidores comerciais e residenciais. \u201cA nossa expectativa \u00e9 conseguir apoio das cidades da regi\u00e3o leste e oeste. Cascavel e Ponta Grossa, por exemplo, j\u00e1 est\u00e3o encaminhando colaboradores para auxiliar nos reparos\u201d, finaliza.<\/span><\/p>\n<p style=\"text-align: justify;\"><span style=\"font-family: arial, helvetica, sans-serif;\">Manoel C\u00edcero dos Santos, secret\u00e1rio de Obras, explica que por conta da queda dos postes e da fia\u00e7\u00e3o el\u00e9trica, um cachorro morreu eletrocutado no Jardim Tupi e um homem tamb\u00e9m recebeu uma descarga el\u00e9trica no Camb\u00e9 III, mas passa bem. \u201cQuando acontece a queda de um poste, na maioria das vezes, a energia tamb\u00e9m cai, mas em alguns casos a rede continua ativa e isso \u00e9 muito perigoso. Esse homem tocou em uma \u00e1rvore, mas n\u00e3o tinha percebido que os fios de energia estavam enrolados do outro lado\u201d, explica. O secret\u00e1rio esclarece que nesses casos \u00e9 muito importante que ningu\u00e9m se aproxime dos fios de energia. \u201cN\u00e3o tem como saber se est\u00e3o eletrizados ou n\u00e3o. Ent\u00e3o, na d\u00favida, fique o mais longe poss\u00edvel\u201d, orienta. Ainda segundo ele, um engenheiro el\u00e9trico da Secret\u00e1ria de Obras ficou nesse local at\u00e9 a chegada da Copel para evitar que mais algum morador se aproximasse dos fios.<\/span><\/p>\n<p style=\"text-align: justify;\"><span style=\"font-family: arial, helvetica, sans-serif;\">Em Camb\u00e9, os bairros mais afetados pelas chuvas foram: Nova Camb\u00e9; Casarotto; Tupi; Ana Rosa (regi\u00e3o mais alta); Santo Amaro; Ana Elisa III e Camb\u00e9 III. \u201cA corrente de vento mais forte passou varrendo essa faixa, por isso que enfrentou os maiores estragos\u201d, justifica dos Santos. Segundo o secret\u00e1rio, a chuva n\u00e3o causou tantos danos f\u00edsicos graves nas casas quanto \u00e0s chuvas de mar\u00e7o, por\u00e9m foi muito superior em rela\u00e7\u00e3o aos danos nas \u00e1rvores e postes da rede el\u00e9trica. \u201cDepois da primeira chuva, mais duas estavam na previs\u00e3o para acontecer logo na sequ\u00eancia, por sorte elas vieram mais fracas, evitando danos ainda mais s\u00e9rios\u201d, frisa.<\/span><\/p>\n<p style=\"text-align: justify;\"><span style=\"font-family: arial, helvetica, sans-serif;\">Em rela\u00e7\u00e3o \u00e0 queda de \u00e1rvores na cidade, s\u00f3 no Centro Esportivo do Castelo Branco foi confirmada a queda de 18 eucaliptos. Anderson Alves, diretor do Departamento Ambiental da Secretaria de Meio Ambiente, explica que ainda n\u00e3o tem como saber o n\u00famero de \u00e1rvores que ca\u00edram ou que sofreram danos, mas estima que mais de 50 foram totalmente afetadas. \u201cAcreditamos que nos pr\u00f3ximos dias esse n\u00famero vai dobrar, ainda mais que estamos atendendo apenas os casos mais urgentes, s\u00f3 depois vamos fazer a retirada de galhos, por exemplo\u201d, ressalta.<\/span><\/p>\n<p style=\"text-align: justify;\"><span style=\"font-family: arial, helvetica, sans-serif;\">De acordo com a Defesa Civil, duas casas precisaram ser interditadas por causa da chuva e as fam\u00edlias foram abrigadas na casa de conhecidos. Nas casas que sofreram com o destelhamento, a Prefeitura de Camb\u00e9 fez a distribui\u00e7\u00e3o de lonas para auxiliar preventivamente os moradores. As equipes da Secretaria de Assist\u00eancia Social tamb\u00e9m est\u00e3o nas ruas para ajudar as fam\u00edlias que perderam m\u00f3veis e outros objetos pessoais.<\/span><\/p>\n","protected":false},"excerpt":{"rendered":"<p>A quarta-feira (15) tem sido de muito trabalho para as equipes da Prefeitura de Camb\u00e9 no levantamento dos danos causados pelo forte temporal registrado no dia anterior na cidade e tamb\u00e9m de in\u00edcio da recupera\u00e7\u00e3o. No fim da tarde e in\u00edcio da noite de ter\u00e7a-feira (14), o prefeito Conrado Scheller percorreu v\u00e1rios pontos atingidos para [&hellip;]<\/p>\n","protected":false},"author":2,"featured_media":0,"comment_status":"closed","ping_status":"open","sticky":false,"template":"","format":"standard","meta":{"ngg_post_thumbnail":0,"footnotes":""},"categories":[1],"tags":[],"class_list":["post-3445","post","type-post","status-publish","format-standard","hentry","category-principal"],"yoast_head":"<!-- This site is optimized with the Yoast SEO plugin v27.4 - https:\/\/yoast.com\/product\/yoast-seo-wordpress\/ -->\n<title>For\u00e7a-tarefa da Prefeitura trabalha para recuperar danos provocados pelo temporal - Prefeitura de Camb\u00e9<\/title>\n<meta name=\"robots\" content=\"index, follow, max-snippet:-1, max-image-preview:large, max-video-preview:-1\" \/>\n<link rel=\"canonical\" href=\"https:\/\/www.cambe.pr.gov.br\/index.php\/forca-tarefa-da-prefeitura-trabalha-para-recuperar-danos-provocados-pelo-temporal-da-terca-feira\/\" \/>\n<meta property=\"og:locale\" content=\"pt_BR\" \/>\n<meta property=\"og:type\" content=\"article\" \/>\n<meta property=\"og:title\" content=\"For\u00e7a-tarefa da Prefeitura trabalha para recuperar danos provocados pelo temporal - Prefeitura de Camb\u00e9\" \/>\n<meta property=\"og:description\" content=\"A quarta-feira (15) tem sido de muito trabalho para as equipes da Prefeitura de Camb\u00e9 no levantamento dos danos causados pelo forte temporal registrado no dia anterior na cidade e tamb\u00e9m de in\u00edcio da recupera\u00e7\u00e3o. No fim da tarde e in\u00edcio da noite de ter\u00e7a-feira (14), o prefeito Conrado Scheller percorreu v\u00e1rios pontos atingidos para [&hellip;]\" \/>\n<meta property=\"og:url\" content=\"https:\/\/www.cambe.pr.gov.br\/index.php\/forca-tarefa-da-prefeitura-trabalha-para-recuperar-danos-provocados-pelo-temporal-da-terca-feira\/\" \/>\n<meta property=\"og:site_name\" content=\"Prefeitura de Camb\u00e9\" \/>\n<meta property=\"article:publisher\" content=\"https:\/\/m.facebook.com\/prefeituradecambe\" \/>\n<meta property=\"article:published_time\" content=\"2021-09-15T17:34:38+00:00\" \/>\n<meta property=\"article:modified_time\" content=\"2024-10-07T16:00:25+00:00\" \/>\n<meta property=\"og:image\" content=\"http:\/\/www.cambe.pr.gov.br\/wp-content\/uploads\/2021\/09\/WhatsApp-Image-2021-09-15-at-10.49.16-e1631727266538-300x200.jpeg\" \/>\n<meta name=\"author\" content=\"Thiago Mossini Balbino dos Santos\" \/>\n<meta name=\"twitter:card\" content=\"summary_large_image\" \/>\n<meta name=\"twitter:label1\" content=\"Escrito por\" \/>\n\t<meta name=\"twitter:data1\" content=\"Thiago Mossini Balbino dos Santos\" \/>\n\t<meta name=\"twitter:label2\" content=\"Est. tempo de leitura\" \/>\n\t<meta name=\"twitter:data2\" content=\"4 minutos\" \/>\n<script type=\"application\/ld+json\" class=\"yoast-schema-graph\">{\"@context\":\"https:\\\/\\\/schema.org\",\"@graph\":[{\"@type\":\"Article\",\"@id\":\"https:\\\/\\\/www.cambe.pr.gov.br\\\/index.php\\\/forca-tarefa-da-prefeitura-trabalha-para-recuperar-danos-provocados-pelo-temporal-da-terca-feira\\\/#article\",\"isPartOf\":{\"@id\":\"https:\\\/\\\/www.cambe.pr.gov.br\\\/index.php\\\/forca-tarefa-da-prefeitura-trabalha-para-recuperar-danos-provocados-pelo-temporal-da-terca-feira\\\/\"},\"author\":{\"name\":\"Thiago Mossini Balbino dos Santos\",\"@id\":\"https:\\\/\\\/www.cambe.pr.gov.br\\\/#\\\/schema\\\/person\\\/e08f7c43a641b2ec036e4e867ec483e4\"},\"headline\":\"For\u00e7a-tarefa da Prefeitura trabalha para recuperar danos provocados pelo temporal\",\"datePublished\":\"2021-09-15T17:34:38+00:00\",\"dateModified\":\"2024-10-07T16:00:25+00:00\",\"mainEntityOfPage\":{\"@id\":\"https:\\\/\\\/www.cambe.pr.gov.br\\\/index.php\\\/forca-tarefa-da-prefeitura-trabalha-para-recuperar-danos-provocados-pelo-temporal-da-terca-feira\\\/\"},\"wordCount\":803,\"publisher\":{\"@id\":\"https:\\\/\\\/www.cambe.pr.gov.br\\\/#organization\"},\"image\":{\"@id\":\"https:\\\/\\\/www.cambe.pr.gov.br\\\/index.php\\\/forca-tarefa-da-prefeitura-trabalha-para-recuperar-danos-provocados-pelo-temporal-da-terca-feira\\\/#primaryimage\"},\"thumbnailUrl\":\"http:\\\/\\\/www.cambe.pr.gov.br\\\/wp-content\\\/uploads\\\/2021\\\/09\\\/WhatsApp-Image-2021-09-15-at-10.49.16-e1631727266538-300x200.jpeg\",\"articleSection\":[\"Principal\"],\"inLanguage\":\"pt-BR\"},{\"@type\":\"WebPage\",\"@id\":\"https:\\\/\\\/www.cambe.pr.gov.br\\\/index.php\\\/forca-tarefa-da-prefeitura-trabalha-para-recuperar-danos-provocados-pelo-temporal-da-terca-feira\\\/\",\"url\":\"https:\\\/\\\/www.cambe.pr.gov.br\\\/index.php\\\/forca-tarefa-da-prefeitura-trabalha-para-recuperar-danos-provocados-pelo-temporal-da-terca-feira\\\/\",\"name\":\"For\u00e7a-tarefa da Prefeitura trabalha para recuperar danos provocados pelo temporal - Prefeitura de Camb\u00e9\",\"isPartOf\":{\"@id\":\"https:\\\/\\\/www.cambe.pr.gov.br\\\/#website\"},\"primaryImageOfPage\":{\"@id\":\"https:\\\/\\\/www.cambe.pr.gov.br\\\/index.php\\\/forca-tarefa-da-prefeitura-trabalha-para-recuperar-danos-provocados-pelo-temporal-da-terca-feira\\\/#primaryimage\"},\"image\":{\"@id\":\"https:\\\/\\\/www.cambe.pr.gov.br\\\/index.php\\\/forca-tarefa-da-prefeitura-trabalha-para-recuperar-danos-provocados-pelo-temporal-da-terca-feira\\\/#primaryimage\"},\"thumbnailUrl\":\"http:\\\/\\\/www.cambe.pr.gov.br\\\/wp-content\\\/uploads\\\/2021\\\/09\\\/WhatsApp-Image-2021-09-15-at-10.49.16-e1631727266538-300x200.jpeg\",\"datePublished\":\"2021-09-15T17:34:38+00:00\",\"dateModified\":\"2024-10-07T16:00:25+00:00\",\"breadcrumb\":{\"@id\":\"https:\\\/\\\/www.cambe.pr.gov.br\\\/index.php\\\/forca-tarefa-da-prefeitura-trabalha-para-recuperar-danos-provocados-pelo-temporal-da-terca-feira\\\/#breadcrumb\"},\"inLanguage\":\"pt-BR\",\"potentialAction\":[{\"@type\":\"ReadAction\",\"target\":[\"https:\\\/\\\/www.cambe.pr.gov.br\\\/index.php\\\/forca-tarefa-da-prefeitura-trabalha-para-recuperar-danos-provocados-pelo-temporal-da-terca-feira\\\/\"]}]},{\"@type\":\"ImageObject\",\"inLanguage\":\"pt-BR\",\"@id\":\"https:\\\/\\\/www.cambe.pr.gov.br\\\/index.php\\\/forca-tarefa-da-prefeitura-trabalha-para-recuperar-danos-provocados-pelo-temporal-da-terca-feira\\\/#primaryimage\",\"url\":\"http:\\\/\\\/www.cambe.pr.gov.br\\\/wp-content\\\/uploads\\\/2021\\\/09\\\/WhatsApp-Image-2021-09-15-at-10.49.16-e1631727266538-300x200.jpeg\",\"contentUrl\":\"http:\\\/\\\/www.cambe.pr.gov.br\\\/wp-content\\\/uploads\\\/2021\\\/09\\\/WhatsApp-Image-2021-09-15-at-10.49.16-e1631727266538-300x200.jpeg\"},{\"@type\":\"BreadcrumbList\",\"@id\":\"https:\\\/\\\/www.cambe.pr.gov.br\\\/index.php\\\/forca-tarefa-da-prefeitura-trabalha-para-recuperar-danos-provocados-pelo-temporal-da-terca-feira\\\/#breadcrumb\",\"itemListElement\":[{\"@type\":\"ListItem\",\"position\":1,\"name\":\"In\u00edcio\",\"item\":\"https:\\\/\\\/www.cambe.pr.gov.br\\\/\"},{\"@type\":\"ListItem\",\"position\":2,\"name\":\"For\u00e7a-tarefa da Prefeitura trabalha para recuperar danos provocados pelo temporal\"}]},{\"@type\":\"WebSite\",\"@id\":\"https:\\\/\\\/www.cambe.pr.gov.br\\\/#website\",\"url\":\"https:\\\/\\\/www.cambe.pr.gov.br\\\/\",\"name\":\"Prefeitura de Camb\u00e9\",\"description\":\"UM GOVERNO PARA TODOS\",\"publisher\":{\"@id\":\"https:\\\/\\\/www.cambe.pr.gov.br\\\/#organization\"},\"potentialAction\":[{\"@type\":\"SearchAction\",\"target\":{\"@type\":\"EntryPoint\",\"urlTemplate\":\"https:\\\/\\\/www.cambe.pr.gov.br\\\/?s={search_term_string}\"},\"query-input\":{\"@type\":\"PropertyValueSpecification\",\"valueRequired\":true,\"valueName\":\"search_term_string\"}}],\"inLanguage\":\"pt-BR\"},{\"@type\":\"Organization\",\"@id\":\"https:\\\/\\\/www.cambe.pr.gov.br\\\/#organization\",\"name\":\"Prefeitura de Camb\u00e9\",\"url\":\"https:\\\/\\\/www.cambe.pr.gov.br\\\/\",\"logo\":{\"@type\":\"ImageObject\",\"inLanguage\":\"pt-BR\",\"@id\":\"https:\\\/\\\/www.cambe.pr.gov.br\\\/#\\\/schema\\\/logo\\\/image\\\/\",\"url\":\"https:\\\/\\\/www.cambe.pr.gov.br\\\/wp-content\\\/uploads\\\/2021\\\/01\\\/cropped-cropped-cambe_brazao-icone.png\",\"contentUrl\":\"https:\\\/\\\/www.cambe.pr.gov.br\\\/wp-content\\\/uploads\\\/2021\\\/01\\\/cropped-cropped-cambe_brazao-icone.png\",\"width\":240,\"height\":240,\"caption\":\"Prefeitura de Camb\u00e9\"},\"image\":{\"@id\":\"https:\\\/\\\/www.cambe.pr.gov.br\\\/#\\\/schema\\\/logo\\\/image\\\/\"},\"sameAs\":[\"https:\\\/\\\/m.facebook.com\\\/prefeituradecambe\"]},{\"@type\":\"Person\",\"@id\":\"https:\\\/\\\/www.cambe.pr.gov.br\\\/#\\\/schema\\\/person\\\/e08f7c43a641b2ec036e4e867ec483e4\",\"name\":\"Thiago Mossini Balbino dos Santos\",\"image\":{\"@type\":\"ImageObject\",\"inLanguage\":\"pt-BR\",\"@id\":\"https:\\\/\\\/secure.gravatar.com\\\/avatar\\\/d957ed4e1bc3ebf5769d1003f9709cd2012ebf424eb4a5d76a933fee30e874b6?s=96&d=mm&r=g\",\"url\":\"https:\\\/\\\/secure.gravatar.com\\\/avatar\\\/d957ed4e1bc3ebf5769d1003f9709cd2012ebf424eb4a5d76a933fee30e874b6?s=96&d=mm&r=g\",\"contentUrl\":\"https:\\\/\\\/secure.gravatar.com\\\/avatar\\\/d957ed4e1bc3ebf5769d1003f9709cd2012ebf424eb4a5d76a933fee30e874b6?s=96&d=mm&r=g\",\"caption\":\"Thiago Mossini Balbino dos Santos\"},\"url\":\"https:\\\/\\\/www.cambe.pr.gov.br\\\/index.php\\\/author\\\/tmbsantos\\\/\"}]}<\/script>\n<!-- \/ Yoast SEO plugin. -->","yoast_head_json":{"title":"For\u00e7a-tarefa da Prefeitura trabalha para recuperar danos provocados pelo temporal - Prefeitura de Camb\u00e9","robots":{"index":"index","follow":"follow","max-snippet":"max-snippet:-1","max-image-preview":"max-image-preview:large","max-video-preview":"max-video-preview:-1"},"canonical":"https:\/\/www.cambe.pr.gov.br\/index.php\/forca-tarefa-da-prefeitura-trabalha-para-recuperar-danos-provocados-pelo-temporal-da-terca-feira\/","og_locale":"pt_BR","og_type":"article","og_title":"For\u00e7a-tarefa da Prefeitura trabalha para recuperar danos provocados pelo temporal - Prefeitura de Camb\u00e9","og_description":"A quarta-feira (15) tem sido de muito trabalho para as equipes da Prefeitura de Camb\u00e9 no levantamento dos danos causados pelo forte temporal registrado no dia anterior na cidade e tamb\u00e9m de in\u00edcio da recupera\u00e7\u00e3o. No fim da tarde e in\u00edcio da noite de ter\u00e7a-feira (14), o prefeito Conrado Scheller percorreu v\u00e1rios pontos atingidos para [&hellip;]","og_url":"https:\/\/www.cambe.pr.gov.br\/index.php\/forca-tarefa-da-prefeitura-trabalha-para-recuperar-danos-provocados-pelo-temporal-da-terca-feira\/","og_site_name":"Prefeitura de Camb\u00e9","article_publisher":"https:\/\/m.facebook.com\/prefeituradecambe","article_published_time":"2021-09-15T17:34:38+00:00","article_modified_time":"2024-10-07T16:00:25+00:00","og_image":[{"url":"http:\/\/www.cambe.pr.gov.br\/wp-content\/uploads\/2021\/09\/WhatsApp-Image-2021-09-15-at-10.49.16-e1631727266538-300x200.jpeg","type":"","width":"","height":""}],"author":"Thiago Mossini Balbino dos Santos","twitter_card":"summary_large_image","twitter_misc":{"Escrito por":"Thiago Mossini Balbino dos Santos","Est. tempo de leitura":"4 minutos"},"schema":{"@context":"https:\/\/schema.org","@graph":[{"@type":"Article","@id":"https:\/\/www.cambe.pr.gov.br\/index.php\/forca-tarefa-da-prefeitura-trabalha-para-recuperar-danos-provocados-pelo-temporal-da-terca-feira\/#article","isPartOf":{"@id":"https:\/\/www.cambe.pr.gov.br\/index.php\/forca-tarefa-da-prefeitura-trabalha-para-recuperar-danos-provocados-pelo-temporal-da-terca-feira\/"},"author":{"name":"Thiago Mossini Balbino dos Santos","@id":"https:\/\/www.cambe.pr.gov.br\/#\/schema\/person\/e08f7c43a641b2ec036e4e867ec483e4"},"headline":"For\u00e7a-tarefa da Prefeitura trabalha para recuperar danos provocados pelo temporal","datePublished":"2021-09-15T17:34:38+00:00","dateModified":"2024-10-07T16:00:25+00:00","mainEntityOfPage":{"@id":"https:\/\/www.cambe.pr.gov.br\/index.php\/forca-tarefa-da-prefeitura-trabalha-para-recuperar-danos-provocados-pelo-temporal-da-terca-feira\/"},"wordCount":803,"publisher":{"@id":"https:\/\/www.cambe.pr.gov.br\/#organization"},"image":{"@id":"https:\/\/www.cambe.pr.gov.br\/index.php\/forca-tarefa-da-prefeitura-trabalha-para-recuperar-danos-provocados-pelo-temporal-da-terca-feira\/#primaryimage"},"thumbnailUrl":"http:\/\/www.cambe.pr.gov.br\/wp-content\/uploads\/2021\/09\/WhatsApp-Image-2021-09-15-at-10.49.16-e1631727266538-300x200.jpeg","articleSection":["Principal"],"inLanguage":"pt-BR"},{"@type":"WebPage","@id":"https:\/\/www.cambe.pr.gov.br\/index.php\/forca-tarefa-da-prefeitura-trabalha-para-recuperar-danos-provocados-pelo-temporal-da-terca-feira\/","url":"https:\/\/www.cambe.pr.gov.br\/index.php\/forca-tarefa-da-prefeitura-trabalha-para-recuperar-danos-provocados-pelo-temporal-da-terca-feira\/","name":"For\u00e7a-tarefa da Prefeitura trabalha para recuperar danos provocados pelo temporal - Prefeitura de Camb\u00e9","isPartOf":{"@id":"https:\/\/www.cambe.pr.gov.br\/#website"},"primaryImageOfPage":{"@id":"https:\/\/www.cambe.pr.gov.br\/index.php\/forca-tarefa-da-prefeitura-trabalha-para-recuperar-danos-provocados-pelo-temporal-da-terca-feira\/#primaryimage"},"image":{"@id":"https:\/\/www.cambe.pr.gov.br\/index.php\/forca-tarefa-da-prefeitura-trabalha-para-recuperar-danos-provocados-pelo-temporal-da-terca-feira\/#primaryimage"},"thumbnailUrl":"http:\/\/www.cambe.pr.gov.br\/wp-content\/uploads\/2021\/09\/WhatsApp-Image-2021-09-15-at-10.49.16-e1631727266538-300x200.jpeg","datePublished":"2021-09-15T17:34:38+00:00","dateModified":"2024-10-07T16:00:25+00:00","breadcrumb":{"@id":"https:\/\/www.cambe.pr.gov.br\/index.php\/forca-tarefa-da-prefeitura-trabalha-para-recuperar-danos-provocados-pelo-temporal-da-terca-feira\/#breadcrumb"},"inLanguage":"pt-BR","potentialAction":[{"@type":"ReadAction","target":["https:\/\/www.cambe.pr.gov.br\/index.php\/forca-tarefa-da-prefeitura-trabalha-para-recuperar-danos-provocados-pelo-temporal-da-terca-feira\/"]}]},{"@type":"ImageObject","inLanguage":"pt-BR","@id":"https:\/\/www.cambe.pr.gov.br\/index.php\/forca-tarefa-da-prefeitura-trabalha-para-recuperar-danos-provocados-pelo-temporal-da-terca-feira\/#primaryimage","url":"http:\/\/www.cambe.pr.gov.br\/wp-content\/uploads\/2021\/09\/WhatsApp-Image-2021-09-15-at-10.49.16-e1631727266538-300x200.jpeg","contentUrl":"http:\/\/www.cambe.pr.gov.br\/wp-content\/uploads\/2021\/09\/WhatsApp-Image-2021-09-15-at-10.49.16-e1631727266538-300x200.jpeg"},{"@type":"BreadcrumbList","@id":"https:\/\/www.cambe.pr.gov.br\/index.php\/forca-tarefa-da-prefeitura-trabalha-para-recuperar-danos-provocados-pelo-temporal-da-terca-feira\/#breadcrumb","itemListElement":[{"@type":"ListItem","position":1,"name":"In\u00edcio","item":"https:\/\/www.cambe.pr.gov.br\/"},{"@type":"ListItem","position":2,"name":"For\u00e7a-tarefa da Prefeitura trabalha para recuperar danos provocados pelo temporal"}]},{"@type":"WebSite","@id":"https:\/\/www.cambe.pr.gov.br\/#website","url":"https:\/\/www.cambe.pr.gov.br\/","name":"Prefeitura de Camb\u00e9","description":"UM GOVERNO PARA TODOS","publisher":{"@id":"https:\/\/www.cambe.pr.gov.br\/#organization"},"potentialAction":[{"@type":"SearchAction","target":{"@type":"EntryPoint","urlTemplate":"https:\/\/www.cambe.pr.gov.br\/?s={search_term_string}"},"query-input":{"@type":"PropertyValueSpecification","valueRequired":true,"valueName":"search_term_string"}}],"inLanguage":"pt-BR"},{"@type":"Organization","@id":"https:\/\/www.cambe.pr.gov.br\/#organization","name":"Prefeitura de Camb\u00e9","url":"https:\/\/www.cambe.pr.gov.br\/","logo":{"@type":"ImageObject","inLanguage":"pt-BR","@id":"https:\/\/www.cambe.pr.gov.br\/#\/schema\/logo\/image\/","url":"https:\/\/www.cambe.pr.gov.br\/wp-content\/uploads\/2021\/01\/cropped-cropped-cambe_brazao-icone.png","contentUrl":"https:\/\/www.cambe.pr.gov.br\/wp-content\/uploads\/2021\/01\/cropped-cropped-cambe_brazao-icone.png","width":240,"height":240,"caption":"Prefeitura de Camb\u00e9"},"image":{"@id":"https:\/\/www.cambe.pr.gov.br\/#\/schema\/logo\/image\/"},"sameAs":["https:\/\/m.facebook.com\/prefeituradecambe"]},{"@type":"Person","@id":"https:\/\/www.cambe.pr.gov.br\/#\/schema\/person\/e08f7c43a641b2ec036e4e867ec483e4","name":"Thiago Mossini Balbino dos Santos","image":{"@type":"ImageObject","inLanguage":"pt-BR","@id":"https:\/\/secure.gravatar.com\/avatar\/d957ed4e1bc3ebf5769d1003f9709cd2012ebf424eb4a5d76a933fee30e874b6?s=96&d=mm&r=g","url":"https:\/\/secure.gravatar.com\/avatar\/d957ed4e1bc3ebf5769d1003f9709cd2012ebf424eb4a5d76a933fee30e874b6?s=96&d=mm&r=g","contentUrl":"https:\/\/secure.gravatar.com\/avatar\/d957ed4e1bc3ebf5769d1003f9709cd2012ebf424eb4a5d76a933fee30e874b6?s=96&d=mm&r=g","caption":"Thiago Mossini Balbino dos Santos"},"url":"https:\/\/www.cambe.pr.gov.br\/index.php\/author\/tmbsantos\/"}]}},"_links":{"self":[{"href":"https:\/\/www.cambe.pr.gov.br\/index.php\/wp-json\/wp\/v2\/posts\/3445","targetHints":{"allow":["GET"]}}],"collection":[{"href":"https:\/\/www.cambe.pr.gov.br\/index.php\/wp-json\/wp\/v2\/posts"}],"about":[{"href":"https:\/\/www.cambe.pr.gov.br\/index.php\/wp-json\/wp\/v2\/types\/post"}],"author":[{"embeddable":true,"href":"https:\/\/www.cambe.pr.gov.br\/index.php\/wp-json\/wp\/v2\/users\/2"}],"replies":[{"embeddable":true,"href":"https:\/\/www.cambe.pr.gov.br\/index.php\/wp-json\/wp\/v2\/comments?post=3445"}],"version-history":[{"count":4,"href":"https:\/\/www.cambe.pr.gov.br\/index.php\/wp-json\/wp\/v2\/posts\/3445\/revisions"}],"predecessor-version":[{"id":3455,"href":"https:\/\/www.cambe.pr.gov.br\/index.php\/wp-json\/wp\/v2\/posts\/3445\/revisions\/3455"}],"wp:attachment":[{"href":"https:\/\/www.cambe.pr.gov.br\/index.php\/wp-json\/wp\/v2\/media?parent=3445"}],"wp:term":[{"taxonomy":"category","embeddable":true,"href":"https:\/\/www.cambe.pr.gov.br\/index.php\/wp-json\/wp\/v2\/categories?post=3445"},{"taxonomy":"post_tag","embeddable":true,"href":"https:\/\/www.cambe.pr.gov.br\/index.php\/wp-json\/wp\/v2\/tags?post=3445"}],"curies":[{"name":"wp","href":"https:\/\/api.w.org\/{rel}","templated":true}]}}