{"id":3435,"date":"2021-09-14T16:07:26","date_gmt":"2021-09-14T19:07:26","guid":{"rendered":"http:\/\/www.cambe.pr.gov.br\/?p=3435"},"modified":"2024-10-07T13:00:25","modified_gmt":"2024-10-07T16:00:25","slug":"cambe-lanca-programa-wash-para-alunos-da-rede-municipal-nesta-quarta-feira","status":"publish","type":"post","link":"https:\/\/www.cambe.pr.gov.br\/index.php\/cambe-lanca-programa-wash-para-alunos-da-rede-municipal-nesta-quarta-feira\/","title":{"rendered":"Camb\u00e9 lan\u00e7a Programa Wash para alunos da rede municipal nesta quarta-feira"},"content":{"rendered":"<p style=\"text-align: justify;\"><span style=\"font-family: arial, helvetica, sans-serif;\"><img fetchpriority=\"high\" decoding=\"async\" class=\"alignleft wp-image-3436 size-medium\" src=\"https:\/\/www.cambe.pr.gov.br\/wp-content\/uploads\/2021\/09\/fotorobotica-e1631646430651-300x200.jpg\" alt=\"\" width=\"300\" height=\"200\" srcset=\"https:\/\/www.cambe.pr.gov.br\/wp-content\/uploads\/2021\/09\/fotorobotica-e1631646430651-300x200.jpg 300w, https:\/\/www.cambe.pr.gov.br\/wp-content\/uploads\/2021\/09\/fotorobotica-e1631646430651.jpg 474w\" sizes=\"(max-width: 300px) 100vw, 300px\" \/>A Prefeitura de Camb\u00e9, por meio da Secretaria de Educa\u00e7\u00e3o, em parceria com a deputada federal Lu\u00edsa Canziani (PTB-PR), lan\u00e7a nesta quarta-feira (15\/09) o Programa Wash (Workshop Aficionados em Software e Hardware), projeto que tem por objetivo promover a inclus\u00e3o digital entre alunos da rede p\u00fablica. A solenidade est\u00e1 marcada para \u00e0s 10 horas, na Escola Municipal Prof. Lourdes Gobi Rodrigues, no Jardim Ana Rosa, e vai contar com a presen\u00e7a do prefeito Conrado Scheller, da deputada Lu\u00edsa, de secret\u00e1rios e vereadores.<\/span><\/p>\n<p style=\"text-align: justify;\"><span style=\"font-family: arial, helvetica, sans-serif;\">Inicialmente, o programa ser\u00e1 ofertado para alunos do 5\u00ba ano do Ensino Fundamental como atividade de contraturno. Por meio da linguagem de programa\u00e7\u00e3o, e com o aux\u00edlio de monitores, as crian\u00e7as aprendem a programar jogos, a elaborar hist\u00f3rias animadas e a desenvolver programas interativos, que contribuem para o desenvolvimento do racioc\u00ednio l\u00f3gico, aprendizagem da matem\u00e1tica, al\u00e9m de trabalhar valores como disciplina, persist\u00eancia e bom comportamento.<\/span><\/p>\n<p style=\"text-align: justify;\"><span style=\"font-family: arial, helvetica, sans-serif;\">O prefeito Conrado Scheller ressalta a import\u00e2ncia de atividade como essa para os alunos da rede p\u00fablica municipal de Camb\u00e9. \u201cA gente sabe como \u00e9 fundamental estar inclu\u00eddo neste mundo digital e da import\u00e2ncia da inova\u00e7\u00e3o para o futuro das cidades e das pessoas. Precisamos preparar nossas crian\u00e7as desde cedo para esse futuro que j\u00e1 est\u00e1 a\u00ed. Camb\u00e9 d\u00e1 um grande salto de qualidade em seu ensino com a chegada do Programa Wash\u201d, celebra.<\/span><\/p>\n<p style=\"text-align: justify;\"><span style=\"font-family: arial, helvetica, sans-serif;\">O Programa Wash foi viabilizado por meio de emenda parlamentar da deputada Lu\u00edsa, executada via Funda\u00e7\u00e3o Arauc\u00e1ria, e parceria com a Prefeitura, por meio das secretarias de Educa\u00e7\u00e3o e Cultura. \u201cNosso objetivo \u00e9 contribuir para o desenvolvimento pleno das nossas crian\u00e7as e oferecer uma forma\u00e7\u00e3o educacional que ampliem seus horizontes e as preparem para exercer profiss\u00f5es que ainda n\u00e3o existem\u201d, salienta Lu\u00edsa Canziani.<\/span><\/p>\n<p style=\"text-align: justify;\"><span style=\"font-family: arial, helvetica, sans-serif;\">A secret\u00e1ria municipal de Educa\u00e7\u00e3o e Cultura, Estela Camata, informa que a curto prazo a inten\u00e7\u00e3o \u00e9 implantar o programa em outras tr\u00eas escolas que oferecem jornada ampliada, com oficinas de refor\u00e7o escolar, de esporte e cultura, realizadas em per\u00edodo de contraturno. S\u00e3o elas: escolas municipais Pedro Tkotz, Cec\u00edlia Meireles (Caic) e Santos Dumont. \u201cPretendemos oportunizar aos nossos alunos acesso \u00e0 tecnologia e \u00e0 inform\u00e1tica, al\u00e9m de oferecer uma forma\u00e7\u00e3o integral em ambiente escolar e saud\u00e1vel\u201d, salienta. A partir do pr\u00f3ximo ano, a inten\u00e7\u00e3o \u00e9 levar o Wash para todas as escolas.<\/span><\/p>\n<p style=\"text-align: justify;\"><strong><span style=\"font-family: arial, helvetica, sans-serif;\">Programa\u00e7\u00e3o<\/span><\/strong><br \/>\n<span style=\"font-family: arial, helvetica, sans-serif;\">O Programa Wash foi desenvolvido pelo Centro de Tecnologia da Informa\u00e7\u00e3o Renato Archer (CTI &#8211; \u00f3rg\u00e3o vinculado ao Minist\u00e9rio da Ci\u00eancia, Tecnologia, Inova\u00e7\u00f5es e Comunica\u00e7\u00f5es), que tem sede em Campinas (SP). Esse modelo \u00e9 baseado em m\u00e9todo cient\u00edfico utilizado no MIT (Massachusetts Institute of Techonology), nos Estados Unidos. Sob supervis\u00e3o do CTI, o Wash foi implantado h\u00e1 dois anos como \u201cpiloto\u201d na Escola Municipal Maestro Roberto Panico, na Zona Sul de Londrina, por meio de articula\u00e7\u00e3o da deputada Lu\u00edsa, e desde ent\u00e3o tem apresentado resultados muito positivos no desenvolvimento dos alunos.<\/span><\/p>\n<p style=\"text-align: justify;\"><span style=\"font-family: arial, helvetica, sans-serif;\">Al\u00e9m de Camb\u00e9, o Programa Wash ter\u00e1 in\u00edcio neste ano em Centen\u00e1rio do Sul, Florest\u00f3polis, Cafeara, Prado Ferreira e Dr. Camargo (Regi\u00e3o Noroeste). No entanto, a partir do ano que vem, o programa deve ser implantado em 15 munic\u00edpios.<\/span><\/p>\n<p style=\"text-align: justify;\"><span style=\"font-family: arial, helvetica, sans-serif;\"><strong>Servi\u00e7o:<\/strong> Lan\u00e7amento do Programa Wash amanh\u00e3 (dia 15\/9), \u00e0s 10hs.<\/span><br \/>\n<span style=\"font-family: arial, helvetica, sans-serif;\"><strong>Local:<\/strong> Escola Municipal Prof. Lourdes Gobi Rodrigues.<\/span><br \/>\n<span style=\"font-family: arial, helvetica, sans-serif;\">Rua Francisco Lopes Hernandez, 432 (Jd. Ana Rosa).<\/span><\/p>\n","protected":false},"excerpt":{"rendered":"<p>A Prefeitura de Camb\u00e9, por meio da Secretaria de Educa\u00e7\u00e3o, em parceria com a deputada federal Lu\u00edsa Canziani (PTB-PR), lan\u00e7a nesta quarta-feira (15\/09) o Programa Wash (Workshop Aficionados em Software e Hardware), projeto que tem por objetivo promover a inclus\u00e3o digital entre alunos da rede p\u00fablica. A solenidade est\u00e1 marcada para \u00e0s 10 horas, na [&hellip;]<\/p>\n","protected":false},"author":2,"featured_media":0,"comment_status":"closed","ping_status":"open","sticky":false,"template":"","format":"standard","meta":{"ngg_post_thumbnail":0,"footnotes":""},"categories":[1],"tags":[],"class_list":["post-3435","post","type-post","status-publish","format-standard","hentry","category-principal"],"yoast_head":"<!-- This site is optimized with the Yoast SEO plugin v27.4 - https:\/\/yoast.com\/product\/yoast-seo-wordpress\/ -->\n<title>Camb\u00e9 lan\u00e7a Programa Wash para alunos da rede municipal nesta quarta-feira - Prefeitura de Camb\u00e9<\/title>\n<meta name=\"robots\" content=\"index, follow, max-snippet:-1, max-image-preview:large, max-video-preview:-1\" \/>\n<link rel=\"canonical\" href=\"https:\/\/www.cambe.pr.gov.br\/index.php\/cambe-lanca-programa-wash-para-alunos-da-rede-municipal-nesta-quarta-feira\/\" \/>\n<meta property=\"og:locale\" content=\"pt_BR\" \/>\n<meta property=\"og:type\" content=\"article\" \/>\n<meta property=\"og:title\" content=\"Camb\u00e9 lan\u00e7a Programa Wash para alunos da rede municipal nesta quarta-feira - Prefeitura de Camb\u00e9\" \/>\n<meta property=\"og:description\" content=\"A Prefeitura de Camb\u00e9, por meio da Secretaria de Educa\u00e7\u00e3o, em parceria com a deputada federal Lu\u00edsa Canziani (PTB-PR), lan\u00e7a nesta quarta-feira (15\/09) o Programa Wash (Workshop Aficionados em Software e Hardware), projeto que tem por objetivo promover a inclus\u00e3o digital entre alunos da rede p\u00fablica. A solenidade est\u00e1 marcada para \u00e0s 10 horas, na [&hellip;]\" \/>\n<meta property=\"og:url\" content=\"https:\/\/www.cambe.pr.gov.br\/index.php\/cambe-lanca-programa-wash-para-alunos-da-rede-municipal-nesta-quarta-feira\/\" \/>\n<meta property=\"og:site_name\" content=\"Prefeitura de Camb\u00e9\" \/>\n<meta property=\"article:publisher\" content=\"https:\/\/m.facebook.com\/prefeituradecambe\" \/>\n<meta property=\"article:published_time\" content=\"2021-09-14T19:07:26+00:00\" \/>\n<meta property=\"article:modified_time\" content=\"2024-10-07T16:00:25+00:00\" \/>\n<meta property=\"og:image\" content=\"http:\/\/www.cambe.pr.gov.br\/wp-content\/uploads\/2021\/09\/fotorobotica-e1631646430651-300x200.jpg\" \/>\n<meta name=\"author\" content=\"Thiago Mossini Balbino dos Santos\" \/>\n<meta name=\"twitter:card\" content=\"summary_large_image\" \/>\n<meta name=\"twitter:label1\" content=\"Escrito por\" \/>\n\t<meta name=\"twitter:data1\" content=\"Thiago Mossini Balbino dos Santos\" \/>\n\t<meta name=\"twitter:label2\" content=\"Est. tempo de leitura\" \/>\n\t<meta name=\"twitter:data2\" content=\"3 minutos\" \/>\n<script type=\"application\/ld+json\" class=\"yoast-schema-graph\">{\"@context\":\"https:\\\/\\\/schema.org\",\"@graph\":[{\"@type\":\"Article\",\"@id\":\"https:\\\/\\\/www.cambe.pr.gov.br\\\/index.php\\\/cambe-lanca-programa-wash-para-alunos-da-rede-municipal-nesta-quarta-feira\\\/#article\",\"isPartOf\":{\"@id\":\"https:\\\/\\\/www.cambe.pr.gov.br\\\/index.php\\\/cambe-lanca-programa-wash-para-alunos-da-rede-municipal-nesta-quarta-feira\\\/\"},\"author\":{\"name\":\"Thiago Mossini Balbino dos Santos\",\"@id\":\"https:\\\/\\\/www.cambe.pr.gov.br\\\/#\\\/schema\\\/person\\\/e08f7c43a641b2ec036e4e867ec483e4\"},\"headline\":\"Camb\u00e9 lan\u00e7a Programa Wash para alunos da rede municipal nesta quarta-feira\",\"datePublished\":\"2021-09-14T19:07:26+00:00\",\"dateModified\":\"2024-10-07T16:00:25+00:00\",\"mainEntityOfPage\":{\"@id\":\"https:\\\/\\\/www.cambe.pr.gov.br\\\/index.php\\\/cambe-lanca-programa-wash-para-alunos-da-rede-municipal-nesta-quarta-feira\\\/\"},\"wordCount\":598,\"publisher\":{\"@id\":\"https:\\\/\\\/www.cambe.pr.gov.br\\\/#organization\"},\"image\":{\"@id\":\"https:\\\/\\\/www.cambe.pr.gov.br\\\/index.php\\\/cambe-lanca-programa-wash-para-alunos-da-rede-municipal-nesta-quarta-feira\\\/#primaryimage\"},\"thumbnailUrl\":\"http:\\\/\\\/www.cambe.pr.gov.br\\\/wp-content\\\/uploads\\\/2021\\\/09\\\/fotorobotica-e1631646430651-300x200.jpg\",\"articleSection\":[\"Principal\"],\"inLanguage\":\"pt-BR\"},{\"@type\":\"WebPage\",\"@id\":\"https:\\\/\\\/www.cambe.pr.gov.br\\\/index.php\\\/cambe-lanca-programa-wash-para-alunos-da-rede-municipal-nesta-quarta-feira\\\/\",\"url\":\"https:\\\/\\\/www.cambe.pr.gov.br\\\/index.php\\\/cambe-lanca-programa-wash-para-alunos-da-rede-municipal-nesta-quarta-feira\\\/\",\"name\":\"Camb\u00e9 lan\u00e7a Programa Wash para alunos da rede municipal nesta quarta-feira - Prefeitura de Camb\u00e9\",\"isPartOf\":{\"@id\":\"https:\\\/\\\/www.cambe.pr.gov.br\\\/#website\"},\"primaryImageOfPage\":{\"@id\":\"https:\\\/\\\/www.cambe.pr.gov.br\\\/index.php\\\/cambe-lanca-programa-wash-para-alunos-da-rede-municipal-nesta-quarta-feira\\\/#primaryimage\"},\"image\":{\"@id\":\"https:\\\/\\\/www.cambe.pr.gov.br\\\/index.php\\\/cambe-lanca-programa-wash-para-alunos-da-rede-municipal-nesta-quarta-feira\\\/#primaryimage\"},\"thumbnailUrl\":\"http:\\\/\\\/www.cambe.pr.gov.br\\\/wp-content\\\/uploads\\\/2021\\\/09\\\/fotorobotica-e1631646430651-300x200.jpg\",\"datePublished\":\"2021-09-14T19:07:26+00:00\",\"dateModified\":\"2024-10-07T16:00:25+00:00\",\"breadcrumb\":{\"@id\":\"https:\\\/\\\/www.cambe.pr.gov.br\\\/index.php\\\/cambe-lanca-programa-wash-para-alunos-da-rede-municipal-nesta-quarta-feira\\\/#breadcrumb\"},\"inLanguage\":\"pt-BR\",\"potentialAction\":[{\"@type\":\"ReadAction\",\"target\":[\"https:\\\/\\\/www.cambe.pr.gov.br\\\/index.php\\\/cambe-lanca-programa-wash-para-alunos-da-rede-municipal-nesta-quarta-feira\\\/\"]}]},{\"@type\":\"ImageObject\",\"inLanguage\":\"pt-BR\",\"@id\":\"https:\\\/\\\/www.cambe.pr.gov.br\\\/index.php\\\/cambe-lanca-programa-wash-para-alunos-da-rede-municipal-nesta-quarta-feira\\\/#primaryimage\",\"url\":\"http:\\\/\\\/www.cambe.pr.gov.br\\\/wp-content\\\/uploads\\\/2021\\\/09\\\/fotorobotica-e1631646430651-300x200.jpg\",\"contentUrl\":\"http:\\\/\\\/www.cambe.pr.gov.br\\\/wp-content\\\/uploads\\\/2021\\\/09\\\/fotorobotica-e1631646430651-300x200.jpg\"},{\"@type\":\"BreadcrumbList\",\"@id\":\"https:\\\/\\\/www.cambe.pr.gov.br\\\/index.php\\\/cambe-lanca-programa-wash-para-alunos-da-rede-municipal-nesta-quarta-feira\\\/#breadcrumb\",\"itemListElement\":[{\"@type\":\"ListItem\",\"position\":1,\"name\":\"In\u00edcio\",\"item\":\"https:\\\/\\\/www.cambe.pr.gov.br\\\/\"},{\"@type\":\"ListItem\",\"position\":2,\"name\":\"Camb\u00e9 lan\u00e7a Programa Wash para alunos da rede municipal nesta quarta-feira\"}]},{\"@type\":\"WebSite\",\"@id\":\"https:\\\/\\\/www.cambe.pr.gov.br\\\/#website\",\"url\":\"https:\\\/\\\/www.cambe.pr.gov.br\\\/\",\"name\":\"Prefeitura de Camb\u00e9\",\"description\":\"UM GOVERNO PARA TODOS\",\"publisher\":{\"@id\":\"https:\\\/\\\/www.cambe.pr.gov.br\\\/#organization\"},\"potentialAction\":[{\"@type\":\"SearchAction\",\"target\":{\"@type\":\"EntryPoint\",\"urlTemplate\":\"https:\\\/\\\/www.cambe.pr.gov.br\\\/?s={search_term_string}\"},\"query-input\":{\"@type\":\"PropertyValueSpecification\",\"valueRequired\":true,\"valueName\":\"search_term_string\"}}],\"inLanguage\":\"pt-BR\"},{\"@type\":\"Organization\",\"@id\":\"https:\\\/\\\/www.cambe.pr.gov.br\\\/#organization\",\"name\":\"Prefeitura de Camb\u00e9\",\"url\":\"https:\\\/\\\/www.cambe.pr.gov.br\\\/\",\"logo\":{\"@type\":\"ImageObject\",\"inLanguage\":\"pt-BR\",\"@id\":\"https:\\\/\\\/www.cambe.pr.gov.br\\\/#\\\/schema\\\/logo\\\/image\\\/\",\"url\":\"https:\\\/\\\/www.cambe.pr.gov.br\\\/wp-content\\\/uploads\\\/2021\\\/01\\\/cropped-cropped-cambe_brazao-icone.png\",\"contentUrl\":\"https:\\\/\\\/www.cambe.pr.gov.br\\\/wp-content\\\/uploads\\\/2021\\\/01\\\/cropped-cropped-cambe_brazao-icone.png\",\"width\":240,\"height\":240,\"caption\":\"Prefeitura de Camb\u00e9\"},\"image\":{\"@id\":\"https:\\\/\\\/www.cambe.pr.gov.br\\\/#\\\/schema\\\/logo\\\/image\\\/\"},\"sameAs\":[\"https:\\\/\\\/m.facebook.com\\\/prefeituradecambe\"]},{\"@type\":\"Person\",\"@id\":\"https:\\\/\\\/www.cambe.pr.gov.br\\\/#\\\/schema\\\/person\\\/e08f7c43a641b2ec036e4e867ec483e4\",\"name\":\"Thiago Mossini Balbino dos Santos\",\"image\":{\"@type\":\"ImageObject\",\"inLanguage\":\"pt-BR\",\"@id\":\"https:\\\/\\\/secure.gravatar.com\\\/avatar\\\/d957ed4e1bc3ebf5769d1003f9709cd2012ebf424eb4a5d76a933fee30e874b6?s=96&d=mm&r=g\",\"url\":\"https:\\\/\\\/secure.gravatar.com\\\/avatar\\\/d957ed4e1bc3ebf5769d1003f9709cd2012ebf424eb4a5d76a933fee30e874b6?s=96&d=mm&r=g\",\"contentUrl\":\"https:\\\/\\\/secure.gravatar.com\\\/avatar\\\/d957ed4e1bc3ebf5769d1003f9709cd2012ebf424eb4a5d76a933fee30e874b6?s=96&d=mm&r=g\",\"caption\":\"Thiago Mossini Balbino dos Santos\"},\"url\":\"https:\\\/\\\/www.cambe.pr.gov.br\\\/index.php\\\/author\\\/tmbsantos\\\/\"}]}<\/script>\n<!-- \/ Yoast SEO plugin. -->","yoast_head_json":{"title":"Camb\u00e9 lan\u00e7a Programa Wash para alunos da rede municipal nesta quarta-feira - Prefeitura de Camb\u00e9","robots":{"index":"index","follow":"follow","max-snippet":"max-snippet:-1","max-image-preview":"max-image-preview:large","max-video-preview":"max-video-preview:-1"},"canonical":"https:\/\/www.cambe.pr.gov.br\/index.php\/cambe-lanca-programa-wash-para-alunos-da-rede-municipal-nesta-quarta-feira\/","og_locale":"pt_BR","og_type":"article","og_title":"Camb\u00e9 lan\u00e7a Programa Wash para alunos da rede municipal nesta quarta-feira - Prefeitura de Camb\u00e9","og_description":"A Prefeitura de Camb\u00e9, por meio da Secretaria de Educa\u00e7\u00e3o, em parceria com a deputada federal Lu\u00edsa Canziani (PTB-PR), lan\u00e7a nesta quarta-feira (15\/09) o Programa Wash (Workshop Aficionados em Software e Hardware), projeto que tem por objetivo promover a inclus\u00e3o digital entre alunos da rede p\u00fablica. A solenidade est\u00e1 marcada para \u00e0s 10 horas, na [&hellip;]","og_url":"https:\/\/www.cambe.pr.gov.br\/index.php\/cambe-lanca-programa-wash-para-alunos-da-rede-municipal-nesta-quarta-feira\/","og_site_name":"Prefeitura de Camb\u00e9","article_publisher":"https:\/\/m.facebook.com\/prefeituradecambe","article_published_time":"2021-09-14T19:07:26+00:00","article_modified_time":"2024-10-07T16:00:25+00:00","og_image":[{"url":"http:\/\/www.cambe.pr.gov.br\/wp-content\/uploads\/2021\/09\/fotorobotica-e1631646430651-300x200.jpg","type":"","width":"","height":""}],"author":"Thiago Mossini Balbino dos Santos","twitter_card":"summary_large_image","twitter_misc":{"Escrito por":"Thiago Mossini Balbino dos Santos","Est. tempo de leitura":"3 minutos"},"schema":{"@context":"https:\/\/schema.org","@graph":[{"@type":"Article","@id":"https:\/\/www.cambe.pr.gov.br\/index.php\/cambe-lanca-programa-wash-para-alunos-da-rede-municipal-nesta-quarta-feira\/#article","isPartOf":{"@id":"https:\/\/www.cambe.pr.gov.br\/index.php\/cambe-lanca-programa-wash-para-alunos-da-rede-municipal-nesta-quarta-feira\/"},"author":{"name":"Thiago Mossini Balbino dos Santos","@id":"https:\/\/www.cambe.pr.gov.br\/#\/schema\/person\/e08f7c43a641b2ec036e4e867ec483e4"},"headline":"Camb\u00e9 lan\u00e7a Programa Wash para alunos da rede municipal nesta quarta-feira","datePublished":"2021-09-14T19:07:26+00:00","dateModified":"2024-10-07T16:00:25+00:00","mainEntityOfPage":{"@id":"https:\/\/www.cambe.pr.gov.br\/index.php\/cambe-lanca-programa-wash-para-alunos-da-rede-municipal-nesta-quarta-feira\/"},"wordCount":598,"publisher":{"@id":"https:\/\/www.cambe.pr.gov.br\/#organization"},"image":{"@id":"https:\/\/www.cambe.pr.gov.br\/index.php\/cambe-lanca-programa-wash-para-alunos-da-rede-municipal-nesta-quarta-feira\/#primaryimage"},"thumbnailUrl":"http:\/\/www.cambe.pr.gov.br\/wp-content\/uploads\/2021\/09\/fotorobotica-e1631646430651-300x200.jpg","articleSection":["Principal"],"inLanguage":"pt-BR"},{"@type":"WebPage","@id":"https:\/\/www.cambe.pr.gov.br\/index.php\/cambe-lanca-programa-wash-para-alunos-da-rede-municipal-nesta-quarta-feira\/","url":"https:\/\/www.cambe.pr.gov.br\/index.php\/cambe-lanca-programa-wash-para-alunos-da-rede-municipal-nesta-quarta-feira\/","name":"Camb\u00e9 lan\u00e7a Programa Wash para alunos da rede municipal nesta quarta-feira - Prefeitura de Camb\u00e9","isPartOf":{"@id":"https:\/\/www.cambe.pr.gov.br\/#website"},"primaryImageOfPage":{"@id":"https:\/\/www.cambe.pr.gov.br\/index.php\/cambe-lanca-programa-wash-para-alunos-da-rede-municipal-nesta-quarta-feira\/#primaryimage"},"image":{"@id":"https:\/\/www.cambe.pr.gov.br\/index.php\/cambe-lanca-programa-wash-para-alunos-da-rede-municipal-nesta-quarta-feira\/#primaryimage"},"thumbnailUrl":"http:\/\/www.cambe.pr.gov.br\/wp-content\/uploads\/2021\/09\/fotorobotica-e1631646430651-300x200.jpg","datePublished":"2021-09-14T19:07:26+00:00","dateModified":"2024-10-07T16:00:25+00:00","breadcrumb":{"@id":"https:\/\/www.cambe.pr.gov.br\/index.php\/cambe-lanca-programa-wash-para-alunos-da-rede-municipal-nesta-quarta-feira\/#breadcrumb"},"inLanguage":"pt-BR","potentialAction":[{"@type":"ReadAction","target":["https:\/\/www.cambe.pr.gov.br\/index.php\/cambe-lanca-programa-wash-para-alunos-da-rede-municipal-nesta-quarta-feira\/"]}]},{"@type":"ImageObject","inLanguage":"pt-BR","@id":"https:\/\/www.cambe.pr.gov.br\/index.php\/cambe-lanca-programa-wash-para-alunos-da-rede-municipal-nesta-quarta-feira\/#primaryimage","url":"http:\/\/www.cambe.pr.gov.br\/wp-content\/uploads\/2021\/09\/fotorobotica-e1631646430651-300x200.jpg","contentUrl":"http:\/\/www.cambe.pr.gov.br\/wp-content\/uploads\/2021\/09\/fotorobotica-e1631646430651-300x200.jpg"},{"@type":"BreadcrumbList","@id":"https:\/\/www.cambe.pr.gov.br\/index.php\/cambe-lanca-programa-wash-para-alunos-da-rede-municipal-nesta-quarta-feira\/#breadcrumb","itemListElement":[{"@type":"ListItem","position":1,"name":"In\u00edcio","item":"https:\/\/www.cambe.pr.gov.br\/"},{"@type":"ListItem","position":2,"name":"Camb\u00e9 lan\u00e7a Programa Wash para alunos da rede municipal nesta quarta-feira"}]},{"@type":"WebSite","@id":"https:\/\/www.cambe.pr.gov.br\/#website","url":"https:\/\/www.cambe.pr.gov.br\/","name":"Prefeitura de Camb\u00e9","description":"UM GOVERNO PARA TODOS","publisher":{"@id":"https:\/\/www.cambe.pr.gov.br\/#organization"},"potentialAction":[{"@type":"SearchAction","target":{"@type":"EntryPoint","urlTemplate":"https:\/\/www.cambe.pr.gov.br\/?s={search_term_string}"},"query-input":{"@type":"PropertyValueSpecification","valueRequired":true,"valueName":"search_term_string"}}],"inLanguage":"pt-BR"},{"@type":"Organization","@id":"https:\/\/www.cambe.pr.gov.br\/#organization","name":"Prefeitura de Camb\u00e9","url":"https:\/\/www.cambe.pr.gov.br\/","logo":{"@type":"ImageObject","inLanguage":"pt-BR","@id":"https:\/\/www.cambe.pr.gov.br\/#\/schema\/logo\/image\/","url":"https:\/\/www.cambe.pr.gov.br\/wp-content\/uploads\/2021\/01\/cropped-cropped-cambe_brazao-icone.png","contentUrl":"https:\/\/www.cambe.pr.gov.br\/wp-content\/uploads\/2021\/01\/cropped-cropped-cambe_brazao-icone.png","width":240,"height":240,"caption":"Prefeitura de Camb\u00e9"},"image":{"@id":"https:\/\/www.cambe.pr.gov.br\/#\/schema\/logo\/image\/"},"sameAs":["https:\/\/m.facebook.com\/prefeituradecambe"]},{"@type":"Person","@id":"https:\/\/www.cambe.pr.gov.br\/#\/schema\/person\/e08f7c43a641b2ec036e4e867ec483e4","name":"Thiago Mossini Balbino dos Santos","image":{"@type":"ImageObject","inLanguage":"pt-BR","@id":"https:\/\/secure.gravatar.com\/avatar\/d957ed4e1bc3ebf5769d1003f9709cd2012ebf424eb4a5d76a933fee30e874b6?s=96&d=mm&r=g","url":"https:\/\/secure.gravatar.com\/avatar\/d957ed4e1bc3ebf5769d1003f9709cd2012ebf424eb4a5d76a933fee30e874b6?s=96&d=mm&r=g","contentUrl":"https:\/\/secure.gravatar.com\/avatar\/d957ed4e1bc3ebf5769d1003f9709cd2012ebf424eb4a5d76a933fee30e874b6?s=96&d=mm&r=g","caption":"Thiago Mossini Balbino dos Santos"},"url":"https:\/\/www.cambe.pr.gov.br\/index.php\/author\/tmbsantos\/"}]}},"_links":{"self":[{"href":"https:\/\/www.cambe.pr.gov.br\/index.php\/wp-json\/wp\/v2\/posts\/3435","targetHints":{"allow":["GET"]}}],"collection":[{"href":"https:\/\/www.cambe.pr.gov.br\/index.php\/wp-json\/wp\/v2\/posts"}],"about":[{"href":"https:\/\/www.cambe.pr.gov.br\/index.php\/wp-json\/wp\/v2\/types\/post"}],"author":[{"embeddable":true,"href":"https:\/\/www.cambe.pr.gov.br\/index.php\/wp-json\/wp\/v2\/users\/2"}],"replies":[{"embeddable":true,"href":"https:\/\/www.cambe.pr.gov.br\/index.php\/wp-json\/wp\/v2\/comments?post=3435"}],"version-history":[{"count":2,"href":"https:\/\/www.cambe.pr.gov.br\/index.php\/wp-json\/wp\/v2\/posts\/3435\/revisions"}],"predecessor-version":[{"id":3441,"href":"https:\/\/www.cambe.pr.gov.br\/index.php\/wp-json\/wp\/v2\/posts\/3435\/revisions\/3441"}],"wp:attachment":[{"href":"https:\/\/www.cambe.pr.gov.br\/index.php\/wp-json\/wp\/v2\/media?parent=3435"}],"wp:term":[{"taxonomy":"category","embeddable":true,"href":"https:\/\/www.cambe.pr.gov.br\/index.php\/wp-json\/wp\/v2\/categories?post=3435"},{"taxonomy":"post_tag","embeddable":true,"href":"https:\/\/www.cambe.pr.gov.br\/index.php\/wp-json\/wp\/v2\/tags?post=3435"}],"curies":[{"name":"wp","href":"https:\/\/api.w.org\/{rel}","templated":true}]}}