{"id":3413,"date":"2021-09-10T15:00:07","date_gmt":"2021-09-10T18:00:07","guid":{"rendered":"http:\/\/www.cambe.pr.gov.br\/?p=3413"},"modified":"2024-10-07T13:00:25","modified_gmt":"2024-10-07T16:00:25","slug":"prefeitura-divulga-calendario-de-segunda-dose-de-vacina-contra-covid-19-para-a-proxima-semana","status":"publish","type":"post","link":"https:\/\/www.cambe.pr.gov.br\/index.php\/prefeitura-divulga-calendario-de-segunda-dose-de-vacina-contra-covid-19-para-a-proxima-semana\/","title":{"rendered":"Prefeitura divulga calend\u00e1rio de segunda dose de vacina contra Covid-19 para a pr\u00f3xima semana"},"content":{"rendered":"<p style=\"text-align: justify;\"><span style=\"font-family: arial, helvetica, sans-serif;\"><img fetchpriority=\"high\" decoding=\"async\" class=\"size-medium wp-image-2599 alignleft\" src=\"https:\/\/www.cambe.pr.gov.br\/wp-content\/uploads\/2021\/08\/IMG_7283-2-300x200.jpg\" alt=\"\" width=\"300\" height=\"200\" srcset=\"https:\/\/www.cambe.pr.gov.br\/wp-content\/uploads\/2021\/08\/IMG_7283-2-300x200.jpg 300w, https:\/\/www.cambe.pr.gov.br\/wp-content\/uploads\/2021\/08\/IMG_7283-2-1024x683.jpg 1024w, https:\/\/www.cambe.pr.gov.br\/wp-content\/uploads\/2021\/08\/IMG_7283-2-768x512.jpg 768w, https:\/\/www.cambe.pr.gov.br\/wp-content\/uploads\/2021\/08\/IMG_7283-2-1536x1024.jpg 1536w, https:\/\/www.cambe.pr.gov.br\/wp-content\/uploads\/2021\/08\/IMG_7283-2-2048x1366.jpg 2048w\" sizes=\"(max-width: 300px) 100vw, 300px\" \/>A Prefeitura de Camb\u00e9, por meio da Secretaria de Sa\u00fade, divulgou o calend\u00e1rio de aplica\u00e7\u00e3o de segunda dose para a pr\u00f3xima semana. Na segunda-feira, dia 13 de setembro, a vacina\u00e7\u00e3o vai estar dispon\u00edvel para toda a popula\u00e7\u00e3o geral e para portadores de comorbidades que receberam a primeira dose da vacina da AstraZeneca (Fiocruz) at\u00e9 o dia 17 de junho. Na ter\u00e7a-feira, dia 14 de setembro, a vacina\u00e7\u00e3o tamb\u00e9m \u00e9 destinada a popula\u00e7\u00e3o geral ou portadores de comorbidades, mas que se vacinaram com a primeira dose do imunizante da AstraZeneca (Fiocruz) at\u00e9 o dia 18 de junho.<\/span><\/p>\n<p style=\"text-align: justify;\"><span style=\"font-family: arial, helvetica, sans-serif;\">A vacina\u00e7\u00e3o vai estar dispon\u00edvel no modelo drive thru na Rodovi\u00e1ria (Avenida Brasil, 1336 \u2013 Centro), no Centro da Juventude (Avenida Pedro Viriato Parigot de Souza, 953 \u2013 Jardim Castelo Branco) e na Unidade B\u00e1sica de Sa\u00fade do Camb\u00e9 IV (pela Rua Eug\u00eanio M. Fadel, 65). A aplica\u00e7\u00e3o da dose complementar tamb\u00e9m est\u00e1 dispon\u00edvel no Gin\u00e1sio de Esportes do Camb\u00e9 III (Rua Tucanos, 121), mas somente para pedestres. A vacina\u00e7\u00e3o come\u00e7a \u00e0s 8h e vai at\u00e9 \u00e0s 12h em todos os pontos. \u00c9 obrigat\u00f3rio comparecer com um documento com foto, CPF ou cart\u00e3o do SUS, comprovante de resid\u00eancia e a carteira de vacina\u00e7\u00e3o com a anota\u00e7\u00e3o da primeira dose.<\/span><\/p>\n<p style=\"text-align: justify;\"><span style=\"font-family: arial, helvetica, sans-serif;\"><strong>Suspens\u00e3o da primeira dose<\/strong><\/span><br \/>\n<span style=\"font-family: arial, helvetica, sans-serif;\">Enquanto a aplica\u00e7\u00e3o da segunda dose do imunizante continua normalmente na cidade, a de primeira dose foi suspensa na \u00faltima segunda-feira (06), quando foram vacinados os jovens de 20 anos. Simone Lopes, enfermeira respons\u00e1vel pelo Departamento Epidemiologia da Secretaria de Sa\u00fade, explica que toda a regi\u00e3o de Londrina receberia o lote de vacinas da CoronaVac (Butantan) que foi interditado pela Ag\u00eancia Nacional de Vigil\u00e2ncia Sanit\u00e1ria (Anvisa). \u201cPor isso que Camb\u00e9 e as outras cidades vizinhas n\u00e3o organizaram campanhas de primeira dose nos \u00faltimos dias\u201d, pontua. <\/span><\/p>\n<p style=\"text-align: justify;\"><span style=\"font-family: arial, helvetica, sans-serif;\">De acordo com ela, a cidade aguarda o parecer da Anvisa liberando essas doses ou o envio de novas doses para continuar vacinando os jovens da cidade. \u201cMas at\u00e9 o momento n\u00e3o tivemos nenhuma sinaliza\u00e7\u00e3o do Governo do Estado\u201d, refor\u00e7a. \u201cN\u00f3s recebemos as vacinas de primeira e de segunda dose separadamente e as doses interditadas correspondiam as de primeira dose. At\u00e9 o momento, n\u00f3s n\u00e3o sabemos se haver\u00e1 alguma repercuss\u00e3o dessa interdi\u00e7\u00e3o em segundas doses\u201d, finaliza.<\/span><\/p>\n","protected":false},"excerpt":{"rendered":"<p>A Prefeitura de Camb\u00e9, por meio da Secretaria de Sa\u00fade, divulgou o calend\u00e1rio de aplica\u00e7\u00e3o de segunda dose para a pr\u00f3xima semana. Na segunda-feira, dia 13 de setembro, a vacina\u00e7\u00e3o vai estar dispon\u00edvel para toda a popula\u00e7\u00e3o geral e para portadores de comorbidades que receberam a primeira dose da vacina da AstraZeneca (Fiocruz) at\u00e9 o [&hellip;]<\/p>\n","protected":false},"author":2,"featured_media":0,"comment_status":"closed","ping_status":"open","sticky":false,"template":"","format":"standard","meta":{"ngg_post_thumbnail":0,"footnotes":""},"categories":[1],"tags":[],"class_list":["post-3413","post","type-post","status-publish","format-standard","hentry","category-principal"],"yoast_head":"<!-- This site is optimized with the Yoast SEO plugin v27.4 - https:\/\/yoast.com\/product\/yoast-seo-wordpress\/ -->\n<title>Prefeitura divulga calend\u00e1rio de segunda dose de vacina contra Covid-19 para a pr\u00f3xima semana - Prefeitura de Camb\u00e9<\/title>\n<meta name=\"robots\" content=\"index, follow, max-snippet:-1, max-image-preview:large, max-video-preview:-1\" \/>\n<link rel=\"canonical\" href=\"https:\/\/www.cambe.pr.gov.br\/index.php\/prefeitura-divulga-calendario-de-segunda-dose-de-vacina-contra-covid-19-para-a-proxima-semana\/\" \/>\n<meta property=\"og:locale\" content=\"pt_BR\" \/>\n<meta property=\"og:type\" content=\"article\" \/>\n<meta property=\"og:title\" content=\"Prefeitura divulga calend\u00e1rio de segunda dose de vacina contra Covid-19 para a pr\u00f3xima semana - Prefeitura de Camb\u00e9\" \/>\n<meta property=\"og:description\" content=\"A Prefeitura de Camb\u00e9, por meio da Secretaria de Sa\u00fade, divulgou o calend\u00e1rio de aplica\u00e7\u00e3o de segunda dose para a pr\u00f3xima semana. Na segunda-feira, dia 13 de setembro, a vacina\u00e7\u00e3o vai estar dispon\u00edvel para toda a popula\u00e7\u00e3o geral e para portadores de comorbidades que receberam a primeira dose da vacina da AstraZeneca (Fiocruz) at\u00e9 o [&hellip;]\" \/>\n<meta property=\"og:url\" content=\"https:\/\/www.cambe.pr.gov.br\/index.php\/prefeitura-divulga-calendario-de-segunda-dose-de-vacina-contra-covid-19-para-a-proxima-semana\/\" \/>\n<meta property=\"og:site_name\" content=\"Prefeitura de Camb\u00e9\" \/>\n<meta property=\"article:publisher\" content=\"https:\/\/m.facebook.com\/prefeituradecambe\" \/>\n<meta property=\"article:published_time\" content=\"2021-09-10T18:00:07+00:00\" \/>\n<meta property=\"article:modified_time\" content=\"2024-10-07T16:00:25+00:00\" \/>\n<meta property=\"og:image\" content=\"http:\/\/www.cambe.pr.gov.br\/wp-content\/uploads\/2021\/08\/IMG_7283-2-300x200.jpg\" \/>\n<meta name=\"author\" content=\"Thiago Mossini Balbino dos Santos\" \/>\n<meta name=\"twitter:card\" content=\"summary_large_image\" \/>\n<meta name=\"twitter:label1\" content=\"Escrito por\" \/>\n\t<meta name=\"twitter:data1\" content=\"Thiago Mossini Balbino dos Santos\" \/>\n\t<meta name=\"twitter:label2\" content=\"Est. tempo de leitura\" \/>\n\t<meta name=\"twitter:data2\" content=\"2 minutos\" \/>\n<script type=\"application\/ld+json\" class=\"yoast-schema-graph\">{\"@context\":\"https:\\\/\\\/schema.org\",\"@graph\":[{\"@type\":\"Article\",\"@id\":\"https:\\\/\\\/www.cambe.pr.gov.br\\\/index.php\\\/prefeitura-divulga-calendario-de-segunda-dose-de-vacina-contra-covid-19-para-a-proxima-semana\\\/#article\",\"isPartOf\":{\"@id\":\"https:\\\/\\\/www.cambe.pr.gov.br\\\/index.php\\\/prefeitura-divulga-calendario-de-segunda-dose-de-vacina-contra-covid-19-para-a-proxima-semana\\\/\"},\"author\":{\"name\":\"Thiago Mossini Balbino dos Santos\",\"@id\":\"https:\\\/\\\/www.cambe.pr.gov.br\\\/#\\\/schema\\\/person\\\/e08f7c43a641b2ec036e4e867ec483e4\"},\"headline\":\"Prefeitura divulga calend\u00e1rio de segunda dose de vacina contra Covid-19 para a pr\u00f3xima semana\",\"datePublished\":\"2021-09-10T18:00:07+00:00\",\"dateModified\":\"2024-10-07T16:00:25+00:00\",\"mainEntityOfPage\":{\"@id\":\"https:\\\/\\\/www.cambe.pr.gov.br\\\/index.php\\\/prefeitura-divulga-calendario-de-segunda-dose-de-vacina-contra-covid-19-para-a-proxima-semana\\\/\"},\"wordCount\":417,\"publisher\":{\"@id\":\"https:\\\/\\\/www.cambe.pr.gov.br\\\/#organization\"},\"image\":{\"@id\":\"https:\\\/\\\/www.cambe.pr.gov.br\\\/index.php\\\/prefeitura-divulga-calendario-de-segunda-dose-de-vacina-contra-covid-19-para-a-proxima-semana\\\/#primaryimage\"},\"thumbnailUrl\":\"http:\\\/\\\/www.cambe.pr.gov.br\\\/wp-content\\\/uploads\\\/2021\\\/08\\\/IMG_7283-2-300x200.jpg\",\"articleSection\":[\"Principal\"],\"inLanguage\":\"pt-BR\"},{\"@type\":\"WebPage\",\"@id\":\"https:\\\/\\\/www.cambe.pr.gov.br\\\/index.php\\\/prefeitura-divulga-calendario-de-segunda-dose-de-vacina-contra-covid-19-para-a-proxima-semana\\\/\",\"url\":\"https:\\\/\\\/www.cambe.pr.gov.br\\\/index.php\\\/prefeitura-divulga-calendario-de-segunda-dose-de-vacina-contra-covid-19-para-a-proxima-semana\\\/\",\"name\":\"Prefeitura divulga calend\u00e1rio de segunda dose de vacina contra Covid-19 para a pr\u00f3xima semana - Prefeitura de Camb\u00e9\",\"isPartOf\":{\"@id\":\"https:\\\/\\\/www.cambe.pr.gov.br\\\/#website\"},\"primaryImageOfPage\":{\"@id\":\"https:\\\/\\\/www.cambe.pr.gov.br\\\/index.php\\\/prefeitura-divulga-calendario-de-segunda-dose-de-vacina-contra-covid-19-para-a-proxima-semana\\\/#primaryimage\"},\"image\":{\"@id\":\"https:\\\/\\\/www.cambe.pr.gov.br\\\/index.php\\\/prefeitura-divulga-calendario-de-segunda-dose-de-vacina-contra-covid-19-para-a-proxima-semana\\\/#primaryimage\"},\"thumbnailUrl\":\"http:\\\/\\\/www.cambe.pr.gov.br\\\/wp-content\\\/uploads\\\/2021\\\/08\\\/IMG_7283-2-300x200.jpg\",\"datePublished\":\"2021-09-10T18:00:07+00:00\",\"dateModified\":\"2024-10-07T16:00:25+00:00\",\"breadcrumb\":{\"@id\":\"https:\\\/\\\/www.cambe.pr.gov.br\\\/index.php\\\/prefeitura-divulga-calendario-de-segunda-dose-de-vacina-contra-covid-19-para-a-proxima-semana\\\/#breadcrumb\"},\"inLanguage\":\"pt-BR\",\"potentialAction\":[{\"@type\":\"ReadAction\",\"target\":[\"https:\\\/\\\/www.cambe.pr.gov.br\\\/index.php\\\/prefeitura-divulga-calendario-de-segunda-dose-de-vacina-contra-covid-19-para-a-proxima-semana\\\/\"]}]},{\"@type\":\"ImageObject\",\"inLanguage\":\"pt-BR\",\"@id\":\"https:\\\/\\\/www.cambe.pr.gov.br\\\/index.php\\\/prefeitura-divulga-calendario-de-segunda-dose-de-vacina-contra-covid-19-para-a-proxima-semana\\\/#primaryimage\",\"url\":\"http:\\\/\\\/www.cambe.pr.gov.br\\\/wp-content\\\/uploads\\\/2021\\\/08\\\/IMG_7283-2-300x200.jpg\",\"contentUrl\":\"http:\\\/\\\/www.cambe.pr.gov.br\\\/wp-content\\\/uploads\\\/2021\\\/08\\\/IMG_7283-2-300x200.jpg\"},{\"@type\":\"BreadcrumbList\",\"@id\":\"https:\\\/\\\/www.cambe.pr.gov.br\\\/index.php\\\/prefeitura-divulga-calendario-de-segunda-dose-de-vacina-contra-covid-19-para-a-proxima-semana\\\/#breadcrumb\",\"itemListElement\":[{\"@type\":\"ListItem\",\"position\":1,\"name\":\"In\u00edcio\",\"item\":\"https:\\\/\\\/www.cambe.pr.gov.br\\\/\"},{\"@type\":\"ListItem\",\"position\":2,\"name\":\"Prefeitura divulga calend\u00e1rio de segunda dose de vacina contra Covid-19 para a pr\u00f3xima semana\"}]},{\"@type\":\"WebSite\",\"@id\":\"https:\\\/\\\/www.cambe.pr.gov.br\\\/#website\",\"url\":\"https:\\\/\\\/www.cambe.pr.gov.br\\\/\",\"name\":\"Prefeitura de Camb\u00e9\",\"description\":\"UM GOVERNO PARA TODOS\",\"publisher\":{\"@id\":\"https:\\\/\\\/www.cambe.pr.gov.br\\\/#organization\"},\"potentialAction\":[{\"@type\":\"SearchAction\",\"target\":{\"@type\":\"EntryPoint\",\"urlTemplate\":\"https:\\\/\\\/www.cambe.pr.gov.br\\\/?s={search_term_string}\"},\"query-input\":{\"@type\":\"PropertyValueSpecification\",\"valueRequired\":true,\"valueName\":\"search_term_string\"}}],\"inLanguage\":\"pt-BR\"},{\"@type\":\"Organization\",\"@id\":\"https:\\\/\\\/www.cambe.pr.gov.br\\\/#organization\",\"name\":\"Prefeitura de Camb\u00e9\",\"url\":\"https:\\\/\\\/www.cambe.pr.gov.br\\\/\",\"logo\":{\"@type\":\"ImageObject\",\"inLanguage\":\"pt-BR\",\"@id\":\"https:\\\/\\\/www.cambe.pr.gov.br\\\/#\\\/schema\\\/logo\\\/image\\\/\",\"url\":\"https:\\\/\\\/www.cambe.pr.gov.br\\\/wp-content\\\/uploads\\\/2021\\\/01\\\/cropped-cropped-cambe_brazao-icone.png\",\"contentUrl\":\"https:\\\/\\\/www.cambe.pr.gov.br\\\/wp-content\\\/uploads\\\/2021\\\/01\\\/cropped-cropped-cambe_brazao-icone.png\",\"width\":240,\"height\":240,\"caption\":\"Prefeitura de Camb\u00e9\"},\"image\":{\"@id\":\"https:\\\/\\\/www.cambe.pr.gov.br\\\/#\\\/schema\\\/logo\\\/image\\\/\"},\"sameAs\":[\"https:\\\/\\\/m.facebook.com\\\/prefeituradecambe\"]},{\"@type\":\"Person\",\"@id\":\"https:\\\/\\\/www.cambe.pr.gov.br\\\/#\\\/schema\\\/person\\\/e08f7c43a641b2ec036e4e867ec483e4\",\"name\":\"Thiago Mossini Balbino dos Santos\",\"image\":{\"@type\":\"ImageObject\",\"inLanguage\":\"pt-BR\",\"@id\":\"https:\\\/\\\/secure.gravatar.com\\\/avatar\\\/d957ed4e1bc3ebf5769d1003f9709cd2012ebf424eb4a5d76a933fee30e874b6?s=96&d=mm&r=g\",\"url\":\"https:\\\/\\\/secure.gravatar.com\\\/avatar\\\/d957ed4e1bc3ebf5769d1003f9709cd2012ebf424eb4a5d76a933fee30e874b6?s=96&d=mm&r=g\",\"contentUrl\":\"https:\\\/\\\/secure.gravatar.com\\\/avatar\\\/d957ed4e1bc3ebf5769d1003f9709cd2012ebf424eb4a5d76a933fee30e874b6?s=96&d=mm&r=g\",\"caption\":\"Thiago Mossini Balbino dos Santos\"},\"url\":\"https:\\\/\\\/www.cambe.pr.gov.br\\\/index.php\\\/author\\\/tmbsantos\\\/\"}]}<\/script>\n<!-- \/ Yoast SEO plugin. -->","yoast_head_json":{"title":"Prefeitura divulga calend\u00e1rio de segunda dose de vacina contra Covid-19 para a pr\u00f3xima semana - Prefeitura de Camb\u00e9","robots":{"index":"index","follow":"follow","max-snippet":"max-snippet:-1","max-image-preview":"max-image-preview:large","max-video-preview":"max-video-preview:-1"},"canonical":"https:\/\/www.cambe.pr.gov.br\/index.php\/prefeitura-divulga-calendario-de-segunda-dose-de-vacina-contra-covid-19-para-a-proxima-semana\/","og_locale":"pt_BR","og_type":"article","og_title":"Prefeitura divulga calend\u00e1rio de segunda dose de vacina contra Covid-19 para a pr\u00f3xima semana - Prefeitura de Camb\u00e9","og_description":"A Prefeitura de Camb\u00e9, por meio da Secretaria de Sa\u00fade, divulgou o calend\u00e1rio de aplica\u00e7\u00e3o de segunda dose para a pr\u00f3xima semana. Na segunda-feira, dia 13 de setembro, a vacina\u00e7\u00e3o vai estar dispon\u00edvel para toda a popula\u00e7\u00e3o geral e para portadores de comorbidades que receberam a primeira dose da vacina da AstraZeneca (Fiocruz) at\u00e9 o [&hellip;]","og_url":"https:\/\/www.cambe.pr.gov.br\/index.php\/prefeitura-divulga-calendario-de-segunda-dose-de-vacina-contra-covid-19-para-a-proxima-semana\/","og_site_name":"Prefeitura de Camb\u00e9","article_publisher":"https:\/\/m.facebook.com\/prefeituradecambe","article_published_time":"2021-09-10T18:00:07+00:00","article_modified_time":"2024-10-07T16:00:25+00:00","og_image":[{"url":"http:\/\/www.cambe.pr.gov.br\/wp-content\/uploads\/2021\/08\/IMG_7283-2-300x200.jpg","type":"","width":"","height":""}],"author":"Thiago Mossini Balbino dos Santos","twitter_card":"summary_large_image","twitter_misc":{"Escrito por":"Thiago Mossini Balbino dos Santos","Est. tempo de leitura":"2 minutos"},"schema":{"@context":"https:\/\/schema.org","@graph":[{"@type":"Article","@id":"https:\/\/www.cambe.pr.gov.br\/index.php\/prefeitura-divulga-calendario-de-segunda-dose-de-vacina-contra-covid-19-para-a-proxima-semana\/#article","isPartOf":{"@id":"https:\/\/www.cambe.pr.gov.br\/index.php\/prefeitura-divulga-calendario-de-segunda-dose-de-vacina-contra-covid-19-para-a-proxima-semana\/"},"author":{"name":"Thiago Mossini Balbino dos Santos","@id":"https:\/\/www.cambe.pr.gov.br\/#\/schema\/person\/e08f7c43a641b2ec036e4e867ec483e4"},"headline":"Prefeitura divulga calend\u00e1rio de segunda dose de vacina contra Covid-19 para a pr\u00f3xima semana","datePublished":"2021-09-10T18:00:07+00:00","dateModified":"2024-10-07T16:00:25+00:00","mainEntityOfPage":{"@id":"https:\/\/www.cambe.pr.gov.br\/index.php\/prefeitura-divulga-calendario-de-segunda-dose-de-vacina-contra-covid-19-para-a-proxima-semana\/"},"wordCount":417,"publisher":{"@id":"https:\/\/www.cambe.pr.gov.br\/#organization"},"image":{"@id":"https:\/\/www.cambe.pr.gov.br\/index.php\/prefeitura-divulga-calendario-de-segunda-dose-de-vacina-contra-covid-19-para-a-proxima-semana\/#primaryimage"},"thumbnailUrl":"http:\/\/www.cambe.pr.gov.br\/wp-content\/uploads\/2021\/08\/IMG_7283-2-300x200.jpg","articleSection":["Principal"],"inLanguage":"pt-BR"},{"@type":"WebPage","@id":"https:\/\/www.cambe.pr.gov.br\/index.php\/prefeitura-divulga-calendario-de-segunda-dose-de-vacina-contra-covid-19-para-a-proxima-semana\/","url":"https:\/\/www.cambe.pr.gov.br\/index.php\/prefeitura-divulga-calendario-de-segunda-dose-de-vacina-contra-covid-19-para-a-proxima-semana\/","name":"Prefeitura divulga calend\u00e1rio de segunda dose de vacina contra Covid-19 para a pr\u00f3xima semana - Prefeitura de Camb\u00e9","isPartOf":{"@id":"https:\/\/www.cambe.pr.gov.br\/#website"},"primaryImageOfPage":{"@id":"https:\/\/www.cambe.pr.gov.br\/index.php\/prefeitura-divulga-calendario-de-segunda-dose-de-vacina-contra-covid-19-para-a-proxima-semana\/#primaryimage"},"image":{"@id":"https:\/\/www.cambe.pr.gov.br\/index.php\/prefeitura-divulga-calendario-de-segunda-dose-de-vacina-contra-covid-19-para-a-proxima-semana\/#primaryimage"},"thumbnailUrl":"http:\/\/www.cambe.pr.gov.br\/wp-content\/uploads\/2021\/08\/IMG_7283-2-300x200.jpg","datePublished":"2021-09-10T18:00:07+00:00","dateModified":"2024-10-07T16:00:25+00:00","breadcrumb":{"@id":"https:\/\/www.cambe.pr.gov.br\/index.php\/prefeitura-divulga-calendario-de-segunda-dose-de-vacina-contra-covid-19-para-a-proxima-semana\/#breadcrumb"},"inLanguage":"pt-BR","potentialAction":[{"@type":"ReadAction","target":["https:\/\/www.cambe.pr.gov.br\/index.php\/prefeitura-divulga-calendario-de-segunda-dose-de-vacina-contra-covid-19-para-a-proxima-semana\/"]}]},{"@type":"ImageObject","inLanguage":"pt-BR","@id":"https:\/\/www.cambe.pr.gov.br\/index.php\/prefeitura-divulga-calendario-de-segunda-dose-de-vacina-contra-covid-19-para-a-proxima-semana\/#primaryimage","url":"http:\/\/www.cambe.pr.gov.br\/wp-content\/uploads\/2021\/08\/IMG_7283-2-300x200.jpg","contentUrl":"http:\/\/www.cambe.pr.gov.br\/wp-content\/uploads\/2021\/08\/IMG_7283-2-300x200.jpg"},{"@type":"BreadcrumbList","@id":"https:\/\/www.cambe.pr.gov.br\/index.php\/prefeitura-divulga-calendario-de-segunda-dose-de-vacina-contra-covid-19-para-a-proxima-semana\/#breadcrumb","itemListElement":[{"@type":"ListItem","position":1,"name":"In\u00edcio","item":"https:\/\/www.cambe.pr.gov.br\/"},{"@type":"ListItem","position":2,"name":"Prefeitura divulga calend\u00e1rio de segunda dose de vacina contra Covid-19 para a pr\u00f3xima semana"}]},{"@type":"WebSite","@id":"https:\/\/www.cambe.pr.gov.br\/#website","url":"https:\/\/www.cambe.pr.gov.br\/","name":"Prefeitura de Camb\u00e9","description":"UM GOVERNO PARA TODOS","publisher":{"@id":"https:\/\/www.cambe.pr.gov.br\/#organization"},"potentialAction":[{"@type":"SearchAction","target":{"@type":"EntryPoint","urlTemplate":"https:\/\/www.cambe.pr.gov.br\/?s={search_term_string}"},"query-input":{"@type":"PropertyValueSpecification","valueRequired":true,"valueName":"search_term_string"}}],"inLanguage":"pt-BR"},{"@type":"Organization","@id":"https:\/\/www.cambe.pr.gov.br\/#organization","name":"Prefeitura de Camb\u00e9","url":"https:\/\/www.cambe.pr.gov.br\/","logo":{"@type":"ImageObject","inLanguage":"pt-BR","@id":"https:\/\/www.cambe.pr.gov.br\/#\/schema\/logo\/image\/","url":"https:\/\/www.cambe.pr.gov.br\/wp-content\/uploads\/2021\/01\/cropped-cropped-cambe_brazao-icone.png","contentUrl":"https:\/\/www.cambe.pr.gov.br\/wp-content\/uploads\/2021\/01\/cropped-cropped-cambe_brazao-icone.png","width":240,"height":240,"caption":"Prefeitura de Camb\u00e9"},"image":{"@id":"https:\/\/www.cambe.pr.gov.br\/#\/schema\/logo\/image\/"},"sameAs":["https:\/\/m.facebook.com\/prefeituradecambe"]},{"@type":"Person","@id":"https:\/\/www.cambe.pr.gov.br\/#\/schema\/person\/e08f7c43a641b2ec036e4e867ec483e4","name":"Thiago Mossini Balbino dos Santos","image":{"@type":"ImageObject","inLanguage":"pt-BR","@id":"https:\/\/secure.gravatar.com\/avatar\/d957ed4e1bc3ebf5769d1003f9709cd2012ebf424eb4a5d76a933fee30e874b6?s=96&d=mm&r=g","url":"https:\/\/secure.gravatar.com\/avatar\/d957ed4e1bc3ebf5769d1003f9709cd2012ebf424eb4a5d76a933fee30e874b6?s=96&d=mm&r=g","contentUrl":"https:\/\/secure.gravatar.com\/avatar\/d957ed4e1bc3ebf5769d1003f9709cd2012ebf424eb4a5d76a933fee30e874b6?s=96&d=mm&r=g","caption":"Thiago Mossini Balbino dos Santos"},"url":"https:\/\/www.cambe.pr.gov.br\/index.php\/author\/tmbsantos\/"}]}},"_links":{"self":[{"href":"https:\/\/www.cambe.pr.gov.br\/index.php\/wp-json\/wp\/v2\/posts\/3413","targetHints":{"allow":["GET"]}}],"collection":[{"href":"https:\/\/www.cambe.pr.gov.br\/index.php\/wp-json\/wp\/v2\/posts"}],"about":[{"href":"https:\/\/www.cambe.pr.gov.br\/index.php\/wp-json\/wp\/v2\/types\/post"}],"author":[{"embeddable":true,"href":"https:\/\/www.cambe.pr.gov.br\/index.php\/wp-json\/wp\/v2\/users\/2"}],"replies":[{"embeddable":true,"href":"https:\/\/www.cambe.pr.gov.br\/index.php\/wp-json\/wp\/v2\/comments?post=3413"}],"version-history":[{"count":1,"href":"https:\/\/www.cambe.pr.gov.br\/index.php\/wp-json\/wp\/v2\/posts\/3413\/revisions"}],"predecessor-version":[{"id":3414,"href":"https:\/\/www.cambe.pr.gov.br\/index.php\/wp-json\/wp\/v2\/posts\/3413\/revisions\/3414"}],"wp:attachment":[{"href":"https:\/\/www.cambe.pr.gov.br\/index.php\/wp-json\/wp\/v2\/media?parent=3413"}],"wp:term":[{"taxonomy":"category","embeddable":true,"href":"https:\/\/www.cambe.pr.gov.br\/index.php\/wp-json\/wp\/v2\/categories?post=3413"},{"taxonomy":"post_tag","embeddable":true,"href":"https:\/\/www.cambe.pr.gov.br\/index.php\/wp-json\/wp\/v2\/tags?post=3413"}],"curies":[{"name":"wp","href":"https:\/\/api.w.org\/{rel}","templated":true}]}}