{"id":3411,"date":"2021-09-09T17:01:50","date_gmt":"2021-09-09T20:01:50","guid":{"rendered":"http:\/\/www.cambe.pr.gov.br\/?p=3411"},"modified":"2024-10-07T13:00:25","modified_gmt":"2024-10-07T16:00:25","slug":"agencia-do-trabalhador-de-cambe-esta-com-vagas-abertas-de-emprego-em-diversas-areas","status":"publish","type":"post","link":"https:\/\/www.cambe.pr.gov.br\/index.php\/agencia-do-trabalhador-de-cambe-esta-com-vagas-abertas-de-emprego-em-diversas-areas\/","title":{"rendered":"Ag\u00eancia do Trabalhador de Camb\u00e9 est\u00e1 com vagas abertas de emprego em diversas \u00e1reas"},"content":{"rendered":"<p style=\"text-align: justify;\"><span style=\"font-family: arial, helvetica, sans-serif;\"><img fetchpriority=\"high\" decoding=\"async\" class=\"size-medium wp-image-3010 alignleft\" src=\"https:\/\/www.cambe.pr.gov.br\/wp-content\/uploads\/2021\/08\/carteira-de-trabalho-e1628778556748-300x200.jpg\" alt=\"\" width=\"300\" height=\"200\">A Prefeitura de Camb\u00e9, por meio da Secretaria de Trabalho, est\u00e1 com vagas de emprego dispon\u00edveis em diversas \u00e1reas. Nesta quinta-feira (09), a Ag\u00eancia do Trabalhador est\u00e1 com 20 vagas para as seguintes fun\u00e7\u00f5es: ajudante de carga e descarga de mercadoria; arte finalista; assistente administrativo; auxiliar de cozinha (duas vagas); confeiteiro; cozinheiro de restaurante; empregado dom\u00e9stico; farmac\u00eautico; instalador hidr\u00e1ulico; mec\u00e2nico de manuten\u00e7\u00e3o de m\u00e1quinas industriais; mec\u00e2nico de motocicletas; montador; soldador (duas vagas); pedreiro; porteiro; t\u00e9cnico de refrigera\u00e7\u00e3o (instala\u00e7\u00e3o); e t\u00e9cnico em eletromec\u00e2nica.<\/span><\/p>\n<p style=\"text-align: justify;\"><span style=\"font-family: arial, helvetica, sans-serif;\">Jos\u00e9 Aparecido Rolim, secret\u00e1rio de Trabalho, explica que para se candidatar a uma vaga, os interessados devem fazer o agendamento no site da Prefeitura de Camb\u00e9, atrav\u00e9s do link: https:\/\/www.trabalhabrasil.com.br\/vagas-empregos-em-cambe-pr. Os candidatos devem clicar na vaga desejada e preencher o cadastro, que vai gerar automaticamente uma data e hor\u00e1rio para fazer a entrevista. O site tamb\u00e9m vai indicar a empresa que est\u00e1 ofertando a vaga, a m\u00e9dia salarial, o tipo de contrato e a descri\u00e7\u00e3o do cargo \u2013 com a carga hor\u00e1ria e as folgas. \u201cNo dia da entrevista, os candidatos devem comparecer com um documento com foto e a carteira de trabalho\u201d, explica o secret\u00e1rio.<\/span><\/p>\n<p style=\"text-align: justify;\"><span style=\"font-family: arial, helvetica, sans-serif;\">Para outras informa\u00e7\u00f5es, a Ag\u00eancia do Trabalhador de Camb\u00e9 fica na Avenida Inglaterra, 774 \u2013 Centro e funciona das 8h30 \u00e0s 11h30 e das 13h \u00e0s 17h. O telefone para contato \u00e9 o 3174-0443.<\/span><\/p>\n","protected":false},"excerpt":{"rendered":"<p>A Prefeitura de Camb\u00e9, por meio da Secretaria de Trabalho, est\u00e1 com vagas de emprego dispon\u00edveis em diversas \u00e1reas. Nesta quinta-feira (09), a Ag\u00eancia do Trabalhador est\u00e1 com 20 vagas para as seguintes fun\u00e7\u00f5es: ajudante de carga e descarga de mercadoria; arte finalista; assistente administrativo; auxiliar de cozinha (duas vagas); confeiteiro; cozinheiro de restaurante; empregado [&hellip;]<\/p>\n","protected":false},"author":2,"featured_media":0,"comment_status":"closed","ping_status":"open","sticky":false,"template":"","format":"standard","meta":{"ngg_post_thumbnail":0,"footnotes":""},"categories":[1],"tags":[],"class_list":["post-3411","post","type-post","status-publish","format-standard","hentry","category-principal"],"yoast_head":"<!-- This site is optimized with the Yoast SEO plugin v27.4 - https:\/\/yoast.com\/product\/yoast-seo-wordpress\/ -->\n<title>Ag\u00eancia do Trabalhador de Camb\u00e9 est\u00e1 com vagas abertas de emprego em diversas \u00e1reas - Prefeitura de Camb\u00e9<\/title>\n<meta name=\"robots\" content=\"index, follow, max-snippet:-1, max-image-preview:large, max-video-preview:-1\" \/>\n<link rel=\"canonical\" href=\"https:\/\/www.cambe.pr.gov.br\/index.php\/agencia-do-trabalhador-de-cambe-esta-com-vagas-abertas-de-emprego-em-diversas-areas\/\" \/>\n<meta property=\"og:locale\" content=\"pt_BR\" \/>\n<meta property=\"og:type\" content=\"article\" \/>\n<meta property=\"og:title\" content=\"Ag\u00eancia do Trabalhador de Camb\u00e9 est\u00e1 com vagas abertas de emprego em diversas \u00e1reas - Prefeitura de Camb\u00e9\" \/>\n<meta property=\"og:description\" content=\"A Prefeitura de Camb\u00e9, por meio da Secretaria de Trabalho, est\u00e1 com vagas de emprego dispon\u00edveis em diversas \u00e1reas. Nesta quinta-feira (09), a Ag\u00eancia do Trabalhador est\u00e1 com 20 vagas para as seguintes fun\u00e7\u00f5es: ajudante de carga e descarga de mercadoria; arte finalista; assistente administrativo; auxiliar de cozinha (duas vagas); confeiteiro; cozinheiro de restaurante; empregado [&hellip;]\" \/>\n<meta property=\"og:url\" content=\"https:\/\/www.cambe.pr.gov.br\/index.php\/agencia-do-trabalhador-de-cambe-esta-com-vagas-abertas-de-emprego-em-diversas-areas\/\" \/>\n<meta property=\"og:site_name\" content=\"Prefeitura de Camb\u00e9\" \/>\n<meta property=\"article:publisher\" content=\"https:\/\/m.facebook.com\/prefeituradecambe\" \/>\n<meta property=\"article:published_time\" content=\"2021-09-09T20:01:50+00:00\" \/>\n<meta property=\"article:modified_time\" content=\"2024-10-07T16:00:25+00:00\" \/>\n<meta property=\"og:image\" content=\"http:\/\/www.cambe.pr.gov.br\/wp-content\/uploads\/2021\/08\/carteira-de-trabalho-e1628778556748-300x200.jpg\" \/>\n<meta name=\"author\" content=\"Thiago Mossini Balbino dos Santos\" \/>\n<meta name=\"twitter:card\" content=\"summary_large_image\" \/>\n<meta name=\"twitter:label1\" content=\"Escrito por\" \/>\n\t<meta name=\"twitter:data1\" content=\"Thiago Mossini Balbino dos Santos\" \/>\n\t<meta name=\"twitter:label2\" content=\"Est. tempo de leitura\" \/>\n\t<meta name=\"twitter:data2\" content=\"1 minuto\" \/>\n<script type=\"application\/ld+json\" class=\"yoast-schema-graph\">{\"@context\":\"https:\\\/\\\/schema.org\",\"@graph\":[{\"@type\":\"Article\",\"@id\":\"https:\\\/\\\/www.cambe.pr.gov.br\\\/index.php\\\/agencia-do-trabalhador-de-cambe-esta-com-vagas-abertas-de-emprego-em-diversas-areas\\\/#article\",\"isPartOf\":{\"@id\":\"https:\\\/\\\/www.cambe.pr.gov.br\\\/index.php\\\/agencia-do-trabalhador-de-cambe-esta-com-vagas-abertas-de-emprego-em-diversas-areas\\\/\"},\"author\":{\"name\":\"Thiago Mossini Balbino dos Santos\",\"@id\":\"https:\\\/\\\/www.cambe.pr.gov.br\\\/#\\\/schema\\\/person\\\/e08f7c43a641b2ec036e4e867ec483e4\"},\"headline\":\"Ag\u00eancia do Trabalhador de Camb\u00e9 est\u00e1 com vagas abertas de emprego em diversas \u00e1reas\",\"datePublished\":\"2021-09-09T20:01:50+00:00\",\"dateModified\":\"2024-10-07T16:00:25+00:00\",\"mainEntityOfPage\":{\"@id\":\"https:\\\/\\\/www.cambe.pr.gov.br\\\/index.php\\\/agencia-do-trabalhador-de-cambe-esta-com-vagas-abertas-de-emprego-em-diversas-areas\\\/\"},\"wordCount\":261,\"publisher\":{\"@id\":\"https:\\\/\\\/www.cambe.pr.gov.br\\\/#organization\"},\"image\":{\"@id\":\"https:\\\/\\\/www.cambe.pr.gov.br\\\/index.php\\\/agencia-do-trabalhador-de-cambe-esta-com-vagas-abertas-de-emprego-em-diversas-areas\\\/#primaryimage\"},\"thumbnailUrl\":\"http:\\\/\\\/www.cambe.pr.gov.br\\\/wp-content\\\/uploads\\\/2021\\\/08\\\/carteira-de-trabalho-e1628778556748-300x200.jpg\",\"articleSection\":[\"Principal\"],\"inLanguage\":\"pt-BR\"},{\"@type\":\"WebPage\",\"@id\":\"https:\\\/\\\/www.cambe.pr.gov.br\\\/index.php\\\/agencia-do-trabalhador-de-cambe-esta-com-vagas-abertas-de-emprego-em-diversas-areas\\\/\",\"url\":\"https:\\\/\\\/www.cambe.pr.gov.br\\\/index.php\\\/agencia-do-trabalhador-de-cambe-esta-com-vagas-abertas-de-emprego-em-diversas-areas\\\/\",\"name\":\"Ag\u00eancia do Trabalhador de Camb\u00e9 est\u00e1 com vagas abertas de emprego em diversas \u00e1reas - Prefeitura de Camb\u00e9\",\"isPartOf\":{\"@id\":\"https:\\\/\\\/www.cambe.pr.gov.br\\\/#website\"},\"primaryImageOfPage\":{\"@id\":\"https:\\\/\\\/www.cambe.pr.gov.br\\\/index.php\\\/agencia-do-trabalhador-de-cambe-esta-com-vagas-abertas-de-emprego-em-diversas-areas\\\/#primaryimage\"},\"image\":{\"@id\":\"https:\\\/\\\/www.cambe.pr.gov.br\\\/index.php\\\/agencia-do-trabalhador-de-cambe-esta-com-vagas-abertas-de-emprego-em-diversas-areas\\\/#primaryimage\"},\"thumbnailUrl\":\"http:\\\/\\\/www.cambe.pr.gov.br\\\/wp-content\\\/uploads\\\/2021\\\/08\\\/carteira-de-trabalho-e1628778556748-300x200.jpg\",\"datePublished\":\"2021-09-09T20:01:50+00:00\",\"dateModified\":\"2024-10-07T16:00:25+00:00\",\"breadcrumb\":{\"@id\":\"https:\\\/\\\/www.cambe.pr.gov.br\\\/index.php\\\/agencia-do-trabalhador-de-cambe-esta-com-vagas-abertas-de-emprego-em-diversas-areas\\\/#breadcrumb\"},\"inLanguage\":\"pt-BR\",\"potentialAction\":[{\"@type\":\"ReadAction\",\"target\":[\"https:\\\/\\\/www.cambe.pr.gov.br\\\/index.php\\\/agencia-do-trabalhador-de-cambe-esta-com-vagas-abertas-de-emprego-em-diversas-areas\\\/\"]}]},{\"@type\":\"ImageObject\",\"inLanguage\":\"pt-BR\",\"@id\":\"https:\\\/\\\/www.cambe.pr.gov.br\\\/index.php\\\/agencia-do-trabalhador-de-cambe-esta-com-vagas-abertas-de-emprego-em-diversas-areas\\\/#primaryimage\",\"url\":\"http:\\\/\\\/www.cambe.pr.gov.br\\\/wp-content\\\/uploads\\\/2021\\\/08\\\/carteira-de-trabalho-e1628778556748-300x200.jpg\",\"contentUrl\":\"http:\\\/\\\/www.cambe.pr.gov.br\\\/wp-content\\\/uploads\\\/2021\\\/08\\\/carteira-de-trabalho-e1628778556748-300x200.jpg\"},{\"@type\":\"BreadcrumbList\",\"@id\":\"https:\\\/\\\/www.cambe.pr.gov.br\\\/index.php\\\/agencia-do-trabalhador-de-cambe-esta-com-vagas-abertas-de-emprego-em-diversas-areas\\\/#breadcrumb\",\"itemListElement\":[{\"@type\":\"ListItem\",\"position\":1,\"name\":\"In\u00edcio\",\"item\":\"https:\\\/\\\/www.cambe.pr.gov.br\\\/\"},{\"@type\":\"ListItem\",\"position\":2,\"name\":\"Ag\u00eancia do Trabalhador de Camb\u00e9 est\u00e1 com vagas abertas de emprego em diversas \u00e1reas\"}]},{\"@type\":\"WebSite\",\"@id\":\"https:\\\/\\\/www.cambe.pr.gov.br\\\/#website\",\"url\":\"https:\\\/\\\/www.cambe.pr.gov.br\\\/\",\"name\":\"Prefeitura de Camb\u00e9\",\"description\":\"UM GOVERNO PARA TODOS\",\"publisher\":{\"@id\":\"https:\\\/\\\/www.cambe.pr.gov.br\\\/#organization\"},\"potentialAction\":[{\"@type\":\"SearchAction\",\"target\":{\"@type\":\"EntryPoint\",\"urlTemplate\":\"https:\\\/\\\/www.cambe.pr.gov.br\\\/?s={search_term_string}\"},\"query-input\":{\"@type\":\"PropertyValueSpecification\",\"valueRequired\":true,\"valueName\":\"search_term_string\"}}],\"inLanguage\":\"pt-BR\"},{\"@type\":\"Organization\",\"@id\":\"https:\\\/\\\/www.cambe.pr.gov.br\\\/#organization\",\"name\":\"Prefeitura de Camb\u00e9\",\"url\":\"https:\\\/\\\/www.cambe.pr.gov.br\\\/\",\"logo\":{\"@type\":\"ImageObject\",\"inLanguage\":\"pt-BR\",\"@id\":\"https:\\\/\\\/www.cambe.pr.gov.br\\\/#\\\/schema\\\/logo\\\/image\\\/\",\"url\":\"https:\\\/\\\/www.cambe.pr.gov.br\\\/wp-content\\\/uploads\\\/2021\\\/01\\\/cropped-cropped-cambe_brazao-icone.png\",\"contentUrl\":\"https:\\\/\\\/www.cambe.pr.gov.br\\\/wp-content\\\/uploads\\\/2021\\\/01\\\/cropped-cropped-cambe_brazao-icone.png\",\"width\":240,\"height\":240,\"caption\":\"Prefeitura de Camb\u00e9\"},\"image\":{\"@id\":\"https:\\\/\\\/www.cambe.pr.gov.br\\\/#\\\/schema\\\/logo\\\/image\\\/\"},\"sameAs\":[\"https:\\\/\\\/m.facebook.com\\\/prefeituradecambe\"]},{\"@type\":\"Person\",\"@id\":\"https:\\\/\\\/www.cambe.pr.gov.br\\\/#\\\/schema\\\/person\\\/e08f7c43a641b2ec036e4e867ec483e4\",\"name\":\"Thiago Mossini Balbino dos Santos\",\"image\":{\"@type\":\"ImageObject\",\"inLanguage\":\"pt-BR\",\"@id\":\"https:\\\/\\\/secure.gravatar.com\\\/avatar\\\/d957ed4e1bc3ebf5769d1003f9709cd2012ebf424eb4a5d76a933fee30e874b6?s=96&d=mm&r=g\",\"url\":\"https:\\\/\\\/secure.gravatar.com\\\/avatar\\\/d957ed4e1bc3ebf5769d1003f9709cd2012ebf424eb4a5d76a933fee30e874b6?s=96&d=mm&r=g\",\"contentUrl\":\"https:\\\/\\\/secure.gravatar.com\\\/avatar\\\/d957ed4e1bc3ebf5769d1003f9709cd2012ebf424eb4a5d76a933fee30e874b6?s=96&d=mm&r=g\",\"caption\":\"Thiago Mossini Balbino dos Santos\"},\"url\":\"https:\\\/\\\/www.cambe.pr.gov.br\\\/index.php\\\/author\\\/tmbsantos\\\/\"}]}<\/script>\n<!-- \/ Yoast SEO plugin. -->","yoast_head_json":{"title":"Ag\u00eancia do Trabalhador de Camb\u00e9 est\u00e1 com vagas abertas de emprego em diversas \u00e1reas - Prefeitura de Camb\u00e9","robots":{"index":"index","follow":"follow","max-snippet":"max-snippet:-1","max-image-preview":"max-image-preview:large","max-video-preview":"max-video-preview:-1"},"canonical":"https:\/\/www.cambe.pr.gov.br\/index.php\/agencia-do-trabalhador-de-cambe-esta-com-vagas-abertas-de-emprego-em-diversas-areas\/","og_locale":"pt_BR","og_type":"article","og_title":"Ag\u00eancia do Trabalhador de Camb\u00e9 est\u00e1 com vagas abertas de emprego em diversas \u00e1reas - Prefeitura de Camb\u00e9","og_description":"A Prefeitura de Camb\u00e9, por meio da Secretaria de Trabalho, est\u00e1 com vagas de emprego dispon\u00edveis em diversas \u00e1reas. Nesta quinta-feira (09), a Ag\u00eancia do Trabalhador est\u00e1 com 20 vagas para as seguintes fun\u00e7\u00f5es: ajudante de carga e descarga de mercadoria; arte finalista; assistente administrativo; auxiliar de cozinha (duas vagas); confeiteiro; cozinheiro de restaurante; empregado [&hellip;]","og_url":"https:\/\/www.cambe.pr.gov.br\/index.php\/agencia-do-trabalhador-de-cambe-esta-com-vagas-abertas-de-emprego-em-diversas-areas\/","og_site_name":"Prefeitura de Camb\u00e9","article_publisher":"https:\/\/m.facebook.com\/prefeituradecambe","article_published_time":"2021-09-09T20:01:50+00:00","article_modified_time":"2024-10-07T16:00:25+00:00","og_image":[{"url":"http:\/\/www.cambe.pr.gov.br\/wp-content\/uploads\/2021\/08\/carteira-de-trabalho-e1628778556748-300x200.jpg","type":"","width":"","height":""}],"author":"Thiago Mossini Balbino dos Santos","twitter_card":"summary_large_image","twitter_misc":{"Escrito por":"Thiago Mossini Balbino dos Santos","Est. tempo de leitura":"1 minuto"},"schema":{"@context":"https:\/\/schema.org","@graph":[{"@type":"Article","@id":"https:\/\/www.cambe.pr.gov.br\/index.php\/agencia-do-trabalhador-de-cambe-esta-com-vagas-abertas-de-emprego-em-diversas-areas\/#article","isPartOf":{"@id":"https:\/\/www.cambe.pr.gov.br\/index.php\/agencia-do-trabalhador-de-cambe-esta-com-vagas-abertas-de-emprego-em-diversas-areas\/"},"author":{"name":"Thiago Mossini Balbino dos Santos","@id":"https:\/\/www.cambe.pr.gov.br\/#\/schema\/person\/e08f7c43a641b2ec036e4e867ec483e4"},"headline":"Ag\u00eancia do Trabalhador de Camb\u00e9 est\u00e1 com vagas abertas de emprego em diversas \u00e1reas","datePublished":"2021-09-09T20:01:50+00:00","dateModified":"2024-10-07T16:00:25+00:00","mainEntityOfPage":{"@id":"https:\/\/www.cambe.pr.gov.br\/index.php\/agencia-do-trabalhador-de-cambe-esta-com-vagas-abertas-de-emprego-em-diversas-areas\/"},"wordCount":261,"publisher":{"@id":"https:\/\/www.cambe.pr.gov.br\/#organization"},"image":{"@id":"https:\/\/www.cambe.pr.gov.br\/index.php\/agencia-do-trabalhador-de-cambe-esta-com-vagas-abertas-de-emprego-em-diversas-areas\/#primaryimage"},"thumbnailUrl":"http:\/\/www.cambe.pr.gov.br\/wp-content\/uploads\/2021\/08\/carteira-de-trabalho-e1628778556748-300x200.jpg","articleSection":["Principal"],"inLanguage":"pt-BR"},{"@type":"WebPage","@id":"https:\/\/www.cambe.pr.gov.br\/index.php\/agencia-do-trabalhador-de-cambe-esta-com-vagas-abertas-de-emprego-em-diversas-areas\/","url":"https:\/\/www.cambe.pr.gov.br\/index.php\/agencia-do-trabalhador-de-cambe-esta-com-vagas-abertas-de-emprego-em-diversas-areas\/","name":"Ag\u00eancia do Trabalhador de Camb\u00e9 est\u00e1 com vagas abertas de emprego em diversas \u00e1reas - Prefeitura de Camb\u00e9","isPartOf":{"@id":"https:\/\/www.cambe.pr.gov.br\/#website"},"primaryImageOfPage":{"@id":"https:\/\/www.cambe.pr.gov.br\/index.php\/agencia-do-trabalhador-de-cambe-esta-com-vagas-abertas-de-emprego-em-diversas-areas\/#primaryimage"},"image":{"@id":"https:\/\/www.cambe.pr.gov.br\/index.php\/agencia-do-trabalhador-de-cambe-esta-com-vagas-abertas-de-emprego-em-diversas-areas\/#primaryimage"},"thumbnailUrl":"http:\/\/www.cambe.pr.gov.br\/wp-content\/uploads\/2021\/08\/carteira-de-trabalho-e1628778556748-300x200.jpg","datePublished":"2021-09-09T20:01:50+00:00","dateModified":"2024-10-07T16:00:25+00:00","breadcrumb":{"@id":"https:\/\/www.cambe.pr.gov.br\/index.php\/agencia-do-trabalhador-de-cambe-esta-com-vagas-abertas-de-emprego-em-diversas-areas\/#breadcrumb"},"inLanguage":"pt-BR","potentialAction":[{"@type":"ReadAction","target":["https:\/\/www.cambe.pr.gov.br\/index.php\/agencia-do-trabalhador-de-cambe-esta-com-vagas-abertas-de-emprego-em-diversas-areas\/"]}]},{"@type":"ImageObject","inLanguage":"pt-BR","@id":"https:\/\/www.cambe.pr.gov.br\/index.php\/agencia-do-trabalhador-de-cambe-esta-com-vagas-abertas-de-emprego-em-diversas-areas\/#primaryimage","url":"http:\/\/www.cambe.pr.gov.br\/wp-content\/uploads\/2021\/08\/carteira-de-trabalho-e1628778556748-300x200.jpg","contentUrl":"http:\/\/www.cambe.pr.gov.br\/wp-content\/uploads\/2021\/08\/carteira-de-trabalho-e1628778556748-300x200.jpg"},{"@type":"BreadcrumbList","@id":"https:\/\/www.cambe.pr.gov.br\/index.php\/agencia-do-trabalhador-de-cambe-esta-com-vagas-abertas-de-emprego-em-diversas-areas\/#breadcrumb","itemListElement":[{"@type":"ListItem","position":1,"name":"In\u00edcio","item":"https:\/\/www.cambe.pr.gov.br\/"},{"@type":"ListItem","position":2,"name":"Ag\u00eancia do Trabalhador de Camb\u00e9 est\u00e1 com vagas abertas de emprego em diversas \u00e1reas"}]},{"@type":"WebSite","@id":"https:\/\/www.cambe.pr.gov.br\/#website","url":"https:\/\/www.cambe.pr.gov.br\/","name":"Prefeitura de Camb\u00e9","description":"UM GOVERNO PARA TODOS","publisher":{"@id":"https:\/\/www.cambe.pr.gov.br\/#organization"},"potentialAction":[{"@type":"SearchAction","target":{"@type":"EntryPoint","urlTemplate":"https:\/\/www.cambe.pr.gov.br\/?s={search_term_string}"},"query-input":{"@type":"PropertyValueSpecification","valueRequired":true,"valueName":"search_term_string"}}],"inLanguage":"pt-BR"},{"@type":"Organization","@id":"https:\/\/www.cambe.pr.gov.br\/#organization","name":"Prefeitura de Camb\u00e9","url":"https:\/\/www.cambe.pr.gov.br\/","logo":{"@type":"ImageObject","inLanguage":"pt-BR","@id":"https:\/\/www.cambe.pr.gov.br\/#\/schema\/logo\/image\/","url":"https:\/\/www.cambe.pr.gov.br\/wp-content\/uploads\/2021\/01\/cropped-cropped-cambe_brazao-icone.png","contentUrl":"https:\/\/www.cambe.pr.gov.br\/wp-content\/uploads\/2021\/01\/cropped-cropped-cambe_brazao-icone.png","width":240,"height":240,"caption":"Prefeitura de Camb\u00e9"},"image":{"@id":"https:\/\/www.cambe.pr.gov.br\/#\/schema\/logo\/image\/"},"sameAs":["https:\/\/m.facebook.com\/prefeituradecambe"]},{"@type":"Person","@id":"https:\/\/www.cambe.pr.gov.br\/#\/schema\/person\/e08f7c43a641b2ec036e4e867ec483e4","name":"Thiago Mossini Balbino dos Santos","image":{"@type":"ImageObject","inLanguage":"pt-BR","@id":"https:\/\/secure.gravatar.com\/avatar\/d957ed4e1bc3ebf5769d1003f9709cd2012ebf424eb4a5d76a933fee30e874b6?s=96&d=mm&r=g","url":"https:\/\/secure.gravatar.com\/avatar\/d957ed4e1bc3ebf5769d1003f9709cd2012ebf424eb4a5d76a933fee30e874b6?s=96&d=mm&r=g","contentUrl":"https:\/\/secure.gravatar.com\/avatar\/d957ed4e1bc3ebf5769d1003f9709cd2012ebf424eb4a5d76a933fee30e874b6?s=96&d=mm&r=g","caption":"Thiago Mossini Balbino dos Santos"},"url":"https:\/\/www.cambe.pr.gov.br\/index.php\/author\/tmbsantos\/"}]}},"_links":{"self":[{"href":"https:\/\/www.cambe.pr.gov.br\/index.php\/wp-json\/wp\/v2\/posts\/3411","targetHints":{"allow":["GET"]}}],"collection":[{"href":"https:\/\/www.cambe.pr.gov.br\/index.php\/wp-json\/wp\/v2\/posts"}],"about":[{"href":"https:\/\/www.cambe.pr.gov.br\/index.php\/wp-json\/wp\/v2\/types\/post"}],"author":[{"embeddable":true,"href":"https:\/\/www.cambe.pr.gov.br\/index.php\/wp-json\/wp\/v2\/users\/2"}],"replies":[{"embeddable":true,"href":"https:\/\/www.cambe.pr.gov.br\/index.php\/wp-json\/wp\/v2\/comments?post=3411"}],"version-history":[{"count":1,"href":"https:\/\/www.cambe.pr.gov.br\/index.php\/wp-json\/wp\/v2\/posts\/3411\/revisions"}],"predecessor-version":[{"id":3412,"href":"https:\/\/www.cambe.pr.gov.br\/index.php\/wp-json\/wp\/v2\/posts\/3411\/revisions\/3412"}],"wp:attachment":[{"href":"https:\/\/www.cambe.pr.gov.br\/index.php\/wp-json\/wp\/v2\/media?parent=3411"}],"wp:term":[{"taxonomy":"category","embeddable":true,"href":"https:\/\/www.cambe.pr.gov.br\/index.php\/wp-json\/wp\/v2\/categories?post=3411"},{"taxonomy":"post_tag","embeddable":true,"href":"https:\/\/www.cambe.pr.gov.br\/index.php\/wp-json\/wp\/v2\/tags?post=3411"}],"curies":[{"name":"wp","href":"https:\/\/api.w.org\/{rel}","templated":true}]}}