{"id":34,"date":"2021-01-05T15:26:05","date_gmt":"2021-01-05T18:26:05","guid":{"rendered":"http:\/\/www.cambe.pr.gov.br\/?p=34"},"modified":"2024-10-07T13:00:21","modified_gmt":"2024-10-07T16:00:21","slug":"inscricoes-para-o-concurso-publico-da-prefeitura-de-cambe-terminam-dia-28","status":"publish","type":"post","link":"https:\/\/www.cambe.pr.gov.br\/index.php\/inscricoes-para-o-concurso-publico-da-prefeitura-de-cambe-terminam-dia-28\/","title":{"rendered":"Prefeitura compra respiradores e busca contrata\u00e7\u00e3o de m\u00e9dicos e reserva de oxig\u00eanio"},"content":{"rendered":"<p style=\"text-align: justify;\">A Prefeitura de Camb\u00e9, por meio da Secretaria de Sa\u00fade, efetivou a compra de dois respiradores pulmonares para atender pacientes do munic\u00edpio que tenham a situa\u00e7\u00e3o agravada por causa do covid-19 enquanto esperam vaga para transfer\u00eancia para o hospital de refer\u00eancia. Os equipamentos chegaram nesta quinta-feira (25) a Camb\u00e9. Os equipamentos foram adquiridos com recursos pr\u00f3prios da Secretaria de Sa\u00fade.<\/p>\n<p style=\"text-align: justify;\">\nO respirador \u00e9 um dispositivo mec\u00e2nico que usa press\u00e3o para soprar ar, ou uma mistura de gases como oxig\u00eanio e ar, para dentro dos pulm\u00f5es de pessoas com perda da fun\u00e7\u00e3o respirat\u00f3ria do organismo, que \u00e9 de colocar oxig\u00eanio e retirar o g\u00e1s carb\u00f4nico.<br \/>\n&nbsp;<br \/>\nAl\u00e9m dos novos respiradores, a Secretaria de Sa\u00fade tamb\u00e9m est\u00e1 buscando a contrata\u00e7\u00e3o de mais m\u00e9dicos plantonistas para atender \u00e0 demanda alta de pacientes nas unidades de sa\u00fade da cidade que atendem pessoas contaminadas com Covid-19. Outra frente de esfor\u00e7os da administra\u00e7\u00e3o municipal est\u00e1 na busca por uma empresa para fornecimento de uma reserva extra de oxig\u00eanio.<br \/>\n\u201cEstamos em um momento delicado e precisamos refor\u00e7ar nossos quadros para podermos salvar vidas. Tamb\u00e9m estamos nos precavendo para que n\u00e3o falte oxig\u00eanio aqui na cidade\u201d, afirmou a secret\u00e1ria Adriane Bertan.<br \/>\n&nbsp;<br \/>\nO prefeito Conrado Scheller ressaltou que os investimentos no combate ao agravamento da pandemia n\u00e3o param na cidade. \u201cCompramos estes respiradores para atender esse paciente grave que precisa aguardar uma vaga no hospital de refer\u00eancia, estamos investindo na contrata\u00e7\u00e3o de mais profissionais, enfim, n\u00e3o estamos medindo esfor\u00e7os para salvar a vida dos cambeenses. Por isso, pedimos mais uma vez a colabora\u00e7\u00e3o das pessoas para que evitem aglomera\u00e7\u00f5es e mantenham suas atividades di\u00e1rias de maneira respons\u00e1vel\u201d, frisou Conrado.<\/p>\n","protected":false},"excerpt":{"rendered":"<p>A Prefeitura de Camb\u00e9, por meio da Secretaria de Sa\u00fade, efetivou a compra de dois respiradores pulmonares para atender pacientes do munic\u00edpio que tenham a situa\u00e7\u00e3o agravada por causa do covid-19 enquanto esperam vaga para transfer\u00eancia para o hospital de refer\u00eancia. Os equipamentos chegaram nesta quinta-feira (25) a Camb\u00e9. Os equipamentos foram adquiridos com recursos [&hellip;]<\/p>\n","protected":false},"author":1,"featured_media":1665,"comment_status":"closed","ping_status":"closed","sticky":false,"template":"","format":"standard","meta":{"ngg_post_thumbnail":0,"footnotes":""},"categories":[1],"tags":[],"class_list":["post-34","post","type-post","status-publish","format-standard","has-post-thumbnail","hentry","category-principal"],"yoast_head":"<!-- This site is optimized with the Yoast SEO plugin v27.4 - https:\/\/yoast.com\/product\/yoast-seo-wordpress\/ -->\n<title>Prefeitura compra respiradores e busca contrata\u00e7\u00e3o de m\u00e9dicos e reserva de oxig\u00eanio - Prefeitura de Camb\u00e9<\/title>\n<meta name=\"robots\" content=\"index, follow, max-snippet:-1, max-image-preview:large, max-video-preview:-1\" \/>\n<link rel=\"canonical\" href=\"https:\/\/www.cambe.pr.gov.br\/index.php\/inscricoes-para-o-concurso-publico-da-prefeitura-de-cambe-terminam-dia-28\/\" \/>\n<meta property=\"og:locale\" content=\"pt_BR\" \/>\n<meta property=\"og:type\" content=\"article\" \/>\n<meta property=\"og:title\" content=\"Prefeitura compra respiradores e busca contrata\u00e7\u00e3o de m\u00e9dicos e reserva de oxig\u00eanio - Prefeitura de Camb\u00e9\" \/>\n<meta property=\"og:description\" content=\"A Prefeitura de Camb\u00e9, por meio da Secretaria de Sa\u00fade, efetivou a compra de dois respiradores pulmonares para atender pacientes do munic\u00edpio que tenham a situa\u00e7\u00e3o agravada por causa do covid-19 enquanto esperam vaga para transfer\u00eancia para o hospital de refer\u00eancia. Os equipamentos chegaram nesta quinta-feira (25) a Camb\u00e9. Os equipamentos foram adquiridos com recursos [&hellip;]\" \/>\n<meta property=\"og:url\" content=\"https:\/\/www.cambe.pr.gov.br\/index.php\/inscricoes-para-o-concurso-publico-da-prefeitura-de-cambe-terminam-dia-28\/\" \/>\n<meta property=\"og:site_name\" content=\"Prefeitura de Camb\u00e9\" \/>\n<meta property=\"article:publisher\" content=\"https:\/\/m.facebook.com\/prefeituradecambe\" \/>\n<meta property=\"article:published_time\" content=\"2021-01-05T18:26:05+00:00\" \/>\n<meta property=\"article:modified_time\" content=\"2024-10-07T16:00:21+00:00\" \/>\n<meta property=\"og:image\" content=\"https:\/\/www.cambe.pr.gov.br\/wp-content\/uploads\/2020\/12\/Respirador2021.jpg\" \/>\n\t<meta property=\"og:image:width\" content=\"350\" \/>\n\t<meta property=\"og:image:height\" content=\"233\" \/>\n\t<meta property=\"og:image:type\" content=\"image\/jpeg\" \/>\n<meta name=\"author\" content=\"ticambe75732\" \/>\n<meta name=\"twitter:card\" content=\"summary_large_image\" \/>\n<meta name=\"twitter:label1\" content=\"Escrito por\" \/>\n\t<meta name=\"twitter:data1\" content=\"ticambe75732\" \/>\n\t<meta name=\"twitter:label2\" content=\"Est. tempo de leitura\" \/>\n\t<meta name=\"twitter:data2\" content=\"2 minutos\" \/>\n<script type=\"application\/ld+json\" class=\"yoast-schema-graph\">{\"@context\":\"https:\\\/\\\/schema.org\",\"@graph\":[{\"@type\":\"Article\",\"@id\":\"https:\\\/\\\/www.cambe.pr.gov.br\\\/index.php\\\/inscricoes-para-o-concurso-publico-da-prefeitura-de-cambe-terminam-dia-28\\\/#article\",\"isPartOf\":{\"@id\":\"https:\\\/\\\/www.cambe.pr.gov.br\\\/index.php\\\/inscricoes-para-o-concurso-publico-da-prefeitura-de-cambe-terminam-dia-28\\\/\"},\"author\":{\"name\":\"ticambe75732\",\"@id\":\"https:\\\/\\\/www.cambe.pr.gov.br\\\/#\\\/schema\\\/person\\\/163bab0d3b46eb61934629275d4c1321\"},\"headline\":\"Prefeitura compra respiradores e busca contrata\u00e7\u00e3o de m\u00e9dicos e reserva de oxig\u00eanio\",\"datePublished\":\"2021-01-05T18:26:05+00:00\",\"dateModified\":\"2024-10-07T16:00:21+00:00\",\"mainEntityOfPage\":{\"@id\":\"https:\\\/\\\/www.cambe.pr.gov.br\\\/index.php\\\/inscricoes-para-o-concurso-publico-da-prefeitura-de-cambe-terminam-dia-28\\\/\"},\"wordCount\":321,\"publisher\":{\"@id\":\"https:\\\/\\\/www.cambe.pr.gov.br\\\/#organization\"},\"image\":{\"@id\":\"https:\\\/\\\/www.cambe.pr.gov.br\\\/index.php\\\/inscricoes-para-o-concurso-publico-da-prefeitura-de-cambe-terminam-dia-28\\\/#primaryimage\"},\"thumbnailUrl\":\"https:\\\/\\\/www.cambe.pr.gov.br\\\/wp-content\\\/uploads\\\/2020\\\/12\\\/Respirador2021.jpg\",\"articleSection\":[\"Principal\"],\"inLanguage\":\"pt-BR\"},{\"@type\":\"WebPage\",\"@id\":\"https:\\\/\\\/www.cambe.pr.gov.br\\\/index.php\\\/inscricoes-para-o-concurso-publico-da-prefeitura-de-cambe-terminam-dia-28\\\/\",\"url\":\"https:\\\/\\\/www.cambe.pr.gov.br\\\/index.php\\\/inscricoes-para-o-concurso-publico-da-prefeitura-de-cambe-terminam-dia-28\\\/\",\"name\":\"Prefeitura compra respiradores e busca contrata\u00e7\u00e3o de m\u00e9dicos e reserva de oxig\u00eanio - Prefeitura de Camb\u00e9\",\"isPartOf\":{\"@id\":\"https:\\\/\\\/www.cambe.pr.gov.br\\\/#website\"},\"primaryImageOfPage\":{\"@id\":\"https:\\\/\\\/www.cambe.pr.gov.br\\\/index.php\\\/inscricoes-para-o-concurso-publico-da-prefeitura-de-cambe-terminam-dia-28\\\/#primaryimage\"},\"image\":{\"@id\":\"https:\\\/\\\/www.cambe.pr.gov.br\\\/index.php\\\/inscricoes-para-o-concurso-publico-da-prefeitura-de-cambe-terminam-dia-28\\\/#primaryimage\"},\"thumbnailUrl\":\"https:\\\/\\\/www.cambe.pr.gov.br\\\/wp-content\\\/uploads\\\/2020\\\/12\\\/Respirador2021.jpg\",\"datePublished\":\"2021-01-05T18:26:05+00:00\",\"dateModified\":\"2024-10-07T16:00:21+00:00\",\"breadcrumb\":{\"@id\":\"https:\\\/\\\/www.cambe.pr.gov.br\\\/index.php\\\/inscricoes-para-o-concurso-publico-da-prefeitura-de-cambe-terminam-dia-28\\\/#breadcrumb\"},\"inLanguage\":\"pt-BR\",\"potentialAction\":[{\"@type\":\"ReadAction\",\"target\":[\"https:\\\/\\\/www.cambe.pr.gov.br\\\/index.php\\\/inscricoes-para-o-concurso-publico-da-prefeitura-de-cambe-terminam-dia-28\\\/\"]}]},{\"@type\":\"ImageObject\",\"inLanguage\":\"pt-BR\",\"@id\":\"https:\\\/\\\/www.cambe.pr.gov.br\\\/index.php\\\/inscricoes-para-o-concurso-publico-da-prefeitura-de-cambe-terminam-dia-28\\\/#primaryimage\",\"url\":\"https:\\\/\\\/www.cambe.pr.gov.br\\\/wp-content\\\/uploads\\\/2020\\\/12\\\/Respirador2021.jpg\",\"contentUrl\":\"https:\\\/\\\/www.cambe.pr.gov.br\\\/wp-content\\\/uploads\\\/2020\\\/12\\\/Respirador2021.jpg\",\"width\":350,\"height\":233},{\"@type\":\"BreadcrumbList\",\"@id\":\"https:\\\/\\\/www.cambe.pr.gov.br\\\/index.php\\\/inscricoes-para-o-concurso-publico-da-prefeitura-de-cambe-terminam-dia-28\\\/#breadcrumb\",\"itemListElement\":[{\"@type\":\"ListItem\",\"position\":1,\"name\":\"In\u00edcio\",\"item\":\"https:\\\/\\\/www.cambe.pr.gov.br\\\/\"},{\"@type\":\"ListItem\",\"position\":2,\"name\":\"Prefeitura compra respiradores e busca contrata\u00e7\u00e3o de m\u00e9dicos e reserva de oxig\u00eanio\"}]},{\"@type\":\"WebSite\",\"@id\":\"https:\\\/\\\/www.cambe.pr.gov.br\\\/#website\",\"url\":\"https:\\\/\\\/www.cambe.pr.gov.br\\\/\",\"name\":\"Prefeitura de Camb\u00e9\",\"description\":\"UM GOVERNO PARA TODOS\",\"publisher\":{\"@id\":\"https:\\\/\\\/www.cambe.pr.gov.br\\\/#organization\"},\"potentialAction\":[{\"@type\":\"SearchAction\",\"target\":{\"@type\":\"EntryPoint\",\"urlTemplate\":\"https:\\\/\\\/www.cambe.pr.gov.br\\\/?s={search_term_string}\"},\"query-input\":{\"@type\":\"PropertyValueSpecification\",\"valueRequired\":true,\"valueName\":\"search_term_string\"}}],\"inLanguage\":\"pt-BR\"},{\"@type\":\"Organization\",\"@id\":\"https:\\\/\\\/www.cambe.pr.gov.br\\\/#organization\",\"name\":\"Prefeitura de Camb\u00e9\",\"url\":\"https:\\\/\\\/www.cambe.pr.gov.br\\\/\",\"logo\":{\"@type\":\"ImageObject\",\"inLanguage\":\"pt-BR\",\"@id\":\"https:\\\/\\\/www.cambe.pr.gov.br\\\/#\\\/schema\\\/logo\\\/image\\\/\",\"url\":\"https:\\\/\\\/www.cambe.pr.gov.br\\\/wp-content\\\/uploads\\\/2021\\\/01\\\/cropped-cropped-cambe_brazao-icone.png\",\"contentUrl\":\"https:\\\/\\\/www.cambe.pr.gov.br\\\/wp-content\\\/uploads\\\/2021\\\/01\\\/cropped-cropped-cambe_brazao-icone.png\",\"width\":240,\"height\":240,\"caption\":\"Prefeitura de Camb\u00e9\"},\"image\":{\"@id\":\"https:\\\/\\\/www.cambe.pr.gov.br\\\/#\\\/schema\\\/logo\\\/image\\\/\"},\"sameAs\":[\"https:\\\/\\\/m.facebook.com\\\/prefeituradecambe\"]},{\"@type\":\"Person\",\"@id\":\"https:\\\/\\\/www.cambe.pr.gov.br\\\/#\\\/schema\\\/person\\\/163bab0d3b46eb61934629275d4c1321\",\"name\":\"ticambe75732\",\"image\":{\"@type\":\"ImageObject\",\"inLanguage\":\"pt-BR\",\"@id\":\"https:\\\/\\\/secure.gravatar.com\\\/avatar\\\/bf7b8cb9f36bf9e3ee532b1e57cd7056b16a580f9e5742ed9d6bc1db542370f4?s=96&d=mm&r=g\",\"url\":\"https:\\\/\\\/secure.gravatar.com\\\/avatar\\\/bf7b8cb9f36bf9e3ee532b1e57cd7056b16a580f9e5742ed9d6bc1db542370f4?s=96&d=mm&r=g\",\"contentUrl\":\"https:\\\/\\\/secure.gravatar.com\\\/avatar\\\/bf7b8cb9f36bf9e3ee532b1e57cd7056b16a580f9e5742ed9d6bc1db542370f4?s=96&d=mm&r=g\",\"caption\":\"ticambe75732\"},\"sameAs\":[\"http:\\\/\\\/www.cambe.pr.gov.br\"],\"url\":\"https:\\\/\\\/www.cambe.pr.gov.br\\\/index.php\\\/author\\\/ticambe75732\\\/\"}]}<\/script>\n<!-- \/ Yoast SEO plugin. -->","yoast_head_json":{"title":"Prefeitura compra respiradores e busca contrata\u00e7\u00e3o de m\u00e9dicos e reserva de oxig\u00eanio - Prefeitura de Camb\u00e9","robots":{"index":"index","follow":"follow","max-snippet":"max-snippet:-1","max-image-preview":"max-image-preview:large","max-video-preview":"max-video-preview:-1"},"canonical":"https:\/\/www.cambe.pr.gov.br\/index.php\/inscricoes-para-o-concurso-publico-da-prefeitura-de-cambe-terminam-dia-28\/","og_locale":"pt_BR","og_type":"article","og_title":"Prefeitura compra respiradores e busca contrata\u00e7\u00e3o de m\u00e9dicos e reserva de oxig\u00eanio - Prefeitura de Camb\u00e9","og_description":"A Prefeitura de Camb\u00e9, por meio da Secretaria de Sa\u00fade, efetivou a compra de dois respiradores pulmonares para atender pacientes do munic\u00edpio que tenham a situa\u00e7\u00e3o agravada por causa do covid-19 enquanto esperam vaga para transfer\u00eancia para o hospital de refer\u00eancia. Os equipamentos chegaram nesta quinta-feira (25) a Camb\u00e9. Os equipamentos foram adquiridos com recursos [&hellip;]","og_url":"https:\/\/www.cambe.pr.gov.br\/index.php\/inscricoes-para-o-concurso-publico-da-prefeitura-de-cambe-terminam-dia-28\/","og_site_name":"Prefeitura de Camb\u00e9","article_publisher":"https:\/\/m.facebook.com\/prefeituradecambe","article_published_time":"2021-01-05T18:26:05+00:00","article_modified_time":"2024-10-07T16:00:21+00:00","og_image":[{"width":350,"height":233,"url":"https:\/\/www.cambe.pr.gov.br\/wp-content\/uploads\/2020\/12\/Respirador2021.jpg","type":"image\/jpeg"}],"author":"ticambe75732","twitter_card":"summary_large_image","twitter_misc":{"Escrito por":"ticambe75732","Est. tempo de leitura":"2 minutos"},"schema":{"@context":"https:\/\/schema.org","@graph":[{"@type":"Article","@id":"https:\/\/www.cambe.pr.gov.br\/index.php\/inscricoes-para-o-concurso-publico-da-prefeitura-de-cambe-terminam-dia-28\/#article","isPartOf":{"@id":"https:\/\/www.cambe.pr.gov.br\/index.php\/inscricoes-para-o-concurso-publico-da-prefeitura-de-cambe-terminam-dia-28\/"},"author":{"name":"ticambe75732","@id":"https:\/\/www.cambe.pr.gov.br\/#\/schema\/person\/163bab0d3b46eb61934629275d4c1321"},"headline":"Prefeitura compra respiradores e busca contrata\u00e7\u00e3o de m\u00e9dicos e reserva de oxig\u00eanio","datePublished":"2021-01-05T18:26:05+00:00","dateModified":"2024-10-07T16:00:21+00:00","mainEntityOfPage":{"@id":"https:\/\/www.cambe.pr.gov.br\/index.php\/inscricoes-para-o-concurso-publico-da-prefeitura-de-cambe-terminam-dia-28\/"},"wordCount":321,"publisher":{"@id":"https:\/\/www.cambe.pr.gov.br\/#organization"},"image":{"@id":"https:\/\/www.cambe.pr.gov.br\/index.php\/inscricoes-para-o-concurso-publico-da-prefeitura-de-cambe-terminam-dia-28\/#primaryimage"},"thumbnailUrl":"https:\/\/www.cambe.pr.gov.br\/wp-content\/uploads\/2020\/12\/Respirador2021.jpg","articleSection":["Principal"],"inLanguage":"pt-BR"},{"@type":"WebPage","@id":"https:\/\/www.cambe.pr.gov.br\/index.php\/inscricoes-para-o-concurso-publico-da-prefeitura-de-cambe-terminam-dia-28\/","url":"https:\/\/www.cambe.pr.gov.br\/index.php\/inscricoes-para-o-concurso-publico-da-prefeitura-de-cambe-terminam-dia-28\/","name":"Prefeitura compra respiradores e busca contrata\u00e7\u00e3o de m\u00e9dicos e reserva de oxig\u00eanio - Prefeitura de Camb\u00e9","isPartOf":{"@id":"https:\/\/www.cambe.pr.gov.br\/#website"},"primaryImageOfPage":{"@id":"https:\/\/www.cambe.pr.gov.br\/index.php\/inscricoes-para-o-concurso-publico-da-prefeitura-de-cambe-terminam-dia-28\/#primaryimage"},"image":{"@id":"https:\/\/www.cambe.pr.gov.br\/index.php\/inscricoes-para-o-concurso-publico-da-prefeitura-de-cambe-terminam-dia-28\/#primaryimage"},"thumbnailUrl":"https:\/\/www.cambe.pr.gov.br\/wp-content\/uploads\/2020\/12\/Respirador2021.jpg","datePublished":"2021-01-05T18:26:05+00:00","dateModified":"2024-10-07T16:00:21+00:00","breadcrumb":{"@id":"https:\/\/www.cambe.pr.gov.br\/index.php\/inscricoes-para-o-concurso-publico-da-prefeitura-de-cambe-terminam-dia-28\/#breadcrumb"},"inLanguage":"pt-BR","potentialAction":[{"@type":"ReadAction","target":["https:\/\/www.cambe.pr.gov.br\/index.php\/inscricoes-para-o-concurso-publico-da-prefeitura-de-cambe-terminam-dia-28\/"]}]},{"@type":"ImageObject","inLanguage":"pt-BR","@id":"https:\/\/www.cambe.pr.gov.br\/index.php\/inscricoes-para-o-concurso-publico-da-prefeitura-de-cambe-terminam-dia-28\/#primaryimage","url":"https:\/\/www.cambe.pr.gov.br\/wp-content\/uploads\/2020\/12\/Respirador2021.jpg","contentUrl":"https:\/\/www.cambe.pr.gov.br\/wp-content\/uploads\/2020\/12\/Respirador2021.jpg","width":350,"height":233},{"@type":"BreadcrumbList","@id":"https:\/\/www.cambe.pr.gov.br\/index.php\/inscricoes-para-o-concurso-publico-da-prefeitura-de-cambe-terminam-dia-28\/#breadcrumb","itemListElement":[{"@type":"ListItem","position":1,"name":"In\u00edcio","item":"https:\/\/www.cambe.pr.gov.br\/"},{"@type":"ListItem","position":2,"name":"Prefeitura compra respiradores e busca contrata\u00e7\u00e3o de m\u00e9dicos e reserva de oxig\u00eanio"}]},{"@type":"WebSite","@id":"https:\/\/www.cambe.pr.gov.br\/#website","url":"https:\/\/www.cambe.pr.gov.br\/","name":"Prefeitura de Camb\u00e9","description":"UM GOVERNO PARA TODOS","publisher":{"@id":"https:\/\/www.cambe.pr.gov.br\/#organization"},"potentialAction":[{"@type":"SearchAction","target":{"@type":"EntryPoint","urlTemplate":"https:\/\/www.cambe.pr.gov.br\/?s={search_term_string}"},"query-input":{"@type":"PropertyValueSpecification","valueRequired":true,"valueName":"search_term_string"}}],"inLanguage":"pt-BR"},{"@type":"Organization","@id":"https:\/\/www.cambe.pr.gov.br\/#organization","name":"Prefeitura de Camb\u00e9","url":"https:\/\/www.cambe.pr.gov.br\/","logo":{"@type":"ImageObject","inLanguage":"pt-BR","@id":"https:\/\/www.cambe.pr.gov.br\/#\/schema\/logo\/image\/","url":"https:\/\/www.cambe.pr.gov.br\/wp-content\/uploads\/2021\/01\/cropped-cropped-cambe_brazao-icone.png","contentUrl":"https:\/\/www.cambe.pr.gov.br\/wp-content\/uploads\/2021\/01\/cropped-cropped-cambe_brazao-icone.png","width":240,"height":240,"caption":"Prefeitura de Camb\u00e9"},"image":{"@id":"https:\/\/www.cambe.pr.gov.br\/#\/schema\/logo\/image\/"},"sameAs":["https:\/\/m.facebook.com\/prefeituradecambe"]},{"@type":"Person","@id":"https:\/\/www.cambe.pr.gov.br\/#\/schema\/person\/163bab0d3b46eb61934629275d4c1321","name":"ticambe75732","image":{"@type":"ImageObject","inLanguage":"pt-BR","@id":"https:\/\/secure.gravatar.com\/avatar\/bf7b8cb9f36bf9e3ee532b1e57cd7056b16a580f9e5742ed9d6bc1db542370f4?s=96&d=mm&r=g","url":"https:\/\/secure.gravatar.com\/avatar\/bf7b8cb9f36bf9e3ee532b1e57cd7056b16a580f9e5742ed9d6bc1db542370f4?s=96&d=mm&r=g","contentUrl":"https:\/\/secure.gravatar.com\/avatar\/bf7b8cb9f36bf9e3ee532b1e57cd7056b16a580f9e5742ed9d6bc1db542370f4?s=96&d=mm&r=g","caption":"ticambe75732"},"sameAs":["http:\/\/www.cambe.pr.gov.br"],"url":"https:\/\/www.cambe.pr.gov.br\/index.php\/author\/ticambe75732\/"}]}},"_links":{"self":[{"href":"https:\/\/www.cambe.pr.gov.br\/index.php\/wp-json\/wp\/v2\/posts\/34","targetHints":{"allow":["GET"]}}],"collection":[{"href":"https:\/\/www.cambe.pr.gov.br\/index.php\/wp-json\/wp\/v2\/posts"}],"about":[{"href":"https:\/\/www.cambe.pr.gov.br\/index.php\/wp-json\/wp\/v2\/types\/post"}],"author":[{"embeddable":true,"href":"https:\/\/www.cambe.pr.gov.br\/index.php\/wp-json\/wp\/v2\/users\/1"}],"replies":[{"embeddable":true,"href":"https:\/\/www.cambe.pr.gov.br\/index.php\/wp-json\/wp\/v2\/comments?post=34"}],"version-history":[{"count":2,"href":"https:\/\/www.cambe.pr.gov.br\/index.php\/wp-json\/wp\/v2\/posts\/34\/revisions"}],"predecessor-version":[{"id":1668,"href":"https:\/\/www.cambe.pr.gov.br\/index.php\/wp-json\/wp\/v2\/posts\/34\/revisions\/1668"}],"wp:featuredmedia":[{"embeddable":true,"href":"https:\/\/www.cambe.pr.gov.br\/index.php\/wp-json\/wp\/v2\/media\/1665"}],"wp:attachment":[{"href":"https:\/\/www.cambe.pr.gov.br\/index.php\/wp-json\/wp\/v2\/media?parent=34"}],"wp:term":[{"taxonomy":"category","embeddable":true,"href":"https:\/\/www.cambe.pr.gov.br\/index.php\/wp-json\/wp\/v2\/categories?post=34"},{"taxonomy":"post_tag","embeddable":true,"href":"https:\/\/www.cambe.pr.gov.br\/index.php\/wp-json\/wp\/v2\/tags?post=34"}],"curies":[{"name":"wp","href":"https:\/\/api.w.org\/{rel}","templated":true}]}}