{"id":3392,"date":"2021-09-08T15:44:56","date_gmt":"2021-09-08T18:44:56","guid":{"rendered":"http:\/\/www.cambe.pr.gov.br\/?p=3392"},"modified":"2024-10-07T13:00:24","modified_gmt":"2024-10-07T16:00:24","slug":"membros-da-comspad-participam-de-curso-sobre-processos-administrativos-disciplinares","status":"publish","type":"post","link":"https:\/\/www.cambe.pr.gov.br\/index.php\/membros-da-comspad-participam-de-curso-sobre-processos-administrativos-disciplinares\/","title":{"rendered":"Membros da Comspad participam de curso sobre Processos Administrativos Disciplinares"},"content":{"rendered":"<p style=\"text-align: justify;\"><span style=\"font-family: arial, helvetica, sans-serif;\"><img fetchpriority=\"high\" decoding=\"async\" class=\"wp-image-3394 size-medium alignleft\" src=\"https:\/\/www.cambe.pr.gov.br\/wp-content\/uploads\/2021\/09\/corregedor-300x200.png\" alt=\"\" width=\"300\" height=\"200\" srcset=\"https:\/\/www.cambe.pr.gov.br\/wp-content\/uploads\/2021\/09\/corregedor-300x200.png 300w, https:\/\/www.cambe.pr.gov.br\/wp-content\/uploads\/2021\/09\/corregedor.png 600w\" sizes=\"(max-width: 300px) 100vw, 300px\" \/>Os membros titulares da Comiss\u00e3o de Sindic\u00e2ncia e Processos Administrativos (Comspad) da Prefeitura de Camb\u00e9 participaram de uma capacita\u00e7\u00e3o sobre o tema. Segundo Ailton G\u00f3es Junior, um dos membros da Comspad, o curso \u2018Sindic\u00e2ncia e Processos Administrativos \u00e0 Luz da Jurisprud\u00eancia dos Tribunais\u2019 visa auxiliar nas decis\u00f5es judiciais que servem de embasamento na condu\u00e7\u00e3o dos Processos Administrativos Disciplinares do munic\u00edpio. A comiss\u00e3o foi regularizada pela Lei 048\/2020 e conta com mais dois membros titulares: F\u00e1bio Henrique Nakamoto e Paulo S\u00e9rgio Chudis. O curso tamb\u00e9m contou com a presen\u00e7a de Evandro Brandelik, chefe do Departamento de Recursos Humanos da Prefeitura de Camb\u00e9.<\/span><\/p>\n<p style=\"text-align: justify;\"><span style=\"font-family: arial, helvetica, sans-serif;\">Junior pontua que os Processos Administrativos Disciplinares servem para apurar ocorr\u00eancias de infra\u00e7\u00f5es disciplinares dos servidores p\u00fablicos municipais. \u201cO curso veio para nos auxiliar em como resolver da melhor forma poss\u00edvel essas quest\u00f5es\u201d, explica. Ainda de acordo com ele, o curso foi realizado presencialmente em Curitiba no dia 19 de agosto, seguindo todas as medidas de seguran\u00e7a para evitar a propaga\u00e7\u00e3o da Covid-19. Ailton G\u00f3es Junior destaca que a capacita\u00e7\u00e3o foi ministrada pela Institui\u00e7\u00e3o Paulista de Gest\u00e3o P\u00fablica e contou com participantes de outras cidades do Paran\u00e1 e de S\u00e3o Paulo.<\/span><\/p>\n","protected":false},"excerpt":{"rendered":"<p>Os membros titulares da Comiss\u00e3o de Sindic\u00e2ncia e Processos Administrativos (Comspad) da Prefeitura de Camb\u00e9 participaram de uma capacita\u00e7\u00e3o sobre o tema. Segundo Ailton G\u00f3es Junior, um dos membros da Comspad, o curso \u2018Sindic\u00e2ncia e Processos Administrativos \u00e0 Luz da Jurisprud\u00eancia dos Tribunais\u2019 visa auxiliar nas decis\u00f5es judiciais que servem de embasamento na condu\u00e7\u00e3o dos [&hellip;]<\/p>\n","protected":false},"author":2,"featured_media":0,"comment_status":"closed","ping_status":"open","sticky":false,"template":"","format":"standard","meta":{"ngg_post_thumbnail":0,"footnotes":""},"categories":[1],"tags":[],"class_list":["post-3392","post","type-post","status-publish","format-standard","hentry","category-principal"],"yoast_head":"<!-- This site is optimized with the Yoast SEO plugin v27.4 - https:\/\/yoast.com\/product\/yoast-seo-wordpress\/ -->\n<title>Membros da Comspad participam de curso sobre Processos Administrativos Disciplinares - Prefeitura de Camb\u00e9<\/title>\n<meta name=\"robots\" content=\"index, follow, max-snippet:-1, max-image-preview:large, max-video-preview:-1\" \/>\n<link rel=\"canonical\" href=\"https:\/\/www.cambe.pr.gov.br\/index.php\/membros-da-comspad-participam-de-curso-sobre-processos-administrativos-disciplinares\/\" \/>\n<meta property=\"og:locale\" content=\"pt_BR\" \/>\n<meta property=\"og:type\" content=\"article\" \/>\n<meta property=\"og:title\" content=\"Membros da Comspad participam de curso sobre Processos Administrativos Disciplinares - Prefeitura de Camb\u00e9\" \/>\n<meta property=\"og:description\" content=\"Os membros titulares da Comiss\u00e3o de Sindic\u00e2ncia e Processos Administrativos (Comspad) da Prefeitura de Camb\u00e9 participaram de uma capacita\u00e7\u00e3o sobre o tema. Segundo Ailton G\u00f3es Junior, um dos membros da Comspad, o curso \u2018Sindic\u00e2ncia e Processos Administrativos \u00e0 Luz da Jurisprud\u00eancia dos Tribunais\u2019 visa auxiliar nas decis\u00f5es judiciais que servem de embasamento na condu\u00e7\u00e3o dos [&hellip;]\" \/>\n<meta property=\"og:url\" content=\"https:\/\/www.cambe.pr.gov.br\/index.php\/membros-da-comspad-participam-de-curso-sobre-processos-administrativos-disciplinares\/\" \/>\n<meta property=\"og:site_name\" content=\"Prefeitura de Camb\u00e9\" \/>\n<meta property=\"article:publisher\" content=\"https:\/\/m.facebook.com\/prefeituradecambe\" \/>\n<meta property=\"article:published_time\" content=\"2021-09-08T18:44:56+00:00\" \/>\n<meta property=\"article:modified_time\" content=\"2024-10-07T16:00:24+00:00\" \/>\n<meta property=\"og:image\" content=\"http:\/\/www.cambe.pr.gov.br\/wp-content\/uploads\/2021\/09\/corregedor-300x200.png\" \/>\n<meta name=\"author\" content=\"Thiago Mossini Balbino dos Santos\" \/>\n<meta name=\"twitter:card\" content=\"summary_large_image\" \/>\n<meta name=\"twitter:label1\" content=\"Escrito por\" \/>\n\t<meta name=\"twitter:data1\" content=\"Thiago Mossini Balbino dos Santos\" \/>\n\t<meta name=\"twitter:label2\" content=\"Est. tempo de leitura\" \/>\n\t<meta name=\"twitter:data2\" content=\"1 minuto\" \/>\n<script type=\"application\/ld+json\" class=\"yoast-schema-graph\">{\"@context\":\"https:\\\/\\\/schema.org\",\"@graph\":[{\"@type\":\"Article\",\"@id\":\"https:\\\/\\\/www.cambe.pr.gov.br\\\/index.php\\\/membros-da-comspad-participam-de-curso-sobre-processos-administrativos-disciplinares\\\/#article\",\"isPartOf\":{\"@id\":\"https:\\\/\\\/www.cambe.pr.gov.br\\\/index.php\\\/membros-da-comspad-participam-de-curso-sobre-processos-administrativos-disciplinares\\\/\"},\"author\":{\"name\":\"Thiago Mossini Balbino dos Santos\",\"@id\":\"https:\\\/\\\/www.cambe.pr.gov.br\\\/#\\\/schema\\\/person\\\/e08f7c43a641b2ec036e4e867ec483e4\"},\"headline\":\"Membros da Comspad participam de curso sobre Processos Administrativos Disciplinares\",\"datePublished\":\"2021-09-08T18:44:56+00:00\",\"dateModified\":\"2024-10-07T16:00:24+00:00\",\"mainEntityOfPage\":{\"@id\":\"https:\\\/\\\/www.cambe.pr.gov.br\\\/index.php\\\/membros-da-comspad-participam-de-curso-sobre-processos-administrativos-disciplinares\\\/\"},\"wordCount\":226,\"publisher\":{\"@id\":\"https:\\\/\\\/www.cambe.pr.gov.br\\\/#organization\"},\"image\":{\"@id\":\"https:\\\/\\\/www.cambe.pr.gov.br\\\/index.php\\\/membros-da-comspad-participam-de-curso-sobre-processos-administrativos-disciplinares\\\/#primaryimage\"},\"thumbnailUrl\":\"http:\\\/\\\/www.cambe.pr.gov.br\\\/wp-content\\\/uploads\\\/2021\\\/09\\\/corregedor-300x200.png\",\"articleSection\":[\"Principal\"],\"inLanguage\":\"pt-BR\"},{\"@type\":\"WebPage\",\"@id\":\"https:\\\/\\\/www.cambe.pr.gov.br\\\/index.php\\\/membros-da-comspad-participam-de-curso-sobre-processos-administrativos-disciplinares\\\/\",\"url\":\"https:\\\/\\\/www.cambe.pr.gov.br\\\/index.php\\\/membros-da-comspad-participam-de-curso-sobre-processos-administrativos-disciplinares\\\/\",\"name\":\"Membros da Comspad participam de curso sobre Processos Administrativos Disciplinares - Prefeitura de Camb\u00e9\",\"isPartOf\":{\"@id\":\"https:\\\/\\\/www.cambe.pr.gov.br\\\/#website\"},\"primaryImageOfPage\":{\"@id\":\"https:\\\/\\\/www.cambe.pr.gov.br\\\/index.php\\\/membros-da-comspad-participam-de-curso-sobre-processos-administrativos-disciplinares\\\/#primaryimage\"},\"image\":{\"@id\":\"https:\\\/\\\/www.cambe.pr.gov.br\\\/index.php\\\/membros-da-comspad-participam-de-curso-sobre-processos-administrativos-disciplinares\\\/#primaryimage\"},\"thumbnailUrl\":\"http:\\\/\\\/www.cambe.pr.gov.br\\\/wp-content\\\/uploads\\\/2021\\\/09\\\/corregedor-300x200.png\",\"datePublished\":\"2021-09-08T18:44:56+00:00\",\"dateModified\":\"2024-10-07T16:00:24+00:00\",\"breadcrumb\":{\"@id\":\"https:\\\/\\\/www.cambe.pr.gov.br\\\/index.php\\\/membros-da-comspad-participam-de-curso-sobre-processos-administrativos-disciplinares\\\/#breadcrumb\"},\"inLanguage\":\"pt-BR\",\"potentialAction\":[{\"@type\":\"ReadAction\",\"target\":[\"https:\\\/\\\/www.cambe.pr.gov.br\\\/index.php\\\/membros-da-comspad-participam-de-curso-sobre-processos-administrativos-disciplinares\\\/\"]}]},{\"@type\":\"ImageObject\",\"inLanguage\":\"pt-BR\",\"@id\":\"https:\\\/\\\/www.cambe.pr.gov.br\\\/index.php\\\/membros-da-comspad-participam-de-curso-sobre-processos-administrativos-disciplinares\\\/#primaryimage\",\"url\":\"http:\\\/\\\/www.cambe.pr.gov.br\\\/wp-content\\\/uploads\\\/2021\\\/09\\\/corregedor-300x200.png\",\"contentUrl\":\"http:\\\/\\\/www.cambe.pr.gov.br\\\/wp-content\\\/uploads\\\/2021\\\/09\\\/corregedor-300x200.png\"},{\"@type\":\"BreadcrumbList\",\"@id\":\"https:\\\/\\\/www.cambe.pr.gov.br\\\/index.php\\\/membros-da-comspad-participam-de-curso-sobre-processos-administrativos-disciplinares\\\/#breadcrumb\",\"itemListElement\":[{\"@type\":\"ListItem\",\"position\":1,\"name\":\"In\u00edcio\",\"item\":\"https:\\\/\\\/www.cambe.pr.gov.br\\\/\"},{\"@type\":\"ListItem\",\"position\":2,\"name\":\"Membros da Comspad participam de curso sobre Processos Administrativos Disciplinares\"}]},{\"@type\":\"WebSite\",\"@id\":\"https:\\\/\\\/www.cambe.pr.gov.br\\\/#website\",\"url\":\"https:\\\/\\\/www.cambe.pr.gov.br\\\/\",\"name\":\"Prefeitura de Camb\u00e9\",\"description\":\"UM GOVERNO PARA TODOS\",\"publisher\":{\"@id\":\"https:\\\/\\\/www.cambe.pr.gov.br\\\/#organization\"},\"potentialAction\":[{\"@type\":\"SearchAction\",\"target\":{\"@type\":\"EntryPoint\",\"urlTemplate\":\"https:\\\/\\\/www.cambe.pr.gov.br\\\/?s={search_term_string}\"},\"query-input\":{\"@type\":\"PropertyValueSpecification\",\"valueRequired\":true,\"valueName\":\"search_term_string\"}}],\"inLanguage\":\"pt-BR\"},{\"@type\":\"Organization\",\"@id\":\"https:\\\/\\\/www.cambe.pr.gov.br\\\/#organization\",\"name\":\"Prefeitura de Camb\u00e9\",\"url\":\"https:\\\/\\\/www.cambe.pr.gov.br\\\/\",\"logo\":{\"@type\":\"ImageObject\",\"inLanguage\":\"pt-BR\",\"@id\":\"https:\\\/\\\/www.cambe.pr.gov.br\\\/#\\\/schema\\\/logo\\\/image\\\/\",\"url\":\"https:\\\/\\\/www.cambe.pr.gov.br\\\/wp-content\\\/uploads\\\/2021\\\/01\\\/cropped-cropped-cambe_brazao-icone.png\",\"contentUrl\":\"https:\\\/\\\/www.cambe.pr.gov.br\\\/wp-content\\\/uploads\\\/2021\\\/01\\\/cropped-cropped-cambe_brazao-icone.png\",\"width\":240,\"height\":240,\"caption\":\"Prefeitura de Camb\u00e9\"},\"image\":{\"@id\":\"https:\\\/\\\/www.cambe.pr.gov.br\\\/#\\\/schema\\\/logo\\\/image\\\/\"},\"sameAs\":[\"https:\\\/\\\/m.facebook.com\\\/prefeituradecambe\"]},{\"@type\":\"Person\",\"@id\":\"https:\\\/\\\/www.cambe.pr.gov.br\\\/#\\\/schema\\\/person\\\/e08f7c43a641b2ec036e4e867ec483e4\",\"name\":\"Thiago Mossini Balbino dos Santos\",\"image\":{\"@type\":\"ImageObject\",\"inLanguage\":\"pt-BR\",\"@id\":\"https:\\\/\\\/secure.gravatar.com\\\/avatar\\\/d957ed4e1bc3ebf5769d1003f9709cd2012ebf424eb4a5d76a933fee30e874b6?s=96&d=mm&r=g\",\"url\":\"https:\\\/\\\/secure.gravatar.com\\\/avatar\\\/d957ed4e1bc3ebf5769d1003f9709cd2012ebf424eb4a5d76a933fee30e874b6?s=96&d=mm&r=g\",\"contentUrl\":\"https:\\\/\\\/secure.gravatar.com\\\/avatar\\\/d957ed4e1bc3ebf5769d1003f9709cd2012ebf424eb4a5d76a933fee30e874b6?s=96&d=mm&r=g\",\"caption\":\"Thiago Mossini Balbino dos Santos\"},\"url\":\"https:\\\/\\\/www.cambe.pr.gov.br\\\/index.php\\\/author\\\/tmbsantos\\\/\"}]}<\/script>\n<!-- \/ Yoast SEO plugin. -->","yoast_head_json":{"title":"Membros da Comspad participam de curso sobre Processos Administrativos Disciplinares - Prefeitura de Camb\u00e9","robots":{"index":"index","follow":"follow","max-snippet":"max-snippet:-1","max-image-preview":"max-image-preview:large","max-video-preview":"max-video-preview:-1"},"canonical":"https:\/\/www.cambe.pr.gov.br\/index.php\/membros-da-comspad-participam-de-curso-sobre-processos-administrativos-disciplinares\/","og_locale":"pt_BR","og_type":"article","og_title":"Membros da Comspad participam de curso sobre Processos Administrativos Disciplinares - Prefeitura de Camb\u00e9","og_description":"Os membros titulares da Comiss\u00e3o de Sindic\u00e2ncia e Processos Administrativos (Comspad) da Prefeitura de Camb\u00e9 participaram de uma capacita\u00e7\u00e3o sobre o tema. Segundo Ailton G\u00f3es Junior, um dos membros da Comspad, o curso \u2018Sindic\u00e2ncia e Processos Administrativos \u00e0 Luz da Jurisprud\u00eancia dos Tribunais\u2019 visa auxiliar nas decis\u00f5es judiciais que servem de embasamento na condu\u00e7\u00e3o dos [&hellip;]","og_url":"https:\/\/www.cambe.pr.gov.br\/index.php\/membros-da-comspad-participam-de-curso-sobre-processos-administrativos-disciplinares\/","og_site_name":"Prefeitura de Camb\u00e9","article_publisher":"https:\/\/m.facebook.com\/prefeituradecambe","article_published_time":"2021-09-08T18:44:56+00:00","article_modified_time":"2024-10-07T16:00:24+00:00","og_image":[{"url":"http:\/\/www.cambe.pr.gov.br\/wp-content\/uploads\/2021\/09\/corregedor-300x200.png","type":"","width":"","height":""}],"author":"Thiago Mossini Balbino dos Santos","twitter_card":"summary_large_image","twitter_misc":{"Escrito por":"Thiago Mossini Balbino dos Santos","Est. tempo de leitura":"1 minuto"},"schema":{"@context":"https:\/\/schema.org","@graph":[{"@type":"Article","@id":"https:\/\/www.cambe.pr.gov.br\/index.php\/membros-da-comspad-participam-de-curso-sobre-processos-administrativos-disciplinares\/#article","isPartOf":{"@id":"https:\/\/www.cambe.pr.gov.br\/index.php\/membros-da-comspad-participam-de-curso-sobre-processos-administrativos-disciplinares\/"},"author":{"name":"Thiago Mossini Balbino dos Santos","@id":"https:\/\/www.cambe.pr.gov.br\/#\/schema\/person\/e08f7c43a641b2ec036e4e867ec483e4"},"headline":"Membros da Comspad participam de curso sobre Processos Administrativos Disciplinares","datePublished":"2021-09-08T18:44:56+00:00","dateModified":"2024-10-07T16:00:24+00:00","mainEntityOfPage":{"@id":"https:\/\/www.cambe.pr.gov.br\/index.php\/membros-da-comspad-participam-de-curso-sobre-processos-administrativos-disciplinares\/"},"wordCount":226,"publisher":{"@id":"https:\/\/www.cambe.pr.gov.br\/#organization"},"image":{"@id":"https:\/\/www.cambe.pr.gov.br\/index.php\/membros-da-comspad-participam-de-curso-sobre-processos-administrativos-disciplinares\/#primaryimage"},"thumbnailUrl":"http:\/\/www.cambe.pr.gov.br\/wp-content\/uploads\/2021\/09\/corregedor-300x200.png","articleSection":["Principal"],"inLanguage":"pt-BR"},{"@type":"WebPage","@id":"https:\/\/www.cambe.pr.gov.br\/index.php\/membros-da-comspad-participam-de-curso-sobre-processos-administrativos-disciplinares\/","url":"https:\/\/www.cambe.pr.gov.br\/index.php\/membros-da-comspad-participam-de-curso-sobre-processos-administrativos-disciplinares\/","name":"Membros da Comspad participam de curso sobre Processos Administrativos Disciplinares - Prefeitura de Camb\u00e9","isPartOf":{"@id":"https:\/\/www.cambe.pr.gov.br\/#website"},"primaryImageOfPage":{"@id":"https:\/\/www.cambe.pr.gov.br\/index.php\/membros-da-comspad-participam-de-curso-sobre-processos-administrativos-disciplinares\/#primaryimage"},"image":{"@id":"https:\/\/www.cambe.pr.gov.br\/index.php\/membros-da-comspad-participam-de-curso-sobre-processos-administrativos-disciplinares\/#primaryimage"},"thumbnailUrl":"http:\/\/www.cambe.pr.gov.br\/wp-content\/uploads\/2021\/09\/corregedor-300x200.png","datePublished":"2021-09-08T18:44:56+00:00","dateModified":"2024-10-07T16:00:24+00:00","breadcrumb":{"@id":"https:\/\/www.cambe.pr.gov.br\/index.php\/membros-da-comspad-participam-de-curso-sobre-processos-administrativos-disciplinares\/#breadcrumb"},"inLanguage":"pt-BR","potentialAction":[{"@type":"ReadAction","target":["https:\/\/www.cambe.pr.gov.br\/index.php\/membros-da-comspad-participam-de-curso-sobre-processos-administrativos-disciplinares\/"]}]},{"@type":"ImageObject","inLanguage":"pt-BR","@id":"https:\/\/www.cambe.pr.gov.br\/index.php\/membros-da-comspad-participam-de-curso-sobre-processos-administrativos-disciplinares\/#primaryimage","url":"http:\/\/www.cambe.pr.gov.br\/wp-content\/uploads\/2021\/09\/corregedor-300x200.png","contentUrl":"http:\/\/www.cambe.pr.gov.br\/wp-content\/uploads\/2021\/09\/corregedor-300x200.png"},{"@type":"BreadcrumbList","@id":"https:\/\/www.cambe.pr.gov.br\/index.php\/membros-da-comspad-participam-de-curso-sobre-processos-administrativos-disciplinares\/#breadcrumb","itemListElement":[{"@type":"ListItem","position":1,"name":"In\u00edcio","item":"https:\/\/www.cambe.pr.gov.br\/"},{"@type":"ListItem","position":2,"name":"Membros da Comspad participam de curso sobre Processos Administrativos Disciplinares"}]},{"@type":"WebSite","@id":"https:\/\/www.cambe.pr.gov.br\/#website","url":"https:\/\/www.cambe.pr.gov.br\/","name":"Prefeitura de Camb\u00e9","description":"UM GOVERNO PARA TODOS","publisher":{"@id":"https:\/\/www.cambe.pr.gov.br\/#organization"},"potentialAction":[{"@type":"SearchAction","target":{"@type":"EntryPoint","urlTemplate":"https:\/\/www.cambe.pr.gov.br\/?s={search_term_string}"},"query-input":{"@type":"PropertyValueSpecification","valueRequired":true,"valueName":"search_term_string"}}],"inLanguage":"pt-BR"},{"@type":"Organization","@id":"https:\/\/www.cambe.pr.gov.br\/#organization","name":"Prefeitura de Camb\u00e9","url":"https:\/\/www.cambe.pr.gov.br\/","logo":{"@type":"ImageObject","inLanguage":"pt-BR","@id":"https:\/\/www.cambe.pr.gov.br\/#\/schema\/logo\/image\/","url":"https:\/\/www.cambe.pr.gov.br\/wp-content\/uploads\/2021\/01\/cropped-cropped-cambe_brazao-icone.png","contentUrl":"https:\/\/www.cambe.pr.gov.br\/wp-content\/uploads\/2021\/01\/cropped-cropped-cambe_brazao-icone.png","width":240,"height":240,"caption":"Prefeitura de Camb\u00e9"},"image":{"@id":"https:\/\/www.cambe.pr.gov.br\/#\/schema\/logo\/image\/"},"sameAs":["https:\/\/m.facebook.com\/prefeituradecambe"]},{"@type":"Person","@id":"https:\/\/www.cambe.pr.gov.br\/#\/schema\/person\/e08f7c43a641b2ec036e4e867ec483e4","name":"Thiago Mossini Balbino dos Santos","image":{"@type":"ImageObject","inLanguage":"pt-BR","@id":"https:\/\/secure.gravatar.com\/avatar\/d957ed4e1bc3ebf5769d1003f9709cd2012ebf424eb4a5d76a933fee30e874b6?s=96&d=mm&r=g","url":"https:\/\/secure.gravatar.com\/avatar\/d957ed4e1bc3ebf5769d1003f9709cd2012ebf424eb4a5d76a933fee30e874b6?s=96&d=mm&r=g","contentUrl":"https:\/\/secure.gravatar.com\/avatar\/d957ed4e1bc3ebf5769d1003f9709cd2012ebf424eb4a5d76a933fee30e874b6?s=96&d=mm&r=g","caption":"Thiago Mossini Balbino dos Santos"},"url":"https:\/\/www.cambe.pr.gov.br\/index.php\/author\/tmbsantos\/"}]}},"_links":{"self":[{"href":"https:\/\/www.cambe.pr.gov.br\/index.php\/wp-json\/wp\/v2\/posts\/3392","targetHints":{"allow":["GET"]}}],"collection":[{"href":"https:\/\/www.cambe.pr.gov.br\/index.php\/wp-json\/wp\/v2\/posts"}],"about":[{"href":"https:\/\/www.cambe.pr.gov.br\/index.php\/wp-json\/wp\/v2\/types\/post"}],"author":[{"embeddable":true,"href":"https:\/\/www.cambe.pr.gov.br\/index.php\/wp-json\/wp\/v2\/users\/2"}],"replies":[{"embeddable":true,"href":"https:\/\/www.cambe.pr.gov.br\/index.php\/wp-json\/wp\/v2\/comments?post=3392"}],"version-history":[{"count":2,"href":"https:\/\/www.cambe.pr.gov.br\/index.php\/wp-json\/wp\/v2\/posts\/3392\/revisions"}],"predecessor-version":[{"id":3397,"href":"https:\/\/www.cambe.pr.gov.br\/index.php\/wp-json\/wp\/v2\/posts\/3392\/revisions\/3397"}],"wp:attachment":[{"href":"https:\/\/www.cambe.pr.gov.br\/index.php\/wp-json\/wp\/v2\/media?parent=3392"}],"wp:term":[{"taxonomy":"category","embeddable":true,"href":"https:\/\/www.cambe.pr.gov.br\/index.php\/wp-json\/wp\/v2\/categories?post=3392"},{"taxonomy":"post_tag","embeddable":true,"href":"https:\/\/www.cambe.pr.gov.br\/index.php\/wp-json\/wp\/v2\/tags?post=3392"}],"curies":[{"name":"wp","href":"https:\/\/api.w.org\/{rel}","templated":true}]}}