{"id":3389,"date":"2021-09-08T12:50:40","date_gmt":"2021-09-08T15:50:40","guid":{"rendered":"http:\/\/www.cambe.pr.gov.br\/?p=3389"},"modified":"2024-10-07T13:00:24","modified_gmt":"2024-10-07T16:00:24","slug":"cambe-tem-queda-no-numero-de-obitos-enquanto-enfrenta-aumento-no-numero-de-casos-de-covid-19","status":"publish","type":"post","link":"https:\/\/www.cambe.pr.gov.br\/index.php\/cambe-tem-queda-no-numero-de-obitos-enquanto-enfrenta-aumento-no-numero-de-casos-de-covid-19\/","title":{"rendered":"Camb\u00e9 tem queda no n\u00famero de \u00f3bitos enquanto enfrenta aumento no n\u00famero de casos de Covid-19"},"content":{"rendered":"<div id=\"attachment_3390\" style=\"width: 310px\" class=\"wp-caption alignleft\"><img fetchpriority=\"high\" decoding=\"async\" aria-describedby=\"caption-attachment-3390\" class=\"wp-image-3390 size-medium\" src=\"https:\/\/www.cambe.pr.gov.br\/wp-content\/uploads\/2021\/09\/IMG_7158-300x200.jpg\" alt=\"\" width=\"300\" height=\"200\" srcset=\"https:\/\/www.cambe.pr.gov.br\/wp-content\/uploads\/2021\/09\/IMG_7158-300x200.jpg 300w, https:\/\/www.cambe.pr.gov.br\/wp-content\/uploads\/2021\/09\/IMG_7158-1024x683.jpg 1024w, https:\/\/www.cambe.pr.gov.br\/wp-content\/uploads\/2021\/09\/IMG_7158-768x512.jpg 768w, https:\/\/www.cambe.pr.gov.br\/wp-content\/uploads\/2021\/09\/IMG_7158-1536x1024.jpg 1536w, https:\/\/www.cambe.pr.gov.br\/wp-content\/uploads\/2021\/09\/IMG_7158-2048x1365.jpg 2048w\" sizes=\"(max-width: 300px) 100vw, 300px\" \/><p id=\"caption-attachment-3390\" class=\"wp-caption-text\">A aplica\u00e7\u00e3o da vacina foi fundamental para a diminui\u00e7\u00e3o no n\u00famero de mortes por Covid-19 em Camb\u00e9<\/p><\/div>\n<p style=\"text-align: justify;\"><span style=\"font-family: arial, helvetica, sans-serif;\">O munic\u00edpio de Camb\u00e9 registrou em agosto o menor n\u00famero de \u00f3bitos em decorr\u00eancia da Covid-19 neste ano. No m\u00eas, foram contabilizados nove \u00f3bitos, tr\u00eas vezes menos que em julho, m\u00eas que confirmou 28 mortes. Enquanto a cidade apresentou queda brusca nos \u00f3bitos, o n\u00famero de novos casos subiu em 40% em rela\u00e7\u00e3o ao m\u00eas anterior. No total, julho confirmou 475 casos, enquanto em agosto foram 668.<\/span><\/p>\n<p style=\"text-align: justify;\"><span style=\"font-family: arial, helvetica, sans-serif;\">O total de \u00f3bitos registrado em agosto \u00e9 o menor n\u00famero desde outubro de 2020, quando a cidade confirmou sete mortes. Se comparado ao m\u00eas de julho, a m\u00e9dia di\u00e1ria de \u00f3bitos passou de 0,93 para 0,3 em agosto. Simone Lopes, enfermeira respons\u00e1vel pelo Departamento de Epidemiologia da Secretaria de Sa\u00fade, explica que esses dados mostram que o aumento da cobertura vacinal faz com que o n\u00famero de \u00f3bitos diminua.<\/span><\/p>\n<p style=\"text-align: justify;\"><span style=\"font-family: arial, helvetica, sans-serif;\">\u201cHoje, em Camb\u00e9, 83% dos casos positivos s\u00e3o de pessoas que n\u00e3o se vacinaram ou que n\u00e3o t\u00eam o esquema vacinal completo\u201d, explica.<\/span><\/p>\n<p style=\"text-align: justify;\"><span style=\"font-family: arial, helvetica, sans-serif;\">Por outro lado, o m\u00eas de agosto come\u00e7ou com uma m\u00e9dia m\u00f3vel baixa de 18 casos por dia. No final do m\u00eas, a m\u00e9dia j\u00e1 estava em 51 casos ao dia. A m\u00e9dia de casos quase triplicou durante o m\u00eas de agosto, indicando que o v\u00edrus esta circulando mais entre a popula\u00e7\u00e3o. Segundo Lopes, esse \u00e9 um sinal de alerta para os pr\u00f3ximos dias. \u201cEsse aumento no n\u00famero de casos facilita para que, em breve, aumente tamb\u00e9m o n\u00famero de \u00f3bitos registrados na cidade, caso n\u00e3o haja estabiliza\u00e7\u00e3o. Essa \u00e9 uma tend\u00eancia estat\u00edstica\u201d, explica Lopes.<\/span><\/p>\n<p style=\"text-align: justify;\"><span style=\"font-family: arial, helvetica, sans-serif;\">Ainda no m\u00eas de agosto, a cidade teve 30 novas interna\u00e7\u00f5es por conta da doen\u00e7a, mas a m\u00e9dia de interna\u00e7\u00f5es pela Covid-19 come\u00e7ou a cair entre o s\u00e9timo e o oitavo m\u00eas. Em julho, o n\u00famero m\u00e9dio de casos ativos em interna\u00e7\u00e3o foi de 25, enquanto que em agosto esse n\u00famero caiu para 13. Essa queda acompanha a abrang\u00eancia vacinal, que era de 72,38% em julho e passou para 87,8% em agosto, apontando que uma maior cobertura da vacina\u00e7\u00e3o evita que a popula\u00e7\u00e3o desenvolva casos graves da doen\u00e7a.<\/span><\/p>\n<p style=\"text-align: justify;\"><span style=\"font-family: arial, helvetica, sans-serif;\">Simone Lopes ainda destaca que pela primeira vez a cidade enfrenta uma baixa procura de segunda dose, principalmente do p\u00fablico geral de 33 e 34 anos. Ainda de acordo com ela, somente com as duas doses da vacina, a popula\u00e7\u00e3o est\u00e1 menos apta a contrair uma forma grave da doen\u00e7a. \u201cOs cambeenses t\u00eam que se conscientizar que as medidas sanit\u00e1rias s\u00e3o de suma import\u00e2ncia para evitar novos casos. Al\u00e9m disso, \u00e9 essencial buscar a vacina\u00e7\u00e3o quando chegar a sua vez, tanto na primeira quanto na segunda dose\u201d, finaliza a enfermeira.<\/span><\/p>\n","protected":false},"excerpt":{"rendered":"<p>O munic\u00edpio de Camb\u00e9 registrou em agosto o menor n\u00famero de \u00f3bitos em decorr\u00eancia da Covid-19 neste ano. No m\u00eas, foram contabilizados nove \u00f3bitos, tr\u00eas vezes menos que em julho, m\u00eas que confirmou 28 mortes. Enquanto a cidade apresentou queda brusca nos \u00f3bitos, o n\u00famero de novos casos subiu em 40% em rela\u00e7\u00e3o ao m\u00eas [&hellip;]<\/p>\n","protected":false},"author":2,"featured_media":0,"comment_status":"closed","ping_status":"open","sticky":false,"template":"","format":"standard","meta":{"ngg_post_thumbnail":0,"footnotes":""},"categories":[1],"tags":[],"class_list":["post-3389","post","type-post","status-publish","format-standard","hentry","category-principal"],"yoast_head":"<!-- This site is optimized with the Yoast SEO plugin v27.4 - https:\/\/yoast.com\/product\/yoast-seo-wordpress\/ -->\n<title>Camb\u00e9 tem queda no n\u00famero de \u00f3bitos enquanto enfrenta aumento no n\u00famero de casos de Covid-19 - Prefeitura de Camb\u00e9<\/title>\n<meta name=\"robots\" content=\"index, follow, max-snippet:-1, max-image-preview:large, max-video-preview:-1\" \/>\n<link rel=\"canonical\" href=\"https:\/\/www.cambe.pr.gov.br\/index.php\/cambe-tem-queda-no-numero-de-obitos-enquanto-enfrenta-aumento-no-numero-de-casos-de-covid-19\/\" \/>\n<meta property=\"og:locale\" content=\"pt_BR\" \/>\n<meta property=\"og:type\" content=\"article\" \/>\n<meta property=\"og:title\" content=\"Camb\u00e9 tem queda no n\u00famero de \u00f3bitos enquanto enfrenta aumento no n\u00famero de casos de Covid-19 - Prefeitura de Camb\u00e9\" \/>\n<meta property=\"og:description\" content=\"O munic\u00edpio de Camb\u00e9 registrou em agosto o menor n\u00famero de \u00f3bitos em decorr\u00eancia da Covid-19 neste ano. No m\u00eas, foram contabilizados nove \u00f3bitos, tr\u00eas vezes menos que em julho, m\u00eas que confirmou 28 mortes. Enquanto a cidade apresentou queda brusca nos \u00f3bitos, o n\u00famero de novos casos subiu em 40% em rela\u00e7\u00e3o ao m\u00eas [&hellip;]\" \/>\n<meta property=\"og:url\" content=\"https:\/\/www.cambe.pr.gov.br\/index.php\/cambe-tem-queda-no-numero-de-obitos-enquanto-enfrenta-aumento-no-numero-de-casos-de-covid-19\/\" \/>\n<meta property=\"og:site_name\" content=\"Prefeitura de Camb\u00e9\" \/>\n<meta property=\"article:publisher\" content=\"https:\/\/m.facebook.com\/prefeituradecambe\" \/>\n<meta property=\"article:published_time\" content=\"2021-09-08T15:50:40+00:00\" \/>\n<meta property=\"article:modified_time\" content=\"2024-10-07T16:00:24+00:00\" \/>\n<meta property=\"og:image\" content=\"http:\/\/www.cambe.pr.gov.br\/wp-content\/uploads\/2021\/09\/IMG_7158-300x200.jpg\" \/>\n<meta name=\"author\" content=\"Thiago Mossini Balbino dos Santos\" \/>\n<meta name=\"twitter:card\" content=\"summary_large_image\" \/>\n<meta name=\"twitter:label1\" content=\"Escrito por\" \/>\n\t<meta name=\"twitter:data1\" content=\"Thiago Mossini Balbino dos Santos\" \/>\n\t<meta name=\"twitter:label2\" content=\"Est. tempo de leitura\" \/>\n\t<meta name=\"twitter:data2\" content=\"3 minutos\" \/>\n<script type=\"application\/ld+json\" class=\"yoast-schema-graph\">{\"@context\":\"https:\\\/\\\/schema.org\",\"@graph\":[{\"@type\":\"Article\",\"@id\":\"https:\\\/\\\/www.cambe.pr.gov.br\\\/index.php\\\/cambe-tem-queda-no-numero-de-obitos-enquanto-enfrenta-aumento-no-numero-de-casos-de-covid-19\\\/#article\",\"isPartOf\":{\"@id\":\"https:\\\/\\\/www.cambe.pr.gov.br\\\/index.php\\\/cambe-tem-queda-no-numero-de-obitos-enquanto-enfrenta-aumento-no-numero-de-casos-de-covid-19\\\/\"},\"author\":{\"name\":\"Thiago Mossini Balbino dos Santos\",\"@id\":\"https:\\\/\\\/www.cambe.pr.gov.br\\\/#\\\/schema\\\/person\\\/e08f7c43a641b2ec036e4e867ec483e4\"},\"headline\":\"Camb\u00e9 tem queda no n\u00famero de \u00f3bitos enquanto enfrenta aumento no n\u00famero de casos de Covid-19\",\"datePublished\":\"2021-09-08T15:50:40+00:00\",\"dateModified\":\"2024-10-07T16:00:24+00:00\",\"mainEntityOfPage\":{\"@id\":\"https:\\\/\\\/www.cambe.pr.gov.br\\\/index.php\\\/cambe-tem-queda-no-numero-de-obitos-enquanto-enfrenta-aumento-no-numero-de-casos-de-covid-19\\\/\"},\"wordCount\":520,\"publisher\":{\"@id\":\"https:\\\/\\\/www.cambe.pr.gov.br\\\/#organization\"},\"image\":{\"@id\":\"https:\\\/\\\/www.cambe.pr.gov.br\\\/index.php\\\/cambe-tem-queda-no-numero-de-obitos-enquanto-enfrenta-aumento-no-numero-de-casos-de-covid-19\\\/#primaryimage\"},\"thumbnailUrl\":\"http:\\\/\\\/www.cambe.pr.gov.br\\\/wp-content\\\/uploads\\\/2021\\\/09\\\/IMG_7158-300x200.jpg\",\"articleSection\":[\"Principal\"],\"inLanguage\":\"pt-BR\"},{\"@type\":\"WebPage\",\"@id\":\"https:\\\/\\\/www.cambe.pr.gov.br\\\/index.php\\\/cambe-tem-queda-no-numero-de-obitos-enquanto-enfrenta-aumento-no-numero-de-casos-de-covid-19\\\/\",\"url\":\"https:\\\/\\\/www.cambe.pr.gov.br\\\/index.php\\\/cambe-tem-queda-no-numero-de-obitos-enquanto-enfrenta-aumento-no-numero-de-casos-de-covid-19\\\/\",\"name\":\"Camb\u00e9 tem queda no n\u00famero de \u00f3bitos enquanto enfrenta aumento no n\u00famero de casos de Covid-19 - Prefeitura de Camb\u00e9\",\"isPartOf\":{\"@id\":\"https:\\\/\\\/www.cambe.pr.gov.br\\\/#website\"},\"primaryImageOfPage\":{\"@id\":\"https:\\\/\\\/www.cambe.pr.gov.br\\\/index.php\\\/cambe-tem-queda-no-numero-de-obitos-enquanto-enfrenta-aumento-no-numero-de-casos-de-covid-19\\\/#primaryimage\"},\"image\":{\"@id\":\"https:\\\/\\\/www.cambe.pr.gov.br\\\/index.php\\\/cambe-tem-queda-no-numero-de-obitos-enquanto-enfrenta-aumento-no-numero-de-casos-de-covid-19\\\/#primaryimage\"},\"thumbnailUrl\":\"http:\\\/\\\/www.cambe.pr.gov.br\\\/wp-content\\\/uploads\\\/2021\\\/09\\\/IMG_7158-300x200.jpg\",\"datePublished\":\"2021-09-08T15:50:40+00:00\",\"dateModified\":\"2024-10-07T16:00:24+00:00\",\"breadcrumb\":{\"@id\":\"https:\\\/\\\/www.cambe.pr.gov.br\\\/index.php\\\/cambe-tem-queda-no-numero-de-obitos-enquanto-enfrenta-aumento-no-numero-de-casos-de-covid-19\\\/#breadcrumb\"},\"inLanguage\":\"pt-BR\",\"potentialAction\":[{\"@type\":\"ReadAction\",\"target\":[\"https:\\\/\\\/www.cambe.pr.gov.br\\\/index.php\\\/cambe-tem-queda-no-numero-de-obitos-enquanto-enfrenta-aumento-no-numero-de-casos-de-covid-19\\\/\"]}]},{\"@type\":\"ImageObject\",\"inLanguage\":\"pt-BR\",\"@id\":\"https:\\\/\\\/www.cambe.pr.gov.br\\\/index.php\\\/cambe-tem-queda-no-numero-de-obitos-enquanto-enfrenta-aumento-no-numero-de-casos-de-covid-19\\\/#primaryimage\",\"url\":\"http:\\\/\\\/www.cambe.pr.gov.br\\\/wp-content\\\/uploads\\\/2021\\\/09\\\/IMG_7158-300x200.jpg\",\"contentUrl\":\"http:\\\/\\\/www.cambe.pr.gov.br\\\/wp-content\\\/uploads\\\/2021\\\/09\\\/IMG_7158-300x200.jpg\"},{\"@type\":\"BreadcrumbList\",\"@id\":\"https:\\\/\\\/www.cambe.pr.gov.br\\\/index.php\\\/cambe-tem-queda-no-numero-de-obitos-enquanto-enfrenta-aumento-no-numero-de-casos-de-covid-19\\\/#breadcrumb\",\"itemListElement\":[{\"@type\":\"ListItem\",\"position\":1,\"name\":\"In\u00edcio\",\"item\":\"https:\\\/\\\/www.cambe.pr.gov.br\\\/\"},{\"@type\":\"ListItem\",\"position\":2,\"name\":\"Camb\u00e9 tem queda no n\u00famero de \u00f3bitos enquanto enfrenta aumento no n\u00famero de casos de Covid-19\"}]},{\"@type\":\"WebSite\",\"@id\":\"https:\\\/\\\/www.cambe.pr.gov.br\\\/#website\",\"url\":\"https:\\\/\\\/www.cambe.pr.gov.br\\\/\",\"name\":\"Prefeitura de Camb\u00e9\",\"description\":\"UM GOVERNO PARA TODOS\",\"publisher\":{\"@id\":\"https:\\\/\\\/www.cambe.pr.gov.br\\\/#organization\"},\"potentialAction\":[{\"@type\":\"SearchAction\",\"target\":{\"@type\":\"EntryPoint\",\"urlTemplate\":\"https:\\\/\\\/www.cambe.pr.gov.br\\\/?s={search_term_string}\"},\"query-input\":{\"@type\":\"PropertyValueSpecification\",\"valueRequired\":true,\"valueName\":\"search_term_string\"}}],\"inLanguage\":\"pt-BR\"},{\"@type\":\"Organization\",\"@id\":\"https:\\\/\\\/www.cambe.pr.gov.br\\\/#organization\",\"name\":\"Prefeitura de Camb\u00e9\",\"url\":\"https:\\\/\\\/www.cambe.pr.gov.br\\\/\",\"logo\":{\"@type\":\"ImageObject\",\"inLanguage\":\"pt-BR\",\"@id\":\"https:\\\/\\\/www.cambe.pr.gov.br\\\/#\\\/schema\\\/logo\\\/image\\\/\",\"url\":\"https:\\\/\\\/www.cambe.pr.gov.br\\\/wp-content\\\/uploads\\\/2021\\\/01\\\/cropped-cropped-cambe_brazao-icone.png\",\"contentUrl\":\"https:\\\/\\\/www.cambe.pr.gov.br\\\/wp-content\\\/uploads\\\/2021\\\/01\\\/cropped-cropped-cambe_brazao-icone.png\",\"width\":240,\"height\":240,\"caption\":\"Prefeitura de Camb\u00e9\"},\"image\":{\"@id\":\"https:\\\/\\\/www.cambe.pr.gov.br\\\/#\\\/schema\\\/logo\\\/image\\\/\"},\"sameAs\":[\"https:\\\/\\\/m.facebook.com\\\/prefeituradecambe\"]},{\"@type\":\"Person\",\"@id\":\"https:\\\/\\\/www.cambe.pr.gov.br\\\/#\\\/schema\\\/person\\\/e08f7c43a641b2ec036e4e867ec483e4\",\"name\":\"Thiago Mossini Balbino dos Santos\",\"image\":{\"@type\":\"ImageObject\",\"inLanguage\":\"pt-BR\",\"@id\":\"https:\\\/\\\/secure.gravatar.com\\\/avatar\\\/d957ed4e1bc3ebf5769d1003f9709cd2012ebf424eb4a5d76a933fee30e874b6?s=96&d=mm&r=g\",\"url\":\"https:\\\/\\\/secure.gravatar.com\\\/avatar\\\/d957ed4e1bc3ebf5769d1003f9709cd2012ebf424eb4a5d76a933fee30e874b6?s=96&d=mm&r=g\",\"contentUrl\":\"https:\\\/\\\/secure.gravatar.com\\\/avatar\\\/d957ed4e1bc3ebf5769d1003f9709cd2012ebf424eb4a5d76a933fee30e874b6?s=96&d=mm&r=g\",\"caption\":\"Thiago Mossini Balbino dos Santos\"},\"url\":\"https:\\\/\\\/www.cambe.pr.gov.br\\\/index.php\\\/author\\\/tmbsantos\\\/\"}]}<\/script>\n<!-- \/ Yoast SEO plugin. -->","yoast_head_json":{"title":"Camb\u00e9 tem queda no n\u00famero de \u00f3bitos enquanto enfrenta aumento no n\u00famero de casos de Covid-19 - Prefeitura de Camb\u00e9","robots":{"index":"index","follow":"follow","max-snippet":"max-snippet:-1","max-image-preview":"max-image-preview:large","max-video-preview":"max-video-preview:-1"},"canonical":"https:\/\/www.cambe.pr.gov.br\/index.php\/cambe-tem-queda-no-numero-de-obitos-enquanto-enfrenta-aumento-no-numero-de-casos-de-covid-19\/","og_locale":"pt_BR","og_type":"article","og_title":"Camb\u00e9 tem queda no n\u00famero de \u00f3bitos enquanto enfrenta aumento no n\u00famero de casos de Covid-19 - Prefeitura de Camb\u00e9","og_description":"O munic\u00edpio de Camb\u00e9 registrou em agosto o menor n\u00famero de \u00f3bitos em decorr\u00eancia da Covid-19 neste ano. No m\u00eas, foram contabilizados nove \u00f3bitos, tr\u00eas vezes menos que em julho, m\u00eas que confirmou 28 mortes. Enquanto a cidade apresentou queda brusca nos \u00f3bitos, o n\u00famero de novos casos subiu em 40% em rela\u00e7\u00e3o ao m\u00eas [&hellip;]","og_url":"https:\/\/www.cambe.pr.gov.br\/index.php\/cambe-tem-queda-no-numero-de-obitos-enquanto-enfrenta-aumento-no-numero-de-casos-de-covid-19\/","og_site_name":"Prefeitura de Camb\u00e9","article_publisher":"https:\/\/m.facebook.com\/prefeituradecambe","article_published_time":"2021-09-08T15:50:40+00:00","article_modified_time":"2024-10-07T16:00:24+00:00","og_image":[{"url":"http:\/\/www.cambe.pr.gov.br\/wp-content\/uploads\/2021\/09\/IMG_7158-300x200.jpg","type":"","width":"","height":""}],"author":"Thiago Mossini Balbino dos Santos","twitter_card":"summary_large_image","twitter_misc":{"Escrito por":"Thiago Mossini Balbino dos Santos","Est. tempo de leitura":"3 minutos"},"schema":{"@context":"https:\/\/schema.org","@graph":[{"@type":"Article","@id":"https:\/\/www.cambe.pr.gov.br\/index.php\/cambe-tem-queda-no-numero-de-obitos-enquanto-enfrenta-aumento-no-numero-de-casos-de-covid-19\/#article","isPartOf":{"@id":"https:\/\/www.cambe.pr.gov.br\/index.php\/cambe-tem-queda-no-numero-de-obitos-enquanto-enfrenta-aumento-no-numero-de-casos-de-covid-19\/"},"author":{"name":"Thiago Mossini Balbino dos Santos","@id":"https:\/\/www.cambe.pr.gov.br\/#\/schema\/person\/e08f7c43a641b2ec036e4e867ec483e4"},"headline":"Camb\u00e9 tem queda no n\u00famero de \u00f3bitos enquanto enfrenta aumento no n\u00famero de casos de Covid-19","datePublished":"2021-09-08T15:50:40+00:00","dateModified":"2024-10-07T16:00:24+00:00","mainEntityOfPage":{"@id":"https:\/\/www.cambe.pr.gov.br\/index.php\/cambe-tem-queda-no-numero-de-obitos-enquanto-enfrenta-aumento-no-numero-de-casos-de-covid-19\/"},"wordCount":520,"publisher":{"@id":"https:\/\/www.cambe.pr.gov.br\/#organization"},"image":{"@id":"https:\/\/www.cambe.pr.gov.br\/index.php\/cambe-tem-queda-no-numero-de-obitos-enquanto-enfrenta-aumento-no-numero-de-casos-de-covid-19\/#primaryimage"},"thumbnailUrl":"http:\/\/www.cambe.pr.gov.br\/wp-content\/uploads\/2021\/09\/IMG_7158-300x200.jpg","articleSection":["Principal"],"inLanguage":"pt-BR"},{"@type":"WebPage","@id":"https:\/\/www.cambe.pr.gov.br\/index.php\/cambe-tem-queda-no-numero-de-obitos-enquanto-enfrenta-aumento-no-numero-de-casos-de-covid-19\/","url":"https:\/\/www.cambe.pr.gov.br\/index.php\/cambe-tem-queda-no-numero-de-obitos-enquanto-enfrenta-aumento-no-numero-de-casos-de-covid-19\/","name":"Camb\u00e9 tem queda no n\u00famero de \u00f3bitos enquanto enfrenta aumento no n\u00famero de casos de Covid-19 - Prefeitura de Camb\u00e9","isPartOf":{"@id":"https:\/\/www.cambe.pr.gov.br\/#website"},"primaryImageOfPage":{"@id":"https:\/\/www.cambe.pr.gov.br\/index.php\/cambe-tem-queda-no-numero-de-obitos-enquanto-enfrenta-aumento-no-numero-de-casos-de-covid-19\/#primaryimage"},"image":{"@id":"https:\/\/www.cambe.pr.gov.br\/index.php\/cambe-tem-queda-no-numero-de-obitos-enquanto-enfrenta-aumento-no-numero-de-casos-de-covid-19\/#primaryimage"},"thumbnailUrl":"http:\/\/www.cambe.pr.gov.br\/wp-content\/uploads\/2021\/09\/IMG_7158-300x200.jpg","datePublished":"2021-09-08T15:50:40+00:00","dateModified":"2024-10-07T16:00:24+00:00","breadcrumb":{"@id":"https:\/\/www.cambe.pr.gov.br\/index.php\/cambe-tem-queda-no-numero-de-obitos-enquanto-enfrenta-aumento-no-numero-de-casos-de-covid-19\/#breadcrumb"},"inLanguage":"pt-BR","potentialAction":[{"@type":"ReadAction","target":["https:\/\/www.cambe.pr.gov.br\/index.php\/cambe-tem-queda-no-numero-de-obitos-enquanto-enfrenta-aumento-no-numero-de-casos-de-covid-19\/"]}]},{"@type":"ImageObject","inLanguage":"pt-BR","@id":"https:\/\/www.cambe.pr.gov.br\/index.php\/cambe-tem-queda-no-numero-de-obitos-enquanto-enfrenta-aumento-no-numero-de-casos-de-covid-19\/#primaryimage","url":"http:\/\/www.cambe.pr.gov.br\/wp-content\/uploads\/2021\/09\/IMG_7158-300x200.jpg","contentUrl":"http:\/\/www.cambe.pr.gov.br\/wp-content\/uploads\/2021\/09\/IMG_7158-300x200.jpg"},{"@type":"BreadcrumbList","@id":"https:\/\/www.cambe.pr.gov.br\/index.php\/cambe-tem-queda-no-numero-de-obitos-enquanto-enfrenta-aumento-no-numero-de-casos-de-covid-19\/#breadcrumb","itemListElement":[{"@type":"ListItem","position":1,"name":"In\u00edcio","item":"https:\/\/www.cambe.pr.gov.br\/"},{"@type":"ListItem","position":2,"name":"Camb\u00e9 tem queda no n\u00famero de \u00f3bitos enquanto enfrenta aumento no n\u00famero de casos de Covid-19"}]},{"@type":"WebSite","@id":"https:\/\/www.cambe.pr.gov.br\/#website","url":"https:\/\/www.cambe.pr.gov.br\/","name":"Prefeitura de Camb\u00e9","description":"UM GOVERNO PARA TODOS","publisher":{"@id":"https:\/\/www.cambe.pr.gov.br\/#organization"},"potentialAction":[{"@type":"SearchAction","target":{"@type":"EntryPoint","urlTemplate":"https:\/\/www.cambe.pr.gov.br\/?s={search_term_string}"},"query-input":{"@type":"PropertyValueSpecification","valueRequired":true,"valueName":"search_term_string"}}],"inLanguage":"pt-BR"},{"@type":"Organization","@id":"https:\/\/www.cambe.pr.gov.br\/#organization","name":"Prefeitura de Camb\u00e9","url":"https:\/\/www.cambe.pr.gov.br\/","logo":{"@type":"ImageObject","inLanguage":"pt-BR","@id":"https:\/\/www.cambe.pr.gov.br\/#\/schema\/logo\/image\/","url":"https:\/\/www.cambe.pr.gov.br\/wp-content\/uploads\/2021\/01\/cropped-cropped-cambe_brazao-icone.png","contentUrl":"https:\/\/www.cambe.pr.gov.br\/wp-content\/uploads\/2021\/01\/cropped-cropped-cambe_brazao-icone.png","width":240,"height":240,"caption":"Prefeitura de Camb\u00e9"},"image":{"@id":"https:\/\/www.cambe.pr.gov.br\/#\/schema\/logo\/image\/"},"sameAs":["https:\/\/m.facebook.com\/prefeituradecambe"]},{"@type":"Person","@id":"https:\/\/www.cambe.pr.gov.br\/#\/schema\/person\/e08f7c43a641b2ec036e4e867ec483e4","name":"Thiago Mossini Balbino dos Santos","image":{"@type":"ImageObject","inLanguage":"pt-BR","@id":"https:\/\/secure.gravatar.com\/avatar\/d957ed4e1bc3ebf5769d1003f9709cd2012ebf424eb4a5d76a933fee30e874b6?s=96&d=mm&r=g","url":"https:\/\/secure.gravatar.com\/avatar\/d957ed4e1bc3ebf5769d1003f9709cd2012ebf424eb4a5d76a933fee30e874b6?s=96&d=mm&r=g","contentUrl":"https:\/\/secure.gravatar.com\/avatar\/d957ed4e1bc3ebf5769d1003f9709cd2012ebf424eb4a5d76a933fee30e874b6?s=96&d=mm&r=g","caption":"Thiago Mossini Balbino dos Santos"},"url":"https:\/\/www.cambe.pr.gov.br\/index.php\/author\/tmbsantos\/"}]}},"_links":{"self":[{"href":"https:\/\/www.cambe.pr.gov.br\/index.php\/wp-json\/wp\/v2\/posts\/3389","targetHints":{"allow":["GET"]}}],"collection":[{"href":"https:\/\/www.cambe.pr.gov.br\/index.php\/wp-json\/wp\/v2\/posts"}],"about":[{"href":"https:\/\/www.cambe.pr.gov.br\/index.php\/wp-json\/wp\/v2\/types\/post"}],"author":[{"embeddable":true,"href":"https:\/\/www.cambe.pr.gov.br\/index.php\/wp-json\/wp\/v2\/users\/2"}],"replies":[{"embeddable":true,"href":"https:\/\/www.cambe.pr.gov.br\/index.php\/wp-json\/wp\/v2\/comments?post=3389"}],"version-history":[{"count":1,"href":"https:\/\/www.cambe.pr.gov.br\/index.php\/wp-json\/wp\/v2\/posts\/3389\/revisions"}],"predecessor-version":[{"id":3391,"href":"https:\/\/www.cambe.pr.gov.br\/index.php\/wp-json\/wp\/v2\/posts\/3389\/revisions\/3391"}],"wp:attachment":[{"href":"https:\/\/www.cambe.pr.gov.br\/index.php\/wp-json\/wp\/v2\/media?parent=3389"}],"wp:term":[{"taxonomy":"category","embeddable":true,"href":"https:\/\/www.cambe.pr.gov.br\/index.php\/wp-json\/wp\/v2\/categories?post=3389"},{"taxonomy":"post_tag","embeddable":true,"href":"https:\/\/www.cambe.pr.gov.br\/index.php\/wp-json\/wp\/v2\/tags?post=3389"}],"curies":[{"name":"wp","href":"https:\/\/api.w.org\/{rel}","templated":true}]}}