{"id":3386,"date":"2021-09-06T19:58:18","date_gmt":"2021-09-06T22:58:18","guid":{"rendered":"http:\/\/www.cambe.pr.gov.br\/?p=3386"},"modified":"2024-10-07T13:00:24","modified_gmt":"2024-10-07T16:00:24","slug":"prefeitura-faz-solenidade-em-comemoracao-ao-dia-da-independencia","status":"publish","type":"post","link":"https:\/\/www.cambe.pr.gov.br\/index.php\/prefeitura-faz-solenidade-em-comemoracao-ao-dia-da-independencia\/","title":{"rendered":"Prefeitura faz solenidade em comemora\u00e7\u00e3o ao Dia da Independ\u00eancia"},"content":{"rendered":"<p><img fetchpriority=\"high\" decoding=\"async\" class=\"alignleft wp-image-3387 size-medium\" src=\"https:\/\/www.cambe.pr.gov.br\/wp-content\/uploads\/2021\/09\/flag-of-brazil-fluttering-in-the-wind-brazilian-flag-with-blue-sky-and-white-clouds-scaled-e1631009092209-300x200.jpg\" alt=\"\" width=\"300\" height=\"200\" srcset=\"https:\/\/www.cambe.pr.gov.br\/wp-content\/uploads\/2021\/09\/flag-of-brazil-fluttering-in-the-wind-brazilian-flag-with-blue-sky-and-white-clouds-scaled-e1631009092209-300x200.jpg 300w, https:\/\/www.cambe.pr.gov.br\/wp-content\/uploads\/2021\/09\/flag-of-brazil-fluttering-in-the-wind-brazilian-flag-with-blue-sky-and-white-clouds-scaled-e1631009092209-1024x683.jpg 1024w, https:\/\/www.cambe.pr.gov.br\/wp-content\/uploads\/2021\/09\/flag-of-brazil-fluttering-in-the-wind-brazilian-flag-with-blue-sky-and-white-clouds-scaled-e1631009092209-768x512.jpg 768w, https:\/\/www.cambe.pr.gov.br\/wp-content\/uploads\/2021\/09\/flag-of-brazil-fluttering-in-the-wind-brazilian-flag-with-blue-sky-and-white-clouds-scaled-e1631009092209-1536x1025.jpg 1536w, https:\/\/www.cambe.pr.gov.br\/wp-content\/uploads\/2021\/09\/flag-of-brazil-fluttering-in-the-wind-brazilian-flag-with-blue-sky-and-white-clouds-scaled-e1631009092209-2048x1366.jpg 2048w\" sizes=\"(max-width: 300px) 100vw, 300px\" \/><\/p>\n<p style=\"text-align: justify;\"><span style=\"font-family: arial, helvetica, sans-serif;\">A Prefeitura de Camb\u00e9, por meio da Secretaria de Cultura, vai realizar solenidade em respeito ao Dia da Independ\u00eancia, comemorado nesta ter\u00e7a-feira, dia 07 de setembro. Segundo Estela Camata, secret\u00e1ria de Educa\u00e7\u00e3o e Cultura, a solenidade contar\u00e1 com poucos presentes, respeitando todas as medidas de seguran\u00e7a. \u201cO que vamos fazer \u00e9 um ato em respeito \u00e0 p\u00e1tria, n\u00e3o vamos fazer nada grande, pois esse n\u00e3o \u00e9 o momento adequado\u201d, pontua a secret\u00e1ria.<\/span><\/p>\n<p style=\"text-align: justify;\"><span style=\"font-family: arial, helvetica, sans-serif;\">Camata destaca que a solenidade vai contar com a participa\u00e7\u00e3o dos secret\u00e1rios, servidores, capit\u00e3o-comandante da 4\u00aa Companhia da Pol\u00edcia Militar, Marcelo Israel da Costa Vieira, o subtenente Menezes do Corpo de Bombeiros, vereadores, do vice-prefeito Jos\u00e9 Carlos Camargo e do prefeito Conrado Scheller. Segundo a secret\u00e1ria, a solenidade ser\u00e1 na Pra\u00e7a do Centro Cultural e vai contar com a apresenta\u00e7\u00e3o de tr\u00eas hinos: da Independ\u00eancia, interpretado por membros do Coral Palestrina, o hino do Brasil e de Camb\u00e9.<\/span><\/p>\n<p style=\"text-align: justify;\"><span style=\"font-family: arial, helvetica, sans-serif;\">A cerim\u00f4nia ser\u00e1 iniciada com os Desbravadores Garras Vermelhas, sob a coordena\u00e7\u00e3o de Silvana Almeida, para apresentar a Ordem Unida. <\/span><span style=\"font-family: arial, helvetica, sans-serif;\">Ao final, o prefeito Conrado Scheller e a secret\u00e1ria de Educa\u00e7\u00e3o e Cultura far\u00e3o um breve pronunciamento.<\/span><\/p>\n","protected":false},"excerpt":{"rendered":"<p>A Prefeitura de Camb\u00e9, por meio da Secretaria de Cultura, vai realizar solenidade em respeito ao Dia da Independ\u00eancia, comemorado nesta ter\u00e7a-feira, dia 07 de setembro. Segundo Estela Camata, secret\u00e1ria de Educa\u00e7\u00e3o e Cultura, a solenidade contar\u00e1 com poucos presentes, respeitando todas as medidas de seguran\u00e7a. \u201cO que vamos fazer \u00e9 um ato em respeito [&hellip;]<\/p>\n","protected":false},"author":2,"featured_media":0,"comment_status":"closed","ping_status":"open","sticky":false,"template":"","format":"standard","meta":{"ngg_post_thumbnail":0,"footnotes":""},"categories":[1],"tags":[],"class_list":["post-3386","post","type-post","status-publish","format-standard","hentry","category-principal"],"yoast_head":"<!-- This site is optimized with the Yoast SEO plugin v27.4 - https:\/\/yoast.com\/product\/yoast-seo-wordpress\/ -->\n<title>Prefeitura faz solenidade em comemora\u00e7\u00e3o ao Dia da Independ\u00eancia - Prefeitura de Camb\u00e9<\/title>\n<meta name=\"robots\" content=\"index, follow, max-snippet:-1, max-image-preview:large, max-video-preview:-1\" \/>\n<link rel=\"canonical\" href=\"https:\/\/www.cambe.pr.gov.br\/index.php\/prefeitura-faz-solenidade-em-comemoracao-ao-dia-da-independencia\/\" \/>\n<meta property=\"og:locale\" content=\"pt_BR\" \/>\n<meta property=\"og:type\" content=\"article\" \/>\n<meta property=\"og:title\" content=\"Prefeitura faz solenidade em comemora\u00e7\u00e3o ao Dia da Independ\u00eancia - Prefeitura de Camb\u00e9\" \/>\n<meta property=\"og:description\" content=\"A Prefeitura de Camb\u00e9, por meio da Secretaria de Cultura, vai realizar solenidade em respeito ao Dia da Independ\u00eancia, comemorado nesta ter\u00e7a-feira, dia 07 de setembro. Segundo Estela Camata, secret\u00e1ria de Educa\u00e7\u00e3o e Cultura, a solenidade contar\u00e1 com poucos presentes, respeitando todas as medidas de seguran\u00e7a. \u201cO que vamos fazer \u00e9 um ato em respeito [&hellip;]\" \/>\n<meta property=\"og:url\" content=\"https:\/\/www.cambe.pr.gov.br\/index.php\/prefeitura-faz-solenidade-em-comemoracao-ao-dia-da-independencia\/\" \/>\n<meta property=\"og:site_name\" content=\"Prefeitura de Camb\u00e9\" \/>\n<meta property=\"article:publisher\" content=\"https:\/\/m.facebook.com\/prefeituradecambe\" \/>\n<meta property=\"article:published_time\" content=\"2021-09-06T22:58:18+00:00\" \/>\n<meta property=\"article:modified_time\" content=\"2024-10-07T16:00:24+00:00\" \/>\n<meta property=\"og:image\" content=\"http:\/\/www.cambe.pr.gov.br\/wp-content\/uploads\/2021\/09\/flag-of-brazil-fluttering-in-the-wind-brazilian-flag-with-blue-sky-and-white-clouds-scaled-e1631009092209-300x200.jpg\" \/>\n<meta name=\"author\" content=\"Thiago Mossini Balbino dos Santos\" \/>\n<meta name=\"twitter:card\" content=\"summary_large_image\" \/>\n<meta name=\"twitter:label1\" content=\"Escrito por\" \/>\n\t<meta name=\"twitter:data1\" content=\"Thiago Mossini Balbino dos Santos\" \/>\n\t<meta name=\"twitter:label2\" content=\"Est. tempo de leitura\" \/>\n\t<meta name=\"twitter:data2\" content=\"1 minuto\" \/>\n<script type=\"application\/ld+json\" class=\"yoast-schema-graph\">{\"@context\":\"https:\\\/\\\/schema.org\",\"@graph\":[{\"@type\":\"Article\",\"@id\":\"https:\\\/\\\/www.cambe.pr.gov.br\\\/index.php\\\/prefeitura-faz-solenidade-em-comemoracao-ao-dia-da-independencia\\\/#article\",\"isPartOf\":{\"@id\":\"https:\\\/\\\/www.cambe.pr.gov.br\\\/index.php\\\/prefeitura-faz-solenidade-em-comemoracao-ao-dia-da-independencia\\\/\"},\"author\":{\"name\":\"Thiago Mossini Balbino dos Santos\",\"@id\":\"https:\\\/\\\/www.cambe.pr.gov.br\\\/#\\\/schema\\\/person\\\/e08f7c43a641b2ec036e4e867ec483e4\"},\"headline\":\"Prefeitura faz solenidade em comemora\u00e7\u00e3o ao Dia da Independ\u00eancia\",\"datePublished\":\"2021-09-06T22:58:18+00:00\",\"dateModified\":\"2024-10-07T16:00:24+00:00\",\"mainEntityOfPage\":{\"@id\":\"https:\\\/\\\/www.cambe.pr.gov.br\\\/index.php\\\/prefeitura-faz-solenidade-em-comemoracao-ao-dia-da-independencia\\\/\"},\"wordCount\":216,\"publisher\":{\"@id\":\"https:\\\/\\\/www.cambe.pr.gov.br\\\/#organization\"},\"image\":{\"@id\":\"https:\\\/\\\/www.cambe.pr.gov.br\\\/index.php\\\/prefeitura-faz-solenidade-em-comemoracao-ao-dia-da-independencia\\\/#primaryimage\"},\"thumbnailUrl\":\"http:\\\/\\\/www.cambe.pr.gov.br\\\/wp-content\\\/uploads\\\/2021\\\/09\\\/flag-of-brazil-fluttering-in-the-wind-brazilian-flag-with-blue-sky-and-white-clouds-scaled-e1631009092209-300x200.jpg\",\"articleSection\":[\"Principal\"],\"inLanguage\":\"pt-BR\"},{\"@type\":\"WebPage\",\"@id\":\"https:\\\/\\\/www.cambe.pr.gov.br\\\/index.php\\\/prefeitura-faz-solenidade-em-comemoracao-ao-dia-da-independencia\\\/\",\"url\":\"https:\\\/\\\/www.cambe.pr.gov.br\\\/index.php\\\/prefeitura-faz-solenidade-em-comemoracao-ao-dia-da-independencia\\\/\",\"name\":\"Prefeitura faz solenidade em comemora\u00e7\u00e3o ao Dia da Independ\u00eancia - Prefeitura de Camb\u00e9\",\"isPartOf\":{\"@id\":\"https:\\\/\\\/www.cambe.pr.gov.br\\\/#website\"},\"primaryImageOfPage\":{\"@id\":\"https:\\\/\\\/www.cambe.pr.gov.br\\\/index.php\\\/prefeitura-faz-solenidade-em-comemoracao-ao-dia-da-independencia\\\/#primaryimage\"},\"image\":{\"@id\":\"https:\\\/\\\/www.cambe.pr.gov.br\\\/index.php\\\/prefeitura-faz-solenidade-em-comemoracao-ao-dia-da-independencia\\\/#primaryimage\"},\"thumbnailUrl\":\"http:\\\/\\\/www.cambe.pr.gov.br\\\/wp-content\\\/uploads\\\/2021\\\/09\\\/flag-of-brazil-fluttering-in-the-wind-brazilian-flag-with-blue-sky-and-white-clouds-scaled-e1631009092209-300x200.jpg\",\"datePublished\":\"2021-09-06T22:58:18+00:00\",\"dateModified\":\"2024-10-07T16:00:24+00:00\",\"breadcrumb\":{\"@id\":\"https:\\\/\\\/www.cambe.pr.gov.br\\\/index.php\\\/prefeitura-faz-solenidade-em-comemoracao-ao-dia-da-independencia\\\/#breadcrumb\"},\"inLanguage\":\"pt-BR\",\"potentialAction\":[{\"@type\":\"ReadAction\",\"target\":[\"https:\\\/\\\/www.cambe.pr.gov.br\\\/index.php\\\/prefeitura-faz-solenidade-em-comemoracao-ao-dia-da-independencia\\\/\"]}]},{\"@type\":\"ImageObject\",\"inLanguage\":\"pt-BR\",\"@id\":\"https:\\\/\\\/www.cambe.pr.gov.br\\\/index.php\\\/prefeitura-faz-solenidade-em-comemoracao-ao-dia-da-independencia\\\/#primaryimage\",\"url\":\"http:\\\/\\\/www.cambe.pr.gov.br\\\/wp-content\\\/uploads\\\/2021\\\/09\\\/flag-of-brazil-fluttering-in-the-wind-brazilian-flag-with-blue-sky-and-white-clouds-scaled-e1631009092209-300x200.jpg\",\"contentUrl\":\"http:\\\/\\\/www.cambe.pr.gov.br\\\/wp-content\\\/uploads\\\/2021\\\/09\\\/flag-of-brazil-fluttering-in-the-wind-brazilian-flag-with-blue-sky-and-white-clouds-scaled-e1631009092209-300x200.jpg\"},{\"@type\":\"BreadcrumbList\",\"@id\":\"https:\\\/\\\/www.cambe.pr.gov.br\\\/index.php\\\/prefeitura-faz-solenidade-em-comemoracao-ao-dia-da-independencia\\\/#breadcrumb\",\"itemListElement\":[{\"@type\":\"ListItem\",\"position\":1,\"name\":\"In\u00edcio\",\"item\":\"https:\\\/\\\/www.cambe.pr.gov.br\\\/\"},{\"@type\":\"ListItem\",\"position\":2,\"name\":\"Prefeitura faz solenidade em comemora\u00e7\u00e3o ao Dia da Independ\u00eancia\"}]},{\"@type\":\"WebSite\",\"@id\":\"https:\\\/\\\/www.cambe.pr.gov.br\\\/#website\",\"url\":\"https:\\\/\\\/www.cambe.pr.gov.br\\\/\",\"name\":\"Prefeitura de Camb\u00e9\",\"description\":\"UM GOVERNO PARA TODOS\",\"publisher\":{\"@id\":\"https:\\\/\\\/www.cambe.pr.gov.br\\\/#organization\"},\"potentialAction\":[{\"@type\":\"SearchAction\",\"target\":{\"@type\":\"EntryPoint\",\"urlTemplate\":\"https:\\\/\\\/www.cambe.pr.gov.br\\\/?s={search_term_string}\"},\"query-input\":{\"@type\":\"PropertyValueSpecification\",\"valueRequired\":true,\"valueName\":\"search_term_string\"}}],\"inLanguage\":\"pt-BR\"},{\"@type\":\"Organization\",\"@id\":\"https:\\\/\\\/www.cambe.pr.gov.br\\\/#organization\",\"name\":\"Prefeitura de Camb\u00e9\",\"url\":\"https:\\\/\\\/www.cambe.pr.gov.br\\\/\",\"logo\":{\"@type\":\"ImageObject\",\"inLanguage\":\"pt-BR\",\"@id\":\"https:\\\/\\\/www.cambe.pr.gov.br\\\/#\\\/schema\\\/logo\\\/image\\\/\",\"url\":\"https:\\\/\\\/www.cambe.pr.gov.br\\\/wp-content\\\/uploads\\\/2021\\\/01\\\/cropped-cropped-cambe_brazao-icone.png\",\"contentUrl\":\"https:\\\/\\\/www.cambe.pr.gov.br\\\/wp-content\\\/uploads\\\/2021\\\/01\\\/cropped-cropped-cambe_brazao-icone.png\",\"width\":240,\"height\":240,\"caption\":\"Prefeitura de Camb\u00e9\"},\"image\":{\"@id\":\"https:\\\/\\\/www.cambe.pr.gov.br\\\/#\\\/schema\\\/logo\\\/image\\\/\"},\"sameAs\":[\"https:\\\/\\\/m.facebook.com\\\/prefeituradecambe\"]},{\"@type\":\"Person\",\"@id\":\"https:\\\/\\\/www.cambe.pr.gov.br\\\/#\\\/schema\\\/person\\\/e08f7c43a641b2ec036e4e867ec483e4\",\"name\":\"Thiago Mossini Balbino dos Santos\",\"image\":{\"@type\":\"ImageObject\",\"inLanguage\":\"pt-BR\",\"@id\":\"https:\\\/\\\/secure.gravatar.com\\\/avatar\\\/d957ed4e1bc3ebf5769d1003f9709cd2012ebf424eb4a5d76a933fee30e874b6?s=96&d=mm&r=g\",\"url\":\"https:\\\/\\\/secure.gravatar.com\\\/avatar\\\/d957ed4e1bc3ebf5769d1003f9709cd2012ebf424eb4a5d76a933fee30e874b6?s=96&d=mm&r=g\",\"contentUrl\":\"https:\\\/\\\/secure.gravatar.com\\\/avatar\\\/d957ed4e1bc3ebf5769d1003f9709cd2012ebf424eb4a5d76a933fee30e874b6?s=96&d=mm&r=g\",\"caption\":\"Thiago Mossini Balbino dos Santos\"},\"url\":\"https:\\\/\\\/www.cambe.pr.gov.br\\\/index.php\\\/author\\\/tmbsantos\\\/\"}]}<\/script>\n<!-- \/ Yoast SEO plugin. -->","yoast_head_json":{"title":"Prefeitura faz solenidade em comemora\u00e7\u00e3o ao Dia da Independ\u00eancia - Prefeitura de Camb\u00e9","robots":{"index":"index","follow":"follow","max-snippet":"max-snippet:-1","max-image-preview":"max-image-preview:large","max-video-preview":"max-video-preview:-1"},"canonical":"https:\/\/www.cambe.pr.gov.br\/index.php\/prefeitura-faz-solenidade-em-comemoracao-ao-dia-da-independencia\/","og_locale":"pt_BR","og_type":"article","og_title":"Prefeitura faz solenidade em comemora\u00e7\u00e3o ao Dia da Independ\u00eancia - Prefeitura de Camb\u00e9","og_description":"A Prefeitura de Camb\u00e9, por meio da Secretaria de Cultura, vai realizar solenidade em respeito ao Dia da Independ\u00eancia, comemorado nesta ter\u00e7a-feira, dia 07 de setembro. Segundo Estela Camata, secret\u00e1ria de Educa\u00e7\u00e3o e Cultura, a solenidade contar\u00e1 com poucos presentes, respeitando todas as medidas de seguran\u00e7a. \u201cO que vamos fazer \u00e9 um ato em respeito [&hellip;]","og_url":"https:\/\/www.cambe.pr.gov.br\/index.php\/prefeitura-faz-solenidade-em-comemoracao-ao-dia-da-independencia\/","og_site_name":"Prefeitura de Camb\u00e9","article_publisher":"https:\/\/m.facebook.com\/prefeituradecambe","article_published_time":"2021-09-06T22:58:18+00:00","article_modified_time":"2024-10-07T16:00:24+00:00","og_image":[{"url":"http:\/\/www.cambe.pr.gov.br\/wp-content\/uploads\/2021\/09\/flag-of-brazil-fluttering-in-the-wind-brazilian-flag-with-blue-sky-and-white-clouds-scaled-e1631009092209-300x200.jpg","type":"","width":"","height":""}],"author":"Thiago Mossini Balbino dos Santos","twitter_card":"summary_large_image","twitter_misc":{"Escrito por":"Thiago Mossini Balbino dos Santos","Est. tempo de leitura":"1 minuto"},"schema":{"@context":"https:\/\/schema.org","@graph":[{"@type":"Article","@id":"https:\/\/www.cambe.pr.gov.br\/index.php\/prefeitura-faz-solenidade-em-comemoracao-ao-dia-da-independencia\/#article","isPartOf":{"@id":"https:\/\/www.cambe.pr.gov.br\/index.php\/prefeitura-faz-solenidade-em-comemoracao-ao-dia-da-independencia\/"},"author":{"name":"Thiago Mossini Balbino dos Santos","@id":"https:\/\/www.cambe.pr.gov.br\/#\/schema\/person\/e08f7c43a641b2ec036e4e867ec483e4"},"headline":"Prefeitura faz solenidade em comemora\u00e7\u00e3o ao Dia da Independ\u00eancia","datePublished":"2021-09-06T22:58:18+00:00","dateModified":"2024-10-07T16:00:24+00:00","mainEntityOfPage":{"@id":"https:\/\/www.cambe.pr.gov.br\/index.php\/prefeitura-faz-solenidade-em-comemoracao-ao-dia-da-independencia\/"},"wordCount":216,"publisher":{"@id":"https:\/\/www.cambe.pr.gov.br\/#organization"},"image":{"@id":"https:\/\/www.cambe.pr.gov.br\/index.php\/prefeitura-faz-solenidade-em-comemoracao-ao-dia-da-independencia\/#primaryimage"},"thumbnailUrl":"http:\/\/www.cambe.pr.gov.br\/wp-content\/uploads\/2021\/09\/flag-of-brazil-fluttering-in-the-wind-brazilian-flag-with-blue-sky-and-white-clouds-scaled-e1631009092209-300x200.jpg","articleSection":["Principal"],"inLanguage":"pt-BR"},{"@type":"WebPage","@id":"https:\/\/www.cambe.pr.gov.br\/index.php\/prefeitura-faz-solenidade-em-comemoracao-ao-dia-da-independencia\/","url":"https:\/\/www.cambe.pr.gov.br\/index.php\/prefeitura-faz-solenidade-em-comemoracao-ao-dia-da-independencia\/","name":"Prefeitura faz solenidade em comemora\u00e7\u00e3o ao Dia da Independ\u00eancia - Prefeitura de Camb\u00e9","isPartOf":{"@id":"https:\/\/www.cambe.pr.gov.br\/#website"},"primaryImageOfPage":{"@id":"https:\/\/www.cambe.pr.gov.br\/index.php\/prefeitura-faz-solenidade-em-comemoracao-ao-dia-da-independencia\/#primaryimage"},"image":{"@id":"https:\/\/www.cambe.pr.gov.br\/index.php\/prefeitura-faz-solenidade-em-comemoracao-ao-dia-da-independencia\/#primaryimage"},"thumbnailUrl":"http:\/\/www.cambe.pr.gov.br\/wp-content\/uploads\/2021\/09\/flag-of-brazil-fluttering-in-the-wind-brazilian-flag-with-blue-sky-and-white-clouds-scaled-e1631009092209-300x200.jpg","datePublished":"2021-09-06T22:58:18+00:00","dateModified":"2024-10-07T16:00:24+00:00","breadcrumb":{"@id":"https:\/\/www.cambe.pr.gov.br\/index.php\/prefeitura-faz-solenidade-em-comemoracao-ao-dia-da-independencia\/#breadcrumb"},"inLanguage":"pt-BR","potentialAction":[{"@type":"ReadAction","target":["https:\/\/www.cambe.pr.gov.br\/index.php\/prefeitura-faz-solenidade-em-comemoracao-ao-dia-da-independencia\/"]}]},{"@type":"ImageObject","inLanguage":"pt-BR","@id":"https:\/\/www.cambe.pr.gov.br\/index.php\/prefeitura-faz-solenidade-em-comemoracao-ao-dia-da-independencia\/#primaryimage","url":"http:\/\/www.cambe.pr.gov.br\/wp-content\/uploads\/2021\/09\/flag-of-brazil-fluttering-in-the-wind-brazilian-flag-with-blue-sky-and-white-clouds-scaled-e1631009092209-300x200.jpg","contentUrl":"http:\/\/www.cambe.pr.gov.br\/wp-content\/uploads\/2021\/09\/flag-of-brazil-fluttering-in-the-wind-brazilian-flag-with-blue-sky-and-white-clouds-scaled-e1631009092209-300x200.jpg"},{"@type":"BreadcrumbList","@id":"https:\/\/www.cambe.pr.gov.br\/index.php\/prefeitura-faz-solenidade-em-comemoracao-ao-dia-da-independencia\/#breadcrumb","itemListElement":[{"@type":"ListItem","position":1,"name":"In\u00edcio","item":"https:\/\/www.cambe.pr.gov.br\/"},{"@type":"ListItem","position":2,"name":"Prefeitura faz solenidade em comemora\u00e7\u00e3o ao Dia da Independ\u00eancia"}]},{"@type":"WebSite","@id":"https:\/\/www.cambe.pr.gov.br\/#website","url":"https:\/\/www.cambe.pr.gov.br\/","name":"Prefeitura de Camb\u00e9","description":"UM GOVERNO PARA TODOS","publisher":{"@id":"https:\/\/www.cambe.pr.gov.br\/#organization"},"potentialAction":[{"@type":"SearchAction","target":{"@type":"EntryPoint","urlTemplate":"https:\/\/www.cambe.pr.gov.br\/?s={search_term_string}"},"query-input":{"@type":"PropertyValueSpecification","valueRequired":true,"valueName":"search_term_string"}}],"inLanguage":"pt-BR"},{"@type":"Organization","@id":"https:\/\/www.cambe.pr.gov.br\/#organization","name":"Prefeitura de Camb\u00e9","url":"https:\/\/www.cambe.pr.gov.br\/","logo":{"@type":"ImageObject","inLanguage":"pt-BR","@id":"https:\/\/www.cambe.pr.gov.br\/#\/schema\/logo\/image\/","url":"https:\/\/www.cambe.pr.gov.br\/wp-content\/uploads\/2021\/01\/cropped-cropped-cambe_brazao-icone.png","contentUrl":"https:\/\/www.cambe.pr.gov.br\/wp-content\/uploads\/2021\/01\/cropped-cropped-cambe_brazao-icone.png","width":240,"height":240,"caption":"Prefeitura de Camb\u00e9"},"image":{"@id":"https:\/\/www.cambe.pr.gov.br\/#\/schema\/logo\/image\/"},"sameAs":["https:\/\/m.facebook.com\/prefeituradecambe"]},{"@type":"Person","@id":"https:\/\/www.cambe.pr.gov.br\/#\/schema\/person\/e08f7c43a641b2ec036e4e867ec483e4","name":"Thiago Mossini Balbino dos Santos","image":{"@type":"ImageObject","inLanguage":"pt-BR","@id":"https:\/\/secure.gravatar.com\/avatar\/d957ed4e1bc3ebf5769d1003f9709cd2012ebf424eb4a5d76a933fee30e874b6?s=96&d=mm&r=g","url":"https:\/\/secure.gravatar.com\/avatar\/d957ed4e1bc3ebf5769d1003f9709cd2012ebf424eb4a5d76a933fee30e874b6?s=96&d=mm&r=g","contentUrl":"https:\/\/secure.gravatar.com\/avatar\/d957ed4e1bc3ebf5769d1003f9709cd2012ebf424eb4a5d76a933fee30e874b6?s=96&d=mm&r=g","caption":"Thiago Mossini Balbino dos Santos"},"url":"https:\/\/www.cambe.pr.gov.br\/index.php\/author\/tmbsantos\/"}]}},"_links":{"self":[{"href":"https:\/\/www.cambe.pr.gov.br\/index.php\/wp-json\/wp\/v2\/posts\/3386","targetHints":{"allow":["GET"]}}],"collection":[{"href":"https:\/\/www.cambe.pr.gov.br\/index.php\/wp-json\/wp\/v2\/posts"}],"about":[{"href":"https:\/\/www.cambe.pr.gov.br\/index.php\/wp-json\/wp\/v2\/types\/post"}],"author":[{"embeddable":true,"href":"https:\/\/www.cambe.pr.gov.br\/index.php\/wp-json\/wp\/v2\/users\/2"}],"replies":[{"embeddable":true,"href":"https:\/\/www.cambe.pr.gov.br\/index.php\/wp-json\/wp\/v2\/comments?post=3386"}],"version-history":[{"count":1,"href":"https:\/\/www.cambe.pr.gov.br\/index.php\/wp-json\/wp\/v2\/posts\/3386\/revisions"}],"predecessor-version":[{"id":3388,"href":"https:\/\/www.cambe.pr.gov.br\/index.php\/wp-json\/wp\/v2\/posts\/3386\/revisions\/3388"}],"wp:attachment":[{"href":"https:\/\/www.cambe.pr.gov.br\/index.php\/wp-json\/wp\/v2\/media?parent=3386"}],"wp:term":[{"taxonomy":"category","embeddable":true,"href":"https:\/\/www.cambe.pr.gov.br\/index.php\/wp-json\/wp\/v2\/categories?post=3386"},{"taxonomy":"post_tag","embeddable":true,"href":"https:\/\/www.cambe.pr.gov.br\/index.php\/wp-json\/wp\/v2\/tags?post=3386"}],"curies":[{"name":"wp","href":"https:\/\/api.w.org\/{rel}","templated":true}]}}