{"id":3383,"date":"2021-09-06T17:15:47","date_gmt":"2021-09-06T20:15:47","guid":{"rendered":"http:\/\/www.cambe.pr.gov.br\/?p=3383"},"modified":"2024-10-07T13:00:24","modified_gmt":"2024-10-07T16:00:24","slug":"secretaria-de-obras-ouvidoria-municipal-e-procon-retomam-atividades-na-nova-sede","status":"publish","type":"post","link":"https:\/\/www.cambe.pr.gov.br\/index.php\/secretaria-de-obras-ouvidoria-municipal-e-procon-retomam-atividades-na-nova-sede\/","title":{"rendered":"Secretaria de Obras, Ouvidoria Municipal e Procon retomam atividades na nova sede"},"content":{"rendered":"<p style=\"text-align: justify;\"><span style=\"font-family: arial, helvetica, sans-serif;\"><img fetchpriority=\"high\" decoding=\"async\" class=\"alignleft wp-image-3384 size-medium\" src=\"https:\/\/www.cambe.pr.gov.br\/wp-content\/uploads\/2021\/09\/IMG_9962-300x200.jpg\" alt=\"\" width=\"300\" height=\"200\" srcset=\"https:\/\/www.cambe.pr.gov.br\/wp-content\/uploads\/2021\/09\/IMG_9962-300x200.jpg 300w, https:\/\/www.cambe.pr.gov.br\/wp-content\/uploads\/2021\/09\/IMG_9962-1024x683.jpg 1024w, https:\/\/www.cambe.pr.gov.br\/wp-content\/uploads\/2021\/09\/IMG_9962-768x512.jpg 768w, https:\/\/www.cambe.pr.gov.br\/wp-content\/uploads\/2021\/09\/IMG_9962-1536x1024.jpg 1536w, https:\/\/www.cambe.pr.gov.br\/wp-content\/uploads\/2021\/09\/IMG_9962-2048x1365.jpg 2048w\" sizes=\"(max-width: 300px) 100vw, 300px\" \/>A Secretaria de Obras, a Ouvidoria Municipal e o Procon est\u00e3o retomando as atividades na nova sede administrativa nesta segunda-feira, dia 06 de setembro. A nova sede fica na Rua Par\u00e1, 126 e vai abrigar as tr\u00eas pastas em um \u00fanico local, centralizando esses setores que antes ficavam em espa\u00e7os diferentes. As atividades \u2013 tanto presenciais quanto por telefone \u2013 dos departamentos estavam suspensas desde a \u00faltima quarta-feira (01) para que a mudan\u00e7a fosse feita.<\/span><\/p>\n<p style=\"text-align: justify;\"><span style=\"font-family: arial, helvetica, sans-serif;\">Frederico Ferreira, secret\u00e1rio de Governo e ouvidor do munic\u00edpio, explica que o novo espa\u00e7o vai facilitar a vida do cambeense, que n\u00e3o precisar\u00e1 ficar se deslocando para v\u00e1rios pontos da administra\u00e7\u00e3o municipal para resolver algumas quest\u00f5es. Ainda de acordo com ele, os servi\u00e7os funcionando de maneira integrada possibilitam uma economia de recursos p\u00fablicos e tamb\u00e9m trazem resultados eficientes na resolu\u00e7\u00e3o das demandas existentes na cidade.<\/span><\/p>\n<p style=\"text-align: justify;\"><span style=\"font-family: arial, helvetica, sans-serif;\">\u201cOferecer um espa\u00e7o mais adequado \u00e9 importante para que o cidad\u00e3o usufrua deste servi\u00e7o de maneira satisfat\u00f3ria. Ouvidoria e Procon funcionando em um mesmo espa\u00e7o e trabalhando em parceria trazem resultados importantes, tanto na \u00e1rea p\u00fablica como na privada\u201d, ressalta, lembrando que a Ouvidoria Municipal tem o papel fundamental de oferecer um canal de comunica\u00e7\u00e3o entre a popula\u00e7\u00e3o e o governo.<\/span><\/p>\n<p style=\"text-align: justify;\"><span style=\"font-family: arial, helvetica, sans-serif;\">Willian Train, coordenador do Procon de Camb\u00e9, ressalta que o novo pr\u00e9dio \u00e9 mais moderno e com excelente acessibilidade, al\u00e9m de trazer diversos benef\u00edcios \u00e0 popula\u00e7\u00e3o. \u201cAgora estamos mais pr\u00f3ximos ao pr\u00e9dio central e tamb\u00e9m das outras secretarias, facilitando o acesso aos \u00f3rg\u00e3os da cidade. Antes muitas pessoas tinham que se locomover para buscar documentos em outros locais, agora isso vai ficar muito mais simples\u201d, explica. Segundo ele, a escolha do Procon, da Ouvidoria Municipal e da Secretaria de Obras para trabalharem em um mesmo local foi importante. \u201cS\u00e3o departamentos que recebem muitas pessoas buscando ajuda para resolverem problemas, ent\u00e3o foi uma decis\u00e3o correta\u201d, detalha.<\/span><\/p>\n<p style=\"text-align: justify;\"><span style=\"font-family: arial, helvetica, sans-serif;\">Manoel C\u00edcero dos Santos, secret\u00e1rio de Obras, pontua que a nova estrutura visa dar mais agilidade aos servi\u00e7os que s\u00e3o prestados ali, proporcionando mais conforto ao cidad\u00e3o cambeense. \u201cUma das principais justificativas para essa mudan\u00e7a \u00e9 a acessibilidade. O nosso antigo pr\u00e9dio n\u00e3o permitia que as pessoas se locomovessem de forma adequada, como vai ser poss\u00edvel nesse novo local\u201d, explica o secret\u00e1rio. Segundo ele, a ideia \u00e9 proporcionar uma melhor qualidade nos atendimentos e concentrar todos os servi\u00e7os: \u201cat\u00e9 mesmo o setor de Ilumina\u00e7\u00e3o P\u00fablica vai ficar junto ao restante da Secretaria de Obras\u201d.<\/span><\/p>\n<p style=\"text-align: justify;\"><span style=\"font-family: arial, helvetica, sans-serif;\">O novo espa\u00e7o da Secretaria de Obras, do Procon e da Ouvidoria Municipal fica na Rua Par\u00e1, 126 \u2013 Centro. O funcionamento j\u00e1 foi retomado nesta segunda-feira (06) das 8h30 \u00e0s 11h30 e das 13h \u00e0s 17h.<\/span><\/p>\n","protected":false},"excerpt":{"rendered":"<p>A Secretaria de Obras, a Ouvidoria Municipal e o Procon est\u00e3o retomando as atividades na nova sede administrativa nesta segunda-feira, dia 06 de setembro. A nova sede fica na Rua Par\u00e1, 126 e vai abrigar as tr\u00eas pastas em um \u00fanico local, centralizando esses setores que antes ficavam em espa\u00e7os diferentes. As atividades \u2013 tanto [&hellip;]<\/p>\n","protected":false},"author":2,"featured_media":0,"comment_status":"closed","ping_status":"open","sticky":false,"template":"","format":"standard","meta":{"ngg_post_thumbnail":0,"footnotes":""},"categories":[1],"tags":[],"class_list":["post-3383","post","type-post","status-publish","format-standard","hentry","category-principal"],"yoast_head":"<!-- This site is optimized with the Yoast SEO plugin v27.4 - https:\/\/yoast.com\/product\/yoast-seo-wordpress\/ -->\n<title>Secretaria de Obras, Ouvidoria Municipal e Procon retomam atividades na nova sede - Prefeitura de Camb\u00e9<\/title>\n<meta name=\"robots\" content=\"index, follow, max-snippet:-1, max-image-preview:large, max-video-preview:-1\" \/>\n<link rel=\"canonical\" href=\"https:\/\/www.cambe.pr.gov.br\/index.php\/secretaria-de-obras-ouvidoria-municipal-e-procon-retomam-atividades-na-nova-sede\/\" \/>\n<meta property=\"og:locale\" content=\"pt_BR\" \/>\n<meta property=\"og:type\" content=\"article\" \/>\n<meta property=\"og:title\" content=\"Secretaria de Obras, Ouvidoria Municipal e Procon retomam atividades na nova sede - Prefeitura de Camb\u00e9\" \/>\n<meta property=\"og:description\" content=\"A Secretaria de Obras, a Ouvidoria Municipal e o Procon est\u00e3o retomando as atividades na nova sede administrativa nesta segunda-feira, dia 06 de setembro. A nova sede fica na Rua Par\u00e1, 126 e vai abrigar as tr\u00eas pastas em um \u00fanico local, centralizando esses setores que antes ficavam em espa\u00e7os diferentes. As atividades \u2013 tanto [&hellip;]\" \/>\n<meta property=\"og:url\" content=\"https:\/\/www.cambe.pr.gov.br\/index.php\/secretaria-de-obras-ouvidoria-municipal-e-procon-retomam-atividades-na-nova-sede\/\" \/>\n<meta property=\"og:site_name\" content=\"Prefeitura de Camb\u00e9\" \/>\n<meta property=\"article:publisher\" content=\"https:\/\/m.facebook.com\/prefeituradecambe\" \/>\n<meta property=\"article:published_time\" content=\"2021-09-06T20:15:47+00:00\" \/>\n<meta property=\"article:modified_time\" content=\"2024-10-07T16:00:24+00:00\" \/>\n<meta property=\"og:image\" content=\"http:\/\/www.cambe.pr.gov.br\/wp-content\/uploads\/2021\/09\/IMG_9962-300x200.jpg\" \/>\n<meta name=\"author\" content=\"Thiago Mossini Balbino dos Santos\" \/>\n<meta name=\"twitter:card\" content=\"summary_large_image\" \/>\n<meta name=\"twitter:label1\" content=\"Escrito por\" \/>\n\t<meta name=\"twitter:data1\" content=\"Thiago Mossini Balbino dos Santos\" \/>\n\t<meta name=\"twitter:label2\" content=\"Est. tempo de leitura\" \/>\n\t<meta name=\"twitter:data2\" content=\"2 minutos\" \/>\n<script type=\"application\/ld+json\" class=\"yoast-schema-graph\">{\"@context\":\"https:\\\/\\\/schema.org\",\"@graph\":[{\"@type\":\"Article\",\"@id\":\"https:\\\/\\\/www.cambe.pr.gov.br\\\/index.php\\\/secretaria-de-obras-ouvidoria-municipal-e-procon-retomam-atividades-na-nova-sede\\\/#article\",\"isPartOf\":{\"@id\":\"https:\\\/\\\/www.cambe.pr.gov.br\\\/index.php\\\/secretaria-de-obras-ouvidoria-municipal-e-procon-retomam-atividades-na-nova-sede\\\/\"},\"author\":{\"name\":\"Thiago Mossini Balbino dos Santos\",\"@id\":\"https:\\\/\\\/www.cambe.pr.gov.br\\\/#\\\/schema\\\/person\\\/e08f7c43a641b2ec036e4e867ec483e4\"},\"headline\":\"Secretaria de Obras, Ouvidoria Municipal e Procon retomam atividades na nova sede\",\"datePublished\":\"2021-09-06T20:15:47+00:00\",\"dateModified\":\"2024-10-07T16:00:24+00:00\",\"mainEntityOfPage\":{\"@id\":\"https:\\\/\\\/www.cambe.pr.gov.br\\\/index.php\\\/secretaria-de-obras-ouvidoria-municipal-e-procon-retomam-atividades-na-nova-sede\\\/\"},\"wordCount\":484,\"publisher\":{\"@id\":\"https:\\\/\\\/www.cambe.pr.gov.br\\\/#organization\"},\"image\":{\"@id\":\"https:\\\/\\\/www.cambe.pr.gov.br\\\/index.php\\\/secretaria-de-obras-ouvidoria-municipal-e-procon-retomam-atividades-na-nova-sede\\\/#primaryimage\"},\"thumbnailUrl\":\"http:\\\/\\\/www.cambe.pr.gov.br\\\/wp-content\\\/uploads\\\/2021\\\/09\\\/IMG_9962-300x200.jpg\",\"articleSection\":[\"Principal\"],\"inLanguage\":\"pt-BR\"},{\"@type\":\"WebPage\",\"@id\":\"https:\\\/\\\/www.cambe.pr.gov.br\\\/index.php\\\/secretaria-de-obras-ouvidoria-municipal-e-procon-retomam-atividades-na-nova-sede\\\/\",\"url\":\"https:\\\/\\\/www.cambe.pr.gov.br\\\/index.php\\\/secretaria-de-obras-ouvidoria-municipal-e-procon-retomam-atividades-na-nova-sede\\\/\",\"name\":\"Secretaria de Obras, Ouvidoria Municipal e Procon retomam atividades na nova sede - Prefeitura de Camb\u00e9\",\"isPartOf\":{\"@id\":\"https:\\\/\\\/www.cambe.pr.gov.br\\\/#website\"},\"primaryImageOfPage\":{\"@id\":\"https:\\\/\\\/www.cambe.pr.gov.br\\\/index.php\\\/secretaria-de-obras-ouvidoria-municipal-e-procon-retomam-atividades-na-nova-sede\\\/#primaryimage\"},\"image\":{\"@id\":\"https:\\\/\\\/www.cambe.pr.gov.br\\\/index.php\\\/secretaria-de-obras-ouvidoria-municipal-e-procon-retomam-atividades-na-nova-sede\\\/#primaryimage\"},\"thumbnailUrl\":\"http:\\\/\\\/www.cambe.pr.gov.br\\\/wp-content\\\/uploads\\\/2021\\\/09\\\/IMG_9962-300x200.jpg\",\"datePublished\":\"2021-09-06T20:15:47+00:00\",\"dateModified\":\"2024-10-07T16:00:24+00:00\",\"breadcrumb\":{\"@id\":\"https:\\\/\\\/www.cambe.pr.gov.br\\\/index.php\\\/secretaria-de-obras-ouvidoria-municipal-e-procon-retomam-atividades-na-nova-sede\\\/#breadcrumb\"},\"inLanguage\":\"pt-BR\",\"potentialAction\":[{\"@type\":\"ReadAction\",\"target\":[\"https:\\\/\\\/www.cambe.pr.gov.br\\\/index.php\\\/secretaria-de-obras-ouvidoria-municipal-e-procon-retomam-atividades-na-nova-sede\\\/\"]}]},{\"@type\":\"ImageObject\",\"inLanguage\":\"pt-BR\",\"@id\":\"https:\\\/\\\/www.cambe.pr.gov.br\\\/index.php\\\/secretaria-de-obras-ouvidoria-municipal-e-procon-retomam-atividades-na-nova-sede\\\/#primaryimage\",\"url\":\"http:\\\/\\\/www.cambe.pr.gov.br\\\/wp-content\\\/uploads\\\/2021\\\/09\\\/IMG_9962-300x200.jpg\",\"contentUrl\":\"http:\\\/\\\/www.cambe.pr.gov.br\\\/wp-content\\\/uploads\\\/2021\\\/09\\\/IMG_9962-300x200.jpg\"},{\"@type\":\"BreadcrumbList\",\"@id\":\"https:\\\/\\\/www.cambe.pr.gov.br\\\/index.php\\\/secretaria-de-obras-ouvidoria-municipal-e-procon-retomam-atividades-na-nova-sede\\\/#breadcrumb\",\"itemListElement\":[{\"@type\":\"ListItem\",\"position\":1,\"name\":\"In\u00edcio\",\"item\":\"https:\\\/\\\/www.cambe.pr.gov.br\\\/\"},{\"@type\":\"ListItem\",\"position\":2,\"name\":\"Secretaria de Obras, Ouvidoria Municipal e Procon retomam atividades na nova sede\"}]},{\"@type\":\"WebSite\",\"@id\":\"https:\\\/\\\/www.cambe.pr.gov.br\\\/#website\",\"url\":\"https:\\\/\\\/www.cambe.pr.gov.br\\\/\",\"name\":\"Prefeitura de Camb\u00e9\",\"description\":\"UM GOVERNO PARA TODOS\",\"publisher\":{\"@id\":\"https:\\\/\\\/www.cambe.pr.gov.br\\\/#organization\"},\"potentialAction\":[{\"@type\":\"SearchAction\",\"target\":{\"@type\":\"EntryPoint\",\"urlTemplate\":\"https:\\\/\\\/www.cambe.pr.gov.br\\\/?s={search_term_string}\"},\"query-input\":{\"@type\":\"PropertyValueSpecification\",\"valueRequired\":true,\"valueName\":\"search_term_string\"}}],\"inLanguage\":\"pt-BR\"},{\"@type\":\"Organization\",\"@id\":\"https:\\\/\\\/www.cambe.pr.gov.br\\\/#organization\",\"name\":\"Prefeitura de Camb\u00e9\",\"url\":\"https:\\\/\\\/www.cambe.pr.gov.br\\\/\",\"logo\":{\"@type\":\"ImageObject\",\"inLanguage\":\"pt-BR\",\"@id\":\"https:\\\/\\\/www.cambe.pr.gov.br\\\/#\\\/schema\\\/logo\\\/image\\\/\",\"url\":\"https:\\\/\\\/www.cambe.pr.gov.br\\\/wp-content\\\/uploads\\\/2021\\\/01\\\/cropped-cropped-cambe_brazao-icone.png\",\"contentUrl\":\"https:\\\/\\\/www.cambe.pr.gov.br\\\/wp-content\\\/uploads\\\/2021\\\/01\\\/cropped-cropped-cambe_brazao-icone.png\",\"width\":240,\"height\":240,\"caption\":\"Prefeitura de Camb\u00e9\"},\"image\":{\"@id\":\"https:\\\/\\\/www.cambe.pr.gov.br\\\/#\\\/schema\\\/logo\\\/image\\\/\"},\"sameAs\":[\"https:\\\/\\\/m.facebook.com\\\/prefeituradecambe\"]},{\"@type\":\"Person\",\"@id\":\"https:\\\/\\\/www.cambe.pr.gov.br\\\/#\\\/schema\\\/person\\\/e08f7c43a641b2ec036e4e867ec483e4\",\"name\":\"Thiago Mossini Balbino dos Santos\",\"image\":{\"@type\":\"ImageObject\",\"inLanguage\":\"pt-BR\",\"@id\":\"https:\\\/\\\/secure.gravatar.com\\\/avatar\\\/d957ed4e1bc3ebf5769d1003f9709cd2012ebf424eb4a5d76a933fee30e874b6?s=96&d=mm&r=g\",\"url\":\"https:\\\/\\\/secure.gravatar.com\\\/avatar\\\/d957ed4e1bc3ebf5769d1003f9709cd2012ebf424eb4a5d76a933fee30e874b6?s=96&d=mm&r=g\",\"contentUrl\":\"https:\\\/\\\/secure.gravatar.com\\\/avatar\\\/d957ed4e1bc3ebf5769d1003f9709cd2012ebf424eb4a5d76a933fee30e874b6?s=96&d=mm&r=g\",\"caption\":\"Thiago Mossini Balbino dos Santos\"},\"url\":\"https:\\\/\\\/www.cambe.pr.gov.br\\\/index.php\\\/author\\\/tmbsantos\\\/\"}]}<\/script>\n<!-- \/ Yoast SEO plugin. -->","yoast_head_json":{"title":"Secretaria de Obras, Ouvidoria Municipal e Procon retomam atividades na nova sede - Prefeitura de Camb\u00e9","robots":{"index":"index","follow":"follow","max-snippet":"max-snippet:-1","max-image-preview":"max-image-preview:large","max-video-preview":"max-video-preview:-1"},"canonical":"https:\/\/www.cambe.pr.gov.br\/index.php\/secretaria-de-obras-ouvidoria-municipal-e-procon-retomam-atividades-na-nova-sede\/","og_locale":"pt_BR","og_type":"article","og_title":"Secretaria de Obras, Ouvidoria Municipal e Procon retomam atividades na nova sede - Prefeitura de Camb\u00e9","og_description":"A Secretaria de Obras, a Ouvidoria Municipal e o Procon est\u00e3o retomando as atividades na nova sede administrativa nesta segunda-feira, dia 06 de setembro. A nova sede fica na Rua Par\u00e1, 126 e vai abrigar as tr\u00eas pastas em um \u00fanico local, centralizando esses setores que antes ficavam em espa\u00e7os diferentes. As atividades \u2013 tanto [&hellip;]","og_url":"https:\/\/www.cambe.pr.gov.br\/index.php\/secretaria-de-obras-ouvidoria-municipal-e-procon-retomam-atividades-na-nova-sede\/","og_site_name":"Prefeitura de Camb\u00e9","article_publisher":"https:\/\/m.facebook.com\/prefeituradecambe","article_published_time":"2021-09-06T20:15:47+00:00","article_modified_time":"2024-10-07T16:00:24+00:00","og_image":[{"url":"http:\/\/www.cambe.pr.gov.br\/wp-content\/uploads\/2021\/09\/IMG_9962-300x200.jpg","type":"","width":"","height":""}],"author":"Thiago Mossini Balbino dos Santos","twitter_card":"summary_large_image","twitter_misc":{"Escrito por":"Thiago Mossini Balbino dos Santos","Est. tempo de leitura":"2 minutos"},"schema":{"@context":"https:\/\/schema.org","@graph":[{"@type":"Article","@id":"https:\/\/www.cambe.pr.gov.br\/index.php\/secretaria-de-obras-ouvidoria-municipal-e-procon-retomam-atividades-na-nova-sede\/#article","isPartOf":{"@id":"https:\/\/www.cambe.pr.gov.br\/index.php\/secretaria-de-obras-ouvidoria-municipal-e-procon-retomam-atividades-na-nova-sede\/"},"author":{"name":"Thiago Mossini Balbino dos Santos","@id":"https:\/\/www.cambe.pr.gov.br\/#\/schema\/person\/e08f7c43a641b2ec036e4e867ec483e4"},"headline":"Secretaria de Obras, Ouvidoria Municipal e Procon retomam atividades na nova sede","datePublished":"2021-09-06T20:15:47+00:00","dateModified":"2024-10-07T16:00:24+00:00","mainEntityOfPage":{"@id":"https:\/\/www.cambe.pr.gov.br\/index.php\/secretaria-de-obras-ouvidoria-municipal-e-procon-retomam-atividades-na-nova-sede\/"},"wordCount":484,"publisher":{"@id":"https:\/\/www.cambe.pr.gov.br\/#organization"},"image":{"@id":"https:\/\/www.cambe.pr.gov.br\/index.php\/secretaria-de-obras-ouvidoria-municipal-e-procon-retomam-atividades-na-nova-sede\/#primaryimage"},"thumbnailUrl":"http:\/\/www.cambe.pr.gov.br\/wp-content\/uploads\/2021\/09\/IMG_9962-300x200.jpg","articleSection":["Principal"],"inLanguage":"pt-BR"},{"@type":"WebPage","@id":"https:\/\/www.cambe.pr.gov.br\/index.php\/secretaria-de-obras-ouvidoria-municipal-e-procon-retomam-atividades-na-nova-sede\/","url":"https:\/\/www.cambe.pr.gov.br\/index.php\/secretaria-de-obras-ouvidoria-municipal-e-procon-retomam-atividades-na-nova-sede\/","name":"Secretaria de Obras, Ouvidoria Municipal e Procon retomam atividades na nova sede - Prefeitura de Camb\u00e9","isPartOf":{"@id":"https:\/\/www.cambe.pr.gov.br\/#website"},"primaryImageOfPage":{"@id":"https:\/\/www.cambe.pr.gov.br\/index.php\/secretaria-de-obras-ouvidoria-municipal-e-procon-retomam-atividades-na-nova-sede\/#primaryimage"},"image":{"@id":"https:\/\/www.cambe.pr.gov.br\/index.php\/secretaria-de-obras-ouvidoria-municipal-e-procon-retomam-atividades-na-nova-sede\/#primaryimage"},"thumbnailUrl":"http:\/\/www.cambe.pr.gov.br\/wp-content\/uploads\/2021\/09\/IMG_9962-300x200.jpg","datePublished":"2021-09-06T20:15:47+00:00","dateModified":"2024-10-07T16:00:24+00:00","breadcrumb":{"@id":"https:\/\/www.cambe.pr.gov.br\/index.php\/secretaria-de-obras-ouvidoria-municipal-e-procon-retomam-atividades-na-nova-sede\/#breadcrumb"},"inLanguage":"pt-BR","potentialAction":[{"@type":"ReadAction","target":["https:\/\/www.cambe.pr.gov.br\/index.php\/secretaria-de-obras-ouvidoria-municipal-e-procon-retomam-atividades-na-nova-sede\/"]}]},{"@type":"ImageObject","inLanguage":"pt-BR","@id":"https:\/\/www.cambe.pr.gov.br\/index.php\/secretaria-de-obras-ouvidoria-municipal-e-procon-retomam-atividades-na-nova-sede\/#primaryimage","url":"http:\/\/www.cambe.pr.gov.br\/wp-content\/uploads\/2021\/09\/IMG_9962-300x200.jpg","contentUrl":"http:\/\/www.cambe.pr.gov.br\/wp-content\/uploads\/2021\/09\/IMG_9962-300x200.jpg"},{"@type":"BreadcrumbList","@id":"https:\/\/www.cambe.pr.gov.br\/index.php\/secretaria-de-obras-ouvidoria-municipal-e-procon-retomam-atividades-na-nova-sede\/#breadcrumb","itemListElement":[{"@type":"ListItem","position":1,"name":"In\u00edcio","item":"https:\/\/www.cambe.pr.gov.br\/"},{"@type":"ListItem","position":2,"name":"Secretaria de Obras, Ouvidoria Municipal e Procon retomam atividades na nova sede"}]},{"@type":"WebSite","@id":"https:\/\/www.cambe.pr.gov.br\/#website","url":"https:\/\/www.cambe.pr.gov.br\/","name":"Prefeitura de Camb\u00e9","description":"UM GOVERNO PARA TODOS","publisher":{"@id":"https:\/\/www.cambe.pr.gov.br\/#organization"},"potentialAction":[{"@type":"SearchAction","target":{"@type":"EntryPoint","urlTemplate":"https:\/\/www.cambe.pr.gov.br\/?s={search_term_string}"},"query-input":{"@type":"PropertyValueSpecification","valueRequired":true,"valueName":"search_term_string"}}],"inLanguage":"pt-BR"},{"@type":"Organization","@id":"https:\/\/www.cambe.pr.gov.br\/#organization","name":"Prefeitura de Camb\u00e9","url":"https:\/\/www.cambe.pr.gov.br\/","logo":{"@type":"ImageObject","inLanguage":"pt-BR","@id":"https:\/\/www.cambe.pr.gov.br\/#\/schema\/logo\/image\/","url":"https:\/\/www.cambe.pr.gov.br\/wp-content\/uploads\/2021\/01\/cropped-cropped-cambe_brazao-icone.png","contentUrl":"https:\/\/www.cambe.pr.gov.br\/wp-content\/uploads\/2021\/01\/cropped-cropped-cambe_brazao-icone.png","width":240,"height":240,"caption":"Prefeitura de Camb\u00e9"},"image":{"@id":"https:\/\/www.cambe.pr.gov.br\/#\/schema\/logo\/image\/"},"sameAs":["https:\/\/m.facebook.com\/prefeituradecambe"]},{"@type":"Person","@id":"https:\/\/www.cambe.pr.gov.br\/#\/schema\/person\/e08f7c43a641b2ec036e4e867ec483e4","name":"Thiago Mossini Balbino dos Santos","image":{"@type":"ImageObject","inLanguage":"pt-BR","@id":"https:\/\/secure.gravatar.com\/avatar\/d957ed4e1bc3ebf5769d1003f9709cd2012ebf424eb4a5d76a933fee30e874b6?s=96&d=mm&r=g","url":"https:\/\/secure.gravatar.com\/avatar\/d957ed4e1bc3ebf5769d1003f9709cd2012ebf424eb4a5d76a933fee30e874b6?s=96&d=mm&r=g","contentUrl":"https:\/\/secure.gravatar.com\/avatar\/d957ed4e1bc3ebf5769d1003f9709cd2012ebf424eb4a5d76a933fee30e874b6?s=96&d=mm&r=g","caption":"Thiago Mossini Balbino dos Santos"},"url":"https:\/\/www.cambe.pr.gov.br\/index.php\/author\/tmbsantos\/"}]}},"_links":{"self":[{"href":"https:\/\/www.cambe.pr.gov.br\/index.php\/wp-json\/wp\/v2\/posts\/3383","targetHints":{"allow":["GET"]}}],"collection":[{"href":"https:\/\/www.cambe.pr.gov.br\/index.php\/wp-json\/wp\/v2\/posts"}],"about":[{"href":"https:\/\/www.cambe.pr.gov.br\/index.php\/wp-json\/wp\/v2\/types\/post"}],"author":[{"embeddable":true,"href":"https:\/\/www.cambe.pr.gov.br\/index.php\/wp-json\/wp\/v2\/users\/2"}],"replies":[{"embeddable":true,"href":"https:\/\/www.cambe.pr.gov.br\/index.php\/wp-json\/wp\/v2\/comments?post=3383"}],"version-history":[{"count":1,"href":"https:\/\/www.cambe.pr.gov.br\/index.php\/wp-json\/wp\/v2\/posts\/3383\/revisions"}],"predecessor-version":[{"id":3385,"href":"https:\/\/www.cambe.pr.gov.br\/index.php\/wp-json\/wp\/v2\/posts\/3383\/revisions\/3385"}],"wp:attachment":[{"href":"https:\/\/www.cambe.pr.gov.br\/index.php\/wp-json\/wp\/v2\/media?parent=3383"}],"wp:term":[{"taxonomy":"category","embeddable":true,"href":"https:\/\/www.cambe.pr.gov.br\/index.php\/wp-json\/wp\/v2\/categories?post=3383"},{"taxonomy":"post_tag","embeddable":true,"href":"https:\/\/www.cambe.pr.gov.br\/index.php\/wp-json\/wp\/v2\/tags?post=3383"}],"curies":[{"name":"wp","href":"https:\/\/api.w.org\/{rel}","templated":true}]}}