{"id":3375,"date":"2021-09-04T08:47:22","date_gmt":"2021-09-04T11:47:22","guid":{"rendered":"http:\/\/www.cambe.pr.gov.br\/?p=3375"},"modified":"2024-10-07T13:00:24","modified_gmt":"2024-10-07T16:00:24","slug":"cambe-ja-aplicou-mais-de-100-mil-vacinas-contra-a-covid-19","status":"publish","type":"post","link":"https:\/\/www.cambe.pr.gov.br\/index.php\/cambe-ja-aplicou-mais-de-100-mil-vacinas-contra-a-covid-19\/","title":{"rendered":"Camb\u00e9 j\u00e1 aplicou mais de 100 mil doses de vacina contra a Covid-19"},"content":{"rendered":"<p style=\"text-align: justify;\"><span style=\"font-family: arial, helvetica, sans-serif;\"><img fetchpriority=\"high\" decoding=\"async\" class=\"size-medium wp-image-2719 alignleft\" src=\"https:\/\/www.cambe.pr.gov.br\/wp-content\/uploads\/2021\/08\/WhatsApp-Image-2021-07-10-at-10.20.47-300x200.jpeg\" alt=\"\" width=\"300\" height=\"200\">O munic\u00edpio de Camb\u00e9 ultrapassou a marca de 100 mil vacinas aplicadas contra a Covid-19 nesta sexta-feira, dia 03 de setembro. As \u00faltimas informa\u00e7\u00f5es divulgadas pela Secretaria Municipal de Sa\u00fade apontam que a cidade j\u00e1 aplicou 101.054 doses da vacina nos cambeenses. Na cidade, 92,6% da popula\u00e7\u00e3o apta j\u00e1 recebeu ao menos uma dose da vacina e mais de 38% j\u00e1 est\u00e1 com a imuniza\u00e7\u00e3o completa, por ter recebido as duas doses ou por meio da vacina de dose \u00fanica.<\/span><\/p>\n<p style=\"text-align: justify;\"><span style=\"font-family: arial, helvetica, sans-serif;\">Em Camb\u00e9, a vacina\u00e7\u00e3o come\u00e7ou no dia 19 de janeiro para os funcion\u00e1rios da Unidade B\u00e1sica de Sa\u00fade do Camb\u00e9 IV. A cidade come\u00e7ou vacinando os profissionais da Sa\u00fade da linha de frente e os idosos. Na sequ\u00eancia, foram inclu\u00eddos outros grupos priorit\u00e1rios, como de pessoas com comorbidade, pessoas em situa\u00e7\u00e3o de rua, gr\u00e1vidas e pu\u00e9rperas, caminhoneiros e trabalhadores do transporte coletivo, profissionais da Educa\u00e7\u00e3o e da Assist\u00eancia Social, dentre outros. Atualmente, a cidade est\u00e1 com a aplica\u00e7\u00e3o para o p\u00fablico geral de 21 anos ou mais, enquanto segue com a aplica\u00e7\u00e3o da dose complementar do imunizante, respeitando a dist\u00e2ncia entre uma dose e outra de cada vacina.<\/span><\/p>\n<p style=\"text-align: justify;\"><span style=\"font-family: arial, helvetica, sans-serif;\">&#8220;\u00c9 um motivo de muita alegria saber que estamos avan\u00e7ando assim na vacina\u00e7\u00e3o aqui em nossa cidade. Sabemos que s\u00f3 com vacina no bra\u00e7o \u00e9 que vamos conseguir sair dessa situa\u00e7\u00e3o. Espero que cheguem novos lotes para que possamos imunizar 100% da popula\u00e7\u00e3o o mais r\u00e1pido poss\u00edvel&#8221;, celebra o prefeito Conrado Scheller.<\/span><\/p>\n<p style=\"text-align: justify;\"><span style=\"font-family: arial, helvetica, sans-serif;\">Simone Lopes, enfermeira respons\u00e1vel pelo Departamento de Epidemiologia da Secretaria de Sa\u00fade, explica que logo que as doses chegam \u00e0 cidade, as campanhas j\u00e1 s\u00e3o programadas. \u201cCom isso garantimos a disponibilidade de todo o quantitativo para atendimento dos grupos priorit\u00e1rios e agora da popula\u00e7\u00e3o por idade\u201d, ressalta. A estimativa populacional da cidade \u00e9 de cerca de 80 mil pessoas com mais de 18 anos e, desse total, 70.089 j\u00e1 receberam a primeira dose, 26.722 tomaram a segunda dose e est\u00e3o ciclo vacinal completo e 4.243 pessoas receberam a vacina de dose \u00fanica, tamb\u00e9m com a vacina\u00e7\u00e3o completa.<\/span><\/p>\n<p style=\"text-align: justify;\"><span style=\"font-family: arial, helvetica, sans-serif;\">A vacina\u00e7\u00e3o na cidade conta com doses da CoronaVac (Butantan), AstraZeneca (Fiocruz), Pfizer (BioNTech) e da Jannsen (Johnson&amp;Johnson), a \u00fanica que funciona em dose \u00fanica. Lopes explica que o Governo do Estado do j\u00e1 sinalizou a possibilidade de que idosos com mais de 70 anos e portadores de doen\u00e7as imunossupressoras recebam a terceira dose da vacina \u2013 para aqueles que receberam a CoronaVac, a AstraZeneca ou a Pfizer. \u201cN\u00f3s ainda aguardamos alguns detalhes para operacionalizar essa a\u00e7\u00e3o, mas ela s\u00f3 deve se concretizar ap\u00f3s o t\u00e9rmino da vacina\u00e7\u00e3o de primeira dose dos adultos\u201d, pontua. Ainda de acordo com a enfermeira, h\u00e1 a possibilidade de vacinar em breve os adolescentes, mas nada foi definido at\u00e9 o momento.<\/span><\/p>\n<p style=\"text-align: justify;\"><span style=\"font-family: arial, helvetica, sans-serif;\">Simone Lopes destaca que a melhora no cen\u00e1rio pand\u00eamico passa pela necessidade de seguir todas as medidas sanit\u00e1rias de seguran\u00e7a, como o uso de m\u00e1scaras e o distanciamento social, mas que a vacina\u00e7\u00e3o tem sido a arma mais eficaz contra a doen\u00e7a. \u201cPor isso \u00e9 muito importante que quando chegar a faixa et\u00e1ria de cada um, as pessoas procurem se vacinar e n\u00e3o esque\u00e7am da segunda dose, porque \u00e9 s\u00f3 ela que garante a imuniza\u00e7\u00e3o completa\u201d, destaca a enfermeira.<\/span><\/p>\n<p style=\"text-align: justify;\"><span style=\"font-family: arial, helvetica, sans-serif;\">\u201cEssa marca de mais de 100 mil doses aplicadas nos traz muita alegria e muita esperan\u00e7a. Traz tamb\u00e9m a certeza de que tudo que Camb\u00e9 tem feito em prol da vacina\u00e7\u00e3o tem gerado frutos, uma vez que as vacinas recebidas j\u00e1 v\u00e3o sendo destinadas aos mun\u00edcipes\u201d, finaliza.<\/span><\/p>\n","protected":false},"excerpt":{"rendered":"<p>O munic\u00edpio de Camb\u00e9 ultrapassou a marca de 100 mil vacinas aplicadas contra a Covid-19 nesta sexta-feira, dia 03 de setembro. As \u00faltimas informa\u00e7\u00f5es divulgadas pela Secretaria Municipal de Sa\u00fade apontam que a cidade j\u00e1 aplicou 101.054 doses da vacina nos cambeenses. Na cidade, 92,6% da popula\u00e7\u00e3o apta j\u00e1 recebeu ao menos uma dose da [&hellip;]<\/p>\n","protected":false},"author":2,"featured_media":0,"comment_status":"closed","ping_status":"open","sticky":false,"template":"","format":"standard","meta":{"ngg_post_thumbnail":0,"footnotes":""},"categories":[1],"tags":[],"class_list":["post-3375","post","type-post","status-publish","format-standard","hentry","category-principal"],"yoast_head":"<!-- This site is optimized with the Yoast SEO plugin v27.4 - https:\/\/yoast.com\/product\/yoast-seo-wordpress\/ -->\n<title>Camb\u00e9 j\u00e1 aplicou mais de 100 mil doses de vacina contra a Covid-19 - Prefeitura de Camb\u00e9<\/title>\n<meta name=\"robots\" content=\"index, follow, max-snippet:-1, max-image-preview:large, max-video-preview:-1\" \/>\n<link rel=\"canonical\" href=\"https:\/\/www.cambe.pr.gov.br\/index.php\/cambe-ja-aplicou-mais-de-100-mil-vacinas-contra-a-covid-19\/\" \/>\n<meta property=\"og:locale\" content=\"pt_BR\" \/>\n<meta property=\"og:type\" content=\"article\" \/>\n<meta property=\"og:title\" content=\"Camb\u00e9 j\u00e1 aplicou mais de 100 mil doses de vacina contra a Covid-19 - Prefeitura de Camb\u00e9\" \/>\n<meta property=\"og:description\" content=\"O munic\u00edpio de Camb\u00e9 ultrapassou a marca de 100 mil vacinas aplicadas contra a Covid-19 nesta sexta-feira, dia 03 de setembro. As \u00faltimas informa\u00e7\u00f5es divulgadas pela Secretaria Municipal de Sa\u00fade apontam que a cidade j\u00e1 aplicou 101.054 doses da vacina nos cambeenses. Na cidade, 92,6% da popula\u00e7\u00e3o apta j\u00e1 recebeu ao menos uma dose da [&hellip;]\" \/>\n<meta property=\"og:url\" content=\"https:\/\/www.cambe.pr.gov.br\/index.php\/cambe-ja-aplicou-mais-de-100-mil-vacinas-contra-a-covid-19\/\" \/>\n<meta property=\"og:site_name\" content=\"Prefeitura de Camb\u00e9\" \/>\n<meta property=\"article:publisher\" content=\"https:\/\/m.facebook.com\/prefeituradecambe\" \/>\n<meta property=\"article:published_time\" content=\"2021-09-04T11:47:22+00:00\" \/>\n<meta property=\"article:modified_time\" content=\"2024-10-07T16:00:24+00:00\" \/>\n<meta property=\"og:image\" content=\"http:\/\/www.cambe.pr.gov.br\/wp-content\/uploads\/2021\/08\/WhatsApp-Image-2021-07-10-at-10.20.47-300x200.jpeg\" \/>\n<meta name=\"author\" content=\"Thiago Mossini Balbino dos Santos\" \/>\n<meta name=\"twitter:card\" content=\"summary_large_image\" \/>\n<meta name=\"twitter:label1\" content=\"Escrito por\" \/>\n\t<meta name=\"twitter:data1\" content=\"Thiago Mossini Balbino dos Santos\" \/>\n\t<meta name=\"twitter:label2\" content=\"Est. tempo de leitura\" \/>\n\t<meta name=\"twitter:data2\" content=\"3 minutos\" \/>\n<script type=\"application\/ld+json\" class=\"yoast-schema-graph\">{\"@context\":\"https:\\\/\\\/schema.org\",\"@graph\":[{\"@type\":\"Article\",\"@id\":\"https:\\\/\\\/www.cambe.pr.gov.br\\\/index.php\\\/cambe-ja-aplicou-mais-de-100-mil-vacinas-contra-a-covid-19\\\/#article\",\"isPartOf\":{\"@id\":\"https:\\\/\\\/www.cambe.pr.gov.br\\\/index.php\\\/cambe-ja-aplicou-mais-de-100-mil-vacinas-contra-a-covid-19\\\/\"},\"author\":{\"name\":\"Thiago Mossini Balbino dos Santos\",\"@id\":\"https:\\\/\\\/www.cambe.pr.gov.br\\\/#\\\/schema\\\/person\\\/e08f7c43a641b2ec036e4e867ec483e4\"},\"headline\":\"Camb\u00e9 j\u00e1 aplicou mais de 100 mil doses de vacina contra a Covid-19\",\"datePublished\":\"2021-09-04T11:47:22+00:00\",\"dateModified\":\"2024-10-07T16:00:24+00:00\",\"mainEntityOfPage\":{\"@id\":\"https:\\\/\\\/www.cambe.pr.gov.br\\\/index.php\\\/cambe-ja-aplicou-mais-de-100-mil-vacinas-contra-a-covid-19\\\/\"},\"wordCount\":633,\"publisher\":{\"@id\":\"https:\\\/\\\/www.cambe.pr.gov.br\\\/#organization\"},\"image\":{\"@id\":\"https:\\\/\\\/www.cambe.pr.gov.br\\\/index.php\\\/cambe-ja-aplicou-mais-de-100-mil-vacinas-contra-a-covid-19\\\/#primaryimage\"},\"thumbnailUrl\":\"http:\\\/\\\/www.cambe.pr.gov.br\\\/wp-content\\\/uploads\\\/2021\\\/08\\\/WhatsApp-Image-2021-07-10-at-10.20.47-300x200.jpeg\",\"articleSection\":[\"Principal\"],\"inLanguage\":\"pt-BR\"},{\"@type\":\"WebPage\",\"@id\":\"https:\\\/\\\/www.cambe.pr.gov.br\\\/index.php\\\/cambe-ja-aplicou-mais-de-100-mil-vacinas-contra-a-covid-19\\\/\",\"url\":\"https:\\\/\\\/www.cambe.pr.gov.br\\\/index.php\\\/cambe-ja-aplicou-mais-de-100-mil-vacinas-contra-a-covid-19\\\/\",\"name\":\"Camb\u00e9 j\u00e1 aplicou mais de 100 mil doses de vacina contra a Covid-19 - Prefeitura de Camb\u00e9\",\"isPartOf\":{\"@id\":\"https:\\\/\\\/www.cambe.pr.gov.br\\\/#website\"},\"primaryImageOfPage\":{\"@id\":\"https:\\\/\\\/www.cambe.pr.gov.br\\\/index.php\\\/cambe-ja-aplicou-mais-de-100-mil-vacinas-contra-a-covid-19\\\/#primaryimage\"},\"image\":{\"@id\":\"https:\\\/\\\/www.cambe.pr.gov.br\\\/index.php\\\/cambe-ja-aplicou-mais-de-100-mil-vacinas-contra-a-covid-19\\\/#primaryimage\"},\"thumbnailUrl\":\"http:\\\/\\\/www.cambe.pr.gov.br\\\/wp-content\\\/uploads\\\/2021\\\/08\\\/WhatsApp-Image-2021-07-10-at-10.20.47-300x200.jpeg\",\"datePublished\":\"2021-09-04T11:47:22+00:00\",\"dateModified\":\"2024-10-07T16:00:24+00:00\",\"breadcrumb\":{\"@id\":\"https:\\\/\\\/www.cambe.pr.gov.br\\\/index.php\\\/cambe-ja-aplicou-mais-de-100-mil-vacinas-contra-a-covid-19\\\/#breadcrumb\"},\"inLanguage\":\"pt-BR\",\"potentialAction\":[{\"@type\":\"ReadAction\",\"target\":[\"https:\\\/\\\/www.cambe.pr.gov.br\\\/index.php\\\/cambe-ja-aplicou-mais-de-100-mil-vacinas-contra-a-covid-19\\\/\"]}]},{\"@type\":\"ImageObject\",\"inLanguage\":\"pt-BR\",\"@id\":\"https:\\\/\\\/www.cambe.pr.gov.br\\\/index.php\\\/cambe-ja-aplicou-mais-de-100-mil-vacinas-contra-a-covid-19\\\/#primaryimage\",\"url\":\"http:\\\/\\\/www.cambe.pr.gov.br\\\/wp-content\\\/uploads\\\/2021\\\/08\\\/WhatsApp-Image-2021-07-10-at-10.20.47-300x200.jpeg\",\"contentUrl\":\"http:\\\/\\\/www.cambe.pr.gov.br\\\/wp-content\\\/uploads\\\/2021\\\/08\\\/WhatsApp-Image-2021-07-10-at-10.20.47-300x200.jpeg\"},{\"@type\":\"BreadcrumbList\",\"@id\":\"https:\\\/\\\/www.cambe.pr.gov.br\\\/index.php\\\/cambe-ja-aplicou-mais-de-100-mil-vacinas-contra-a-covid-19\\\/#breadcrumb\",\"itemListElement\":[{\"@type\":\"ListItem\",\"position\":1,\"name\":\"In\u00edcio\",\"item\":\"https:\\\/\\\/www.cambe.pr.gov.br\\\/\"},{\"@type\":\"ListItem\",\"position\":2,\"name\":\"Camb\u00e9 j\u00e1 aplicou mais de 100 mil doses de vacina contra a Covid-19\"}]},{\"@type\":\"WebSite\",\"@id\":\"https:\\\/\\\/www.cambe.pr.gov.br\\\/#website\",\"url\":\"https:\\\/\\\/www.cambe.pr.gov.br\\\/\",\"name\":\"Prefeitura de Camb\u00e9\",\"description\":\"UM GOVERNO PARA TODOS\",\"publisher\":{\"@id\":\"https:\\\/\\\/www.cambe.pr.gov.br\\\/#organization\"},\"potentialAction\":[{\"@type\":\"SearchAction\",\"target\":{\"@type\":\"EntryPoint\",\"urlTemplate\":\"https:\\\/\\\/www.cambe.pr.gov.br\\\/?s={search_term_string}\"},\"query-input\":{\"@type\":\"PropertyValueSpecification\",\"valueRequired\":true,\"valueName\":\"search_term_string\"}}],\"inLanguage\":\"pt-BR\"},{\"@type\":\"Organization\",\"@id\":\"https:\\\/\\\/www.cambe.pr.gov.br\\\/#organization\",\"name\":\"Prefeitura de Camb\u00e9\",\"url\":\"https:\\\/\\\/www.cambe.pr.gov.br\\\/\",\"logo\":{\"@type\":\"ImageObject\",\"inLanguage\":\"pt-BR\",\"@id\":\"https:\\\/\\\/www.cambe.pr.gov.br\\\/#\\\/schema\\\/logo\\\/image\\\/\",\"url\":\"https:\\\/\\\/www.cambe.pr.gov.br\\\/wp-content\\\/uploads\\\/2021\\\/01\\\/cropped-cropped-cambe_brazao-icone.png\",\"contentUrl\":\"https:\\\/\\\/www.cambe.pr.gov.br\\\/wp-content\\\/uploads\\\/2021\\\/01\\\/cropped-cropped-cambe_brazao-icone.png\",\"width\":240,\"height\":240,\"caption\":\"Prefeitura de Camb\u00e9\"},\"image\":{\"@id\":\"https:\\\/\\\/www.cambe.pr.gov.br\\\/#\\\/schema\\\/logo\\\/image\\\/\"},\"sameAs\":[\"https:\\\/\\\/m.facebook.com\\\/prefeituradecambe\"]},{\"@type\":\"Person\",\"@id\":\"https:\\\/\\\/www.cambe.pr.gov.br\\\/#\\\/schema\\\/person\\\/e08f7c43a641b2ec036e4e867ec483e4\",\"name\":\"Thiago Mossini Balbino dos Santos\",\"image\":{\"@type\":\"ImageObject\",\"inLanguage\":\"pt-BR\",\"@id\":\"https:\\\/\\\/secure.gravatar.com\\\/avatar\\\/d957ed4e1bc3ebf5769d1003f9709cd2012ebf424eb4a5d76a933fee30e874b6?s=96&d=mm&r=g\",\"url\":\"https:\\\/\\\/secure.gravatar.com\\\/avatar\\\/d957ed4e1bc3ebf5769d1003f9709cd2012ebf424eb4a5d76a933fee30e874b6?s=96&d=mm&r=g\",\"contentUrl\":\"https:\\\/\\\/secure.gravatar.com\\\/avatar\\\/d957ed4e1bc3ebf5769d1003f9709cd2012ebf424eb4a5d76a933fee30e874b6?s=96&d=mm&r=g\",\"caption\":\"Thiago Mossini Balbino dos Santos\"},\"url\":\"https:\\\/\\\/www.cambe.pr.gov.br\\\/index.php\\\/author\\\/tmbsantos\\\/\"}]}<\/script>\n<!-- \/ Yoast SEO plugin. -->","yoast_head_json":{"title":"Camb\u00e9 j\u00e1 aplicou mais de 100 mil doses de vacina contra a Covid-19 - Prefeitura de Camb\u00e9","robots":{"index":"index","follow":"follow","max-snippet":"max-snippet:-1","max-image-preview":"max-image-preview:large","max-video-preview":"max-video-preview:-1"},"canonical":"https:\/\/www.cambe.pr.gov.br\/index.php\/cambe-ja-aplicou-mais-de-100-mil-vacinas-contra-a-covid-19\/","og_locale":"pt_BR","og_type":"article","og_title":"Camb\u00e9 j\u00e1 aplicou mais de 100 mil doses de vacina contra a Covid-19 - Prefeitura de Camb\u00e9","og_description":"O munic\u00edpio de Camb\u00e9 ultrapassou a marca de 100 mil vacinas aplicadas contra a Covid-19 nesta sexta-feira, dia 03 de setembro. As \u00faltimas informa\u00e7\u00f5es divulgadas pela Secretaria Municipal de Sa\u00fade apontam que a cidade j\u00e1 aplicou 101.054 doses da vacina nos cambeenses. Na cidade, 92,6% da popula\u00e7\u00e3o apta j\u00e1 recebeu ao menos uma dose da [&hellip;]","og_url":"https:\/\/www.cambe.pr.gov.br\/index.php\/cambe-ja-aplicou-mais-de-100-mil-vacinas-contra-a-covid-19\/","og_site_name":"Prefeitura de Camb\u00e9","article_publisher":"https:\/\/m.facebook.com\/prefeituradecambe","article_published_time":"2021-09-04T11:47:22+00:00","article_modified_time":"2024-10-07T16:00:24+00:00","og_image":[{"url":"http:\/\/www.cambe.pr.gov.br\/wp-content\/uploads\/2021\/08\/WhatsApp-Image-2021-07-10-at-10.20.47-300x200.jpeg","type":"","width":"","height":""}],"author":"Thiago Mossini Balbino dos Santos","twitter_card":"summary_large_image","twitter_misc":{"Escrito por":"Thiago Mossini Balbino dos Santos","Est. tempo de leitura":"3 minutos"},"schema":{"@context":"https:\/\/schema.org","@graph":[{"@type":"Article","@id":"https:\/\/www.cambe.pr.gov.br\/index.php\/cambe-ja-aplicou-mais-de-100-mil-vacinas-contra-a-covid-19\/#article","isPartOf":{"@id":"https:\/\/www.cambe.pr.gov.br\/index.php\/cambe-ja-aplicou-mais-de-100-mil-vacinas-contra-a-covid-19\/"},"author":{"name":"Thiago Mossini Balbino dos Santos","@id":"https:\/\/www.cambe.pr.gov.br\/#\/schema\/person\/e08f7c43a641b2ec036e4e867ec483e4"},"headline":"Camb\u00e9 j\u00e1 aplicou mais de 100 mil doses de vacina contra a Covid-19","datePublished":"2021-09-04T11:47:22+00:00","dateModified":"2024-10-07T16:00:24+00:00","mainEntityOfPage":{"@id":"https:\/\/www.cambe.pr.gov.br\/index.php\/cambe-ja-aplicou-mais-de-100-mil-vacinas-contra-a-covid-19\/"},"wordCount":633,"publisher":{"@id":"https:\/\/www.cambe.pr.gov.br\/#organization"},"image":{"@id":"https:\/\/www.cambe.pr.gov.br\/index.php\/cambe-ja-aplicou-mais-de-100-mil-vacinas-contra-a-covid-19\/#primaryimage"},"thumbnailUrl":"http:\/\/www.cambe.pr.gov.br\/wp-content\/uploads\/2021\/08\/WhatsApp-Image-2021-07-10-at-10.20.47-300x200.jpeg","articleSection":["Principal"],"inLanguage":"pt-BR"},{"@type":"WebPage","@id":"https:\/\/www.cambe.pr.gov.br\/index.php\/cambe-ja-aplicou-mais-de-100-mil-vacinas-contra-a-covid-19\/","url":"https:\/\/www.cambe.pr.gov.br\/index.php\/cambe-ja-aplicou-mais-de-100-mil-vacinas-contra-a-covid-19\/","name":"Camb\u00e9 j\u00e1 aplicou mais de 100 mil doses de vacina contra a Covid-19 - Prefeitura de Camb\u00e9","isPartOf":{"@id":"https:\/\/www.cambe.pr.gov.br\/#website"},"primaryImageOfPage":{"@id":"https:\/\/www.cambe.pr.gov.br\/index.php\/cambe-ja-aplicou-mais-de-100-mil-vacinas-contra-a-covid-19\/#primaryimage"},"image":{"@id":"https:\/\/www.cambe.pr.gov.br\/index.php\/cambe-ja-aplicou-mais-de-100-mil-vacinas-contra-a-covid-19\/#primaryimage"},"thumbnailUrl":"http:\/\/www.cambe.pr.gov.br\/wp-content\/uploads\/2021\/08\/WhatsApp-Image-2021-07-10-at-10.20.47-300x200.jpeg","datePublished":"2021-09-04T11:47:22+00:00","dateModified":"2024-10-07T16:00:24+00:00","breadcrumb":{"@id":"https:\/\/www.cambe.pr.gov.br\/index.php\/cambe-ja-aplicou-mais-de-100-mil-vacinas-contra-a-covid-19\/#breadcrumb"},"inLanguage":"pt-BR","potentialAction":[{"@type":"ReadAction","target":["https:\/\/www.cambe.pr.gov.br\/index.php\/cambe-ja-aplicou-mais-de-100-mil-vacinas-contra-a-covid-19\/"]}]},{"@type":"ImageObject","inLanguage":"pt-BR","@id":"https:\/\/www.cambe.pr.gov.br\/index.php\/cambe-ja-aplicou-mais-de-100-mil-vacinas-contra-a-covid-19\/#primaryimage","url":"http:\/\/www.cambe.pr.gov.br\/wp-content\/uploads\/2021\/08\/WhatsApp-Image-2021-07-10-at-10.20.47-300x200.jpeg","contentUrl":"http:\/\/www.cambe.pr.gov.br\/wp-content\/uploads\/2021\/08\/WhatsApp-Image-2021-07-10-at-10.20.47-300x200.jpeg"},{"@type":"BreadcrumbList","@id":"https:\/\/www.cambe.pr.gov.br\/index.php\/cambe-ja-aplicou-mais-de-100-mil-vacinas-contra-a-covid-19\/#breadcrumb","itemListElement":[{"@type":"ListItem","position":1,"name":"In\u00edcio","item":"https:\/\/www.cambe.pr.gov.br\/"},{"@type":"ListItem","position":2,"name":"Camb\u00e9 j\u00e1 aplicou mais de 100 mil doses de vacina contra a Covid-19"}]},{"@type":"WebSite","@id":"https:\/\/www.cambe.pr.gov.br\/#website","url":"https:\/\/www.cambe.pr.gov.br\/","name":"Prefeitura de Camb\u00e9","description":"UM GOVERNO PARA TODOS","publisher":{"@id":"https:\/\/www.cambe.pr.gov.br\/#organization"},"potentialAction":[{"@type":"SearchAction","target":{"@type":"EntryPoint","urlTemplate":"https:\/\/www.cambe.pr.gov.br\/?s={search_term_string}"},"query-input":{"@type":"PropertyValueSpecification","valueRequired":true,"valueName":"search_term_string"}}],"inLanguage":"pt-BR"},{"@type":"Organization","@id":"https:\/\/www.cambe.pr.gov.br\/#organization","name":"Prefeitura de Camb\u00e9","url":"https:\/\/www.cambe.pr.gov.br\/","logo":{"@type":"ImageObject","inLanguage":"pt-BR","@id":"https:\/\/www.cambe.pr.gov.br\/#\/schema\/logo\/image\/","url":"https:\/\/www.cambe.pr.gov.br\/wp-content\/uploads\/2021\/01\/cropped-cropped-cambe_brazao-icone.png","contentUrl":"https:\/\/www.cambe.pr.gov.br\/wp-content\/uploads\/2021\/01\/cropped-cropped-cambe_brazao-icone.png","width":240,"height":240,"caption":"Prefeitura de Camb\u00e9"},"image":{"@id":"https:\/\/www.cambe.pr.gov.br\/#\/schema\/logo\/image\/"},"sameAs":["https:\/\/m.facebook.com\/prefeituradecambe"]},{"@type":"Person","@id":"https:\/\/www.cambe.pr.gov.br\/#\/schema\/person\/e08f7c43a641b2ec036e4e867ec483e4","name":"Thiago Mossini Balbino dos Santos","image":{"@type":"ImageObject","inLanguage":"pt-BR","@id":"https:\/\/secure.gravatar.com\/avatar\/d957ed4e1bc3ebf5769d1003f9709cd2012ebf424eb4a5d76a933fee30e874b6?s=96&d=mm&r=g","url":"https:\/\/secure.gravatar.com\/avatar\/d957ed4e1bc3ebf5769d1003f9709cd2012ebf424eb4a5d76a933fee30e874b6?s=96&d=mm&r=g","contentUrl":"https:\/\/secure.gravatar.com\/avatar\/d957ed4e1bc3ebf5769d1003f9709cd2012ebf424eb4a5d76a933fee30e874b6?s=96&d=mm&r=g","caption":"Thiago Mossini Balbino dos Santos"},"url":"https:\/\/www.cambe.pr.gov.br\/index.php\/author\/tmbsantos\/"}]}},"_links":{"self":[{"href":"https:\/\/www.cambe.pr.gov.br\/index.php\/wp-json\/wp\/v2\/posts\/3375","targetHints":{"allow":["GET"]}}],"collection":[{"href":"https:\/\/www.cambe.pr.gov.br\/index.php\/wp-json\/wp\/v2\/posts"}],"about":[{"href":"https:\/\/www.cambe.pr.gov.br\/index.php\/wp-json\/wp\/v2\/types\/post"}],"author":[{"embeddable":true,"href":"https:\/\/www.cambe.pr.gov.br\/index.php\/wp-json\/wp\/v2\/users\/2"}],"replies":[{"embeddable":true,"href":"https:\/\/www.cambe.pr.gov.br\/index.php\/wp-json\/wp\/v2\/comments?post=3375"}],"version-history":[{"count":4,"href":"https:\/\/www.cambe.pr.gov.br\/index.php\/wp-json\/wp\/v2\/posts\/3375\/revisions"}],"predecessor-version":[{"id":3381,"href":"https:\/\/www.cambe.pr.gov.br\/index.php\/wp-json\/wp\/v2\/posts\/3375\/revisions\/3381"}],"wp:attachment":[{"href":"https:\/\/www.cambe.pr.gov.br\/index.php\/wp-json\/wp\/v2\/media?parent=3375"}],"wp:term":[{"taxonomy":"category","embeddable":true,"href":"https:\/\/www.cambe.pr.gov.br\/index.php\/wp-json\/wp\/v2\/categories?post=3375"},{"taxonomy":"post_tag","embeddable":true,"href":"https:\/\/www.cambe.pr.gov.br\/index.php\/wp-json\/wp\/v2\/tags?post=3375"}],"curies":[{"name":"wp","href":"https:\/\/api.w.org\/{rel}","templated":true}]}}