{"id":3369,"date":"2021-09-03T11:32:39","date_gmt":"2021-09-03T14:32:39","guid":{"rendered":"http:\/\/www.cambe.pr.gov.br\/?p=3369"},"modified":"2024-10-07T13:00:24","modified_gmt":"2024-10-07T16:00:24","slug":"assistencia-social-abre-cadastro-para-entidades-que-desenvolvam-acoes-de-atendimento-aos-idosos","status":"publish","type":"post","link":"https:\/\/www.cambe.pr.gov.br\/index.php\/assistencia-social-abre-cadastro-para-entidades-que-desenvolvam-acoes-de-atendimento-aos-idosos\/","title":{"rendered":"Assist\u00eancia Social cadastra entidades que desenvolvem a\u00e7\u00f5es de atendimento a idosos"},"content":{"rendered":"<p style=\"text-align: justify;\"><span style=\"font-family: arial, helvetica, sans-serif;\"><img fetchpriority=\"high\" decoding=\"async\" class=\"alignleft wp-image-3370 size-medium\" src=\"https:\/\/www.cambe.pr.gov.br\/wp-content\/uploads\/2021\/09\/WhatsApp-Image-2021-09-03-at-11.24.45-e1630679279414-300x200.jpeg\" alt=\"\" width=\"300\" height=\"200\" srcset=\"https:\/\/www.cambe.pr.gov.br\/wp-content\/uploads\/2021\/09\/WhatsApp-Image-2021-09-03-at-11.24.45-e1630679279414-300x200.jpeg 300w, https:\/\/www.cambe.pr.gov.br\/wp-content\/uploads\/2021\/09\/WhatsApp-Image-2021-09-03-at-11.24.45-e1630679279414-1024x683.jpeg 1024w, https:\/\/www.cambe.pr.gov.br\/wp-content\/uploads\/2021\/09\/WhatsApp-Image-2021-09-03-at-11.24.45-e1630679279414-768x512.jpeg 768w, https:\/\/www.cambe.pr.gov.br\/wp-content\/uploads\/2021\/09\/WhatsApp-Image-2021-09-03-at-11.24.45-e1630679279414.jpeg 1280w\" sizes=\"(max-width: 300px) 100vw, 300px\" \/>A Prefeitura Municipal de Camb\u00e9, atrav\u00e9s da Secretaria Municipal de Assist\u00eancia Social e Cidadania, est\u00e1 com cadastro aberto para entidades n\u00e3o governamentais que desenvolvam a\u00e7\u00f5es nas diversas \u00e1reas de atendimento \u00e0 pessoa idosa. Elas podem se inscrever at\u00e9 o dia 10 de setembro. O cadastro deve ser feito pelo link <a href=\"https:\/\/forms.gle\/VZBvJwiTdhZRFTpCA\">https:\/\/forms.gle\/VZBvJwiTdhZRFTpCA<\/a>.<\/span><\/p>\n<p style=\"text-align: justify;\"><span style=\"font-family: arial, helvetica, sans-serif;\">Segundo Lucilene Diorio, secret\u00e1ria de Assist\u00eancia Social e Cidadania, ap\u00f3s o cadastro destas entidades, daremos in\u00edcio a reativa\u00e7\u00e3o do Conselho Municipal dos Direitos da Pessoa Idosa no mun\u00edcipio. Para mais informa\u00e7\u00f5es o telefone de contato \u00e9 (43) 3174-0294.<\/span><\/p>\n","protected":false},"excerpt":{"rendered":"<p>A Prefeitura Municipal de Camb\u00e9, atrav\u00e9s da Secretaria Municipal de Assist\u00eancia Social e Cidadania, est\u00e1 com cadastro aberto para entidades n\u00e3o governamentais que desenvolvam a\u00e7\u00f5es nas diversas \u00e1reas de atendimento \u00e0 pessoa idosa. Elas podem se inscrever at\u00e9 o dia 10 de setembro. O cadastro deve ser feito pelo link https:\/\/forms.gle\/VZBvJwiTdhZRFTpCA. Segundo Lucilene Diorio, secret\u00e1ria [&hellip;]<\/p>\n","protected":false},"author":2,"featured_media":0,"comment_status":"closed","ping_status":"open","sticky":false,"template":"","format":"standard","meta":{"ngg_post_thumbnail":0,"footnotes":""},"categories":[1],"tags":[],"class_list":["post-3369","post","type-post","status-publish","format-standard","hentry","category-principal"],"yoast_head":"<!-- This site is optimized with the Yoast SEO plugin v27.4 - https:\/\/yoast.com\/product\/yoast-seo-wordpress\/ -->\n<title>Assist\u00eancia Social cadastra entidades que desenvolvem a\u00e7\u00f5es de atendimento a idosos - Prefeitura de Camb\u00e9<\/title>\n<meta name=\"robots\" content=\"index, follow, max-snippet:-1, max-image-preview:large, max-video-preview:-1\" \/>\n<link rel=\"canonical\" href=\"https:\/\/www.cambe.pr.gov.br\/index.php\/assistencia-social-abre-cadastro-para-entidades-que-desenvolvam-acoes-de-atendimento-aos-idosos\/\" \/>\n<meta property=\"og:locale\" content=\"pt_BR\" \/>\n<meta property=\"og:type\" content=\"article\" \/>\n<meta property=\"og:title\" content=\"Assist\u00eancia Social cadastra entidades que desenvolvem a\u00e7\u00f5es de atendimento a idosos - Prefeitura de Camb\u00e9\" \/>\n<meta property=\"og:description\" content=\"A Prefeitura Municipal de Camb\u00e9, atrav\u00e9s da Secretaria Municipal de Assist\u00eancia Social e Cidadania, est\u00e1 com cadastro aberto para entidades n\u00e3o governamentais que desenvolvam a\u00e7\u00f5es nas diversas \u00e1reas de atendimento \u00e0 pessoa idosa. Elas podem se inscrever at\u00e9 o dia 10 de setembro. O cadastro deve ser feito pelo link https:\/\/forms.gle\/VZBvJwiTdhZRFTpCA. Segundo Lucilene Diorio, secret\u00e1ria [&hellip;]\" \/>\n<meta property=\"og:url\" content=\"https:\/\/www.cambe.pr.gov.br\/index.php\/assistencia-social-abre-cadastro-para-entidades-que-desenvolvam-acoes-de-atendimento-aos-idosos\/\" \/>\n<meta property=\"og:site_name\" content=\"Prefeitura de Camb\u00e9\" \/>\n<meta property=\"article:publisher\" content=\"https:\/\/m.facebook.com\/prefeituradecambe\" \/>\n<meta property=\"article:published_time\" content=\"2021-09-03T14:32:39+00:00\" \/>\n<meta property=\"article:modified_time\" content=\"2024-10-07T16:00:24+00:00\" \/>\n<meta property=\"og:image\" content=\"http:\/\/www.cambe.pr.gov.br\/wp-content\/uploads\/2021\/09\/WhatsApp-Image-2021-09-03-at-11.24.45-e1630679279414-300x200.jpeg\" \/>\n<meta name=\"author\" content=\"Thiago Mossini Balbino dos Santos\" \/>\n<meta name=\"twitter:card\" content=\"summary_large_image\" \/>\n<meta name=\"twitter:label1\" content=\"Escrito por\" \/>\n\t<meta name=\"twitter:data1\" content=\"Thiago Mossini Balbino dos Santos\" \/>\n<script type=\"application\/ld+json\" class=\"yoast-schema-graph\">{\"@context\":\"https:\\\/\\\/schema.org\",\"@graph\":[{\"@type\":\"Article\",\"@id\":\"https:\\\/\\\/www.cambe.pr.gov.br\\\/index.php\\\/assistencia-social-abre-cadastro-para-entidades-que-desenvolvam-acoes-de-atendimento-aos-idosos\\\/#article\",\"isPartOf\":{\"@id\":\"https:\\\/\\\/www.cambe.pr.gov.br\\\/index.php\\\/assistencia-social-abre-cadastro-para-entidades-que-desenvolvam-acoes-de-atendimento-aos-idosos\\\/\"},\"author\":{\"name\":\"Thiago Mossini Balbino dos Santos\",\"@id\":\"https:\\\/\\\/www.cambe.pr.gov.br\\\/#\\\/schema\\\/person\\\/e08f7c43a641b2ec036e4e867ec483e4\"},\"headline\":\"Assist\u00eancia Social cadastra entidades que desenvolvem a\u00e7\u00f5es de atendimento a idosos\",\"datePublished\":\"2021-09-03T14:32:39+00:00\",\"dateModified\":\"2024-10-07T16:00:24+00:00\",\"mainEntityOfPage\":{\"@id\":\"https:\\\/\\\/www.cambe.pr.gov.br\\\/index.php\\\/assistencia-social-abre-cadastro-para-entidades-que-desenvolvam-acoes-de-atendimento-aos-idosos\\\/\"},\"wordCount\":112,\"publisher\":{\"@id\":\"https:\\\/\\\/www.cambe.pr.gov.br\\\/#organization\"},\"image\":{\"@id\":\"https:\\\/\\\/www.cambe.pr.gov.br\\\/index.php\\\/assistencia-social-abre-cadastro-para-entidades-que-desenvolvam-acoes-de-atendimento-aos-idosos\\\/#primaryimage\"},\"thumbnailUrl\":\"http:\\\/\\\/www.cambe.pr.gov.br\\\/wp-content\\\/uploads\\\/2021\\\/09\\\/WhatsApp-Image-2021-09-03-at-11.24.45-e1630679279414-300x200.jpeg\",\"articleSection\":[\"Principal\"],\"inLanguage\":\"pt-BR\"},{\"@type\":\"WebPage\",\"@id\":\"https:\\\/\\\/www.cambe.pr.gov.br\\\/index.php\\\/assistencia-social-abre-cadastro-para-entidades-que-desenvolvam-acoes-de-atendimento-aos-idosos\\\/\",\"url\":\"https:\\\/\\\/www.cambe.pr.gov.br\\\/index.php\\\/assistencia-social-abre-cadastro-para-entidades-que-desenvolvam-acoes-de-atendimento-aos-idosos\\\/\",\"name\":\"Assist\u00eancia Social cadastra entidades que desenvolvem a\u00e7\u00f5es de atendimento a idosos - Prefeitura de Camb\u00e9\",\"isPartOf\":{\"@id\":\"https:\\\/\\\/www.cambe.pr.gov.br\\\/#website\"},\"primaryImageOfPage\":{\"@id\":\"https:\\\/\\\/www.cambe.pr.gov.br\\\/index.php\\\/assistencia-social-abre-cadastro-para-entidades-que-desenvolvam-acoes-de-atendimento-aos-idosos\\\/#primaryimage\"},\"image\":{\"@id\":\"https:\\\/\\\/www.cambe.pr.gov.br\\\/index.php\\\/assistencia-social-abre-cadastro-para-entidades-que-desenvolvam-acoes-de-atendimento-aos-idosos\\\/#primaryimage\"},\"thumbnailUrl\":\"http:\\\/\\\/www.cambe.pr.gov.br\\\/wp-content\\\/uploads\\\/2021\\\/09\\\/WhatsApp-Image-2021-09-03-at-11.24.45-e1630679279414-300x200.jpeg\",\"datePublished\":\"2021-09-03T14:32:39+00:00\",\"dateModified\":\"2024-10-07T16:00:24+00:00\",\"breadcrumb\":{\"@id\":\"https:\\\/\\\/www.cambe.pr.gov.br\\\/index.php\\\/assistencia-social-abre-cadastro-para-entidades-que-desenvolvam-acoes-de-atendimento-aos-idosos\\\/#breadcrumb\"},\"inLanguage\":\"pt-BR\",\"potentialAction\":[{\"@type\":\"ReadAction\",\"target\":[\"https:\\\/\\\/www.cambe.pr.gov.br\\\/index.php\\\/assistencia-social-abre-cadastro-para-entidades-que-desenvolvam-acoes-de-atendimento-aos-idosos\\\/\"]}]},{\"@type\":\"ImageObject\",\"inLanguage\":\"pt-BR\",\"@id\":\"https:\\\/\\\/www.cambe.pr.gov.br\\\/index.php\\\/assistencia-social-abre-cadastro-para-entidades-que-desenvolvam-acoes-de-atendimento-aos-idosos\\\/#primaryimage\",\"url\":\"http:\\\/\\\/www.cambe.pr.gov.br\\\/wp-content\\\/uploads\\\/2021\\\/09\\\/WhatsApp-Image-2021-09-03-at-11.24.45-e1630679279414-300x200.jpeg\",\"contentUrl\":\"http:\\\/\\\/www.cambe.pr.gov.br\\\/wp-content\\\/uploads\\\/2021\\\/09\\\/WhatsApp-Image-2021-09-03-at-11.24.45-e1630679279414-300x200.jpeg\"},{\"@type\":\"BreadcrumbList\",\"@id\":\"https:\\\/\\\/www.cambe.pr.gov.br\\\/index.php\\\/assistencia-social-abre-cadastro-para-entidades-que-desenvolvam-acoes-de-atendimento-aos-idosos\\\/#breadcrumb\",\"itemListElement\":[{\"@type\":\"ListItem\",\"position\":1,\"name\":\"In\u00edcio\",\"item\":\"https:\\\/\\\/www.cambe.pr.gov.br\\\/\"},{\"@type\":\"ListItem\",\"position\":2,\"name\":\"Assist\u00eancia Social cadastra entidades que desenvolvem a\u00e7\u00f5es de atendimento a idosos\"}]},{\"@type\":\"WebSite\",\"@id\":\"https:\\\/\\\/www.cambe.pr.gov.br\\\/#website\",\"url\":\"https:\\\/\\\/www.cambe.pr.gov.br\\\/\",\"name\":\"Prefeitura de Camb\u00e9\",\"description\":\"UM GOVERNO PARA TODOS\",\"publisher\":{\"@id\":\"https:\\\/\\\/www.cambe.pr.gov.br\\\/#organization\"},\"potentialAction\":[{\"@type\":\"SearchAction\",\"target\":{\"@type\":\"EntryPoint\",\"urlTemplate\":\"https:\\\/\\\/www.cambe.pr.gov.br\\\/?s={search_term_string}\"},\"query-input\":{\"@type\":\"PropertyValueSpecification\",\"valueRequired\":true,\"valueName\":\"search_term_string\"}}],\"inLanguage\":\"pt-BR\"},{\"@type\":\"Organization\",\"@id\":\"https:\\\/\\\/www.cambe.pr.gov.br\\\/#organization\",\"name\":\"Prefeitura de Camb\u00e9\",\"url\":\"https:\\\/\\\/www.cambe.pr.gov.br\\\/\",\"logo\":{\"@type\":\"ImageObject\",\"inLanguage\":\"pt-BR\",\"@id\":\"https:\\\/\\\/www.cambe.pr.gov.br\\\/#\\\/schema\\\/logo\\\/image\\\/\",\"url\":\"https:\\\/\\\/www.cambe.pr.gov.br\\\/wp-content\\\/uploads\\\/2021\\\/01\\\/cropped-cropped-cambe_brazao-icone.png\",\"contentUrl\":\"https:\\\/\\\/www.cambe.pr.gov.br\\\/wp-content\\\/uploads\\\/2021\\\/01\\\/cropped-cropped-cambe_brazao-icone.png\",\"width\":240,\"height\":240,\"caption\":\"Prefeitura de Camb\u00e9\"},\"image\":{\"@id\":\"https:\\\/\\\/www.cambe.pr.gov.br\\\/#\\\/schema\\\/logo\\\/image\\\/\"},\"sameAs\":[\"https:\\\/\\\/m.facebook.com\\\/prefeituradecambe\"]},{\"@type\":\"Person\",\"@id\":\"https:\\\/\\\/www.cambe.pr.gov.br\\\/#\\\/schema\\\/person\\\/e08f7c43a641b2ec036e4e867ec483e4\",\"name\":\"Thiago Mossini Balbino dos Santos\",\"image\":{\"@type\":\"ImageObject\",\"inLanguage\":\"pt-BR\",\"@id\":\"https:\\\/\\\/secure.gravatar.com\\\/avatar\\\/d957ed4e1bc3ebf5769d1003f9709cd2012ebf424eb4a5d76a933fee30e874b6?s=96&d=mm&r=g\",\"url\":\"https:\\\/\\\/secure.gravatar.com\\\/avatar\\\/d957ed4e1bc3ebf5769d1003f9709cd2012ebf424eb4a5d76a933fee30e874b6?s=96&d=mm&r=g\",\"contentUrl\":\"https:\\\/\\\/secure.gravatar.com\\\/avatar\\\/d957ed4e1bc3ebf5769d1003f9709cd2012ebf424eb4a5d76a933fee30e874b6?s=96&d=mm&r=g\",\"caption\":\"Thiago Mossini Balbino dos Santos\"},\"url\":\"https:\\\/\\\/www.cambe.pr.gov.br\\\/index.php\\\/author\\\/tmbsantos\\\/\"}]}<\/script>\n<!-- \/ Yoast SEO plugin. -->","yoast_head_json":{"title":"Assist\u00eancia Social cadastra entidades que desenvolvem a\u00e7\u00f5es de atendimento a idosos - Prefeitura de Camb\u00e9","robots":{"index":"index","follow":"follow","max-snippet":"max-snippet:-1","max-image-preview":"max-image-preview:large","max-video-preview":"max-video-preview:-1"},"canonical":"https:\/\/www.cambe.pr.gov.br\/index.php\/assistencia-social-abre-cadastro-para-entidades-que-desenvolvam-acoes-de-atendimento-aos-idosos\/","og_locale":"pt_BR","og_type":"article","og_title":"Assist\u00eancia Social cadastra entidades que desenvolvem a\u00e7\u00f5es de atendimento a idosos - Prefeitura de Camb\u00e9","og_description":"A Prefeitura Municipal de Camb\u00e9, atrav\u00e9s da Secretaria Municipal de Assist\u00eancia Social e Cidadania, est\u00e1 com cadastro aberto para entidades n\u00e3o governamentais que desenvolvam a\u00e7\u00f5es nas diversas \u00e1reas de atendimento \u00e0 pessoa idosa. Elas podem se inscrever at\u00e9 o dia 10 de setembro. O cadastro deve ser feito pelo link https:\/\/forms.gle\/VZBvJwiTdhZRFTpCA. Segundo Lucilene Diorio, secret\u00e1ria [&hellip;]","og_url":"https:\/\/www.cambe.pr.gov.br\/index.php\/assistencia-social-abre-cadastro-para-entidades-que-desenvolvam-acoes-de-atendimento-aos-idosos\/","og_site_name":"Prefeitura de Camb\u00e9","article_publisher":"https:\/\/m.facebook.com\/prefeituradecambe","article_published_time":"2021-09-03T14:32:39+00:00","article_modified_time":"2024-10-07T16:00:24+00:00","og_image":[{"url":"http:\/\/www.cambe.pr.gov.br\/wp-content\/uploads\/2021\/09\/WhatsApp-Image-2021-09-03-at-11.24.45-e1630679279414-300x200.jpeg","type":"","width":"","height":""}],"author":"Thiago Mossini Balbino dos Santos","twitter_card":"summary_large_image","twitter_misc":{"Escrito por":"Thiago Mossini Balbino dos Santos"},"schema":{"@context":"https:\/\/schema.org","@graph":[{"@type":"Article","@id":"https:\/\/www.cambe.pr.gov.br\/index.php\/assistencia-social-abre-cadastro-para-entidades-que-desenvolvam-acoes-de-atendimento-aos-idosos\/#article","isPartOf":{"@id":"https:\/\/www.cambe.pr.gov.br\/index.php\/assistencia-social-abre-cadastro-para-entidades-que-desenvolvam-acoes-de-atendimento-aos-idosos\/"},"author":{"name":"Thiago Mossini Balbino dos Santos","@id":"https:\/\/www.cambe.pr.gov.br\/#\/schema\/person\/e08f7c43a641b2ec036e4e867ec483e4"},"headline":"Assist\u00eancia Social cadastra entidades que desenvolvem a\u00e7\u00f5es de atendimento a idosos","datePublished":"2021-09-03T14:32:39+00:00","dateModified":"2024-10-07T16:00:24+00:00","mainEntityOfPage":{"@id":"https:\/\/www.cambe.pr.gov.br\/index.php\/assistencia-social-abre-cadastro-para-entidades-que-desenvolvam-acoes-de-atendimento-aos-idosos\/"},"wordCount":112,"publisher":{"@id":"https:\/\/www.cambe.pr.gov.br\/#organization"},"image":{"@id":"https:\/\/www.cambe.pr.gov.br\/index.php\/assistencia-social-abre-cadastro-para-entidades-que-desenvolvam-acoes-de-atendimento-aos-idosos\/#primaryimage"},"thumbnailUrl":"http:\/\/www.cambe.pr.gov.br\/wp-content\/uploads\/2021\/09\/WhatsApp-Image-2021-09-03-at-11.24.45-e1630679279414-300x200.jpeg","articleSection":["Principal"],"inLanguage":"pt-BR"},{"@type":"WebPage","@id":"https:\/\/www.cambe.pr.gov.br\/index.php\/assistencia-social-abre-cadastro-para-entidades-que-desenvolvam-acoes-de-atendimento-aos-idosos\/","url":"https:\/\/www.cambe.pr.gov.br\/index.php\/assistencia-social-abre-cadastro-para-entidades-que-desenvolvam-acoes-de-atendimento-aos-idosos\/","name":"Assist\u00eancia Social cadastra entidades que desenvolvem a\u00e7\u00f5es de atendimento a idosos - Prefeitura de Camb\u00e9","isPartOf":{"@id":"https:\/\/www.cambe.pr.gov.br\/#website"},"primaryImageOfPage":{"@id":"https:\/\/www.cambe.pr.gov.br\/index.php\/assistencia-social-abre-cadastro-para-entidades-que-desenvolvam-acoes-de-atendimento-aos-idosos\/#primaryimage"},"image":{"@id":"https:\/\/www.cambe.pr.gov.br\/index.php\/assistencia-social-abre-cadastro-para-entidades-que-desenvolvam-acoes-de-atendimento-aos-idosos\/#primaryimage"},"thumbnailUrl":"http:\/\/www.cambe.pr.gov.br\/wp-content\/uploads\/2021\/09\/WhatsApp-Image-2021-09-03-at-11.24.45-e1630679279414-300x200.jpeg","datePublished":"2021-09-03T14:32:39+00:00","dateModified":"2024-10-07T16:00:24+00:00","breadcrumb":{"@id":"https:\/\/www.cambe.pr.gov.br\/index.php\/assistencia-social-abre-cadastro-para-entidades-que-desenvolvam-acoes-de-atendimento-aos-idosos\/#breadcrumb"},"inLanguage":"pt-BR","potentialAction":[{"@type":"ReadAction","target":["https:\/\/www.cambe.pr.gov.br\/index.php\/assistencia-social-abre-cadastro-para-entidades-que-desenvolvam-acoes-de-atendimento-aos-idosos\/"]}]},{"@type":"ImageObject","inLanguage":"pt-BR","@id":"https:\/\/www.cambe.pr.gov.br\/index.php\/assistencia-social-abre-cadastro-para-entidades-que-desenvolvam-acoes-de-atendimento-aos-idosos\/#primaryimage","url":"http:\/\/www.cambe.pr.gov.br\/wp-content\/uploads\/2021\/09\/WhatsApp-Image-2021-09-03-at-11.24.45-e1630679279414-300x200.jpeg","contentUrl":"http:\/\/www.cambe.pr.gov.br\/wp-content\/uploads\/2021\/09\/WhatsApp-Image-2021-09-03-at-11.24.45-e1630679279414-300x200.jpeg"},{"@type":"BreadcrumbList","@id":"https:\/\/www.cambe.pr.gov.br\/index.php\/assistencia-social-abre-cadastro-para-entidades-que-desenvolvam-acoes-de-atendimento-aos-idosos\/#breadcrumb","itemListElement":[{"@type":"ListItem","position":1,"name":"In\u00edcio","item":"https:\/\/www.cambe.pr.gov.br\/"},{"@type":"ListItem","position":2,"name":"Assist\u00eancia Social cadastra entidades que desenvolvem a\u00e7\u00f5es de atendimento a idosos"}]},{"@type":"WebSite","@id":"https:\/\/www.cambe.pr.gov.br\/#website","url":"https:\/\/www.cambe.pr.gov.br\/","name":"Prefeitura de Camb\u00e9","description":"UM GOVERNO PARA TODOS","publisher":{"@id":"https:\/\/www.cambe.pr.gov.br\/#organization"},"potentialAction":[{"@type":"SearchAction","target":{"@type":"EntryPoint","urlTemplate":"https:\/\/www.cambe.pr.gov.br\/?s={search_term_string}"},"query-input":{"@type":"PropertyValueSpecification","valueRequired":true,"valueName":"search_term_string"}}],"inLanguage":"pt-BR"},{"@type":"Organization","@id":"https:\/\/www.cambe.pr.gov.br\/#organization","name":"Prefeitura de Camb\u00e9","url":"https:\/\/www.cambe.pr.gov.br\/","logo":{"@type":"ImageObject","inLanguage":"pt-BR","@id":"https:\/\/www.cambe.pr.gov.br\/#\/schema\/logo\/image\/","url":"https:\/\/www.cambe.pr.gov.br\/wp-content\/uploads\/2021\/01\/cropped-cropped-cambe_brazao-icone.png","contentUrl":"https:\/\/www.cambe.pr.gov.br\/wp-content\/uploads\/2021\/01\/cropped-cropped-cambe_brazao-icone.png","width":240,"height":240,"caption":"Prefeitura de Camb\u00e9"},"image":{"@id":"https:\/\/www.cambe.pr.gov.br\/#\/schema\/logo\/image\/"},"sameAs":["https:\/\/m.facebook.com\/prefeituradecambe"]},{"@type":"Person","@id":"https:\/\/www.cambe.pr.gov.br\/#\/schema\/person\/e08f7c43a641b2ec036e4e867ec483e4","name":"Thiago Mossini Balbino dos Santos","image":{"@type":"ImageObject","inLanguage":"pt-BR","@id":"https:\/\/secure.gravatar.com\/avatar\/d957ed4e1bc3ebf5769d1003f9709cd2012ebf424eb4a5d76a933fee30e874b6?s=96&d=mm&r=g","url":"https:\/\/secure.gravatar.com\/avatar\/d957ed4e1bc3ebf5769d1003f9709cd2012ebf424eb4a5d76a933fee30e874b6?s=96&d=mm&r=g","contentUrl":"https:\/\/secure.gravatar.com\/avatar\/d957ed4e1bc3ebf5769d1003f9709cd2012ebf424eb4a5d76a933fee30e874b6?s=96&d=mm&r=g","caption":"Thiago Mossini Balbino dos Santos"},"url":"https:\/\/www.cambe.pr.gov.br\/index.php\/author\/tmbsantos\/"}]}},"_links":{"self":[{"href":"https:\/\/www.cambe.pr.gov.br\/index.php\/wp-json\/wp\/v2\/posts\/3369","targetHints":{"allow":["GET"]}}],"collection":[{"href":"https:\/\/www.cambe.pr.gov.br\/index.php\/wp-json\/wp\/v2\/posts"}],"about":[{"href":"https:\/\/www.cambe.pr.gov.br\/index.php\/wp-json\/wp\/v2\/types\/post"}],"author":[{"embeddable":true,"href":"https:\/\/www.cambe.pr.gov.br\/index.php\/wp-json\/wp\/v2\/users\/2"}],"replies":[{"embeddable":true,"href":"https:\/\/www.cambe.pr.gov.br\/index.php\/wp-json\/wp\/v2\/comments?post=3369"}],"version-history":[{"count":4,"href":"https:\/\/www.cambe.pr.gov.br\/index.php\/wp-json\/wp\/v2\/posts\/3369\/revisions"}],"predecessor-version":[{"id":3382,"href":"https:\/\/www.cambe.pr.gov.br\/index.php\/wp-json\/wp\/v2\/posts\/3369\/revisions\/3382"}],"wp:attachment":[{"href":"https:\/\/www.cambe.pr.gov.br\/index.php\/wp-json\/wp\/v2\/media?parent=3369"}],"wp:term":[{"taxonomy":"category","embeddable":true,"href":"https:\/\/www.cambe.pr.gov.br\/index.php\/wp-json\/wp\/v2\/categories?post=3369"},{"taxonomy":"post_tag","embeddable":true,"href":"https:\/\/www.cambe.pr.gov.br\/index.php\/wp-json\/wp\/v2\/tags?post=3369"}],"curies":[{"name":"wp","href":"https:\/\/api.w.org\/{rel}","templated":true}]}}