{"id":3300,"date":"2021-09-02T13:37:17","date_gmt":"2021-09-02T16:37:17","guid":{"rendered":"http:\/\/www.cambe.pr.gov.br\/?p=3300"},"modified":"2024-10-07T13:00:24","modified_gmt":"2024-10-07T16:00:24","slug":"prefeitura-de-cambe-e-secretaria-de-meio-ambiente-fazem-coleta-de-lixo-eletronico","status":"publish","type":"post","link":"https:\/\/www.cambe.pr.gov.br\/index.php\/prefeitura-de-cambe-e-secretaria-de-meio-ambiente-fazem-coleta-de-lixo-eletronico\/","title":{"rendered":"Prefeitura de Camb\u00e9 e Secretaria de Meio Ambiente fazem coleta de lixo eletr\u00f4nico"},"content":{"rendered":"<p><img fetchpriority=\"high\" decoding=\"async\" class=\"wp-image-3310 size-medium alignleft\" src=\"https:\/\/www.cambe.pr.gov.br\/wp-content\/uploads\/2021\/09\/electronics-waste-bin-concept-garbage-electrical-waste-ready-for-recycling-old-devices-e-waste-disposal-management-reuse-recycle-and-recovery-300x200.jpg\" alt=\"\" width=\"300\" height=\"200\" srcset=\"https:\/\/www.cambe.pr.gov.br\/wp-content\/uploads\/2021\/09\/electronics-waste-bin-concept-garbage-electrical-waste-ready-for-recycling-old-devices-e-waste-disposal-management-reuse-recycle-and-recovery-300x200.jpg 300w, https:\/\/www.cambe.pr.gov.br\/wp-content\/uploads\/2021\/09\/electronics-waste-bin-concept-garbage-electrical-waste-ready-for-recycling-old-devices-e-waste-disposal-management-reuse-recycle-and-recovery-1024x684.jpg 1024w, https:\/\/www.cambe.pr.gov.br\/wp-content\/uploads\/2021\/09\/electronics-waste-bin-concept-garbage-electrical-waste-ready-for-recycling-old-devices-e-waste-disposal-management-reuse-recycle-and-recovery-768x513.jpg 768w, https:\/\/www.cambe.pr.gov.br\/wp-content\/uploads\/2021\/09\/electronics-waste-bin-concept-garbage-electrical-waste-ready-for-recycling-old-devices-e-waste-disposal-management-reuse-recycle-and-recovery-1536x1025.jpg 1536w, https:\/\/www.cambe.pr.gov.br\/wp-content\/uploads\/2021\/09\/electronics-waste-bin-concept-garbage-electrical-waste-ready-for-recycling-old-devices-e-waste-disposal-management-reuse-recycle-and-recovery-2048x1367.jpg 2048w\" sizes=\"(max-width: 300px) 100vw, 300px\" \/><\/p>\n<p style=\"text-align: justify;\"><span style=\"font-family: arial, helvetica, sans-serif;\">A Prefeitura de Camb\u00e9, por meio da Secretaria de Meio Ambiente, vai fazer a coleta de lixo eletr\u00f4nico no dia 11 de setembro, um s\u00e1bado. A inten\u00e7\u00e3o \u00e9 destinar de forma ambientalmente correta esses res\u00edduos eletr\u00f4nicos. A a\u00e7\u00e3o vai acontecer na cal\u00e7ada em frente ao Centro de Eventos (Rua Fran\u00e7a, 425 \u2013 Centro) das 9h \u00e0s 16h.<\/span><\/p>\n<p style=\"text-align: justify;\"><span style=\"font-family: arial, helvetica, sans-serif;\">Anderson Alves, diretor do Departamento Ambiental da Secretaria de Meio Ambiente, destaca que os res\u00edduos eletr\u00f4nicos s\u00e3o qualquer tipo de produto eletr\u00f4nico ou eletrodom\u00e9stico, como teclados, monitores, geladeiras, fios, celulares, tablets, dentre outros. \u201cMuitas pessoas descartam esse tipo de produto em fundos de vale, o que pode ocasionar acidentes ou tamb\u00e9m servir de criadouro para o mosquito transmissor da dengue\u201d, ressalta Alves.<\/span><\/p>\n<p style=\"text-align: justify;\"><span style=\"font-family: arial, helvetica, sans-serif;\">Segundo o diretor, uma ONG (Organiza\u00e7\u00e3o N\u00e3o Governamental) parceira da Prefeitura vai fazer o reaproveitamento e a reinser\u00e7\u00e3o desses materiais. \u201cEles juntam pe\u00e7as de v\u00e1rios equipamentos e fazem um \u2018novo\u2019\u201d, explica. De acordo com Anderson Alves, uma parte desses equipamentos reaproveitados \u00e9 destinada para entidades do munic\u00edpio, como o Lar Santo Ant\u00f4nio.<\/span><\/p>\n","protected":false},"excerpt":{"rendered":"<p>A Prefeitura de Camb\u00e9, por meio da Secretaria de Meio Ambiente, vai fazer a coleta de lixo eletr\u00f4nico no dia 11 de setembro, um s\u00e1bado. A inten\u00e7\u00e3o \u00e9 destinar de forma ambientalmente correta esses res\u00edduos eletr\u00f4nicos. A a\u00e7\u00e3o vai acontecer na cal\u00e7ada em frente ao Centro de Eventos (Rua Fran\u00e7a, 425 \u2013 Centro) das 9h [&hellip;]<\/p>\n","protected":false},"author":2,"featured_media":0,"comment_status":"closed","ping_status":"open","sticky":false,"template":"","format":"standard","meta":{"ngg_post_thumbnail":0,"footnotes":""},"categories":[1],"tags":[],"class_list":["post-3300","post","type-post","status-publish","format-standard","hentry","category-principal"],"yoast_head":"<!-- This site is optimized with the Yoast SEO plugin v27.4 - https:\/\/yoast.com\/product\/yoast-seo-wordpress\/ -->\n<title>Prefeitura de Camb\u00e9 e Secretaria de Meio Ambiente fazem coleta de lixo eletr\u00f4nico - Prefeitura de Camb\u00e9<\/title>\n<meta name=\"robots\" content=\"index, follow, max-snippet:-1, max-image-preview:large, max-video-preview:-1\" \/>\n<link rel=\"canonical\" href=\"https:\/\/www.cambe.pr.gov.br\/index.php\/prefeitura-de-cambe-e-secretaria-de-meio-ambiente-fazem-coleta-de-lixo-eletronico\/\" \/>\n<meta property=\"og:locale\" content=\"pt_BR\" \/>\n<meta property=\"og:type\" content=\"article\" \/>\n<meta property=\"og:title\" content=\"Prefeitura de Camb\u00e9 e Secretaria de Meio Ambiente fazem coleta de lixo eletr\u00f4nico - Prefeitura de Camb\u00e9\" \/>\n<meta property=\"og:description\" content=\"A Prefeitura de Camb\u00e9, por meio da Secretaria de Meio Ambiente, vai fazer a coleta de lixo eletr\u00f4nico no dia 11 de setembro, um s\u00e1bado. A inten\u00e7\u00e3o \u00e9 destinar de forma ambientalmente correta esses res\u00edduos eletr\u00f4nicos. A a\u00e7\u00e3o vai acontecer na cal\u00e7ada em frente ao Centro de Eventos (Rua Fran\u00e7a, 425 \u2013 Centro) das 9h [&hellip;]\" \/>\n<meta property=\"og:url\" content=\"https:\/\/www.cambe.pr.gov.br\/index.php\/prefeitura-de-cambe-e-secretaria-de-meio-ambiente-fazem-coleta-de-lixo-eletronico\/\" \/>\n<meta property=\"og:site_name\" content=\"Prefeitura de Camb\u00e9\" \/>\n<meta property=\"article:publisher\" content=\"https:\/\/m.facebook.com\/prefeituradecambe\" \/>\n<meta property=\"article:published_time\" content=\"2021-09-02T16:37:17+00:00\" \/>\n<meta property=\"article:modified_time\" content=\"2024-10-07T16:00:24+00:00\" \/>\n<meta property=\"og:image\" content=\"http:\/\/www.cambe.pr.gov.br\/wp-content\/uploads\/2021\/09\/electronics-waste-bin-concept-garbage-electrical-waste-ready-for-recycling-old-devices-e-waste-disposal-management-reuse-recycle-and-recovery-300x200.jpg\" \/>\n<meta name=\"author\" content=\"Thiago Mossini Balbino dos Santos\" \/>\n<meta name=\"twitter:card\" content=\"summary_large_image\" \/>\n<meta name=\"twitter:label1\" content=\"Escrito por\" \/>\n\t<meta name=\"twitter:data1\" content=\"Thiago Mossini Balbino dos Santos\" \/>\n\t<meta name=\"twitter:label2\" content=\"Est. tempo de leitura\" \/>\n\t<meta name=\"twitter:data2\" content=\"1 minuto\" \/>\n<script type=\"application\/ld+json\" class=\"yoast-schema-graph\">{\"@context\":\"https:\\\/\\\/schema.org\",\"@graph\":[{\"@type\":\"Article\",\"@id\":\"https:\\\/\\\/www.cambe.pr.gov.br\\\/index.php\\\/prefeitura-de-cambe-e-secretaria-de-meio-ambiente-fazem-coleta-de-lixo-eletronico\\\/#article\",\"isPartOf\":{\"@id\":\"https:\\\/\\\/www.cambe.pr.gov.br\\\/index.php\\\/prefeitura-de-cambe-e-secretaria-de-meio-ambiente-fazem-coleta-de-lixo-eletronico\\\/\"},\"author\":{\"name\":\"Thiago Mossini Balbino dos Santos\",\"@id\":\"https:\\\/\\\/www.cambe.pr.gov.br\\\/#\\\/schema\\\/person\\\/e08f7c43a641b2ec036e4e867ec483e4\"},\"headline\":\"Prefeitura de Camb\u00e9 e Secretaria de Meio Ambiente fazem coleta de lixo eletr\u00f4nico\",\"datePublished\":\"2021-09-02T16:37:17+00:00\",\"dateModified\":\"2024-10-07T16:00:24+00:00\",\"mainEntityOfPage\":{\"@id\":\"https:\\\/\\\/www.cambe.pr.gov.br\\\/index.php\\\/prefeitura-de-cambe-e-secretaria-de-meio-ambiente-fazem-coleta-de-lixo-eletronico\\\/\"},\"wordCount\":201,\"publisher\":{\"@id\":\"https:\\\/\\\/www.cambe.pr.gov.br\\\/#organization\"},\"image\":{\"@id\":\"https:\\\/\\\/www.cambe.pr.gov.br\\\/index.php\\\/prefeitura-de-cambe-e-secretaria-de-meio-ambiente-fazem-coleta-de-lixo-eletronico\\\/#primaryimage\"},\"thumbnailUrl\":\"http:\\\/\\\/www.cambe.pr.gov.br\\\/wp-content\\\/uploads\\\/2021\\\/09\\\/electronics-waste-bin-concept-garbage-electrical-waste-ready-for-recycling-old-devices-e-waste-disposal-management-reuse-recycle-and-recovery-300x200.jpg\",\"articleSection\":[\"Principal\"],\"inLanguage\":\"pt-BR\"},{\"@type\":\"WebPage\",\"@id\":\"https:\\\/\\\/www.cambe.pr.gov.br\\\/index.php\\\/prefeitura-de-cambe-e-secretaria-de-meio-ambiente-fazem-coleta-de-lixo-eletronico\\\/\",\"url\":\"https:\\\/\\\/www.cambe.pr.gov.br\\\/index.php\\\/prefeitura-de-cambe-e-secretaria-de-meio-ambiente-fazem-coleta-de-lixo-eletronico\\\/\",\"name\":\"Prefeitura de Camb\u00e9 e Secretaria de Meio Ambiente fazem coleta de lixo eletr\u00f4nico - Prefeitura de Camb\u00e9\",\"isPartOf\":{\"@id\":\"https:\\\/\\\/www.cambe.pr.gov.br\\\/#website\"},\"primaryImageOfPage\":{\"@id\":\"https:\\\/\\\/www.cambe.pr.gov.br\\\/index.php\\\/prefeitura-de-cambe-e-secretaria-de-meio-ambiente-fazem-coleta-de-lixo-eletronico\\\/#primaryimage\"},\"image\":{\"@id\":\"https:\\\/\\\/www.cambe.pr.gov.br\\\/index.php\\\/prefeitura-de-cambe-e-secretaria-de-meio-ambiente-fazem-coleta-de-lixo-eletronico\\\/#primaryimage\"},\"thumbnailUrl\":\"http:\\\/\\\/www.cambe.pr.gov.br\\\/wp-content\\\/uploads\\\/2021\\\/09\\\/electronics-waste-bin-concept-garbage-electrical-waste-ready-for-recycling-old-devices-e-waste-disposal-management-reuse-recycle-and-recovery-300x200.jpg\",\"datePublished\":\"2021-09-02T16:37:17+00:00\",\"dateModified\":\"2024-10-07T16:00:24+00:00\",\"breadcrumb\":{\"@id\":\"https:\\\/\\\/www.cambe.pr.gov.br\\\/index.php\\\/prefeitura-de-cambe-e-secretaria-de-meio-ambiente-fazem-coleta-de-lixo-eletronico\\\/#breadcrumb\"},\"inLanguage\":\"pt-BR\",\"potentialAction\":[{\"@type\":\"ReadAction\",\"target\":[\"https:\\\/\\\/www.cambe.pr.gov.br\\\/index.php\\\/prefeitura-de-cambe-e-secretaria-de-meio-ambiente-fazem-coleta-de-lixo-eletronico\\\/\"]}]},{\"@type\":\"ImageObject\",\"inLanguage\":\"pt-BR\",\"@id\":\"https:\\\/\\\/www.cambe.pr.gov.br\\\/index.php\\\/prefeitura-de-cambe-e-secretaria-de-meio-ambiente-fazem-coleta-de-lixo-eletronico\\\/#primaryimage\",\"url\":\"http:\\\/\\\/www.cambe.pr.gov.br\\\/wp-content\\\/uploads\\\/2021\\\/09\\\/electronics-waste-bin-concept-garbage-electrical-waste-ready-for-recycling-old-devices-e-waste-disposal-management-reuse-recycle-and-recovery-300x200.jpg\",\"contentUrl\":\"http:\\\/\\\/www.cambe.pr.gov.br\\\/wp-content\\\/uploads\\\/2021\\\/09\\\/electronics-waste-bin-concept-garbage-electrical-waste-ready-for-recycling-old-devices-e-waste-disposal-management-reuse-recycle-and-recovery-300x200.jpg\"},{\"@type\":\"BreadcrumbList\",\"@id\":\"https:\\\/\\\/www.cambe.pr.gov.br\\\/index.php\\\/prefeitura-de-cambe-e-secretaria-de-meio-ambiente-fazem-coleta-de-lixo-eletronico\\\/#breadcrumb\",\"itemListElement\":[{\"@type\":\"ListItem\",\"position\":1,\"name\":\"In\u00edcio\",\"item\":\"https:\\\/\\\/www.cambe.pr.gov.br\\\/\"},{\"@type\":\"ListItem\",\"position\":2,\"name\":\"Prefeitura de Camb\u00e9 e Secretaria de Meio Ambiente fazem coleta de lixo eletr\u00f4nico\"}]},{\"@type\":\"WebSite\",\"@id\":\"https:\\\/\\\/www.cambe.pr.gov.br\\\/#website\",\"url\":\"https:\\\/\\\/www.cambe.pr.gov.br\\\/\",\"name\":\"Prefeitura de Camb\u00e9\",\"description\":\"UM GOVERNO PARA TODOS\",\"publisher\":{\"@id\":\"https:\\\/\\\/www.cambe.pr.gov.br\\\/#organization\"},\"potentialAction\":[{\"@type\":\"SearchAction\",\"target\":{\"@type\":\"EntryPoint\",\"urlTemplate\":\"https:\\\/\\\/www.cambe.pr.gov.br\\\/?s={search_term_string}\"},\"query-input\":{\"@type\":\"PropertyValueSpecification\",\"valueRequired\":true,\"valueName\":\"search_term_string\"}}],\"inLanguage\":\"pt-BR\"},{\"@type\":\"Organization\",\"@id\":\"https:\\\/\\\/www.cambe.pr.gov.br\\\/#organization\",\"name\":\"Prefeitura de Camb\u00e9\",\"url\":\"https:\\\/\\\/www.cambe.pr.gov.br\\\/\",\"logo\":{\"@type\":\"ImageObject\",\"inLanguage\":\"pt-BR\",\"@id\":\"https:\\\/\\\/www.cambe.pr.gov.br\\\/#\\\/schema\\\/logo\\\/image\\\/\",\"url\":\"https:\\\/\\\/www.cambe.pr.gov.br\\\/wp-content\\\/uploads\\\/2021\\\/01\\\/cropped-cropped-cambe_brazao-icone.png\",\"contentUrl\":\"https:\\\/\\\/www.cambe.pr.gov.br\\\/wp-content\\\/uploads\\\/2021\\\/01\\\/cropped-cropped-cambe_brazao-icone.png\",\"width\":240,\"height\":240,\"caption\":\"Prefeitura de Camb\u00e9\"},\"image\":{\"@id\":\"https:\\\/\\\/www.cambe.pr.gov.br\\\/#\\\/schema\\\/logo\\\/image\\\/\"},\"sameAs\":[\"https:\\\/\\\/m.facebook.com\\\/prefeituradecambe\"]},{\"@type\":\"Person\",\"@id\":\"https:\\\/\\\/www.cambe.pr.gov.br\\\/#\\\/schema\\\/person\\\/e08f7c43a641b2ec036e4e867ec483e4\",\"name\":\"Thiago Mossini Balbino dos Santos\",\"image\":{\"@type\":\"ImageObject\",\"inLanguage\":\"pt-BR\",\"@id\":\"https:\\\/\\\/secure.gravatar.com\\\/avatar\\\/d957ed4e1bc3ebf5769d1003f9709cd2012ebf424eb4a5d76a933fee30e874b6?s=96&d=mm&r=g\",\"url\":\"https:\\\/\\\/secure.gravatar.com\\\/avatar\\\/d957ed4e1bc3ebf5769d1003f9709cd2012ebf424eb4a5d76a933fee30e874b6?s=96&d=mm&r=g\",\"contentUrl\":\"https:\\\/\\\/secure.gravatar.com\\\/avatar\\\/d957ed4e1bc3ebf5769d1003f9709cd2012ebf424eb4a5d76a933fee30e874b6?s=96&d=mm&r=g\",\"caption\":\"Thiago Mossini Balbino dos Santos\"},\"url\":\"https:\\\/\\\/www.cambe.pr.gov.br\\\/index.php\\\/author\\\/tmbsantos\\\/\"}]}<\/script>\n<!-- \/ Yoast SEO plugin. -->","yoast_head_json":{"title":"Prefeitura de Camb\u00e9 e Secretaria de Meio Ambiente fazem coleta de lixo eletr\u00f4nico - Prefeitura de Camb\u00e9","robots":{"index":"index","follow":"follow","max-snippet":"max-snippet:-1","max-image-preview":"max-image-preview:large","max-video-preview":"max-video-preview:-1"},"canonical":"https:\/\/www.cambe.pr.gov.br\/index.php\/prefeitura-de-cambe-e-secretaria-de-meio-ambiente-fazem-coleta-de-lixo-eletronico\/","og_locale":"pt_BR","og_type":"article","og_title":"Prefeitura de Camb\u00e9 e Secretaria de Meio Ambiente fazem coleta de lixo eletr\u00f4nico - Prefeitura de Camb\u00e9","og_description":"A Prefeitura de Camb\u00e9, por meio da Secretaria de Meio Ambiente, vai fazer a coleta de lixo eletr\u00f4nico no dia 11 de setembro, um s\u00e1bado. A inten\u00e7\u00e3o \u00e9 destinar de forma ambientalmente correta esses res\u00edduos eletr\u00f4nicos. A a\u00e7\u00e3o vai acontecer na cal\u00e7ada em frente ao Centro de Eventos (Rua Fran\u00e7a, 425 \u2013 Centro) das 9h [&hellip;]","og_url":"https:\/\/www.cambe.pr.gov.br\/index.php\/prefeitura-de-cambe-e-secretaria-de-meio-ambiente-fazem-coleta-de-lixo-eletronico\/","og_site_name":"Prefeitura de Camb\u00e9","article_publisher":"https:\/\/m.facebook.com\/prefeituradecambe","article_published_time":"2021-09-02T16:37:17+00:00","article_modified_time":"2024-10-07T16:00:24+00:00","og_image":[{"url":"http:\/\/www.cambe.pr.gov.br\/wp-content\/uploads\/2021\/09\/electronics-waste-bin-concept-garbage-electrical-waste-ready-for-recycling-old-devices-e-waste-disposal-management-reuse-recycle-and-recovery-300x200.jpg","type":"","width":"","height":""}],"author":"Thiago Mossini Balbino dos Santos","twitter_card":"summary_large_image","twitter_misc":{"Escrito por":"Thiago Mossini Balbino dos Santos","Est. tempo de leitura":"1 minuto"},"schema":{"@context":"https:\/\/schema.org","@graph":[{"@type":"Article","@id":"https:\/\/www.cambe.pr.gov.br\/index.php\/prefeitura-de-cambe-e-secretaria-de-meio-ambiente-fazem-coleta-de-lixo-eletronico\/#article","isPartOf":{"@id":"https:\/\/www.cambe.pr.gov.br\/index.php\/prefeitura-de-cambe-e-secretaria-de-meio-ambiente-fazem-coleta-de-lixo-eletronico\/"},"author":{"name":"Thiago Mossini Balbino dos Santos","@id":"https:\/\/www.cambe.pr.gov.br\/#\/schema\/person\/e08f7c43a641b2ec036e4e867ec483e4"},"headline":"Prefeitura de Camb\u00e9 e Secretaria de Meio Ambiente fazem coleta de lixo eletr\u00f4nico","datePublished":"2021-09-02T16:37:17+00:00","dateModified":"2024-10-07T16:00:24+00:00","mainEntityOfPage":{"@id":"https:\/\/www.cambe.pr.gov.br\/index.php\/prefeitura-de-cambe-e-secretaria-de-meio-ambiente-fazem-coleta-de-lixo-eletronico\/"},"wordCount":201,"publisher":{"@id":"https:\/\/www.cambe.pr.gov.br\/#organization"},"image":{"@id":"https:\/\/www.cambe.pr.gov.br\/index.php\/prefeitura-de-cambe-e-secretaria-de-meio-ambiente-fazem-coleta-de-lixo-eletronico\/#primaryimage"},"thumbnailUrl":"http:\/\/www.cambe.pr.gov.br\/wp-content\/uploads\/2021\/09\/electronics-waste-bin-concept-garbage-electrical-waste-ready-for-recycling-old-devices-e-waste-disposal-management-reuse-recycle-and-recovery-300x200.jpg","articleSection":["Principal"],"inLanguage":"pt-BR"},{"@type":"WebPage","@id":"https:\/\/www.cambe.pr.gov.br\/index.php\/prefeitura-de-cambe-e-secretaria-de-meio-ambiente-fazem-coleta-de-lixo-eletronico\/","url":"https:\/\/www.cambe.pr.gov.br\/index.php\/prefeitura-de-cambe-e-secretaria-de-meio-ambiente-fazem-coleta-de-lixo-eletronico\/","name":"Prefeitura de Camb\u00e9 e Secretaria de Meio Ambiente fazem coleta de lixo eletr\u00f4nico - Prefeitura de Camb\u00e9","isPartOf":{"@id":"https:\/\/www.cambe.pr.gov.br\/#website"},"primaryImageOfPage":{"@id":"https:\/\/www.cambe.pr.gov.br\/index.php\/prefeitura-de-cambe-e-secretaria-de-meio-ambiente-fazem-coleta-de-lixo-eletronico\/#primaryimage"},"image":{"@id":"https:\/\/www.cambe.pr.gov.br\/index.php\/prefeitura-de-cambe-e-secretaria-de-meio-ambiente-fazem-coleta-de-lixo-eletronico\/#primaryimage"},"thumbnailUrl":"http:\/\/www.cambe.pr.gov.br\/wp-content\/uploads\/2021\/09\/electronics-waste-bin-concept-garbage-electrical-waste-ready-for-recycling-old-devices-e-waste-disposal-management-reuse-recycle-and-recovery-300x200.jpg","datePublished":"2021-09-02T16:37:17+00:00","dateModified":"2024-10-07T16:00:24+00:00","breadcrumb":{"@id":"https:\/\/www.cambe.pr.gov.br\/index.php\/prefeitura-de-cambe-e-secretaria-de-meio-ambiente-fazem-coleta-de-lixo-eletronico\/#breadcrumb"},"inLanguage":"pt-BR","potentialAction":[{"@type":"ReadAction","target":["https:\/\/www.cambe.pr.gov.br\/index.php\/prefeitura-de-cambe-e-secretaria-de-meio-ambiente-fazem-coleta-de-lixo-eletronico\/"]}]},{"@type":"ImageObject","inLanguage":"pt-BR","@id":"https:\/\/www.cambe.pr.gov.br\/index.php\/prefeitura-de-cambe-e-secretaria-de-meio-ambiente-fazem-coleta-de-lixo-eletronico\/#primaryimage","url":"http:\/\/www.cambe.pr.gov.br\/wp-content\/uploads\/2021\/09\/electronics-waste-bin-concept-garbage-electrical-waste-ready-for-recycling-old-devices-e-waste-disposal-management-reuse-recycle-and-recovery-300x200.jpg","contentUrl":"http:\/\/www.cambe.pr.gov.br\/wp-content\/uploads\/2021\/09\/electronics-waste-bin-concept-garbage-electrical-waste-ready-for-recycling-old-devices-e-waste-disposal-management-reuse-recycle-and-recovery-300x200.jpg"},{"@type":"BreadcrumbList","@id":"https:\/\/www.cambe.pr.gov.br\/index.php\/prefeitura-de-cambe-e-secretaria-de-meio-ambiente-fazem-coleta-de-lixo-eletronico\/#breadcrumb","itemListElement":[{"@type":"ListItem","position":1,"name":"In\u00edcio","item":"https:\/\/www.cambe.pr.gov.br\/"},{"@type":"ListItem","position":2,"name":"Prefeitura de Camb\u00e9 e Secretaria de Meio Ambiente fazem coleta de lixo eletr\u00f4nico"}]},{"@type":"WebSite","@id":"https:\/\/www.cambe.pr.gov.br\/#website","url":"https:\/\/www.cambe.pr.gov.br\/","name":"Prefeitura de Camb\u00e9","description":"UM GOVERNO PARA TODOS","publisher":{"@id":"https:\/\/www.cambe.pr.gov.br\/#organization"},"potentialAction":[{"@type":"SearchAction","target":{"@type":"EntryPoint","urlTemplate":"https:\/\/www.cambe.pr.gov.br\/?s={search_term_string}"},"query-input":{"@type":"PropertyValueSpecification","valueRequired":true,"valueName":"search_term_string"}}],"inLanguage":"pt-BR"},{"@type":"Organization","@id":"https:\/\/www.cambe.pr.gov.br\/#organization","name":"Prefeitura de Camb\u00e9","url":"https:\/\/www.cambe.pr.gov.br\/","logo":{"@type":"ImageObject","inLanguage":"pt-BR","@id":"https:\/\/www.cambe.pr.gov.br\/#\/schema\/logo\/image\/","url":"https:\/\/www.cambe.pr.gov.br\/wp-content\/uploads\/2021\/01\/cropped-cropped-cambe_brazao-icone.png","contentUrl":"https:\/\/www.cambe.pr.gov.br\/wp-content\/uploads\/2021\/01\/cropped-cropped-cambe_brazao-icone.png","width":240,"height":240,"caption":"Prefeitura de Camb\u00e9"},"image":{"@id":"https:\/\/www.cambe.pr.gov.br\/#\/schema\/logo\/image\/"},"sameAs":["https:\/\/m.facebook.com\/prefeituradecambe"]},{"@type":"Person","@id":"https:\/\/www.cambe.pr.gov.br\/#\/schema\/person\/e08f7c43a641b2ec036e4e867ec483e4","name":"Thiago Mossini Balbino dos Santos","image":{"@type":"ImageObject","inLanguage":"pt-BR","@id":"https:\/\/secure.gravatar.com\/avatar\/d957ed4e1bc3ebf5769d1003f9709cd2012ebf424eb4a5d76a933fee30e874b6?s=96&d=mm&r=g","url":"https:\/\/secure.gravatar.com\/avatar\/d957ed4e1bc3ebf5769d1003f9709cd2012ebf424eb4a5d76a933fee30e874b6?s=96&d=mm&r=g","contentUrl":"https:\/\/secure.gravatar.com\/avatar\/d957ed4e1bc3ebf5769d1003f9709cd2012ebf424eb4a5d76a933fee30e874b6?s=96&d=mm&r=g","caption":"Thiago Mossini Balbino dos Santos"},"url":"https:\/\/www.cambe.pr.gov.br\/index.php\/author\/tmbsantos\/"}]}},"_links":{"self":[{"href":"https:\/\/www.cambe.pr.gov.br\/index.php\/wp-json\/wp\/v2\/posts\/3300","targetHints":{"allow":["GET"]}}],"collection":[{"href":"https:\/\/www.cambe.pr.gov.br\/index.php\/wp-json\/wp\/v2\/posts"}],"about":[{"href":"https:\/\/www.cambe.pr.gov.br\/index.php\/wp-json\/wp\/v2\/types\/post"}],"author":[{"embeddable":true,"href":"https:\/\/www.cambe.pr.gov.br\/index.php\/wp-json\/wp\/v2\/users\/2"}],"replies":[{"embeddable":true,"href":"https:\/\/www.cambe.pr.gov.br\/index.php\/wp-json\/wp\/v2\/comments?post=3300"}],"version-history":[{"count":1,"href":"https:\/\/www.cambe.pr.gov.br\/index.php\/wp-json\/wp\/v2\/posts\/3300\/revisions"}],"predecessor-version":[{"id":3314,"href":"https:\/\/www.cambe.pr.gov.br\/index.php\/wp-json\/wp\/v2\/posts\/3300\/revisions\/3314"}],"wp:attachment":[{"href":"https:\/\/www.cambe.pr.gov.br\/index.php\/wp-json\/wp\/v2\/media?parent=3300"}],"wp:term":[{"taxonomy":"category","embeddable":true,"href":"https:\/\/www.cambe.pr.gov.br\/index.php\/wp-json\/wp\/v2\/categories?post=3300"},{"taxonomy":"post_tag","embeddable":true,"href":"https:\/\/www.cambe.pr.gov.br\/index.php\/wp-json\/wp\/v2\/tags?post=3300"}],"curies":[{"name":"wp","href":"https:\/\/api.w.org\/{rel}","templated":true}]}}