{"id":3272,"date":"2021-09-02T10:58:55","date_gmt":"2021-09-02T13:58:55","guid":{"rendered":"http:\/\/www.cambe.pr.gov.br\/?p=3272"},"modified":"2024-10-07T13:00:24","modified_gmt":"2024-10-07T16:00:24","slug":"secretaria-de-saude-faz-acoes-em-prol-do-setembro-amarelo-de-2021","status":"publish","type":"post","link":"https:\/\/www.cambe.pr.gov.br\/index.php\/secretaria-de-saude-faz-acoes-em-prol-do-setembro-amarelo-de-2021\/","title":{"rendered":"Secretaria de Sa\u00fade faz a\u00e7\u00f5es em prol do Setembro Amarelo de 2021"},"content":{"rendered":"<p><img fetchpriority=\"high\" decoding=\"async\" class=\"alignleft wp-image-3276 size-medium\" src=\"https:\/\/www.cambe.pr.gov.br\/wp-content\/uploads\/2021\/09\/suicide-prevention-day-sarcoma-bone-bladder-and-childhood-cancer-awareness-month-yellow-ribbon-for-supporting-people-living-and-illness-children-healthcare-and-world-cancer-day-concept-300x200.jpg\" alt=\"\" width=\"300\" height=\"200\" srcset=\"https:\/\/www.cambe.pr.gov.br\/wp-content\/uploads\/2021\/09\/suicide-prevention-day-sarcoma-bone-bladder-and-childhood-cancer-awareness-month-yellow-ribbon-for-supporting-people-living-and-illness-children-healthcare-and-world-cancer-day-concept-300x200.jpg 300w, https:\/\/www.cambe.pr.gov.br\/wp-content\/uploads\/2021\/09\/suicide-prevention-day-sarcoma-bone-bladder-and-childhood-cancer-awareness-month-yellow-ribbon-for-supporting-people-living-and-illness-children-healthcare-and-world-cancer-day-concept-1024x683.jpg 1024w, https:\/\/www.cambe.pr.gov.br\/wp-content\/uploads\/2021\/09\/suicide-prevention-day-sarcoma-bone-bladder-and-childhood-cancer-awareness-month-yellow-ribbon-for-supporting-people-living-and-illness-children-healthcare-and-world-cancer-day-concept-768x512.jpg 768w, https:\/\/www.cambe.pr.gov.br\/wp-content\/uploads\/2021\/09\/suicide-prevention-day-sarcoma-bone-bladder-and-childhood-cancer-awareness-month-yellow-ribbon-for-supporting-people-living-and-illness-children-healthcare-and-world-cancer-day-concept-1536x1024.jpg 1536w, https:\/\/www.cambe.pr.gov.br\/wp-content\/uploads\/2021\/09\/suicide-prevention-day-sarcoma-bone-bladder-and-childhood-cancer-awareness-month-yellow-ribbon-for-supporting-people-living-and-illness-children-healthcare-and-world-cancer-day-concept-2048x1365.jpg 2048w\" sizes=\"(max-width: 300px) 100vw, 300px\" \/><\/p>\n<p style=\"text-align: justify;\"><span style=\"font-family: arial, helvetica, sans-serif;\">A Prefeitura de Camb\u00e9, por meio da Secretaria de Sa\u00fade, realizar\u00e1 a\u00e7\u00f5es em prol do Setembro Amarelo de 2021, que faz parte da Campanha Nacional de Preven\u00e7\u00e3o ao Suic\u00eddio. A mobiliza\u00e7\u00e3o visa refletir sobre o tema, al\u00e9m de incluir outros t\u00f3picos acerca da sa\u00fade mental da popula\u00e7\u00e3o. A tem\u00e1tica da campanha deste ano vai abordar assuntos como a pandemia, solid\u00e3o e a import\u00e2ncia de buscar ajuda, levando \u00e0s pessoas informa\u00e7\u00f5es sobre os poss\u00edveis tratamentos.<\/span><\/p>\n<p style=\"text-align: justify;\"><span style=\"font-family: arial, helvetica, sans-serif;\">Os Centros de Aten\u00e7\u00e3o Psicossocial (CAPS), tanto infantil quanto adulto, realizar\u00e3o a\u00e7\u00f5es internas, tais como campanha de frases motivacionais, rodas de conversas sobre o tema para os usu\u00e1rios do servi\u00e7o, exposi\u00e7\u00e3o de trabalho art\u00edstico, cartas reflex\u00e3o para as escolas da cidade. Ainda como parte das a\u00e7\u00f5es, circular\u00e1 v\u00eddeo produzido pelo CAPS Infantil para que cada um possa refletir a respeito de si e tamb\u00e9m daqueles que est\u00e3o pr\u00f3ximos e sobre o que pode ser feito para se fortalecer em tempos t\u00e3o dif\u00edceis. Para quem quiser conferir, o v\u00eddeo est\u00e1 dispon\u00edvel em: <a href=\"https:\/\/www.youtube.com\/watch?v=4FRH8SSPJaQ\">https:\/\/www.youtube.com\/watch?v=4FRH8SSPJaQ.<\/a><\/span><\/p>\n<p style=\"text-align: justify;\"><span style=\"font-family: arial, helvetica, sans-serif;\">Os CAPS em conjunto com seus usu\u00e1rios, confeccionar\u00e1 la\u00e7os amarelos \u2013 s\u00edmbolo da campanha \u2013 para distribuir aos funcion\u00e1rios da Secretaria de Sa\u00fade e de Assist\u00eancia Social. Em busca de fortalecer os servidores, haver\u00e1 uma sensibiliza\u00e7\u00e3o com o tema \u201cSetembro Amarelo: h\u00e1 outra sa\u00edda\u201d.<\/span><\/p>\n<p style=\"text-align: justify;\"><span style=\"font-family: arial, helvetica, sans-serif;\">Em casos de ajuda, o atendimento pode ser iniciado na Unidade B\u00e1sica de Sa\u00fade de refer\u00eancia. Se necess\u00e1rio, ser\u00e1 realizado encaminhamento para um servi\u00e7o especializado em sa\u00fade mental, como um CAPS ou Ambulat\u00f3rio de Psiquiatria (Policlinica). Para adultos, o telefone do Caps II \u00e9 o 3174-0239 ou 3174-0310 e para as crian\u00e7as, o contato do Caps Infantil \u00e9 o 3174-0308 ou 3174-0309. O 188, do Centro de Valoriza\u00e7\u00e3o da Vida (CVV), tamb\u00e9m pode ser acionado 24 horas por dia.<\/span><\/p>\n","protected":false},"excerpt":{"rendered":"<p>A Prefeitura de Camb\u00e9, por meio da Secretaria de Sa\u00fade, realizar\u00e1 a\u00e7\u00f5es em prol do Setembro Amarelo de 2021, que faz parte da Campanha Nacional de Preven\u00e7\u00e3o ao Suic\u00eddio. A mobiliza\u00e7\u00e3o visa refletir sobre o tema, al\u00e9m de incluir outros t\u00f3picos acerca da sa\u00fade mental da popula\u00e7\u00e3o. A tem\u00e1tica da campanha deste ano vai abordar [&hellip;]<\/p>\n","protected":false},"author":2,"featured_media":0,"comment_status":"closed","ping_status":"open","sticky":false,"template":"","format":"standard","meta":{"ngg_post_thumbnail":0,"footnotes":""},"categories":[1],"tags":[],"class_list":["post-3272","post","type-post","status-publish","format-standard","hentry","category-principal"],"yoast_head":"<!-- This site is optimized with the Yoast SEO plugin v27.4 - https:\/\/yoast.com\/product\/yoast-seo-wordpress\/ -->\n<title>Secretaria de Sa\u00fade faz a\u00e7\u00f5es em prol do Setembro Amarelo de 2021 - Prefeitura de Camb\u00e9<\/title>\n<meta name=\"robots\" content=\"index, follow, max-snippet:-1, max-image-preview:large, max-video-preview:-1\" \/>\n<link rel=\"canonical\" href=\"https:\/\/www.cambe.pr.gov.br\/index.php\/secretaria-de-saude-faz-acoes-em-prol-do-setembro-amarelo-de-2021\/\" \/>\n<meta property=\"og:locale\" content=\"pt_BR\" \/>\n<meta property=\"og:type\" content=\"article\" \/>\n<meta property=\"og:title\" content=\"Secretaria de Sa\u00fade faz a\u00e7\u00f5es em prol do Setembro Amarelo de 2021 - Prefeitura de Camb\u00e9\" \/>\n<meta property=\"og:description\" content=\"A Prefeitura de Camb\u00e9, por meio da Secretaria de Sa\u00fade, realizar\u00e1 a\u00e7\u00f5es em prol do Setembro Amarelo de 2021, que faz parte da Campanha Nacional de Preven\u00e7\u00e3o ao Suic\u00eddio. A mobiliza\u00e7\u00e3o visa refletir sobre o tema, al\u00e9m de incluir outros t\u00f3picos acerca da sa\u00fade mental da popula\u00e7\u00e3o. A tem\u00e1tica da campanha deste ano vai abordar [&hellip;]\" \/>\n<meta property=\"og:url\" content=\"https:\/\/www.cambe.pr.gov.br\/index.php\/secretaria-de-saude-faz-acoes-em-prol-do-setembro-amarelo-de-2021\/\" \/>\n<meta property=\"og:site_name\" content=\"Prefeitura de Camb\u00e9\" \/>\n<meta property=\"article:publisher\" content=\"https:\/\/m.facebook.com\/prefeituradecambe\" \/>\n<meta property=\"article:published_time\" content=\"2021-09-02T13:58:55+00:00\" \/>\n<meta property=\"article:modified_time\" content=\"2024-10-07T16:00:24+00:00\" \/>\n<meta property=\"og:image\" content=\"http:\/\/www.cambe.pr.gov.br\/wp-content\/uploads\/2021\/09\/suicide-prevention-day-sarcoma-bone-bladder-and-childhood-cancer-awareness-month-yellow-ribbon-for-supporting-people-living-and-illness-children-healthcare-and-world-cancer-day-concept-300x200.jpg\" \/>\n<meta name=\"author\" content=\"Thiago Mossini Balbino dos Santos\" \/>\n<meta name=\"twitter:card\" content=\"summary_large_image\" \/>\n<meta name=\"twitter:label1\" content=\"Escrito por\" \/>\n\t<meta name=\"twitter:data1\" content=\"Thiago Mossini Balbino dos Santos\" \/>\n\t<meta name=\"twitter:label2\" content=\"Est. tempo de leitura\" \/>\n\t<meta name=\"twitter:data2\" content=\"2 minutos\" \/>\n<script type=\"application\/ld+json\" class=\"yoast-schema-graph\">{\"@context\":\"https:\\\/\\\/schema.org\",\"@graph\":[{\"@type\":\"Article\",\"@id\":\"https:\\\/\\\/www.cambe.pr.gov.br\\\/index.php\\\/secretaria-de-saude-faz-acoes-em-prol-do-setembro-amarelo-de-2021\\\/#article\",\"isPartOf\":{\"@id\":\"https:\\\/\\\/www.cambe.pr.gov.br\\\/index.php\\\/secretaria-de-saude-faz-acoes-em-prol-do-setembro-amarelo-de-2021\\\/\"},\"author\":{\"name\":\"Thiago Mossini Balbino dos Santos\",\"@id\":\"https:\\\/\\\/www.cambe.pr.gov.br\\\/#\\\/schema\\\/person\\\/e08f7c43a641b2ec036e4e867ec483e4\"},\"headline\":\"Secretaria de Sa\u00fade faz a\u00e7\u00f5es em prol do Setembro Amarelo de 2021\",\"datePublished\":\"2021-09-02T13:58:55+00:00\",\"dateModified\":\"2024-10-07T16:00:24+00:00\",\"mainEntityOfPage\":{\"@id\":\"https:\\\/\\\/www.cambe.pr.gov.br\\\/index.php\\\/secretaria-de-saude-faz-acoes-em-prol-do-setembro-amarelo-de-2021\\\/\"},\"wordCount\":351,\"publisher\":{\"@id\":\"https:\\\/\\\/www.cambe.pr.gov.br\\\/#organization\"},\"image\":{\"@id\":\"https:\\\/\\\/www.cambe.pr.gov.br\\\/index.php\\\/secretaria-de-saude-faz-acoes-em-prol-do-setembro-amarelo-de-2021\\\/#primaryimage\"},\"thumbnailUrl\":\"http:\\\/\\\/www.cambe.pr.gov.br\\\/wp-content\\\/uploads\\\/2021\\\/09\\\/suicide-prevention-day-sarcoma-bone-bladder-and-childhood-cancer-awareness-month-yellow-ribbon-for-supporting-people-living-and-illness-children-healthcare-and-world-cancer-day-concept-300x200.jpg\",\"articleSection\":[\"Principal\"],\"inLanguage\":\"pt-BR\"},{\"@type\":\"WebPage\",\"@id\":\"https:\\\/\\\/www.cambe.pr.gov.br\\\/index.php\\\/secretaria-de-saude-faz-acoes-em-prol-do-setembro-amarelo-de-2021\\\/\",\"url\":\"https:\\\/\\\/www.cambe.pr.gov.br\\\/index.php\\\/secretaria-de-saude-faz-acoes-em-prol-do-setembro-amarelo-de-2021\\\/\",\"name\":\"Secretaria de Sa\u00fade faz a\u00e7\u00f5es em prol do Setembro Amarelo de 2021 - Prefeitura de Camb\u00e9\",\"isPartOf\":{\"@id\":\"https:\\\/\\\/www.cambe.pr.gov.br\\\/#website\"},\"primaryImageOfPage\":{\"@id\":\"https:\\\/\\\/www.cambe.pr.gov.br\\\/index.php\\\/secretaria-de-saude-faz-acoes-em-prol-do-setembro-amarelo-de-2021\\\/#primaryimage\"},\"image\":{\"@id\":\"https:\\\/\\\/www.cambe.pr.gov.br\\\/index.php\\\/secretaria-de-saude-faz-acoes-em-prol-do-setembro-amarelo-de-2021\\\/#primaryimage\"},\"thumbnailUrl\":\"http:\\\/\\\/www.cambe.pr.gov.br\\\/wp-content\\\/uploads\\\/2021\\\/09\\\/suicide-prevention-day-sarcoma-bone-bladder-and-childhood-cancer-awareness-month-yellow-ribbon-for-supporting-people-living-and-illness-children-healthcare-and-world-cancer-day-concept-300x200.jpg\",\"datePublished\":\"2021-09-02T13:58:55+00:00\",\"dateModified\":\"2024-10-07T16:00:24+00:00\",\"breadcrumb\":{\"@id\":\"https:\\\/\\\/www.cambe.pr.gov.br\\\/index.php\\\/secretaria-de-saude-faz-acoes-em-prol-do-setembro-amarelo-de-2021\\\/#breadcrumb\"},\"inLanguage\":\"pt-BR\",\"potentialAction\":[{\"@type\":\"ReadAction\",\"target\":[\"https:\\\/\\\/www.cambe.pr.gov.br\\\/index.php\\\/secretaria-de-saude-faz-acoes-em-prol-do-setembro-amarelo-de-2021\\\/\"]}]},{\"@type\":\"ImageObject\",\"inLanguage\":\"pt-BR\",\"@id\":\"https:\\\/\\\/www.cambe.pr.gov.br\\\/index.php\\\/secretaria-de-saude-faz-acoes-em-prol-do-setembro-amarelo-de-2021\\\/#primaryimage\",\"url\":\"http:\\\/\\\/www.cambe.pr.gov.br\\\/wp-content\\\/uploads\\\/2021\\\/09\\\/suicide-prevention-day-sarcoma-bone-bladder-and-childhood-cancer-awareness-month-yellow-ribbon-for-supporting-people-living-and-illness-children-healthcare-and-world-cancer-day-concept-300x200.jpg\",\"contentUrl\":\"http:\\\/\\\/www.cambe.pr.gov.br\\\/wp-content\\\/uploads\\\/2021\\\/09\\\/suicide-prevention-day-sarcoma-bone-bladder-and-childhood-cancer-awareness-month-yellow-ribbon-for-supporting-people-living-and-illness-children-healthcare-and-world-cancer-day-concept-300x200.jpg\"},{\"@type\":\"BreadcrumbList\",\"@id\":\"https:\\\/\\\/www.cambe.pr.gov.br\\\/index.php\\\/secretaria-de-saude-faz-acoes-em-prol-do-setembro-amarelo-de-2021\\\/#breadcrumb\",\"itemListElement\":[{\"@type\":\"ListItem\",\"position\":1,\"name\":\"In\u00edcio\",\"item\":\"https:\\\/\\\/www.cambe.pr.gov.br\\\/\"},{\"@type\":\"ListItem\",\"position\":2,\"name\":\"Secretaria de Sa\u00fade faz a\u00e7\u00f5es em prol do Setembro Amarelo de 2021\"}]},{\"@type\":\"WebSite\",\"@id\":\"https:\\\/\\\/www.cambe.pr.gov.br\\\/#website\",\"url\":\"https:\\\/\\\/www.cambe.pr.gov.br\\\/\",\"name\":\"Prefeitura de Camb\u00e9\",\"description\":\"UM GOVERNO PARA TODOS\",\"publisher\":{\"@id\":\"https:\\\/\\\/www.cambe.pr.gov.br\\\/#organization\"},\"potentialAction\":[{\"@type\":\"SearchAction\",\"target\":{\"@type\":\"EntryPoint\",\"urlTemplate\":\"https:\\\/\\\/www.cambe.pr.gov.br\\\/?s={search_term_string}\"},\"query-input\":{\"@type\":\"PropertyValueSpecification\",\"valueRequired\":true,\"valueName\":\"search_term_string\"}}],\"inLanguage\":\"pt-BR\"},{\"@type\":\"Organization\",\"@id\":\"https:\\\/\\\/www.cambe.pr.gov.br\\\/#organization\",\"name\":\"Prefeitura de Camb\u00e9\",\"url\":\"https:\\\/\\\/www.cambe.pr.gov.br\\\/\",\"logo\":{\"@type\":\"ImageObject\",\"inLanguage\":\"pt-BR\",\"@id\":\"https:\\\/\\\/www.cambe.pr.gov.br\\\/#\\\/schema\\\/logo\\\/image\\\/\",\"url\":\"https:\\\/\\\/www.cambe.pr.gov.br\\\/wp-content\\\/uploads\\\/2021\\\/01\\\/cropped-cropped-cambe_brazao-icone.png\",\"contentUrl\":\"https:\\\/\\\/www.cambe.pr.gov.br\\\/wp-content\\\/uploads\\\/2021\\\/01\\\/cropped-cropped-cambe_brazao-icone.png\",\"width\":240,\"height\":240,\"caption\":\"Prefeitura de Camb\u00e9\"},\"image\":{\"@id\":\"https:\\\/\\\/www.cambe.pr.gov.br\\\/#\\\/schema\\\/logo\\\/image\\\/\"},\"sameAs\":[\"https:\\\/\\\/m.facebook.com\\\/prefeituradecambe\"]},{\"@type\":\"Person\",\"@id\":\"https:\\\/\\\/www.cambe.pr.gov.br\\\/#\\\/schema\\\/person\\\/e08f7c43a641b2ec036e4e867ec483e4\",\"name\":\"Thiago Mossini Balbino dos Santos\",\"image\":{\"@type\":\"ImageObject\",\"inLanguage\":\"pt-BR\",\"@id\":\"https:\\\/\\\/secure.gravatar.com\\\/avatar\\\/d957ed4e1bc3ebf5769d1003f9709cd2012ebf424eb4a5d76a933fee30e874b6?s=96&d=mm&r=g\",\"url\":\"https:\\\/\\\/secure.gravatar.com\\\/avatar\\\/d957ed4e1bc3ebf5769d1003f9709cd2012ebf424eb4a5d76a933fee30e874b6?s=96&d=mm&r=g\",\"contentUrl\":\"https:\\\/\\\/secure.gravatar.com\\\/avatar\\\/d957ed4e1bc3ebf5769d1003f9709cd2012ebf424eb4a5d76a933fee30e874b6?s=96&d=mm&r=g\",\"caption\":\"Thiago Mossini Balbino dos Santos\"},\"url\":\"https:\\\/\\\/www.cambe.pr.gov.br\\\/index.php\\\/author\\\/tmbsantos\\\/\"}]}<\/script>\n<!-- \/ Yoast SEO plugin. -->","yoast_head_json":{"title":"Secretaria de Sa\u00fade faz a\u00e7\u00f5es em prol do Setembro Amarelo de 2021 - Prefeitura de Camb\u00e9","robots":{"index":"index","follow":"follow","max-snippet":"max-snippet:-1","max-image-preview":"max-image-preview:large","max-video-preview":"max-video-preview:-1"},"canonical":"https:\/\/www.cambe.pr.gov.br\/index.php\/secretaria-de-saude-faz-acoes-em-prol-do-setembro-amarelo-de-2021\/","og_locale":"pt_BR","og_type":"article","og_title":"Secretaria de Sa\u00fade faz a\u00e7\u00f5es em prol do Setembro Amarelo de 2021 - Prefeitura de Camb\u00e9","og_description":"A Prefeitura de Camb\u00e9, por meio da Secretaria de Sa\u00fade, realizar\u00e1 a\u00e7\u00f5es em prol do Setembro Amarelo de 2021, que faz parte da Campanha Nacional de Preven\u00e7\u00e3o ao Suic\u00eddio. A mobiliza\u00e7\u00e3o visa refletir sobre o tema, al\u00e9m de incluir outros t\u00f3picos acerca da sa\u00fade mental da popula\u00e7\u00e3o. A tem\u00e1tica da campanha deste ano vai abordar [&hellip;]","og_url":"https:\/\/www.cambe.pr.gov.br\/index.php\/secretaria-de-saude-faz-acoes-em-prol-do-setembro-amarelo-de-2021\/","og_site_name":"Prefeitura de Camb\u00e9","article_publisher":"https:\/\/m.facebook.com\/prefeituradecambe","article_published_time":"2021-09-02T13:58:55+00:00","article_modified_time":"2024-10-07T16:00:24+00:00","og_image":[{"url":"http:\/\/www.cambe.pr.gov.br\/wp-content\/uploads\/2021\/09\/suicide-prevention-day-sarcoma-bone-bladder-and-childhood-cancer-awareness-month-yellow-ribbon-for-supporting-people-living-and-illness-children-healthcare-and-world-cancer-day-concept-300x200.jpg","type":"","width":"","height":""}],"author":"Thiago Mossini Balbino dos Santos","twitter_card":"summary_large_image","twitter_misc":{"Escrito por":"Thiago Mossini Balbino dos Santos","Est. tempo de leitura":"2 minutos"},"schema":{"@context":"https:\/\/schema.org","@graph":[{"@type":"Article","@id":"https:\/\/www.cambe.pr.gov.br\/index.php\/secretaria-de-saude-faz-acoes-em-prol-do-setembro-amarelo-de-2021\/#article","isPartOf":{"@id":"https:\/\/www.cambe.pr.gov.br\/index.php\/secretaria-de-saude-faz-acoes-em-prol-do-setembro-amarelo-de-2021\/"},"author":{"name":"Thiago Mossini Balbino dos Santos","@id":"https:\/\/www.cambe.pr.gov.br\/#\/schema\/person\/e08f7c43a641b2ec036e4e867ec483e4"},"headline":"Secretaria de Sa\u00fade faz a\u00e7\u00f5es em prol do Setembro Amarelo de 2021","datePublished":"2021-09-02T13:58:55+00:00","dateModified":"2024-10-07T16:00:24+00:00","mainEntityOfPage":{"@id":"https:\/\/www.cambe.pr.gov.br\/index.php\/secretaria-de-saude-faz-acoes-em-prol-do-setembro-amarelo-de-2021\/"},"wordCount":351,"publisher":{"@id":"https:\/\/www.cambe.pr.gov.br\/#organization"},"image":{"@id":"https:\/\/www.cambe.pr.gov.br\/index.php\/secretaria-de-saude-faz-acoes-em-prol-do-setembro-amarelo-de-2021\/#primaryimage"},"thumbnailUrl":"http:\/\/www.cambe.pr.gov.br\/wp-content\/uploads\/2021\/09\/suicide-prevention-day-sarcoma-bone-bladder-and-childhood-cancer-awareness-month-yellow-ribbon-for-supporting-people-living-and-illness-children-healthcare-and-world-cancer-day-concept-300x200.jpg","articleSection":["Principal"],"inLanguage":"pt-BR"},{"@type":"WebPage","@id":"https:\/\/www.cambe.pr.gov.br\/index.php\/secretaria-de-saude-faz-acoes-em-prol-do-setembro-amarelo-de-2021\/","url":"https:\/\/www.cambe.pr.gov.br\/index.php\/secretaria-de-saude-faz-acoes-em-prol-do-setembro-amarelo-de-2021\/","name":"Secretaria de Sa\u00fade faz a\u00e7\u00f5es em prol do Setembro Amarelo de 2021 - Prefeitura de Camb\u00e9","isPartOf":{"@id":"https:\/\/www.cambe.pr.gov.br\/#website"},"primaryImageOfPage":{"@id":"https:\/\/www.cambe.pr.gov.br\/index.php\/secretaria-de-saude-faz-acoes-em-prol-do-setembro-amarelo-de-2021\/#primaryimage"},"image":{"@id":"https:\/\/www.cambe.pr.gov.br\/index.php\/secretaria-de-saude-faz-acoes-em-prol-do-setembro-amarelo-de-2021\/#primaryimage"},"thumbnailUrl":"http:\/\/www.cambe.pr.gov.br\/wp-content\/uploads\/2021\/09\/suicide-prevention-day-sarcoma-bone-bladder-and-childhood-cancer-awareness-month-yellow-ribbon-for-supporting-people-living-and-illness-children-healthcare-and-world-cancer-day-concept-300x200.jpg","datePublished":"2021-09-02T13:58:55+00:00","dateModified":"2024-10-07T16:00:24+00:00","breadcrumb":{"@id":"https:\/\/www.cambe.pr.gov.br\/index.php\/secretaria-de-saude-faz-acoes-em-prol-do-setembro-amarelo-de-2021\/#breadcrumb"},"inLanguage":"pt-BR","potentialAction":[{"@type":"ReadAction","target":["https:\/\/www.cambe.pr.gov.br\/index.php\/secretaria-de-saude-faz-acoes-em-prol-do-setembro-amarelo-de-2021\/"]}]},{"@type":"ImageObject","inLanguage":"pt-BR","@id":"https:\/\/www.cambe.pr.gov.br\/index.php\/secretaria-de-saude-faz-acoes-em-prol-do-setembro-amarelo-de-2021\/#primaryimage","url":"http:\/\/www.cambe.pr.gov.br\/wp-content\/uploads\/2021\/09\/suicide-prevention-day-sarcoma-bone-bladder-and-childhood-cancer-awareness-month-yellow-ribbon-for-supporting-people-living-and-illness-children-healthcare-and-world-cancer-day-concept-300x200.jpg","contentUrl":"http:\/\/www.cambe.pr.gov.br\/wp-content\/uploads\/2021\/09\/suicide-prevention-day-sarcoma-bone-bladder-and-childhood-cancer-awareness-month-yellow-ribbon-for-supporting-people-living-and-illness-children-healthcare-and-world-cancer-day-concept-300x200.jpg"},{"@type":"BreadcrumbList","@id":"https:\/\/www.cambe.pr.gov.br\/index.php\/secretaria-de-saude-faz-acoes-em-prol-do-setembro-amarelo-de-2021\/#breadcrumb","itemListElement":[{"@type":"ListItem","position":1,"name":"In\u00edcio","item":"https:\/\/www.cambe.pr.gov.br\/"},{"@type":"ListItem","position":2,"name":"Secretaria de Sa\u00fade faz a\u00e7\u00f5es em prol do Setembro Amarelo de 2021"}]},{"@type":"WebSite","@id":"https:\/\/www.cambe.pr.gov.br\/#website","url":"https:\/\/www.cambe.pr.gov.br\/","name":"Prefeitura de Camb\u00e9","description":"UM GOVERNO PARA TODOS","publisher":{"@id":"https:\/\/www.cambe.pr.gov.br\/#organization"},"potentialAction":[{"@type":"SearchAction","target":{"@type":"EntryPoint","urlTemplate":"https:\/\/www.cambe.pr.gov.br\/?s={search_term_string}"},"query-input":{"@type":"PropertyValueSpecification","valueRequired":true,"valueName":"search_term_string"}}],"inLanguage":"pt-BR"},{"@type":"Organization","@id":"https:\/\/www.cambe.pr.gov.br\/#organization","name":"Prefeitura de Camb\u00e9","url":"https:\/\/www.cambe.pr.gov.br\/","logo":{"@type":"ImageObject","inLanguage":"pt-BR","@id":"https:\/\/www.cambe.pr.gov.br\/#\/schema\/logo\/image\/","url":"https:\/\/www.cambe.pr.gov.br\/wp-content\/uploads\/2021\/01\/cropped-cropped-cambe_brazao-icone.png","contentUrl":"https:\/\/www.cambe.pr.gov.br\/wp-content\/uploads\/2021\/01\/cropped-cropped-cambe_brazao-icone.png","width":240,"height":240,"caption":"Prefeitura de Camb\u00e9"},"image":{"@id":"https:\/\/www.cambe.pr.gov.br\/#\/schema\/logo\/image\/"},"sameAs":["https:\/\/m.facebook.com\/prefeituradecambe"]},{"@type":"Person","@id":"https:\/\/www.cambe.pr.gov.br\/#\/schema\/person\/e08f7c43a641b2ec036e4e867ec483e4","name":"Thiago Mossini Balbino dos Santos","image":{"@type":"ImageObject","inLanguage":"pt-BR","@id":"https:\/\/secure.gravatar.com\/avatar\/d957ed4e1bc3ebf5769d1003f9709cd2012ebf424eb4a5d76a933fee30e874b6?s=96&d=mm&r=g","url":"https:\/\/secure.gravatar.com\/avatar\/d957ed4e1bc3ebf5769d1003f9709cd2012ebf424eb4a5d76a933fee30e874b6?s=96&d=mm&r=g","contentUrl":"https:\/\/secure.gravatar.com\/avatar\/d957ed4e1bc3ebf5769d1003f9709cd2012ebf424eb4a5d76a933fee30e874b6?s=96&d=mm&r=g","caption":"Thiago Mossini Balbino dos Santos"},"url":"https:\/\/www.cambe.pr.gov.br\/index.php\/author\/tmbsantos\/"}]}},"_links":{"self":[{"href":"https:\/\/www.cambe.pr.gov.br\/index.php\/wp-json\/wp\/v2\/posts\/3272","targetHints":{"allow":["GET"]}}],"collection":[{"href":"https:\/\/www.cambe.pr.gov.br\/index.php\/wp-json\/wp\/v2\/posts"}],"about":[{"href":"https:\/\/www.cambe.pr.gov.br\/index.php\/wp-json\/wp\/v2\/types\/post"}],"author":[{"embeddable":true,"href":"https:\/\/www.cambe.pr.gov.br\/index.php\/wp-json\/wp\/v2\/users\/2"}],"replies":[{"embeddable":true,"href":"https:\/\/www.cambe.pr.gov.br\/index.php\/wp-json\/wp\/v2\/comments?post=3272"}],"version-history":[{"count":2,"href":"https:\/\/www.cambe.pr.gov.br\/index.php\/wp-json\/wp\/v2\/posts\/3272\/revisions"}],"predecessor-version":[{"id":3364,"href":"https:\/\/www.cambe.pr.gov.br\/index.php\/wp-json\/wp\/v2\/posts\/3272\/revisions\/3364"}],"wp:attachment":[{"href":"https:\/\/www.cambe.pr.gov.br\/index.php\/wp-json\/wp\/v2\/media?parent=3272"}],"wp:term":[{"taxonomy":"category","embeddable":true,"href":"https:\/\/www.cambe.pr.gov.br\/index.php\/wp-json\/wp\/v2\/categories?post=3272"},{"taxonomy":"post_tag","embeddable":true,"href":"https:\/\/www.cambe.pr.gov.br\/index.php\/wp-json\/wp\/v2\/tags?post=3272"}],"curies":[{"name":"wp","href":"https:\/\/api.w.org\/{rel}","templated":true}]}}