{"id":3227,"date":"2021-09-01T15:15:08","date_gmt":"2021-09-01T18:15:08","guid":{"rendered":"http:\/\/www.cambe.pr.gov.br\/?p=3227"},"modified":"2024-10-07T13:00:24","modified_gmt":"2024-10-07T16:00:24","slug":"secretaria-de-cultura-retoma-atividades-da-biblioteca-municipal-nesta-quarta-feira","status":"publish","type":"post","link":"https:\/\/www.cambe.pr.gov.br\/index.php\/secretaria-de-cultura-retoma-atividades-da-biblioteca-municipal-nesta-quarta-feira\/","title":{"rendered":"Secretaria de Cultura retoma atividades da Biblioteca Municipal nesta quarta-feira"},"content":{"rendered":"<p style=\"text-align: justify;\"><span style=\"font-family: arial, helvetica, sans-serif;\"><img fetchpriority=\"high\" decoding=\"async\" class=\"alignleft wp-image-3228 size-medium\" src=\"https:\/\/www.cambe.pr.gov.br\/wp-content\/uploads\/2021\/09\/DJI_20210901_124216-scaled-e1630520096165-300x200.jpg\" alt=\"\" width=\"300\" height=\"200\" srcset=\"https:\/\/www.cambe.pr.gov.br\/wp-content\/uploads\/2021\/09\/DJI_20210901_124216-scaled-e1630520096165-300x200.jpg 300w, https:\/\/www.cambe.pr.gov.br\/wp-content\/uploads\/2021\/09\/DJI_20210901_124216-scaled-e1630520096165-1024x683.jpg 1024w, https:\/\/www.cambe.pr.gov.br\/wp-content\/uploads\/2021\/09\/DJI_20210901_124216-scaled-e1630520096165-768x512.jpg 768w, https:\/\/www.cambe.pr.gov.br\/wp-content\/uploads\/2021\/09\/DJI_20210901_124216-scaled-e1630520096165-1536x1025.jpg 1536w, https:\/\/www.cambe.pr.gov.br\/wp-content\/uploads\/2021\/09\/DJI_20210901_124216-scaled-e1630520096165-2048x1366.jpg 2048w\" sizes=\"(max-width: 300px) 100vw, 300px\" \/>A Prefeitura de Camb\u00e9, por meio da Secretaria de Cultura, est\u00e1 retomando as atividades da Biblioteca P\u00fablica Municipal nesta quarta-feira (01). O funcionamento da biblioteca estava suspenso desde mar\u00e7o de 2020, ap\u00f3s o in\u00edcio da pandemia da Covid-19. A biblioteca adulto e infantil j\u00e1 est\u00e3o atendendo normalmente, apenas a \u00e1rea de computadores que vai voltar aos poucos ao funcionamento. A Biblioteca P\u00fablica Municipal de Camb\u00e9 conta atualmente com cerca de 20 mil exemplares de diversos g\u00eaneros, incluindo livros de literatura, did\u00e1ticos, t\u00e9cnicos, religiosos, dentre outros.<\/span><\/p>\n<p style=\"text-align: justify;\"><span style=\"font-family: arial, helvetica, sans-serif;\">Segundo Maria Luiza Perez, bibliotec\u00e1ria da prefeitura, os planos de voltar com as atividades da biblioteca j\u00e1 vinham sendo discutidos desde o fim do ano passado, por\u00e9m os picos de casos da doen\u00e7a na cidade n\u00e3o permitiam essa volta. \u201cQuando pens\u00e1vamos em retomar, o n\u00famero de casos aumentava, ent\u00e3o resolvemos esperar at\u00e9 um momento mais adequado\u201d, pontua.<\/span><\/p>\n<p style=\"text-align: justify;\"><span style=\"font-family: arial, helvetica, sans-serif;\">Ser\u00e1 obrigat\u00f3rio o uso de m\u00e1scara dentro da estrutura, al\u00e9m da utiliza\u00e7\u00e3o do tapete sanitizante e do \u00e1lcool gel, dispon\u00edveis na biblioteca. \u201cAl\u00e9m dessas medidas de seguran\u00e7a, os usu\u00e1rios n\u00e3o v\u00e3o ter acesso direto ao acervo\u201d, afirma a bibliotec\u00e1ria. Segundo Perez, o leitor deve comunicar a um funcion\u00e1rio sobre o livro que deseja ler e esse vai fazer a retirada do exemplar da prateleira. \u201c\u00c9 uma das medidas que tomamos para que as pessoas evitem tocar em v\u00e1rios livros\u201d, esclarece. Ainda de acordo com ela, ap\u00f3s o uso, o livro vai ficar indispon\u00edvel por dez dias. \u201cVai ficar em um local ventilado por esse tempo e s\u00f3 depois vamos voltar a coloc\u00e1-lo no acervo. \u00c9 outro meio que pensamos para evitar poss\u00edveis contamina\u00e7\u00f5es\u201d, destaca.<\/span><\/p>\n<p style=\"text-align: justify;\"><span style=\"font-family: arial, helvetica, sans-serif;\">Maria Luiza Perez explica que a biblioteca comportaria cerca de 80 pessoas em ocasi\u00f5es normais, mas por conta da pandemia a capacidade vai ser reduzida em 50%. \u201cV\u00e3o ser no m\u00e1ximo duas pessoas em cada mesa, que antes poderia ser ocupada por at\u00e9 quatro pessoas\u201d, frisa. Ainda segundo ela, a \u00e1rea dos computadores est\u00e1 prevista para voltar a funcionar j\u00e1 nas pr\u00f3ximas semanas, com no m\u00e1ximo cinco usu\u00e1rios ao mesmo tempo, tamb\u00e9m respeitando 50% da capacidade.<\/span><\/p>\n<p style=\"text-align: justify;\"><span style=\"font-family: arial, helvetica, sans-serif;\">Perez destaca que o acervo completo da biblioteca pode ser consultado online atrav\u00e9s do link: http:\/\/biblioteca.cambe.pr.gov.br:8887\/biblivre3\/. \u201cOs usu\u00e1rios podem consultar tanto pelo nome do livro ou do autor. O site ainda vai indicar a quantidade de livros dispon\u00edveis e em que local ele esta dispon\u00edvel\u201d, explica. Segundo ela, a maior parte dos livros fica na Biblioteca Municipal, mas alguns tamb\u00e9m est\u00e3o dispon\u00edveis na biblioteca da Pra\u00e7a Ceu, no Jardim Tarob\u00e1. Para consultar a disponibilidade do exemplar, o contato tamb\u00e9m pode ser feito pelos telefones 3174-0285 ou 3174-0290 ou ainda pela p\u00e1gina da biblioteca na Facebook, dispon\u00edvel em: https:\/\/www.facebook.com\/bibliotecapublicamunicipaldecambe.<\/span><\/p>\n<p style=\"text-align: justify;\"><span style=\"font-family: arial, helvetica, sans-serif;\">Os usu\u00e1rios que pretendem usar o espa\u00e7o da biblioteca para os estudos n\u00e3o precisam se cadastrar, mas para quem quiser fazer o empr\u00e9stimo, \u00e9 obrigat\u00f3rio fazer o cadastro. \u201cPara fazer a ficha, n\u00f3s pedimos que as pessoas levem uma foto 3X4, um documento com foto e um comprovante de resid\u00eancia. Os menores de idade devem ir com esses documentos e acompanhados de um respons\u00e1vel, que tamb\u00e9m deve levar uma identifica\u00e7\u00e3o pessoal\u201d, esclarece Perez.<\/span><\/p>\n<p style=\"text-align: justify;\"><span style=\"font-family: arial, helvetica, sans-serif;\">Segundo ela, podem ser emprestados at\u00e9 dois livros por um prazo de dez dias. \u201cSe ningu\u00e9m vier solicitar esse livro, o usu\u00e1rio pode fazer a renova\u00e7\u00e3o, tanto presencialmente quanto pelo telefone\u201d. Nos casos de atraso, Perez explica que n\u00e3o s\u00e3o cobradas multas, pois as leis do munic\u00edpio exigem que a biblioteca seja p\u00fablica e gratuita. \u201cSe por acaso o usu\u00e1rio perder o livro, n\u00f3s solicitamos que ele devolva outro do mesmo t\u00edtulo, quando n\u00e3o \u00e9 poss\u00edvel, n\u00f3s pedimos para que seja do mesmo g\u00eanero daquele que ele emprestou da biblioteca\u201d, ressalta.<\/span><\/p>\n<p style=\"text-align: justify;\"><span style=\"font-family: arial, helvetica, sans-serif;\">\u201cComo a nossa biblioteca vive de doa\u00e7\u00f5es de livros, n\u00f3s pedimos para que quem tenha algum livro em boas condi\u00e7\u00f5es e que n\u00e3o seja muito antigo \u2013 em rela\u00e7\u00e3o aos livros did\u00e1ticos, da \u00e1rea do direito ou de estat\u00edsticas \u2013 entre em contato conosco e doe para a nossa biblioteca\u201d, solicita Perez. Segundo ela, \u00e9 feito um processo de triagem dos livros, principalmente daqueles que apresentam gram\u00e1ticas desatualizadas ou informa\u00e7\u00f5es que n\u00e3o s\u00e3o mais recorrentes nos dias atuais. \u201cLivros com as regras ortogr\u00e1ficas antigas podem prejudicar algu\u00e9m que vem estudar\u201d, orienta.<\/span><\/p>\n<p style=\"text-align: justify;\"><span style=\"font-family: arial, helvetica, sans-serif;\">A Biblioteca P\u00fablica Municipal de Camb\u00e9 fica na Rua Otto Gaertner, 210 \u2013 Centro e a partir desta quarta-feira est\u00e1 dispon\u00edvel para a popula\u00e7\u00e3o das 8h30 \u00e0s 17h. \u201cAntes n\u00f3s trabalh\u00e1vamos com um intervalo na hora do almo\u00e7o, por\u00e9m decidimos adotar um hor\u00e1rio direto para quem s\u00f3 pode vir durante esse per\u00edodo\u201d, finaliza Maria Luiza Perez.<\/span><\/p>\n","protected":false},"excerpt":{"rendered":"<p>A Prefeitura de Camb\u00e9, por meio da Secretaria de Cultura, est\u00e1 retomando as atividades da Biblioteca P\u00fablica Municipal nesta quarta-feira (01). O funcionamento da biblioteca estava suspenso desde mar\u00e7o de 2020, ap\u00f3s o in\u00edcio da pandemia da Covid-19. A biblioteca adulto e infantil j\u00e1 est\u00e3o atendendo normalmente, apenas a \u00e1rea de computadores que vai voltar [&hellip;]<\/p>\n","protected":false},"author":2,"featured_media":0,"comment_status":"closed","ping_status":"open","sticky":false,"template":"","format":"standard","meta":{"ngg_post_thumbnail":0,"footnotes":""},"categories":[1],"tags":[],"class_list":["post-3227","post","type-post","status-publish","format-standard","hentry","category-principal"],"yoast_head":"<!-- This site is optimized with the Yoast SEO plugin v27.4 - https:\/\/yoast.com\/product\/yoast-seo-wordpress\/ -->\n<title>Secretaria de Cultura retoma atividades da Biblioteca Municipal nesta quarta-feira - Prefeitura de Camb\u00e9<\/title>\n<meta name=\"robots\" content=\"index, follow, max-snippet:-1, max-image-preview:large, max-video-preview:-1\" \/>\n<link rel=\"canonical\" href=\"https:\/\/www.cambe.pr.gov.br\/index.php\/secretaria-de-cultura-retoma-atividades-da-biblioteca-municipal-nesta-quarta-feira\/\" \/>\n<meta property=\"og:locale\" content=\"pt_BR\" \/>\n<meta property=\"og:type\" content=\"article\" \/>\n<meta property=\"og:title\" content=\"Secretaria de Cultura retoma atividades da Biblioteca Municipal nesta quarta-feira - Prefeitura de Camb\u00e9\" \/>\n<meta property=\"og:description\" content=\"A Prefeitura de Camb\u00e9, por meio da Secretaria de Cultura, est\u00e1 retomando as atividades da Biblioteca P\u00fablica Municipal nesta quarta-feira (01). O funcionamento da biblioteca estava suspenso desde mar\u00e7o de 2020, ap\u00f3s o in\u00edcio da pandemia da Covid-19. A biblioteca adulto e infantil j\u00e1 est\u00e3o atendendo normalmente, apenas a \u00e1rea de computadores que vai voltar [&hellip;]\" \/>\n<meta property=\"og:url\" content=\"https:\/\/www.cambe.pr.gov.br\/index.php\/secretaria-de-cultura-retoma-atividades-da-biblioteca-municipal-nesta-quarta-feira\/\" \/>\n<meta property=\"og:site_name\" content=\"Prefeitura de Camb\u00e9\" \/>\n<meta property=\"article:publisher\" content=\"https:\/\/m.facebook.com\/prefeituradecambe\" \/>\n<meta property=\"article:published_time\" content=\"2021-09-01T18:15:08+00:00\" \/>\n<meta property=\"article:modified_time\" content=\"2024-10-07T16:00:24+00:00\" \/>\n<meta property=\"og:image\" content=\"http:\/\/www.cambe.pr.gov.br\/wp-content\/uploads\/2021\/09\/DJI_20210901_124216-scaled-e1630520096165-300x200.jpg\" \/>\n<meta name=\"author\" content=\"Thiago Mossini Balbino dos Santos\" \/>\n<meta name=\"twitter:card\" content=\"summary_large_image\" \/>\n<meta name=\"twitter:label1\" content=\"Escrito por\" \/>\n\t<meta name=\"twitter:data1\" content=\"Thiago Mossini Balbino dos Santos\" \/>\n\t<meta name=\"twitter:label2\" content=\"Est. tempo de leitura\" \/>\n\t<meta name=\"twitter:data2\" content=\"4 minutos\" \/>\n<script type=\"application\/ld+json\" class=\"yoast-schema-graph\">{\"@context\":\"https:\\\/\\\/schema.org\",\"@graph\":[{\"@type\":\"Article\",\"@id\":\"https:\\\/\\\/www.cambe.pr.gov.br\\\/index.php\\\/secretaria-de-cultura-retoma-atividades-da-biblioteca-municipal-nesta-quarta-feira\\\/#article\",\"isPartOf\":{\"@id\":\"https:\\\/\\\/www.cambe.pr.gov.br\\\/index.php\\\/secretaria-de-cultura-retoma-atividades-da-biblioteca-municipal-nesta-quarta-feira\\\/\"},\"author\":{\"name\":\"Thiago Mossini Balbino dos Santos\",\"@id\":\"https:\\\/\\\/www.cambe.pr.gov.br\\\/#\\\/schema\\\/person\\\/e08f7c43a641b2ec036e4e867ec483e4\"},\"headline\":\"Secretaria de Cultura retoma atividades da Biblioteca Municipal nesta quarta-feira\",\"datePublished\":\"2021-09-01T18:15:08+00:00\",\"dateModified\":\"2024-10-07T16:00:24+00:00\",\"mainEntityOfPage\":{\"@id\":\"https:\\\/\\\/www.cambe.pr.gov.br\\\/index.php\\\/secretaria-de-cultura-retoma-atividades-da-biblioteca-municipal-nesta-quarta-feira\\\/\"},\"wordCount\":854,\"publisher\":{\"@id\":\"https:\\\/\\\/www.cambe.pr.gov.br\\\/#organization\"},\"image\":{\"@id\":\"https:\\\/\\\/www.cambe.pr.gov.br\\\/index.php\\\/secretaria-de-cultura-retoma-atividades-da-biblioteca-municipal-nesta-quarta-feira\\\/#primaryimage\"},\"thumbnailUrl\":\"http:\\\/\\\/www.cambe.pr.gov.br\\\/wp-content\\\/uploads\\\/2021\\\/09\\\/DJI_20210901_124216-scaled-e1630520096165-300x200.jpg\",\"articleSection\":[\"Principal\"],\"inLanguage\":\"pt-BR\"},{\"@type\":\"WebPage\",\"@id\":\"https:\\\/\\\/www.cambe.pr.gov.br\\\/index.php\\\/secretaria-de-cultura-retoma-atividades-da-biblioteca-municipal-nesta-quarta-feira\\\/\",\"url\":\"https:\\\/\\\/www.cambe.pr.gov.br\\\/index.php\\\/secretaria-de-cultura-retoma-atividades-da-biblioteca-municipal-nesta-quarta-feira\\\/\",\"name\":\"Secretaria de Cultura retoma atividades da Biblioteca Municipal nesta quarta-feira - Prefeitura de Camb\u00e9\",\"isPartOf\":{\"@id\":\"https:\\\/\\\/www.cambe.pr.gov.br\\\/#website\"},\"primaryImageOfPage\":{\"@id\":\"https:\\\/\\\/www.cambe.pr.gov.br\\\/index.php\\\/secretaria-de-cultura-retoma-atividades-da-biblioteca-municipal-nesta-quarta-feira\\\/#primaryimage\"},\"image\":{\"@id\":\"https:\\\/\\\/www.cambe.pr.gov.br\\\/index.php\\\/secretaria-de-cultura-retoma-atividades-da-biblioteca-municipal-nesta-quarta-feira\\\/#primaryimage\"},\"thumbnailUrl\":\"http:\\\/\\\/www.cambe.pr.gov.br\\\/wp-content\\\/uploads\\\/2021\\\/09\\\/DJI_20210901_124216-scaled-e1630520096165-300x200.jpg\",\"datePublished\":\"2021-09-01T18:15:08+00:00\",\"dateModified\":\"2024-10-07T16:00:24+00:00\",\"breadcrumb\":{\"@id\":\"https:\\\/\\\/www.cambe.pr.gov.br\\\/index.php\\\/secretaria-de-cultura-retoma-atividades-da-biblioteca-municipal-nesta-quarta-feira\\\/#breadcrumb\"},\"inLanguage\":\"pt-BR\",\"potentialAction\":[{\"@type\":\"ReadAction\",\"target\":[\"https:\\\/\\\/www.cambe.pr.gov.br\\\/index.php\\\/secretaria-de-cultura-retoma-atividades-da-biblioteca-municipal-nesta-quarta-feira\\\/\"]}]},{\"@type\":\"ImageObject\",\"inLanguage\":\"pt-BR\",\"@id\":\"https:\\\/\\\/www.cambe.pr.gov.br\\\/index.php\\\/secretaria-de-cultura-retoma-atividades-da-biblioteca-municipal-nesta-quarta-feira\\\/#primaryimage\",\"url\":\"http:\\\/\\\/www.cambe.pr.gov.br\\\/wp-content\\\/uploads\\\/2021\\\/09\\\/DJI_20210901_124216-scaled-e1630520096165-300x200.jpg\",\"contentUrl\":\"http:\\\/\\\/www.cambe.pr.gov.br\\\/wp-content\\\/uploads\\\/2021\\\/09\\\/DJI_20210901_124216-scaled-e1630520096165-300x200.jpg\"},{\"@type\":\"BreadcrumbList\",\"@id\":\"https:\\\/\\\/www.cambe.pr.gov.br\\\/index.php\\\/secretaria-de-cultura-retoma-atividades-da-biblioteca-municipal-nesta-quarta-feira\\\/#breadcrumb\",\"itemListElement\":[{\"@type\":\"ListItem\",\"position\":1,\"name\":\"In\u00edcio\",\"item\":\"https:\\\/\\\/www.cambe.pr.gov.br\\\/\"},{\"@type\":\"ListItem\",\"position\":2,\"name\":\"Secretaria de Cultura retoma atividades da Biblioteca Municipal nesta quarta-feira\"}]},{\"@type\":\"WebSite\",\"@id\":\"https:\\\/\\\/www.cambe.pr.gov.br\\\/#website\",\"url\":\"https:\\\/\\\/www.cambe.pr.gov.br\\\/\",\"name\":\"Prefeitura de Camb\u00e9\",\"description\":\"UM GOVERNO PARA TODOS\",\"publisher\":{\"@id\":\"https:\\\/\\\/www.cambe.pr.gov.br\\\/#organization\"},\"potentialAction\":[{\"@type\":\"SearchAction\",\"target\":{\"@type\":\"EntryPoint\",\"urlTemplate\":\"https:\\\/\\\/www.cambe.pr.gov.br\\\/?s={search_term_string}\"},\"query-input\":{\"@type\":\"PropertyValueSpecification\",\"valueRequired\":true,\"valueName\":\"search_term_string\"}}],\"inLanguage\":\"pt-BR\"},{\"@type\":\"Organization\",\"@id\":\"https:\\\/\\\/www.cambe.pr.gov.br\\\/#organization\",\"name\":\"Prefeitura de Camb\u00e9\",\"url\":\"https:\\\/\\\/www.cambe.pr.gov.br\\\/\",\"logo\":{\"@type\":\"ImageObject\",\"inLanguage\":\"pt-BR\",\"@id\":\"https:\\\/\\\/www.cambe.pr.gov.br\\\/#\\\/schema\\\/logo\\\/image\\\/\",\"url\":\"https:\\\/\\\/www.cambe.pr.gov.br\\\/wp-content\\\/uploads\\\/2021\\\/01\\\/cropped-cropped-cambe_brazao-icone.png\",\"contentUrl\":\"https:\\\/\\\/www.cambe.pr.gov.br\\\/wp-content\\\/uploads\\\/2021\\\/01\\\/cropped-cropped-cambe_brazao-icone.png\",\"width\":240,\"height\":240,\"caption\":\"Prefeitura de Camb\u00e9\"},\"image\":{\"@id\":\"https:\\\/\\\/www.cambe.pr.gov.br\\\/#\\\/schema\\\/logo\\\/image\\\/\"},\"sameAs\":[\"https:\\\/\\\/m.facebook.com\\\/prefeituradecambe\"]},{\"@type\":\"Person\",\"@id\":\"https:\\\/\\\/www.cambe.pr.gov.br\\\/#\\\/schema\\\/person\\\/e08f7c43a641b2ec036e4e867ec483e4\",\"name\":\"Thiago Mossini Balbino dos Santos\",\"image\":{\"@type\":\"ImageObject\",\"inLanguage\":\"pt-BR\",\"@id\":\"https:\\\/\\\/secure.gravatar.com\\\/avatar\\\/d957ed4e1bc3ebf5769d1003f9709cd2012ebf424eb4a5d76a933fee30e874b6?s=96&d=mm&r=g\",\"url\":\"https:\\\/\\\/secure.gravatar.com\\\/avatar\\\/d957ed4e1bc3ebf5769d1003f9709cd2012ebf424eb4a5d76a933fee30e874b6?s=96&d=mm&r=g\",\"contentUrl\":\"https:\\\/\\\/secure.gravatar.com\\\/avatar\\\/d957ed4e1bc3ebf5769d1003f9709cd2012ebf424eb4a5d76a933fee30e874b6?s=96&d=mm&r=g\",\"caption\":\"Thiago Mossini Balbino dos Santos\"},\"url\":\"https:\\\/\\\/www.cambe.pr.gov.br\\\/index.php\\\/author\\\/tmbsantos\\\/\"}]}<\/script>\n<!-- \/ Yoast SEO plugin. -->","yoast_head_json":{"title":"Secretaria de Cultura retoma atividades da Biblioteca Municipal nesta quarta-feira - Prefeitura de Camb\u00e9","robots":{"index":"index","follow":"follow","max-snippet":"max-snippet:-1","max-image-preview":"max-image-preview:large","max-video-preview":"max-video-preview:-1"},"canonical":"https:\/\/www.cambe.pr.gov.br\/index.php\/secretaria-de-cultura-retoma-atividades-da-biblioteca-municipal-nesta-quarta-feira\/","og_locale":"pt_BR","og_type":"article","og_title":"Secretaria de Cultura retoma atividades da Biblioteca Municipal nesta quarta-feira - Prefeitura de Camb\u00e9","og_description":"A Prefeitura de Camb\u00e9, por meio da Secretaria de Cultura, est\u00e1 retomando as atividades da Biblioteca P\u00fablica Municipal nesta quarta-feira (01). O funcionamento da biblioteca estava suspenso desde mar\u00e7o de 2020, ap\u00f3s o in\u00edcio da pandemia da Covid-19. A biblioteca adulto e infantil j\u00e1 est\u00e3o atendendo normalmente, apenas a \u00e1rea de computadores que vai voltar [&hellip;]","og_url":"https:\/\/www.cambe.pr.gov.br\/index.php\/secretaria-de-cultura-retoma-atividades-da-biblioteca-municipal-nesta-quarta-feira\/","og_site_name":"Prefeitura de Camb\u00e9","article_publisher":"https:\/\/m.facebook.com\/prefeituradecambe","article_published_time":"2021-09-01T18:15:08+00:00","article_modified_time":"2024-10-07T16:00:24+00:00","og_image":[{"url":"http:\/\/www.cambe.pr.gov.br\/wp-content\/uploads\/2021\/09\/DJI_20210901_124216-scaled-e1630520096165-300x200.jpg","type":"","width":"","height":""}],"author":"Thiago Mossini Balbino dos Santos","twitter_card":"summary_large_image","twitter_misc":{"Escrito por":"Thiago Mossini Balbino dos Santos","Est. tempo de leitura":"4 minutos"},"schema":{"@context":"https:\/\/schema.org","@graph":[{"@type":"Article","@id":"https:\/\/www.cambe.pr.gov.br\/index.php\/secretaria-de-cultura-retoma-atividades-da-biblioteca-municipal-nesta-quarta-feira\/#article","isPartOf":{"@id":"https:\/\/www.cambe.pr.gov.br\/index.php\/secretaria-de-cultura-retoma-atividades-da-biblioteca-municipal-nesta-quarta-feira\/"},"author":{"name":"Thiago Mossini Balbino dos Santos","@id":"https:\/\/www.cambe.pr.gov.br\/#\/schema\/person\/e08f7c43a641b2ec036e4e867ec483e4"},"headline":"Secretaria de Cultura retoma atividades da Biblioteca Municipal nesta quarta-feira","datePublished":"2021-09-01T18:15:08+00:00","dateModified":"2024-10-07T16:00:24+00:00","mainEntityOfPage":{"@id":"https:\/\/www.cambe.pr.gov.br\/index.php\/secretaria-de-cultura-retoma-atividades-da-biblioteca-municipal-nesta-quarta-feira\/"},"wordCount":854,"publisher":{"@id":"https:\/\/www.cambe.pr.gov.br\/#organization"},"image":{"@id":"https:\/\/www.cambe.pr.gov.br\/index.php\/secretaria-de-cultura-retoma-atividades-da-biblioteca-municipal-nesta-quarta-feira\/#primaryimage"},"thumbnailUrl":"http:\/\/www.cambe.pr.gov.br\/wp-content\/uploads\/2021\/09\/DJI_20210901_124216-scaled-e1630520096165-300x200.jpg","articleSection":["Principal"],"inLanguage":"pt-BR"},{"@type":"WebPage","@id":"https:\/\/www.cambe.pr.gov.br\/index.php\/secretaria-de-cultura-retoma-atividades-da-biblioteca-municipal-nesta-quarta-feira\/","url":"https:\/\/www.cambe.pr.gov.br\/index.php\/secretaria-de-cultura-retoma-atividades-da-biblioteca-municipal-nesta-quarta-feira\/","name":"Secretaria de Cultura retoma atividades da Biblioteca Municipal nesta quarta-feira - Prefeitura de Camb\u00e9","isPartOf":{"@id":"https:\/\/www.cambe.pr.gov.br\/#website"},"primaryImageOfPage":{"@id":"https:\/\/www.cambe.pr.gov.br\/index.php\/secretaria-de-cultura-retoma-atividades-da-biblioteca-municipal-nesta-quarta-feira\/#primaryimage"},"image":{"@id":"https:\/\/www.cambe.pr.gov.br\/index.php\/secretaria-de-cultura-retoma-atividades-da-biblioteca-municipal-nesta-quarta-feira\/#primaryimage"},"thumbnailUrl":"http:\/\/www.cambe.pr.gov.br\/wp-content\/uploads\/2021\/09\/DJI_20210901_124216-scaled-e1630520096165-300x200.jpg","datePublished":"2021-09-01T18:15:08+00:00","dateModified":"2024-10-07T16:00:24+00:00","breadcrumb":{"@id":"https:\/\/www.cambe.pr.gov.br\/index.php\/secretaria-de-cultura-retoma-atividades-da-biblioteca-municipal-nesta-quarta-feira\/#breadcrumb"},"inLanguage":"pt-BR","potentialAction":[{"@type":"ReadAction","target":["https:\/\/www.cambe.pr.gov.br\/index.php\/secretaria-de-cultura-retoma-atividades-da-biblioteca-municipal-nesta-quarta-feira\/"]}]},{"@type":"ImageObject","inLanguage":"pt-BR","@id":"https:\/\/www.cambe.pr.gov.br\/index.php\/secretaria-de-cultura-retoma-atividades-da-biblioteca-municipal-nesta-quarta-feira\/#primaryimage","url":"http:\/\/www.cambe.pr.gov.br\/wp-content\/uploads\/2021\/09\/DJI_20210901_124216-scaled-e1630520096165-300x200.jpg","contentUrl":"http:\/\/www.cambe.pr.gov.br\/wp-content\/uploads\/2021\/09\/DJI_20210901_124216-scaled-e1630520096165-300x200.jpg"},{"@type":"BreadcrumbList","@id":"https:\/\/www.cambe.pr.gov.br\/index.php\/secretaria-de-cultura-retoma-atividades-da-biblioteca-municipal-nesta-quarta-feira\/#breadcrumb","itemListElement":[{"@type":"ListItem","position":1,"name":"In\u00edcio","item":"https:\/\/www.cambe.pr.gov.br\/"},{"@type":"ListItem","position":2,"name":"Secretaria de Cultura retoma atividades da Biblioteca Municipal nesta quarta-feira"}]},{"@type":"WebSite","@id":"https:\/\/www.cambe.pr.gov.br\/#website","url":"https:\/\/www.cambe.pr.gov.br\/","name":"Prefeitura de Camb\u00e9","description":"UM GOVERNO PARA TODOS","publisher":{"@id":"https:\/\/www.cambe.pr.gov.br\/#organization"},"potentialAction":[{"@type":"SearchAction","target":{"@type":"EntryPoint","urlTemplate":"https:\/\/www.cambe.pr.gov.br\/?s={search_term_string}"},"query-input":{"@type":"PropertyValueSpecification","valueRequired":true,"valueName":"search_term_string"}}],"inLanguage":"pt-BR"},{"@type":"Organization","@id":"https:\/\/www.cambe.pr.gov.br\/#organization","name":"Prefeitura de Camb\u00e9","url":"https:\/\/www.cambe.pr.gov.br\/","logo":{"@type":"ImageObject","inLanguage":"pt-BR","@id":"https:\/\/www.cambe.pr.gov.br\/#\/schema\/logo\/image\/","url":"https:\/\/www.cambe.pr.gov.br\/wp-content\/uploads\/2021\/01\/cropped-cropped-cambe_brazao-icone.png","contentUrl":"https:\/\/www.cambe.pr.gov.br\/wp-content\/uploads\/2021\/01\/cropped-cropped-cambe_brazao-icone.png","width":240,"height":240,"caption":"Prefeitura de Camb\u00e9"},"image":{"@id":"https:\/\/www.cambe.pr.gov.br\/#\/schema\/logo\/image\/"},"sameAs":["https:\/\/m.facebook.com\/prefeituradecambe"]},{"@type":"Person","@id":"https:\/\/www.cambe.pr.gov.br\/#\/schema\/person\/e08f7c43a641b2ec036e4e867ec483e4","name":"Thiago Mossini Balbino dos Santos","image":{"@type":"ImageObject","inLanguage":"pt-BR","@id":"https:\/\/secure.gravatar.com\/avatar\/d957ed4e1bc3ebf5769d1003f9709cd2012ebf424eb4a5d76a933fee30e874b6?s=96&d=mm&r=g","url":"https:\/\/secure.gravatar.com\/avatar\/d957ed4e1bc3ebf5769d1003f9709cd2012ebf424eb4a5d76a933fee30e874b6?s=96&d=mm&r=g","contentUrl":"https:\/\/secure.gravatar.com\/avatar\/d957ed4e1bc3ebf5769d1003f9709cd2012ebf424eb4a5d76a933fee30e874b6?s=96&d=mm&r=g","caption":"Thiago Mossini Balbino dos Santos"},"url":"https:\/\/www.cambe.pr.gov.br\/index.php\/author\/tmbsantos\/"}]}},"_links":{"self":[{"href":"https:\/\/www.cambe.pr.gov.br\/index.php\/wp-json\/wp\/v2\/posts\/3227","targetHints":{"allow":["GET"]}}],"collection":[{"href":"https:\/\/www.cambe.pr.gov.br\/index.php\/wp-json\/wp\/v2\/posts"}],"about":[{"href":"https:\/\/www.cambe.pr.gov.br\/index.php\/wp-json\/wp\/v2\/types\/post"}],"author":[{"embeddable":true,"href":"https:\/\/www.cambe.pr.gov.br\/index.php\/wp-json\/wp\/v2\/users\/2"}],"replies":[{"embeddable":true,"href":"https:\/\/www.cambe.pr.gov.br\/index.php\/wp-json\/wp\/v2\/comments?post=3227"}],"version-history":[{"count":1,"href":"https:\/\/www.cambe.pr.gov.br\/index.php\/wp-json\/wp\/v2\/posts\/3227\/revisions"}],"predecessor-version":[{"id":3229,"href":"https:\/\/www.cambe.pr.gov.br\/index.php\/wp-json\/wp\/v2\/posts\/3227\/revisions\/3229"}],"wp:attachment":[{"href":"https:\/\/www.cambe.pr.gov.br\/index.php\/wp-json\/wp\/v2\/media?parent=3227"}],"wp:term":[{"taxonomy":"category","embeddable":true,"href":"https:\/\/www.cambe.pr.gov.br\/index.php\/wp-json\/wp\/v2\/categories?post=3227"},{"taxonomy":"post_tag","embeddable":true,"href":"https:\/\/www.cambe.pr.gov.br\/index.php\/wp-json\/wp\/v2\/tags?post=3227"}],"curies":[{"name":"wp","href":"https:\/\/api.w.org\/{rel}","templated":true}]}}