{"id":3182,"date":"2021-08-31T16:27:21","date_gmt":"2021-08-31T19:27:21","guid":{"rendered":"http:\/\/www.cambe.pr.gov.br\/?p=3182"},"modified":"2024-10-07T13:00:24","modified_gmt":"2024-10-07T16:00:24","slug":"santa-casa-de-cambe-tera-um-incremento-no-repasse-de-r-172-milhoes-em-60-meses","status":"publish","type":"post","link":"https:\/\/www.cambe.pr.gov.br\/index.php\/santa-casa-de-cambe-tera-um-incremento-no-repasse-de-r-172-milhoes-em-60-meses\/","title":{"rendered":"Santa Casa de Camb\u00e9 ter\u00e1 um incremento no repasse de R$ 17,2 milh\u00f5es em 60 meses"},"content":{"rendered":"<div id=\"attachment_3183\" style=\"width: 310px\" class=\"wp-caption alignleft\"><img fetchpriority=\"high\" decoding=\"async\" aria-describedby=\"caption-attachment-3183\" class=\"wp-image-3183 size-medium\" src=\"https:\/\/www.cambe.pr.gov.br\/wp-content\/uploads\/2021\/08\/cambe-santa-casa-5-e1630520387557-300x200.jpg\" alt=\"\" width=\"300\" height=\"200\" srcset=\"https:\/\/www.cambe.pr.gov.br\/wp-content\/uploads\/2021\/08\/cambe-santa-casa-5-e1630520387557-300x200.jpg 300w, https:\/\/www.cambe.pr.gov.br\/wp-content\/uploads\/2021\/08\/cambe-santa-casa-5-e1630520387557-768x512.jpg 768w, https:\/\/www.cambe.pr.gov.br\/wp-content\/uploads\/2021\/08\/cambe-santa-casa-5-e1630520387557.jpg 1024w\" sizes=\"(max-width: 300px) 100vw, 300px\" \/><p id=\"caption-attachment-3183\" class=\"wp-caption-text\">Secret\u00e1rio de Sa\u00fade Beto Preto, prefeito Conrado Scheller, governador Ratinho Junior, deputado estadual Tiago Amaral e interventora da Santa Casa de Camb\u00e9, Tatiana M\u00fcller (Foto: Geraldo Bubniak\/AEN)<\/p><\/div>\n<p style=\"text-align: justify;\"><span style=\"font-family: arial, helvetica, sans-serif;\">O prefeito de Camb\u00e9, Conrado Sheller, participou na manh\u00e3 desta ter\u00e7a-feira da assinatura de um acordo que prev\u00ea um incremento no investimento por parte do Governo do Estado na Santa Casa de Camb\u00e9. A assinatura do governador Carlos Massa Ratinho Junior foi feita em cerim\u00f4nia no Pal\u00e1cio Igua\u00e7u.&nbsp;A Santa Casa de Camb\u00e9 \u00e9 refer\u00eancia para uma popula\u00e7\u00e3o de mais de 130 mil pessoas, entre Camb\u00e9, Florest\u00f3polis, Bela Vista do Para\u00edso, Prado Ferreira e Miraselva.&nbsp;Tamb\u00e9m foram contemplados o Hospital S\u00e3o Rafael, de Rol\u00e2ndia, e o Cristo Rei, de Ibipor\u00e3.<\/span><\/p>\n<p style=\"text-align: justify;\"><span style=\"font-family: arial, helvetica, sans-serif;\">A partir do acordo, foi firmado um novo contrato com a Secretaria de Sa\u00fade do Paran\u00e1, com amplia\u00e7\u00e3o do volume de recursos. O repasse mensal para a Santa Casa de Camb\u00e9 subir\u00e1 de R$ 723 mil para R$&nbsp;1.010&nbsp;milh\u00e3o, um incremento de R$ 17,2&nbsp;milh\u00f5es em 60 meses. \u201cEsse conv\u00eanio vai salvar vidas e refor\u00e7ar o que \u00e9 a ess\u00eancia de um governo: cuidar de quem mais precisa\u201d, destacou Conrado Scheller, que abra\u00e7ou a causa pela Santa Casa ainda antes de ser eleito prefeito de Camb\u00e9.<\/span><\/p>\n<p style=\"text-align: justify;\"><span style=\"font-family: arial, helvetica, sans-serif;\">A Santa Casa mantinha um contrato de subven\u00e7\u00e3o, que foi finalizado em dezembro do ano passado, ap\u00f3s 48 meses de vig\u00eancia. Agora, o novo conv\u00eanio ser\u00e1 com pagamento por produ\u00e7\u00e3o via Sistema \u00danico de Sa\u00fade (SUS), pela oferta de servi\u00e7os.<\/span><\/p>\n<p style=\"text-align: justify;\"><span style=\"font-family: arial, helvetica, sans-serif;\">O deputado estadual Tiago Amaral, que acompanha de perto a situa\u00e7\u00e3o dos hospitais filantr\u00f3picos sob interven\u00e7\u00e3o, desde a cria\u00e7\u00e3o da Lei da Subven\u00e7\u00e3o, em 2016, da qual foi o autor do anteprojeto que garantiu repasses mensais durante quatro anos, comemorou a assinatura do novo contrato intermediado por ele junto ao secret\u00e1rio Beto Preto e Governo do Estado. \u201cSem esses tr\u00eas hospitais a sa\u00fade na regi\u00e3o entraria em colapso. Eles atendem uma popula\u00e7\u00e3o de 400 mil pessoas. Pacientes de v\u00e1rios munic\u00edpios precisariam procurar atendimento no sistema sobrecarregado de sa\u00fade de Londrina, que n\u00e3o daria conta. Essa, sem d\u00favida, \u00e9 uma das a\u00e7\u00f5es mais importantes para a sa\u00fade da popula\u00e7\u00e3o do norte do Paran\u00e1\u201d,&nbsp;afirma Tiago Amaral.<\/span><\/p>\n<p style=\"text-align: justify;\"><span style=\"font-family: arial, helvetica, sans-serif;\">A interventora judicial Tatiana Muller&nbsp;comemorou a conquista. Ela est\u00e1 acertando os \u00faltimos detalhes para finalizar a interven\u00e7\u00e3o e o novo contrato d\u00e1 mais tranquilidade neste momento. \u201cEu estou feliz de participar dessa hist\u00f3ria desse o in\u00edcio, quando bati na porta do gabinete do Tiago Amaral com uma ideia maluca. Os hospitais tinham perdido a possibilidade de fazer conv\u00eanios e foi a\u00ed que surgiu a ideia da Lei de Subven\u00e7\u00e3o, que garantiu repasses aos tr\u00eas hospitais no seu pior momento. Nem pagar m\u00e9dicos e funcion\u00e1rios n\u00f3s consegu\u00edamos\u201d, afirmou<\/span><\/p>\n<p style=\"text-align: justify;\"><span style=\"font-family: arial, helvetica, sans-serif;\">\u201cAdministrar hospitais \u00e9 um grande desafio, ainda mais em um per\u00edodo como esse de pandemia. Esses contratos fazem com que as interven\u00e7\u00f5es sejam extintas e passe a valer a meritocracia, com o Estado cobrando pela boa gest\u00e3o, buscando a qualidade m\u00e1xima no repasse dos recursos. Isso, sem d\u00favida, significar\u00e1 um melhor atendimento para a popula\u00e7\u00e3o\u201d, afirmou o governador.<\/span><\/p>\n<p style=\"text-align: justify;\"><span style=\"font-family: arial, helvetica, sans-serif;\">O secret\u00e1rio de Estado Sa\u00fade, Beto Preto,&nbsp;destacou que a rede filantr\u00f3pica de hospitais \u00e9 essencial para o atendimento ofertado aos paranaenses. \u201cS\u00e3o mais servi\u00e7os e mais atendimentos que v\u00e3o se refletir na sa\u00fade da popula\u00e7\u00e3o. Um contrato perene que ajuda a aliviar a administra\u00e7\u00e3o hospitalar\u201d, ressaltou.<\/span><\/p>\n","protected":false},"excerpt":{"rendered":"<p>O prefeito de Camb\u00e9, Conrado Sheller, participou na manh\u00e3 desta ter\u00e7a-feira da assinatura de um acordo que prev\u00ea um incremento no investimento por parte do Governo do Estado na Santa Casa de Camb\u00e9. A assinatura do governador Carlos Massa Ratinho Junior foi feita em cerim\u00f4nia no Pal\u00e1cio Igua\u00e7u.&nbsp;A Santa Casa de Camb\u00e9 \u00e9 refer\u00eancia para [&hellip;]<\/p>\n","protected":false},"author":2,"featured_media":0,"comment_status":"closed","ping_status":"open","sticky":false,"template":"","format":"standard","meta":{"ngg_post_thumbnail":0,"footnotes":""},"categories":[1],"tags":[],"class_list":["post-3182","post","type-post","status-publish","format-standard","hentry","category-principal"],"yoast_head":"<!-- This site is optimized with the Yoast SEO plugin v27.4 - https:\/\/yoast.com\/product\/yoast-seo-wordpress\/ -->\n<title>Santa Casa de Camb\u00e9 ter\u00e1 um incremento no repasse de R$ 17,2 milh\u00f5es em 60 meses - Prefeitura de Camb\u00e9<\/title>\n<meta name=\"robots\" content=\"index, follow, max-snippet:-1, max-image-preview:large, max-video-preview:-1\" \/>\n<link rel=\"canonical\" href=\"https:\/\/www.cambe.pr.gov.br\/index.php\/santa-casa-de-cambe-tera-um-incremento-no-repasse-de-r-172-milhoes-em-60-meses\/\" \/>\n<meta property=\"og:locale\" content=\"pt_BR\" \/>\n<meta property=\"og:type\" content=\"article\" \/>\n<meta property=\"og:title\" content=\"Santa Casa de Camb\u00e9 ter\u00e1 um incremento no repasse de R$ 17,2 milh\u00f5es em 60 meses - Prefeitura de Camb\u00e9\" \/>\n<meta property=\"og:description\" content=\"O prefeito de Camb\u00e9, Conrado Sheller, participou na manh\u00e3 desta ter\u00e7a-feira da assinatura de um acordo que prev\u00ea um incremento no investimento por parte do Governo do Estado na Santa Casa de Camb\u00e9. A assinatura do governador Carlos Massa Ratinho Junior foi feita em cerim\u00f4nia no Pal\u00e1cio Igua\u00e7u.&nbsp;A Santa Casa de Camb\u00e9 \u00e9 refer\u00eancia para [&hellip;]\" \/>\n<meta property=\"og:url\" content=\"https:\/\/www.cambe.pr.gov.br\/index.php\/santa-casa-de-cambe-tera-um-incremento-no-repasse-de-r-172-milhoes-em-60-meses\/\" \/>\n<meta property=\"og:site_name\" content=\"Prefeitura de Camb\u00e9\" \/>\n<meta property=\"article:publisher\" content=\"https:\/\/m.facebook.com\/prefeituradecambe\" \/>\n<meta property=\"article:published_time\" content=\"2021-08-31T19:27:21+00:00\" \/>\n<meta property=\"article:modified_time\" content=\"2024-10-07T16:00:24+00:00\" \/>\n<meta property=\"og:image\" content=\"http:\/\/www.cambe.pr.gov.br\/wp-content\/uploads\/2021\/08\/cambe-santa-casa-5-e1630520387557-300x200.jpg\" \/>\n<meta name=\"author\" content=\"Thiago Mossini Balbino dos Santos\" \/>\n<meta name=\"twitter:card\" content=\"summary_large_image\" \/>\n<meta name=\"twitter:label1\" content=\"Escrito por\" \/>\n\t<meta name=\"twitter:data1\" content=\"Thiago Mossini Balbino dos Santos\" \/>\n\t<meta name=\"twitter:label2\" content=\"Est. tempo de leitura\" \/>\n\t<meta name=\"twitter:data2\" content=\"3 minutos\" \/>\n<script type=\"application\/ld+json\" class=\"yoast-schema-graph\">{\"@context\":\"https:\\\/\\\/schema.org\",\"@graph\":[{\"@type\":\"Article\",\"@id\":\"https:\\\/\\\/www.cambe.pr.gov.br\\\/index.php\\\/santa-casa-de-cambe-tera-um-incremento-no-repasse-de-r-172-milhoes-em-60-meses\\\/#article\",\"isPartOf\":{\"@id\":\"https:\\\/\\\/www.cambe.pr.gov.br\\\/index.php\\\/santa-casa-de-cambe-tera-um-incremento-no-repasse-de-r-172-milhoes-em-60-meses\\\/\"},\"author\":{\"name\":\"Thiago Mossini Balbino dos Santos\",\"@id\":\"https:\\\/\\\/www.cambe.pr.gov.br\\\/#\\\/schema\\\/person\\\/e08f7c43a641b2ec036e4e867ec483e4\"},\"headline\":\"Santa Casa de Camb\u00e9 ter\u00e1 um incremento no repasse de R$ 17,2 milh\u00f5es em 60 meses\",\"datePublished\":\"2021-08-31T19:27:21+00:00\",\"dateModified\":\"2024-10-07T16:00:24+00:00\",\"mainEntityOfPage\":{\"@id\":\"https:\\\/\\\/www.cambe.pr.gov.br\\\/index.php\\\/santa-casa-de-cambe-tera-um-incremento-no-repasse-de-r-172-milhoes-em-60-meses\\\/\"},\"wordCount\":642,\"publisher\":{\"@id\":\"https:\\\/\\\/www.cambe.pr.gov.br\\\/#organization\"},\"image\":{\"@id\":\"https:\\\/\\\/www.cambe.pr.gov.br\\\/index.php\\\/santa-casa-de-cambe-tera-um-incremento-no-repasse-de-r-172-milhoes-em-60-meses\\\/#primaryimage\"},\"thumbnailUrl\":\"http:\\\/\\\/www.cambe.pr.gov.br\\\/wp-content\\\/uploads\\\/2021\\\/08\\\/cambe-santa-casa-5-e1630520387557-300x200.jpg\",\"articleSection\":[\"Principal\"],\"inLanguage\":\"pt-BR\"},{\"@type\":\"WebPage\",\"@id\":\"https:\\\/\\\/www.cambe.pr.gov.br\\\/index.php\\\/santa-casa-de-cambe-tera-um-incremento-no-repasse-de-r-172-milhoes-em-60-meses\\\/\",\"url\":\"https:\\\/\\\/www.cambe.pr.gov.br\\\/index.php\\\/santa-casa-de-cambe-tera-um-incremento-no-repasse-de-r-172-milhoes-em-60-meses\\\/\",\"name\":\"Santa Casa de Camb\u00e9 ter\u00e1 um incremento no repasse de R$ 17,2 milh\u00f5es em 60 meses - Prefeitura de Camb\u00e9\",\"isPartOf\":{\"@id\":\"https:\\\/\\\/www.cambe.pr.gov.br\\\/#website\"},\"primaryImageOfPage\":{\"@id\":\"https:\\\/\\\/www.cambe.pr.gov.br\\\/index.php\\\/santa-casa-de-cambe-tera-um-incremento-no-repasse-de-r-172-milhoes-em-60-meses\\\/#primaryimage\"},\"image\":{\"@id\":\"https:\\\/\\\/www.cambe.pr.gov.br\\\/index.php\\\/santa-casa-de-cambe-tera-um-incremento-no-repasse-de-r-172-milhoes-em-60-meses\\\/#primaryimage\"},\"thumbnailUrl\":\"http:\\\/\\\/www.cambe.pr.gov.br\\\/wp-content\\\/uploads\\\/2021\\\/08\\\/cambe-santa-casa-5-e1630520387557-300x200.jpg\",\"datePublished\":\"2021-08-31T19:27:21+00:00\",\"dateModified\":\"2024-10-07T16:00:24+00:00\",\"breadcrumb\":{\"@id\":\"https:\\\/\\\/www.cambe.pr.gov.br\\\/index.php\\\/santa-casa-de-cambe-tera-um-incremento-no-repasse-de-r-172-milhoes-em-60-meses\\\/#breadcrumb\"},\"inLanguage\":\"pt-BR\",\"potentialAction\":[{\"@type\":\"ReadAction\",\"target\":[\"https:\\\/\\\/www.cambe.pr.gov.br\\\/index.php\\\/santa-casa-de-cambe-tera-um-incremento-no-repasse-de-r-172-milhoes-em-60-meses\\\/\"]}]},{\"@type\":\"ImageObject\",\"inLanguage\":\"pt-BR\",\"@id\":\"https:\\\/\\\/www.cambe.pr.gov.br\\\/index.php\\\/santa-casa-de-cambe-tera-um-incremento-no-repasse-de-r-172-milhoes-em-60-meses\\\/#primaryimage\",\"url\":\"http:\\\/\\\/www.cambe.pr.gov.br\\\/wp-content\\\/uploads\\\/2021\\\/08\\\/cambe-santa-casa-5-e1630520387557-300x200.jpg\",\"contentUrl\":\"http:\\\/\\\/www.cambe.pr.gov.br\\\/wp-content\\\/uploads\\\/2021\\\/08\\\/cambe-santa-casa-5-e1630520387557-300x200.jpg\"},{\"@type\":\"BreadcrumbList\",\"@id\":\"https:\\\/\\\/www.cambe.pr.gov.br\\\/index.php\\\/santa-casa-de-cambe-tera-um-incremento-no-repasse-de-r-172-milhoes-em-60-meses\\\/#breadcrumb\",\"itemListElement\":[{\"@type\":\"ListItem\",\"position\":1,\"name\":\"In\u00edcio\",\"item\":\"https:\\\/\\\/www.cambe.pr.gov.br\\\/\"},{\"@type\":\"ListItem\",\"position\":2,\"name\":\"Santa Casa de Camb\u00e9 ter\u00e1 um incremento no repasse de R$ 17,2 milh\u00f5es em 60 meses\"}]},{\"@type\":\"WebSite\",\"@id\":\"https:\\\/\\\/www.cambe.pr.gov.br\\\/#website\",\"url\":\"https:\\\/\\\/www.cambe.pr.gov.br\\\/\",\"name\":\"Prefeitura de Camb\u00e9\",\"description\":\"UM GOVERNO PARA TODOS\",\"publisher\":{\"@id\":\"https:\\\/\\\/www.cambe.pr.gov.br\\\/#organization\"},\"potentialAction\":[{\"@type\":\"SearchAction\",\"target\":{\"@type\":\"EntryPoint\",\"urlTemplate\":\"https:\\\/\\\/www.cambe.pr.gov.br\\\/?s={search_term_string}\"},\"query-input\":{\"@type\":\"PropertyValueSpecification\",\"valueRequired\":true,\"valueName\":\"search_term_string\"}}],\"inLanguage\":\"pt-BR\"},{\"@type\":\"Organization\",\"@id\":\"https:\\\/\\\/www.cambe.pr.gov.br\\\/#organization\",\"name\":\"Prefeitura de Camb\u00e9\",\"url\":\"https:\\\/\\\/www.cambe.pr.gov.br\\\/\",\"logo\":{\"@type\":\"ImageObject\",\"inLanguage\":\"pt-BR\",\"@id\":\"https:\\\/\\\/www.cambe.pr.gov.br\\\/#\\\/schema\\\/logo\\\/image\\\/\",\"url\":\"https:\\\/\\\/www.cambe.pr.gov.br\\\/wp-content\\\/uploads\\\/2021\\\/01\\\/cropped-cropped-cambe_brazao-icone.png\",\"contentUrl\":\"https:\\\/\\\/www.cambe.pr.gov.br\\\/wp-content\\\/uploads\\\/2021\\\/01\\\/cropped-cropped-cambe_brazao-icone.png\",\"width\":240,\"height\":240,\"caption\":\"Prefeitura de Camb\u00e9\"},\"image\":{\"@id\":\"https:\\\/\\\/www.cambe.pr.gov.br\\\/#\\\/schema\\\/logo\\\/image\\\/\"},\"sameAs\":[\"https:\\\/\\\/m.facebook.com\\\/prefeituradecambe\"]},{\"@type\":\"Person\",\"@id\":\"https:\\\/\\\/www.cambe.pr.gov.br\\\/#\\\/schema\\\/person\\\/e08f7c43a641b2ec036e4e867ec483e4\",\"name\":\"Thiago Mossini Balbino dos Santos\",\"image\":{\"@type\":\"ImageObject\",\"inLanguage\":\"pt-BR\",\"@id\":\"https:\\\/\\\/secure.gravatar.com\\\/avatar\\\/d957ed4e1bc3ebf5769d1003f9709cd2012ebf424eb4a5d76a933fee30e874b6?s=96&d=mm&r=g\",\"url\":\"https:\\\/\\\/secure.gravatar.com\\\/avatar\\\/d957ed4e1bc3ebf5769d1003f9709cd2012ebf424eb4a5d76a933fee30e874b6?s=96&d=mm&r=g\",\"contentUrl\":\"https:\\\/\\\/secure.gravatar.com\\\/avatar\\\/d957ed4e1bc3ebf5769d1003f9709cd2012ebf424eb4a5d76a933fee30e874b6?s=96&d=mm&r=g\",\"caption\":\"Thiago Mossini Balbino dos Santos\"},\"url\":\"https:\\\/\\\/www.cambe.pr.gov.br\\\/index.php\\\/author\\\/tmbsantos\\\/\"}]}<\/script>\n<!-- \/ Yoast SEO plugin. -->","yoast_head_json":{"title":"Santa Casa de Camb\u00e9 ter\u00e1 um incremento no repasse de R$ 17,2 milh\u00f5es em 60 meses - Prefeitura de Camb\u00e9","robots":{"index":"index","follow":"follow","max-snippet":"max-snippet:-1","max-image-preview":"max-image-preview:large","max-video-preview":"max-video-preview:-1"},"canonical":"https:\/\/www.cambe.pr.gov.br\/index.php\/santa-casa-de-cambe-tera-um-incremento-no-repasse-de-r-172-milhoes-em-60-meses\/","og_locale":"pt_BR","og_type":"article","og_title":"Santa Casa de Camb\u00e9 ter\u00e1 um incremento no repasse de R$ 17,2 milh\u00f5es em 60 meses - Prefeitura de Camb\u00e9","og_description":"O prefeito de Camb\u00e9, Conrado Sheller, participou na manh\u00e3 desta ter\u00e7a-feira da assinatura de um acordo que prev\u00ea um incremento no investimento por parte do Governo do Estado na Santa Casa de Camb\u00e9. A assinatura do governador Carlos Massa Ratinho Junior foi feita em cerim\u00f4nia no Pal\u00e1cio Igua\u00e7u.&nbsp;A Santa Casa de Camb\u00e9 \u00e9 refer\u00eancia para [&hellip;]","og_url":"https:\/\/www.cambe.pr.gov.br\/index.php\/santa-casa-de-cambe-tera-um-incremento-no-repasse-de-r-172-milhoes-em-60-meses\/","og_site_name":"Prefeitura de Camb\u00e9","article_publisher":"https:\/\/m.facebook.com\/prefeituradecambe","article_published_time":"2021-08-31T19:27:21+00:00","article_modified_time":"2024-10-07T16:00:24+00:00","og_image":[{"url":"http:\/\/www.cambe.pr.gov.br\/wp-content\/uploads\/2021\/08\/cambe-santa-casa-5-e1630520387557-300x200.jpg","type":"","width":"","height":""}],"author":"Thiago Mossini Balbino dos Santos","twitter_card":"summary_large_image","twitter_misc":{"Escrito por":"Thiago Mossini Balbino dos Santos","Est. tempo de leitura":"3 minutos"},"schema":{"@context":"https:\/\/schema.org","@graph":[{"@type":"Article","@id":"https:\/\/www.cambe.pr.gov.br\/index.php\/santa-casa-de-cambe-tera-um-incremento-no-repasse-de-r-172-milhoes-em-60-meses\/#article","isPartOf":{"@id":"https:\/\/www.cambe.pr.gov.br\/index.php\/santa-casa-de-cambe-tera-um-incremento-no-repasse-de-r-172-milhoes-em-60-meses\/"},"author":{"name":"Thiago Mossini Balbino dos Santos","@id":"https:\/\/www.cambe.pr.gov.br\/#\/schema\/person\/e08f7c43a641b2ec036e4e867ec483e4"},"headline":"Santa Casa de Camb\u00e9 ter\u00e1 um incremento no repasse de R$ 17,2 milh\u00f5es em 60 meses","datePublished":"2021-08-31T19:27:21+00:00","dateModified":"2024-10-07T16:00:24+00:00","mainEntityOfPage":{"@id":"https:\/\/www.cambe.pr.gov.br\/index.php\/santa-casa-de-cambe-tera-um-incremento-no-repasse-de-r-172-milhoes-em-60-meses\/"},"wordCount":642,"publisher":{"@id":"https:\/\/www.cambe.pr.gov.br\/#organization"},"image":{"@id":"https:\/\/www.cambe.pr.gov.br\/index.php\/santa-casa-de-cambe-tera-um-incremento-no-repasse-de-r-172-milhoes-em-60-meses\/#primaryimage"},"thumbnailUrl":"http:\/\/www.cambe.pr.gov.br\/wp-content\/uploads\/2021\/08\/cambe-santa-casa-5-e1630520387557-300x200.jpg","articleSection":["Principal"],"inLanguage":"pt-BR"},{"@type":"WebPage","@id":"https:\/\/www.cambe.pr.gov.br\/index.php\/santa-casa-de-cambe-tera-um-incremento-no-repasse-de-r-172-milhoes-em-60-meses\/","url":"https:\/\/www.cambe.pr.gov.br\/index.php\/santa-casa-de-cambe-tera-um-incremento-no-repasse-de-r-172-milhoes-em-60-meses\/","name":"Santa Casa de Camb\u00e9 ter\u00e1 um incremento no repasse de R$ 17,2 milh\u00f5es em 60 meses - Prefeitura de Camb\u00e9","isPartOf":{"@id":"https:\/\/www.cambe.pr.gov.br\/#website"},"primaryImageOfPage":{"@id":"https:\/\/www.cambe.pr.gov.br\/index.php\/santa-casa-de-cambe-tera-um-incremento-no-repasse-de-r-172-milhoes-em-60-meses\/#primaryimage"},"image":{"@id":"https:\/\/www.cambe.pr.gov.br\/index.php\/santa-casa-de-cambe-tera-um-incremento-no-repasse-de-r-172-milhoes-em-60-meses\/#primaryimage"},"thumbnailUrl":"http:\/\/www.cambe.pr.gov.br\/wp-content\/uploads\/2021\/08\/cambe-santa-casa-5-e1630520387557-300x200.jpg","datePublished":"2021-08-31T19:27:21+00:00","dateModified":"2024-10-07T16:00:24+00:00","breadcrumb":{"@id":"https:\/\/www.cambe.pr.gov.br\/index.php\/santa-casa-de-cambe-tera-um-incremento-no-repasse-de-r-172-milhoes-em-60-meses\/#breadcrumb"},"inLanguage":"pt-BR","potentialAction":[{"@type":"ReadAction","target":["https:\/\/www.cambe.pr.gov.br\/index.php\/santa-casa-de-cambe-tera-um-incremento-no-repasse-de-r-172-milhoes-em-60-meses\/"]}]},{"@type":"ImageObject","inLanguage":"pt-BR","@id":"https:\/\/www.cambe.pr.gov.br\/index.php\/santa-casa-de-cambe-tera-um-incremento-no-repasse-de-r-172-milhoes-em-60-meses\/#primaryimage","url":"http:\/\/www.cambe.pr.gov.br\/wp-content\/uploads\/2021\/08\/cambe-santa-casa-5-e1630520387557-300x200.jpg","contentUrl":"http:\/\/www.cambe.pr.gov.br\/wp-content\/uploads\/2021\/08\/cambe-santa-casa-5-e1630520387557-300x200.jpg"},{"@type":"BreadcrumbList","@id":"https:\/\/www.cambe.pr.gov.br\/index.php\/santa-casa-de-cambe-tera-um-incremento-no-repasse-de-r-172-milhoes-em-60-meses\/#breadcrumb","itemListElement":[{"@type":"ListItem","position":1,"name":"In\u00edcio","item":"https:\/\/www.cambe.pr.gov.br\/"},{"@type":"ListItem","position":2,"name":"Santa Casa de Camb\u00e9 ter\u00e1 um incremento no repasse de R$ 17,2 milh\u00f5es em 60 meses"}]},{"@type":"WebSite","@id":"https:\/\/www.cambe.pr.gov.br\/#website","url":"https:\/\/www.cambe.pr.gov.br\/","name":"Prefeitura de Camb\u00e9","description":"UM GOVERNO PARA TODOS","publisher":{"@id":"https:\/\/www.cambe.pr.gov.br\/#organization"},"potentialAction":[{"@type":"SearchAction","target":{"@type":"EntryPoint","urlTemplate":"https:\/\/www.cambe.pr.gov.br\/?s={search_term_string}"},"query-input":{"@type":"PropertyValueSpecification","valueRequired":true,"valueName":"search_term_string"}}],"inLanguage":"pt-BR"},{"@type":"Organization","@id":"https:\/\/www.cambe.pr.gov.br\/#organization","name":"Prefeitura de Camb\u00e9","url":"https:\/\/www.cambe.pr.gov.br\/","logo":{"@type":"ImageObject","inLanguage":"pt-BR","@id":"https:\/\/www.cambe.pr.gov.br\/#\/schema\/logo\/image\/","url":"https:\/\/www.cambe.pr.gov.br\/wp-content\/uploads\/2021\/01\/cropped-cropped-cambe_brazao-icone.png","contentUrl":"https:\/\/www.cambe.pr.gov.br\/wp-content\/uploads\/2021\/01\/cropped-cropped-cambe_brazao-icone.png","width":240,"height":240,"caption":"Prefeitura de Camb\u00e9"},"image":{"@id":"https:\/\/www.cambe.pr.gov.br\/#\/schema\/logo\/image\/"},"sameAs":["https:\/\/m.facebook.com\/prefeituradecambe"]},{"@type":"Person","@id":"https:\/\/www.cambe.pr.gov.br\/#\/schema\/person\/e08f7c43a641b2ec036e4e867ec483e4","name":"Thiago Mossini Balbino dos Santos","image":{"@type":"ImageObject","inLanguage":"pt-BR","@id":"https:\/\/secure.gravatar.com\/avatar\/d957ed4e1bc3ebf5769d1003f9709cd2012ebf424eb4a5d76a933fee30e874b6?s=96&d=mm&r=g","url":"https:\/\/secure.gravatar.com\/avatar\/d957ed4e1bc3ebf5769d1003f9709cd2012ebf424eb4a5d76a933fee30e874b6?s=96&d=mm&r=g","contentUrl":"https:\/\/secure.gravatar.com\/avatar\/d957ed4e1bc3ebf5769d1003f9709cd2012ebf424eb4a5d76a933fee30e874b6?s=96&d=mm&r=g","caption":"Thiago Mossini Balbino dos Santos"},"url":"https:\/\/www.cambe.pr.gov.br\/index.php\/author\/tmbsantos\/"}]}},"_links":{"self":[{"href":"https:\/\/www.cambe.pr.gov.br\/index.php\/wp-json\/wp\/v2\/posts\/3182","targetHints":{"allow":["GET"]}}],"collection":[{"href":"https:\/\/www.cambe.pr.gov.br\/index.php\/wp-json\/wp\/v2\/posts"}],"about":[{"href":"https:\/\/www.cambe.pr.gov.br\/index.php\/wp-json\/wp\/v2\/types\/post"}],"author":[{"embeddable":true,"href":"https:\/\/www.cambe.pr.gov.br\/index.php\/wp-json\/wp\/v2\/users\/2"}],"replies":[{"embeddable":true,"href":"https:\/\/www.cambe.pr.gov.br\/index.php\/wp-json\/wp\/v2\/comments?post=3182"}],"version-history":[{"count":2,"href":"https:\/\/www.cambe.pr.gov.br\/index.php\/wp-json\/wp\/v2\/posts\/3182\/revisions"}],"predecessor-version":[{"id":3230,"href":"https:\/\/www.cambe.pr.gov.br\/index.php\/wp-json\/wp\/v2\/posts\/3182\/revisions\/3230"}],"wp:attachment":[{"href":"https:\/\/www.cambe.pr.gov.br\/index.php\/wp-json\/wp\/v2\/media?parent=3182"}],"wp:term":[{"taxonomy":"category","embeddable":true,"href":"https:\/\/www.cambe.pr.gov.br\/index.php\/wp-json\/wp\/v2\/categories?post=3182"},{"taxonomy":"post_tag","embeddable":true,"href":"https:\/\/www.cambe.pr.gov.br\/index.php\/wp-json\/wp\/v2\/tags?post=3182"}],"curies":[{"name":"wp","href":"https:\/\/api.w.org\/{rel}","templated":true}]}}