{"id":3180,"date":"2021-08-31T15:17:49","date_gmt":"2021-08-31T18:17:49","guid":{"rendered":"http:\/\/www.cambe.pr.gov.br\/?p=3180"},"modified":"2024-10-07T13:00:24","modified_gmt":"2024-10-07T16:00:24","slug":"confira-o-calendario-de-aplicacao-de-segunda-dose-de-vacina-contra-covid-19-desta-semana","status":"publish","type":"post","link":"https:\/\/www.cambe.pr.gov.br\/index.php\/confira-o-calendario-de-aplicacao-de-segunda-dose-de-vacina-contra-covid-19-desta-semana\/","title":{"rendered":"Confira o calend\u00e1rio de aplica\u00e7\u00e3o de segunda dose de vacina contra Covid-19 desta semana"},"content":{"rendered":"<p style=\"text-align: justify;\"><span style=\"font-family: arial, helvetica, sans-serif;\"><img fetchpriority=\"high\" decoding=\"async\" class=\"size-medium wp-image-2719 alignleft\" src=\"https:\/\/www.cambe.pr.gov.br\/wp-content\/uploads\/2021\/08\/WhatsApp-Image-2021-07-10-at-10.20.47-300x200.jpeg\" alt=\"\" width=\"300\" height=\"200\">A Prefeitura de Camb\u00e9, por meio da Secretaria de Sa\u00fade, divulgou novas datas de vacina\u00e7\u00e3o de segunda dose de vacina contra Covid-19 para esta semana. Nessa quarta-feira, dia 01 de setembro, a segunda dose vai estar dispon\u00edvel para quem tem 33 anos e tomou a primeira dose da CoronaVac (Butantan) at\u00e9 o dia 04 de agosto.<\/span><\/p>\n<p style=\"text-align: justify;\"><span style=\"font-family: arial, helvetica, sans-serif;\">Na quinta-feira, dia 02 de setembro, a aplica\u00e7\u00e3o da segunda dose \u00e9 destinada para portadores de comorbidade e para pessoas de 59 anos que se vacinaram com a AstraZeneca (Fiocruz) at\u00e9 o dia 08 de junho.<\/span><\/p>\n<p style=\"text-align: justify;\"><span style=\"font-family: arial, helvetica, sans-serif;\">No dia 03 de setembro, sexta-feira, a segunda dose da vacina vai ser aplicada em quem tem 58 anos e recebeu a primeira dose da AstraZeneca (Fiocruz) at\u00e9 o dia 10 de junho.<\/span><br \/>\n<span style=\"font-family: arial, helvetica, sans-serif;\">No s\u00e1bado, dia 04 de setembro, a segunda dose do imunizante vai estar dispon\u00edvel para profissionais da Educa\u00e7\u00e3o, Sa\u00fade e Assist\u00eancia Social que se vacinaram com a primeira dose da AstraZeneca (Fiocruz) at\u00e9 o dia 12 de junho.<\/span><\/p>\n<p style=\"text-align: justify;\"><span style=\"font-family: arial, helvetica, sans-serif;\">Em todas as datas, a vacina\u00e7\u00e3o vai ser das 8h \u00e0s 12h, no modelo drive thru na Rodovi\u00e1ria (Avenida Brasil, 1336 \u2013 Vila Salom\u00e9), no Centro da Juventude (Avenida Pedro Viriato Parigot de Souza, 953 \u2013 Jardim Castelo Branco) e na Unidade B\u00e1sica de Sa\u00fade do Camb\u00e9 IV (pela Eug\u00eanio M. Fadel, 65). A vacina\u00e7\u00e3o tamb\u00e9m vai estar dispon\u00edvel no Gin\u00e1sio de Esportes do Camb\u00e9 III (Rua Tucanos, 121), mas somente para pedestres.<\/span><\/p>\n<p style=\"text-align: justify;\"><span style=\"font-family: arial, helvetica, sans-serif;\">\u00c9 obrigat\u00f3rio comparecer com um documento com foto, CPF ou Cart\u00e3o do SUS, comprovante de resid\u00eancia e a carteira de vacina\u00e7\u00e3o com a anota\u00e7\u00e3o da primeira dose.<\/span><\/p>\n","protected":false},"excerpt":{"rendered":"<p>A Prefeitura de Camb\u00e9, por meio da Secretaria de Sa\u00fade, divulgou novas datas de vacina\u00e7\u00e3o de segunda dose de vacina contra Covid-19 para esta semana. Nessa quarta-feira, dia 01 de setembro, a segunda dose vai estar dispon\u00edvel para quem tem 33 anos e tomou a primeira dose da CoronaVac (Butantan) at\u00e9 o dia 04 de [&hellip;]<\/p>\n","protected":false},"author":2,"featured_media":0,"comment_status":"closed","ping_status":"open","sticky":false,"template":"","format":"standard","meta":{"ngg_post_thumbnail":0,"footnotes":""},"categories":[1],"tags":[],"class_list":["post-3180","post","type-post","status-publish","format-standard","hentry","category-principal"],"yoast_head":"<!-- This site is optimized with the Yoast SEO plugin v27.4 - https:\/\/yoast.com\/product\/yoast-seo-wordpress\/ -->\n<title>Confira o calend\u00e1rio de aplica\u00e7\u00e3o de segunda dose de vacina contra Covid-19 desta semana - Prefeitura de Camb\u00e9<\/title>\n<meta name=\"robots\" content=\"index, follow, max-snippet:-1, max-image-preview:large, max-video-preview:-1\" \/>\n<link rel=\"canonical\" href=\"https:\/\/www.cambe.pr.gov.br\/index.php\/confira-o-calendario-de-aplicacao-de-segunda-dose-de-vacina-contra-covid-19-desta-semana\/\" \/>\n<meta property=\"og:locale\" content=\"pt_BR\" \/>\n<meta property=\"og:type\" content=\"article\" \/>\n<meta property=\"og:title\" content=\"Confira o calend\u00e1rio de aplica\u00e7\u00e3o de segunda dose de vacina contra Covid-19 desta semana - Prefeitura de Camb\u00e9\" \/>\n<meta property=\"og:description\" content=\"A Prefeitura de Camb\u00e9, por meio da Secretaria de Sa\u00fade, divulgou novas datas de vacina\u00e7\u00e3o de segunda dose de vacina contra Covid-19 para esta semana. Nessa quarta-feira, dia 01 de setembro, a segunda dose vai estar dispon\u00edvel para quem tem 33 anos e tomou a primeira dose da CoronaVac (Butantan) at\u00e9 o dia 04 de [&hellip;]\" \/>\n<meta property=\"og:url\" content=\"https:\/\/www.cambe.pr.gov.br\/index.php\/confira-o-calendario-de-aplicacao-de-segunda-dose-de-vacina-contra-covid-19-desta-semana\/\" \/>\n<meta property=\"og:site_name\" content=\"Prefeitura de Camb\u00e9\" \/>\n<meta property=\"article:publisher\" content=\"https:\/\/m.facebook.com\/prefeituradecambe\" \/>\n<meta property=\"article:published_time\" content=\"2021-08-31T18:17:49+00:00\" \/>\n<meta property=\"article:modified_time\" content=\"2024-10-07T16:00:24+00:00\" \/>\n<meta property=\"og:image\" content=\"http:\/\/www.cambe.pr.gov.br\/wp-content\/uploads\/2021\/08\/WhatsApp-Image-2021-07-10-at-10.20.47-300x200.jpeg\" \/>\n<meta name=\"author\" content=\"Thiago Mossini Balbino dos Santos\" \/>\n<meta name=\"twitter:card\" content=\"summary_large_image\" \/>\n<meta name=\"twitter:label1\" content=\"Escrito por\" \/>\n\t<meta name=\"twitter:data1\" content=\"Thiago Mossini Balbino dos Santos\" \/>\n\t<meta name=\"twitter:label2\" content=\"Est. tempo de leitura\" \/>\n\t<meta name=\"twitter:data2\" content=\"1 minuto\" \/>\n<script type=\"application\/ld+json\" class=\"yoast-schema-graph\">{\"@context\":\"https:\\\/\\\/schema.org\",\"@graph\":[{\"@type\":\"Article\",\"@id\":\"https:\\\/\\\/www.cambe.pr.gov.br\\\/index.php\\\/confira-o-calendario-de-aplicacao-de-segunda-dose-de-vacina-contra-covid-19-desta-semana\\\/#article\",\"isPartOf\":{\"@id\":\"https:\\\/\\\/www.cambe.pr.gov.br\\\/index.php\\\/confira-o-calendario-de-aplicacao-de-segunda-dose-de-vacina-contra-covid-19-desta-semana\\\/\"},\"author\":{\"name\":\"Thiago Mossini Balbino dos Santos\",\"@id\":\"https:\\\/\\\/www.cambe.pr.gov.br\\\/#\\\/schema\\\/person\\\/e08f7c43a641b2ec036e4e867ec483e4\"},\"headline\":\"Confira o calend\u00e1rio de aplica\u00e7\u00e3o de segunda dose de vacina contra Covid-19 desta semana\",\"datePublished\":\"2021-08-31T18:17:49+00:00\",\"dateModified\":\"2024-10-07T16:00:24+00:00\",\"mainEntityOfPage\":{\"@id\":\"https:\\\/\\\/www.cambe.pr.gov.br\\\/index.php\\\/confira-o-calendario-de-aplicacao-de-segunda-dose-de-vacina-contra-covid-19-desta-semana\\\/\"},\"wordCount\":283,\"publisher\":{\"@id\":\"https:\\\/\\\/www.cambe.pr.gov.br\\\/#organization\"},\"image\":{\"@id\":\"https:\\\/\\\/www.cambe.pr.gov.br\\\/index.php\\\/confira-o-calendario-de-aplicacao-de-segunda-dose-de-vacina-contra-covid-19-desta-semana\\\/#primaryimage\"},\"thumbnailUrl\":\"http:\\\/\\\/www.cambe.pr.gov.br\\\/wp-content\\\/uploads\\\/2021\\\/08\\\/WhatsApp-Image-2021-07-10-at-10.20.47-300x200.jpeg\",\"articleSection\":[\"Principal\"],\"inLanguage\":\"pt-BR\"},{\"@type\":\"WebPage\",\"@id\":\"https:\\\/\\\/www.cambe.pr.gov.br\\\/index.php\\\/confira-o-calendario-de-aplicacao-de-segunda-dose-de-vacina-contra-covid-19-desta-semana\\\/\",\"url\":\"https:\\\/\\\/www.cambe.pr.gov.br\\\/index.php\\\/confira-o-calendario-de-aplicacao-de-segunda-dose-de-vacina-contra-covid-19-desta-semana\\\/\",\"name\":\"Confira o calend\u00e1rio de aplica\u00e7\u00e3o de segunda dose de vacina contra Covid-19 desta semana - Prefeitura de Camb\u00e9\",\"isPartOf\":{\"@id\":\"https:\\\/\\\/www.cambe.pr.gov.br\\\/#website\"},\"primaryImageOfPage\":{\"@id\":\"https:\\\/\\\/www.cambe.pr.gov.br\\\/index.php\\\/confira-o-calendario-de-aplicacao-de-segunda-dose-de-vacina-contra-covid-19-desta-semana\\\/#primaryimage\"},\"image\":{\"@id\":\"https:\\\/\\\/www.cambe.pr.gov.br\\\/index.php\\\/confira-o-calendario-de-aplicacao-de-segunda-dose-de-vacina-contra-covid-19-desta-semana\\\/#primaryimage\"},\"thumbnailUrl\":\"http:\\\/\\\/www.cambe.pr.gov.br\\\/wp-content\\\/uploads\\\/2021\\\/08\\\/WhatsApp-Image-2021-07-10-at-10.20.47-300x200.jpeg\",\"datePublished\":\"2021-08-31T18:17:49+00:00\",\"dateModified\":\"2024-10-07T16:00:24+00:00\",\"breadcrumb\":{\"@id\":\"https:\\\/\\\/www.cambe.pr.gov.br\\\/index.php\\\/confira-o-calendario-de-aplicacao-de-segunda-dose-de-vacina-contra-covid-19-desta-semana\\\/#breadcrumb\"},\"inLanguage\":\"pt-BR\",\"potentialAction\":[{\"@type\":\"ReadAction\",\"target\":[\"https:\\\/\\\/www.cambe.pr.gov.br\\\/index.php\\\/confira-o-calendario-de-aplicacao-de-segunda-dose-de-vacina-contra-covid-19-desta-semana\\\/\"]}]},{\"@type\":\"ImageObject\",\"inLanguage\":\"pt-BR\",\"@id\":\"https:\\\/\\\/www.cambe.pr.gov.br\\\/index.php\\\/confira-o-calendario-de-aplicacao-de-segunda-dose-de-vacina-contra-covid-19-desta-semana\\\/#primaryimage\",\"url\":\"http:\\\/\\\/www.cambe.pr.gov.br\\\/wp-content\\\/uploads\\\/2021\\\/08\\\/WhatsApp-Image-2021-07-10-at-10.20.47-300x200.jpeg\",\"contentUrl\":\"http:\\\/\\\/www.cambe.pr.gov.br\\\/wp-content\\\/uploads\\\/2021\\\/08\\\/WhatsApp-Image-2021-07-10-at-10.20.47-300x200.jpeg\"},{\"@type\":\"BreadcrumbList\",\"@id\":\"https:\\\/\\\/www.cambe.pr.gov.br\\\/index.php\\\/confira-o-calendario-de-aplicacao-de-segunda-dose-de-vacina-contra-covid-19-desta-semana\\\/#breadcrumb\",\"itemListElement\":[{\"@type\":\"ListItem\",\"position\":1,\"name\":\"In\u00edcio\",\"item\":\"https:\\\/\\\/www.cambe.pr.gov.br\\\/\"},{\"@type\":\"ListItem\",\"position\":2,\"name\":\"Confira o calend\u00e1rio de aplica\u00e7\u00e3o de segunda dose de vacina contra Covid-19 desta semana\"}]},{\"@type\":\"WebSite\",\"@id\":\"https:\\\/\\\/www.cambe.pr.gov.br\\\/#website\",\"url\":\"https:\\\/\\\/www.cambe.pr.gov.br\\\/\",\"name\":\"Prefeitura de Camb\u00e9\",\"description\":\"UM GOVERNO PARA TODOS\",\"publisher\":{\"@id\":\"https:\\\/\\\/www.cambe.pr.gov.br\\\/#organization\"},\"potentialAction\":[{\"@type\":\"SearchAction\",\"target\":{\"@type\":\"EntryPoint\",\"urlTemplate\":\"https:\\\/\\\/www.cambe.pr.gov.br\\\/?s={search_term_string}\"},\"query-input\":{\"@type\":\"PropertyValueSpecification\",\"valueRequired\":true,\"valueName\":\"search_term_string\"}}],\"inLanguage\":\"pt-BR\"},{\"@type\":\"Organization\",\"@id\":\"https:\\\/\\\/www.cambe.pr.gov.br\\\/#organization\",\"name\":\"Prefeitura de Camb\u00e9\",\"url\":\"https:\\\/\\\/www.cambe.pr.gov.br\\\/\",\"logo\":{\"@type\":\"ImageObject\",\"inLanguage\":\"pt-BR\",\"@id\":\"https:\\\/\\\/www.cambe.pr.gov.br\\\/#\\\/schema\\\/logo\\\/image\\\/\",\"url\":\"https:\\\/\\\/www.cambe.pr.gov.br\\\/wp-content\\\/uploads\\\/2021\\\/01\\\/cropped-cropped-cambe_brazao-icone.png\",\"contentUrl\":\"https:\\\/\\\/www.cambe.pr.gov.br\\\/wp-content\\\/uploads\\\/2021\\\/01\\\/cropped-cropped-cambe_brazao-icone.png\",\"width\":240,\"height\":240,\"caption\":\"Prefeitura de Camb\u00e9\"},\"image\":{\"@id\":\"https:\\\/\\\/www.cambe.pr.gov.br\\\/#\\\/schema\\\/logo\\\/image\\\/\"},\"sameAs\":[\"https:\\\/\\\/m.facebook.com\\\/prefeituradecambe\"]},{\"@type\":\"Person\",\"@id\":\"https:\\\/\\\/www.cambe.pr.gov.br\\\/#\\\/schema\\\/person\\\/e08f7c43a641b2ec036e4e867ec483e4\",\"name\":\"Thiago Mossini Balbino dos Santos\",\"image\":{\"@type\":\"ImageObject\",\"inLanguage\":\"pt-BR\",\"@id\":\"https:\\\/\\\/secure.gravatar.com\\\/avatar\\\/d957ed4e1bc3ebf5769d1003f9709cd2012ebf424eb4a5d76a933fee30e874b6?s=96&d=mm&r=g\",\"url\":\"https:\\\/\\\/secure.gravatar.com\\\/avatar\\\/d957ed4e1bc3ebf5769d1003f9709cd2012ebf424eb4a5d76a933fee30e874b6?s=96&d=mm&r=g\",\"contentUrl\":\"https:\\\/\\\/secure.gravatar.com\\\/avatar\\\/d957ed4e1bc3ebf5769d1003f9709cd2012ebf424eb4a5d76a933fee30e874b6?s=96&d=mm&r=g\",\"caption\":\"Thiago Mossini Balbino dos Santos\"},\"url\":\"https:\\\/\\\/www.cambe.pr.gov.br\\\/index.php\\\/author\\\/tmbsantos\\\/\"}]}<\/script>\n<!-- \/ Yoast SEO plugin. -->","yoast_head_json":{"title":"Confira o calend\u00e1rio de aplica\u00e7\u00e3o de segunda dose de vacina contra Covid-19 desta semana - Prefeitura de Camb\u00e9","robots":{"index":"index","follow":"follow","max-snippet":"max-snippet:-1","max-image-preview":"max-image-preview:large","max-video-preview":"max-video-preview:-1"},"canonical":"https:\/\/www.cambe.pr.gov.br\/index.php\/confira-o-calendario-de-aplicacao-de-segunda-dose-de-vacina-contra-covid-19-desta-semana\/","og_locale":"pt_BR","og_type":"article","og_title":"Confira o calend\u00e1rio de aplica\u00e7\u00e3o de segunda dose de vacina contra Covid-19 desta semana - Prefeitura de Camb\u00e9","og_description":"A Prefeitura de Camb\u00e9, por meio da Secretaria de Sa\u00fade, divulgou novas datas de vacina\u00e7\u00e3o de segunda dose de vacina contra Covid-19 para esta semana. Nessa quarta-feira, dia 01 de setembro, a segunda dose vai estar dispon\u00edvel para quem tem 33 anos e tomou a primeira dose da CoronaVac (Butantan) at\u00e9 o dia 04 de [&hellip;]","og_url":"https:\/\/www.cambe.pr.gov.br\/index.php\/confira-o-calendario-de-aplicacao-de-segunda-dose-de-vacina-contra-covid-19-desta-semana\/","og_site_name":"Prefeitura de Camb\u00e9","article_publisher":"https:\/\/m.facebook.com\/prefeituradecambe","article_published_time":"2021-08-31T18:17:49+00:00","article_modified_time":"2024-10-07T16:00:24+00:00","og_image":[{"url":"http:\/\/www.cambe.pr.gov.br\/wp-content\/uploads\/2021\/08\/WhatsApp-Image-2021-07-10-at-10.20.47-300x200.jpeg","type":"","width":"","height":""}],"author":"Thiago Mossini Balbino dos Santos","twitter_card":"summary_large_image","twitter_misc":{"Escrito por":"Thiago Mossini Balbino dos Santos","Est. tempo de leitura":"1 minuto"},"schema":{"@context":"https:\/\/schema.org","@graph":[{"@type":"Article","@id":"https:\/\/www.cambe.pr.gov.br\/index.php\/confira-o-calendario-de-aplicacao-de-segunda-dose-de-vacina-contra-covid-19-desta-semana\/#article","isPartOf":{"@id":"https:\/\/www.cambe.pr.gov.br\/index.php\/confira-o-calendario-de-aplicacao-de-segunda-dose-de-vacina-contra-covid-19-desta-semana\/"},"author":{"name":"Thiago Mossini Balbino dos Santos","@id":"https:\/\/www.cambe.pr.gov.br\/#\/schema\/person\/e08f7c43a641b2ec036e4e867ec483e4"},"headline":"Confira o calend\u00e1rio de aplica\u00e7\u00e3o de segunda dose de vacina contra Covid-19 desta semana","datePublished":"2021-08-31T18:17:49+00:00","dateModified":"2024-10-07T16:00:24+00:00","mainEntityOfPage":{"@id":"https:\/\/www.cambe.pr.gov.br\/index.php\/confira-o-calendario-de-aplicacao-de-segunda-dose-de-vacina-contra-covid-19-desta-semana\/"},"wordCount":283,"publisher":{"@id":"https:\/\/www.cambe.pr.gov.br\/#organization"},"image":{"@id":"https:\/\/www.cambe.pr.gov.br\/index.php\/confira-o-calendario-de-aplicacao-de-segunda-dose-de-vacina-contra-covid-19-desta-semana\/#primaryimage"},"thumbnailUrl":"http:\/\/www.cambe.pr.gov.br\/wp-content\/uploads\/2021\/08\/WhatsApp-Image-2021-07-10-at-10.20.47-300x200.jpeg","articleSection":["Principal"],"inLanguage":"pt-BR"},{"@type":"WebPage","@id":"https:\/\/www.cambe.pr.gov.br\/index.php\/confira-o-calendario-de-aplicacao-de-segunda-dose-de-vacina-contra-covid-19-desta-semana\/","url":"https:\/\/www.cambe.pr.gov.br\/index.php\/confira-o-calendario-de-aplicacao-de-segunda-dose-de-vacina-contra-covid-19-desta-semana\/","name":"Confira o calend\u00e1rio de aplica\u00e7\u00e3o de segunda dose de vacina contra Covid-19 desta semana - Prefeitura de Camb\u00e9","isPartOf":{"@id":"https:\/\/www.cambe.pr.gov.br\/#website"},"primaryImageOfPage":{"@id":"https:\/\/www.cambe.pr.gov.br\/index.php\/confira-o-calendario-de-aplicacao-de-segunda-dose-de-vacina-contra-covid-19-desta-semana\/#primaryimage"},"image":{"@id":"https:\/\/www.cambe.pr.gov.br\/index.php\/confira-o-calendario-de-aplicacao-de-segunda-dose-de-vacina-contra-covid-19-desta-semana\/#primaryimage"},"thumbnailUrl":"http:\/\/www.cambe.pr.gov.br\/wp-content\/uploads\/2021\/08\/WhatsApp-Image-2021-07-10-at-10.20.47-300x200.jpeg","datePublished":"2021-08-31T18:17:49+00:00","dateModified":"2024-10-07T16:00:24+00:00","breadcrumb":{"@id":"https:\/\/www.cambe.pr.gov.br\/index.php\/confira-o-calendario-de-aplicacao-de-segunda-dose-de-vacina-contra-covid-19-desta-semana\/#breadcrumb"},"inLanguage":"pt-BR","potentialAction":[{"@type":"ReadAction","target":["https:\/\/www.cambe.pr.gov.br\/index.php\/confira-o-calendario-de-aplicacao-de-segunda-dose-de-vacina-contra-covid-19-desta-semana\/"]}]},{"@type":"ImageObject","inLanguage":"pt-BR","@id":"https:\/\/www.cambe.pr.gov.br\/index.php\/confira-o-calendario-de-aplicacao-de-segunda-dose-de-vacina-contra-covid-19-desta-semana\/#primaryimage","url":"http:\/\/www.cambe.pr.gov.br\/wp-content\/uploads\/2021\/08\/WhatsApp-Image-2021-07-10-at-10.20.47-300x200.jpeg","contentUrl":"http:\/\/www.cambe.pr.gov.br\/wp-content\/uploads\/2021\/08\/WhatsApp-Image-2021-07-10-at-10.20.47-300x200.jpeg"},{"@type":"BreadcrumbList","@id":"https:\/\/www.cambe.pr.gov.br\/index.php\/confira-o-calendario-de-aplicacao-de-segunda-dose-de-vacina-contra-covid-19-desta-semana\/#breadcrumb","itemListElement":[{"@type":"ListItem","position":1,"name":"In\u00edcio","item":"https:\/\/www.cambe.pr.gov.br\/"},{"@type":"ListItem","position":2,"name":"Confira o calend\u00e1rio de aplica\u00e7\u00e3o de segunda dose de vacina contra Covid-19 desta semana"}]},{"@type":"WebSite","@id":"https:\/\/www.cambe.pr.gov.br\/#website","url":"https:\/\/www.cambe.pr.gov.br\/","name":"Prefeitura de Camb\u00e9","description":"UM GOVERNO PARA TODOS","publisher":{"@id":"https:\/\/www.cambe.pr.gov.br\/#organization"},"potentialAction":[{"@type":"SearchAction","target":{"@type":"EntryPoint","urlTemplate":"https:\/\/www.cambe.pr.gov.br\/?s={search_term_string}"},"query-input":{"@type":"PropertyValueSpecification","valueRequired":true,"valueName":"search_term_string"}}],"inLanguage":"pt-BR"},{"@type":"Organization","@id":"https:\/\/www.cambe.pr.gov.br\/#organization","name":"Prefeitura de Camb\u00e9","url":"https:\/\/www.cambe.pr.gov.br\/","logo":{"@type":"ImageObject","inLanguage":"pt-BR","@id":"https:\/\/www.cambe.pr.gov.br\/#\/schema\/logo\/image\/","url":"https:\/\/www.cambe.pr.gov.br\/wp-content\/uploads\/2021\/01\/cropped-cropped-cambe_brazao-icone.png","contentUrl":"https:\/\/www.cambe.pr.gov.br\/wp-content\/uploads\/2021\/01\/cropped-cropped-cambe_brazao-icone.png","width":240,"height":240,"caption":"Prefeitura de Camb\u00e9"},"image":{"@id":"https:\/\/www.cambe.pr.gov.br\/#\/schema\/logo\/image\/"},"sameAs":["https:\/\/m.facebook.com\/prefeituradecambe"]},{"@type":"Person","@id":"https:\/\/www.cambe.pr.gov.br\/#\/schema\/person\/e08f7c43a641b2ec036e4e867ec483e4","name":"Thiago Mossini Balbino dos Santos","image":{"@type":"ImageObject","inLanguage":"pt-BR","@id":"https:\/\/secure.gravatar.com\/avatar\/d957ed4e1bc3ebf5769d1003f9709cd2012ebf424eb4a5d76a933fee30e874b6?s=96&d=mm&r=g","url":"https:\/\/secure.gravatar.com\/avatar\/d957ed4e1bc3ebf5769d1003f9709cd2012ebf424eb4a5d76a933fee30e874b6?s=96&d=mm&r=g","contentUrl":"https:\/\/secure.gravatar.com\/avatar\/d957ed4e1bc3ebf5769d1003f9709cd2012ebf424eb4a5d76a933fee30e874b6?s=96&d=mm&r=g","caption":"Thiago Mossini Balbino dos Santos"},"url":"https:\/\/www.cambe.pr.gov.br\/index.php\/author\/tmbsantos\/"}]}},"_links":{"self":[{"href":"https:\/\/www.cambe.pr.gov.br\/index.php\/wp-json\/wp\/v2\/posts\/3180","targetHints":{"allow":["GET"]}}],"collection":[{"href":"https:\/\/www.cambe.pr.gov.br\/index.php\/wp-json\/wp\/v2\/posts"}],"about":[{"href":"https:\/\/www.cambe.pr.gov.br\/index.php\/wp-json\/wp\/v2\/types\/post"}],"author":[{"embeddable":true,"href":"https:\/\/www.cambe.pr.gov.br\/index.php\/wp-json\/wp\/v2\/users\/2"}],"replies":[{"embeddable":true,"href":"https:\/\/www.cambe.pr.gov.br\/index.php\/wp-json\/wp\/v2\/comments?post=3180"}],"version-history":[{"count":2,"href":"https:\/\/www.cambe.pr.gov.br\/index.php\/wp-json\/wp\/v2\/posts\/3180\/revisions"}],"predecessor-version":[{"id":3185,"href":"https:\/\/www.cambe.pr.gov.br\/index.php\/wp-json\/wp\/v2\/posts\/3180\/revisions\/3185"}],"wp:attachment":[{"href":"https:\/\/www.cambe.pr.gov.br\/index.php\/wp-json\/wp\/v2\/media?parent=3180"}],"wp:term":[{"taxonomy":"category","embeddable":true,"href":"https:\/\/www.cambe.pr.gov.br\/index.php\/wp-json\/wp\/v2\/categories?post=3180"},{"taxonomy":"post_tag","embeddable":true,"href":"https:\/\/www.cambe.pr.gov.br\/index.php\/wp-json\/wp\/v2\/tags?post=3180"}],"curies":[{"name":"wp","href":"https:\/\/api.w.org\/{rel}","templated":true}]}}