{"id":3130,"date":"2021-08-31T09:38:20","date_gmt":"2021-08-31T12:38:20","guid":{"rendered":"http:\/\/www.cambe.pr.gov.br\/?p=3130"},"modified":"2024-10-07T13:00:24","modified_gmt":"2024-10-07T16:00:24","slug":"prefeitura-de-cambe-atualiza-cadastro-dos-servidores-efetivos-e-comissionados","status":"publish","type":"post","link":"https:\/\/www.cambe.pr.gov.br\/index.php\/prefeitura-de-cambe-atualiza-cadastro-dos-servidores-efetivos-e-comissionados\/","title":{"rendered":"Prefeitura de Camb\u00e9 atualiza cadastro dos servidores efetivos e comissionados"},"content":{"rendered":"<p style=\"text-align: justify;\"><span style=\"font-family: arial, helvetica, sans-serif;\"><img fetchpriority=\"high\" decoding=\"async\" class=\"alignleft wp-image-3162 size-medium\" src=\"https:\/\/www.cambe.pr.gov.br\/wp-content\/uploads\/2021\/08\/redacastro-300x200.png\" alt=\"\" width=\"300\" height=\"200\" srcset=\"https:\/\/www.cambe.pr.gov.br\/wp-content\/uploads\/2021\/08\/redacastro-300x200.png 300w, https:\/\/www.cambe.pr.gov.br\/wp-content\/uploads\/2021\/08\/redacastro.png 625w\" sizes=\"(max-width: 300px) 100vw, 300px\" \/>O munic\u00edpio de Camb\u00e9 est\u00e1 fazendo a atualiza\u00e7\u00e3o no cadastro dos funcion\u00e1rios efetivos e comissionados da prefeitura. Segundo informa\u00e7\u00f5es do setor de Recursos Humanos, a prefeitura precisa atualizar os dados pessoais dos servidores no eSocial, um programa do Governo Federal que agrupa informa\u00e7\u00f5es trabalhistas e previdenci\u00e1rias da popula\u00e7\u00e3o. A Prefeitura de Camb\u00e9 conta atualmente com 2.643 servidores, que podem fazer a atualiza\u00e7\u00e3o do cadastro at\u00e9 o dia 30 de setembro.<\/span><\/p>\n<p style=\"text-align: justify;\"><span style=\"font-family: arial, helvetica, sans-serif;\">Mitsuyasu Tsuneda, respons\u00e1vel pela folha de pagamentos da prefeitura, explica que a atualiza\u00e7\u00e3o \u00e9 necess\u00e1ria porque muitos funcion\u00e1rios mudam de endere\u00e7o, de estado civil ou precisam incluir novos dependentes. \u201cSe todas as informa\u00e7\u00f5es est\u00e3o atualizadas nesse banco de dados, fica muito mais f\u00e1cil para algum servidor que vai se aposentar, por exemplo\u201d, esclarece. Ainda de acordo com Tsuneda, a atualiza\u00e7\u00e3o \u00e9 obrigat\u00f3ria e o servidor pode fazer de duas maneiras: atrav\u00e9s de um formul\u00e1rio eletr\u00f4nico dispon\u00edvel na \u00e1rea do servidor no site da Prefeitura de Camb\u00e9 (<a href=\"https:\/\/www.cambe.pr.gov.br\/index.php\/area-do-servidor\">www.cambe.pr.gov.br\/index.php\/area-do-servidor<\/a>) ou pelo formul\u00e1rio impresso, que pode ser retirado tamb\u00e9m no site da prefeitura. \u201cSe os funcion\u00e1rios optarem pela vers\u00e3o impressa, ela deve ser entregue, junto com um comprovante de resid\u00eancia, ao respons\u00e1vel pelo setor, que depois vai devolver para a \u00e1rea de Recursos Humanos\u201d, orienta.<\/span><\/p>\n<p style=\"text-align: justify;\"><span style=\"font-family: arial, helvetica, sans-serif;\">Segundo Tsuneda, h\u00e1 outro formul\u00e1rio de atualiza\u00e7\u00e3o obrigat\u00f3rio, mas somente para quem recebe o vale transporte: \u201cfica no mesmo local dos outros, mas esse deve ser impresso\u201d. De acordo com ele, o requerimento para solicitar o benef\u00edcio do vale transporte tamb\u00e9m est\u00e1 dispon\u00edvel, mas esse \u00e9 opcional. At\u00e9 o momento, cerca de 300 funcion\u00e1rios j\u00e1 fizeram a atualiza\u00e7\u00e3o do cadastro. \u201cPara quem n\u00e3o atualizar os dados, vai ser aberto um Processo Administrativo Disciplinar e vai estar sujeito a advert\u00eancias e a suspens\u00e3o\u201d, finaliza.<\/span><\/p>\n","protected":false},"excerpt":{"rendered":"<p>O munic\u00edpio de Camb\u00e9 est\u00e1 fazendo a atualiza\u00e7\u00e3o no cadastro dos funcion\u00e1rios efetivos e comissionados da prefeitura. Segundo informa\u00e7\u00f5es do setor de Recursos Humanos, a prefeitura precisa atualizar os dados pessoais dos servidores no eSocial, um programa do Governo Federal que agrupa informa\u00e7\u00f5es trabalhistas e previdenci\u00e1rias da popula\u00e7\u00e3o. A Prefeitura de Camb\u00e9 conta atualmente com [&hellip;]<\/p>\n","protected":false},"author":2,"featured_media":0,"comment_status":"closed","ping_status":"open","sticky":false,"template":"","format":"standard","meta":{"ngg_post_thumbnail":0,"footnotes":""},"categories":[1],"tags":[],"class_list":["post-3130","post","type-post","status-publish","format-standard","hentry","category-principal"],"yoast_head":"<!-- This site is optimized with the Yoast SEO plugin v27.4 - https:\/\/yoast.com\/product\/yoast-seo-wordpress\/ -->\n<title>Prefeitura de Camb\u00e9 atualiza cadastro dos servidores efetivos e comissionados - Prefeitura de Camb\u00e9<\/title>\n<meta name=\"robots\" content=\"index, follow, max-snippet:-1, max-image-preview:large, max-video-preview:-1\" \/>\n<link rel=\"canonical\" href=\"https:\/\/www.cambe.pr.gov.br\/index.php\/prefeitura-de-cambe-atualiza-cadastro-dos-servidores-efetivos-e-comissionados\/\" \/>\n<meta property=\"og:locale\" content=\"pt_BR\" \/>\n<meta property=\"og:type\" content=\"article\" \/>\n<meta property=\"og:title\" content=\"Prefeitura de Camb\u00e9 atualiza cadastro dos servidores efetivos e comissionados - Prefeitura de Camb\u00e9\" \/>\n<meta property=\"og:description\" content=\"O munic\u00edpio de Camb\u00e9 est\u00e1 fazendo a atualiza\u00e7\u00e3o no cadastro dos funcion\u00e1rios efetivos e comissionados da prefeitura. Segundo informa\u00e7\u00f5es do setor de Recursos Humanos, a prefeitura precisa atualizar os dados pessoais dos servidores no eSocial, um programa do Governo Federal que agrupa informa\u00e7\u00f5es trabalhistas e previdenci\u00e1rias da popula\u00e7\u00e3o. A Prefeitura de Camb\u00e9 conta atualmente com [&hellip;]\" \/>\n<meta property=\"og:url\" content=\"https:\/\/www.cambe.pr.gov.br\/index.php\/prefeitura-de-cambe-atualiza-cadastro-dos-servidores-efetivos-e-comissionados\/\" \/>\n<meta property=\"og:site_name\" content=\"Prefeitura de Camb\u00e9\" \/>\n<meta property=\"article:publisher\" content=\"https:\/\/m.facebook.com\/prefeituradecambe\" \/>\n<meta property=\"article:published_time\" content=\"2021-08-31T12:38:20+00:00\" \/>\n<meta property=\"article:modified_time\" content=\"2024-10-07T16:00:24+00:00\" \/>\n<meta property=\"og:image\" content=\"http:\/\/www.cambe.pr.gov.br\/wp-content\/uploads\/2021\/08\/redacastro-300x200.png\" \/>\n<meta name=\"author\" content=\"Thiago Mossini Balbino dos Santos\" \/>\n<meta name=\"twitter:card\" content=\"summary_large_image\" \/>\n<meta name=\"twitter:label1\" content=\"Escrito por\" \/>\n\t<meta name=\"twitter:data1\" content=\"Thiago Mossini Balbino dos Santos\" \/>\n\t<meta name=\"twitter:label2\" content=\"Est. tempo de leitura\" \/>\n\t<meta name=\"twitter:data2\" content=\"2 minutos\" \/>\n<script type=\"application\/ld+json\" class=\"yoast-schema-graph\">{\"@context\":\"https:\\\/\\\/schema.org\",\"@graph\":[{\"@type\":\"Article\",\"@id\":\"https:\\\/\\\/www.cambe.pr.gov.br\\\/index.php\\\/prefeitura-de-cambe-atualiza-cadastro-dos-servidores-efetivos-e-comissionados\\\/#article\",\"isPartOf\":{\"@id\":\"https:\\\/\\\/www.cambe.pr.gov.br\\\/index.php\\\/prefeitura-de-cambe-atualiza-cadastro-dos-servidores-efetivos-e-comissionados\\\/\"},\"author\":{\"name\":\"Thiago Mossini Balbino dos Santos\",\"@id\":\"https:\\\/\\\/www.cambe.pr.gov.br\\\/#\\\/schema\\\/person\\\/e08f7c43a641b2ec036e4e867ec483e4\"},\"headline\":\"Prefeitura de Camb\u00e9 atualiza cadastro dos servidores efetivos e comissionados\",\"datePublished\":\"2021-08-31T12:38:20+00:00\",\"dateModified\":\"2024-10-07T16:00:24+00:00\",\"mainEntityOfPage\":{\"@id\":\"https:\\\/\\\/www.cambe.pr.gov.br\\\/index.php\\\/prefeitura-de-cambe-atualiza-cadastro-dos-servidores-efetivos-e-comissionados\\\/\"},\"wordCount\":335,\"publisher\":{\"@id\":\"https:\\\/\\\/www.cambe.pr.gov.br\\\/#organization\"},\"image\":{\"@id\":\"https:\\\/\\\/www.cambe.pr.gov.br\\\/index.php\\\/prefeitura-de-cambe-atualiza-cadastro-dos-servidores-efetivos-e-comissionados\\\/#primaryimage\"},\"thumbnailUrl\":\"http:\\\/\\\/www.cambe.pr.gov.br\\\/wp-content\\\/uploads\\\/2021\\\/08\\\/redacastro-300x200.png\",\"articleSection\":[\"Principal\"],\"inLanguage\":\"pt-BR\"},{\"@type\":\"WebPage\",\"@id\":\"https:\\\/\\\/www.cambe.pr.gov.br\\\/index.php\\\/prefeitura-de-cambe-atualiza-cadastro-dos-servidores-efetivos-e-comissionados\\\/\",\"url\":\"https:\\\/\\\/www.cambe.pr.gov.br\\\/index.php\\\/prefeitura-de-cambe-atualiza-cadastro-dos-servidores-efetivos-e-comissionados\\\/\",\"name\":\"Prefeitura de Camb\u00e9 atualiza cadastro dos servidores efetivos e comissionados - Prefeitura de Camb\u00e9\",\"isPartOf\":{\"@id\":\"https:\\\/\\\/www.cambe.pr.gov.br\\\/#website\"},\"primaryImageOfPage\":{\"@id\":\"https:\\\/\\\/www.cambe.pr.gov.br\\\/index.php\\\/prefeitura-de-cambe-atualiza-cadastro-dos-servidores-efetivos-e-comissionados\\\/#primaryimage\"},\"image\":{\"@id\":\"https:\\\/\\\/www.cambe.pr.gov.br\\\/index.php\\\/prefeitura-de-cambe-atualiza-cadastro-dos-servidores-efetivos-e-comissionados\\\/#primaryimage\"},\"thumbnailUrl\":\"http:\\\/\\\/www.cambe.pr.gov.br\\\/wp-content\\\/uploads\\\/2021\\\/08\\\/redacastro-300x200.png\",\"datePublished\":\"2021-08-31T12:38:20+00:00\",\"dateModified\":\"2024-10-07T16:00:24+00:00\",\"breadcrumb\":{\"@id\":\"https:\\\/\\\/www.cambe.pr.gov.br\\\/index.php\\\/prefeitura-de-cambe-atualiza-cadastro-dos-servidores-efetivos-e-comissionados\\\/#breadcrumb\"},\"inLanguage\":\"pt-BR\",\"potentialAction\":[{\"@type\":\"ReadAction\",\"target\":[\"https:\\\/\\\/www.cambe.pr.gov.br\\\/index.php\\\/prefeitura-de-cambe-atualiza-cadastro-dos-servidores-efetivos-e-comissionados\\\/\"]}]},{\"@type\":\"ImageObject\",\"inLanguage\":\"pt-BR\",\"@id\":\"https:\\\/\\\/www.cambe.pr.gov.br\\\/index.php\\\/prefeitura-de-cambe-atualiza-cadastro-dos-servidores-efetivos-e-comissionados\\\/#primaryimage\",\"url\":\"http:\\\/\\\/www.cambe.pr.gov.br\\\/wp-content\\\/uploads\\\/2021\\\/08\\\/redacastro-300x200.png\",\"contentUrl\":\"http:\\\/\\\/www.cambe.pr.gov.br\\\/wp-content\\\/uploads\\\/2021\\\/08\\\/redacastro-300x200.png\"},{\"@type\":\"BreadcrumbList\",\"@id\":\"https:\\\/\\\/www.cambe.pr.gov.br\\\/index.php\\\/prefeitura-de-cambe-atualiza-cadastro-dos-servidores-efetivos-e-comissionados\\\/#breadcrumb\",\"itemListElement\":[{\"@type\":\"ListItem\",\"position\":1,\"name\":\"In\u00edcio\",\"item\":\"https:\\\/\\\/www.cambe.pr.gov.br\\\/\"},{\"@type\":\"ListItem\",\"position\":2,\"name\":\"Prefeitura de Camb\u00e9 atualiza cadastro dos servidores efetivos e comissionados\"}]},{\"@type\":\"WebSite\",\"@id\":\"https:\\\/\\\/www.cambe.pr.gov.br\\\/#website\",\"url\":\"https:\\\/\\\/www.cambe.pr.gov.br\\\/\",\"name\":\"Prefeitura de Camb\u00e9\",\"description\":\"UM GOVERNO PARA TODOS\",\"publisher\":{\"@id\":\"https:\\\/\\\/www.cambe.pr.gov.br\\\/#organization\"},\"potentialAction\":[{\"@type\":\"SearchAction\",\"target\":{\"@type\":\"EntryPoint\",\"urlTemplate\":\"https:\\\/\\\/www.cambe.pr.gov.br\\\/?s={search_term_string}\"},\"query-input\":{\"@type\":\"PropertyValueSpecification\",\"valueRequired\":true,\"valueName\":\"search_term_string\"}}],\"inLanguage\":\"pt-BR\"},{\"@type\":\"Organization\",\"@id\":\"https:\\\/\\\/www.cambe.pr.gov.br\\\/#organization\",\"name\":\"Prefeitura de Camb\u00e9\",\"url\":\"https:\\\/\\\/www.cambe.pr.gov.br\\\/\",\"logo\":{\"@type\":\"ImageObject\",\"inLanguage\":\"pt-BR\",\"@id\":\"https:\\\/\\\/www.cambe.pr.gov.br\\\/#\\\/schema\\\/logo\\\/image\\\/\",\"url\":\"https:\\\/\\\/www.cambe.pr.gov.br\\\/wp-content\\\/uploads\\\/2021\\\/01\\\/cropped-cropped-cambe_brazao-icone.png\",\"contentUrl\":\"https:\\\/\\\/www.cambe.pr.gov.br\\\/wp-content\\\/uploads\\\/2021\\\/01\\\/cropped-cropped-cambe_brazao-icone.png\",\"width\":240,\"height\":240,\"caption\":\"Prefeitura de Camb\u00e9\"},\"image\":{\"@id\":\"https:\\\/\\\/www.cambe.pr.gov.br\\\/#\\\/schema\\\/logo\\\/image\\\/\"},\"sameAs\":[\"https:\\\/\\\/m.facebook.com\\\/prefeituradecambe\"]},{\"@type\":\"Person\",\"@id\":\"https:\\\/\\\/www.cambe.pr.gov.br\\\/#\\\/schema\\\/person\\\/e08f7c43a641b2ec036e4e867ec483e4\",\"name\":\"Thiago Mossini Balbino dos Santos\",\"image\":{\"@type\":\"ImageObject\",\"inLanguage\":\"pt-BR\",\"@id\":\"https:\\\/\\\/secure.gravatar.com\\\/avatar\\\/d957ed4e1bc3ebf5769d1003f9709cd2012ebf424eb4a5d76a933fee30e874b6?s=96&d=mm&r=g\",\"url\":\"https:\\\/\\\/secure.gravatar.com\\\/avatar\\\/d957ed4e1bc3ebf5769d1003f9709cd2012ebf424eb4a5d76a933fee30e874b6?s=96&d=mm&r=g\",\"contentUrl\":\"https:\\\/\\\/secure.gravatar.com\\\/avatar\\\/d957ed4e1bc3ebf5769d1003f9709cd2012ebf424eb4a5d76a933fee30e874b6?s=96&d=mm&r=g\",\"caption\":\"Thiago Mossini Balbino dos Santos\"},\"url\":\"https:\\\/\\\/www.cambe.pr.gov.br\\\/index.php\\\/author\\\/tmbsantos\\\/\"}]}<\/script>\n<!-- \/ Yoast SEO plugin. -->","yoast_head_json":{"title":"Prefeitura de Camb\u00e9 atualiza cadastro dos servidores efetivos e comissionados - Prefeitura de Camb\u00e9","robots":{"index":"index","follow":"follow","max-snippet":"max-snippet:-1","max-image-preview":"max-image-preview:large","max-video-preview":"max-video-preview:-1"},"canonical":"https:\/\/www.cambe.pr.gov.br\/index.php\/prefeitura-de-cambe-atualiza-cadastro-dos-servidores-efetivos-e-comissionados\/","og_locale":"pt_BR","og_type":"article","og_title":"Prefeitura de Camb\u00e9 atualiza cadastro dos servidores efetivos e comissionados - Prefeitura de Camb\u00e9","og_description":"O munic\u00edpio de Camb\u00e9 est\u00e1 fazendo a atualiza\u00e7\u00e3o no cadastro dos funcion\u00e1rios efetivos e comissionados da prefeitura. Segundo informa\u00e7\u00f5es do setor de Recursos Humanos, a prefeitura precisa atualizar os dados pessoais dos servidores no eSocial, um programa do Governo Federal que agrupa informa\u00e7\u00f5es trabalhistas e previdenci\u00e1rias da popula\u00e7\u00e3o. A Prefeitura de Camb\u00e9 conta atualmente com [&hellip;]","og_url":"https:\/\/www.cambe.pr.gov.br\/index.php\/prefeitura-de-cambe-atualiza-cadastro-dos-servidores-efetivos-e-comissionados\/","og_site_name":"Prefeitura de Camb\u00e9","article_publisher":"https:\/\/m.facebook.com\/prefeituradecambe","article_published_time":"2021-08-31T12:38:20+00:00","article_modified_time":"2024-10-07T16:00:24+00:00","og_image":[{"url":"http:\/\/www.cambe.pr.gov.br\/wp-content\/uploads\/2021\/08\/redacastro-300x200.png","type":"","width":"","height":""}],"author":"Thiago Mossini Balbino dos Santos","twitter_card":"summary_large_image","twitter_misc":{"Escrito por":"Thiago Mossini Balbino dos Santos","Est. tempo de leitura":"2 minutos"},"schema":{"@context":"https:\/\/schema.org","@graph":[{"@type":"Article","@id":"https:\/\/www.cambe.pr.gov.br\/index.php\/prefeitura-de-cambe-atualiza-cadastro-dos-servidores-efetivos-e-comissionados\/#article","isPartOf":{"@id":"https:\/\/www.cambe.pr.gov.br\/index.php\/prefeitura-de-cambe-atualiza-cadastro-dos-servidores-efetivos-e-comissionados\/"},"author":{"name":"Thiago Mossini Balbino dos Santos","@id":"https:\/\/www.cambe.pr.gov.br\/#\/schema\/person\/e08f7c43a641b2ec036e4e867ec483e4"},"headline":"Prefeitura de Camb\u00e9 atualiza cadastro dos servidores efetivos e comissionados","datePublished":"2021-08-31T12:38:20+00:00","dateModified":"2024-10-07T16:00:24+00:00","mainEntityOfPage":{"@id":"https:\/\/www.cambe.pr.gov.br\/index.php\/prefeitura-de-cambe-atualiza-cadastro-dos-servidores-efetivos-e-comissionados\/"},"wordCount":335,"publisher":{"@id":"https:\/\/www.cambe.pr.gov.br\/#organization"},"image":{"@id":"https:\/\/www.cambe.pr.gov.br\/index.php\/prefeitura-de-cambe-atualiza-cadastro-dos-servidores-efetivos-e-comissionados\/#primaryimage"},"thumbnailUrl":"http:\/\/www.cambe.pr.gov.br\/wp-content\/uploads\/2021\/08\/redacastro-300x200.png","articleSection":["Principal"],"inLanguage":"pt-BR"},{"@type":"WebPage","@id":"https:\/\/www.cambe.pr.gov.br\/index.php\/prefeitura-de-cambe-atualiza-cadastro-dos-servidores-efetivos-e-comissionados\/","url":"https:\/\/www.cambe.pr.gov.br\/index.php\/prefeitura-de-cambe-atualiza-cadastro-dos-servidores-efetivos-e-comissionados\/","name":"Prefeitura de Camb\u00e9 atualiza cadastro dos servidores efetivos e comissionados - Prefeitura de Camb\u00e9","isPartOf":{"@id":"https:\/\/www.cambe.pr.gov.br\/#website"},"primaryImageOfPage":{"@id":"https:\/\/www.cambe.pr.gov.br\/index.php\/prefeitura-de-cambe-atualiza-cadastro-dos-servidores-efetivos-e-comissionados\/#primaryimage"},"image":{"@id":"https:\/\/www.cambe.pr.gov.br\/index.php\/prefeitura-de-cambe-atualiza-cadastro-dos-servidores-efetivos-e-comissionados\/#primaryimage"},"thumbnailUrl":"http:\/\/www.cambe.pr.gov.br\/wp-content\/uploads\/2021\/08\/redacastro-300x200.png","datePublished":"2021-08-31T12:38:20+00:00","dateModified":"2024-10-07T16:00:24+00:00","breadcrumb":{"@id":"https:\/\/www.cambe.pr.gov.br\/index.php\/prefeitura-de-cambe-atualiza-cadastro-dos-servidores-efetivos-e-comissionados\/#breadcrumb"},"inLanguage":"pt-BR","potentialAction":[{"@type":"ReadAction","target":["https:\/\/www.cambe.pr.gov.br\/index.php\/prefeitura-de-cambe-atualiza-cadastro-dos-servidores-efetivos-e-comissionados\/"]}]},{"@type":"ImageObject","inLanguage":"pt-BR","@id":"https:\/\/www.cambe.pr.gov.br\/index.php\/prefeitura-de-cambe-atualiza-cadastro-dos-servidores-efetivos-e-comissionados\/#primaryimage","url":"http:\/\/www.cambe.pr.gov.br\/wp-content\/uploads\/2021\/08\/redacastro-300x200.png","contentUrl":"http:\/\/www.cambe.pr.gov.br\/wp-content\/uploads\/2021\/08\/redacastro-300x200.png"},{"@type":"BreadcrumbList","@id":"https:\/\/www.cambe.pr.gov.br\/index.php\/prefeitura-de-cambe-atualiza-cadastro-dos-servidores-efetivos-e-comissionados\/#breadcrumb","itemListElement":[{"@type":"ListItem","position":1,"name":"In\u00edcio","item":"https:\/\/www.cambe.pr.gov.br\/"},{"@type":"ListItem","position":2,"name":"Prefeitura de Camb\u00e9 atualiza cadastro dos servidores efetivos e comissionados"}]},{"@type":"WebSite","@id":"https:\/\/www.cambe.pr.gov.br\/#website","url":"https:\/\/www.cambe.pr.gov.br\/","name":"Prefeitura de Camb\u00e9","description":"UM GOVERNO PARA TODOS","publisher":{"@id":"https:\/\/www.cambe.pr.gov.br\/#organization"},"potentialAction":[{"@type":"SearchAction","target":{"@type":"EntryPoint","urlTemplate":"https:\/\/www.cambe.pr.gov.br\/?s={search_term_string}"},"query-input":{"@type":"PropertyValueSpecification","valueRequired":true,"valueName":"search_term_string"}}],"inLanguage":"pt-BR"},{"@type":"Organization","@id":"https:\/\/www.cambe.pr.gov.br\/#organization","name":"Prefeitura de Camb\u00e9","url":"https:\/\/www.cambe.pr.gov.br\/","logo":{"@type":"ImageObject","inLanguage":"pt-BR","@id":"https:\/\/www.cambe.pr.gov.br\/#\/schema\/logo\/image\/","url":"https:\/\/www.cambe.pr.gov.br\/wp-content\/uploads\/2021\/01\/cropped-cropped-cambe_brazao-icone.png","contentUrl":"https:\/\/www.cambe.pr.gov.br\/wp-content\/uploads\/2021\/01\/cropped-cropped-cambe_brazao-icone.png","width":240,"height":240,"caption":"Prefeitura de Camb\u00e9"},"image":{"@id":"https:\/\/www.cambe.pr.gov.br\/#\/schema\/logo\/image\/"},"sameAs":["https:\/\/m.facebook.com\/prefeituradecambe"]},{"@type":"Person","@id":"https:\/\/www.cambe.pr.gov.br\/#\/schema\/person\/e08f7c43a641b2ec036e4e867ec483e4","name":"Thiago Mossini Balbino dos Santos","image":{"@type":"ImageObject","inLanguage":"pt-BR","@id":"https:\/\/secure.gravatar.com\/avatar\/d957ed4e1bc3ebf5769d1003f9709cd2012ebf424eb4a5d76a933fee30e874b6?s=96&d=mm&r=g","url":"https:\/\/secure.gravatar.com\/avatar\/d957ed4e1bc3ebf5769d1003f9709cd2012ebf424eb4a5d76a933fee30e874b6?s=96&d=mm&r=g","contentUrl":"https:\/\/secure.gravatar.com\/avatar\/d957ed4e1bc3ebf5769d1003f9709cd2012ebf424eb4a5d76a933fee30e874b6?s=96&d=mm&r=g","caption":"Thiago Mossini Balbino dos Santos"},"url":"https:\/\/www.cambe.pr.gov.br\/index.php\/author\/tmbsantos\/"}]}},"_links":{"self":[{"href":"https:\/\/www.cambe.pr.gov.br\/index.php\/wp-json\/wp\/v2\/posts\/3130","targetHints":{"allow":["GET"]}}],"collection":[{"href":"https:\/\/www.cambe.pr.gov.br\/index.php\/wp-json\/wp\/v2\/posts"}],"about":[{"href":"https:\/\/www.cambe.pr.gov.br\/index.php\/wp-json\/wp\/v2\/types\/post"}],"author":[{"embeddable":true,"href":"https:\/\/www.cambe.pr.gov.br\/index.php\/wp-json\/wp\/v2\/users\/2"}],"replies":[{"embeddable":true,"href":"https:\/\/www.cambe.pr.gov.br\/index.php\/wp-json\/wp\/v2\/comments?post=3130"}],"version-history":[{"count":1,"href":"https:\/\/www.cambe.pr.gov.br\/index.php\/wp-json\/wp\/v2\/posts\/3130\/revisions"}],"predecessor-version":[{"id":3163,"href":"https:\/\/www.cambe.pr.gov.br\/index.php\/wp-json\/wp\/v2\/posts\/3130\/revisions\/3163"}],"wp:attachment":[{"href":"https:\/\/www.cambe.pr.gov.br\/index.php\/wp-json\/wp\/v2\/media?parent=3130"}],"wp:term":[{"taxonomy":"category","embeddable":true,"href":"https:\/\/www.cambe.pr.gov.br\/index.php\/wp-json\/wp\/v2\/categories?post=3130"},{"taxonomy":"post_tag","embeddable":true,"href":"https:\/\/www.cambe.pr.gov.br\/index.php\/wp-json\/wp\/v2\/tags?post=3130"}],"curies":[{"name":"wp","href":"https:\/\/api.w.org\/{rel}","templated":true}]}}