{"id":3117,"date":"2021-08-27T14:08:09","date_gmt":"2021-08-27T17:08:09","guid":{"rendered":"http:\/\/www.cambe.pr.gov.br\/?p=3117"},"modified":"2024-10-07T13:00:24","modified_gmt":"2024-10-07T16:00:24","slug":"prefeitura-e-projeto-maos-que-ajudam-fazem-a-catalogacao-de-livros-do-cemiterio","status":"publish","type":"post","link":"https:\/\/www.cambe.pr.gov.br\/index.php\/prefeitura-e-projeto-maos-que-ajudam-fazem-a-catalogacao-de-livros-do-cemiterio\/","title":{"rendered":"Prefeitura e Projeto M\u00e3os que Ajudam fazem a cataloga\u00e7\u00e3o de livros do cemit\u00e9rio"},"content":{"rendered":"<div id=\"attachment_3118\" style=\"width: 310px\" class=\"wp-caption alignleft\"><img fetchpriority=\"high\" decoding=\"async\" aria-describedby=\"caption-attachment-3118\" class=\"wp-image-3118 size-medium\" src=\"https:\/\/www.cambe.pr.gov.br\/wp-content\/uploads\/2021\/08\/IMG_9420-300x200.jpg\" alt=\"\" width=\"300\" height=\"200\" srcset=\"https:\/\/www.cambe.pr.gov.br\/wp-content\/uploads\/2021\/08\/IMG_9420-300x200.jpg 300w, https:\/\/www.cambe.pr.gov.br\/wp-content\/uploads\/2021\/08\/IMG_9420-1024x683.jpg 1024w, https:\/\/www.cambe.pr.gov.br\/wp-content\/uploads\/2021\/08\/IMG_9420-768x512.jpg 768w, https:\/\/www.cambe.pr.gov.br\/wp-content\/uploads\/2021\/08\/IMG_9420-1536x1024.jpg 1536w, https:\/\/www.cambe.pr.gov.br\/wp-content\/uploads\/2021\/08\/IMG_9420.jpg 2048w\" sizes=\"(max-width: 300px) 100vw, 300px\" \/><p id=\"caption-attachment-3118\" class=\"wp-caption-text\">Representantes da Secretaria de Cultura e do M\u00e3os que Ajudam com o prefeito Conrado Scheller na apresenta\u00e7\u00e3o do projeto<\/p><\/div>\n<p style=\"text-align: justify;\"><span style=\"font-family: arial, helvetica, sans-serif;\">A Prefeitura de Camb\u00e9, por meio da Secretaria de Cultura, e o Projeto M\u00e3os que Ajudam, est\u00e1 fazendo a cataloga\u00e7\u00e3o dos livros mortu\u00e1rios do Cemit\u00e9rio Municipal Padre Symphoriano Kopf. Segundo os representantes do projeto na regi\u00e3o, a ideia \u00e9 alocar todos esses dados em uma plataforma e facilitar o acesso para quem busca informa\u00e7\u00f5es sobre o assunto. O munic\u00edpio de Camb\u00e9 j\u00e1 conta com outras a\u00e7\u00f5es do grupo, como o \u2018M\u00e3os que Ajudam na Pandemia\u2019, que visa auxiliar \u00e0 popula\u00e7\u00e3o no enfrentamento da pandemia da Covid-19.<\/span><\/p>\n<p style=\"text-align: justify;\"><span style=\"font-family: arial, helvetica, sans-serif;\">Ana Laura Schulze, diretora volunt\u00e1ria de Comunica\u00e7\u00e3o do Projeto M\u00e3os que Ajudam na regi\u00e3o, explica que primeiro foram feitas fotos de todos os livros mortu\u00e1rios do cemit\u00e9rio at\u00e9 2018. Ainda de acordo com ela, s\u00e3o cerca de 600 mil fotos. \u201cEssas imagens j\u00e1 est\u00e3o dispon\u00edveis no site, mas a ideia \u00e9 facilitar ainda mais o acesso para a popula\u00e7\u00e3o\u201d, pontua. A representante do projeto ressalta que o pr\u00f3ximo passo vai ser organizar todos os dados em uma planilha, com as informa\u00e7\u00f5es pessoais, causa da morte, nome de familiares, dentre outras dados. \u201cEssa cataloga\u00e7\u00e3o vai permitir que algu\u00e9m que queria pesquisar sua \u00e1rvore geneal\u00f3gica encontre todas as informa\u00e7\u00f5es de maneira mais simples e em um \u00fanico local. A pessoa vai poder buscar pela data de \u00f3bito ou sobrenome\u201d, esclarece. O acervo com as fotos pode ser consultado atrav\u00e9s do link https:\/\/www.familysearch.org\/ &#8211; o usu\u00e1rio deve criar uma conta e o acesso \u00e9 gratuito.<\/span><\/p>\n<p style=\"text-align: justify;\"><span style=\"font-family: arial, helvetica, sans-serif;\">Segundo Ana Laura Schulze, a cataloga\u00e7\u00e3o tamb\u00e9m vai permitir que essas informa\u00e7\u00f5es n\u00e3o desapare\u00e7am com o tempo. \u201cV\u00e1rios desses livros que n\u00f3s fotografamos j\u00e1 estavam em um mau estado de conserva\u00e7\u00e3o, correndo risco de se perderem\u201d, conta. Schulze ainda ressalta que todo o trabalho de cataloga\u00e7\u00e3o vai ser feito pelos volunt\u00e1rios do projeto. \u201cSe a Prefeitura de Camb\u00e9 fizesse sozinha esse trabalho, cada foto, por exemplo, iria custar cerca de R$ 1\u201d, pontua.<\/span><\/p>\n<p style=\"text-align: justify;\"><span style=\"font-family: arial, helvetica, sans-serif;\">O prefeito Conrado Scheller ressaltou que o trabalho do projeto \u00e9 muito importante para o resgate e manuten\u00e7\u00e3o da mem\u00f3ria dos cambeenses e da hist\u00f3ria da cidade. &#8220;\u00c9 uma forma de mantermos viva a mem\u00f3ria dessas pessoas que j\u00e1 partiram e que deixaram saudades, mas tamb\u00e9m \u00e9 um projeto que mant\u00e9m dispon\u00edvel a hist\u00f3ria de quem ajudou a fazer a Camb\u00e9 que temos hoje&#8221;, comemora Scheller.<\/span><\/p>\n<p style=\"text-align: justify;\"><span style=\"font-family: arial, helvetica, sans-serif;\">O Projeto M\u00e3os que Ajudam tem representantes no mundo inteiro, sendo vinculado com a A Igreja de Jesus Cristo dos Santos dos \u00daltimos Dias. De acordo com Ana Laura Schulze, o projeto recebe volunt\u00e1rios de outras igrejas e de todas as comunidades que atende. Para outras informa\u00e7\u00f5es ou para ser um volunt\u00e1rio do projeto, o contato pode ser feito atrav\u00e9s das redes sociais https:\/\/www.facebook.com\/maosqueajudambrasil\/.<\/span><\/p>\n","protected":false},"excerpt":{"rendered":"<p>A Prefeitura de Camb\u00e9, por meio da Secretaria de Cultura, e o Projeto M\u00e3os que Ajudam, est\u00e1 fazendo a cataloga\u00e7\u00e3o dos livros mortu\u00e1rios do Cemit\u00e9rio Municipal Padre Symphoriano Kopf. Segundo os representantes do projeto na regi\u00e3o, a ideia \u00e9 alocar todos esses dados em uma plataforma e facilitar o acesso para quem busca informa\u00e7\u00f5es sobre [&hellip;]<\/p>\n","protected":false},"author":2,"featured_media":0,"comment_status":"closed","ping_status":"open","sticky":false,"template":"","format":"standard","meta":{"ngg_post_thumbnail":0,"footnotes":""},"categories":[1],"tags":[],"class_list":["post-3117","post","type-post","status-publish","format-standard","hentry","category-principal"],"yoast_head":"<!-- This site is optimized with the Yoast SEO plugin v27.4 - https:\/\/yoast.com\/product\/yoast-seo-wordpress\/ -->\n<title>Prefeitura e Projeto M\u00e3os que Ajudam fazem a cataloga\u00e7\u00e3o de livros do cemit\u00e9rio - Prefeitura de Camb\u00e9<\/title>\n<meta name=\"robots\" content=\"index, follow, max-snippet:-1, max-image-preview:large, max-video-preview:-1\" \/>\n<link rel=\"canonical\" href=\"https:\/\/www.cambe.pr.gov.br\/index.php\/prefeitura-e-projeto-maos-que-ajudam-fazem-a-catalogacao-de-livros-do-cemiterio\/\" \/>\n<meta property=\"og:locale\" content=\"pt_BR\" \/>\n<meta property=\"og:type\" content=\"article\" \/>\n<meta property=\"og:title\" content=\"Prefeitura e Projeto M\u00e3os que Ajudam fazem a cataloga\u00e7\u00e3o de livros do cemit\u00e9rio - Prefeitura de Camb\u00e9\" \/>\n<meta property=\"og:description\" content=\"A Prefeitura de Camb\u00e9, por meio da Secretaria de Cultura, e o Projeto M\u00e3os que Ajudam, est\u00e1 fazendo a cataloga\u00e7\u00e3o dos livros mortu\u00e1rios do Cemit\u00e9rio Municipal Padre Symphoriano Kopf. Segundo os representantes do projeto na regi\u00e3o, a ideia \u00e9 alocar todos esses dados em uma plataforma e facilitar o acesso para quem busca informa\u00e7\u00f5es sobre [&hellip;]\" \/>\n<meta property=\"og:url\" content=\"https:\/\/www.cambe.pr.gov.br\/index.php\/prefeitura-e-projeto-maos-que-ajudam-fazem-a-catalogacao-de-livros-do-cemiterio\/\" \/>\n<meta property=\"og:site_name\" content=\"Prefeitura de Camb\u00e9\" \/>\n<meta property=\"article:publisher\" content=\"https:\/\/m.facebook.com\/prefeituradecambe\" \/>\n<meta property=\"article:published_time\" content=\"2021-08-27T17:08:09+00:00\" \/>\n<meta property=\"article:modified_time\" content=\"2024-10-07T16:00:24+00:00\" \/>\n<meta property=\"og:image\" content=\"http:\/\/www.cambe.pr.gov.br\/wp-content\/uploads\/2021\/08\/IMG_9420-300x200.jpg\" \/>\n<meta name=\"author\" content=\"Thiago Mossini Balbino dos Santos\" \/>\n<meta name=\"twitter:card\" content=\"summary_large_image\" \/>\n<meta name=\"twitter:label1\" content=\"Escrito por\" \/>\n\t<meta name=\"twitter:data1\" content=\"Thiago Mossini Balbino dos Santos\" \/>\n\t<meta name=\"twitter:label2\" content=\"Est. tempo de leitura\" \/>\n\t<meta name=\"twitter:data2\" content=\"3 minutos\" \/>\n<script type=\"application\/ld+json\" class=\"yoast-schema-graph\">{\"@context\":\"https:\\\/\\\/schema.org\",\"@graph\":[{\"@type\":\"Article\",\"@id\":\"https:\\\/\\\/www.cambe.pr.gov.br\\\/index.php\\\/prefeitura-e-projeto-maos-que-ajudam-fazem-a-catalogacao-de-livros-do-cemiterio\\\/#article\",\"isPartOf\":{\"@id\":\"https:\\\/\\\/www.cambe.pr.gov.br\\\/index.php\\\/prefeitura-e-projeto-maos-que-ajudam-fazem-a-catalogacao-de-livros-do-cemiterio\\\/\"},\"author\":{\"name\":\"Thiago Mossini Balbino dos Santos\",\"@id\":\"https:\\\/\\\/www.cambe.pr.gov.br\\\/#\\\/schema\\\/person\\\/e08f7c43a641b2ec036e4e867ec483e4\"},\"headline\":\"Prefeitura e Projeto M\u00e3os que Ajudam fazem a cataloga\u00e7\u00e3o de livros do cemit\u00e9rio\",\"datePublished\":\"2021-08-27T17:08:09+00:00\",\"dateModified\":\"2024-10-07T16:00:24+00:00\",\"mainEntityOfPage\":{\"@id\":\"https:\\\/\\\/www.cambe.pr.gov.br\\\/index.php\\\/prefeitura-e-projeto-maos-que-ajudam-fazem-a-catalogacao-de-livros-do-cemiterio\\\/\"},\"wordCount\":533,\"publisher\":{\"@id\":\"https:\\\/\\\/www.cambe.pr.gov.br\\\/#organization\"},\"image\":{\"@id\":\"https:\\\/\\\/www.cambe.pr.gov.br\\\/index.php\\\/prefeitura-e-projeto-maos-que-ajudam-fazem-a-catalogacao-de-livros-do-cemiterio\\\/#primaryimage\"},\"thumbnailUrl\":\"http:\\\/\\\/www.cambe.pr.gov.br\\\/wp-content\\\/uploads\\\/2021\\\/08\\\/IMG_9420-300x200.jpg\",\"articleSection\":[\"Principal\"],\"inLanguage\":\"pt-BR\"},{\"@type\":\"WebPage\",\"@id\":\"https:\\\/\\\/www.cambe.pr.gov.br\\\/index.php\\\/prefeitura-e-projeto-maos-que-ajudam-fazem-a-catalogacao-de-livros-do-cemiterio\\\/\",\"url\":\"https:\\\/\\\/www.cambe.pr.gov.br\\\/index.php\\\/prefeitura-e-projeto-maos-que-ajudam-fazem-a-catalogacao-de-livros-do-cemiterio\\\/\",\"name\":\"Prefeitura e Projeto M\u00e3os que Ajudam fazem a cataloga\u00e7\u00e3o de livros do cemit\u00e9rio - Prefeitura de Camb\u00e9\",\"isPartOf\":{\"@id\":\"https:\\\/\\\/www.cambe.pr.gov.br\\\/#website\"},\"primaryImageOfPage\":{\"@id\":\"https:\\\/\\\/www.cambe.pr.gov.br\\\/index.php\\\/prefeitura-e-projeto-maos-que-ajudam-fazem-a-catalogacao-de-livros-do-cemiterio\\\/#primaryimage\"},\"image\":{\"@id\":\"https:\\\/\\\/www.cambe.pr.gov.br\\\/index.php\\\/prefeitura-e-projeto-maos-que-ajudam-fazem-a-catalogacao-de-livros-do-cemiterio\\\/#primaryimage\"},\"thumbnailUrl\":\"http:\\\/\\\/www.cambe.pr.gov.br\\\/wp-content\\\/uploads\\\/2021\\\/08\\\/IMG_9420-300x200.jpg\",\"datePublished\":\"2021-08-27T17:08:09+00:00\",\"dateModified\":\"2024-10-07T16:00:24+00:00\",\"breadcrumb\":{\"@id\":\"https:\\\/\\\/www.cambe.pr.gov.br\\\/index.php\\\/prefeitura-e-projeto-maos-que-ajudam-fazem-a-catalogacao-de-livros-do-cemiterio\\\/#breadcrumb\"},\"inLanguage\":\"pt-BR\",\"potentialAction\":[{\"@type\":\"ReadAction\",\"target\":[\"https:\\\/\\\/www.cambe.pr.gov.br\\\/index.php\\\/prefeitura-e-projeto-maos-que-ajudam-fazem-a-catalogacao-de-livros-do-cemiterio\\\/\"]}]},{\"@type\":\"ImageObject\",\"inLanguage\":\"pt-BR\",\"@id\":\"https:\\\/\\\/www.cambe.pr.gov.br\\\/index.php\\\/prefeitura-e-projeto-maos-que-ajudam-fazem-a-catalogacao-de-livros-do-cemiterio\\\/#primaryimage\",\"url\":\"http:\\\/\\\/www.cambe.pr.gov.br\\\/wp-content\\\/uploads\\\/2021\\\/08\\\/IMG_9420-300x200.jpg\",\"contentUrl\":\"http:\\\/\\\/www.cambe.pr.gov.br\\\/wp-content\\\/uploads\\\/2021\\\/08\\\/IMG_9420-300x200.jpg\"},{\"@type\":\"BreadcrumbList\",\"@id\":\"https:\\\/\\\/www.cambe.pr.gov.br\\\/index.php\\\/prefeitura-e-projeto-maos-que-ajudam-fazem-a-catalogacao-de-livros-do-cemiterio\\\/#breadcrumb\",\"itemListElement\":[{\"@type\":\"ListItem\",\"position\":1,\"name\":\"In\u00edcio\",\"item\":\"https:\\\/\\\/www.cambe.pr.gov.br\\\/\"},{\"@type\":\"ListItem\",\"position\":2,\"name\":\"Prefeitura e Projeto M\u00e3os que Ajudam fazem a cataloga\u00e7\u00e3o de livros do cemit\u00e9rio\"}]},{\"@type\":\"WebSite\",\"@id\":\"https:\\\/\\\/www.cambe.pr.gov.br\\\/#website\",\"url\":\"https:\\\/\\\/www.cambe.pr.gov.br\\\/\",\"name\":\"Prefeitura de Camb\u00e9\",\"description\":\"UM GOVERNO PARA TODOS\",\"publisher\":{\"@id\":\"https:\\\/\\\/www.cambe.pr.gov.br\\\/#organization\"},\"potentialAction\":[{\"@type\":\"SearchAction\",\"target\":{\"@type\":\"EntryPoint\",\"urlTemplate\":\"https:\\\/\\\/www.cambe.pr.gov.br\\\/?s={search_term_string}\"},\"query-input\":{\"@type\":\"PropertyValueSpecification\",\"valueRequired\":true,\"valueName\":\"search_term_string\"}}],\"inLanguage\":\"pt-BR\"},{\"@type\":\"Organization\",\"@id\":\"https:\\\/\\\/www.cambe.pr.gov.br\\\/#organization\",\"name\":\"Prefeitura de Camb\u00e9\",\"url\":\"https:\\\/\\\/www.cambe.pr.gov.br\\\/\",\"logo\":{\"@type\":\"ImageObject\",\"inLanguage\":\"pt-BR\",\"@id\":\"https:\\\/\\\/www.cambe.pr.gov.br\\\/#\\\/schema\\\/logo\\\/image\\\/\",\"url\":\"https:\\\/\\\/www.cambe.pr.gov.br\\\/wp-content\\\/uploads\\\/2021\\\/01\\\/cropped-cropped-cambe_brazao-icone.png\",\"contentUrl\":\"https:\\\/\\\/www.cambe.pr.gov.br\\\/wp-content\\\/uploads\\\/2021\\\/01\\\/cropped-cropped-cambe_brazao-icone.png\",\"width\":240,\"height\":240,\"caption\":\"Prefeitura de Camb\u00e9\"},\"image\":{\"@id\":\"https:\\\/\\\/www.cambe.pr.gov.br\\\/#\\\/schema\\\/logo\\\/image\\\/\"},\"sameAs\":[\"https:\\\/\\\/m.facebook.com\\\/prefeituradecambe\"]},{\"@type\":\"Person\",\"@id\":\"https:\\\/\\\/www.cambe.pr.gov.br\\\/#\\\/schema\\\/person\\\/e08f7c43a641b2ec036e4e867ec483e4\",\"name\":\"Thiago Mossini Balbino dos Santos\",\"image\":{\"@type\":\"ImageObject\",\"inLanguage\":\"pt-BR\",\"@id\":\"https:\\\/\\\/secure.gravatar.com\\\/avatar\\\/d957ed4e1bc3ebf5769d1003f9709cd2012ebf424eb4a5d76a933fee30e874b6?s=96&d=mm&r=g\",\"url\":\"https:\\\/\\\/secure.gravatar.com\\\/avatar\\\/d957ed4e1bc3ebf5769d1003f9709cd2012ebf424eb4a5d76a933fee30e874b6?s=96&d=mm&r=g\",\"contentUrl\":\"https:\\\/\\\/secure.gravatar.com\\\/avatar\\\/d957ed4e1bc3ebf5769d1003f9709cd2012ebf424eb4a5d76a933fee30e874b6?s=96&d=mm&r=g\",\"caption\":\"Thiago Mossini Balbino dos Santos\"},\"url\":\"https:\\\/\\\/www.cambe.pr.gov.br\\\/index.php\\\/author\\\/tmbsantos\\\/\"}]}<\/script>\n<!-- \/ Yoast SEO plugin. -->","yoast_head_json":{"title":"Prefeitura e Projeto M\u00e3os que Ajudam fazem a cataloga\u00e7\u00e3o de livros do cemit\u00e9rio - Prefeitura de Camb\u00e9","robots":{"index":"index","follow":"follow","max-snippet":"max-snippet:-1","max-image-preview":"max-image-preview:large","max-video-preview":"max-video-preview:-1"},"canonical":"https:\/\/www.cambe.pr.gov.br\/index.php\/prefeitura-e-projeto-maos-que-ajudam-fazem-a-catalogacao-de-livros-do-cemiterio\/","og_locale":"pt_BR","og_type":"article","og_title":"Prefeitura e Projeto M\u00e3os que Ajudam fazem a cataloga\u00e7\u00e3o de livros do cemit\u00e9rio - Prefeitura de Camb\u00e9","og_description":"A Prefeitura de Camb\u00e9, por meio da Secretaria de Cultura, e o Projeto M\u00e3os que Ajudam, est\u00e1 fazendo a cataloga\u00e7\u00e3o dos livros mortu\u00e1rios do Cemit\u00e9rio Municipal Padre Symphoriano Kopf. Segundo os representantes do projeto na regi\u00e3o, a ideia \u00e9 alocar todos esses dados em uma plataforma e facilitar o acesso para quem busca informa\u00e7\u00f5es sobre [&hellip;]","og_url":"https:\/\/www.cambe.pr.gov.br\/index.php\/prefeitura-e-projeto-maos-que-ajudam-fazem-a-catalogacao-de-livros-do-cemiterio\/","og_site_name":"Prefeitura de Camb\u00e9","article_publisher":"https:\/\/m.facebook.com\/prefeituradecambe","article_published_time":"2021-08-27T17:08:09+00:00","article_modified_time":"2024-10-07T16:00:24+00:00","og_image":[{"url":"http:\/\/www.cambe.pr.gov.br\/wp-content\/uploads\/2021\/08\/IMG_9420-300x200.jpg","type":"","width":"","height":""}],"author":"Thiago Mossini Balbino dos Santos","twitter_card":"summary_large_image","twitter_misc":{"Escrito por":"Thiago Mossini Balbino dos Santos","Est. tempo de leitura":"3 minutos"},"schema":{"@context":"https:\/\/schema.org","@graph":[{"@type":"Article","@id":"https:\/\/www.cambe.pr.gov.br\/index.php\/prefeitura-e-projeto-maos-que-ajudam-fazem-a-catalogacao-de-livros-do-cemiterio\/#article","isPartOf":{"@id":"https:\/\/www.cambe.pr.gov.br\/index.php\/prefeitura-e-projeto-maos-que-ajudam-fazem-a-catalogacao-de-livros-do-cemiterio\/"},"author":{"name":"Thiago Mossini Balbino dos Santos","@id":"https:\/\/www.cambe.pr.gov.br\/#\/schema\/person\/e08f7c43a641b2ec036e4e867ec483e4"},"headline":"Prefeitura e Projeto M\u00e3os que Ajudam fazem a cataloga\u00e7\u00e3o de livros do cemit\u00e9rio","datePublished":"2021-08-27T17:08:09+00:00","dateModified":"2024-10-07T16:00:24+00:00","mainEntityOfPage":{"@id":"https:\/\/www.cambe.pr.gov.br\/index.php\/prefeitura-e-projeto-maos-que-ajudam-fazem-a-catalogacao-de-livros-do-cemiterio\/"},"wordCount":533,"publisher":{"@id":"https:\/\/www.cambe.pr.gov.br\/#organization"},"image":{"@id":"https:\/\/www.cambe.pr.gov.br\/index.php\/prefeitura-e-projeto-maos-que-ajudam-fazem-a-catalogacao-de-livros-do-cemiterio\/#primaryimage"},"thumbnailUrl":"http:\/\/www.cambe.pr.gov.br\/wp-content\/uploads\/2021\/08\/IMG_9420-300x200.jpg","articleSection":["Principal"],"inLanguage":"pt-BR"},{"@type":"WebPage","@id":"https:\/\/www.cambe.pr.gov.br\/index.php\/prefeitura-e-projeto-maos-que-ajudam-fazem-a-catalogacao-de-livros-do-cemiterio\/","url":"https:\/\/www.cambe.pr.gov.br\/index.php\/prefeitura-e-projeto-maos-que-ajudam-fazem-a-catalogacao-de-livros-do-cemiterio\/","name":"Prefeitura e Projeto M\u00e3os que Ajudam fazem a cataloga\u00e7\u00e3o de livros do cemit\u00e9rio - Prefeitura de Camb\u00e9","isPartOf":{"@id":"https:\/\/www.cambe.pr.gov.br\/#website"},"primaryImageOfPage":{"@id":"https:\/\/www.cambe.pr.gov.br\/index.php\/prefeitura-e-projeto-maos-que-ajudam-fazem-a-catalogacao-de-livros-do-cemiterio\/#primaryimage"},"image":{"@id":"https:\/\/www.cambe.pr.gov.br\/index.php\/prefeitura-e-projeto-maos-que-ajudam-fazem-a-catalogacao-de-livros-do-cemiterio\/#primaryimage"},"thumbnailUrl":"http:\/\/www.cambe.pr.gov.br\/wp-content\/uploads\/2021\/08\/IMG_9420-300x200.jpg","datePublished":"2021-08-27T17:08:09+00:00","dateModified":"2024-10-07T16:00:24+00:00","breadcrumb":{"@id":"https:\/\/www.cambe.pr.gov.br\/index.php\/prefeitura-e-projeto-maos-que-ajudam-fazem-a-catalogacao-de-livros-do-cemiterio\/#breadcrumb"},"inLanguage":"pt-BR","potentialAction":[{"@type":"ReadAction","target":["https:\/\/www.cambe.pr.gov.br\/index.php\/prefeitura-e-projeto-maos-que-ajudam-fazem-a-catalogacao-de-livros-do-cemiterio\/"]}]},{"@type":"ImageObject","inLanguage":"pt-BR","@id":"https:\/\/www.cambe.pr.gov.br\/index.php\/prefeitura-e-projeto-maos-que-ajudam-fazem-a-catalogacao-de-livros-do-cemiterio\/#primaryimage","url":"http:\/\/www.cambe.pr.gov.br\/wp-content\/uploads\/2021\/08\/IMG_9420-300x200.jpg","contentUrl":"http:\/\/www.cambe.pr.gov.br\/wp-content\/uploads\/2021\/08\/IMG_9420-300x200.jpg"},{"@type":"BreadcrumbList","@id":"https:\/\/www.cambe.pr.gov.br\/index.php\/prefeitura-e-projeto-maos-que-ajudam-fazem-a-catalogacao-de-livros-do-cemiterio\/#breadcrumb","itemListElement":[{"@type":"ListItem","position":1,"name":"In\u00edcio","item":"https:\/\/www.cambe.pr.gov.br\/"},{"@type":"ListItem","position":2,"name":"Prefeitura e Projeto M\u00e3os que Ajudam fazem a cataloga\u00e7\u00e3o de livros do cemit\u00e9rio"}]},{"@type":"WebSite","@id":"https:\/\/www.cambe.pr.gov.br\/#website","url":"https:\/\/www.cambe.pr.gov.br\/","name":"Prefeitura de Camb\u00e9","description":"UM GOVERNO PARA TODOS","publisher":{"@id":"https:\/\/www.cambe.pr.gov.br\/#organization"},"potentialAction":[{"@type":"SearchAction","target":{"@type":"EntryPoint","urlTemplate":"https:\/\/www.cambe.pr.gov.br\/?s={search_term_string}"},"query-input":{"@type":"PropertyValueSpecification","valueRequired":true,"valueName":"search_term_string"}}],"inLanguage":"pt-BR"},{"@type":"Organization","@id":"https:\/\/www.cambe.pr.gov.br\/#organization","name":"Prefeitura de Camb\u00e9","url":"https:\/\/www.cambe.pr.gov.br\/","logo":{"@type":"ImageObject","inLanguage":"pt-BR","@id":"https:\/\/www.cambe.pr.gov.br\/#\/schema\/logo\/image\/","url":"https:\/\/www.cambe.pr.gov.br\/wp-content\/uploads\/2021\/01\/cropped-cropped-cambe_brazao-icone.png","contentUrl":"https:\/\/www.cambe.pr.gov.br\/wp-content\/uploads\/2021\/01\/cropped-cropped-cambe_brazao-icone.png","width":240,"height":240,"caption":"Prefeitura de Camb\u00e9"},"image":{"@id":"https:\/\/www.cambe.pr.gov.br\/#\/schema\/logo\/image\/"},"sameAs":["https:\/\/m.facebook.com\/prefeituradecambe"]},{"@type":"Person","@id":"https:\/\/www.cambe.pr.gov.br\/#\/schema\/person\/e08f7c43a641b2ec036e4e867ec483e4","name":"Thiago Mossini Balbino dos Santos","image":{"@type":"ImageObject","inLanguage":"pt-BR","@id":"https:\/\/secure.gravatar.com\/avatar\/d957ed4e1bc3ebf5769d1003f9709cd2012ebf424eb4a5d76a933fee30e874b6?s=96&d=mm&r=g","url":"https:\/\/secure.gravatar.com\/avatar\/d957ed4e1bc3ebf5769d1003f9709cd2012ebf424eb4a5d76a933fee30e874b6?s=96&d=mm&r=g","contentUrl":"https:\/\/secure.gravatar.com\/avatar\/d957ed4e1bc3ebf5769d1003f9709cd2012ebf424eb4a5d76a933fee30e874b6?s=96&d=mm&r=g","caption":"Thiago Mossini Balbino dos Santos"},"url":"https:\/\/www.cambe.pr.gov.br\/index.php\/author\/tmbsantos\/"}]}},"_links":{"self":[{"href":"https:\/\/www.cambe.pr.gov.br\/index.php\/wp-json\/wp\/v2\/posts\/3117","targetHints":{"allow":["GET"]}}],"collection":[{"href":"https:\/\/www.cambe.pr.gov.br\/index.php\/wp-json\/wp\/v2\/posts"}],"about":[{"href":"https:\/\/www.cambe.pr.gov.br\/index.php\/wp-json\/wp\/v2\/types\/post"}],"author":[{"embeddable":true,"href":"https:\/\/www.cambe.pr.gov.br\/index.php\/wp-json\/wp\/v2\/users\/2"}],"replies":[{"embeddable":true,"href":"https:\/\/www.cambe.pr.gov.br\/index.php\/wp-json\/wp\/v2\/comments?post=3117"}],"version-history":[{"count":3,"href":"https:\/\/www.cambe.pr.gov.br\/index.php\/wp-json\/wp\/v2\/posts\/3117\/revisions"}],"predecessor-version":[{"id":3125,"href":"https:\/\/www.cambe.pr.gov.br\/index.php\/wp-json\/wp\/v2\/posts\/3117\/revisions\/3125"}],"wp:attachment":[{"href":"https:\/\/www.cambe.pr.gov.br\/index.php\/wp-json\/wp\/v2\/media?parent=3117"}],"wp:term":[{"taxonomy":"category","embeddable":true,"href":"https:\/\/www.cambe.pr.gov.br\/index.php\/wp-json\/wp\/v2\/categories?post=3117"},{"taxonomy":"post_tag","embeddable":true,"href":"https:\/\/www.cambe.pr.gov.br\/index.php\/wp-json\/wp\/v2\/tags?post=3117"}],"curies":[{"name":"wp","href":"https:\/\/api.w.org\/{rel}","templated":true}]}}