{"id":3114,"date":"2021-08-27T13:45:54","date_gmt":"2021-08-27T16:45:54","guid":{"rendered":"http:\/\/www.cambe.pr.gov.br\/?p=3114"},"modified":"2024-10-07T13:00:24","modified_gmt":"2024-10-07T16:00:24","slug":"microempreendedores-individuais-tem-ate-dia-31-de-agosto-para-regularizar-debitos","status":"publish","type":"post","link":"https:\/\/www.cambe.pr.gov.br\/index.php\/microempreendedores-individuais-tem-ate-dia-31-de-agosto-para-regularizar-debitos\/","title":{"rendered":"Microempreendedores individuais t\u00eam at\u00e9 dia 31 de agosto para regularizar d\u00e9bitos"},"content":{"rendered":"<p style=\"text-align: justify;\"><span style=\"font-family: arial, helvetica, sans-serif;\"><img fetchpriority=\"high\" decoding=\"async\" class=\"size-medium wp-image-3115 alignleft\" src=\"https:\/\/www.cambe.pr.gov.br\/wp-content\/uploads\/2021\/08\/WhatsApp-Image-2021-08-27-at-11.32.44-300x200.jpeg\" alt=\"\" width=\"300\" height=\"200\" srcset=\"https:\/\/www.cambe.pr.gov.br\/wp-content\/uploads\/2021\/08\/WhatsApp-Image-2021-08-27-at-11.32.44-300x200.jpeg 300w, https:\/\/www.cambe.pr.gov.br\/wp-content\/uploads\/2021\/08\/WhatsApp-Image-2021-08-27-at-11.32.44-1024x682.jpeg 1024w, https:\/\/www.cambe.pr.gov.br\/wp-content\/uploads\/2021\/08\/WhatsApp-Image-2021-08-27-at-11.32.44-768x512.jpeg 768w, https:\/\/www.cambe.pr.gov.br\/wp-content\/uploads\/2021\/08\/WhatsApp-Image-2021-08-27-at-11.32.44.jpeg 1280w\" sizes=\"(max-width: 300px) 100vw, 300px\" \/>Os Microempreendedores Individuais (MEIs) do munic\u00edpio t\u00eam at\u00e9 a pr\u00f3xima ter\u00e7a-feira, dia 31 de agosto, para regularizar d\u00e9bitos anteriores com a Receita Federal. Segundo informa\u00e7\u00f5es da Secretaria de Desenvolvimento Econ\u00f4mico, os microempreendedores podem quitar d\u00e9bitos com o Instituto Nacional do Seguro Social (INSS) e impostos como o ISS (Imposto Sobre Servi\u00e7os) e o ICMS (Imposto sobre Circula\u00e7\u00e3o de Mercadorias e Servi\u00e7os). A partir de setembro, os MEIs que n\u00e3o regularizarem seu cadastro v\u00e3o ser inscritos em D\u00edvida Ativa da Uni\u00e3o, Munic\u00edpio ou Estado, dependendo do caso.<\/span><\/p>\n<p style=\"text-align: justify;\"><span style=\"font-family: arial, helvetica, sans-serif;\">Anderson Campagnoli, diretor da Secretaria de Desenvolvimento Econ\u00f4mico, pontua que essa \u00e9 a \u00faltima oportunidade que o empreendedor tem de normalizar a sua situa\u00e7\u00e3o. \u201cPara quem n\u00e3o regularizar os d\u00e9bitos, as consequ\u00eancias v\u00e3o de perder a inscri\u00e7\u00e3o no MEI at\u00e9 entrar para a D\u00edvida Ativa\u201d. Ainda de acordo com ele, o pagamento dos valores atrasados vai poder ser feito atrav\u00e9s de parcelamento, sendo que a parcela m\u00ednima \u00e9 de R$ 50. \u201cN\u00f3s pedimos para que os MEIs venham o quanto antes, o prazo j\u00e1 est\u00e1 chegando ao fim e n\u00f3s n\u00e3o sabemos se vai haver prorroga\u00e7\u00e3o do prazo ou n\u00e3o\u201d, finaliza Campagnoli.<\/span><\/p>\n<p style=\"text-align: justify;\"><span style=\"font-family: arial, helvetica, sans-serif;\">Para regularizar os d\u00e9bitos, os Microempreendedores Individuais devem agendar um hor\u00e1rio na Secretaria Municipal de Desenvolvimento Econ\u00f4mico pelo telefone 3174-2716. Para o atendimento, os documentos necess\u00e1rios s\u00e3o: CNPJ, CPF, t\u00edtulo de eleitor \u2013 ou o n\u00famero do recibo para quem faz declara\u00e7\u00e3o de pessoa f\u00edsica. A secretaria fica dispon\u00edvel das 8h \u00e0s 14h30 na Rua Fran\u00e7a, 84 \u2013 Centro.<\/span><\/p>\n","protected":false},"excerpt":{"rendered":"<p>Os Microempreendedores Individuais (MEIs) do munic\u00edpio t\u00eam at\u00e9 a pr\u00f3xima ter\u00e7a-feira, dia 31 de agosto, para regularizar d\u00e9bitos anteriores com a Receita Federal. Segundo informa\u00e7\u00f5es da Secretaria de Desenvolvimento Econ\u00f4mico, os microempreendedores podem quitar d\u00e9bitos com o Instituto Nacional do Seguro Social (INSS) e impostos como o ISS (Imposto Sobre Servi\u00e7os) e o ICMS (Imposto [&hellip;]<\/p>\n","protected":false},"author":2,"featured_media":0,"comment_status":"closed","ping_status":"open","sticky":false,"template":"","format":"standard","meta":{"ngg_post_thumbnail":0,"footnotes":""},"categories":[1],"tags":[],"class_list":["post-3114","post","type-post","status-publish","format-standard","hentry","category-principal"],"yoast_head":"<!-- This site is optimized with the Yoast SEO plugin v27.4 - https:\/\/yoast.com\/product\/yoast-seo-wordpress\/ -->\n<title>Microempreendedores individuais t\u00eam at\u00e9 dia 31 de agosto para regularizar d\u00e9bitos - Prefeitura de Camb\u00e9<\/title>\n<meta name=\"robots\" content=\"index, follow, max-snippet:-1, max-image-preview:large, max-video-preview:-1\" \/>\n<link rel=\"canonical\" href=\"https:\/\/www.cambe.pr.gov.br\/index.php\/microempreendedores-individuais-tem-ate-dia-31-de-agosto-para-regularizar-debitos\/\" \/>\n<meta property=\"og:locale\" content=\"pt_BR\" \/>\n<meta property=\"og:type\" content=\"article\" \/>\n<meta property=\"og:title\" content=\"Microempreendedores individuais t\u00eam at\u00e9 dia 31 de agosto para regularizar d\u00e9bitos - Prefeitura de Camb\u00e9\" \/>\n<meta property=\"og:description\" content=\"Os Microempreendedores Individuais (MEIs) do munic\u00edpio t\u00eam at\u00e9 a pr\u00f3xima ter\u00e7a-feira, dia 31 de agosto, para regularizar d\u00e9bitos anteriores com a Receita Federal. Segundo informa\u00e7\u00f5es da Secretaria de Desenvolvimento Econ\u00f4mico, os microempreendedores podem quitar d\u00e9bitos com o Instituto Nacional do Seguro Social (INSS) e impostos como o ISS (Imposto Sobre Servi\u00e7os) e o ICMS (Imposto [&hellip;]\" \/>\n<meta property=\"og:url\" content=\"https:\/\/www.cambe.pr.gov.br\/index.php\/microempreendedores-individuais-tem-ate-dia-31-de-agosto-para-regularizar-debitos\/\" \/>\n<meta property=\"og:site_name\" content=\"Prefeitura de Camb\u00e9\" \/>\n<meta property=\"article:publisher\" content=\"https:\/\/m.facebook.com\/prefeituradecambe\" \/>\n<meta property=\"article:published_time\" content=\"2021-08-27T16:45:54+00:00\" \/>\n<meta property=\"article:modified_time\" content=\"2024-10-07T16:00:24+00:00\" \/>\n<meta property=\"og:image\" content=\"http:\/\/www.cambe.pr.gov.br\/wp-content\/uploads\/2021\/08\/WhatsApp-Image-2021-08-27-at-11.32.44-300x200.jpeg\" \/>\n<meta name=\"author\" content=\"Thiago Mossini Balbino dos Santos\" \/>\n<meta name=\"twitter:card\" content=\"summary_large_image\" \/>\n<meta name=\"twitter:label1\" content=\"Escrito por\" \/>\n\t<meta name=\"twitter:data1\" content=\"Thiago Mossini Balbino dos Santos\" \/>\n\t<meta name=\"twitter:label2\" content=\"Est. tempo de leitura\" \/>\n\t<meta name=\"twitter:data2\" content=\"1 minuto\" \/>\n<script type=\"application\/ld+json\" class=\"yoast-schema-graph\">{\"@context\":\"https:\\\/\\\/schema.org\",\"@graph\":[{\"@type\":\"Article\",\"@id\":\"https:\\\/\\\/www.cambe.pr.gov.br\\\/index.php\\\/microempreendedores-individuais-tem-ate-dia-31-de-agosto-para-regularizar-debitos\\\/#article\",\"isPartOf\":{\"@id\":\"https:\\\/\\\/www.cambe.pr.gov.br\\\/index.php\\\/microempreendedores-individuais-tem-ate-dia-31-de-agosto-para-regularizar-debitos\\\/\"},\"author\":{\"name\":\"Thiago Mossini Balbino dos Santos\",\"@id\":\"https:\\\/\\\/www.cambe.pr.gov.br\\\/#\\\/schema\\\/person\\\/e08f7c43a641b2ec036e4e867ec483e4\"},\"headline\":\"Microempreendedores individuais t\u00eam at\u00e9 dia 31 de agosto para regularizar d\u00e9bitos\",\"datePublished\":\"2021-08-27T16:45:54+00:00\",\"dateModified\":\"2024-10-07T16:00:24+00:00\",\"mainEntityOfPage\":{\"@id\":\"https:\\\/\\\/www.cambe.pr.gov.br\\\/index.php\\\/microempreendedores-individuais-tem-ate-dia-31-de-agosto-para-regularizar-debitos\\\/\"},\"wordCount\":294,\"publisher\":{\"@id\":\"https:\\\/\\\/www.cambe.pr.gov.br\\\/#organization\"},\"image\":{\"@id\":\"https:\\\/\\\/www.cambe.pr.gov.br\\\/index.php\\\/microempreendedores-individuais-tem-ate-dia-31-de-agosto-para-regularizar-debitos\\\/#primaryimage\"},\"thumbnailUrl\":\"http:\\\/\\\/www.cambe.pr.gov.br\\\/wp-content\\\/uploads\\\/2021\\\/08\\\/WhatsApp-Image-2021-08-27-at-11.32.44-300x200.jpeg\",\"articleSection\":[\"Principal\"],\"inLanguage\":\"pt-BR\"},{\"@type\":\"WebPage\",\"@id\":\"https:\\\/\\\/www.cambe.pr.gov.br\\\/index.php\\\/microempreendedores-individuais-tem-ate-dia-31-de-agosto-para-regularizar-debitos\\\/\",\"url\":\"https:\\\/\\\/www.cambe.pr.gov.br\\\/index.php\\\/microempreendedores-individuais-tem-ate-dia-31-de-agosto-para-regularizar-debitos\\\/\",\"name\":\"Microempreendedores individuais t\u00eam at\u00e9 dia 31 de agosto para regularizar d\u00e9bitos - Prefeitura de Camb\u00e9\",\"isPartOf\":{\"@id\":\"https:\\\/\\\/www.cambe.pr.gov.br\\\/#website\"},\"primaryImageOfPage\":{\"@id\":\"https:\\\/\\\/www.cambe.pr.gov.br\\\/index.php\\\/microempreendedores-individuais-tem-ate-dia-31-de-agosto-para-regularizar-debitos\\\/#primaryimage\"},\"image\":{\"@id\":\"https:\\\/\\\/www.cambe.pr.gov.br\\\/index.php\\\/microempreendedores-individuais-tem-ate-dia-31-de-agosto-para-regularizar-debitos\\\/#primaryimage\"},\"thumbnailUrl\":\"http:\\\/\\\/www.cambe.pr.gov.br\\\/wp-content\\\/uploads\\\/2021\\\/08\\\/WhatsApp-Image-2021-08-27-at-11.32.44-300x200.jpeg\",\"datePublished\":\"2021-08-27T16:45:54+00:00\",\"dateModified\":\"2024-10-07T16:00:24+00:00\",\"breadcrumb\":{\"@id\":\"https:\\\/\\\/www.cambe.pr.gov.br\\\/index.php\\\/microempreendedores-individuais-tem-ate-dia-31-de-agosto-para-regularizar-debitos\\\/#breadcrumb\"},\"inLanguage\":\"pt-BR\",\"potentialAction\":[{\"@type\":\"ReadAction\",\"target\":[\"https:\\\/\\\/www.cambe.pr.gov.br\\\/index.php\\\/microempreendedores-individuais-tem-ate-dia-31-de-agosto-para-regularizar-debitos\\\/\"]}]},{\"@type\":\"ImageObject\",\"inLanguage\":\"pt-BR\",\"@id\":\"https:\\\/\\\/www.cambe.pr.gov.br\\\/index.php\\\/microempreendedores-individuais-tem-ate-dia-31-de-agosto-para-regularizar-debitos\\\/#primaryimage\",\"url\":\"http:\\\/\\\/www.cambe.pr.gov.br\\\/wp-content\\\/uploads\\\/2021\\\/08\\\/WhatsApp-Image-2021-08-27-at-11.32.44-300x200.jpeg\",\"contentUrl\":\"http:\\\/\\\/www.cambe.pr.gov.br\\\/wp-content\\\/uploads\\\/2021\\\/08\\\/WhatsApp-Image-2021-08-27-at-11.32.44-300x200.jpeg\"},{\"@type\":\"BreadcrumbList\",\"@id\":\"https:\\\/\\\/www.cambe.pr.gov.br\\\/index.php\\\/microempreendedores-individuais-tem-ate-dia-31-de-agosto-para-regularizar-debitos\\\/#breadcrumb\",\"itemListElement\":[{\"@type\":\"ListItem\",\"position\":1,\"name\":\"In\u00edcio\",\"item\":\"https:\\\/\\\/www.cambe.pr.gov.br\\\/\"},{\"@type\":\"ListItem\",\"position\":2,\"name\":\"Microempreendedores individuais t\u00eam at\u00e9 dia 31 de agosto para regularizar d\u00e9bitos\"}]},{\"@type\":\"WebSite\",\"@id\":\"https:\\\/\\\/www.cambe.pr.gov.br\\\/#website\",\"url\":\"https:\\\/\\\/www.cambe.pr.gov.br\\\/\",\"name\":\"Prefeitura de Camb\u00e9\",\"description\":\"UM GOVERNO PARA TODOS\",\"publisher\":{\"@id\":\"https:\\\/\\\/www.cambe.pr.gov.br\\\/#organization\"},\"potentialAction\":[{\"@type\":\"SearchAction\",\"target\":{\"@type\":\"EntryPoint\",\"urlTemplate\":\"https:\\\/\\\/www.cambe.pr.gov.br\\\/?s={search_term_string}\"},\"query-input\":{\"@type\":\"PropertyValueSpecification\",\"valueRequired\":true,\"valueName\":\"search_term_string\"}}],\"inLanguage\":\"pt-BR\"},{\"@type\":\"Organization\",\"@id\":\"https:\\\/\\\/www.cambe.pr.gov.br\\\/#organization\",\"name\":\"Prefeitura de Camb\u00e9\",\"url\":\"https:\\\/\\\/www.cambe.pr.gov.br\\\/\",\"logo\":{\"@type\":\"ImageObject\",\"inLanguage\":\"pt-BR\",\"@id\":\"https:\\\/\\\/www.cambe.pr.gov.br\\\/#\\\/schema\\\/logo\\\/image\\\/\",\"url\":\"https:\\\/\\\/www.cambe.pr.gov.br\\\/wp-content\\\/uploads\\\/2021\\\/01\\\/cropped-cropped-cambe_brazao-icone.png\",\"contentUrl\":\"https:\\\/\\\/www.cambe.pr.gov.br\\\/wp-content\\\/uploads\\\/2021\\\/01\\\/cropped-cropped-cambe_brazao-icone.png\",\"width\":240,\"height\":240,\"caption\":\"Prefeitura de Camb\u00e9\"},\"image\":{\"@id\":\"https:\\\/\\\/www.cambe.pr.gov.br\\\/#\\\/schema\\\/logo\\\/image\\\/\"},\"sameAs\":[\"https:\\\/\\\/m.facebook.com\\\/prefeituradecambe\"]},{\"@type\":\"Person\",\"@id\":\"https:\\\/\\\/www.cambe.pr.gov.br\\\/#\\\/schema\\\/person\\\/e08f7c43a641b2ec036e4e867ec483e4\",\"name\":\"Thiago Mossini Balbino dos Santos\",\"image\":{\"@type\":\"ImageObject\",\"inLanguage\":\"pt-BR\",\"@id\":\"https:\\\/\\\/secure.gravatar.com\\\/avatar\\\/d957ed4e1bc3ebf5769d1003f9709cd2012ebf424eb4a5d76a933fee30e874b6?s=96&d=mm&r=g\",\"url\":\"https:\\\/\\\/secure.gravatar.com\\\/avatar\\\/d957ed4e1bc3ebf5769d1003f9709cd2012ebf424eb4a5d76a933fee30e874b6?s=96&d=mm&r=g\",\"contentUrl\":\"https:\\\/\\\/secure.gravatar.com\\\/avatar\\\/d957ed4e1bc3ebf5769d1003f9709cd2012ebf424eb4a5d76a933fee30e874b6?s=96&d=mm&r=g\",\"caption\":\"Thiago Mossini Balbino dos Santos\"},\"url\":\"https:\\\/\\\/www.cambe.pr.gov.br\\\/index.php\\\/author\\\/tmbsantos\\\/\"}]}<\/script>\n<!-- \/ Yoast SEO plugin. -->","yoast_head_json":{"title":"Microempreendedores individuais t\u00eam at\u00e9 dia 31 de agosto para regularizar d\u00e9bitos - Prefeitura de Camb\u00e9","robots":{"index":"index","follow":"follow","max-snippet":"max-snippet:-1","max-image-preview":"max-image-preview:large","max-video-preview":"max-video-preview:-1"},"canonical":"https:\/\/www.cambe.pr.gov.br\/index.php\/microempreendedores-individuais-tem-ate-dia-31-de-agosto-para-regularizar-debitos\/","og_locale":"pt_BR","og_type":"article","og_title":"Microempreendedores individuais t\u00eam at\u00e9 dia 31 de agosto para regularizar d\u00e9bitos - Prefeitura de Camb\u00e9","og_description":"Os Microempreendedores Individuais (MEIs) do munic\u00edpio t\u00eam at\u00e9 a pr\u00f3xima ter\u00e7a-feira, dia 31 de agosto, para regularizar d\u00e9bitos anteriores com a Receita Federal. Segundo informa\u00e7\u00f5es da Secretaria de Desenvolvimento Econ\u00f4mico, os microempreendedores podem quitar d\u00e9bitos com o Instituto Nacional do Seguro Social (INSS) e impostos como o ISS (Imposto Sobre Servi\u00e7os) e o ICMS (Imposto [&hellip;]","og_url":"https:\/\/www.cambe.pr.gov.br\/index.php\/microempreendedores-individuais-tem-ate-dia-31-de-agosto-para-regularizar-debitos\/","og_site_name":"Prefeitura de Camb\u00e9","article_publisher":"https:\/\/m.facebook.com\/prefeituradecambe","article_published_time":"2021-08-27T16:45:54+00:00","article_modified_time":"2024-10-07T16:00:24+00:00","og_image":[{"url":"http:\/\/www.cambe.pr.gov.br\/wp-content\/uploads\/2021\/08\/WhatsApp-Image-2021-08-27-at-11.32.44-300x200.jpeg","type":"","width":"","height":""}],"author":"Thiago Mossini Balbino dos Santos","twitter_card":"summary_large_image","twitter_misc":{"Escrito por":"Thiago Mossini Balbino dos Santos","Est. tempo de leitura":"1 minuto"},"schema":{"@context":"https:\/\/schema.org","@graph":[{"@type":"Article","@id":"https:\/\/www.cambe.pr.gov.br\/index.php\/microempreendedores-individuais-tem-ate-dia-31-de-agosto-para-regularizar-debitos\/#article","isPartOf":{"@id":"https:\/\/www.cambe.pr.gov.br\/index.php\/microempreendedores-individuais-tem-ate-dia-31-de-agosto-para-regularizar-debitos\/"},"author":{"name":"Thiago Mossini Balbino dos Santos","@id":"https:\/\/www.cambe.pr.gov.br\/#\/schema\/person\/e08f7c43a641b2ec036e4e867ec483e4"},"headline":"Microempreendedores individuais t\u00eam at\u00e9 dia 31 de agosto para regularizar d\u00e9bitos","datePublished":"2021-08-27T16:45:54+00:00","dateModified":"2024-10-07T16:00:24+00:00","mainEntityOfPage":{"@id":"https:\/\/www.cambe.pr.gov.br\/index.php\/microempreendedores-individuais-tem-ate-dia-31-de-agosto-para-regularizar-debitos\/"},"wordCount":294,"publisher":{"@id":"https:\/\/www.cambe.pr.gov.br\/#organization"},"image":{"@id":"https:\/\/www.cambe.pr.gov.br\/index.php\/microempreendedores-individuais-tem-ate-dia-31-de-agosto-para-regularizar-debitos\/#primaryimage"},"thumbnailUrl":"http:\/\/www.cambe.pr.gov.br\/wp-content\/uploads\/2021\/08\/WhatsApp-Image-2021-08-27-at-11.32.44-300x200.jpeg","articleSection":["Principal"],"inLanguage":"pt-BR"},{"@type":"WebPage","@id":"https:\/\/www.cambe.pr.gov.br\/index.php\/microempreendedores-individuais-tem-ate-dia-31-de-agosto-para-regularizar-debitos\/","url":"https:\/\/www.cambe.pr.gov.br\/index.php\/microempreendedores-individuais-tem-ate-dia-31-de-agosto-para-regularizar-debitos\/","name":"Microempreendedores individuais t\u00eam at\u00e9 dia 31 de agosto para regularizar d\u00e9bitos - Prefeitura de Camb\u00e9","isPartOf":{"@id":"https:\/\/www.cambe.pr.gov.br\/#website"},"primaryImageOfPage":{"@id":"https:\/\/www.cambe.pr.gov.br\/index.php\/microempreendedores-individuais-tem-ate-dia-31-de-agosto-para-regularizar-debitos\/#primaryimage"},"image":{"@id":"https:\/\/www.cambe.pr.gov.br\/index.php\/microempreendedores-individuais-tem-ate-dia-31-de-agosto-para-regularizar-debitos\/#primaryimage"},"thumbnailUrl":"http:\/\/www.cambe.pr.gov.br\/wp-content\/uploads\/2021\/08\/WhatsApp-Image-2021-08-27-at-11.32.44-300x200.jpeg","datePublished":"2021-08-27T16:45:54+00:00","dateModified":"2024-10-07T16:00:24+00:00","breadcrumb":{"@id":"https:\/\/www.cambe.pr.gov.br\/index.php\/microempreendedores-individuais-tem-ate-dia-31-de-agosto-para-regularizar-debitos\/#breadcrumb"},"inLanguage":"pt-BR","potentialAction":[{"@type":"ReadAction","target":["https:\/\/www.cambe.pr.gov.br\/index.php\/microempreendedores-individuais-tem-ate-dia-31-de-agosto-para-regularizar-debitos\/"]}]},{"@type":"ImageObject","inLanguage":"pt-BR","@id":"https:\/\/www.cambe.pr.gov.br\/index.php\/microempreendedores-individuais-tem-ate-dia-31-de-agosto-para-regularizar-debitos\/#primaryimage","url":"http:\/\/www.cambe.pr.gov.br\/wp-content\/uploads\/2021\/08\/WhatsApp-Image-2021-08-27-at-11.32.44-300x200.jpeg","contentUrl":"http:\/\/www.cambe.pr.gov.br\/wp-content\/uploads\/2021\/08\/WhatsApp-Image-2021-08-27-at-11.32.44-300x200.jpeg"},{"@type":"BreadcrumbList","@id":"https:\/\/www.cambe.pr.gov.br\/index.php\/microempreendedores-individuais-tem-ate-dia-31-de-agosto-para-regularizar-debitos\/#breadcrumb","itemListElement":[{"@type":"ListItem","position":1,"name":"In\u00edcio","item":"https:\/\/www.cambe.pr.gov.br\/"},{"@type":"ListItem","position":2,"name":"Microempreendedores individuais t\u00eam at\u00e9 dia 31 de agosto para regularizar d\u00e9bitos"}]},{"@type":"WebSite","@id":"https:\/\/www.cambe.pr.gov.br\/#website","url":"https:\/\/www.cambe.pr.gov.br\/","name":"Prefeitura de Camb\u00e9","description":"UM GOVERNO PARA TODOS","publisher":{"@id":"https:\/\/www.cambe.pr.gov.br\/#organization"},"potentialAction":[{"@type":"SearchAction","target":{"@type":"EntryPoint","urlTemplate":"https:\/\/www.cambe.pr.gov.br\/?s={search_term_string}"},"query-input":{"@type":"PropertyValueSpecification","valueRequired":true,"valueName":"search_term_string"}}],"inLanguage":"pt-BR"},{"@type":"Organization","@id":"https:\/\/www.cambe.pr.gov.br\/#organization","name":"Prefeitura de Camb\u00e9","url":"https:\/\/www.cambe.pr.gov.br\/","logo":{"@type":"ImageObject","inLanguage":"pt-BR","@id":"https:\/\/www.cambe.pr.gov.br\/#\/schema\/logo\/image\/","url":"https:\/\/www.cambe.pr.gov.br\/wp-content\/uploads\/2021\/01\/cropped-cropped-cambe_brazao-icone.png","contentUrl":"https:\/\/www.cambe.pr.gov.br\/wp-content\/uploads\/2021\/01\/cropped-cropped-cambe_brazao-icone.png","width":240,"height":240,"caption":"Prefeitura de Camb\u00e9"},"image":{"@id":"https:\/\/www.cambe.pr.gov.br\/#\/schema\/logo\/image\/"},"sameAs":["https:\/\/m.facebook.com\/prefeituradecambe"]},{"@type":"Person","@id":"https:\/\/www.cambe.pr.gov.br\/#\/schema\/person\/e08f7c43a641b2ec036e4e867ec483e4","name":"Thiago Mossini Balbino dos Santos","image":{"@type":"ImageObject","inLanguage":"pt-BR","@id":"https:\/\/secure.gravatar.com\/avatar\/d957ed4e1bc3ebf5769d1003f9709cd2012ebf424eb4a5d76a933fee30e874b6?s=96&d=mm&r=g","url":"https:\/\/secure.gravatar.com\/avatar\/d957ed4e1bc3ebf5769d1003f9709cd2012ebf424eb4a5d76a933fee30e874b6?s=96&d=mm&r=g","contentUrl":"https:\/\/secure.gravatar.com\/avatar\/d957ed4e1bc3ebf5769d1003f9709cd2012ebf424eb4a5d76a933fee30e874b6?s=96&d=mm&r=g","caption":"Thiago Mossini Balbino dos Santos"},"url":"https:\/\/www.cambe.pr.gov.br\/index.php\/author\/tmbsantos\/"}]}},"_links":{"self":[{"href":"https:\/\/www.cambe.pr.gov.br\/index.php\/wp-json\/wp\/v2\/posts\/3114","targetHints":{"allow":["GET"]}}],"collection":[{"href":"https:\/\/www.cambe.pr.gov.br\/index.php\/wp-json\/wp\/v2\/posts"}],"about":[{"href":"https:\/\/www.cambe.pr.gov.br\/index.php\/wp-json\/wp\/v2\/types\/post"}],"author":[{"embeddable":true,"href":"https:\/\/www.cambe.pr.gov.br\/index.php\/wp-json\/wp\/v2\/users\/2"}],"replies":[{"embeddable":true,"href":"https:\/\/www.cambe.pr.gov.br\/index.php\/wp-json\/wp\/v2\/comments?post=3114"}],"version-history":[{"count":1,"href":"https:\/\/www.cambe.pr.gov.br\/index.php\/wp-json\/wp\/v2\/posts\/3114\/revisions"}],"predecessor-version":[{"id":3116,"href":"https:\/\/www.cambe.pr.gov.br\/index.php\/wp-json\/wp\/v2\/posts\/3114\/revisions\/3116"}],"wp:attachment":[{"href":"https:\/\/www.cambe.pr.gov.br\/index.php\/wp-json\/wp\/v2\/media?parent=3114"}],"wp:term":[{"taxonomy":"category","embeddable":true,"href":"https:\/\/www.cambe.pr.gov.br\/index.php\/wp-json\/wp\/v2\/categories?post=3114"},{"taxonomy":"post_tag","embeddable":true,"href":"https:\/\/www.cambe.pr.gov.br\/index.php\/wp-json\/wp\/v2\/tags?post=3114"}],"curies":[{"name":"wp","href":"https:\/\/api.w.org\/{rel}","templated":true}]}}