{"id":3110,"date":"2021-08-26T15:10:08","date_gmt":"2021-08-26T18:10:08","guid":{"rendered":"http:\/\/www.cambe.pr.gov.br\/?p=3110"},"modified":"2024-10-07T13:00:24","modified_gmt":"2024-10-07T16:00:24","slug":"ifpr-oferece-curso-de-idioma-em-parceria-com-a-secretaria-de-educacao","status":"publish","type":"post","link":"https:\/\/www.cambe.pr.gov.br\/index.php\/ifpr-oferece-curso-de-idioma-em-parceria-com-a-secretaria-de-educacao\/","title":{"rendered":"IFPR oferece curso de idioma em parceria com a Secretaria de Educa\u00e7\u00e3o"},"content":{"rendered":"<p style=\"text-align: justify;\"><span style=\"font-family: arial, helvetica, sans-serif;\"><img fetchpriority=\"high\" decoding=\"async\" class=\"alignleft wp-image-3111 size-medium\" src=\"https:\/\/www.cambe.pr.gov.br\/wp-content\/uploads\/2021\/08\/DSC_0844-300x199.jpg\" alt=\"\" width=\"300\" height=\"199\" srcset=\"https:\/\/www.cambe.pr.gov.br\/wp-content\/uploads\/2021\/08\/DSC_0844-300x199.jpg 300w, https:\/\/www.cambe.pr.gov.br\/wp-content\/uploads\/2021\/08\/DSC_0844-1024x678.jpg 1024w, https:\/\/www.cambe.pr.gov.br\/wp-content\/uploads\/2021\/08\/DSC_0844-768x509.jpg 768w, https:\/\/www.cambe.pr.gov.br\/wp-content\/uploads\/2021\/08\/DSC_0844-1536x1017.jpg 1536w, https:\/\/www.cambe.pr.gov.br\/wp-content\/uploads\/2021\/08\/DSC_0844-2048x1356.jpg 2048w\" sizes=\"(max-width: 300px) 100vw, 300px\" \/>A Prefeitura de Camb\u00e9, por meio da Secretaria de Educa\u00e7\u00e3o, e o Instituto Federal de Educa\u00e7\u00e3o, Ci\u00eancia e Tecnologia do Paran\u00e1 (IFPR) firmaram conv\u00eanio para o lan\u00e7amento de um curso gratuito de l\u00edngua inglesa. As inscri\u00e7\u00f5es v\u00e3o at\u00e9 o dia 30 de agosto e os interessados devem se inscrever pelo link: https:\/\/londrina.ifpr.edu.br\/celif\/editais\/. As aulas v\u00e3o come\u00e7ar j\u00e1 no pr\u00f3ximo dia 14 de setembro e o \u00fanico requisito obrigat\u00f3rio \u00e9 ter conclu\u00eddo o ensino fundamental.<\/span><\/p>\n<p style=\"text-align: justify;\"><span style=\"font-family: arial, helvetica, sans-serif;\">Durante a inscri\u00e7\u00e3o, os alunos v\u00e3o poder optar por uma das turmas dispon\u00edveis: a turma 01 vai ter aula de segunda e quarta-feira, das 19h \u00e0s 21h; e a turma 02 de ter\u00e7a e quinta-feira, tamb\u00e9m das 19h \u00e0s 21h. V\u00e3o ser disponibilizadas 20 vagas para cada uma das turmas. O curso tem dura\u00e7\u00e3o de 15 semanas e \u00e9, a princ\u00edpio, remoto. Segundo o edital, caso o cen\u00e1rio pand\u00eamico permita encontros presenciais, as aulas v\u00e3o ser ministradas na Escola Municipal Professor Jac\u00eddio Correa.<\/span><\/p>\n<p style=\"text-align: justify;\"><span style=\"font-family: arial, helvetica, sans-serif;\">Outras informa\u00e7\u00f5es podem ser consultadas no edital, dispon\u00edvel: https:\/\/londrina.ifpr.edu.br\/wp-content\/uploads\/2021\/08\/SEI_IFPR-1350621-Edital-fic-ingles.pdf.<\/span><\/p>\n","protected":false},"excerpt":{"rendered":"<p>A Prefeitura de Camb\u00e9, por meio da Secretaria de Educa\u00e7\u00e3o, e o Instituto Federal de Educa\u00e7\u00e3o, Ci\u00eancia e Tecnologia do Paran\u00e1 (IFPR) firmaram conv\u00eanio para o lan\u00e7amento de um curso gratuito de l\u00edngua inglesa. As inscri\u00e7\u00f5es v\u00e3o at\u00e9 o dia 30 de agosto e os interessados devem se inscrever pelo link: https:\/\/londrina.ifpr.edu.br\/celif\/editais\/. As aulas v\u00e3o [&hellip;]<\/p>\n","protected":false},"author":2,"featured_media":0,"comment_status":"closed","ping_status":"open","sticky":false,"template":"","format":"standard","meta":{"ngg_post_thumbnail":0,"footnotes":""},"categories":[1],"tags":[],"class_list":["post-3110","post","type-post","status-publish","format-standard","hentry","category-principal"],"yoast_head":"<!-- This site is optimized with the Yoast SEO plugin v27.4 - https:\/\/yoast.com\/product\/yoast-seo-wordpress\/ -->\n<title>IFPR oferece curso de idioma em parceria com a Secretaria de Educa\u00e7\u00e3o - Prefeitura de Camb\u00e9<\/title>\n<meta name=\"robots\" content=\"index, follow, max-snippet:-1, max-image-preview:large, max-video-preview:-1\" \/>\n<link rel=\"canonical\" href=\"https:\/\/www.cambe.pr.gov.br\/index.php\/ifpr-oferece-curso-de-idioma-em-parceria-com-a-secretaria-de-educacao\/\" \/>\n<meta property=\"og:locale\" content=\"pt_BR\" \/>\n<meta property=\"og:type\" content=\"article\" \/>\n<meta property=\"og:title\" content=\"IFPR oferece curso de idioma em parceria com a Secretaria de Educa\u00e7\u00e3o - Prefeitura de Camb\u00e9\" \/>\n<meta property=\"og:description\" content=\"A Prefeitura de Camb\u00e9, por meio da Secretaria de Educa\u00e7\u00e3o, e o Instituto Federal de Educa\u00e7\u00e3o, Ci\u00eancia e Tecnologia do Paran\u00e1 (IFPR) firmaram conv\u00eanio para o lan\u00e7amento de um curso gratuito de l\u00edngua inglesa. As inscri\u00e7\u00f5es v\u00e3o at\u00e9 o dia 30 de agosto e os interessados devem se inscrever pelo link: https:\/\/londrina.ifpr.edu.br\/celif\/editais\/. As aulas v\u00e3o [&hellip;]\" \/>\n<meta property=\"og:url\" content=\"https:\/\/www.cambe.pr.gov.br\/index.php\/ifpr-oferece-curso-de-idioma-em-parceria-com-a-secretaria-de-educacao\/\" \/>\n<meta property=\"og:site_name\" content=\"Prefeitura de Camb\u00e9\" \/>\n<meta property=\"article:publisher\" content=\"https:\/\/m.facebook.com\/prefeituradecambe\" \/>\n<meta property=\"article:published_time\" content=\"2021-08-26T18:10:08+00:00\" \/>\n<meta property=\"article:modified_time\" content=\"2024-10-07T16:00:24+00:00\" \/>\n<meta property=\"og:image\" content=\"http:\/\/www.cambe.pr.gov.br\/wp-content\/uploads\/2021\/08\/DSC_0844-300x199.jpg\" \/>\n<meta name=\"author\" content=\"Thiago Mossini Balbino dos Santos\" \/>\n<meta name=\"twitter:card\" content=\"summary_large_image\" \/>\n<meta name=\"twitter:label1\" content=\"Escrito por\" \/>\n\t<meta name=\"twitter:data1\" content=\"Thiago Mossini Balbino dos Santos\" \/>\n\t<meta name=\"twitter:label2\" content=\"Est. tempo de leitura\" \/>\n\t<meta name=\"twitter:data2\" content=\"1 minuto\" \/>\n<script type=\"application\/ld+json\" class=\"yoast-schema-graph\">{\"@context\":\"https:\\\/\\\/schema.org\",\"@graph\":[{\"@type\":\"Article\",\"@id\":\"https:\\\/\\\/www.cambe.pr.gov.br\\\/index.php\\\/ifpr-oferece-curso-de-idioma-em-parceria-com-a-secretaria-de-educacao\\\/#article\",\"isPartOf\":{\"@id\":\"https:\\\/\\\/www.cambe.pr.gov.br\\\/index.php\\\/ifpr-oferece-curso-de-idioma-em-parceria-com-a-secretaria-de-educacao\\\/\"},\"author\":{\"name\":\"Thiago Mossini Balbino dos Santos\",\"@id\":\"https:\\\/\\\/www.cambe.pr.gov.br\\\/#\\\/schema\\\/person\\\/e08f7c43a641b2ec036e4e867ec483e4\"},\"headline\":\"IFPR oferece curso de idioma em parceria com a Secretaria de Educa\u00e7\u00e3o\",\"datePublished\":\"2021-08-26T18:10:08+00:00\",\"dateModified\":\"2024-10-07T16:00:24+00:00\",\"mainEntityOfPage\":{\"@id\":\"https:\\\/\\\/www.cambe.pr.gov.br\\\/index.php\\\/ifpr-oferece-curso-de-idioma-em-parceria-com-a-secretaria-de-educacao\\\/\"},\"wordCount\":214,\"publisher\":{\"@id\":\"https:\\\/\\\/www.cambe.pr.gov.br\\\/#organization\"},\"image\":{\"@id\":\"https:\\\/\\\/www.cambe.pr.gov.br\\\/index.php\\\/ifpr-oferece-curso-de-idioma-em-parceria-com-a-secretaria-de-educacao\\\/#primaryimage\"},\"thumbnailUrl\":\"http:\\\/\\\/www.cambe.pr.gov.br\\\/wp-content\\\/uploads\\\/2021\\\/08\\\/DSC_0844-300x199.jpg\",\"articleSection\":[\"Principal\"],\"inLanguage\":\"pt-BR\"},{\"@type\":\"WebPage\",\"@id\":\"https:\\\/\\\/www.cambe.pr.gov.br\\\/index.php\\\/ifpr-oferece-curso-de-idioma-em-parceria-com-a-secretaria-de-educacao\\\/\",\"url\":\"https:\\\/\\\/www.cambe.pr.gov.br\\\/index.php\\\/ifpr-oferece-curso-de-idioma-em-parceria-com-a-secretaria-de-educacao\\\/\",\"name\":\"IFPR oferece curso de idioma em parceria com a Secretaria de Educa\u00e7\u00e3o - Prefeitura de Camb\u00e9\",\"isPartOf\":{\"@id\":\"https:\\\/\\\/www.cambe.pr.gov.br\\\/#website\"},\"primaryImageOfPage\":{\"@id\":\"https:\\\/\\\/www.cambe.pr.gov.br\\\/index.php\\\/ifpr-oferece-curso-de-idioma-em-parceria-com-a-secretaria-de-educacao\\\/#primaryimage\"},\"image\":{\"@id\":\"https:\\\/\\\/www.cambe.pr.gov.br\\\/index.php\\\/ifpr-oferece-curso-de-idioma-em-parceria-com-a-secretaria-de-educacao\\\/#primaryimage\"},\"thumbnailUrl\":\"http:\\\/\\\/www.cambe.pr.gov.br\\\/wp-content\\\/uploads\\\/2021\\\/08\\\/DSC_0844-300x199.jpg\",\"datePublished\":\"2021-08-26T18:10:08+00:00\",\"dateModified\":\"2024-10-07T16:00:24+00:00\",\"breadcrumb\":{\"@id\":\"https:\\\/\\\/www.cambe.pr.gov.br\\\/index.php\\\/ifpr-oferece-curso-de-idioma-em-parceria-com-a-secretaria-de-educacao\\\/#breadcrumb\"},\"inLanguage\":\"pt-BR\",\"potentialAction\":[{\"@type\":\"ReadAction\",\"target\":[\"https:\\\/\\\/www.cambe.pr.gov.br\\\/index.php\\\/ifpr-oferece-curso-de-idioma-em-parceria-com-a-secretaria-de-educacao\\\/\"]}]},{\"@type\":\"ImageObject\",\"inLanguage\":\"pt-BR\",\"@id\":\"https:\\\/\\\/www.cambe.pr.gov.br\\\/index.php\\\/ifpr-oferece-curso-de-idioma-em-parceria-com-a-secretaria-de-educacao\\\/#primaryimage\",\"url\":\"http:\\\/\\\/www.cambe.pr.gov.br\\\/wp-content\\\/uploads\\\/2021\\\/08\\\/DSC_0844-300x199.jpg\",\"contentUrl\":\"http:\\\/\\\/www.cambe.pr.gov.br\\\/wp-content\\\/uploads\\\/2021\\\/08\\\/DSC_0844-300x199.jpg\"},{\"@type\":\"BreadcrumbList\",\"@id\":\"https:\\\/\\\/www.cambe.pr.gov.br\\\/index.php\\\/ifpr-oferece-curso-de-idioma-em-parceria-com-a-secretaria-de-educacao\\\/#breadcrumb\",\"itemListElement\":[{\"@type\":\"ListItem\",\"position\":1,\"name\":\"In\u00edcio\",\"item\":\"https:\\\/\\\/www.cambe.pr.gov.br\\\/\"},{\"@type\":\"ListItem\",\"position\":2,\"name\":\"IFPR oferece curso de idioma em parceria com a Secretaria de Educa\u00e7\u00e3o\"}]},{\"@type\":\"WebSite\",\"@id\":\"https:\\\/\\\/www.cambe.pr.gov.br\\\/#website\",\"url\":\"https:\\\/\\\/www.cambe.pr.gov.br\\\/\",\"name\":\"Prefeitura de Camb\u00e9\",\"description\":\"UM GOVERNO PARA TODOS\",\"publisher\":{\"@id\":\"https:\\\/\\\/www.cambe.pr.gov.br\\\/#organization\"},\"potentialAction\":[{\"@type\":\"SearchAction\",\"target\":{\"@type\":\"EntryPoint\",\"urlTemplate\":\"https:\\\/\\\/www.cambe.pr.gov.br\\\/?s={search_term_string}\"},\"query-input\":{\"@type\":\"PropertyValueSpecification\",\"valueRequired\":true,\"valueName\":\"search_term_string\"}}],\"inLanguage\":\"pt-BR\"},{\"@type\":\"Organization\",\"@id\":\"https:\\\/\\\/www.cambe.pr.gov.br\\\/#organization\",\"name\":\"Prefeitura de Camb\u00e9\",\"url\":\"https:\\\/\\\/www.cambe.pr.gov.br\\\/\",\"logo\":{\"@type\":\"ImageObject\",\"inLanguage\":\"pt-BR\",\"@id\":\"https:\\\/\\\/www.cambe.pr.gov.br\\\/#\\\/schema\\\/logo\\\/image\\\/\",\"url\":\"https:\\\/\\\/www.cambe.pr.gov.br\\\/wp-content\\\/uploads\\\/2021\\\/01\\\/cropped-cropped-cambe_brazao-icone.png\",\"contentUrl\":\"https:\\\/\\\/www.cambe.pr.gov.br\\\/wp-content\\\/uploads\\\/2021\\\/01\\\/cropped-cropped-cambe_brazao-icone.png\",\"width\":240,\"height\":240,\"caption\":\"Prefeitura de Camb\u00e9\"},\"image\":{\"@id\":\"https:\\\/\\\/www.cambe.pr.gov.br\\\/#\\\/schema\\\/logo\\\/image\\\/\"},\"sameAs\":[\"https:\\\/\\\/m.facebook.com\\\/prefeituradecambe\"]},{\"@type\":\"Person\",\"@id\":\"https:\\\/\\\/www.cambe.pr.gov.br\\\/#\\\/schema\\\/person\\\/e08f7c43a641b2ec036e4e867ec483e4\",\"name\":\"Thiago Mossini Balbino dos Santos\",\"image\":{\"@type\":\"ImageObject\",\"inLanguage\":\"pt-BR\",\"@id\":\"https:\\\/\\\/secure.gravatar.com\\\/avatar\\\/d957ed4e1bc3ebf5769d1003f9709cd2012ebf424eb4a5d76a933fee30e874b6?s=96&d=mm&r=g\",\"url\":\"https:\\\/\\\/secure.gravatar.com\\\/avatar\\\/d957ed4e1bc3ebf5769d1003f9709cd2012ebf424eb4a5d76a933fee30e874b6?s=96&d=mm&r=g\",\"contentUrl\":\"https:\\\/\\\/secure.gravatar.com\\\/avatar\\\/d957ed4e1bc3ebf5769d1003f9709cd2012ebf424eb4a5d76a933fee30e874b6?s=96&d=mm&r=g\",\"caption\":\"Thiago Mossini Balbino dos Santos\"},\"url\":\"https:\\\/\\\/www.cambe.pr.gov.br\\\/index.php\\\/author\\\/tmbsantos\\\/\"}]}<\/script>\n<!-- \/ Yoast SEO plugin. -->","yoast_head_json":{"title":"IFPR oferece curso de idioma em parceria com a Secretaria de Educa\u00e7\u00e3o - Prefeitura de Camb\u00e9","robots":{"index":"index","follow":"follow","max-snippet":"max-snippet:-1","max-image-preview":"max-image-preview:large","max-video-preview":"max-video-preview:-1"},"canonical":"https:\/\/www.cambe.pr.gov.br\/index.php\/ifpr-oferece-curso-de-idioma-em-parceria-com-a-secretaria-de-educacao\/","og_locale":"pt_BR","og_type":"article","og_title":"IFPR oferece curso de idioma em parceria com a Secretaria de Educa\u00e7\u00e3o - Prefeitura de Camb\u00e9","og_description":"A Prefeitura de Camb\u00e9, por meio da Secretaria de Educa\u00e7\u00e3o, e o Instituto Federal de Educa\u00e7\u00e3o, Ci\u00eancia e Tecnologia do Paran\u00e1 (IFPR) firmaram conv\u00eanio para o lan\u00e7amento de um curso gratuito de l\u00edngua inglesa. As inscri\u00e7\u00f5es v\u00e3o at\u00e9 o dia 30 de agosto e os interessados devem se inscrever pelo link: https:\/\/londrina.ifpr.edu.br\/celif\/editais\/. As aulas v\u00e3o [&hellip;]","og_url":"https:\/\/www.cambe.pr.gov.br\/index.php\/ifpr-oferece-curso-de-idioma-em-parceria-com-a-secretaria-de-educacao\/","og_site_name":"Prefeitura de Camb\u00e9","article_publisher":"https:\/\/m.facebook.com\/prefeituradecambe","article_published_time":"2021-08-26T18:10:08+00:00","article_modified_time":"2024-10-07T16:00:24+00:00","og_image":[{"url":"http:\/\/www.cambe.pr.gov.br\/wp-content\/uploads\/2021\/08\/DSC_0844-300x199.jpg","type":"","width":"","height":""}],"author":"Thiago Mossini Balbino dos Santos","twitter_card":"summary_large_image","twitter_misc":{"Escrito por":"Thiago Mossini Balbino dos Santos","Est. tempo de leitura":"1 minuto"},"schema":{"@context":"https:\/\/schema.org","@graph":[{"@type":"Article","@id":"https:\/\/www.cambe.pr.gov.br\/index.php\/ifpr-oferece-curso-de-idioma-em-parceria-com-a-secretaria-de-educacao\/#article","isPartOf":{"@id":"https:\/\/www.cambe.pr.gov.br\/index.php\/ifpr-oferece-curso-de-idioma-em-parceria-com-a-secretaria-de-educacao\/"},"author":{"name":"Thiago Mossini Balbino dos Santos","@id":"https:\/\/www.cambe.pr.gov.br\/#\/schema\/person\/e08f7c43a641b2ec036e4e867ec483e4"},"headline":"IFPR oferece curso de idioma em parceria com a Secretaria de Educa\u00e7\u00e3o","datePublished":"2021-08-26T18:10:08+00:00","dateModified":"2024-10-07T16:00:24+00:00","mainEntityOfPage":{"@id":"https:\/\/www.cambe.pr.gov.br\/index.php\/ifpr-oferece-curso-de-idioma-em-parceria-com-a-secretaria-de-educacao\/"},"wordCount":214,"publisher":{"@id":"https:\/\/www.cambe.pr.gov.br\/#organization"},"image":{"@id":"https:\/\/www.cambe.pr.gov.br\/index.php\/ifpr-oferece-curso-de-idioma-em-parceria-com-a-secretaria-de-educacao\/#primaryimage"},"thumbnailUrl":"http:\/\/www.cambe.pr.gov.br\/wp-content\/uploads\/2021\/08\/DSC_0844-300x199.jpg","articleSection":["Principal"],"inLanguage":"pt-BR"},{"@type":"WebPage","@id":"https:\/\/www.cambe.pr.gov.br\/index.php\/ifpr-oferece-curso-de-idioma-em-parceria-com-a-secretaria-de-educacao\/","url":"https:\/\/www.cambe.pr.gov.br\/index.php\/ifpr-oferece-curso-de-idioma-em-parceria-com-a-secretaria-de-educacao\/","name":"IFPR oferece curso de idioma em parceria com a Secretaria de Educa\u00e7\u00e3o - Prefeitura de Camb\u00e9","isPartOf":{"@id":"https:\/\/www.cambe.pr.gov.br\/#website"},"primaryImageOfPage":{"@id":"https:\/\/www.cambe.pr.gov.br\/index.php\/ifpr-oferece-curso-de-idioma-em-parceria-com-a-secretaria-de-educacao\/#primaryimage"},"image":{"@id":"https:\/\/www.cambe.pr.gov.br\/index.php\/ifpr-oferece-curso-de-idioma-em-parceria-com-a-secretaria-de-educacao\/#primaryimage"},"thumbnailUrl":"http:\/\/www.cambe.pr.gov.br\/wp-content\/uploads\/2021\/08\/DSC_0844-300x199.jpg","datePublished":"2021-08-26T18:10:08+00:00","dateModified":"2024-10-07T16:00:24+00:00","breadcrumb":{"@id":"https:\/\/www.cambe.pr.gov.br\/index.php\/ifpr-oferece-curso-de-idioma-em-parceria-com-a-secretaria-de-educacao\/#breadcrumb"},"inLanguage":"pt-BR","potentialAction":[{"@type":"ReadAction","target":["https:\/\/www.cambe.pr.gov.br\/index.php\/ifpr-oferece-curso-de-idioma-em-parceria-com-a-secretaria-de-educacao\/"]}]},{"@type":"ImageObject","inLanguage":"pt-BR","@id":"https:\/\/www.cambe.pr.gov.br\/index.php\/ifpr-oferece-curso-de-idioma-em-parceria-com-a-secretaria-de-educacao\/#primaryimage","url":"http:\/\/www.cambe.pr.gov.br\/wp-content\/uploads\/2021\/08\/DSC_0844-300x199.jpg","contentUrl":"http:\/\/www.cambe.pr.gov.br\/wp-content\/uploads\/2021\/08\/DSC_0844-300x199.jpg"},{"@type":"BreadcrumbList","@id":"https:\/\/www.cambe.pr.gov.br\/index.php\/ifpr-oferece-curso-de-idioma-em-parceria-com-a-secretaria-de-educacao\/#breadcrumb","itemListElement":[{"@type":"ListItem","position":1,"name":"In\u00edcio","item":"https:\/\/www.cambe.pr.gov.br\/"},{"@type":"ListItem","position":2,"name":"IFPR oferece curso de idioma em parceria com a Secretaria de Educa\u00e7\u00e3o"}]},{"@type":"WebSite","@id":"https:\/\/www.cambe.pr.gov.br\/#website","url":"https:\/\/www.cambe.pr.gov.br\/","name":"Prefeitura de Camb\u00e9","description":"UM GOVERNO PARA TODOS","publisher":{"@id":"https:\/\/www.cambe.pr.gov.br\/#organization"},"potentialAction":[{"@type":"SearchAction","target":{"@type":"EntryPoint","urlTemplate":"https:\/\/www.cambe.pr.gov.br\/?s={search_term_string}"},"query-input":{"@type":"PropertyValueSpecification","valueRequired":true,"valueName":"search_term_string"}}],"inLanguage":"pt-BR"},{"@type":"Organization","@id":"https:\/\/www.cambe.pr.gov.br\/#organization","name":"Prefeitura de Camb\u00e9","url":"https:\/\/www.cambe.pr.gov.br\/","logo":{"@type":"ImageObject","inLanguage":"pt-BR","@id":"https:\/\/www.cambe.pr.gov.br\/#\/schema\/logo\/image\/","url":"https:\/\/www.cambe.pr.gov.br\/wp-content\/uploads\/2021\/01\/cropped-cropped-cambe_brazao-icone.png","contentUrl":"https:\/\/www.cambe.pr.gov.br\/wp-content\/uploads\/2021\/01\/cropped-cropped-cambe_brazao-icone.png","width":240,"height":240,"caption":"Prefeitura de Camb\u00e9"},"image":{"@id":"https:\/\/www.cambe.pr.gov.br\/#\/schema\/logo\/image\/"},"sameAs":["https:\/\/m.facebook.com\/prefeituradecambe"]},{"@type":"Person","@id":"https:\/\/www.cambe.pr.gov.br\/#\/schema\/person\/e08f7c43a641b2ec036e4e867ec483e4","name":"Thiago Mossini Balbino dos Santos","image":{"@type":"ImageObject","inLanguage":"pt-BR","@id":"https:\/\/secure.gravatar.com\/avatar\/d957ed4e1bc3ebf5769d1003f9709cd2012ebf424eb4a5d76a933fee30e874b6?s=96&d=mm&r=g","url":"https:\/\/secure.gravatar.com\/avatar\/d957ed4e1bc3ebf5769d1003f9709cd2012ebf424eb4a5d76a933fee30e874b6?s=96&d=mm&r=g","contentUrl":"https:\/\/secure.gravatar.com\/avatar\/d957ed4e1bc3ebf5769d1003f9709cd2012ebf424eb4a5d76a933fee30e874b6?s=96&d=mm&r=g","caption":"Thiago Mossini Balbino dos Santos"},"url":"https:\/\/www.cambe.pr.gov.br\/index.php\/author\/tmbsantos\/"}]}},"_links":{"self":[{"href":"https:\/\/www.cambe.pr.gov.br\/index.php\/wp-json\/wp\/v2\/posts\/3110","targetHints":{"allow":["GET"]}}],"collection":[{"href":"https:\/\/www.cambe.pr.gov.br\/index.php\/wp-json\/wp\/v2\/posts"}],"about":[{"href":"https:\/\/www.cambe.pr.gov.br\/index.php\/wp-json\/wp\/v2\/types\/post"}],"author":[{"embeddable":true,"href":"https:\/\/www.cambe.pr.gov.br\/index.php\/wp-json\/wp\/v2\/users\/2"}],"replies":[{"embeddable":true,"href":"https:\/\/www.cambe.pr.gov.br\/index.php\/wp-json\/wp\/v2\/comments?post=3110"}],"version-history":[{"count":1,"href":"https:\/\/www.cambe.pr.gov.br\/index.php\/wp-json\/wp\/v2\/posts\/3110\/revisions"}],"predecessor-version":[{"id":3112,"href":"https:\/\/www.cambe.pr.gov.br\/index.php\/wp-json\/wp\/v2\/posts\/3110\/revisions\/3112"}],"wp:attachment":[{"href":"https:\/\/www.cambe.pr.gov.br\/index.php\/wp-json\/wp\/v2\/media?parent=3110"}],"wp:term":[{"taxonomy":"category","embeddable":true,"href":"https:\/\/www.cambe.pr.gov.br\/index.php\/wp-json\/wp\/v2\/categories?post=3110"},{"taxonomy":"post_tag","embeddable":true,"href":"https:\/\/www.cambe.pr.gov.br\/index.php\/wp-json\/wp\/v2\/tags?post=3110"}],"curies":[{"name":"wp","href":"https:\/\/api.w.org\/{rel}","templated":true}]}}