{"id":3092,"date":"2021-08-25T12:12:00","date_gmt":"2021-08-25T15:12:00","guid":{"rendered":"http:\/\/www.cambe.pr.gov.br\/?p=3092"},"modified":"2024-10-07T13:00:23","modified_gmt":"2024-10-07T16:00:23","slug":"unidade-de-lactacao-de-cambe-inaugura-novo-espaco-para-atender-gestantes-e-lactantes","status":"publish","type":"post","link":"https:\/\/www.cambe.pr.gov.br\/index.php\/unidade-de-lactacao-de-cambe-inaugura-novo-espaco-para-atender-gestantes-e-lactantes\/","title":{"rendered":"Unidade de Lacta\u00e7\u00e3o de Camb\u00e9 inaugura novo espa\u00e7o para atender gestantes e lactantes"},"content":{"rendered":"<div id=\"attachment_3093\" style=\"width: 310px\" class=\"wp-caption alignleft\"><img fetchpriority=\"high\" decoding=\"async\" aria-describedby=\"caption-attachment-3093\" class=\"wp-image-3093 size-medium\" src=\"https:\/\/www.cambe.pr.gov.br\/wp-content\/uploads\/2021\/08\/WhatsApp-Image-2021-08-11-at-15.52.17-e1629904277571-300x200.jpeg\" alt=\"\" width=\"300\" height=\"200\" srcset=\"https:\/\/www.cambe.pr.gov.br\/wp-content\/uploads\/2021\/08\/WhatsApp-Image-2021-08-11-at-15.52.17-e1629904277571-300x200.jpeg 300w, https:\/\/www.cambe.pr.gov.br\/wp-content\/uploads\/2021\/08\/WhatsApp-Image-2021-08-11-at-15.52.17-e1629904277571-1024x683.jpeg 1024w, https:\/\/www.cambe.pr.gov.br\/wp-content\/uploads\/2021\/08\/WhatsApp-Image-2021-08-11-at-15.52.17-e1629904277571-768x512.jpeg 768w, https:\/\/www.cambe.pr.gov.br\/wp-content\/uploads\/2021\/08\/WhatsApp-Image-2021-08-11-at-15.52.17-e1629904277571.jpeg 1280w\" sizes=\"(max-width: 300px) 100vw, 300px\" \/><p id=\"caption-attachment-3093\" class=\"wp-caption-text\">O prefeito Conrado Scheller foi conhecer a nova estrutura do Unilac. Na foto, ele est\u00e1 com a secret\u00e1ria de Sa\u00fade, Adriane Bertran, e parte da equipe de trabalho<\/p><\/div>\n<p style=\"text-align: justify;\"><span style=\"font-family: arial, helvetica, sans-serif;\">A Unidade de Lacta\u00e7\u00e3o de Camb\u00e9 (Unilac), por meio da Secretaria Municipal de Sa\u00fade, inaugura neste m\u00eas o novo espa\u00e7o de atendimento e coleta de leite materno. Segundo informa\u00e7\u00f5es da Unilac, a escolha do m\u00eas foi por conta do \u201cAgosto Dourado\u201d, que visa promover e incentivar amamenta\u00e7\u00e3o. O novo ambiente est\u00e1 localizado na Cl\u00ednica do Ana Rosa (Rua Jos\u00e9 Gomes Redondo, 35) e conta tr\u00eas salas: uma para atendimento, outra para armazenamento de leite e outra reservada para a parte administrativa.<\/span><\/p>\n<p style=\"text-align: justify;\"><span style=\"font-family: arial, helvetica, sans-serif;\">Segundo a enfermeira t\u00e9cnica respons\u00e1vel pela Unilac, Camila Ravagnani Bueno, a mudan\u00e7a aconteceu por conta da necessidade de mais espa\u00e7o que a Unilac enfrentava. \u201cAntes, n\u00f3s t\u00ednhamos dispon\u00edvel apenas uma sala, ent\u00e3o a parte burocr\u00e1tica, os atendimentos e o armazenamento eram feitos no mesmo local. Agora, n\u00f3s temos muito mais espa\u00e7o, fizemos a reestrutura\u00e7\u00e3o, a pintura e a decora\u00e7\u00e3o do ambiente\u201d, ressalta a enfermeira. Ainda de acordo com ela, o espa\u00e7o \u00e9 mais acolhedor, aconchegante e terap\u00eautico, necess\u00e1rio para o bem estar da m\u00e3e e do beb\u00ea. \u201cAl\u00e9m disso, tamb\u00e9m temos salas com ar condicionado, que auxilia na conserva\u00e7\u00e3o do leite\u201d, pontua.<\/span><\/p>\n<p style=\"text-align: justify;\"><span style=\"font-family: arial, helvetica, sans-serif;\">N\u00fabia Mara Mattos, diretora da Aten\u00e7\u00e3o B\u00e1sica, destaca que essa mudan\u00e7a era uma prioridade para o departamento: \u201ca Unilac faz um trabalho muito relevante na prote\u00e7\u00e3o ao aleitamento materno e no incentivo \u00e0 doa\u00e7\u00e3o de leite humano, al\u00e9m de fazer a capta\u00e7\u00e3o de doadoras, fortalecendo ainda mais essa rede. Essa mudan\u00e7a proporciona um atendimento mais humanizado, l\u00fadico e acolhedor \u00e0s m\u00e3es cambeenses\u201d. Segundo Mattos, a nova estrutura ajuda no fortalecimento de pol\u00edticas de aten\u00e7\u00e3o b\u00e1sica, auxiliando na preven\u00e7\u00e3o, prote\u00e7\u00e3o e promo\u00e7\u00e3o da sa\u00fade da m\u00e3e e do beb\u00ea. \u201cO aleitamento materno \u00e9 o principal respons\u00e1vel pela redu\u00e7\u00e3o da mortalidade infantil\u201d, explica.<\/span><\/p>\n<p style=\"text-align: justify;\"><strong><span style=\"font-family: arial, helvetica, sans-serif;\">Unidade de Lacta\u00e7\u00e3o de Camb\u00e9<\/span><\/strong><br \/>\n<span style=\"font-family: arial, helvetica, sans-serif;\">A Unidade de Lacta\u00e7\u00e3o de Camb\u00e9 foi fundada em 2002 e atua na promo\u00e7\u00e3o e apoio ao aleitamento materno, al\u00e9m de realizar atendimentos e ser um posto de coleta de leite humano. Segundo N\u00fabia Mattos, a Unilac conta atualmente com uma equipe multidisciplinar, composta por enfermeira, t\u00e9cnica de enfermagem, fonoaudi\u00f3loga e m\u00e9dica obstetra. A enfermeira respons\u00e1vel pela Unilac, Camilla Bueno, ressalta que al\u00e9m do atendimento, consultoria de amamenta\u00e7\u00e3o e capta\u00e7\u00e3o de leite materno, tamb\u00e9m promove a capacita\u00e7\u00e3o de profissionais de sa\u00fade e de m\u00e3es.<\/span><\/p>\n<p style=\"text-align: justify;\"><span style=\"font-family: arial, helvetica, sans-serif;\">Para outras informa\u00e7\u00f5es sobre os servi\u00e7os oferecidos pela Unilac, o telefone para contato \u00e9 o 174-0235 e o WhatsApp \u00e9 o 3174-0325.<\/span><\/p>\n","protected":false},"excerpt":{"rendered":"<p>A Unidade de Lacta\u00e7\u00e3o de Camb\u00e9 (Unilac), por meio da Secretaria Municipal de Sa\u00fade, inaugura neste m\u00eas o novo espa\u00e7o de atendimento e coleta de leite materno. Segundo informa\u00e7\u00f5es da Unilac, a escolha do m\u00eas foi por conta do \u201cAgosto Dourado\u201d, que visa promover e incentivar amamenta\u00e7\u00e3o. O novo ambiente est\u00e1 localizado na Cl\u00ednica do [&hellip;]<\/p>\n","protected":false},"author":2,"featured_media":0,"comment_status":"closed","ping_status":"open","sticky":false,"template":"","format":"standard","meta":{"ngg_post_thumbnail":0,"footnotes":""},"categories":[1],"tags":[],"class_list":["post-3092","post","type-post","status-publish","format-standard","hentry","category-principal"],"yoast_head":"<!-- This site is optimized with the Yoast SEO plugin v27.4 - https:\/\/yoast.com\/product\/yoast-seo-wordpress\/ -->\n<title>Unidade de Lacta\u00e7\u00e3o de Camb\u00e9 inaugura novo espa\u00e7o para atender gestantes e lactantes - Prefeitura de Camb\u00e9<\/title>\n<meta name=\"robots\" content=\"index, follow, max-snippet:-1, max-image-preview:large, max-video-preview:-1\" \/>\n<link rel=\"canonical\" href=\"https:\/\/www.cambe.pr.gov.br\/index.php\/unidade-de-lactacao-de-cambe-inaugura-novo-espaco-para-atender-gestantes-e-lactantes\/\" \/>\n<meta property=\"og:locale\" content=\"pt_BR\" \/>\n<meta property=\"og:type\" content=\"article\" \/>\n<meta property=\"og:title\" content=\"Unidade de Lacta\u00e7\u00e3o de Camb\u00e9 inaugura novo espa\u00e7o para atender gestantes e lactantes - Prefeitura de Camb\u00e9\" \/>\n<meta property=\"og:description\" content=\"A Unidade de Lacta\u00e7\u00e3o de Camb\u00e9 (Unilac), por meio da Secretaria Municipal de Sa\u00fade, inaugura neste m\u00eas o novo espa\u00e7o de atendimento e coleta de leite materno. Segundo informa\u00e7\u00f5es da Unilac, a escolha do m\u00eas foi por conta do \u201cAgosto Dourado\u201d, que visa promover e incentivar amamenta\u00e7\u00e3o. O novo ambiente est\u00e1 localizado na Cl\u00ednica do [&hellip;]\" \/>\n<meta property=\"og:url\" content=\"https:\/\/www.cambe.pr.gov.br\/index.php\/unidade-de-lactacao-de-cambe-inaugura-novo-espaco-para-atender-gestantes-e-lactantes\/\" \/>\n<meta property=\"og:site_name\" content=\"Prefeitura de Camb\u00e9\" \/>\n<meta property=\"article:publisher\" content=\"https:\/\/m.facebook.com\/prefeituradecambe\" \/>\n<meta property=\"article:published_time\" content=\"2021-08-25T15:12:00+00:00\" \/>\n<meta property=\"article:modified_time\" content=\"2024-10-07T16:00:23+00:00\" \/>\n<meta property=\"og:image\" content=\"http:\/\/www.cambe.pr.gov.br\/wp-content\/uploads\/2021\/08\/WhatsApp-Image-2021-08-11-at-15.52.17-e1629904277571-300x200.jpeg\" \/>\n<meta name=\"author\" content=\"Thiago Mossini Balbino dos Santos\" \/>\n<meta name=\"twitter:card\" content=\"summary_large_image\" \/>\n<meta name=\"twitter:label1\" content=\"Escrito por\" \/>\n\t<meta name=\"twitter:data1\" content=\"Thiago Mossini Balbino dos Santos\" \/>\n\t<meta name=\"twitter:label2\" content=\"Est. tempo de leitura\" \/>\n\t<meta name=\"twitter:data2\" content=\"2 minutos\" \/>\n<script type=\"application\/ld+json\" class=\"yoast-schema-graph\">{\"@context\":\"https:\\\/\\\/schema.org\",\"@graph\":[{\"@type\":\"Article\",\"@id\":\"https:\\\/\\\/www.cambe.pr.gov.br\\\/index.php\\\/unidade-de-lactacao-de-cambe-inaugura-novo-espaco-para-atender-gestantes-e-lactantes\\\/#article\",\"isPartOf\":{\"@id\":\"https:\\\/\\\/www.cambe.pr.gov.br\\\/index.php\\\/unidade-de-lactacao-de-cambe-inaugura-novo-espaco-para-atender-gestantes-e-lactantes\\\/\"},\"author\":{\"name\":\"Thiago Mossini Balbino dos Santos\",\"@id\":\"https:\\\/\\\/www.cambe.pr.gov.br\\\/#\\\/schema\\\/person\\\/e08f7c43a641b2ec036e4e867ec483e4\"},\"headline\":\"Unidade de Lacta\u00e7\u00e3o de Camb\u00e9 inaugura novo espa\u00e7o para atender gestantes e lactantes\",\"datePublished\":\"2021-08-25T15:12:00+00:00\",\"dateModified\":\"2024-10-07T16:00:23+00:00\",\"mainEntityOfPage\":{\"@id\":\"https:\\\/\\\/www.cambe.pr.gov.br\\\/index.php\\\/unidade-de-lactacao-de-cambe-inaugura-novo-espaco-para-atender-gestantes-e-lactantes\\\/\"},\"wordCount\":508,\"publisher\":{\"@id\":\"https:\\\/\\\/www.cambe.pr.gov.br\\\/#organization\"},\"image\":{\"@id\":\"https:\\\/\\\/www.cambe.pr.gov.br\\\/index.php\\\/unidade-de-lactacao-de-cambe-inaugura-novo-espaco-para-atender-gestantes-e-lactantes\\\/#primaryimage\"},\"thumbnailUrl\":\"http:\\\/\\\/www.cambe.pr.gov.br\\\/wp-content\\\/uploads\\\/2021\\\/08\\\/WhatsApp-Image-2021-08-11-at-15.52.17-e1629904277571-300x200.jpeg\",\"articleSection\":[\"Principal\"],\"inLanguage\":\"pt-BR\"},{\"@type\":\"WebPage\",\"@id\":\"https:\\\/\\\/www.cambe.pr.gov.br\\\/index.php\\\/unidade-de-lactacao-de-cambe-inaugura-novo-espaco-para-atender-gestantes-e-lactantes\\\/\",\"url\":\"https:\\\/\\\/www.cambe.pr.gov.br\\\/index.php\\\/unidade-de-lactacao-de-cambe-inaugura-novo-espaco-para-atender-gestantes-e-lactantes\\\/\",\"name\":\"Unidade de Lacta\u00e7\u00e3o de Camb\u00e9 inaugura novo espa\u00e7o para atender gestantes e lactantes - Prefeitura de Camb\u00e9\",\"isPartOf\":{\"@id\":\"https:\\\/\\\/www.cambe.pr.gov.br\\\/#website\"},\"primaryImageOfPage\":{\"@id\":\"https:\\\/\\\/www.cambe.pr.gov.br\\\/index.php\\\/unidade-de-lactacao-de-cambe-inaugura-novo-espaco-para-atender-gestantes-e-lactantes\\\/#primaryimage\"},\"image\":{\"@id\":\"https:\\\/\\\/www.cambe.pr.gov.br\\\/index.php\\\/unidade-de-lactacao-de-cambe-inaugura-novo-espaco-para-atender-gestantes-e-lactantes\\\/#primaryimage\"},\"thumbnailUrl\":\"http:\\\/\\\/www.cambe.pr.gov.br\\\/wp-content\\\/uploads\\\/2021\\\/08\\\/WhatsApp-Image-2021-08-11-at-15.52.17-e1629904277571-300x200.jpeg\",\"datePublished\":\"2021-08-25T15:12:00+00:00\",\"dateModified\":\"2024-10-07T16:00:23+00:00\",\"breadcrumb\":{\"@id\":\"https:\\\/\\\/www.cambe.pr.gov.br\\\/index.php\\\/unidade-de-lactacao-de-cambe-inaugura-novo-espaco-para-atender-gestantes-e-lactantes\\\/#breadcrumb\"},\"inLanguage\":\"pt-BR\",\"potentialAction\":[{\"@type\":\"ReadAction\",\"target\":[\"https:\\\/\\\/www.cambe.pr.gov.br\\\/index.php\\\/unidade-de-lactacao-de-cambe-inaugura-novo-espaco-para-atender-gestantes-e-lactantes\\\/\"]}]},{\"@type\":\"ImageObject\",\"inLanguage\":\"pt-BR\",\"@id\":\"https:\\\/\\\/www.cambe.pr.gov.br\\\/index.php\\\/unidade-de-lactacao-de-cambe-inaugura-novo-espaco-para-atender-gestantes-e-lactantes\\\/#primaryimage\",\"url\":\"http:\\\/\\\/www.cambe.pr.gov.br\\\/wp-content\\\/uploads\\\/2021\\\/08\\\/WhatsApp-Image-2021-08-11-at-15.52.17-e1629904277571-300x200.jpeg\",\"contentUrl\":\"http:\\\/\\\/www.cambe.pr.gov.br\\\/wp-content\\\/uploads\\\/2021\\\/08\\\/WhatsApp-Image-2021-08-11-at-15.52.17-e1629904277571-300x200.jpeg\"},{\"@type\":\"BreadcrumbList\",\"@id\":\"https:\\\/\\\/www.cambe.pr.gov.br\\\/index.php\\\/unidade-de-lactacao-de-cambe-inaugura-novo-espaco-para-atender-gestantes-e-lactantes\\\/#breadcrumb\",\"itemListElement\":[{\"@type\":\"ListItem\",\"position\":1,\"name\":\"In\u00edcio\",\"item\":\"https:\\\/\\\/www.cambe.pr.gov.br\\\/\"},{\"@type\":\"ListItem\",\"position\":2,\"name\":\"Unidade de Lacta\u00e7\u00e3o de Camb\u00e9 inaugura novo espa\u00e7o para atender gestantes e lactantes\"}]},{\"@type\":\"WebSite\",\"@id\":\"https:\\\/\\\/www.cambe.pr.gov.br\\\/#website\",\"url\":\"https:\\\/\\\/www.cambe.pr.gov.br\\\/\",\"name\":\"Prefeitura de Camb\u00e9\",\"description\":\"UM GOVERNO PARA TODOS\",\"publisher\":{\"@id\":\"https:\\\/\\\/www.cambe.pr.gov.br\\\/#organization\"},\"potentialAction\":[{\"@type\":\"SearchAction\",\"target\":{\"@type\":\"EntryPoint\",\"urlTemplate\":\"https:\\\/\\\/www.cambe.pr.gov.br\\\/?s={search_term_string}\"},\"query-input\":{\"@type\":\"PropertyValueSpecification\",\"valueRequired\":true,\"valueName\":\"search_term_string\"}}],\"inLanguage\":\"pt-BR\"},{\"@type\":\"Organization\",\"@id\":\"https:\\\/\\\/www.cambe.pr.gov.br\\\/#organization\",\"name\":\"Prefeitura de Camb\u00e9\",\"url\":\"https:\\\/\\\/www.cambe.pr.gov.br\\\/\",\"logo\":{\"@type\":\"ImageObject\",\"inLanguage\":\"pt-BR\",\"@id\":\"https:\\\/\\\/www.cambe.pr.gov.br\\\/#\\\/schema\\\/logo\\\/image\\\/\",\"url\":\"https:\\\/\\\/www.cambe.pr.gov.br\\\/wp-content\\\/uploads\\\/2021\\\/01\\\/cropped-cropped-cambe_brazao-icone.png\",\"contentUrl\":\"https:\\\/\\\/www.cambe.pr.gov.br\\\/wp-content\\\/uploads\\\/2021\\\/01\\\/cropped-cropped-cambe_brazao-icone.png\",\"width\":240,\"height\":240,\"caption\":\"Prefeitura de Camb\u00e9\"},\"image\":{\"@id\":\"https:\\\/\\\/www.cambe.pr.gov.br\\\/#\\\/schema\\\/logo\\\/image\\\/\"},\"sameAs\":[\"https:\\\/\\\/m.facebook.com\\\/prefeituradecambe\"]},{\"@type\":\"Person\",\"@id\":\"https:\\\/\\\/www.cambe.pr.gov.br\\\/#\\\/schema\\\/person\\\/e08f7c43a641b2ec036e4e867ec483e4\",\"name\":\"Thiago Mossini Balbino dos Santos\",\"image\":{\"@type\":\"ImageObject\",\"inLanguage\":\"pt-BR\",\"@id\":\"https:\\\/\\\/secure.gravatar.com\\\/avatar\\\/d957ed4e1bc3ebf5769d1003f9709cd2012ebf424eb4a5d76a933fee30e874b6?s=96&d=mm&r=g\",\"url\":\"https:\\\/\\\/secure.gravatar.com\\\/avatar\\\/d957ed4e1bc3ebf5769d1003f9709cd2012ebf424eb4a5d76a933fee30e874b6?s=96&d=mm&r=g\",\"contentUrl\":\"https:\\\/\\\/secure.gravatar.com\\\/avatar\\\/d957ed4e1bc3ebf5769d1003f9709cd2012ebf424eb4a5d76a933fee30e874b6?s=96&d=mm&r=g\",\"caption\":\"Thiago Mossini Balbino dos Santos\"},\"url\":\"https:\\\/\\\/www.cambe.pr.gov.br\\\/index.php\\\/author\\\/tmbsantos\\\/\"}]}<\/script>\n<!-- \/ Yoast SEO plugin. -->","yoast_head_json":{"title":"Unidade de Lacta\u00e7\u00e3o de Camb\u00e9 inaugura novo espa\u00e7o para atender gestantes e lactantes - Prefeitura de Camb\u00e9","robots":{"index":"index","follow":"follow","max-snippet":"max-snippet:-1","max-image-preview":"max-image-preview:large","max-video-preview":"max-video-preview:-1"},"canonical":"https:\/\/www.cambe.pr.gov.br\/index.php\/unidade-de-lactacao-de-cambe-inaugura-novo-espaco-para-atender-gestantes-e-lactantes\/","og_locale":"pt_BR","og_type":"article","og_title":"Unidade de Lacta\u00e7\u00e3o de Camb\u00e9 inaugura novo espa\u00e7o para atender gestantes e lactantes - Prefeitura de Camb\u00e9","og_description":"A Unidade de Lacta\u00e7\u00e3o de Camb\u00e9 (Unilac), por meio da Secretaria Municipal de Sa\u00fade, inaugura neste m\u00eas o novo espa\u00e7o de atendimento e coleta de leite materno. Segundo informa\u00e7\u00f5es da Unilac, a escolha do m\u00eas foi por conta do \u201cAgosto Dourado\u201d, que visa promover e incentivar amamenta\u00e7\u00e3o. O novo ambiente est\u00e1 localizado na Cl\u00ednica do [&hellip;]","og_url":"https:\/\/www.cambe.pr.gov.br\/index.php\/unidade-de-lactacao-de-cambe-inaugura-novo-espaco-para-atender-gestantes-e-lactantes\/","og_site_name":"Prefeitura de Camb\u00e9","article_publisher":"https:\/\/m.facebook.com\/prefeituradecambe","article_published_time":"2021-08-25T15:12:00+00:00","article_modified_time":"2024-10-07T16:00:23+00:00","og_image":[{"url":"http:\/\/www.cambe.pr.gov.br\/wp-content\/uploads\/2021\/08\/WhatsApp-Image-2021-08-11-at-15.52.17-e1629904277571-300x200.jpeg","type":"","width":"","height":""}],"author":"Thiago Mossini Balbino dos Santos","twitter_card":"summary_large_image","twitter_misc":{"Escrito por":"Thiago Mossini Balbino dos Santos","Est. tempo de leitura":"2 minutos"},"schema":{"@context":"https:\/\/schema.org","@graph":[{"@type":"Article","@id":"https:\/\/www.cambe.pr.gov.br\/index.php\/unidade-de-lactacao-de-cambe-inaugura-novo-espaco-para-atender-gestantes-e-lactantes\/#article","isPartOf":{"@id":"https:\/\/www.cambe.pr.gov.br\/index.php\/unidade-de-lactacao-de-cambe-inaugura-novo-espaco-para-atender-gestantes-e-lactantes\/"},"author":{"name":"Thiago Mossini Balbino dos Santos","@id":"https:\/\/www.cambe.pr.gov.br\/#\/schema\/person\/e08f7c43a641b2ec036e4e867ec483e4"},"headline":"Unidade de Lacta\u00e7\u00e3o de Camb\u00e9 inaugura novo espa\u00e7o para atender gestantes e lactantes","datePublished":"2021-08-25T15:12:00+00:00","dateModified":"2024-10-07T16:00:23+00:00","mainEntityOfPage":{"@id":"https:\/\/www.cambe.pr.gov.br\/index.php\/unidade-de-lactacao-de-cambe-inaugura-novo-espaco-para-atender-gestantes-e-lactantes\/"},"wordCount":508,"publisher":{"@id":"https:\/\/www.cambe.pr.gov.br\/#organization"},"image":{"@id":"https:\/\/www.cambe.pr.gov.br\/index.php\/unidade-de-lactacao-de-cambe-inaugura-novo-espaco-para-atender-gestantes-e-lactantes\/#primaryimage"},"thumbnailUrl":"http:\/\/www.cambe.pr.gov.br\/wp-content\/uploads\/2021\/08\/WhatsApp-Image-2021-08-11-at-15.52.17-e1629904277571-300x200.jpeg","articleSection":["Principal"],"inLanguage":"pt-BR"},{"@type":"WebPage","@id":"https:\/\/www.cambe.pr.gov.br\/index.php\/unidade-de-lactacao-de-cambe-inaugura-novo-espaco-para-atender-gestantes-e-lactantes\/","url":"https:\/\/www.cambe.pr.gov.br\/index.php\/unidade-de-lactacao-de-cambe-inaugura-novo-espaco-para-atender-gestantes-e-lactantes\/","name":"Unidade de Lacta\u00e7\u00e3o de Camb\u00e9 inaugura novo espa\u00e7o para atender gestantes e lactantes - Prefeitura de Camb\u00e9","isPartOf":{"@id":"https:\/\/www.cambe.pr.gov.br\/#website"},"primaryImageOfPage":{"@id":"https:\/\/www.cambe.pr.gov.br\/index.php\/unidade-de-lactacao-de-cambe-inaugura-novo-espaco-para-atender-gestantes-e-lactantes\/#primaryimage"},"image":{"@id":"https:\/\/www.cambe.pr.gov.br\/index.php\/unidade-de-lactacao-de-cambe-inaugura-novo-espaco-para-atender-gestantes-e-lactantes\/#primaryimage"},"thumbnailUrl":"http:\/\/www.cambe.pr.gov.br\/wp-content\/uploads\/2021\/08\/WhatsApp-Image-2021-08-11-at-15.52.17-e1629904277571-300x200.jpeg","datePublished":"2021-08-25T15:12:00+00:00","dateModified":"2024-10-07T16:00:23+00:00","breadcrumb":{"@id":"https:\/\/www.cambe.pr.gov.br\/index.php\/unidade-de-lactacao-de-cambe-inaugura-novo-espaco-para-atender-gestantes-e-lactantes\/#breadcrumb"},"inLanguage":"pt-BR","potentialAction":[{"@type":"ReadAction","target":["https:\/\/www.cambe.pr.gov.br\/index.php\/unidade-de-lactacao-de-cambe-inaugura-novo-espaco-para-atender-gestantes-e-lactantes\/"]}]},{"@type":"ImageObject","inLanguage":"pt-BR","@id":"https:\/\/www.cambe.pr.gov.br\/index.php\/unidade-de-lactacao-de-cambe-inaugura-novo-espaco-para-atender-gestantes-e-lactantes\/#primaryimage","url":"http:\/\/www.cambe.pr.gov.br\/wp-content\/uploads\/2021\/08\/WhatsApp-Image-2021-08-11-at-15.52.17-e1629904277571-300x200.jpeg","contentUrl":"http:\/\/www.cambe.pr.gov.br\/wp-content\/uploads\/2021\/08\/WhatsApp-Image-2021-08-11-at-15.52.17-e1629904277571-300x200.jpeg"},{"@type":"BreadcrumbList","@id":"https:\/\/www.cambe.pr.gov.br\/index.php\/unidade-de-lactacao-de-cambe-inaugura-novo-espaco-para-atender-gestantes-e-lactantes\/#breadcrumb","itemListElement":[{"@type":"ListItem","position":1,"name":"In\u00edcio","item":"https:\/\/www.cambe.pr.gov.br\/"},{"@type":"ListItem","position":2,"name":"Unidade de Lacta\u00e7\u00e3o de Camb\u00e9 inaugura novo espa\u00e7o para atender gestantes e lactantes"}]},{"@type":"WebSite","@id":"https:\/\/www.cambe.pr.gov.br\/#website","url":"https:\/\/www.cambe.pr.gov.br\/","name":"Prefeitura de Camb\u00e9","description":"UM GOVERNO PARA TODOS","publisher":{"@id":"https:\/\/www.cambe.pr.gov.br\/#organization"},"potentialAction":[{"@type":"SearchAction","target":{"@type":"EntryPoint","urlTemplate":"https:\/\/www.cambe.pr.gov.br\/?s={search_term_string}"},"query-input":{"@type":"PropertyValueSpecification","valueRequired":true,"valueName":"search_term_string"}}],"inLanguage":"pt-BR"},{"@type":"Organization","@id":"https:\/\/www.cambe.pr.gov.br\/#organization","name":"Prefeitura de Camb\u00e9","url":"https:\/\/www.cambe.pr.gov.br\/","logo":{"@type":"ImageObject","inLanguage":"pt-BR","@id":"https:\/\/www.cambe.pr.gov.br\/#\/schema\/logo\/image\/","url":"https:\/\/www.cambe.pr.gov.br\/wp-content\/uploads\/2021\/01\/cropped-cropped-cambe_brazao-icone.png","contentUrl":"https:\/\/www.cambe.pr.gov.br\/wp-content\/uploads\/2021\/01\/cropped-cropped-cambe_brazao-icone.png","width":240,"height":240,"caption":"Prefeitura de Camb\u00e9"},"image":{"@id":"https:\/\/www.cambe.pr.gov.br\/#\/schema\/logo\/image\/"},"sameAs":["https:\/\/m.facebook.com\/prefeituradecambe"]},{"@type":"Person","@id":"https:\/\/www.cambe.pr.gov.br\/#\/schema\/person\/e08f7c43a641b2ec036e4e867ec483e4","name":"Thiago Mossini Balbino dos Santos","image":{"@type":"ImageObject","inLanguage":"pt-BR","@id":"https:\/\/secure.gravatar.com\/avatar\/d957ed4e1bc3ebf5769d1003f9709cd2012ebf424eb4a5d76a933fee30e874b6?s=96&d=mm&r=g","url":"https:\/\/secure.gravatar.com\/avatar\/d957ed4e1bc3ebf5769d1003f9709cd2012ebf424eb4a5d76a933fee30e874b6?s=96&d=mm&r=g","contentUrl":"https:\/\/secure.gravatar.com\/avatar\/d957ed4e1bc3ebf5769d1003f9709cd2012ebf424eb4a5d76a933fee30e874b6?s=96&d=mm&r=g","caption":"Thiago Mossini Balbino dos Santos"},"url":"https:\/\/www.cambe.pr.gov.br\/index.php\/author\/tmbsantos\/"}]}},"_links":{"self":[{"href":"https:\/\/www.cambe.pr.gov.br\/index.php\/wp-json\/wp\/v2\/posts\/3092","targetHints":{"allow":["GET"]}}],"collection":[{"href":"https:\/\/www.cambe.pr.gov.br\/index.php\/wp-json\/wp\/v2\/posts"}],"about":[{"href":"https:\/\/www.cambe.pr.gov.br\/index.php\/wp-json\/wp\/v2\/types\/post"}],"author":[{"embeddable":true,"href":"https:\/\/www.cambe.pr.gov.br\/index.php\/wp-json\/wp\/v2\/users\/2"}],"replies":[{"embeddable":true,"href":"https:\/\/www.cambe.pr.gov.br\/index.php\/wp-json\/wp\/v2\/comments?post=3092"}],"version-history":[{"count":1,"href":"https:\/\/www.cambe.pr.gov.br\/index.php\/wp-json\/wp\/v2\/posts\/3092\/revisions"}],"predecessor-version":[{"id":3094,"href":"https:\/\/www.cambe.pr.gov.br\/index.php\/wp-json\/wp\/v2\/posts\/3092\/revisions\/3094"}],"wp:attachment":[{"href":"https:\/\/www.cambe.pr.gov.br\/index.php\/wp-json\/wp\/v2\/media?parent=3092"}],"wp:term":[{"taxonomy":"category","embeddable":true,"href":"https:\/\/www.cambe.pr.gov.br\/index.php\/wp-json\/wp\/v2\/categories?post=3092"},{"taxonomy":"post_tag","embeddable":true,"href":"https:\/\/www.cambe.pr.gov.br\/index.php\/wp-json\/wp\/v2\/tags?post=3092"}],"curies":[{"name":"wp","href":"https:\/\/api.w.org\/{rel}","templated":true}]}}