{"id":3039,"date":"2021-08-17T11:15:48","date_gmt":"2021-08-17T14:15:48","guid":{"rendered":"http:\/\/www.cambe.pr.gov.br\/?p=3039"},"modified":"2024-10-07T13:00:23","modified_gmt":"2024-10-07T16:00:23","slug":"prefeitura-de-cambe-faz-a-ampliacao-do-numero-de-tumulos-no-cemiterio-municipal","status":"publish","type":"post","link":"https:\/\/www.cambe.pr.gov.br\/index.php\/prefeitura-de-cambe-faz-a-ampliacao-do-numero-de-tumulos-no-cemiterio-municipal\/","title":{"rendered":"Prefeitura de Camb\u00e9 faz a amplia\u00e7\u00e3o do n\u00famero de t\u00famulos no Cemit\u00e9rio Municipal"},"content":{"rendered":"<p style=\"text-align: justify;\"><span style=\"font-family: arial, helvetica, sans-serif;\"><img fetchpriority=\"high\" decoding=\"async\" class=\"size-medium wp-image-3040 alignleft\" src=\"https:\/\/www.cambe.pr.gov.br\/wp-content\/uploads\/2021\/08\/cemiterio-cambe-300x200.png\" alt=\"\" width=\"300\" height=\"200\" srcset=\"https:\/\/www.cambe.pr.gov.br\/wp-content\/uploads\/2021\/08\/cemiterio-cambe-300x200.png 300w, https:\/\/www.cambe.pr.gov.br\/wp-content\/uploads\/2021\/08\/cemiterio-cambe.png 600w\" sizes=\"(max-width: 300px) 100vw, 300px\" \/>A Prefeitura de Camb\u00e9, por meio da Secretaria de Obras e da Companhia de Desenvolvimento, est\u00e1 fazendo a amplia\u00e7\u00e3o no n\u00famero de t\u00famulos do Cemit\u00e9rio Municipal Padre Symphoriano Kopf. Segundo informa\u00e7\u00f5es da Secretaria de Obras, na primeira etapa \u2013 entre 2020 e 2021 \u2013 foram entregues 100 t\u00famulos. Nesta segunda fase, v\u00e3o ser constru\u00eddos 156 t\u00famulos, dos quais 85 j\u00e1 est\u00e3o finalizados. Ainda de acordo com a pasta, o terreno j\u00e1 est\u00e1 sendo preparado para a constru\u00e7\u00e3o de mais 170 t\u00famulos ainda neste ano, fechando a terceira etapa da obra. <\/span><\/p>\n<p style=\"text-align: justify;\"><span style=\"font-family: arial, helvetica, sans-serif;\">Manoel C\u00edcero dos Santos, secret\u00e1rio de Obras, esclarece que a amplia\u00e7\u00e3o est\u00e1 acontecendo por conta da necessidade de mais t\u00famulos. \u201cJ\u00e1 aconteceu de estarmos exumando um corpo enquanto outros tr\u00eas j\u00e1 estavam esperando por um jazigo. A solu\u00e7\u00e3o foi ampliar o espa\u00e7o do cemit\u00e9rio e construir novos t\u00famulos\u201d, explica. De acordo com ele, essa amplia\u00e7\u00e3o j\u00e1 vinha sendo feita em 2020 e neste ano foi intensificada.<\/span><\/p>\n<p style=\"text-align: justify;\"><span style=\"font-family: arial, helvetica, sans-serif;\">O secret\u00e1rio pontua que esses t\u00famulos s\u00f3 podem ser adquiridos pela popula\u00e7\u00e3o quando h\u00e1 a necessidade de sepultar uma pessoa. N\u00e3o \u00e9 poss\u00edvel comprar um t\u00famulo para reserva de espa\u00e7o. \u201cN\u00f3s n\u00e3o vendemos para quem quer apenas ter, o intuito \u00e9 vender para as fam\u00edlias que perderam um ente e n\u00e3o t\u00eam um jazigo para enterrar\u201d. Segundo ele, o valor do t\u00famulo \u00e9 de R$5720,56 e pode ser parcelado em at\u00e9 seis vezes. <span style=\"font-size: 10pt; color: #808080;\"><em>(Continua ap\u00f3s o v\u00eddeo)<\/em><\/span><\/p>\n<p><div class=\"epyt-video-wrapper\"><iframe  id=\"_ytid_60645\"  width=\"610\" height=\"343\"  data-origwidth=\"610\" data-origheight=\"343\" src=\"https:\/\/www.youtube.com\/embed\/VVG9KLCmUCA?enablejsapi=1&autoplay=0&cc_load_policy=0&cc_lang_pref=&iv_load_policy=1&loop=0&rel=1&fs=1&playsinline=0&autohide=2&theme=dark&color=red&controls=1&disablekb=0&\" class=\"__youtube_prefs__  no-lazyload\" title=\"YouTube player\"  allow=\"fullscreen; accelerometer; autoplay; clipboard-write; encrypted-media; gyroscope; picture-in-picture; web-share\" referrerpolicy=\"strict-origin-when-cross-origin\" allowfullscreen data-no-lazy=\"1\" data-skipgform_ajax_framebjll=\"\"><\/iframe><\/div><br \/>\n<\/span><\/p>\n<p style=\"text-align: justify;\"><span style=\"font-family: arial, helvetica, sans-serif;\">De acordo com o secret\u00e1rio de Obras, para quem n\u00e3o pode desembolsar esse valor, tamb\u00e9m foram constru\u00eddos 120 nichos, que s\u00e3o alugados por cinco anos e custam R$336,54 em cota \u00fanica. \u201cSe ao final desse tempo a fam\u00edlia optar pelo t\u00famulo, n\u00f3s fazemos essa transfer\u00eancia, caso contr\u00e1rio esse contrato de aluguel dos nichos pode ser renovado\u201d, frisa dos Santos.<\/span><\/p>\n<p style=\"text-align: justify;\"><span style=\"font-family: arial, helvetica, sans-serif;\">Ainda de acordo com o secret\u00e1rio, para as fam\u00edlias que n\u00e3o t\u00eam condi\u00e7\u00f5es de arcar com o valor dos t\u00famulos ou dos nichos, a Prefeitura de Camb\u00e9 cede os jazigos tempor\u00e1rios. \u201cOs corpos podem ficar at\u00e9 tr\u00eas anos nesses t\u00famulos e, se a fam\u00edlia adquirir um durante este per\u00edodo, o corpo \u00e9 transferido. No contr\u00e1rio, o cad\u00e1ver \u00e9 exumado e transferido para o oss\u00e1rio municipal\u201d, pontua.<\/span><\/p>\n<p style=\"text-align: justify;\"><strong><span style=\"font-family: arial, helvetica, sans-serif;\">Outras revitaliza\u00e7\u00f5es<\/span><\/strong><br \/>\n<span style=\"font-family: arial, helvetica, sans-serif;\">Manoel C\u00edcero dos Santos tamb\u00e9m salienta que o cemit\u00e9rio municipal vai receber nos pr\u00f3ximos meses 11 superpostes, equipados com luzes de LED e c\u00e2meras de seguran\u00e7a. \u201cA ideia \u00e9 iluminar mais o cemit\u00e9rio e evitar vandalismos ou furtos no local, como o de objetos que ficam agregados aos t\u00famulos\u201d, explica. Segundo ele, toda a parte hidr\u00e1ulica do cemit\u00e9rio tamb\u00e9m est\u00e1 sendo renovada.<\/span><\/p>\n","protected":false},"excerpt":{"rendered":"<p>A Prefeitura de Camb\u00e9, por meio da Secretaria de Obras e da Companhia de Desenvolvimento, est\u00e1 fazendo a amplia\u00e7\u00e3o no n\u00famero de t\u00famulos do Cemit\u00e9rio Municipal Padre Symphoriano Kopf. Segundo informa\u00e7\u00f5es da Secretaria de Obras, na primeira etapa \u2013 entre 2020 e 2021 \u2013 foram entregues 100 t\u00famulos. Nesta segunda fase, v\u00e3o ser constru\u00eddos 156 [&hellip;]<\/p>\n","protected":false},"author":2,"featured_media":0,"comment_status":"closed","ping_status":"open","sticky":false,"template":"","format":"standard","meta":{"ngg_post_thumbnail":0,"footnotes":""},"categories":[1],"tags":[],"class_list":["post-3039","post","type-post","status-publish","format-standard","hentry","category-principal"],"yoast_head":"<!-- This site is optimized with the Yoast SEO plugin v27.4 - https:\/\/yoast.com\/product\/yoast-seo-wordpress\/ -->\n<title>Prefeitura de Camb\u00e9 faz a amplia\u00e7\u00e3o do n\u00famero de t\u00famulos no Cemit\u00e9rio Municipal - Prefeitura de Camb\u00e9<\/title>\n<meta name=\"robots\" content=\"index, follow, max-snippet:-1, max-image-preview:large, max-video-preview:-1\" \/>\n<link rel=\"canonical\" href=\"https:\/\/www.cambe.pr.gov.br\/index.php\/prefeitura-de-cambe-faz-a-ampliacao-do-numero-de-tumulos-no-cemiterio-municipal\/\" \/>\n<meta property=\"og:locale\" content=\"pt_BR\" \/>\n<meta property=\"og:type\" content=\"article\" \/>\n<meta property=\"og:title\" content=\"Prefeitura de Camb\u00e9 faz a amplia\u00e7\u00e3o do n\u00famero de t\u00famulos no Cemit\u00e9rio Municipal - Prefeitura de Camb\u00e9\" \/>\n<meta property=\"og:description\" content=\"A Prefeitura de Camb\u00e9, por meio da Secretaria de Obras e da Companhia de Desenvolvimento, est\u00e1 fazendo a amplia\u00e7\u00e3o no n\u00famero de t\u00famulos do Cemit\u00e9rio Municipal Padre Symphoriano Kopf. Segundo informa\u00e7\u00f5es da Secretaria de Obras, na primeira etapa \u2013 entre 2020 e 2021 \u2013 foram entregues 100 t\u00famulos. Nesta segunda fase, v\u00e3o ser constru\u00eddos 156 [&hellip;]\" \/>\n<meta property=\"og:url\" content=\"https:\/\/www.cambe.pr.gov.br\/index.php\/prefeitura-de-cambe-faz-a-ampliacao-do-numero-de-tumulos-no-cemiterio-municipal\/\" \/>\n<meta property=\"og:site_name\" content=\"Prefeitura de Camb\u00e9\" \/>\n<meta property=\"article:publisher\" content=\"https:\/\/m.facebook.com\/prefeituradecambe\" \/>\n<meta property=\"article:published_time\" content=\"2021-08-17T14:15:48+00:00\" \/>\n<meta property=\"article:modified_time\" content=\"2024-10-07T16:00:23+00:00\" \/>\n<meta property=\"og:image\" content=\"http:\/\/www.cambe.pr.gov.br\/wp-content\/uploads\/2021\/08\/cemiterio-cambe-300x200.png\" \/>\n<meta name=\"author\" content=\"Thiago Mossini Balbino dos Santos\" \/>\n<meta name=\"twitter:card\" content=\"summary_large_image\" \/>\n<meta name=\"twitter:label1\" content=\"Escrito por\" \/>\n\t<meta name=\"twitter:data1\" content=\"Thiago Mossini Balbino dos Santos\" \/>\n\t<meta name=\"twitter:label2\" content=\"Est. tempo de leitura\" \/>\n\t<meta name=\"twitter:data2\" content=\"2 minutos\" \/>\n<script type=\"application\/ld+json\" class=\"yoast-schema-graph\">{\"@context\":\"https:\\\/\\\/schema.org\",\"@graph\":[{\"@type\":\"Article\",\"@id\":\"https:\\\/\\\/www.cambe.pr.gov.br\\\/index.php\\\/prefeitura-de-cambe-faz-a-ampliacao-do-numero-de-tumulos-no-cemiterio-municipal\\\/#article\",\"isPartOf\":{\"@id\":\"https:\\\/\\\/www.cambe.pr.gov.br\\\/index.php\\\/prefeitura-de-cambe-faz-a-ampliacao-do-numero-de-tumulos-no-cemiterio-municipal\\\/\"},\"author\":{\"name\":\"Thiago Mossini Balbino dos Santos\",\"@id\":\"https:\\\/\\\/www.cambe.pr.gov.br\\\/#\\\/schema\\\/person\\\/e08f7c43a641b2ec036e4e867ec483e4\"},\"headline\":\"Prefeitura de Camb\u00e9 faz a amplia\u00e7\u00e3o do n\u00famero de t\u00famulos no Cemit\u00e9rio Municipal\",\"datePublished\":\"2021-08-17T14:15:48+00:00\",\"dateModified\":\"2024-10-07T16:00:23+00:00\",\"mainEntityOfPage\":{\"@id\":\"https:\\\/\\\/www.cambe.pr.gov.br\\\/index.php\\\/prefeitura-de-cambe-faz-a-ampliacao-do-numero-de-tumulos-no-cemiterio-municipal\\\/\"},\"wordCount\":505,\"publisher\":{\"@id\":\"https:\\\/\\\/www.cambe.pr.gov.br\\\/#organization\"},\"image\":{\"@id\":\"https:\\\/\\\/www.cambe.pr.gov.br\\\/index.php\\\/prefeitura-de-cambe-faz-a-ampliacao-do-numero-de-tumulos-no-cemiterio-municipal\\\/#primaryimage\"},\"thumbnailUrl\":\"http:\\\/\\\/www.cambe.pr.gov.br\\\/wp-content\\\/uploads\\\/2021\\\/08\\\/cemiterio-cambe-300x200.png\",\"articleSection\":[\"Principal\"],\"inLanguage\":\"pt-BR\"},{\"@type\":\"WebPage\",\"@id\":\"https:\\\/\\\/www.cambe.pr.gov.br\\\/index.php\\\/prefeitura-de-cambe-faz-a-ampliacao-do-numero-de-tumulos-no-cemiterio-municipal\\\/\",\"url\":\"https:\\\/\\\/www.cambe.pr.gov.br\\\/index.php\\\/prefeitura-de-cambe-faz-a-ampliacao-do-numero-de-tumulos-no-cemiterio-municipal\\\/\",\"name\":\"Prefeitura de Camb\u00e9 faz a amplia\u00e7\u00e3o do n\u00famero de t\u00famulos no Cemit\u00e9rio Municipal - Prefeitura de Camb\u00e9\",\"isPartOf\":{\"@id\":\"https:\\\/\\\/www.cambe.pr.gov.br\\\/#website\"},\"primaryImageOfPage\":{\"@id\":\"https:\\\/\\\/www.cambe.pr.gov.br\\\/index.php\\\/prefeitura-de-cambe-faz-a-ampliacao-do-numero-de-tumulos-no-cemiterio-municipal\\\/#primaryimage\"},\"image\":{\"@id\":\"https:\\\/\\\/www.cambe.pr.gov.br\\\/index.php\\\/prefeitura-de-cambe-faz-a-ampliacao-do-numero-de-tumulos-no-cemiterio-municipal\\\/#primaryimage\"},\"thumbnailUrl\":\"http:\\\/\\\/www.cambe.pr.gov.br\\\/wp-content\\\/uploads\\\/2021\\\/08\\\/cemiterio-cambe-300x200.png\",\"datePublished\":\"2021-08-17T14:15:48+00:00\",\"dateModified\":\"2024-10-07T16:00:23+00:00\",\"breadcrumb\":{\"@id\":\"https:\\\/\\\/www.cambe.pr.gov.br\\\/index.php\\\/prefeitura-de-cambe-faz-a-ampliacao-do-numero-de-tumulos-no-cemiterio-municipal\\\/#breadcrumb\"},\"inLanguage\":\"pt-BR\",\"potentialAction\":[{\"@type\":\"ReadAction\",\"target\":[\"https:\\\/\\\/www.cambe.pr.gov.br\\\/index.php\\\/prefeitura-de-cambe-faz-a-ampliacao-do-numero-de-tumulos-no-cemiterio-municipal\\\/\"]}]},{\"@type\":\"ImageObject\",\"inLanguage\":\"pt-BR\",\"@id\":\"https:\\\/\\\/www.cambe.pr.gov.br\\\/index.php\\\/prefeitura-de-cambe-faz-a-ampliacao-do-numero-de-tumulos-no-cemiterio-municipal\\\/#primaryimage\",\"url\":\"http:\\\/\\\/www.cambe.pr.gov.br\\\/wp-content\\\/uploads\\\/2021\\\/08\\\/cemiterio-cambe-300x200.png\",\"contentUrl\":\"http:\\\/\\\/www.cambe.pr.gov.br\\\/wp-content\\\/uploads\\\/2021\\\/08\\\/cemiterio-cambe-300x200.png\"},{\"@type\":\"BreadcrumbList\",\"@id\":\"https:\\\/\\\/www.cambe.pr.gov.br\\\/index.php\\\/prefeitura-de-cambe-faz-a-ampliacao-do-numero-de-tumulos-no-cemiterio-municipal\\\/#breadcrumb\",\"itemListElement\":[{\"@type\":\"ListItem\",\"position\":1,\"name\":\"In\u00edcio\",\"item\":\"https:\\\/\\\/www.cambe.pr.gov.br\\\/\"},{\"@type\":\"ListItem\",\"position\":2,\"name\":\"Prefeitura de Camb\u00e9 faz a amplia\u00e7\u00e3o do n\u00famero de t\u00famulos no Cemit\u00e9rio Municipal\"}]},{\"@type\":\"WebSite\",\"@id\":\"https:\\\/\\\/www.cambe.pr.gov.br\\\/#website\",\"url\":\"https:\\\/\\\/www.cambe.pr.gov.br\\\/\",\"name\":\"Prefeitura de Camb\u00e9\",\"description\":\"UM GOVERNO PARA TODOS\",\"publisher\":{\"@id\":\"https:\\\/\\\/www.cambe.pr.gov.br\\\/#organization\"},\"potentialAction\":[{\"@type\":\"SearchAction\",\"target\":{\"@type\":\"EntryPoint\",\"urlTemplate\":\"https:\\\/\\\/www.cambe.pr.gov.br\\\/?s={search_term_string}\"},\"query-input\":{\"@type\":\"PropertyValueSpecification\",\"valueRequired\":true,\"valueName\":\"search_term_string\"}}],\"inLanguage\":\"pt-BR\"},{\"@type\":\"Organization\",\"@id\":\"https:\\\/\\\/www.cambe.pr.gov.br\\\/#organization\",\"name\":\"Prefeitura de Camb\u00e9\",\"url\":\"https:\\\/\\\/www.cambe.pr.gov.br\\\/\",\"logo\":{\"@type\":\"ImageObject\",\"inLanguage\":\"pt-BR\",\"@id\":\"https:\\\/\\\/www.cambe.pr.gov.br\\\/#\\\/schema\\\/logo\\\/image\\\/\",\"url\":\"https:\\\/\\\/www.cambe.pr.gov.br\\\/wp-content\\\/uploads\\\/2021\\\/01\\\/cropped-cropped-cambe_brazao-icone.png\",\"contentUrl\":\"https:\\\/\\\/www.cambe.pr.gov.br\\\/wp-content\\\/uploads\\\/2021\\\/01\\\/cropped-cropped-cambe_brazao-icone.png\",\"width\":240,\"height\":240,\"caption\":\"Prefeitura de Camb\u00e9\"},\"image\":{\"@id\":\"https:\\\/\\\/www.cambe.pr.gov.br\\\/#\\\/schema\\\/logo\\\/image\\\/\"},\"sameAs\":[\"https:\\\/\\\/m.facebook.com\\\/prefeituradecambe\"]},{\"@type\":\"Person\",\"@id\":\"https:\\\/\\\/www.cambe.pr.gov.br\\\/#\\\/schema\\\/person\\\/e08f7c43a641b2ec036e4e867ec483e4\",\"name\":\"Thiago Mossini Balbino dos Santos\",\"image\":{\"@type\":\"ImageObject\",\"inLanguage\":\"pt-BR\",\"@id\":\"https:\\\/\\\/secure.gravatar.com\\\/avatar\\\/d957ed4e1bc3ebf5769d1003f9709cd2012ebf424eb4a5d76a933fee30e874b6?s=96&d=mm&r=g\",\"url\":\"https:\\\/\\\/secure.gravatar.com\\\/avatar\\\/d957ed4e1bc3ebf5769d1003f9709cd2012ebf424eb4a5d76a933fee30e874b6?s=96&d=mm&r=g\",\"contentUrl\":\"https:\\\/\\\/secure.gravatar.com\\\/avatar\\\/d957ed4e1bc3ebf5769d1003f9709cd2012ebf424eb4a5d76a933fee30e874b6?s=96&d=mm&r=g\",\"caption\":\"Thiago Mossini Balbino dos Santos\"},\"url\":\"https:\\\/\\\/www.cambe.pr.gov.br\\\/index.php\\\/author\\\/tmbsantos\\\/\"}]}<\/script>\n<!-- \/ Yoast SEO plugin. -->","yoast_head_json":{"title":"Prefeitura de Camb\u00e9 faz a amplia\u00e7\u00e3o do n\u00famero de t\u00famulos no Cemit\u00e9rio Municipal - Prefeitura de Camb\u00e9","robots":{"index":"index","follow":"follow","max-snippet":"max-snippet:-1","max-image-preview":"max-image-preview:large","max-video-preview":"max-video-preview:-1"},"canonical":"https:\/\/www.cambe.pr.gov.br\/index.php\/prefeitura-de-cambe-faz-a-ampliacao-do-numero-de-tumulos-no-cemiterio-municipal\/","og_locale":"pt_BR","og_type":"article","og_title":"Prefeitura de Camb\u00e9 faz a amplia\u00e7\u00e3o do n\u00famero de t\u00famulos no Cemit\u00e9rio Municipal - Prefeitura de Camb\u00e9","og_description":"A Prefeitura de Camb\u00e9, por meio da Secretaria de Obras e da Companhia de Desenvolvimento, est\u00e1 fazendo a amplia\u00e7\u00e3o no n\u00famero de t\u00famulos do Cemit\u00e9rio Municipal Padre Symphoriano Kopf. Segundo informa\u00e7\u00f5es da Secretaria de Obras, na primeira etapa \u2013 entre 2020 e 2021 \u2013 foram entregues 100 t\u00famulos. Nesta segunda fase, v\u00e3o ser constru\u00eddos 156 [&hellip;]","og_url":"https:\/\/www.cambe.pr.gov.br\/index.php\/prefeitura-de-cambe-faz-a-ampliacao-do-numero-de-tumulos-no-cemiterio-municipal\/","og_site_name":"Prefeitura de Camb\u00e9","article_publisher":"https:\/\/m.facebook.com\/prefeituradecambe","article_published_time":"2021-08-17T14:15:48+00:00","article_modified_time":"2024-10-07T16:00:23+00:00","og_image":[{"url":"http:\/\/www.cambe.pr.gov.br\/wp-content\/uploads\/2021\/08\/cemiterio-cambe-300x200.png","type":"","width":"","height":""}],"author":"Thiago Mossini Balbino dos Santos","twitter_card":"summary_large_image","twitter_misc":{"Escrito por":"Thiago Mossini Balbino dos Santos","Est. tempo de leitura":"2 minutos"},"schema":{"@context":"https:\/\/schema.org","@graph":[{"@type":"Article","@id":"https:\/\/www.cambe.pr.gov.br\/index.php\/prefeitura-de-cambe-faz-a-ampliacao-do-numero-de-tumulos-no-cemiterio-municipal\/#article","isPartOf":{"@id":"https:\/\/www.cambe.pr.gov.br\/index.php\/prefeitura-de-cambe-faz-a-ampliacao-do-numero-de-tumulos-no-cemiterio-municipal\/"},"author":{"name":"Thiago Mossini Balbino dos Santos","@id":"https:\/\/www.cambe.pr.gov.br\/#\/schema\/person\/e08f7c43a641b2ec036e4e867ec483e4"},"headline":"Prefeitura de Camb\u00e9 faz a amplia\u00e7\u00e3o do n\u00famero de t\u00famulos no Cemit\u00e9rio Municipal","datePublished":"2021-08-17T14:15:48+00:00","dateModified":"2024-10-07T16:00:23+00:00","mainEntityOfPage":{"@id":"https:\/\/www.cambe.pr.gov.br\/index.php\/prefeitura-de-cambe-faz-a-ampliacao-do-numero-de-tumulos-no-cemiterio-municipal\/"},"wordCount":505,"publisher":{"@id":"https:\/\/www.cambe.pr.gov.br\/#organization"},"image":{"@id":"https:\/\/www.cambe.pr.gov.br\/index.php\/prefeitura-de-cambe-faz-a-ampliacao-do-numero-de-tumulos-no-cemiterio-municipal\/#primaryimage"},"thumbnailUrl":"http:\/\/www.cambe.pr.gov.br\/wp-content\/uploads\/2021\/08\/cemiterio-cambe-300x200.png","articleSection":["Principal"],"inLanguage":"pt-BR"},{"@type":"WebPage","@id":"https:\/\/www.cambe.pr.gov.br\/index.php\/prefeitura-de-cambe-faz-a-ampliacao-do-numero-de-tumulos-no-cemiterio-municipal\/","url":"https:\/\/www.cambe.pr.gov.br\/index.php\/prefeitura-de-cambe-faz-a-ampliacao-do-numero-de-tumulos-no-cemiterio-municipal\/","name":"Prefeitura de Camb\u00e9 faz a amplia\u00e7\u00e3o do n\u00famero de t\u00famulos no Cemit\u00e9rio Municipal - Prefeitura de Camb\u00e9","isPartOf":{"@id":"https:\/\/www.cambe.pr.gov.br\/#website"},"primaryImageOfPage":{"@id":"https:\/\/www.cambe.pr.gov.br\/index.php\/prefeitura-de-cambe-faz-a-ampliacao-do-numero-de-tumulos-no-cemiterio-municipal\/#primaryimage"},"image":{"@id":"https:\/\/www.cambe.pr.gov.br\/index.php\/prefeitura-de-cambe-faz-a-ampliacao-do-numero-de-tumulos-no-cemiterio-municipal\/#primaryimage"},"thumbnailUrl":"http:\/\/www.cambe.pr.gov.br\/wp-content\/uploads\/2021\/08\/cemiterio-cambe-300x200.png","datePublished":"2021-08-17T14:15:48+00:00","dateModified":"2024-10-07T16:00:23+00:00","breadcrumb":{"@id":"https:\/\/www.cambe.pr.gov.br\/index.php\/prefeitura-de-cambe-faz-a-ampliacao-do-numero-de-tumulos-no-cemiterio-municipal\/#breadcrumb"},"inLanguage":"pt-BR","potentialAction":[{"@type":"ReadAction","target":["https:\/\/www.cambe.pr.gov.br\/index.php\/prefeitura-de-cambe-faz-a-ampliacao-do-numero-de-tumulos-no-cemiterio-municipal\/"]}]},{"@type":"ImageObject","inLanguage":"pt-BR","@id":"https:\/\/www.cambe.pr.gov.br\/index.php\/prefeitura-de-cambe-faz-a-ampliacao-do-numero-de-tumulos-no-cemiterio-municipal\/#primaryimage","url":"http:\/\/www.cambe.pr.gov.br\/wp-content\/uploads\/2021\/08\/cemiterio-cambe-300x200.png","contentUrl":"http:\/\/www.cambe.pr.gov.br\/wp-content\/uploads\/2021\/08\/cemiterio-cambe-300x200.png"},{"@type":"BreadcrumbList","@id":"https:\/\/www.cambe.pr.gov.br\/index.php\/prefeitura-de-cambe-faz-a-ampliacao-do-numero-de-tumulos-no-cemiterio-municipal\/#breadcrumb","itemListElement":[{"@type":"ListItem","position":1,"name":"In\u00edcio","item":"https:\/\/www.cambe.pr.gov.br\/"},{"@type":"ListItem","position":2,"name":"Prefeitura de Camb\u00e9 faz a amplia\u00e7\u00e3o do n\u00famero de t\u00famulos no Cemit\u00e9rio Municipal"}]},{"@type":"WebSite","@id":"https:\/\/www.cambe.pr.gov.br\/#website","url":"https:\/\/www.cambe.pr.gov.br\/","name":"Prefeitura de Camb\u00e9","description":"UM GOVERNO PARA TODOS","publisher":{"@id":"https:\/\/www.cambe.pr.gov.br\/#organization"},"potentialAction":[{"@type":"SearchAction","target":{"@type":"EntryPoint","urlTemplate":"https:\/\/www.cambe.pr.gov.br\/?s={search_term_string}"},"query-input":{"@type":"PropertyValueSpecification","valueRequired":true,"valueName":"search_term_string"}}],"inLanguage":"pt-BR"},{"@type":"Organization","@id":"https:\/\/www.cambe.pr.gov.br\/#organization","name":"Prefeitura de Camb\u00e9","url":"https:\/\/www.cambe.pr.gov.br\/","logo":{"@type":"ImageObject","inLanguage":"pt-BR","@id":"https:\/\/www.cambe.pr.gov.br\/#\/schema\/logo\/image\/","url":"https:\/\/www.cambe.pr.gov.br\/wp-content\/uploads\/2021\/01\/cropped-cropped-cambe_brazao-icone.png","contentUrl":"https:\/\/www.cambe.pr.gov.br\/wp-content\/uploads\/2021\/01\/cropped-cropped-cambe_brazao-icone.png","width":240,"height":240,"caption":"Prefeitura de Camb\u00e9"},"image":{"@id":"https:\/\/www.cambe.pr.gov.br\/#\/schema\/logo\/image\/"},"sameAs":["https:\/\/m.facebook.com\/prefeituradecambe"]},{"@type":"Person","@id":"https:\/\/www.cambe.pr.gov.br\/#\/schema\/person\/e08f7c43a641b2ec036e4e867ec483e4","name":"Thiago Mossini Balbino dos Santos","image":{"@type":"ImageObject","inLanguage":"pt-BR","@id":"https:\/\/secure.gravatar.com\/avatar\/d957ed4e1bc3ebf5769d1003f9709cd2012ebf424eb4a5d76a933fee30e874b6?s=96&d=mm&r=g","url":"https:\/\/secure.gravatar.com\/avatar\/d957ed4e1bc3ebf5769d1003f9709cd2012ebf424eb4a5d76a933fee30e874b6?s=96&d=mm&r=g","contentUrl":"https:\/\/secure.gravatar.com\/avatar\/d957ed4e1bc3ebf5769d1003f9709cd2012ebf424eb4a5d76a933fee30e874b6?s=96&d=mm&r=g","caption":"Thiago Mossini Balbino dos Santos"},"url":"https:\/\/www.cambe.pr.gov.br\/index.php\/author\/tmbsantos\/"}]}},"_links":{"self":[{"href":"https:\/\/www.cambe.pr.gov.br\/index.php\/wp-json\/wp\/v2\/posts\/3039","targetHints":{"allow":["GET"]}}],"collection":[{"href":"https:\/\/www.cambe.pr.gov.br\/index.php\/wp-json\/wp\/v2\/posts"}],"about":[{"href":"https:\/\/www.cambe.pr.gov.br\/index.php\/wp-json\/wp\/v2\/types\/post"}],"author":[{"embeddable":true,"href":"https:\/\/www.cambe.pr.gov.br\/index.php\/wp-json\/wp\/v2\/users\/2"}],"replies":[{"embeddable":true,"href":"https:\/\/www.cambe.pr.gov.br\/index.php\/wp-json\/wp\/v2\/comments?post=3039"}],"version-history":[{"count":2,"href":"https:\/\/www.cambe.pr.gov.br\/index.php\/wp-json\/wp\/v2\/posts\/3039\/revisions"}],"predecessor-version":[{"id":3042,"href":"https:\/\/www.cambe.pr.gov.br\/index.php\/wp-json\/wp\/v2\/posts\/3039\/revisions\/3042"}],"wp:attachment":[{"href":"https:\/\/www.cambe.pr.gov.br\/index.php\/wp-json\/wp\/v2\/media?parent=3039"}],"wp:term":[{"taxonomy":"category","embeddable":true,"href":"https:\/\/www.cambe.pr.gov.br\/index.php\/wp-json\/wp\/v2\/categories?post=3039"},{"taxonomy":"post_tag","embeddable":true,"href":"https:\/\/www.cambe.pr.gov.br\/index.php\/wp-json\/wp\/v2\/tags?post=3039"}],"curies":[{"name":"wp","href":"https:\/\/api.w.org\/{rel}","templated":true}]}}