{"id":3030,"date":"2021-08-16T14:01:04","date_gmt":"2021-08-16T17:01:04","guid":{"rendered":"http:\/\/www.cambe.pr.gov.br\/?p=3030"},"modified":"2024-10-07T13:00:23","modified_gmt":"2024-10-07T16:00:23","slug":"abertas-inscricoes-para-a-13a-conferencia-municipal-de-assistencia-social","status":"publish","type":"post","link":"https:\/\/www.cambe.pr.gov.br\/index.php\/abertas-inscricoes-para-a-13a-conferencia-municipal-de-assistencia-social\/","title":{"rendered":"Abertas inscri\u00e7\u00f5es para a 13\u00aa Confer\u00eancia Municipal de Assist\u00eancia Social"},"content":{"rendered":"<p style=\"text-align: justify;\"><span style=\"font-family: arial, helvetica, sans-serif;\"><img fetchpriority=\"high\" decoding=\"async\" class=\"size-medium wp-image-2904 alignleft\" src=\"https:\/\/www.cambe.pr.gov.br\/wp-content\/uploads\/2021\/08\/WhatsApp-Image-2021-08-10-at-09.00.56-300x213.jpeg\" alt=\"\" width=\"300\" height=\"213\" srcset=\"https:\/\/www.cambe.pr.gov.br\/wp-content\/uploads\/2021\/08\/WhatsApp-Image-2021-08-10-at-09.00.56-300x213.jpeg 300w, https:\/\/www.cambe.pr.gov.br\/wp-content\/uploads\/2021\/08\/WhatsApp-Image-2021-08-10-at-09.00.56.jpeg 540w\" sizes=\"(max-width: 300px) 100vw, 300px\" \/>O Conselho Municipal de Assist\u00eancia Social de Camb\u00e9, em parceria com a Secretaria Municipal de Assist\u00eancia Social e Cidadania, convida a popula\u00e7\u00e3o para participar da 13\u00aa Confer\u00eancia Municipal de Assist\u00eancia Social, que ser\u00e1 realizada no dia 19 de Agosto de 2021, com o Tema \u201cAssist\u00eancia Social: Direito do povo e dever do Estado, com financiamento p\u00fablico, para enfrentar as desigualdades e garantir prote\u00e7\u00e3o social \u201d.<\/span><\/p>\n<p style=\"text-align: justify;\"><strong><span style=\"font-family: arial, helvetica, sans-serif;\">PROGRAMA\u00c7\u00c3O: <\/span><\/strong><br \/>\n<span style=\"font-family: arial, helvetica, sans-serif;\">12h: Inscri\u00e7\u00e3o e Credenciamento<\/span><br \/>\n<span style=\"font-family: arial, helvetica, sans-serif;\">13h: Abertura Oficial <\/span><br \/>\n<span style=\"font-family: arial, helvetica, sans-serif;\">13h30: Leitura e aprova\u00e7\u00e3o do Regimento Interno <\/span><br \/>\n<span style=\"font-family: arial, helvetica, sans-serif;\">14h: Palestra &#8220;Assist\u00eancia Social: Direito do povo e Dever do Estado, com financiamento p\u00fablico, para enfrentar as desigualdades e garantir prote\u00e7\u00e3o social\u201d (Fabr\u00edcio da Silva Campanucci \u2013 Presidente do CMAS) <\/span><br \/>\n<span style=\"font-family: arial, helvetica, sans-serif;\">14h20: Debate <\/span><br \/>\n<span style=\"font-family: arial, helvetica, sans-serif;\">14h45: Plen\u00e1ria de apresenta\u00e7\u00e3o e delibera\u00e7\u00e3o sobre as propostas e mo\u00e7\u00f5es, com orienta\u00e7\u00f5es sobre a vota\u00e7\u00e3o<\/span><br \/>\n<span style=\"font-family: arial, helvetica, sans-serif;\">16h30: Escolha da\/o delegada\/o para a Confer\u00eancia Estadual de Assist\u00eancia Social 16h45: Encerramento<\/span><\/p>\n<p style=\"text-align: justify;\"><span style=\"font-family: arial, helvetica, sans-serif;\">A fim de cumprir as orienta\u00e7\u00f5es sanit\u00e1rias relacionadas a COVID-19, a Confer\u00eancia ser\u00e1 realizada de forma h\u00edbrida. Os (as) interessados (as) dever\u00e3o se inscrever at\u00e9 \u00e0s 12h desta quinta-feira (19), atrav\u00e9s do link: <a href=\"https:\/\/docs.google.com\/forms\/d\/e\/1FAIpQLSc6QOrKqs2SVst-OSPuV1n09-MNl48FCkzj54FliXHjnZyxrA\/viewform?vc=0&amp;c=0&amp;w=1&amp;flr=0\">https:\/\/docs.google.com\/forms\/d\/e\/1FAIpQLSc6QOrKqs2SVst-OSPuV1n09-MNl48FCkzj54FliXHjnZyxrA\/viewform?vc=0&amp;c=0&amp;w=1&amp;flr=0<\/a>&nbsp;Ap\u00f3s efetuar a inscri\u00e7\u00e3o, voc\u00ea receber\u00e1 o link de acesso.<\/span><\/p>\n<p style=\"text-align: justify;\"><span style=\"font-family: arial, helvetica, sans-serif;\">Para outras informa\u00e7\u00f5es, o telefone para contato \u00e9 3174-0294.<\/span><\/p>\n","protected":false},"excerpt":{"rendered":"<p>O Conselho Municipal de Assist\u00eancia Social de Camb\u00e9, em parceria com a Secretaria Municipal de Assist\u00eancia Social e Cidadania, convida a popula\u00e7\u00e3o para participar da 13\u00aa Confer\u00eancia Municipal de Assist\u00eancia Social, que ser\u00e1 realizada no dia 19 de Agosto de 2021, com o Tema \u201cAssist\u00eancia Social: Direito do povo e dever do Estado, com financiamento [&hellip;]<\/p>\n","protected":false},"author":2,"featured_media":0,"comment_status":"closed","ping_status":"open","sticky":false,"template":"","format":"standard","meta":{"ngg_post_thumbnail":0,"footnotes":""},"categories":[1],"tags":[],"class_list":["post-3030","post","type-post","status-publish","format-standard","hentry","category-principal"],"yoast_head":"<!-- This site is optimized with the Yoast SEO plugin v27.4 - https:\/\/yoast.com\/product\/yoast-seo-wordpress\/ -->\n<title>Abertas inscri\u00e7\u00f5es para a 13\u00aa Confer\u00eancia Municipal de Assist\u00eancia Social - Prefeitura de Camb\u00e9<\/title>\n<meta name=\"robots\" content=\"index, follow, max-snippet:-1, max-image-preview:large, max-video-preview:-1\" \/>\n<link rel=\"canonical\" href=\"https:\/\/www.cambe.pr.gov.br\/index.php\/abertas-inscricoes-para-a-13a-conferencia-municipal-de-assistencia-social\/\" \/>\n<meta property=\"og:locale\" content=\"pt_BR\" \/>\n<meta property=\"og:type\" content=\"article\" \/>\n<meta property=\"og:title\" content=\"Abertas inscri\u00e7\u00f5es para a 13\u00aa Confer\u00eancia Municipal de Assist\u00eancia Social - Prefeitura de Camb\u00e9\" \/>\n<meta property=\"og:description\" content=\"O Conselho Municipal de Assist\u00eancia Social de Camb\u00e9, em parceria com a Secretaria Municipal de Assist\u00eancia Social e Cidadania, convida a popula\u00e7\u00e3o para participar da 13\u00aa Confer\u00eancia Municipal de Assist\u00eancia Social, que ser\u00e1 realizada no dia 19 de Agosto de 2021, com o Tema \u201cAssist\u00eancia Social: Direito do povo e dever do Estado, com financiamento [&hellip;]\" \/>\n<meta property=\"og:url\" content=\"https:\/\/www.cambe.pr.gov.br\/index.php\/abertas-inscricoes-para-a-13a-conferencia-municipal-de-assistencia-social\/\" \/>\n<meta property=\"og:site_name\" content=\"Prefeitura de Camb\u00e9\" \/>\n<meta property=\"article:publisher\" content=\"https:\/\/m.facebook.com\/prefeituradecambe\" \/>\n<meta property=\"article:published_time\" content=\"2021-08-16T17:01:04+00:00\" \/>\n<meta property=\"article:modified_time\" content=\"2024-10-07T16:00:23+00:00\" \/>\n<meta property=\"og:image\" content=\"http:\/\/www.cambe.pr.gov.br\/wp-content\/uploads\/2021\/08\/WhatsApp-Image-2021-08-10-at-09.00.56-300x213.jpeg\" \/>\n<meta name=\"author\" content=\"Thiago Mossini Balbino dos Santos\" \/>\n<meta name=\"twitter:card\" content=\"summary_large_image\" \/>\n<meta name=\"twitter:label1\" content=\"Escrito por\" \/>\n\t<meta name=\"twitter:data1\" content=\"Thiago Mossini Balbino dos Santos\" \/>\n\t<meta name=\"twitter:label2\" content=\"Est. tempo de leitura\" \/>\n\t<meta name=\"twitter:data2\" content=\"1 minuto\" \/>\n<script type=\"application\/ld+json\" class=\"yoast-schema-graph\">{\"@context\":\"https:\\\/\\\/schema.org\",\"@graph\":[{\"@type\":\"Article\",\"@id\":\"https:\\\/\\\/www.cambe.pr.gov.br\\\/index.php\\\/abertas-inscricoes-para-a-13a-conferencia-municipal-de-assistencia-social\\\/#article\",\"isPartOf\":{\"@id\":\"https:\\\/\\\/www.cambe.pr.gov.br\\\/index.php\\\/abertas-inscricoes-para-a-13a-conferencia-municipal-de-assistencia-social\\\/\"},\"author\":{\"name\":\"Thiago Mossini Balbino dos Santos\",\"@id\":\"https:\\\/\\\/www.cambe.pr.gov.br\\\/#\\\/schema\\\/person\\\/e08f7c43a641b2ec036e4e867ec483e4\"},\"headline\":\"Abertas inscri\u00e7\u00f5es para a 13\u00aa Confer\u00eancia Municipal de Assist\u00eancia Social\",\"datePublished\":\"2021-08-16T17:01:04+00:00\",\"dateModified\":\"2024-10-07T16:00:23+00:00\",\"mainEntityOfPage\":{\"@id\":\"https:\\\/\\\/www.cambe.pr.gov.br\\\/index.php\\\/abertas-inscricoes-para-a-13a-conferencia-municipal-de-assistencia-social\\\/\"},\"wordCount\":255,\"publisher\":{\"@id\":\"https:\\\/\\\/www.cambe.pr.gov.br\\\/#organization\"},\"image\":{\"@id\":\"https:\\\/\\\/www.cambe.pr.gov.br\\\/index.php\\\/abertas-inscricoes-para-a-13a-conferencia-municipal-de-assistencia-social\\\/#primaryimage\"},\"thumbnailUrl\":\"http:\\\/\\\/www.cambe.pr.gov.br\\\/wp-content\\\/uploads\\\/2021\\\/08\\\/WhatsApp-Image-2021-08-10-at-09.00.56-300x213.jpeg\",\"articleSection\":[\"Principal\"],\"inLanguage\":\"pt-BR\"},{\"@type\":\"WebPage\",\"@id\":\"https:\\\/\\\/www.cambe.pr.gov.br\\\/index.php\\\/abertas-inscricoes-para-a-13a-conferencia-municipal-de-assistencia-social\\\/\",\"url\":\"https:\\\/\\\/www.cambe.pr.gov.br\\\/index.php\\\/abertas-inscricoes-para-a-13a-conferencia-municipal-de-assistencia-social\\\/\",\"name\":\"Abertas inscri\u00e7\u00f5es para a 13\u00aa Confer\u00eancia Municipal de Assist\u00eancia Social - Prefeitura de Camb\u00e9\",\"isPartOf\":{\"@id\":\"https:\\\/\\\/www.cambe.pr.gov.br\\\/#website\"},\"primaryImageOfPage\":{\"@id\":\"https:\\\/\\\/www.cambe.pr.gov.br\\\/index.php\\\/abertas-inscricoes-para-a-13a-conferencia-municipal-de-assistencia-social\\\/#primaryimage\"},\"image\":{\"@id\":\"https:\\\/\\\/www.cambe.pr.gov.br\\\/index.php\\\/abertas-inscricoes-para-a-13a-conferencia-municipal-de-assistencia-social\\\/#primaryimage\"},\"thumbnailUrl\":\"http:\\\/\\\/www.cambe.pr.gov.br\\\/wp-content\\\/uploads\\\/2021\\\/08\\\/WhatsApp-Image-2021-08-10-at-09.00.56-300x213.jpeg\",\"datePublished\":\"2021-08-16T17:01:04+00:00\",\"dateModified\":\"2024-10-07T16:00:23+00:00\",\"breadcrumb\":{\"@id\":\"https:\\\/\\\/www.cambe.pr.gov.br\\\/index.php\\\/abertas-inscricoes-para-a-13a-conferencia-municipal-de-assistencia-social\\\/#breadcrumb\"},\"inLanguage\":\"pt-BR\",\"potentialAction\":[{\"@type\":\"ReadAction\",\"target\":[\"https:\\\/\\\/www.cambe.pr.gov.br\\\/index.php\\\/abertas-inscricoes-para-a-13a-conferencia-municipal-de-assistencia-social\\\/\"]}]},{\"@type\":\"ImageObject\",\"inLanguage\":\"pt-BR\",\"@id\":\"https:\\\/\\\/www.cambe.pr.gov.br\\\/index.php\\\/abertas-inscricoes-para-a-13a-conferencia-municipal-de-assistencia-social\\\/#primaryimage\",\"url\":\"http:\\\/\\\/www.cambe.pr.gov.br\\\/wp-content\\\/uploads\\\/2021\\\/08\\\/WhatsApp-Image-2021-08-10-at-09.00.56-300x213.jpeg\",\"contentUrl\":\"http:\\\/\\\/www.cambe.pr.gov.br\\\/wp-content\\\/uploads\\\/2021\\\/08\\\/WhatsApp-Image-2021-08-10-at-09.00.56-300x213.jpeg\"},{\"@type\":\"BreadcrumbList\",\"@id\":\"https:\\\/\\\/www.cambe.pr.gov.br\\\/index.php\\\/abertas-inscricoes-para-a-13a-conferencia-municipal-de-assistencia-social\\\/#breadcrumb\",\"itemListElement\":[{\"@type\":\"ListItem\",\"position\":1,\"name\":\"In\u00edcio\",\"item\":\"https:\\\/\\\/www.cambe.pr.gov.br\\\/\"},{\"@type\":\"ListItem\",\"position\":2,\"name\":\"Abertas inscri\u00e7\u00f5es para a 13\u00aa Confer\u00eancia Municipal de Assist\u00eancia Social\"}]},{\"@type\":\"WebSite\",\"@id\":\"https:\\\/\\\/www.cambe.pr.gov.br\\\/#website\",\"url\":\"https:\\\/\\\/www.cambe.pr.gov.br\\\/\",\"name\":\"Prefeitura de Camb\u00e9\",\"description\":\"UM GOVERNO PARA TODOS\",\"publisher\":{\"@id\":\"https:\\\/\\\/www.cambe.pr.gov.br\\\/#organization\"},\"potentialAction\":[{\"@type\":\"SearchAction\",\"target\":{\"@type\":\"EntryPoint\",\"urlTemplate\":\"https:\\\/\\\/www.cambe.pr.gov.br\\\/?s={search_term_string}\"},\"query-input\":{\"@type\":\"PropertyValueSpecification\",\"valueRequired\":true,\"valueName\":\"search_term_string\"}}],\"inLanguage\":\"pt-BR\"},{\"@type\":\"Organization\",\"@id\":\"https:\\\/\\\/www.cambe.pr.gov.br\\\/#organization\",\"name\":\"Prefeitura de Camb\u00e9\",\"url\":\"https:\\\/\\\/www.cambe.pr.gov.br\\\/\",\"logo\":{\"@type\":\"ImageObject\",\"inLanguage\":\"pt-BR\",\"@id\":\"https:\\\/\\\/www.cambe.pr.gov.br\\\/#\\\/schema\\\/logo\\\/image\\\/\",\"url\":\"https:\\\/\\\/www.cambe.pr.gov.br\\\/wp-content\\\/uploads\\\/2021\\\/01\\\/cropped-cropped-cambe_brazao-icone.png\",\"contentUrl\":\"https:\\\/\\\/www.cambe.pr.gov.br\\\/wp-content\\\/uploads\\\/2021\\\/01\\\/cropped-cropped-cambe_brazao-icone.png\",\"width\":240,\"height\":240,\"caption\":\"Prefeitura de Camb\u00e9\"},\"image\":{\"@id\":\"https:\\\/\\\/www.cambe.pr.gov.br\\\/#\\\/schema\\\/logo\\\/image\\\/\"},\"sameAs\":[\"https:\\\/\\\/m.facebook.com\\\/prefeituradecambe\"]},{\"@type\":\"Person\",\"@id\":\"https:\\\/\\\/www.cambe.pr.gov.br\\\/#\\\/schema\\\/person\\\/e08f7c43a641b2ec036e4e867ec483e4\",\"name\":\"Thiago Mossini Balbino dos Santos\",\"image\":{\"@type\":\"ImageObject\",\"inLanguage\":\"pt-BR\",\"@id\":\"https:\\\/\\\/secure.gravatar.com\\\/avatar\\\/d957ed4e1bc3ebf5769d1003f9709cd2012ebf424eb4a5d76a933fee30e874b6?s=96&d=mm&r=g\",\"url\":\"https:\\\/\\\/secure.gravatar.com\\\/avatar\\\/d957ed4e1bc3ebf5769d1003f9709cd2012ebf424eb4a5d76a933fee30e874b6?s=96&d=mm&r=g\",\"contentUrl\":\"https:\\\/\\\/secure.gravatar.com\\\/avatar\\\/d957ed4e1bc3ebf5769d1003f9709cd2012ebf424eb4a5d76a933fee30e874b6?s=96&d=mm&r=g\",\"caption\":\"Thiago Mossini Balbino dos Santos\"},\"url\":\"https:\\\/\\\/www.cambe.pr.gov.br\\\/index.php\\\/author\\\/tmbsantos\\\/\"}]}<\/script>\n<!-- \/ Yoast SEO plugin. -->","yoast_head_json":{"title":"Abertas inscri\u00e7\u00f5es para a 13\u00aa Confer\u00eancia Municipal de Assist\u00eancia Social - Prefeitura de Camb\u00e9","robots":{"index":"index","follow":"follow","max-snippet":"max-snippet:-1","max-image-preview":"max-image-preview:large","max-video-preview":"max-video-preview:-1"},"canonical":"https:\/\/www.cambe.pr.gov.br\/index.php\/abertas-inscricoes-para-a-13a-conferencia-municipal-de-assistencia-social\/","og_locale":"pt_BR","og_type":"article","og_title":"Abertas inscri\u00e7\u00f5es para a 13\u00aa Confer\u00eancia Municipal de Assist\u00eancia Social - Prefeitura de Camb\u00e9","og_description":"O Conselho Municipal de Assist\u00eancia Social de Camb\u00e9, em parceria com a Secretaria Municipal de Assist\u00eancia Social e Cidadania, convida a popula\u00e7\u00e3o para participar da 13\u00aa Confer\u00eancia Municipal de Assist\u00eancia Social, que ser\u00e1 realizada no dia 19 de Agosto de 2021, com o Tema \u201cAssist\u00eancia Social: Direito do povo e dever do Estado, com financiamento [&hellip;]","og_url":"https:\/\/www.cambe.pr.gov.br\/index.php\/abertas-inscricoes-para-a-13a-conferencia-municipal-de-assistencia-social\/","og_site_name":"Prefeitura de Camb\u00e9","article_publisher":"https:\/\/m.facebook.com\/prefeituradecambe","article_published_time":"2021-08-16T17:01:04+00:00","article_modified_time":"2024-10-07T16:00:23+00:00","og_image":[{"url":"http:\/\/www.cambe.pr.gov.br\/wp-content\/uploads\/2021\/08\/WhatsApp-Image-2021-08-10-at-09.00.56-300x213.jpeg","type":"","width":"","height":""}],"author":"Thiago Mossini Balbino dos Santos","twitter_card":"summary_large_image","twitter_misc":{"Escrito por":"Thiago Mossini Balbino dos Santos","Est. tempo de leitura":"1 minuto"},"schema":{"@context":"https:\/\/schema.org","@graph":[{"@type":"Article","@id":"https:\/\/www.cambe.pr.gov.br\/index.php\/abertas-inscricoes-para-a-13a-conferencia-municipal-de-assistencia-social\/#article","isPartOf":{"@id":"https:\/\/www.cambe.pr.gov.br\/index.php\/abertas-inscricoes-para-a-13a-conferencia-municipal-de-assistencia-social\/"},"author":{"name":"Thiago Mossini Balbino dos Santos","@id":"https:\/\/www.cambe.pr.gov.br\/#\/schema\/person\/e08f7c43a641b2ec036e4e867ec483e4"},"headline":"Abertas inscri\u00e7\u00f5es para a 13\u00aa Confer\u00eancia Municipal de Assist\u00eancia Social","datePublished":"2021-08-16T17:01:04+00:00","dateModified":"2024-10-07T16:00:23+00:00","mainEntityOfPage":{"@id":"https:\/\/www.cambe.pr.gov.br\/index.php\/abertas-inscricoes-para-a-13a-conferencia-municipal-de-assistencia-social\/"},"wordCount":255,"publisher":{"@id":"https:\/\/www.cambe.pr.gov.br\/#organization"},"image":{"@id":"https:\/\/www.cambe.pr.gov.br\/index.php\/abertas-inscricoes-para-a-13a-conferencia-municipal-de-assistencia-social\/#primaryimage"},"thumbnailUrl":"http:\/\/www.cambe.pr.gov.br\/wp-content\/uploads\/2021\/08\/WhatsApp-Image-2021-08-10-at-09.00.56-300x213.jpeg","articleSection":["Principal"],"inLanguage":"pt-BR"},{"@type":"WebPage","@id":"https:\/\/www.cambe.pr.gov.br\/index.php\/abertas-inscricoes-para-a-13a-conferencia-municipal-de-assistencia-social\/","url":"https:\/\/www.cambe.pr.gov.br\/index.php\/abertas-inscricoes-para-a-13a-conferencia-municipal-de-assistencia-social\/","name":"Abertas inscri\u00e7\u00f5es para a 13\u00aa Confer\u00eancia Municipal de Assist\u00eancia Social - Prefeitura de Camb\u00e9","isPartOf":{"@id":"https:\/\/www.cambe.pr.gov.br\/#website"},"primaryImageOfPage":{"@id":"https:\/\/www.cambe.pr.gov.br\/index.php\/abertas-inscricoes-para-a-13a-conferencia-municipal-de-assistencia-social\/#primaryimage"},"image":{"@id":"https:\/\/www.cambe.pr.gov.br\/index.php\/abertas-inscricoes-para-a-13a-conferencia-municipal-de-assistencia-social\/#primaryimage"},"thumbnailUrl":"http:\/\/www.cambe.pr.gov.br\/wp-content\/uploads\/2021\/08\/WhatsApp-Image-2021-08-10-at-09.00.56-300x213.jpeg","datePublished":"2021-08-16T17:01:04+00:00","dateModified":"2024-10-07T16:00:23+00:00","breadcrumb":{"@id":"https:\/\/www.cambe.pr.gov.br\/index.php\/abertas-inscricoes-para-a-13a-conferencia-municipal-de-assistencia-social\/#breadcrumb"},"inLanguage":"pt-BR","potentialAction":[{"@type":"ReadAction","target":["https:\/\/www.cambe.pr.gov.br\/index.php\/abertas-inscricoes-para-a-13a-conferencia-municipal-de-assistencia-social\/"]}]},{"@type":"ImageObject","inLanguage":"pt-BR","@id":"https:\/\/www.cambe.pr.gov.br\/index.php\/abertas-inscricoes-para-a-13a-conferencia-municipal-de-assistencia-social\/#primaryimage","url":"http:\/\/www.cambe.pr.gov.br\/wp-content\/uploads\/2021\/08\/WhatsApp-Image-2021-08-10-at-09.00.56-300x213.jpeg","contentUrl":"http:\/\/www.cambe.pr.gov.br\/wp-content\/uploads\/2021\/08\/WhatsApp-Image-2021-08-10-at-09.00.56-300x213.jpeg"},{"@type":"BreadcrumbList","@id":"https:\/\/www.cambe.pr.gov.br\/index.php\/abertas-inscricoes-para-a-13a-conferencia-municipal-de-assistencia-social\/#breadcrumb","itemListElement":[{"@type":"ListItem","position":1,"name":"In\u00edcio","item":"https:\/\/www.cambe.pr.gov.br\/"},{"@type":"ListItem","position":2,"name":"Abertas inscri\u00e7\u00f5es para a 13\u00aa Confer\u00eancia Municipal de Assist\u00eancia Social"}]},{"@type":"WebSite","@id":"https:\/\/www.cambe.pr.gov.br\/#website","url":"https:\/\/www.cambe.pr.gov.br\/","name":"Prefeitura de Camb\u00e9","description":"UM GOVERNO PARA TODOS","publisher":{"@id":"https:\/\/www.cambe.pr.gov.br\/#organization"},"potentialAction":[{"@type":"SearchAction","target":{"@type":"EntryPoint","urlTemplate":"https:\/\/www.cambe.pr.gov.br\/?s={search_term_string}"},"query-input":{"@type":"PropertyValueSpecification","valueRequired":true,"valueName":"search_term_string"}}],"inLanguage":"pt-BR"},{"@type":"Organization","@id":"https:\/\/www.cambe.pr.gov.br\/#organization","name":"Prefeitura de Camb\u00e9","url":"https:\/\/www.cambe.pr.gov.br\/","logo":{"@type":"ImageObject","inLanguage":"pt-BR","@id":"https:\/\/www.cambe.pr.gov.br\/#\/schema\/logo\/image\/","url":"https:\/\/www.cambe.pr.gov.br\/wp-content\/uploads\/2021\/01\/cropped-cropped-cambe_brazao-icone.png","contentUrl":"https:\/\/www.cambe.pr.gov.br\/wp-content\/uploads\/2021\/01\/cropped-cropped-cambe_brazao-icone.png","width":240,"height":240,"caption":"Prefeitura de Camb\u00e9"},"image":{"@id":"https:\/\/www.cambe.pr.gov.br\/#\/schema\/logo\/image\/"},"sameAs":["https:\/\/m.facebook.com\/prefeituradecambe"]},{"@type":"Person","@id":"https:\/\/www.cambe.pr.gov.br\/#\/schema\/person\/e08f7c43a641b2ec036e4e867ec483e4","name":"Thiago Mossini Balbino dos Santos","image":{"@type":"ImageObject","inLanguage":"pt-BR","@id":"https:\/\/secure.gravatar.com\/avatar\/d957ed4e1bc3ebf5769d1003f9709cd2012ebf424eb4a5d76a933fee30e874b6?s=96&d=mm&r=g","url":"https:\/\/secure.gravatar.com\/avatar\/d957ed4e1bc3ebf5769d1003f9709cd2012ebf424eb4a5d76a933fee30e874b6?s=96&d=mm&r=g","contentUrl":"https:\/\/secure.gravatar.com\/avatar\/d957ed4e1bc3ebf5769d1003f9709cd2012ebf424eb4a5d76a933fee30e874b6?s=96&d=mm&r=g","caption":"Thiago Mossini Balbino dos Santos"},"url":"https:\/\/www.cambe.pr.gov.br\/index.php\/author\/tmbsantos\/"}]}},"_links":{"self":[{"href":"https:\/\/www.cambe.pr.gov.br\/index.php\/wp-json\/wp\/v2\/posts\/3030","targetHints":{"allow":["GET"]}}],"collection":[{"href":"https:\/\/www.cambe.pr.gov.br\/index.php\/wp-json\/wp\/v2\/posts"}],"about":[{"href":"https:\/\/www.cambe.pr.gov.br\/index.php\/wp-json\/wp\/v2\/types\/post"}],"author":[{"embeddable":true,"href":"https:\/\/www.cambe.pr.gov.br\/index.php\/wp-json\/wp\/v2\/users\/2"}],"replies":[{"embeddable":true,"href":"https:\/\/www.cambe.pr.gov.br\/index.php\/wp-json\/wp\/v2\/comments?post=3030"}],"version-history":[{"count":2,"href":"https:\/\/www.cambe.pr.gov.br\/index.php\/wp-json\/wp\/v2\/posts\/3030\/revisions"}],"predecessor-version":[{"id":3038,"href":"https:\/\/www.cambe.pr.gov.br\/index.php\/wp-json\/wp\/v2\/posts\/3030\/revisions\/3038"}],"wp:attachment":[{"href":"https:\/\/www.cambe.pr.gov.br\/index.php\/wp-json\/wp\/v2\/media?parent=3030"}],"wp:term":[{"taxonomy":"category","embeddable":true,"href":"https:\/\/www.cambe.pr.gov.br\/index.php\/wp-json\/wp\/v2\/categories?post=3030"},{"taxonomy":"post_tag","embeddable":true,"href":"https:\/\/www.cambe.pr.gov.br\/index.php\/wp-json\/wp\/v2\/tags?post=3030"}],"curies":[{"name":"wp","href":"https:\/\/api.w.org\/{rel}","templated":true}]}}