{"id":3009,"date":"2021-08-12T11:29:31","date_gmt":"2021-08-12T14:29:31","guid":{"rendered":"http:\/\/www.cambe.pr.gov.br\/?p=3009"},"modified":"2024-10-07T13:00:23","modified_gmt":"2024-10-07T16:00:23","slug":"rede-atacadista-abre-cadastro-para-280-vagas-de-emprego-na-nova-unidade-da-rede","status":"publish","type":"post","link":"https:\/\/www.cambe.pr.gov.br\/index.php\/rede-atacadista-abre-cadastro-para-280-vagas-de-emprego-na-nova-unidade-da-rede\/","title":{"rendered":"Grupo atacadista abre cadastro para 280 vagas de emprego na nova unidade"},"content":{"rendered":"<p style=\"text-align: justify;\"><span style=\"font-family: arial, helvetica, sans-serif;\"><img fetchpriority=\"high\" decoding=\"async\" class=\"alignleft wp-image-3010\" src=\"https:\/\/www.cambe.pr.gov.br\/wp-content\/uploads\/2021\/08\/carteira-de-trabalho-300x220.jpg\" alt=\"\" width=\"300\" height=\"220\">A Secretaria Municipal de Trabalho de Camb\u00e9 informa que uma rede de supermercados est\u00e1 com o cadastro aberto para 280 vagas de emprego em 15 cargos diferentes na nova unidade de atacado da rede em Camb\u00e9, no Parque Manela, regi\u00e3o do Santo Amaro. Algumas das vagas para in\u00edcio imediato, j\u00e1 no come\u00e7o de setembro e as outras v\u00e3o ser gradativamente preenchidas. As vagas s\u00e3o para os seguintes cargos: operador de caixa; recepcionista; repositor de mercadorias; ajudante de armazenamento; operador de empilhadeira; agente de preven\u00e7\u00e3o e perdas; vendedor; televendas; a\u00e7ougueiro; auxiliar de estacionamento; zelador; orientador de caixa; auxiliar de faturamento; e auditor frente de caixa.<\/span><\/p>\n<p style=\"text-align: justify;\"><span style=\"font-family: arial, helvetica, sans-serif;\">O secret\u00e1rio municipal de Trabalho de Camb\u00e9, Jos\u00e9 Aparecido Rolim, ressalta que os interessados devem fazer o cadastro no link <a href=\"https:\/\/grupomuffatovagas.gupy.io\/job\/eyJqb2JJZCI6MTEwMTYzNCwic291cmNlIjoiZ3VweV9wdWJsaWNfcGFnZSJ9?jobBoardSource=gupy_public_page\">https:\/\/grupomuffatovagas.gupy.io\/job\/eyJqb2JJZCI6MTEwMTYzNCwic291cmNlIjoiZ3VweV9wdWJsaWNfcGFnZSJ9?jobBoardSource=gupy_public_page<\/a> e aguardar o e-mail de agendamento da entrevista, que vai ser enviado at\u00e9 na pr\u00f3xima semana. \u201cNem todos os que se cadastrarem v\u00e3o ser convocados para a entrevista, a sele\u00e7\u00e3o vai ser de acordo com o perfil estabelecido pela empresa\u201d, frisa o secret\u00e1rio. Ainda de acordo com ele, as entrevistas v\u00e3o ser feitas no Centro da Juventude (Avenida Pedro Viriato Parigot de Souza, 953 \u2013 Jardim Castelo Branco) e os hor\u00e1rios v\u00e3o ser definidos pela rede. \u201cAs vagas s\u00e3o quase todas exclusivas para essa nova unidade, mas algumas podem ser remanejadas\u201d, pontua Rolim.<\/span><\/p>\n<p style=\"text-align: justify;\"><span style=\"font-family: arial, helvetica, sans-serif;\">Segundo o secret\u00e1rio, \u00e9 muito importante que as pessoas fiquem atentas \u00e0s publica\u00e7\u00f5es da Prefeitura de Camb\u00e9 e da Ag\u00eancia do Trabalhador (<a href=\"http:\/\/facebook.com\/sinecambe\/\">facebook.com\/sinecambe\/<\/a>). \u201cMuitas empresas novas est\u00e3o vindo para a cidade e v\u00e3o abrir as portas neste segundo semestre. \u00c9 importante que a popula\u00e7\u00e3o realize os cadastros e fique atenta a todas as informa\u00e7\u00f5es sobre as vagas, ainda mais que algumas empresas t\u00eam cadastros muito espec\u00edficos\u201d, conclui.<\/span><\/p>\n<p>As pessoas que tiverem dificuldade de fazer o cadastramento podem procurar a unidade mais pr\u00f3xima do Centro de Refer\u00eancia de Assist\u00eancia Social&nbsp;(Cras) e receber\u00e3o ajuda da equipe da Secretaria de Assist\u00eancia Social e Cidadania.&nbsp;<\/p>\n","protected":false},"excerpt":{"rendered":"<p>A Secretaria Municipal de Trabalho de Camb\u00e9 informa que uma rede de supermercados est\u00e1 com o cadastro aberto para 280 vagas de emprego em 15 cargos diferentes na nova unidade de atacado da rede em Camb\u00e9, no Parque Manela, regi\u00e3o do Santo Amaro. Algumas das vagas para in\u00edcio imediato, j\u00e1 no come\u00e7o de setembro e [&hellip;]<\/p>\n","protected":false},"author":2,"featured_media":0,"comment_status":"closed","ping_status":"open","sticky":false,"template":"","format":"standard","meta":{"ngg_post_thumbnail":0,"footnotes":""},"categories":[1],"tags":[],"class_list":["post-3009","post","type-post","status-publish","format-standard","hentry","category-principal"],"yoast_head":"<!-- This site is optimized with the Yoast SEO plugin v27.4 - https:\/\/yoast.com\/product\/yoast-seo-wordpress\/ -->\n<title>Grupo atacadista abre cadastro para 280 vagas de emprego na nova unidade - Prefeitura de Camb\u00e9<\/title>\n<meta name=\"robots\" content=\"index, follow, max-snippet:-1, max-image-preview:large, max-video-preview:-1\" \/>\n<link rel=\"canonical\" href=\"https:\/\/www.cambe.pr.gov.br\/index.php\/rede-atacadista-abre-cadastro-para-280-vagas-de-emprego-na-nova-unidade-da-rede\/\" \/>\n<meta property=\"og:locale\" content=\"pt_BR\" \/>\n<meta property=\"og:type\" content=\"article\" \/>\n<meta property=\"og:title\" content=\"Grupo atacadista abre cadastro para 280 vagas de emprego na nova unidade - Prefeitura de Camb\u00e9\" \/>\n<meta property=\"og:description\" content=\"A Secretaria Municipal de Trabalho de Camb\u00e9 informa que uma rede de supermercados est\u00e1 com o cadastro aberto para 280 vagas de emprego em 15 cargos diferentes na nova unidade de atacado da rede em Camb\u00e9, no Parque Manela, regi\u00e3o do Santo Amaro. Algumas das vagas para in\u00edcio imediato, j\u00e1 no come\u00e7o de setembro e [&hellip;]\" \/>\n<meta property=\"og:url\" content=\"https:\/\/www.cambe.pr.gov.br\/index.php\/rede-atacadista-abre-cadastro-para-280-vagas-de-emprego-na-nova-unidade-da-rede\/\" \/>\n<meta property=\"og:site_name\" content=\"Prefeitura de Camb\u00e9\" \/>\n<meta property=\"article:publisher\" content=\"https:\/\/m.facebook.com\/prefeituradecambe\" \/>\n<meta property=\"article:published_time\" content=\"2021-08-12T14:29:31+00:00\" \/>\n<meta property=\"article:modified_time\" content=\"2024-10-07T16:00:23+00:00\" \/>\n<meta property=\"og:image\" content=\"http:\/\/www.cambe.pr.gov.br\/wp-content\/uploads\/2021\/08\/carteira-de-trabalho-300x220.jpg\" \/>\n<meta name=\"author\" content=\"Thiago Mossini Balbino dos Santos\" \/>\n<meta name=\"twitter:card\" content=\"summary_large_image\" \/>\n<meta name=\"twitter:label1\" content=\"Escrito por\" \/>\n\t<meta name=\"twitter:data1\" content=\"Thiago Mossini Balbino dos Santos\" \/>\n\t<meta name=\"twitter:label2\" content=\"Est. tempo de leitura\" \/>\n\t<meta name=\"twitter:data2\" content=\"2 minutos\" \/>\n<script type=\"application\/ld+json\" class=\"yoast-schema-graph\">{\"@context\":\"https:\\\/\\\/schema.org\",\"@graph\":[{\"@type\":\"Article\",\"@id\":\"https:\\\/\\\/www.cambe.pr.gov.br\\\/index.php\\\/rede-atacadista-abre-cadastro-para-280-vagas-de-emprego-na-nova-unidade-da-rede\\\/#article\",\"isPartOf\":{\"@id\":\"https:\\\/\\\/www.cambe.pr.gov.br\\\/index.php\\\/rede-atacadista-abre-cadastro-para-280-vagas-de-emprego-na-nova-unidade-da-rede\\\/\"},\"author\":{\"name\":\"Thiago Mossini Balbino dos Santos\",\"@id\":\"https:\\\/\\\/www.cambe.pr.gov.br\\\/#\\\/schema\\\/person\\\/e08f7c43a641b2ec036e4e867ec483e4\"},\"headline\":\"Grupo atacadista abre cadastro para 280 vagas de emprego na nova unidade\",\"datePublished\":\"2021-08-12T14:29:31+00:00\",\"dateModified\":\"2024-10-07T16:00:23+00:00\",\"mainEntityOfPage\":{\"@id\":\"https:\\\/\\\/www.cambe.pr.gov.br\\\/index.php\\\/rede-atacadista-abre-cadastro-para-280-vagas-de-emprego-na-nova-unidade-da-rede\\\/\"},\"wordCount\":373,\"publisher\":{\"@id\":\"https:\\\/\\\/www.cambe.pr.gov.br\\\/#organization\"},\"image\":{\"@id\":\"https:\\\/\\\/www.cambe.pr.gov.br\\\/index.php\\\/rede-atacadista-abre-cadastro-para-280-vagas-de-emprego-na-nova-unidade-da-rede\\\/#primaryimage\"},\"thumbnailUrl\":\"http:\\\/\\\/www.cambe.pr.gov.br\\\/wp-content\\\/uploads\\\/2021\\\/08\\\/carteira-de-trabalho-300x220.jpg\",\"articleSection\":[\"Principal\"],\"inLanguage\":\"pt-BR\"},{\"@type\":\"WebPage\",\"@id\":\"https:\\\/\\\/www.cambe.pr.gov.br\\\/index.php\\\/rede-atacadista-abre-cadastro-para-280-vagas-de-emprego-na-nova-unidade-da-rede\\\/\",\"url\":\"https:\\\/\\\/www.cambe.pr.gov.br\\\/index.php\\\/rede-atacadista-abre-cadastro-para-280-vagas-de-emprego-na-nova-unidade-da-rede\\\/\",\"name\":\"Grupo atacadista abre cadastro para 280 vagas de emprego na nova unidade - Prefeitura de Camb\u00e9\",\"isPartOf\":{\"@id\":\"https:\\\/\\\/www.cambe.pr.gov.br\\\/#website\"},\"primaryImageOfPage\":{\"@id\":\"https:\\\/\\\/www.cambe.pr.gov.br\\\/index.php\\\/rede-atacadista-abre-cadastro-para-280-vagas-de-emprego-na-nova-unidade-da-rede\\\/#primaryimage\"},\"image\":{\"@id\":\"https:\\\/\\\/www.cambe.pr.gov.br\\\/index.php\\\/rede-atacadista-abre-cadastro-para-280-vagas-de-emprego-na-nova-unidade-da-rede\\\/#primaryimage\"},\"thumbnailUrl\":\"http:\\\/\\\/www.cambe.pr.gov.br\\\/wp-content\\\/uploads\\\/2021\\\/08\\\/carteira-de-trabalho-300x220.jpg\",\"datePublished\":\"2021-08-12T14:29:31+00:00\",\"dateModified\":\"2024-10-07T16:00:23+00:00\",\"breadcrumb\":{\"@id\":\"https:\\\/\\\/www.cambe.pr.gov.br\\\/index.php\\\/rede-atacadista-abre-cadastro-para-280-vagas-de-emprego-na-nova-unidade-da-rede\\\/#breadcrumb\"},\"inLanguage\":\"pt-BR\",\"potentialAction\":[{\"@type\":\"ReadAction\",\"target\":[\"https:\\\/\\\/www.cambe.pr.gov.br\\\/index.php\\\/rede-atacadista-abre-cadastro-para-280-vagas-de-emprego-na-nova-unidade-da-rede\\\/\"]}]},{\"@type\":\"ImageObject\",\"inLanguage\":\"pt-BR\",\"@id\":\"https:\\\/\\\/www.cambe.pr.gov.br\\\/index.php\\\/rede-atacadista-abre-cadastro-para-280-vagas-de-emprego-na-nova-unidade-da-rede\\\/#primaryimage\",\"url\":\"http:\\\/\\\/www.cambe.pr.gov.br\\\/wp-content\\\/uploads\\\/2021\\\/08\\\/carteira-de-trabalho-300x220.jpg\",\"contentUrl\":\"http:\\\/\\\/www.cambe.pr.gov.br\\\/wp-content\\\/uploads\\\/2021\\\/08\\\/carteira-de-trabalho-300x220.jpg\"},{\"@type\":\"BreadcrumbList\",\"@id\":\"https:\\\/\\\/www.cambe.pr.gov.br\\\/index.php\\\/rede-atacadista-abre-cadastro-para-280-vagas-de-emprego-na-nova-unidade-da-rede\\\/#breadcrumb\",\"itemListElement\":[{\"@type\":\"ListItem\",\"position\":1,\"name\":\"In\u00edcio\",\"item\":\"https:\\\/\\\/www.cambe.pr.gov.br\\\/\"},{\"@type\":\"ListItem\",\"position\":2,\"name\":\"Grupo atacadista abre cadastro para 280 vagas de emprego na nova unidade\"}]},{\"@type\":\"WebSite\",\"@id\":\"https:\\\/\\\/www.cambe.pr.gov.br\\\/#website\",\"url\":\"https:\\\/\\\/www.cambe.pr.gov.br\\\/\",\"name\":\"Prefeitura de Camb\u00e9\",\"description\":\"UM GOVERNO PARA TODOS\",\"publisher\":{\"@id\":\"https:\\\/\\\/www.cambe.pr.gov.br\\\/#organization\"},\"potentialAction\":[{\"@type\":\"SearchAction\",\"target\":{\"@type\":\"EntryPoint\",\"urlTemplate\":\"https:\\\/\\\/www.cambe.pr.gov.br\\\/?s={search_term_string}\"},\"query-input\":{\"@type\":\"PropertyValueSpecification\",\"valueRequired\":true,\"valueName\":\"search_term_string\"}}],\"inLanguage\":\"pt-BR\"},{\"@type\":\"Organization\",\"@id\":\"https:\\\/\\\/www.cambe.pr.gov.br\\\/#organization\",\"name\":\"Prefeitura de Camb\u00e9\",\"url\":\"https:\\\/\\\/www.cambe.pr.gov.br\\\/\",\"logo\":{\"@type\":\"ImageObject\",\"inLanguage\":\"pt-BR\",\"@id\":\"https:\\\/\\\/www.cambe.pr.gov.br\\\/#\\\/schema\\\/logo\\\/image\\\/\",\"url\":\"https:\\\/\\\/www.cambe.pr.gov.br\\\/wp-content\\\/uploads\\\/2021\\\/01\\\/cropped-cropped-cambe_brazao-icone.png\",\"contentUrl\":\"https:\\\/\\\/www.cambe.pr.gov.br\\\/wp-content\\\/uploads\\\/2021\\\/01\\\/cropped-cropped-cambe_brazao-icone.png\",\"width\":240,\"height\":240,\"caption\":\"Prefeitura de Camb\u00e9\"},\"image\":{\"@id\":\"https:\\\/\\\/www.cambe.pr.gov.br\\\/#\\\/schema\\\/logo\\\/image\\\/\"},\"sameAs\":[\"https:\\\/\\\/m.facebook.com\\\/prefeituradecambe\"]},{\"@type\":\"Person\",\"@id\":\"https:\\\/\\\/www.cambe.pr.gov.br\\\/#\\\/schema\\\/person\\\/e08f7c43a641b2ec036e4e867ec483e4\",\"name\":\"Thiago Mossini Balbino dos Santos\",\"image\":{\"@type\":\"ImageObject\",\"inLanguage\":\"pt-BR\",\"@id\":\"https:\\\/\\\/secure.gravatar.com\\\/avatar\\\/d957ed4e1bc3ebf5769d1003f9709cd2012ebf424eb4a5d76a933fee30e874b6?s=96&d=mm&r=g\",\"url\":\"https:\\\/\\\/secure.gravatar.com\\\/avatar\\\/d957ed4e1bc3ebf5769d1003f9709cd2012ebf424eb4a5d76a933fee30e874b6?s=96&d=mm&r=g\",\"contentUrl\":\"https:\\\/\\\/secure.gravatar.com\\\/avatar\\\/d957ed4e1bc3ebf5769d1003f9709cd2012ebf424eb4a5d76a933fee30e874b6?s=96&d=mm&r=g\",\"caption\":\"Thiago Mossini Balbino dos Santos\"},\"url\":\"https:\\\/\\\/www.cambe.pr.gov.br\\\/index.php\\\/author\\\/tmbsantos\\\/\"}]}<\/script>\n<!-- \/ Yoast SEO plugin. -->","yoast_head_json":{"title":"Grupo atacadista abre cadastro para 280 vagas de emprego na nova unidade - Prefeitura de Camb\u00e9","robots":{"index":"index","follow":"follow","max-snippet":"max-snippet:-1","max-image-preview":"max-image-preview:large","max-video-preview":"max-video-preview:-1"},"canonical":"https:\/\/www.cambe.pr.gov.br\/index.php\/rede-atacadista-abre-cadastro-para-280-vagas-de-emprego-na-nova-unidade-da-rede\/","og_locale":"pt_BR","og_type":"article","og_title":"Grupo atacadista abre cadastro para 280 vagas de emprego na nova unidade - Prefeitura de Camb\u00e9","og_description":"A Secretaria Municipal de Trabalho de Camb\u00e9 informa que uma rede de supermercados est\u00e1 com o cadastro aberto para 280 vagas de emprego em 15 cargos diferentes na nova unidade de atacado da rede em Camb\u00e9, no Parque Manela, regi\u00e3o do Santo Amaro. Algumas das vagas para in\u00edcio imediato, j\u00e1 no come\u00e7o de setembro e [&hellip;]","og_url":"https:\/\/www.cambe.pr.gov.br\/index.php\/rede-atacadista-abre-cadastro-para-280-vagas-de-emprego-na-nova-unidade-da-rede\/","og_site_name":"Prefeitura de Camb\u00e9","article_publisher":"https:\/\/m.facebook.com\/prefeituradecambe","article_published_time":"2021-08-12T14:29:31+00:00","article_modified_time":"2024-10-07T16:00:23+00:00","og_image":[{"url":"http:\/\/www.cambe.pr.gov.br\/wp-content\/uploads\/2021\/08\/carteira-de-trabalho-300x220.jpg","type":"","width":"","height":""}],"author":"Thiago Mossini Balbino dos Santos","twitter_card":"summary_large_image","twitter_misc":{"Escrito por":"Thiago Mossini Balbino dos Santos","Est. tempo de leitura":"2 minutos"},"schema":{"@context":"https:\/\/schema.org","@graph":[{"@type":"Article","@id":"https:\/\/www.cambe.pr.gov.br\/index.php\/rede-atacadista-abre-cadastro-para-280-vagas-de-emprego-na-nova-unidade-da-rede\/#article","isPartOf":{"@id":"https:\/\/www.cambe.pr.gov.br\/index.php\/rede-atacadista-abre-cadastro-para-280-vagas-de-emprego-na-nova-unidade-da-rede\/"},"author":{"name":"Thiago Mossini Balbino dos Santos","@id":"https:\/\/www.cambe.pr.gov.br\/#\/schema\/person\/e08f7c43a641b2ec036e4e867ec483e4"},"headline":"Grupo atacadista abre cadastro para 280 vagas de emprego na nova unidade","datePublished":"2021-08-12T14:29:31+00:00","dateModified":"2024-10-07T16:00:23+00:00","mainEntityOfPage":{"@id":"https:\/\/www.cambe.pr.gov.br\/index.php\/rede-atacadista-abre-cadastro-para-280-vagas-de-emprego-na-nova-unidade-da-rede\/"},"wordCount":373,"publisher":{"@id":"https:\/\/www.cambe.pr.gov.br\/#organization"},"image":{"@id":"https:\/\/www.cambe.pr.gov.br\/index.php\/rede-atacadista-abre-cadastro-para-280-vagas-de-emprego-na-nova-unidade-da-rede\/#primaryimage"},"thumbnailUrl":"http:\/\/www.cambe.pr.gov.br\/wp-content\/uploads\/2021\/08\/carteira-de-trabalho-300x220.jpg","articleSection":["Principal"],"inLanguage":"pt-BR"},{"@type":"WebPage","@id":"https:\/\/www.cambe.pr.gov.br\/index.php\/rede-atacadista-abre-cadastro-para-280-vagas-de-emprego-na-nova-unidade-da-rede\/","url":"https:\/\/www.cambe.pr.gov.br\/index.php\/rede-atacadista-abre-cadastro-para-280-vagas-de-emprego-na-nova-unidade-da-rede\/","name":"Grupo atacadista abre cadastro para 280 vagas de emprego na nova unidade - Prefeitura de Camb\u00e9","isPartOf":{"@id":"https:\/\/www.cambe.pr.gov.br\/#website"},"primaryImageOfPage":{"@id":"https:\/\/www.cambe.pr.gov.br\/index.php\/rede-atacadista-abre-cadastro-para-280-vagas-de-emprego-na-nova-unidade-da-rede\/#primaryimage"},"image":{"@id":"https:\/\/www.cambe.pr.gov.br\/index.php\/rede-atacadista-abre-cadastro-para-280-vagas-de-emprego-na-nova-unidade-da-rede\/#primaryimage"},"thumbnailUrl":"http:\/\/www.cambe.pr.gov.br\/wp-content\/uploads\/2021\/08\/carteira-de-trabalho-300x220.jpg","datePublished":"2021-08-12T14:29:31+00:00","dateModified":"2024-10-07T16:00:23+00:00","breadcrumb":{"@id":"https:\/\/www.cambe.pr.gov.br\/index.php\/rede-atacadista-abre-cadastro-para-280-vagas-de-emprego-na-nova-unidade-da-rede\/#breadcrumb"},"inLanguage":"pt-BR","potentialAction":[{"@type":"ReadAction","target":["https:\/\/www.cambe.pr.gov.br\/index.php\/rede-atacadista-abre-cadastro-para-280-vagas-de-emprego-na-nova-unidade-da-rede\/"]}]},{"@type":"ImageObject","inLanguage":"pt-BR","@id":"https:\/\/www.cambe.pr.gov.br\/index.php\/rede-atacadista-abre-cadastro-para-280-vagas-de-emprego-na-nova-unidade-da-rede\/#primaryimage","url":"http:\/\/www.cambe.pr.gov.br\/wp-content\/uploads\/2021\/08\/carteira-de-trabalho-300x220.jpg","contentUrl":"http:\/\/www.cambe.pr.gov.br\/wp-content\/uploads\/2021\/08\/carteira-de-trabalho-300x220.jpg"},{"@type":"BreadcrumbList","@id":"https:\/\/www.cambe.pr.gov.br\/index.php\/rede-atacadista-abre-cadastro-para-280-vagas-de-emprego-na-nova-unidade-da-rede\/#breadcrumb","itemListElement":[{"@type":"ListItem","position":1,"name":"In\u00edcio","item":"https:\/\/www.cambe.pr.gov.br\/"},{"@type":"ListItem","position":2,"name":"Grupo atacadista abre cadastro para 280 vagas de emprego na nova unidade"}]},{"@type":"WebSite","@id":"https:\/\/www.cambe.pr.gov.br\/#website","url":"https:\/\/www.cambe.pr.gov.br\/","name":"Prefeitura de Camb\u00e9","description":"UM GOVERNO PARA TODOS","publisher":{"@id":"https:\/\/www.cambe.pr.gov.br\/#organization"},"potentialAction":[{"@type":"SearchAction","target":{"@type":"EntryPoint","urlTemplate":"https:\/\/www.cambe.pr.gov.br\/?s={search_term_string}"},"query-input":{"@type":"PropertyValueSpecification","valueRequired":true,"valueName":"search_term_string"}}],"inLanguage":"pt-BR"},{"@type":"Organization","@id":"https:\/\/www.cambe.pr.gov.br\/#organization","name":"Prefeitura de Camb\u00e9","url":"https:\/\/www.cambe.pr.gov.br\/","logo":{"@type":"ImageObject","inLanguage":"pt-BR","@id":"https:\/\/www.cambe.pr.gov.br\/#\/schema\/logo\/image\/","url":"https:\/\/www.cambe.pr.gov.br\/wp-content\/uploads\/2021\/01\/cropped-cropped-cambe_brazao-icone.png","contentUrl":"https:\/\/www.cambe.pr.gov.br\/wp-content\/uploads\/2021\/01\/cropped-cropped-cambe_brazao-icone.png","width":240,"height":240,"caption":"Prefeitura de Camb\u00e9"},"image":{"@id":"https:\/\/www.cambe.pr.gov.br\/#\/schema\/logo\/image\/"},"sameAs":["https:\/\/m.facebook.com\/prefeituradecambe"]},{"@type":"Person","@id":"https:\/\/www.cambe.pr.gov.br\/#\/schema\/person\/e08f7c43a641b2ec036e4e867ec483e4","name":"Thiago Mossini Balbino dos Santos","image":{"@type":"ImageObject","inLanguage":"pt-BR","@id":"https:\/\/secure.gravatar.com\/avatar\/d957ed4e1bc3ebf5769d1003f9709cd2012ebf424eb4a5d76a933fee30e874b6?s=96&d=mm&r=g","url":"https:\/\/secure.gravatar.com\/avatar\/d957ed4e1bc3ebf5769d1003f9709cd2012ebf424eb4a5d76a933fee30e874b6?s=96&d=mm&r=g","contentUrl":"https:\/\/secure.gravatar.com\/avatar\/d957ed4e1bc3ebf5769d1003f9709cd2012ebf424eb4a5d76a933fee30e874b6?s=96&d=mm&r=g","caption":"Thiago Mossini Balbino dos Santos"},"url":"https:\/\/www.cambe.pr.gov.br\/index.php\/author\/tmbsantos\/"}]}},"_links":{"self":[{"href":"https:\/\/www.cambe.pr.gov.br\/index.php\/wp-json\/wp\/v2\/posts\/3009","targetHints":{"allow":["GET"]}}],"collection":[{"href":"https:\/\/www.cambe.pr.gov.br\/index.php\/wp-json\/wp\/v2\/posts"}],"about":[{"href":"https:\/\/www.cambe.pr.gov.br\/index.php\/wp-json\/wp\/v2\/types\/post"}],"author":[{"embeddable":true,"href":"https:\/\/www.cambe.pr.gov.br\/index.php\/wp-json\/wp\/v2\/users\/2"}],"replies":[{"embeddable":true,"href":"https:\/\/www.cambe.pr.gov.br\/index.php\/wp-json\/wp\/v2\/comments?post=3009"}],"version-history":[{"count":6,"href":"https:\/\/www.cambe.pr.gov.br\/index.php\/wp-json\/wp\/v2\/posts\/3009\/revisions"}],"predecessor-version":[{"id":3018,"href":"https:\/\/www.cambe.pr.gov.br\/index.php\/wp-json\/wp\/v2\/posts\/3009\/revisions\/3018"}],"wp:attachment":[{"href":"https:\/\/www.cambe.pr.gov.br\/index.php\/wp-json\/wp\/v2\/media?parent=3009"}],"wp:term":[{"taxonomy":"category","embeddable":true,"href":"https:\/\/www.cambe.pr.gov.br\/index.php\/wp-json\/wp\/v2\/categories?post=3009"},{"taxonomy":"post_tag","embeddable":true,"href":"https:\/\/www.cambe.pr.gov.br\/index.php\/wp-json\/wp\/v2\/tags?post=3009"}],"curies":[{"name":"wp","href":"https:\/\/api.w.org\/{rel}","templated":true}]}}