{"id":2885,"date":"2021-08-09T10:04:31","date_gmt":"2021-08-09T13:04:31","guid":{"rendered":"http:\/\/www.cambe.pr.gov.br\/?p=2885"},"modified":"2024-10-07T13:00:23","modified_gmt":"2024-10-07T16:00:23","slug":"cambe-apresenta-queda-de-55-no-numero-de-casos-da-covid-19-em-julho","status":"publish","type":"post","link":"https:\/\/www.cambe.pr.gov.br\/index.php\/cambe-apresenta-queda-de-55-no-numero-de-casos-da-covid-19-em-julho\/","title":{"rendered":"Camb\u00e9 apresenta queda de 55% no n\u00famero de casos da Covid-19 em julho"},"content":{"rendered":"<div id=\"attachment_2886\" style=\"width: 310px\" class=\"wp-caption alignleft\"><img fetchpriority=\"high\" decoding=\"async\" aria-describedby=\"caption-attachment-2886\" class=\"wp-image-2886 size-medium\" src=\"https:\/\/www.cambe.pr.gov.br\/wp-content\/uploads\/2021\/08\/IMG_2569face-300x200.jpg\" alt=\"\" width=\"300\" height=\"200\" srcset=\"https:\/\/www.cambe.pr.gov.br\/wp-content\/uploads\/2021\/08\/IMG_2569face-300x200.jpg 300w, https:\/\/www.cambe.pr.gov.br\/wp-content\/uploads\/2021\/08\/IMG_2569face-768x512.jpg 768w, https:\/\/www.cambe.pr.gov.br\/wp-content\/uploads\/2021\/08\/IMG_2569face.jpg 960w\" sizes=\"(max-width: 300px) 100vw, 300px\" \/><p id=\"caption-attachment-2886\" class=\"wp-caption-text\">Dez leitos hospitalares que eram destinados a pacientes com Covid-19 na Santa Casa de Camb\u00e9 foram desativados (Foto: Gisele Cabrera\/Secom)<\/p><\/div>\n<p style=\"text-align: justify;\"><span style=\"font-family: arial, helvetica, sans-serif;\">A cidade de Camb\u00e9 teve uma queda de 55% no n\u00famero de casos do novo coronav\u00edrus em julho em compara\u00e7\u00e3o ao m\u00eas de junho. Durante o m\u00eas passado, o munic\u00edpio confirmou 475 casos da doen\u00e7a, em junho foram 1061, apontando uma queda de 586 casos da infec\u00e7\u00e3o. Os dados disponibilizados pela Secretaria de Sa\u00fade tamb\u00e9m apontam que o munic\u00edpio apresentou uma queda significativa na m\u00e9dia di\u00e1ria de casos. Em julho, a cidade registrou em m\u00e9dia 21 novas infec\u00e7\u00f5es por dia, contra 50 no m\u00eas anterior.<\/span><\/p>\n<p style=\"text-align: justify;\"><span style=\"font-family: arial, helvetica, sans-serif;\">O n\u00famero de mortes entre o sexto e o s\u00e9timo m\u00eas do ano tamb\u00e9m apresentou queda. No m\u00eas de julho foram contabilizadas 28 mortes, j\u00e1 em junho foram 53, resultando em uma diminui\u00e7\u00e3o de 47%. Por outro lado, a propor\u00e7\u00e3o de \u00f3bitos de pessoas sem comorbidades aumentou: em julho foram 53%, enquanto junho apresentou apenas 39% dos \u00f3bitos de pessoas sem comorbidades. No \u00e2mbito das interna\u00e7\u00f5es por conta da Covid-19, houve uma queda de 50 \u2013 em junho \u2013 para 42 interna\u00e7\u00f5es \u2013 em julho. Com a diminui\u00e7\u00e3o, dez leitos hospitalares que eram destinados a pacientes com Covid-19 na Santa Casa de Camb\u00e9 foram desativados.&nbsp;<\/span><\/p>\n<p style=\"text-align: justify;\"><span style=\"font-family: arial, helvetica, sans-serif;\">Ao passo que a vacina\u00e7\u00e3o abrange mais pessoas, o n\u00famero de casos e mortes por causa da doen\u00e7a diminui. Em mar\u00e7o, por exemplo, a cidade apresentava m\u00e9dia de dois \u00f3bitos por dia, em julho a m\u00e9dia foi de 0,9, menos de uma morte a cada dia.&nbsp;<\/span><\/p>\n<p style=\"text-align: justify;\"><span style=\"font-family: arial, helvetica, sans-serif;\">At\u00e9 os \u00faltimos dados divulgados pela Secretaria de Sa\u00fade, na sexta-feira (06) pela manh\u00e3, Camb\u00e9 j\u00e1 vacinou com a primeira dose da vacina 56318 pessoas e 22228 cambeenses j\u00e1 est\u00e3o completamente imunizados \u2013 seja com as duas doses da vacina ou com a de dose \u00fanica. Diante dos dados, pelo menos 73% da popula\u00e7\u00e3o apta a receber a vacina j\u00e1 foi imunizada com ao menos uma dose. Ainda segundo a pasta, o munic\u00edpio conta com 77 mil pessoas com mais de 18 anos, popula\u00e7\u00e3o para quem a vacina \u00e9 atualmente destinada.<\/span><\/p>\n<p style=\"text-align: justify;\"><span style=\"font-family: arial, helvetica, sans-serif;\">Segundo informa\u00e7\u00f5es da Ag\u00eancia Nacional da Vigil\u00e2ncia Sanit\u00e1ria, a Anvisa, a vacina s\u00f3 \u00e9 eficaz ap\u00f3s as duas doses do imunizante \u2013 ou da vacina de dose \u00fanica. A Anvisa ainda ressalta que com apenas uma dose da vacina, a pessoa fica mais suscet\u00edvel a se contaminar com a doen\u00e7a do que quem j\u00e1 tomou as duas doses, al\u00e9m de n\u00e3o auxiliar no controle da doen\u00e7a. Segundo o Butantan, a variante Delta \u2013 identificada primeiramente na \u00cdndia \u2013 j\u00e1 est\u00e1 sendo transmitida comunitariamente no pa\u00eds e, ainda segundo o \u00f3rg\u00e3o, apenas as duas doses da vacina conseguem proteger a pessoa contra essa variante.<\/span><\/p>\n<p><span style=\"font-family: arial, helvetica, sans-serif;\">\u201cOs n\u00fameros s\u00e3o animadores e mostram a efici\u00eancia da vacina, mas mesmo com essa queda, precisamos seguir com as medidas preventivas. Se as pessoas n\u00e3o continuarem se cuidando, os n\u00fameros voltam a piorar e as medidas voltam a ser mais restritivas. Acredito que ningu\u00e9m quer isso. Desta forma, pe\u00e7o novamente a colabora\u00e7\u00e3o de todos\u201d, refor\u00e7a o prefeito Conrado Scheller.<\/span><\/p>\n","protected":false},"excerpt":{"rendered":"<p>A cidade de Camb\u00e9 teve uma queda de 55% no n\u00famero de casos do novo coronav\u00edrus em julho em compara\u00e7\u00e3o ao m\u00eas de junho. Durante o m\u00eas passado, o munic\u00edpio confirmou 475 casos da doen\u00e7a, em junho foram 1061, apontando uma queda de 586 casos da infec\u00e7\u00e3o. Os dados disponibilizados pela Secretaria de Sa\u00fade tamb\u00e9m [&hellip;]<\/p>\n","protected":false},"author":2,"featured_media":0,"comment_status":"closed","ping_status":"open","sticky":false,"template":"","format":"standard","meta":{"ngg_post_thumbnail":0,"footnotes":""},"categories":[1],"tags":[],"class_list":["post-2885","post","type-post","status-publish","format-standard","hentry","category-principal"],"yoast_head":"<!-- This site is optimized with the Yoast SEO plugin v27.4 - https:\/\/yoast.com\/product\/yoast-seo-wordpress\/ -->\n<title>Camb\u00e9 apresenta queda de 55% no n\u00famero de casos da Covid-19 em julho - Prefeitura de Camb\u00e9<\/title>\n<meta name=\"robots\" content=\"index, follow, max-snippet:-1, max-image-preview:large, max-video-preview:-1\" \/>\n<link rel=\"canonical\" href=\"https:\/\/www.cambe.pr.gov.br\/index.php\/cambe-apresenta-queda-de-55-no-numero-de-casos-da-covid-19-em-julho\/\" \/>\n<meta property=\"og:locale\" content=\"pt_BR\" \/>\n<meta property=\"og:type\" content=\"article\" \/>\n<meta property=\"og:title\" content=\"Camb\u00e9 apresenta queda de 55% no n\u00famero de casos da Covid-19 em julho - Prefeitura de Camb\u00e9\" \/>\n<meta property=\"og:description\" content=\"A cidade de Camb\u00e9 teve uma queda de 55% no n\u00famero de casos do novo coronav\u00edrus em julho em compara\u00e7\u00e3o ao m\u00eas de junho. Durante o m\u00eas passado, o munic\u00edpio confirmou 475 casos da doen\u00e7a, em junho foram 1061, apontando uma queda de 586 casos da infec\u00e7\u00e3o. Os dados disponibilizados pela Secretaria de Sa\u00fade tamb\u00e9m [&hellip;]\" \/>\n<meta property=\"og:url\" content=\"https:\/\/www.cambe.pr.gov.br\/index.php\/cambe-apresenta-queda-de-55-no-numero-de-casos-da-covid-19-em-julho\/\" \/>\n<meta property=\"og:site_name\" content=\"Prefeitura de Camb\u00e9\" \/>\n<meta property=\"article:publisher\" content=\"https:\/\/m.facebook.com\/prefeituradecambe\" \/>\n<meta property=\"article:published_time\" content=\"2021-08-09T13:04:31+00:00\" \/>\n<meta property=\"article:modified_time\" content=\"2024-10-07T16:00:23+00:00\" \/>\n<meta property=\"og:image\" content=\"http:\/\/www.cambe.pr.gov.br\/wp-content\/uploads\/2021\/08\/IMG_2569face-300x200.jpg\" \/>\n<meta name=\"author\" content=\"Thiago Mossini Balbino dos Santos\" \/>\n<meta name=\"twitter:card\" content=\"summary_large_image\" \/>\n<meta name=\"twitter:label1\" content=\"Escrito por\" \/>\n\t<meta name=\"twitter:data1\" content=\"Thiago Mossini Balbino dos Santos\" \/>\n\t<meta name=\"twitter:label2\" content=\"Est. tempo de leitura\" \/>\n\t<meta name=\"twitter:data2\" content=\"3 minutos\" \/>\n<script type=\"application\/ld+json\" class=\"yoast-schema-graph\">{\"@context\":\"https:\\\/\\\/schema.org\",\"@graph\":[{\"@type\":\"Article\",\"@id\":\"https:\\\/\\\/www.cambe.pr.gov.br\\\/index.php\\\/cambe-apresenta-queda-de-55-no-numero-de-casos-da-covid-19-em-julho\\\/#article\",\"isPartOf\":{\"@id\":\"https:\\\/\\\/www.cambe.pr.gov.br\\\/index.php\\\/cambe-apresenta-queda-de-55-no-numero-de-casos-da-covid-19-em-julho\\\/\"},\"author\":{\"name\":\"Thiago Mossini Balbino dos Santos\",\"@id\":\"https:\\\/\\\/www.cambe.pr.gov.br\\\/#\\\/schema\\\/person\\\/e08f7c43a641b2ec036e4e867ec483e4\"},\"headline\":\"Camb\u00e9 apresenta queda de 55% no n\u00famero de casos da Covid-19 em julho\",\"datePublished\":\"2021-08-09T13:04:31+00:00\",\"dateModified\":\"2024-10-07T16:00:23+00:00\",\"mainEntityOfPage\":{\"@id\":\"https:\\\/\\\/www.cambe.pr.gov.br\\\/index.php\\\/cambe-apresenta-queda-de-55-no-numero-de-casos-da-covid-19-em-julho\\\/\"},\"wordCount\":561,\"publisher\":{\"@id\":\"https:\\\/\\\/www.cambe.pr.gov.br\\\/#organization\"},\"image\":{\"@id\":\"https:\\\/\\\/www.cambe.pr.gov.br\\\/index.php\\\/cambe-apresenta-queda-de-55-no-numero-de-casos-da-covid-19-em-julho\\\/#primaryimage\"},\"thumbnailUrl\":\"http:\\\/\\\/www.cambe.pr.gov.br\\\/wp-content\\\/uploads\\\/2021\\\/08\\\/IMG_2569face-300x200.jpg\",\"articleSection\":[\"Principal\"],\"inLanguage\":\"pt-BR\"},{\"@type\":\"WebPage\",\"@id\":\"https:\\\/\\\/www.cambe.pr.gov.br\\\/index.php\\\/cambe-apresenta-queda-de-55-no-numero-de-casos-da-covid-19-em-julho\\\/\",\"url\":\"https:\\\/\\\/www.cambe.pr.gov.br\\\/index.php\\\/cambe-apresenta-queda-de-55-no-numero-de-casos-da-covid-19-em-julho\\\/\",\"name\":\"Camb\u00e9 apresenta queda de 55% no n\u00famero de casos da Covid-19 em julho - Prefeitura de Camb\u00e9\",\"isPartOf\":{\"@id\":\"https:\\\/\\\/www.cambe.pr.gov.br\\\/#website\"},\"primaryImageOfPage\":{\"@id\":\"https:\\\/\\\/www.cambe.pr.gov.br\\\/index.php\\\/cambe-apresenta-queda-de-55-no-numero-de-casos-da-covid-19-em-julho\\\/#primaryimage\"},\"image\":{\"@id\":\"https:\\\/\\\/www.cambe.pr.gov.br\\\/index.php\\\/cambe-apresenta-queda-de-55-no-numero-de-casos-da-covid-19-em-julho\\\/#primaryimage\"},\"thumbnailUrl\":\"http:\\\/\\\/www.cambe.pr.gov.br\\\/wp-content\\\/uploads\\\/2021\\\/08\\\/IMG_2569face-300x200.jpg\",\"datePublished\":\"2021-08-09T13:04:31+00:00\",\"dateModified\":\"2024-10-07T16:00:23+00:00\",\"breadcrumb\":{\"@id\":\"https:\\\/\\\/www.cambe.pr.gov.br\\\/index.php\\\/cambe-apresenta-queda-de-55-no-numero-de-casos-da-covid-19-em-julho\\\/#breadcrumb\"},\"inLanguage\":\"pt-BR\",\"potentialAction\":[{\"@type\":\"ReadAction\",\"target\":[\"https:\\\/\\\/www.cambe.pr.gov.br\\\/index.php\\\/cambe-apresenta-queda-de-55-no-numero-de-casos-da-covid-19-em-julho\\\/\"]}]},{\"@type\":\"ImageObject\",\"inLanguage\":\"pt-BR\",\"@id\":\"https:\\\/\\\/www.cambe.pr.gov.br\\\/index.php\\\/cambe-apresenta-queda-de-55-no-numero-de-casos-da-covid-19-em-julho\\\/#primaryimage\",\"url\":\"http:\\\/\\\/www.cambe.pr.gov.br\\\/wp-content\\\/uploads\\\/2021\\\/08\\\/IMG_2569face-300x200.jpg\",\"contentUrl\":\"http:\\\/\\\/www.cambe.pr.gov.br\\\/wp-content\\\/uploads\\\/2021\\\/08\\\/IMG_2569face-300x200.jpg\"},{\"@type\":\"BreadcrumbList\",\"@id\":\"https:\\\/\\\/www.cambe.pr.gov.br\\\/index.php\\\/cambe-apresenta-queda-de-55-no-numero-de-casos-da-covid-19-em-julho\\\/#breadcrumb\",\"itemListElement\":[{\"@type\":\"ListItem\",\"position\":1,\"name\":\"In\u00edcio\",\"item\":\"https:\\\/\\\/www.cambe.pr.gov.br\\\/\"},{\"@type\":\"ListItem\",\"position\":2,\"name\":\"Camb\u00e9 apresenta queda de 55% no n\u00famero de casos da Covid-19 em julho\"}]},{\"@type\":\"WebSite\",\"@id\":\"https:\\\/\\\/www.cambe.pr.gov.br\\\/#website\",\"url\":\"https:\\\/\\\/www.cambe.pr.gov.br\\\/\",\"name\":\"Prefeitura de Camb\u00e9\",\"description\":\"UM GOVERNO PARA TODOS\",\"publisher\":{\"@id\":\"https:\\\/\\\/www.cambe.pr.gov.br\\\/#organization\"},\"potentialAction\":[{\"@type\":\"SearchAction\",\"target\":{\"@type\":\"EntryPoint\",\"urlTemplate\":\"https:\\\/\\\/www.cambe.pr.gov.br\\\/?s={search_term_string}\"},\"query-input\":{\"@type\":\"PropertyValueSpecification\",\"valueRequired\":true,\"valueName\":\"search_term_string\"}}],\"inLanguage\":\"pt-BR\"},{\"@type\":\"Organization\",\"@id\":\"https:\\\/\\\/www.cambe.pr.gov.br\\\/#organization\",\"name\":\"Prefeitura de Camb\u00e9\",\"url\":\"https:\\\/\\\/www.cambe.pr.gov.br\\\/\",\"logo\":{\"@type\":\"ImageObject\",\"inLanguage\":\"pt-BR\",\"@id\":\"https:\\\/\\\/www.cambe.pr.gov.br\\\/#\\\/schema\\\/logo\\\/image\\\/\",\"url\":\"https:\\\/\\\/www.cambe.pr.gov.br\\\/wp-content\\\/uploads\\\/2021\\\/01\\\/cropped-cropped-cambe_brazao-icone.png\",\"contentUrl\":\"https:\\\/\\\/www.cambe.pr.gov.br\\\/wp-content\\\/uploads\\\/2021\\\/01\\\/cropped-cropped-cambe_brazao-icone.png\",\"width\":240,\"height\":240,\"caption\":\"Prefeitura de Camb\u00e9\"},\"image\":{\"@id\":\"https:\\\/\\\/www.cambe.pr.gov.br\\\/#\\\/schema\\\/logo\\\/image\\\/\"},\"sameAs\":[\"https:\\\/\\\/m.facebook.com\\\/prefeituradecambe\"]},{\"@type\":\"Person\",\"@id\":\"https:\\\/\\\/www.cambe.pr.gov.br\\\/#\\\/schema\\\/person\\\/e08f7c43a641b2ec036e4e867ec483e4\",\"name\":\"Thiago Mossini Balbino dos Santos\",\"image\":{\"@type\":\"ImageObject\",\"inLanguage\":\"pt-BR\",\"@id\":\"https:\\\/\\\/secure.gravatar.com\\\/avatar\\\/d957ed4e1bc3ebf5769d1003f9709cd2012ebf424eb4a5d76a933fee30e874b6?s=96&d=mm&r=g\",\"url\":\"https:\\\/\\\/secure.gravatar.com\\\/avatar\\\/d957ed4e1bc3ebf5769d1003f9709cd2012ebf424eb4a5d76a933fee30e874b6?s=96&d=mm&r=g\",\"contentUrl\":\"https:\\\/\\\/secure.gravatar.com\\\/avatar\\\/d957ed4e1bc3ebf5769d1003f9709cd2012ebf424eb4a5d76a933fee30e874b6?s=96&d=mm&r=g\",\"caption\":\"Thiago Mossini Balbino dos Santos\"},\"url\":\"https:\\\/\\\/www.cambe.pr.gov.br\\\/index.php\\\/author\\\/tmbsantos\\\/\"}]}<\/script>\n<!-- \/ Yoast SEO plugin. -->","yoast_head_json":{"title":"Camb\u00e9 apresenta queda de 55% no n\u00famero de casos da Covid-19 em julho - Prefeitura de Camb\u00e9","robots":{"index":"index","follow":"follow","max-snippet":"max-snippet:-1","max-image-preview":"max-image-preview:large","max-video-preview":"max-video-preview:-1"},"canonical":"https:\/\/www.cambe.pr.gov.br\/index.php\/cambe-apresenta-queda-de-55-no-numero-de-casos-da-covid-19-em-julho\/","og_locale":"pt_BR","og_type":"article","og_title":"Camb\u00e9 apresenta queda de 55% no n\u00famero de casos da Covid-19 em julho - Prefeitura de Camb\u00e9","og_description":"A cidade de Camb\u00e9 teve uma queda de 55% no n\u00famero de casos do novo coronav\u00edrus em julho em compara\u00e7\u00e3o ao m\u00eas de junho. Durante o m\u00eas passado, o munic\u00edpio confirmou 475 casos da doen\u00e7a, em junho foram 1061, apontando uma queda de 586 casos da infec\u00e7\u00e3o. Os dados disponibilizados pela Secretaria de Sa\u00fade tamb\u00e9m [&hellip;]","og_url":"https:\/\/www.cambe.pr.gov.br\/index.php\/cambe-apresenta-queda-de-55-no-numero-de-casos-da-covid-19-em-julho\/","og_site_name":"Prefeitura de Camb\u00e9","article_publisher":"https:\/\/m.facebook.com\/prefeituradecambe","article_published_time":"2021-08-09T13:04:31+00:00","article_modified_time":"2024-10-07T16:00:23+00:00","og_image":[{"url":"http:\/\/www.cambe.pr.gov.br\/wp-content\/uploads\/2021\/08\/IMG_2569face-300x200.jpg","type":"","width":"","height":""}],"author":"Thiago Mossini Balbino dos Santos","twitter_card":"summary_large_image","twitter_misc":{"Escrito por":"Thiago Mossini Balbino dos Santos","Est. tempo de leitura":"3 minutos"},"schema":{"@context":"https:\/\/schema.org","@graph":[{"@type":"Article","@id":"https:\/\/www.cambe.pr.gov.br\/index.php\/cambe-apresenta-queda-de-55-no-numero-de-casos-da-covid-19-em-julho\/#article","isPartOf":{"@id":"https:\/\/www.cambe.pr.gov.br\/index.php\/cambe-apresenta-queda-de-55-no-numero-de-casos-da-covid-19-em-julho\/"},"author":{"name":"Thiago Mossini Balbino dos Santos","@id":"https:\/\/www.cambe.pr.gov.br\/#\/schema\/person\/e08f7c43a641b2ec036e4e867ec483e4"},"headline":"Camb\u00e9 apresenta queda de 55% no n\u00famero de casos da Covid-19 em julho","datePublished":"2021-08-09T13:04:31+00:00","dateModified":"2024-10-07T16:00:23+00:00","mainEntityOfPage":{"@id":"https:\/\/www.cambe.pr.gov.br\/index.php\/cambe-apresenta-queda-de-55-no-numero-de-casos-da-covid-19-em-julho\/"},"wordCount":561,"publisher":{"@id":"https:\/\/www.cambe.pr.gov.br\/#organization"},"image":{"@id":"https:\/\/www.cambe.pr.gov.br\/index.php\/cambe-apresenta-queda-de-55-no-numero-de-casos-da-covid-19-em-julho\/#primaryimage"},"thumbnailUrl":"http:\/\/www.cambe.pr.gov.br\/wp-content\/uploads\/2021\/08\/IMG_2569face-300x200.jpg","articleSection":["Principal"],"inLanguage":"pt-BR"},{"@type":"WebPage","@id":"https:\/\/www.cambe.pr.gov.br\/index.php\/cambe-apresenta-queda-de-55-no-numero-de-casos-da-covid-19-em-julho\/","url":"https:\/\/www.cambe.pr.gov.br\/index.php\/cambe-apresenta-queda-de-55-no-numero-de-casos-da-covid-19-em-julho\/","name":"Camb\u00e9 apresenta queda de 55% no n\u00famero de casos da Covid-19 em julho - Prefeitura de Camb\u00e9","isPartOf":{"@id":"https:\/\/www.cambe.pr.gov.br\/#website"},"primaryImageOfPage":{"@id":"https:\/\/www.cambe.pr.gov.br\/index.php\/cambe-apresenta-queda-de-55-no-numero-de-casos-da-covid-19-em-julho\/#primaryimage"},"image":{"@id":"https:\/\/www.cambe.pr.gov.br\/index.php\/cambe-apresenta-queda-de-55-no-numero-de-casos-da-covid-19-em-julho\/#primaryimage"},"thumbnailUrl":"http:\/\/www.cambe.pr.gov.br\/wp-content\/uploads\/2021\/08\/IMG_2569face-300x200.jpg","datePublished":"2021-08-09T13:04:31+00:00","dateModified":"2024-10-07T16:00:23+00:00","breadcrumb":{"@id":"https:\/\/www.cambe.pr.gov.br\/index.php\/cambe-apresenta-queda-de-55-no-numero-de-casos-da-covid-19-em-julho\/#breadcrumb"},"inLanguage":"pt-BR","potentialAction":[{"@type":"ReadAction","target":["https:\/\/www.cambe.pr.gov.br\/index.php\/cambe-apresenta-queda-de-55-no-numero-de-casos-da-covid-19-em-julho\/"]}]},{"@type":"ImageObject","inLanguage":"pt-BR","@id":"https:\/\/www.cambe.pr.gov.br\/index.php\/cambe-apresenta-queda-de-55-no-numero-de-casos-da-covid-19-em-julho\/#primaryimage","url":"http:\/\/www.cambe.pr.gov.br\/wp-content\/uploads\/2021\/08\/IMG_2569face-300x200.jpg","contentUrl":"http:\/\/www.cambe.pr.gov.br\/wp-content\/uploads\/2021\/08\/IMG_2569face-300x200.jpg"},{"@type":"BreadcrumbList","@id":"https:\/\/www.cambe.pr.gov.br\/index.php\/cambe-apresenta-queda-de-55-no-numero-de-casos-da-covid-19-em-julho\/#breadcrumb","itemListElement":[{"@type":"ListItem","position":1,"name":"In\u00edcio","item":"https:\/\/www.cambe.pr.gov.br\/"},{"@type":"ListItem","position":2,"name":"Camb\u00e9 apresenta queda de 55% no n\u00famero de casos da Covid-19 em julho"}]},{"@type":"WebSite","@id":"https:\/\/www.cambe.pr.gov.br\/#website","url":"https:\/\/www.cambe.pr.gov.br\/","name":"Prefeitura de Camb\u00e9","description":"UM GOVERNO PARA TODOS","publisher":{"@id":"https:\/\/www.cambe.pr.gov.br\/#organization"},"potentialAction":[{"@type":"SearchAction","target":{"@type":"EntryPoint","urlTemplate":"https:\/\/www.cambe.pr.gov.br\/?s={search_term_string}"},"query-input":{"@type":"PropertyValueSpecification","valueRequired":true,"valueName":"search_term_string"}}],"inLanguage":"pt-BR"},{"@type":"Organization","@id":"https:\/\/www.cambe.pr.gov.br\/#organization","name":"Prefeitura de Camb\u00e9","url":"https:\/\/www.cambe.pr.gov.br\/","logo":{"@type":"ImageObject","inLanguage":"pt-BR","@id":"https:\/\/www.cambe.pr.gov.br\/#\/schema\/logo\/image\/","url":"https:\/\/www.cambe.pr.gov.br\/wp-content\/uploads\/2021\/01\/cropped-cropped-cambe_brazao-icone.png","contentUrl":"https:\/\/www.cambe.pr.gov.br\/wp-content\/uploads\/2021\/01\/cropped-cropped-cambe_brazao-icone.png","width":240,"height":240,"caption":"Prefeitura de Camb\u00e9"},"image":{"@id":"https:\/\/www.cambe.pr.gov.br\/#\/schema\/logo\/image\/"},"sameAs":["https:\/\/m.facebook.com\/prefeituradecambe"]},{"@type":"Person","@id":"https:\/\/www.cambe.pr.gov.br\/#\/schema\/person\/e08f7c43a641b2ec036e4e867ec483e4","name":"Thiago Mossini Balbino dos Santos","image":{"@type":"ImageObject","inLanguage":"pt-BR","@id":"https:\/\/secure.gravatar.com\/avatar\/d957ed4e1bc3ebf5769d1003f9709cd2012ebf424eb4a5d76a933fee30e874b6?s=96&d=mm&r=g","url":"https:\/\/secure.gravatar.com\/avatar\/d957ed4e1bc3ebf5769d1003f9709cd2012ebf424eb4a5d76a933fee30e874b6?s=96&d=mm&r=g","contentUrl":"https:\/\/secure.gravatar.com\/avatar\/d957ed4e1bc3ebf5769d1003f9709cd2012ebf424eb4a5d76a933fee30e874b6?s=96&d=mm&r=g","caption":"Thiago Mossini Balbino dos Santos"},"url":"https:\/\/www.cambe.pr.gov.br\/index.php\/author\/tmbsantos\/"}]}},"_links":{"self":[{"href":"https:\/\/www.cambe.pr.gov.br\/index.php\/wp-json\/wp\/v2\/posts\/2885","targetHints":{"allow":["GET"]}}],"collection":[{"href":"https:\/\/www.cambe.pr.gov.br\/index.php\/wp-json\/wp\/v2\/posts"}],"about":[{"href":"https:\/\/www.cambe.pr.gov.br\/index.php\/wp-json\/wp\/v2\/types\/post"}],"author":[{"embeddable":true,"href":"https:\/\/www.cambe.pr.gov.br\/index.php\/wp-json\/wp\/v2\/users\/2"}],"replies":[{"embeddable":true,"href":"https:\/\/www.cambe.pr.gov.br\/index.php\/wp-json\/wp\/v2\/comments?post=2885"}],"version-history":[{"count":1,"href":"https:\/\/www.cambe.pr.gov.br\/index.php\/wp-json\/wp\/v2\/posts\/2885\/revisions"}],"predecessor-version":[{"id":2887,"href":"https:\/\/www.cambe.pr.gov.br\/index.php\/wp-json\/wp\/v2\/posts\/2885\/revisions\/2887"}],"wp:attachment":[{"href":"https:\/\/www.cambe.pr.gov.br\/index.php\/wp-json\/wp\/v2\/media?parent=2885"}],"wp:term":[{"taxonomy":"category","embeddable":true,"href":"https:\/\/www.cambe.pr.gov.br\/index.php\/wp-json\/wp\/v2\/categories?post=2885"},{"taxonomy":"post_tag","embeddable":true,"href":"https:\/\/www.cambe.pr.gov.br\/index.php\/wp-json\/wp\/v2\/tags?post=2885"}],"curies":[{"name":"wp","href":"https:\/\/api.w.org\/{rel}","templated":true}]}}