{"id":20308,"date":"2026-09-04T10:26:28","date_gmt":"2026-09-04T13:26:28","guid":{"rendered":"https:\/\/www.cambe.pr.gov.br\/?p=20308"},"modified":"2026-09-04T10:26:28","modified_gmt":"2026-09-04T13:26:28","slug":"prefeitura-assina-ordens-de-servico-para-ampliacao-da-upa-e-construcao-da-ubs-santo-andre","status":"publish","type":"post","link":"https:\/\/www.cambe.pr.gov.br\/index.php\/prefeitura-assina-ordens-de-servico-para-ampliacao-da-upa-e-construcao-da-ubs-santo-andre\/","title":{"rendered":"Prefeitura assina ordens de servi\u00e7o para amplia\u00e7\u00e3o da UPA e constru\u00e7\u00e3o da UBS Santo Andr\u00e9"},"content":{"rendered":"<div id=\"attachment_20309\" style=\"width: 620px\" class=\"wp-caption alignleft\"><img fetchpriority=\"high\" decoding=\"async\" aria-describedby=\"caption-attachment-20309\" class=\"wp-image-20309 size-large\" src=\"https:\/\/www.cambe.pr.gov.br\/wp-content\/uploads\/2026\/09\/WhatsApp-Image-2026-09-03-at-16.24.17-1024x768.jpeg\" alt=\"\" width=\"610\" height=\"458\" srcset=\"https:\/\/www.cambe.pr.gov.br\/wp-content\/uploads\/2026\/09\/WhatsApp-Image-2026-09-03-at-16.24.17-1024x768.jpeg 1024w, https:\/\/www.cambe.pr.gov.br\/wp-content\/uploads\/2026\/09\/WhatsApp-Image-2026-09-03-at-16.24.17-300x225.jpeg 300w, https:\/\/www.cambe.pr.gov.br\/wp-content\/uploads\/2026\/09\/WhatsApp-Image-2026-09-03-at-16.24.17-768x576.jpeg 768w, https:\/\/www.cambe.pr.gov.br\/wp-content\/uploads\/2026\/09\/WhatsApp-Image-2026-09-03-at-16.24.17-400x300.jpeg 400w, https:\/\/www.cambe.pr.gov.br\/wp-content\/uploads\/2026\/09\/WhatsApp-Image-2026-09-03-at-16.24.17.jpeg 1448w\" sizes=\"(max-width: 610px) 100vw, 610px\" \/><p id=\"caption-attachment-20309\" class=\"wp-caption-text\">Projeto da nova fachada da UPA, que ter\u00e1 toda a parte de entrada e atendimento inicial remodelada<\/p><\/div>\n<p style=\"text-align: justify;\"><span style=\"font-weight: 400; font-family: arial, helvetica, sans-serif;\">A Prefeitura de Camb\u00e9 segue investindo para melhorar a estrutura da <a href=\"https:\/\/www.cambe.pr.gov.br\/index.php\/cambe-tem-a-49a-melhor-seguranca-do-brasil-e-4a-saude-com-mais-qualidade-do-parana-segundo-ranking-nacional\/\" target=\"_blank\" rel=\"noopener\"><strong>4\u00aa melhor sa\u00fade do Paran\u00e1<\/strong><\/a>. E nesta sexta-feira (4), assina as ordens de servi\u00e7o para mais duas importantes obras no setor: a reforma e amplia\u00e7\u00e3o da Unidade de Pronto Atendimento (UPA) e a constru\u00e7\u00e3o da nova Unidade B\u00e1sica de Sa\u00fade (UBS) no Jardim Santo Andr\u00e9. Ao todo, ser\u00e3o investidos mais de R$ 6 milh\u00f5es nas duas estruturas que ampliam a oferta e melhoram o servi\u00e7o de atendimento em sa\u00fade para todo o munic\u00edpio. A cerim\u00f4nia de assinatura acontece nesta sexta, a partir das 16h, no local das futuras instala\u00e7\u00f5es da UBS, na Rua Alpineu Dutra de Souza, esquina com a Rua Rio Tibagi.<\/span><\/p>\n<p style=\"text-align: justify;\"><span style=\"font-weight: 400; font-family: arial, helvetica, sans-serif;\">A UPA de Camb\u00e9 passar\u00e1 a ter mais de 260 m\u00b2 de \u00e1rea constru\u00edda, com uma nova recep\u00e7\u00e3o, salas de acolhimento, espa\u00e7o fam\u00edlia e sanit\u00e1rios adaptados. <\/span><\/p>\n<p style=\"text-align: justify;\"><span style=\"font-weight: 400; font-family: arial, helvetica, sans-serif;\">J\u00e1 a UBS Santo Andr\u00e9 ser\u00e1 ao lado do novo Pronto Atendimento Municipal, que j\u00e1 est\u00e1 em constru\u00e7\u00e3o, atendendo toda a grande regi\u00e3o do Jardim Santo Amaro. A unidade ter\u00e1 775 m\u00b2, 19 salas de atendimento e toda a estrutura para um atendimento multifuncional, humanizado e integrado \u00e0s novas tecnologias em sa\u00fade, substituindo a antiga estrutura, que funciona anexada ao Pronto Atendimento 24h Maria Anideje e assiste cerca de 15 mil cambeenses.<\/span><\/p>\n<p style=\"text-align: justify;\"><span style=\"font-weight: 400; font-family: arial, helvetica, sans-serif;\">A secret\u00e1ria municipal de Sa\u00fade P\u00fablica, Talita Bengozi, ressaltou que as obras v\u00eam para qualificar e ampliar o atendimento em Camb\u00e9, garantindo mais conforto para pacientes e servidores. \u201cS\u00e3o duas grandes obras muito esperadas pela comunidade. A unidade do Santo Amaro \u00e9 bem antiga, j\u00e1 passou por v\u00e1rias reformas e n\u00e3o tem mais comportado o n\u00famero de atendimentos. E tamb\u00e9m a UPA, que, com o crescimento da cidade, tem se tornado insuficiente, principalmente a regi\u00e3o ali da sala de espera. Ent\u00e3o, foi vista essa necessidade em fazer uma amplia\u00e7\u00e3o para que os pacientes tenham mais qualidade no momento em que est\u00e3o esperando o seu atendimento. \u00c9 uma alegria muito grande porque s\u00e3o obras que trar\u00e3o mais qualidade para os atendimentos, maior acesso, grande espa\u00e7o, possibilidade de amplia\u00e7\u00e3o de atendimentos e tamb\u00e9m mais ambi\u00eancia e qualidade para o trabalho dos servidores\u201d, disse.<\/span><\/p>\n<p>&nbsp;<\/p>\n<p style=\"text-align: justify;\"><strong><span style=\"font-family: arial, helvetica, sans-serif;\">Amplia\u00e7\u00e3o da UPA<\/span><\/strong><\/p>\n<p style=\"text-align: justify;\"><span style=\"font-weight: 400; font-family: arial, helvetica, sans-serif;\">O objetivo da obra na UPA \u00e9 qualificar a estrutura f\u00edsica da unidade e aprimorar as condi\u00e7\u00f5es de atendimento, acolhimento, acessibilidade e conforto para pacientes e familiares. Ap\u00f3s a amplia\u00e7\u00e3o, a popula\u00e7\u00e3o contar\u00e1 com um espa\u00e7o de atendimento inicial mais amplo, organizado e confort\u00e1vel para acolhimento.<\/span><\/p>\n<p style=\"text-align: justify;\"><span style=\"font-weight: 400; font-family: arial, helvetica, sans-serif;\">A UPA contar\u00e1 com uma nova recep\u00e7\u00e3o, que ir\u00e1 melhorar a organiza\u00e7\u00e3o do acesso \u00e0 unidade, proporcionando um espa\u00e7o mais adequado para a chegada, orienta\u00e7\u00e3o e encaminhamento dos usu\u00e1rios. Tamb\u00e9m ser\u00e3o constru\u00eddas novas salas de acolhimento, para um atendimento inicial mais organizado e humanizado. De acordo com a Secretaria de Sa\u00fade, a melhoria desses espa\u00e7os contribuir\u00e1 para a organiza\u00e7\u00e3o do fluxo interno da UPA e para uma experi\u00eancia mais adequada dos usu\u00e1rios desde a entrada na unidade.<\/span><\/p>\n<p style=\"text-align: justify;\"><span style=\"font-weight: 400; font-family: arial, helvetica, sans-serif;\">O projeto tamb\u00e9m prev\u00ea um Espa\u00e7o Fam\u00edlia, que vai oferecer melhores condi\u00e7\u00f5es de perman\u00eancia e apoio aos familiares e acompanhantes dos pacientes. E, ainda, sanit\u00e1rios adaptados, com melhores condi\u00e7\u00f5es de acessibilidade, autonomia, seguran\u00e7a e conforto para pessoas com defici\u00eancia ou mobilidade reduzida.<\/span><\/p>\n<p style=\"text-align: justify;\"><span style=\"font-weight: 400; font-family: arial, helvetica, sans-serif;\">Toda essa estrutura ser\u00e1 constru\u00edda em uma nova \u00e1rea de 260,80 m\u00b2. Com isso, a UPA passa de 1.199,55 m\u00b2 para 1.460,35 m\u00b2, com um acr\u00e9scimo de 21,74% em rela\u00e7\u00e3o \u00e0 \u00e1rea constru\u00edda hoje.<\/span><\/p>\n<p style=\"text-align: justify;\"><span style=\"font-weight: 400; font-family: arial, helvetica, sans-serif;\">A obra da UPA ter\u00e1 investimento de R$ 1.927.000,00 integralmente custeado pelo munic\u00edpio. Os servi\u00e7os ser\u00e3o feitos pela Construtora Inovabuild, que venceu o processo de licita\u00e7\u00e3o.<\/span><\/p>\n<p>&nbsp;<\/p>\n<p style=\"text-align: justify;\"><strong><span style=\"font-family: arial, helvetica, sans-serif;\">UBS Santo Andr\u00e9<\/span><\/strong><\/p>\n<div id=\"attachment_20310\" style=\"width: 620px\" class=\"wp-caption alignleft\"><img decoding=\"async\" aria-describedby=\"caption-attachment-20310\" class=\"wp-image-20310 size-large\" src=\"https:\/\/www.cambe.pr.gov.br\/wp-content\/uploads\/2026\/09\/DJI_20260831145022_0114_D.MP4_snapshot_00.11.763-1024x576.jpg\" alt=\"\" width=\"610\" height=\"343\" srcset=\"https:\/\/www.cambe.pr.gov.br\/wp-content\/uploads\/2026\/09\/DJI_20260831145022_0114_D.MP4_snapshot_00.11.763-1024x576.jpg 1024w, https:\/\/www.cambe.pr.gov.br\/wp-content\/uploads\/2026\/09\/DJI_20260831145022_0114_D.MP4_snapshot_00.11.763-300x169.jpg 300w, https:\/\/www.cambe.pr.gov.br\/wp-content\/uploads\/2026\/09\/DJI_20260831145022_0114_D.MP4_snapshot_00.11.763-768x432.jpg 768w, https:\/\/www.cambe.pr.gov.br\/wp-content\/uploads\/2026\/09\/DJI_20260831145022_0114_D.MP4_snapshot_00.11.763-1536x864.jpg 1536w, https:\/\/www.cambe.pr.gov.br\/wp-content\/uploads\/2026\/09\/DJI_20260831145022_0114_D.MP4_snapshot_00.11.763-2048x1152.jpg 2048w\" sizes=\"(max-width: 610px) 100vw, 610px\" \/><p id=\"caption-attachment-20310\" class=\"wp-caption-text\">UBS Santo Andr\u00e9 ser\u00e1 ao lado do novo Pronto Atendimento Municipal, que j\u00e1 est\u00e1 em obras, garantindo assist\u00eancia de qualidade para mais de 15 mil cambeenses da regi\u00e3o do Santo Amaro<\/p><\/div>\n<p style=\"text-align: justify;\"><span style=\"font-weight: 400; font-family: arial, helvetica, sans-serif;\">A nova UBS vai atender toda a regi\u00e3o do Santo Amaro e ter\u00e1 775 m\u00b2 de \u00e1rea constru\u00edda, projetada para opera\u00e7\u00e3o de tr\u00eas Equipes de Sa\u00fade da Fam\u00edlia (ESF), com estrutura moderna, acess\u00edvel e integrada para o atendimento da popula\u00e7\u00e3o. A unidade contar\u00e1 com 19 salas de atendimento, sendo sete consult\u00f3rios, al\u00e9m de ambientes de apoio, acolhimento, promo\u00e7\u00e3o da sa\u00fade e atividades coletivas.<\/span><\/p>\n<p style=\"text-align: justify;\"><span style=\"font-weight: 400; font-family: arial, helvetica, sans-serif;\">A estrutura ter\u00e1 consult\u00f3rios m\u00e9dicos e de enfermagem, com estrutura moderna e destinados aos atendimentos individuais das equipes de sa\u00fade, com acessibilidade, privacidade e conforto; consult\u00f3rio eMulti ou Sala Lil\u00e1s, para atendimento e acolhimento humanizado de mulheres em situa\u00e7\u00e3o de viol\u00eancia; consult\u00f3rios odontol\u00f3gicos com escov\u00f3dromo para atendimentos cl\u00ednicos e a\u00e7\u00f5es de educa\u00e7\u00e3o e promo\u00e7\u00e3o da sa\u00fade bucal; al\u00e9m de estrutura diferencial no munic\u00edpio para Sa\u00fade Digital, permitindo a realiza\u00e7\u00e3o de teleconsultas e apoio a processos de diagn\u00f3sticos e acompanhamento digital.<\/span><\/p>\n<p style=\"text-align: justify;\"><span style=\"font-weight: 400; font-family: arial, helvetica, sans-serif;\">Al\u00e9m dos consult\u00f3rios, a unidade ter\u00e1 ambientes de atendimento, apoio e funcionamento das equipes, com recep\u00e7\u00e3o, sala de vacina\u00e7\u00e3o, sala de amamenta\u00e7\u00e3o e prote\u00e7\u00e3o \u00e0 sa\u00fade materno-infantil, sala de medica\u00e7\u00e3o e procedimentos, farm\u00e1cia, \u00e1rea de descompress\u00e3o, horta comunit\u00e1ria para a\u00e7\u00f5es de educa\u00e7\u00e3o em sa\u00fade, alimenta\u00e7\u00e3o saud\u00e1vel e integra\u00e7\u00e3o com a comunidade e p\u00e1tio para atividades coletivas.<\/span><\/p>\n<p style=\"text-align: justify;\"><span style=\"font-weight: 400; font-family: arial, helvetica, sans-serif;\">O investimento na UBS ser\u00e1 de R$ 4.229.311,00, sendo R$ 3.421.000,00 do Minist\u00e9rio da Sa\u00fade e R$ 808.311,00 correspondentes \u00e0 contrapartida municipal. A obra ser\u00e1 executada pela Construtora Stenge.<\/span><\/p>\n","protected":false},"excerpt":{"rendered":"<p>A Prefeitura de Camb\u00e9 segue investindo para melhorar a estrutura da 4\u00aa melhor sa\u00fade do Paran\u00e1. E nesta sexta-feira (4), assina as ordens de servi\u00e7o para mais duas importantes obras no setor: a reforma e amplia\u00e7\u00e3o da Unidade de Pronto Atendimento (UPA) e a constru\u00e7\u00e3o da nova Unidade B\u00e1sica de Sa\u00fade (UBS) no Jardim Santo [&hellip;]<\/p>\n","protected":false},"author":16,"featured_media":0,"comment_status":"closed","ping_status":"closed","sticky":false,"template":"","format":"standard","meta":{"ngg_post_thumbnail":0,"footnotes":""},"categories":[1],"tags":[],"class_list":["post-20308","post","type-post","status-publish","format-standard","hentry","category-principal"],"yoast_head":"<!-- This site is optimized with the Yoast SEO plugin v28.1 - https:\/\/yoast.com\/product\/yoast-seo-wordpress\/ -->\n<title>Prefeitura assina ordens de servi\u00e7o para amplia\u00e7\u00e3o da UPA e constru\u00e7\u00e3o da UBS Santo Andr\u00e9 - Prefeitura de Camb\u00e9<\/title>\n<meta name=\"robots\" content=\"index, follow, max-snippet:-1, max-image-preview:large, max-video-preview:-1\" \/>\n<link rel=\"canonical\" href=\"https:\/\/www.cambe.pr.gov.br\/index.php\/prefeitura-assina-ordens-de-servico-para-ampliacao-da-upa-e-construcao-da-ubs-santo-andre\/\" \/>\n<meta property=\"og:locale\" content=\"pt_BR\" \/>\n<meta property=\"og:type\" content=\"article\" \/>\n<meta property=\"og:title\" content=\"Prefeitura assina ordens de servi\u00e7o para amplia\u00e7\u00e3o da UPA e constru\u00e7\u00e3o da UBS Santo Andr\u00e9 - Prefeitura de Camb\u00e9\" \/>\n<meta property=\"og:description\" content=\"A Prefeitura de Camb\u00e9 segue investindo para melhorar a estrutura da 4\u00aa melhor sa\u00fade do Paran\u00e1. E nesta sexta-feira (4), assina as ordens de servi\u00e7o para mais duas importantes obras no setor: a reforma e amplia\u00e7\u00e3o da Unidade de Pronto Atendimento (UPA) e a constru\u00e7\u00e3o da nova Unidade B\u00e1sica de Sa\u00fade (UBS) no Jardim Santo [&hellip;]\" \/>\n<meta property=\"og:url\" content=\"https:\/\/www.cambe.pr.gov.br\/index.php\/prefeitura-assina-ordens-de-servico-para-ampliacao-da-upa-e-construcao-da-ubs-santo-andre\/\" \/>\n<meta property=\"og:site_name\" content=\"Prefeitura de Camb\u00e9\" \/>\n<meta property=\"article:publisher\" content=\"https:\/\/m.facebook.com\/prefeituradecambe\" \/>\n<meta property=\"article:published_time\" content=\"2026-09-04T13:26:28+00:00\" \/>\n<meta property=\"og:image\" content=\"https:\/\/www.cambe.pr.gov.br\/wp-content\/uploads\/2026\/09\/WhatsApp-Image-2026-09-03-at-16.24.17.jpeg\" \/>\n\t<meta property=\"og:image:width\" content=\"1448\" \/>\n\t<meta property=\"og:image:height\" content=\"1086\" \/>\n\t<meta property=\"og:image:type\" content=\"image\/jpeg\" \/>\n<meta name=\"author\" content=\"Vinicius Augusto Batista Eira\" \/>\n<meta name=\"twitter:card\" content=\"summary_large_image\" \/>\n<meta name=\"twitter:label1\" content=\"Escrito por\" \/>\n\t<meta name=\"twitter:data1\" content=\"Vinicius Augusto Batista Eira\" \/>\n\t<meta name=\"twitter:label2\" content=\"Est. tempo de leitura\" \/>\n\t<meta name=\"twitter:data2\" content=\"6 minutos\" \/>\n<script type=\"application\/ld+json\" class=\"yoast-schema-graph\">{\"@context\":\"https:\\\/\\\/schema.org\",\"@graph\":[{\"@type\":\"Article\",\"@id\":\"https:\\\/\\\/www.cambe.pr.gov.br\\\/index.php\\\/prefeitura-assina-ordens-de-servico-para-ampliacao-da-upa-e-construcao-da-ubs-santo-andre\\\/#article\",\"isPartOf\":{\"@id\":\"https:\\\/\\\/www.cambe.pr.gov.br\\\/index.php\\\/prefeitura-assina-ordens-de-servico-para-ampliacao-da-upa-e-construcao-da-ubs-santo-andre\\\/\"},\"author\":{\"name\":\"Vinicius Augusto Batista Eira\",\"@id\":\"https:\\\/\\\/www.cambe.pr.gov.br\\\/#\\\/schema\\\/person\\\/8e3ee69cb2cadf4b9f8377407227effd\"},\"headline\":\"Prefeitura assina ordens de servi\u00e7o para amplia\u00e7\u00e3o da UPA e constru\u00e7\u00e3o da UBS Santo Andr\u00e9\",\"datePublished\":\"2026-09-04T13:26:28+00:00\",\"mainEntityOfPage\":{\"@id\":\"https:\\\/\\\/www.cambe.pr.gov.br\\\/index.php\\\/prefeitura-assina-ordens-de-servico-para-ampliacao-da-upa-e-construcao-da-ubs-santo-andre\\\/\"},\"wordCount\":1001,\"publisher\":{\"@id\":\"https:\\\/\\\/www.cambe.pr.gov.br\\\/#organization\"},\"image\":{\"@id\":\"https:\\\/\\\/www.cambe.pr.gov.br\\\/index.php\\\/prefeitura-assina-ordens-de-servico-para-ampliacao-da-upa-e-construcao-da-ubs-santo-andre\\\/#primaryimage\"},\"thumbnailUrl\":\"https:\\\/\\\/www.cambe.pr.gov.br\\\/wp-content\\\/uploads\\\/2026\\\/09\\\/WhatsApp-Image-2026-09-03-at-16.24.17-1024x768.jpeg\",\"articleSection\":[\"Principal\"],\"inLanguage\":\"pt-BR\"},{\"@type\":\"WebPage\",\"@id\":\"https:\\\/\\\/www.cambe.pr.gov.br\\\/index.php\\\/prefeitura-assina-ordens-de-servico-para-ampliacao-da-upa-e-construcao-da-ubs-santo-andre\\\/\",\"url\":\"https:\\\/\\\/www.cambe.pr.gov.br\\\/index.php\\\/prefeitura-assina-ordens-de-servico-para-ampliacao-da-upa-e-construcao-da-ubs-santo-andre\\\/\",\"name\":\"Prefeitura assina ordens de servi\u00e7o para amplia\u00e7\u00e3o da UPA e constru\u00e7\u00e3o da UBS Santo Andr\u00e9 - Prefeitura de Camb\u00e9\",\"isPartOf\":{\"@id\":\"https:\\\/\\\/www.cambe.pr.gov.br\\\/#website\"},\"primaryImageOfPage\":{\"@id\":\"https:\\\/\\\/www.cambe.pr.gov.br\\\/index.php\\\/prefeitura-assina-ordens-de-servico-para-ampliacao-da-upa-e-construcao-da-ubs-santo-andre\\\/#primaryimage\"},\"image\":{\"@id\":\"https:\\\/\\\/www.cambe.pr.gov.br\\\/index.php\\\/prefeitura-assina-ordens-de-servico-para-ampliacao-da-upa-e-construcao-da-ubs-santo-andre\\\/#primaryimage\"},\"thumbnailUrl\":\"https:\\\/\\\/www.cambe.pr.gov.br\\\/wp-content\\\/uploads\\\/2026\\\/09\\\/WhatsApp-Image-2026-09-03-at-16.24.17-1024x768.jpeg\",\"datePublished\":\"2026-09-04T13:26:28+00:00\",\"breadcrumb\":{\"@id\":\"https:\\\/\\\/www.cambe.pr.gov.br\\\/index.php\\\/prefeitura-assina-ordens-de-servico-para-ampliacao-da-upa-e-construcao-da-ubs-santo-andre\\\/#breadcrumb\"},\"inLanguage\":\"pt-BR\",\"potentialAction\":[{\"@type\":\"ReadAction\",\"target\":[\"https:\\\/\\\/www.cambe.pr.gov.br\\\/index.php\\\/prefeitura-assina-ordens-de-servico-para-ampliacao-da-upa-e-construcao-da-ubs-santo-andre\\\/\"]}]},{\"@type\":\"ImageObject\",\"inLanguage\":\"pt-BR\",\"@id\":\"https:\\\/\\\/www.cambe.pr.gov.br\\\/index.php\\\/prefeitura-assina-ordens-de-servico-para-ampliacao-da-upa-e-construcao-da-ubs-santo-andre\\\/#primaryimage\",\"url\":\"https:\\\/\\\/www.cambe.pr.gov.br\\\/wp-content\\\/uploads\\\/2026\\\/09\\\/WhatsApp-Image-2026-09-03-at-16.24.17.jpeg\",\"contentUrl\":\"https:\\\/\\\/www.cambe.pr.gov.br\\\/wp-content\\\/uploads\\\/2026\\\/09\\\/WhatsApp-Image-2026-09-03-at-16.24.17.jpeg\",\"width\":1448,\"height\":1086},{\"@type\":\"BreadcrumbList\",\"@id\":\"https:\\\/\\\/www.cambe.pr.gov.br\\\/index.php\\\/prefeitura-assina-ordens-de-servico-para-ampliacao-da-upa-e-construcao-da-ubs-santo-andre\\\/#breadcrumb\",\"itemListElement\":[{\"@type\":\"ListItem\",\"position\":1,\"name\":\"In\u00edcio\",\"item\":\"https:\\\/\\\/www.cambe.pr.gov.br\\\/\"},{\"@type\":\"ListItem\",\"position\":2,\"name\":\"Prefeitura assina ordens de servi\u00e7o para amplia\u00e7\u00e3o da UPA e constru\u00e7\u00e3o da UBS Santo Andr\u00e9\"}]},{\"@type\":\"WebSite\",\"@id\":\"https:\\\/\\\/www.cambe.pr.gov.br\\\/#website\",\"url\":\"https:\\\/\\\/www.cambe.pr.gov.br\\\/\",\"name\":\"Prefeitura de Camb\u00e9\",\"description\":\"UM GOVERNO PARA TODOS\",\"publisher\":{\"@id\":\"https:\\\/\\\/www.cambe.pr.gov.br\\\/#organization\"},\"potentialAction\":[{\"@type\":\"SearchAction\",\"target\":{\"@type\":\"EntryPoint\",\"urlTemplate\":\"https:\\\/\\\/www.cambe.pr.gov.br\\\/?s={search_term_string}\"},\"query-input\":{\"@type\":\"PropertyValueSpecification\",\"valueRequired\":true,\"valueName\":\"search_term_string\"}}],\"inLanguage\":\"pt-BR\"},{\"@type\":\"Organization\",\"@id\":\"https:\\\/\\\/www.cambe.pr.gov.br\\\/#organization\",\"name\":\"Prefeitura de Camb\u00e9\",\"url\":\"https:\\\/\\\/www.cambe.pr.gov.br\\\/\",\"logo\":{\"@type\":\"ImageObject\",\"inLanguage\":\"pt-BR\",\"@id\":\"https:\\\/\\\/www.cambe.pr.gov.br\\\/#\\\/schema\\\/logo\\\/image\\\/\",\"url\":\"https:\\\/\\\/www.cambe.pr.gov.br\\\/wp-content\\\/uploads\\\/2021\\\/01\\\/cropped-cropped-cambe_brazao-icone.png\",\"contentUrl\":\"https:\\\/\\\/www.cambe.pr.gov.br\\\/wp-content\\\/uploads\\\/2021\\\/01\\\/cropped-cropped-cambe_brazao-icone.png\",\"width\":240,\"height\":240,\"caption\":\"Prefeitura de Camb\u00e9\"},\"image\":{\"@id\":\"https:\\\/\\\/www.cambe.pr.gov.br\\\/#\\\/schema\\\/logo\\\/image\\\/\"},\"sameAs\":[\"https:\\\/\\\/m.facebook.com\\\/prefeituradecambe\"]},{\"@type\":\"Person\",\"@id\":\"https:\\\/\\\/www.cambe.pr.gov.br\\\/#\\\/schema\\\/person\\\/8e3ee69cb2cadf4b9f8377407227effd\",\"name\":\"Vinicius Augusto Batista Eira\",\"image\":{\"@type\":\"ImageObject\",\"inLanguage\":\"pt-BR\",\"@id\":\"https:\\\/\\\/www.cambe.pr.gov.br\\\/wp-content\\\/litespeed\\\/avatar\\\/200ce6ed490e919520b25ebbc4ed5b56.jpg?ver=1788358867\",\"url\":\"https:\\\/\\\/www.cambe.pr.gov.br\\\/wp-content\\\/litespeed\\\/avatar\\\/200ce6ed490e919520b25ebbc4ed5b56.jpg?ver=1788358867\",\"contentUrl\":\"https:\\\/\\\/www.cambe.pr.gov.br\\\/wp-content\\\/litespeed\\\/avatar\\\/200ce6ed490e919520b25ebbc4ed5b56.jpg?ver=1788358867\",\"caption\":\"Vinicius Augusto Batista Eira\"},\"url\":\"https:\\\/\\\/www.cambe.pr.gov.br\\\/index.php\\\/author\\\/vabeira\\\/\"}]}<\/script>\n<!-- \/ Yoast SEO plugin. -->","yoast_head_json":{"title":"Prefeitura assina ordens de servi\u00e7o para amplia\u00e7\u00e3o da UPA e constru\u00e7\u00e3o da UBS Santo Andr\u00e9 - Prefeitura de Camb\u00e9","robots":{"index":"index","follow":"follow","max-snippet":"max-snippet:-1","max-image-preview":"max-image-preview:large","max-video-preview":"max-video-preview:-1"},"canonical":"https:\/\/www.cambe.pr.gov.br\/index.php\/prefeitura-assina-ordens-de-servico-para-ampliacao-da-upa-e-construcao-da-ubs-santo-andre\/","og_locale":"pt_BR","og_type":"article","og_title":"Prefeitura assina ordens de servi\u00e7o para amplia\u00e7\u00e3o da UPA e constru\u00e7\u00e3o da UBS Santo Andr\u00e9 - Prefeitura de Camb\u00e9","og_description":"A Prefeitura de Camb\u00e9 segue investindo para melhorar a estrutura da 4\u00aa melhor sa\u00fade do Paran\u00e1. E nesta sexta-feira (4), assina as ordens de servi\u00e7o para mais duas importantes obras no setor: a reforma e amplia\u00e7\u00e3o da Unidade de Pronto Atendimento (UPA) e a constru\u00e7\u00e3o da nova Unidade B\u00e1sica de Sa\u00fade (UBS) no Jardim Santo [&hellip;]","og_url":"https:\/\/www.cambe.pr.gov.br\/index.php\/prefeitura-assina-ordens-de-servico-para-ampliacao-da-upa-e-construcao-da-ubs-santo-andre\/","og_site_name":"Prefeitura de Camb\u00e9","article_publisher":"https:\/\/m.facebook.com\/prefeituradecambe","article_published_time":"2026-09-04T13:26:28+00:00","og_image":[{"width":1448,"height":1086,"url":"https:\/\/www.cambe.pr.gov.br\/wp-content\/uploads\/2026\/09\/WhatsApp-Image-2026-09-03-at-16.24.17.jpeg","type":"image\/jpeg"}],"author":"Vinicius Augusto Batista Eira","twitter_card":"summary_large_image","twitter_misc":{"Escrito por":"Vinicius Augusto Batista Eira","Est. tempo de leitura":"6 minutos"},"schema":{"@context":"https:\/\/schema.org","@graph":[{"@type":"Article","@id":"https:\/\/www.cambe.pr.gov.br\/index.php\/prefeitura-assina-ordens-de-servico-para-ampliacao-da-upa-e-construcao-da-ubs-santo-andre\/#article","isPartOf":{"@id":"https:\/\/www.cambe.pr.gov.br\/index.php\/prefeitura-assina-ordens-de-servico-para-ampliacao-da-upa-e-construcao-da-ubs-santo-andre\/"},"author":{"name":"Vinicius Augusto Batista Eira","@id":"https:\/\/www.cambe.pr.gov.br\/#\/schema\/person\/8e3ee69cb2cadf4b9f8377407227effd"},"headline":"Prefeitura assina ordens de servi\u00e7o para amplia\u00e7\u00e3o da UPA e constru\u00e7\u00e3o da UBS Santo Andr\u00e9","datePublished":"2026-09-04T13:26:28+00:00","mainEntityOfPage":{"@id":"https:\/\/www.cambe.pr.gov.br\/index.php\/prefeitura-assina-ordens-de-servico-para-ampliacao-da-upa-e-construcao-da-ubs-santo-andre\/"},"wordCount":1001,"publisher":{"@id":"https:\/\/www.cambe.pr.gov.br\/#organization"},"image":{"@id":"https:\/\/www.cambe.pr.gov.br\/index.php\/prefeitura-assina-ordens-de-servico-para-ampliacao-da-upa-e-construcao-da-ubs-santo-andre\/#primaryimage"},"thumbnailUrl":"https:\/\/www.cambe.pr.gov.br\/wp-content\/uploads\/2026\/09\/WhatsApp-Image-2026-09-03-at-16.24.17-1024x768.jpeg","articleSection":["Principal"],"inLanguage":"pt-BR"},{"@type":"WebPage","@id":"https:\/\/www.cambe.pr.gov.br\/index.php\/prefeitura-assina-ordens-de-servico-para-ampliacao-da-upa-e-construcao-da-ubs-santo-andre\/","url":"https:\/\/www.cambe.pr.gov.br\/index.php\/prefeitura-assina-ordens-de-servico-para-ampliacao-da-upa-e-construcao-da-ubs-santo-andre\/","name":"Prefeitura assina ordens de servi\u00e7o para amplia\u00e7\u00e3o da UPA e constru\u00e7\u00e3o da UBS Santo Andr\u00e9 - Prefeitura de Camb\u00e9","isPartOf":{"@id":"https:\/\/www.cambe.pr.gov.br\/#website"},"primaryImageOfPage":{"@id":"https:\/\/www.cambe.pr.gov.br\/index.php\/prefeitura-assina-ordens-de-servico-para-ampliacao-da-upa-e-construcao-da-ubs-santo-andre\/#primaryimage"},"image":{"@id":"https:\/\/www.cambe.pr.gov.br\/index.php\/prefeitura-assina-ordens-de-servico-para-ampliacao-da-upa-e-construcao-da-ubs-santo-andre\/#primaryimage"},"thumbnailUrl":"https:\/\/www.cambe.pr.gov.br\/wp-content\/uploads\/2026\/09\/WhatsApp-Image-2026-09-03-at-16.24.17-1024x768.jpeg","datePublished":"2026-09-04T13:26:28+00:00","breadcrumb":{"@id":"https:\/\/www.cambe.pr.gov.br\/index.php\/prefeitura-assina-ordens-de-servico-para-ampliacao-da-upa-e-construcao-da-ubs-santo-andre\/#breadcrumb"},"inLanguage":"pt-BR","potentialAction":[{"@type":"ReadAction","target":["https:\/\/www.cambe.pr.gov.br\/index.php\/prefeitura-assina-ordens-de-servico-para-ampliacao-da-upa-e-construcao-da-ubs-santo-andre\/"]}]},{"@type":"ImageObject","inLanguage":"pt-BR","@id":"https:\/\/www.cambe.pr.gov.br\/index.php\/prefeitura-assina-ordens-de-servico-para-ampliacao-da-upa-e-construcao-da-ubs-santo-andre\/#primaryimage","url":"https:\/\/www.cambe.pr.gov.br\/wp-content\/uploads\/2026\/09\/WhatsApp-Image-2026-09-03-at-16.24.17.jpeg","contentUrl":"https:\/\/www.cambe.pr.gov.br\/wp-content\/uploads\/2026\/09\/WhatsApp-Image-2026-09-03-at-16.24.17.jpeg","width":1448,"height":1086},{"@type":"BreadcrumbList","@id":"https:\/\/www.cambe.pr.gov.br\/index.php\/prefeitura-assina-ordens-de-servico-para-ampliacao-da-upa-e-construcao-da-ubs-santo-andre\/#breadcrumb","itemListElement":[{"@type":"ListItem","position":1,"name":"In\u00edcio","item":"https:\/\/www.cambe.pr.gov.br\/"},{"@type":"ListItem","position":2,"name":"Prefeitura assina ordens de servi\u00e7o para amplia\u00e7\u00e3o da UPA e constru\u00e7\u00e3o da UBS Santo Andr\u00e9"}]},{"@type":"WebSite","@id":"https:\/\/www.cambe.pr.gov.br\/#website","url":"https:\/\/www.cambe.pr.gov.br\/","name":"Prefeitura de Camb\u00e9","description":"UM GOVERNO PARA TODOS","publisher":{"@id":"https:\/\/www.cambe.pr.gov.br\/#organization"},"potentialAction":[{"@type":"SearchAction","target":{"@type":"EntryPoint","urlTemplate":"https:\/\/www.cambe.pr.gov.br\/?s={search_term_string}"},"query-input":{"@type":"PropertyValueSpecification","valueRequired":true,"valueName":"search_term_string"}}],"inLanguage":"pt-BR"},{"@type":"Organization","@id":"https:\/\/www.cambe.pr.gov.br\/#organization","name":"Prefeitura de Camb\u00e9","url":"https:\/\/www.cambe.pr.gov.br\/","logo":{"@type":"ImageObject","inLanguage":"pt-BR","@id":"https:\/\/www.cambe.pr.gov.br\/#\/schema\/logo\/image\/","url":"https:\/\/www.cambe.pr.gov.br\/wp-content\/uploads\/2021\/01\/cropped-cropped-cambe_brazao-icone.png","contentUrl":"https:\/\/www.cambe.pr.gov.br\/wp-content\/uploads\/2021\/01\/cropped-cropped-cambe_brazao-icone.png","width":240,"height":240,"caption":"Prefeitura de Camb\u00e9"},"image":{"@id":"https:\/\/www.cambe.pr.gov.br\/#\/schema\/logo\/image\/"},"sameAs":["https:\/\/m.facebook.com\/prefeituradecambe"]},{"@type":"Person","@id":"https:\/\/www.cambe.pr.gov.br\/#\/schema\/person\/8e3ee69cb2cadf4b9f8377407227effd","name":"Vinicius Augusto Batista Eira","image":{"@type":"ImageObject","inLanguage":"pt-BR","@id":"https:\/\/www.cambe.pr.gov.br\/wp-content\/litespeed\/avatar\/200ce6ed490e919520b25ebbc4ed5b56.jpg?ver=1788358867","url":"https:\/\/www.cambe.pr.gov.br\/wp-content\/litespeed\/avatar\/200ce6ed490e919520b25ebbc4ed5b56.jpg?ver=1788358867","contentUrl":"https:\/\/www.cambe.pr.gov.br\/wp-content\/litespeed\/avatar\/200ce6ed490e919520b25ebbc4ed5b56.jpg?ver=1788358867","caption":"Vinicius Augusto Batista Eira"},"url":"https:\/\/www.cambe.pr.gov.br\/index.php\/author\/vabeira\/"}]}},"_links":{"self":[{"href":"https:\/\/www.cambe.pr.gov.br\/index.php\/wp-json\/wp\/v2\/posts\/20308","targetHints":{"allow":["GET"]}}],"collection":[{"href":"https:\/\/www.cambe.pr.gov.br\/index.php\/wp-json\/wp\/v2\/posts"}],"about":[{"href":"https:\/\/www.cambe.pr.gov.br\/index.php\/wp-json\/wp\/v2\/types\/post"}],"author":[{"embeddable":true,"href":"https:\/\/www.cambe.pr.gov.br\/index.php\/wp-json\/wp\/v2\/users\/16"}],"replies":[{"embeddable":true,"href":"https:\/\/www.cambe.pr.gov.br\/index.php\/wp-json\/wp\/v2\/comments?post=20308"}],"version-history":[{"count":1,"href":"https:\/\/www.cambe.pr.gov.br\/index.php\/wp-json\/wp\/v2\/posts\/20308\/revisions"}],"predecessor-version":[{"id":20311,"href":"https:\/\/www.cambe.pr.gov.br\/index.php\/wp-json\/wp\/v2\/posts\/20308\/revisions\/20311"}],"wp:attachment":[{"href":"https:\/\/www.cambe.pr.gov.br\/index.php\/wp-json\/wp\/v2\/media?parent=20308"}],"wp:term":[{"taxonomy":"category","embeddable":true,"href":"https:\/\/www.cambe.pr.gov.br\/index.php\/wp-json\/wp\/v2\/categories?post=20308"},{"taxonomy":"post_tag","embeddable":true,"href":"https:\/\/www.cambe.pr.gov.br\/index.php\/wp-json\/wp\/v2\/tags?post=20308"}],"curies":[{"name":"wp","href":"https:\/\/api.w.org\/{rel}","templated":true}]}}