{"id":2005,"date":"2021-07-28T17:34:32","date_gmt":"2021-07-28T20:34:32","guid":{"rendered":"http:\/\/www.cambe.pr.gov.br\/?p=2005"},"modified":"2024-10-07T13:00:22","modified_gmt":"2024-10-07T16:00:22","slug":"cambe-suspende-vacinacao-contra-o-novo-coronavirus-por-falta-de-doses","status":"publish","type":"post","link":"https:\/\/www.cambe.pr.gov.br\/index.php\/cambe-suspende-vacinacao-contra-o-novo-coronavirus-por-falta-de-doses\/","title":{"rendered":"Camb\u00e9 suspende vacina\u00e7\u00e3o contra o novo coronav\u00edrus por falta de doses"},"content":{"rendered":"<p style=\"text-align: justify;\"><span style=\"font-family: arial, helvetica, sans-serif;\"><img fetchpriority=\"high\" decoding=\"async\" class=\"size-medium wp-image-2006 alignleft\" src=\"https:\/\/www.cambe.pr.gov.br\/wp-content\/uploads\/2021\/07\/vacina-2807-300x200.jpeg\" alt=\"\" width=\"300\" height=\"200\" srcset=\"https:\/\/www.cambe.pr.gov.br\/wp-content\/uploads\/2021\/07\/vacina-2807-300x200.jpeg 300w, https:\/\/www.cambe.pr.gov.br\/wp-content\/uploads\/2021\/07\/vacina-2807-1024x682.jpeg 1024w, https:\/\/www.cambe.pr.gov.br\/wp-content\/uploads\/2021\/07\/vacina-2807-768x512.jpeg 768w, https:\/\/www.cambe.pr.gov.br\/wp-content\/uploads\/2021\/07\/vacina-2807.jpeg 1280w\" sizes=\"(max-width: 300px) 100vw, 300px\" \/>A Prefeitura de Camb\u00e9 foi obrigada novamente a suspender a vacina\u00e7\u00e3o contra Covid-19 na cidade por falta de doses do imunizante. A Secretaria de Sa\u00fade aplicou as \u00faltimas doses que tinha em estoque nas pessoas de 35 anos, nesta quarta-feira (28). N\u00e3o h\u00e1 previs\u00e3o para recebimento de novas remessas. <\/span><br \/>\n<span style=\"font-family: arial, helvetica, sans-serif;\">\u201cComo sempre digo, n\u00f3s n\u00e3o seguramos vacina aqui em Camb\u00e9. Conforme as doses chegam, elas j\u00e1 v\u00e3o para o bra\u00e7o dos cambeenses. O problema \u00e9 que n\u00e3o est\u00e1 chegando vacina. Tenho sido muito cobrado pelas pessoas em rela\u00e7\u00e3o ao avan\u00e7o na idade de imuniza\u00e7\u00e3o, mas \u00e9 algo imposs\u00edvel nesse momento porque simplesmente n\u00e3o h\u00e1 doses em estoque\u201d, afirmou o prefeito Conrado Scheller. <\/span><br \/>\n<span style=\"font-family: arial, helvetica, sans-serif;\">Ele fez um apelo \u00e0 Secretaria Estadual de Sa\u00fade para que a cidade receba mais lotes de vacinas e possa imunizar mais rapidamente 100% da popula\u00e7\u00e3o acima de 18 anos. \u201cSabemos da import\u00e2ncia da vacina e est\u00e1 cada vez mais n\u00edtido com os n\u00fameros de mortos e internados graves diminuindo conforme a vacina\u00e7\u00e3o caminha. Mas repito: precisamos receber vacina para diminuir a idade dos grupos de vacinados\u201d, refor\u00e7ou o prefeito.<\/span><\/p>\n","protected":false},"excerpt":{"rendered":"<p>A Prefeitura de Camb\u00e9 foi obrigada novamente a suspender a vacina\u00e7\u00e3o contra Covid-19 na cidade por falta de doses do imunizante. A Secretaria de Sa\u00fade aplicou as \u00faltimas doses que tinha em estoque nas pessoas de 35 anos, nesta quarta-feira (28). N\u00e3o h\u00e1 previs\u00e3o para recebimento de novas remessas. \u201cComo sempre digo, n\u00f3s n\u00e3o seguramos [&hellip;]<\/p>\n","protected":false},"author":3,"featured_media":0,"comment_status":"closed","ping_status":"open","sticky":false,"template":"","format":"standard","meta":{"ngg_post_thumbnail":0,"footnotes":""},"categories":[1],"tags":[],"class_list":["post-2005","post","type-post","status-publish","format-standard","hentry","category-principal"],"yoast_head":"<!-- This site is optimized with the Yoast SEO plugin v27.4 - https:\/\/yoast.com\/product\/yoast-seo-wordpress\/ -->\n<title>Camb\u00e9 suspende vacina\u00e7\u00e3o contra o novo coronav\u00edrus por falta de doses - Prefeitura de Camb\u00e9<\/title>\n<meta name=\"robots\" content=\"index, follow, max-snippet:-1, max-image-preview:large, max-video-preview:-1\" \/>\n<link rel=\"canonical\" href=\"https:\/\/www.cambe.pr.gov.br\/index.php\/cambe-suspende-vacinacao-contra-o-novo-coronavirus-por-falta-de-doses\/\" \/>\n<meta property=\"og:locale\" content=\"pt_BR\" \/>\n<meta property=\"og:type\" content=\"article\" \/>\n<meta property=\"og:title\" content=\"Camb\u00e9 suspende vacina\u00e7\u00e3o contra o novo coronav\u00edrus por falta de doses - Prefeitura de Camb\u00e9\" \/>\n<meta property=\"og:description\" content=\"A Prefeitura de Camb\u00e9 foi obrigada novamente a suspender a vacina\u00e7\u00e3o contra Covid-19 na cidade por falta de doses do imunizante. A Secretaria de Sa\u00fade aplicou as \u00faltimas doses que tinha em estoque nas pessoas de 35 anos, nesta quarta-feira (28). N\u00e3o h\u00e1 previs\u00e3o para recebimento de novas remessas. \u201cComo sempre digo, n\u00f3s n\u00e3o seguramos [&hellip;]\" \/>\n<meta property=\"og:url\" content=\"https:\/\/www.cambe.pr.gov.br\/index.php\/cambe-suspende-vacinacao-contra-o-novo-coronavirus-por-falta-de-doses\/\" \/>\n<meta property=\"og:site_name\" content=\"Prefeitura de Camb\u00e9\" \/>\n<meta property=\"article:publisher\" content=\"https:\/\/m.facebook.com\/prefeituradecambe\" \/>\n<meta property=\"article:published_time\" content=\"2021-07-28T20:34:32+00:00\" \/>\n<meta property=\"article:modified_time\" content=\"2024-10-07T16:00:22+00:00\" \/>\n<meta property=\"og:image\" content=\"http:\/\/www.cambe.pr.gov.br\/wp-content\/uploads\/2021\/07\/vacina-2807-300x200.jpeg\" \/>\n<meta name=\"author\" content=\"Mateus Goulart Itiyama\" \/>\n<meta name=\"twitter:card\" content=\"summary_large_image\" \/>\n<meta name=\"twitter:label1\" content=\"Escrito por\" \/>\n\t<meta name=\"twitter:data1\" content=\"Mateus Goulart Itiyama\" \/>\n\t<meta name=\"twitter:label2\" content=\"Est. tempo de leitura\" \/>\n\t<meta name=\"twitter:data2\" content=\"1 minuto\" \/>\n<script type=\"application\/ld+json\" class=\"yoast-schema-graph\">{\"@context\":\"https:\\\/\\\/schema.org\",\"@graph\":[{\"@type\":\"Article\",\"@id\":\"https:\\\/\\\/www.cambe.pr.gov.br\\\/index.php\\\/cambe-suspende-vacinacao-contra-o-novo-coronavirus-por-falta-de-doses\\\/#article\",\"isPartOf\":{\"@id\":\"https:\\\/\\\/www.cambe.pr.gov.br\\\/index.php\\\/cambe-suspende-vacinacao-contra-o-novo-coronavirus-por-falta-de-doses\\\/\"},\"author\":{\"name\":\"Mateus Goulart Itiyama\",\"@id\":\"https:\\\/\\\/www.cambe.pr.gov.br\\\/#\\\/schema\\\/person\\\/43b191a728babf8730823b22d888d98b\"},\"headline\":\"Camb\u00e9 suspende vacina\u00e7\u00e3o contra o novo coronav\u00edrus por falta de doses\",\"datePublished\":\"2021-07-28T20:34:32+00:00\",\"dateModified\":\"2024-10-07T16:00:22+00:00\",\"mainEntityOfPage\":{\"@id\":\"https:\\\/\\\/www.cambe.pr.gov.br\\\/index.php\\\/cambe-suspende-vacinacao-contra-o-novo-coronavirus-por-falta-de-doses\\\/\"},\"wordCount\":208,\"publisher\":{\"@id\":\"https:\\\/\\\/www.cambe.pr.gov.br\\\/#organization\"},\"image\":{\"@id\":\"https:\\\/\\\/www.cambe.pr.gov.br\\\/index.php\\\/cambe-suspende-vacinacao-contra-o-novo-coronavirus-por-falta-de-doses\\\/#primaryimage\"},\"thumbnailUrl\":\"http:\\\/\\\/www.cambe.pr.gov.br\\\/wp-content\\\/uploads\\\/2021\\\/07\\\/vacina-2807-300x200.jpeg\",\"articleSection\":[\"Principal\"],\"inLanguage\":\"pt-BR\"},{\"@type\":\"WebPage\",\"@id\":\"https:\\\/\\\/www.cambe.pr.gov.br\\\/index.php\\\/cambe-suspende-vacinacao-contra-o-novo-coronavirus-por-falta-de-doses\\\/\",\"url\":\"https:\\\/\\\/www.cambe.pr.gov.br\\\/index.php\\\/cambe-suspende-vacinacao-contra-o-novo-coronavirus-por-falta-de-doses\\\/\",\"name\":\"Camb\u00e9 suspende vacina\u00e7\u00e3o contra o novo coronav\u00edrus por falta de doses - Prefeitura de Camb\u00e9\",\"isPartOf\":{\"@id\":\"https:\\\/\\\/www.cambe.pr.gov.br\\\/#website\"},\"primaryImageOfPage\":{\"@id\":\"https:\\\/\\\/www.cambe.pr.gov.br\\\/index.php\\\/cambe-suspende-vacinacao-contra-o-novo-coronavirus-por-falta-de-doses\\\/#primaryimage\"},\"image\":{\"@id\":\"https:\\\/\\\/www.cambe.pr.gov.br\\\/index.php\\\/cambe-suspende-vacinacao-contra-o-novo-coronavirus-por-falta-de-doses\\\/#primaryimage\"},\"thumbnailUrl\":\"http:\\\/\\\/www.cambe.pr.gov.br\\\/wp-content\\\/uploads\\\/2021\\\/07\\\/vacina-2807-300x200.jpeg\",\"datePublished\":\"2021-07-28T20:34:32+00:00\",\"dateModified\":\"2024-10-07T16:00:22+00:00\",\"breadcrumb\":{\"@id\":\"https:\\\/\\\/www.cambe.pr.gov.br\\\/index.php\\\/cambe-suspende-vacinacao-contra-o-novo-coronavirus-por-falta-de-doses\\\/#breadcrumb\"},\"inLanguage\":\"pt-BR\",\"potentialAction\":[{\"@type\":\"ReadAction\",\"target\":[\"https:\\\/\\\/www.cambe.pr.gov.br\\\/index.php\\\/cambe-suspende-vacinacao-contra-o-novo-coronavirus-por-falta-de-doses\\\/\"]}]},{\"@type\":\"ImageObject\",\"inLanguage\":\"pt-BR\",\"@id\":\"https:\\\/\\\/www.cambe.pr.gov.br\\\/index.php\\\/cambe-suspende-vacinacao-contra-o-novo-coronavirus-por-falta-de-doses\\\/#primaryimage\",\"url\":\"http:\\\/\\\/www.cambe.pr.gov.br\\\/wp-content\\\/uploads\\\/2021\\\/07\\\/vacina-2807-300x200.jpeg\",\"contentUrl\":\"http:\\\/\\\/www.cambe.pr.gov.br\\\/wp-content\\\/uploads\\\/2021\\\/07\\\/vacina-2807-300x200.jpeg\"},{\"@type\":\"BreadcrumbList\",\"@id\":\"https:\\\/\\\/www.cambe.pr.gov.br\\\/index.php\\\/cambe-suspende-vacinacao-contra-o-novo-coronavirus-por-falta-de-doses\\\/#breadcrumb\",\"itemListElement\":[{\"@type\":\"ListItem\",\"position\":1,\"name\":\"In\u00edcio\",\"item\":\"https:\\\/\\\/www.cambe.pr.gov.br\\\/\"},{\"@type\":\"ListItem\",\"position\":2,\"name\":\"Camb\u00e9 suspende vacina\u00e7\u00e3o contra o novo coronav\u00edrus por falta de doses\"}]},{\"@type\":\"WebSite\",\"@id\":\"https:\\\/\\\/www.cambe.pr.gov.br\\\/#website\",\"url\":\"https:\\\/\\\/www.cambe.pr.gov.br\\\/\",\"name\":\"Prefeitura de Camb\u00e9\",\"description\":\"UM GOVERNO PARA TODOS\",\"publisher\":{\"@id\":\"https:\\\/\\\/www.cambe.pr.gov.br\\\/#organization\"},\"potentialAction\":[{\"@type\":\"SearchAction\",\"target\":{\"@type\":\"EntryPoint\",\"urlTemplate\":\"https:\\\/\\\/www.cambe.pr.gov.br\\\/?s={search_term_string}\"},\"query-input\":{\"@type\":\"PropertyValueSpecification\",\"valueRequired\":true,\"valueName\":\"search_term_string\"}}],\"inLanguage\":\"pt-BR\"},{\"@type\":\"Organization\",\"@id\":\"https:\\\/\\\/www.cambe.pr.gov.br\\\/#organization\",\"name\":\"Prefeitura de Camb\u00e9\",\"url\":\"https:\\\/\\\/www.cambe.pr.gov.br\\\/\",\"logo\":{\"@type\":\"ImageObject\",\"inLanguage\":\"pt-BR\",\"@id\":\"https:\\\/\\\/www.cambe.pr.gov.br\\\/#\\\/schema\\\/logo\\\/image\\\/\",\"url\":\"https:\\\/\\\/www.cambe.pr.gov.br\\\/wp-content\\\/uploads\\\/2021\\\/01\\\/cropped-cropped-cambe_brazao-icone.png\",\"contentUrl\":\"https:\\\/\\\/www.cambe.pr.gov.br\\\/wp-content\\\/uploads\\\/2021\\\/01\\\/cropped-cropped-cambe_brazao-icone.png\",\"width\":240,\"height\":240,\"caption\":\"Prefeitura de Camb\u00e9\"},\"image\":{\"@id\":\"https:\\\/\\\/www.cambe.pr.gov.br\\\/#\\\/schema\\\/logo\\\/image\\\/\"},\"sameAs\":[\"https:\\\/\\\/m.facebook.com\\\/prefeituradecambe\"]},{\"@type\":\"Person\",\"@id\":\"https:\\\/\\\/www.cambe.pr.gov.br\\\/#\\\/schema\\\/person\\\/43b191a728babf8730823b22d888d98b\",\"name\":\"Mateus Goulart Itiyama\",\"image\":{\"@type\":\"ImageObject\",\"inLanguage\":\"pt-BR\",\"@id\":\"https:\\\/\\\/secure.gravatar.com\\\/avatar\\\/5ffc167a361290b7e863147a2ca418909f497566de633f627f8baffc8507a392?s=96&d=mm&r=g\",\"url\":\"https:\\\/\\\/secure.gravatar.com\\\/avatar\\\/5ffc167a361290b7e863147a2ca418909f497566de633f627f8baffc8507a392?s=96&d=mm&r=g\",\"contentUrl\":\"https:\\\/\\\/secure.gravatar.com\\\/avatar\\\/5ffc167a361290b7e863147a2ca418909f497566de633f627f8baffc8507a392?s=96&d=mm&r=g\",\"caption\":\"Mateus Goulart Itiyama\"},\"url\":\"https:\\\/\\\/www.cambe.pr.gov.br\\\/index.php\\\/author\\\/mgitiyama\\\/\"}]}<\/script>\n<!-- \/ Yoast SEO plugin. -->","yoast_head_json":{"title":"Camb\u00e9 suspende vacina\u00e7\u00e3o contra o novo coronav\u00edrus por falta de doses - Prefeitura de Camb\u00e9","robots":{"index":"index","follow":"follow","max-snippet":"max-snippet:-1","max-image-preview":"max-image-preview:large","max-video-preview":"max-video-preview:-1"},"canonical":"https:\/\/www.cambe.pr.gov.br\/index.php\/cambe-suspende-vacinacao-contra-o-novo-coronavirus-por-falta-de-doses\/","og_locale":"pt_BR","og_type":"article","og_title":"Camb\u00e9 suspende vacina\u00e7\u00e3o contra o novo coronav\u00edrus por falta de doses - Prefeitura de Camb\u00e9","og_description":"A Prefeitura de Camb\u00e9 foi obrigada novamente a suspender a vacina\u00e7\u00e3o contra Covid-19 na cidade por falta de doses do imunizante. A Secretaria de Sa\u00fade aplicou as \u00faltimas doses que tinha em estoque nas pessoas de 35 anos, nesta quarta-feira (28). N\u00e3o h\u00e1 previs\u00e3o para recebimento de novas remessas. \u201cComo sempre digo, n\u00f3s n\u00e3o seguramos [&hellip;]","og_url":"https:\/\/www.cambe.pr.gov.br\/index.php\/cambe-suspende-vacinacao-contra-o-novo-coronavirus-por-falta-de-doses\/","og_site_name":"Prefeitura de Camb\u00e9","article_publisher":"https:\/\/m.facebook.com\/prefeituradecambe","article_published_time":"2021-07-28T20:34:32+00:00","article_modified_time":"2024-10-07T16:00:22+00:00","og_image":[{"url":"http:\/\/www.cambe.pr.gov.br\/wp-content\/uploads\/2021\/07\/vacina-2807-300x200.jpeg","type":"","width":"","height":""}],"author":"Mateus Goulart Itiyama","twitter_card":"summary_large_image","twitter_misc":{"Escrito por":"Mateus Goulart Itiyama","Est. tempo de leitura":"1 minuto"},"schema":{"@context":"https:\/\/schema.org","@graph":[{"@type":"Article","@id":"https:\/\/www.cambe.pr.gov.br\/index.php\/cambe-suspende-vacinacao-contra-o-novo-coronavirus-por-falta-de-doses\/#article","isPartOf":{"@id":"https:\/\/www.cambe.pr.gov.br\/index.php\/cambe-suspende-vacinacao-contra-o-novo-coronavirus-por-falta-de-doses\/"},"author":{"name":"Mateus Goulart Itiyama","@id":"https:\/\/www.cambe.pr.gov.br\/#\/schema\/person\/43b191a728babf8730823b22d888d98b"},"headline":"Camb\u00e9 suspende vacina\u00e7\u00e3o contra o novo coronav\u00edrus por falta de doses","datePublished":"2021-07-28T20:34:32+00:00","dateModified":"2024-10-07T16:00:22+00:00","mainEntityOfPage":{"@id":"https:\/\/www.cambe.pr.gov.br\/index.php\/cambe-suspende-vacinacao-contra-o-novo-coronavirus-por-falta-de-doses\/"},"wordCount":208,"publisher":{"@id":"https:\/\/www.cambe.pr.gov.br\/#organization"},"image":{"@id":"https:\/\/www.cambe.pr.gov.br\/index.php\/cambe-suspende-vacinacao-contra-o-novo-coronavirus-por-falta-de-doses\/#primaryimage"},"thumbnailUrl":"http:\/\/www.cambe.pr.gov.br\/wp-content\/uploads\/2021\/07\/vacina-2807-300x200.jpeg","articleSection":["Principal"],"inLanguage":"pt-BR"},{"@type":"WebPage","@id":"https:\/\/www.cambe.pr.gov.br\/index.php\/cambe-suspende-vacinacao-contra-o-novo-coronavirus-por-falta-de-doses\/","url":"https:\/\/www.cambe.pr.gov.br\/index.php\/cambe-suspende-vacinacao-contra-o-novo-coronavirus-por-falta-de-doses\/","name":"Camb\u00e9 suspende vacina\u00e7\u00e3o contra o novo coronav\u00edrus por falta de doses - Prefeitura de Camb\u00e9","isPartOf":{"@id":"https:\/\/www.cambe.pr.gov.br\/#website"},"primaryImageOfPage":{"@id":"https:\/\/www.cambe.pr.gov.br\/index.php\/cambe-suspende-vacinacao-contra-o-novo-coronavirus-por-falta-de-doses\/#primaryimage"},"image":{"@id":"https:\/\/www.cambe.pr.gov.br\/index.php\/cambe-suspende-vacinacao-contra-o-novo-coronavirus-por-falta-de-doses\/#primaryimage"},"thumbnailUrl":"http:\/\/www.cambe.pr.gov.br\/wp-content\/uploads\/2021\/07\/vacina-2807-300x200.jpeg","datePublished":"2021-07-28T20:34:32+00:00","dateModified":"2024-10-07T16:00:22+00:00","breadcrumb":{"@id":"https:\/\/www.cambe.pr.gov.br\/index.php\/cambe-suspende-vacinacao-contra-o-novo-coronavirus-por-falta-de-doses\/#breadcrumb"},"inLanguage":"pt-BR","potentialAction":[{"@type":"ReadAction","target":["https:\/\/www.cambe.pr.gov.br\/index.php\/cambe-suspende-vacinacao-contra-o-novo-coronavirus-por-falta-de-doses\/"]}]},{"@type":"ImageObject","inLanguage":"pt-BR","@id":"https:\/\/www.cambe.pr.gov.br\/index.php\/cambe-suspende-vacinacao-contra-o-novo-coronavirus-por-falta-de-doses\/#primaryimage","url":"http:\/\/www.cambe.pr.gov.br\/wp-content\/uploads\/2021\/07\/vacina-2807-300x200.jpeg","contentUrl":"http:\/\/www.cambe.pr.gov.br\/wp-content\/uploads\/2021\/07\/vacina-2807-300x200.jpeg"},{"@type":"BreadcrumbList","@id":"https:\/\/www.cambe.pr.gov.br\/index.php\/cambe-suspende-vacinacao-contra-o-novo-coronavirus-por-falta-de-doses\/#breadcrumb","itemListElement":[{"@type":"ListItem","position":1,"name":"In\u00edcio","item":"https:\/\/www.cambe.pr.gov.br\/"},{"@type":"ListItem","position":2,"name":"Camb\u00e9 suspende vacina\u00e7\u00e3o contra o novo coronav\u00edrus por falta de doses"}]},{"@type":"WebSite","@id":"https:\/\/www.cambe.pr.gov.br\/#website","url":"https:\/\/www.cambe.pr.gov.br\/","name":"Prefeitura de Camb\u00e9","description":"UM GOVERNO PARA TODOS","publisher":{"@id":"https:\/\/www.cambe.pr.gov.br\/#organization"},"potentialAction":[{"@type":"SearchAction","target":{"@type":"EntryPoint","urlTemplate":"https:\/\/www.cambe.pr.gov.br\/?s={search_term_string}"},"query-input":{"@type":"PropertyValueSpecification","valueRequired":true,"valueName":"search_term_string"}}],"inLanguage":"pt-BR"},{"@type":"Organization","@id":"https:\/\/www.cambe.pr.gov.br\/#organization","name":"Prefeitura de Camb\u00e9","url":"https:\/\/www.cambe.pr.gov.br\/","logo":{"@type":"ImageObject","inLanguage":"pt-BR","@id":"https:\/\/www.cambe.pr.gov.br\/#\/schema\/logo\/image\/","url":"https:\/\/www.cambe.pr.gov.br\/wp-content\/uploads\/2021\/01\/cropped-cropped-cambe_brazao-icone.png","contentUrl":"https:\/\/www.cambe.pr.gov.br\/wp-content\/uploads\/2021\/01\/cropped-cropped-cambe_brazao-icone.png","width":240,"height":240,"caption":"Prefeitura de Camb\u00e9"},"image":{"@id":"https:\/\/www.cambe.pr.gov.br\/#\/schema\/logo\/image\/"},"sameAs":["https:\/\/m.facebook.com\/prefeituradecambe"]},{"@type":"Person","@id":"https:\/\/www.cambe.pr.gov.br\/#\/schema\/person\/43b191a728babf8730823b22d888d98b","name":"Mateus Goulart Itiyama","image":{"@type":"ImageObject","inLanguage":"pt-BR","@id":"https:\/\/secure.gravatar.com\/avatar\/5ffc167a361290b7e863147a2ca418909f497566de633f627f8baffc8507a392?s=96&d=mm&r=g","url":"https:\/\/secure.gravatar.com\/avatar\/5ffc167a361290b7e863147a2ca418909f497566de633f627f8baffc8507a392?s=96&d=mm&r=g","contentUrl":"https:\/\/secure.gravatar.com\/avatar\/5ffc167a361290b7e863147a2ca418909f497566de633f627f8baffc8507a392?s=96&d=mm&r=g","caption":"Mateus Goulart Itiyama"},"url":"https:\/\/www.cambe.pr.gov.br\/index.php\/author\/mgitiyama\/"}]}},"_links":{"self":[{"href":"https:\/\/www.cambe.pr.gov.br\/index.php\/wp-json\/wp\/v2\/posts\/2005","targetHints":{"allow":["GET"]}}],"collection":[{"href":"https:\/\/www.cambe.pr.gov.br\/index.php\/wp-json\/wp\/v2\/posts"}],"about":[{"href":"https:\/\/www.cambe.pr.gov.br\/index.php\/wp-json\/wp\/v2\/types\/post"}],"author":[{"embeddable":true,"href":"https:\/\/www.cambe.pr.gov.br\/index.php\/wp-json\/wp\/v2\/users\/3"}],"replies":[{"embeddable":true,"href":"https:\/\/www.cambe.pr.gov.br\/index.php\/wp-json\/wp\/v2\/comments?post=2005"}],"version-history":[{"count":1,"href":"https:\/\/www.cambe.pr.gov.br\/index.php\/wp-json\/wp\/v2\/posts\/2005\/revisions"}],"predecessor-version":[{"id":2007,"href":"https:\/\/www.cambe.pr.gov.br\/index.php\/wp-json\/wp\/v2\/posts\/2005\/revisions\/2007"}],"wp:attachment":[{"href":"https:\/\/www.cambe.pr.gov.br\/index.php\/wp-json\/wp\/v2\/media?parent=2005"}],"wp:term":[{"taxonomy":"category","embeddable":true,"href":"https:\/\/www.cambe.pr.gov.br\/index.php\/wp-json\/wp\/v2\/categories?post=2005"},{"taxonomy":"post_tag","embeddable":true,"href":"https:\/\/www.cambe.pr.gov.br\/index.php\/wp-json\/wp\/v2\/tags?post=2005"}],"curies":[{"name":"wp","href":"https:\/\/api.w.org\/{rel}","templated":true}]}}