{"id":1966,"date":"2021-07-28T15:15:23","date_gmt":"2021-07-28T18:15:23","guid":{"rendered":"http:\/\/www.cambe.pr.gov.br\/?p=1966"},"modified":"2024-10-07T13:00:21","modified_gmt":"2024-10-07T16:00:21","slug":"prefeitura-solicita-transformacao-da-4a-cia-da-pm-de-cambe-em-companhia-independente","status":"publish","type":"post","link":"https:\/\/www.cambe.pr.gov.br\/index.php\/prefeitura-solicita-transformacao-da-4a-cia-da-pm-de-cambe-em-companhia-independente\/","title":{"rendered":"Prefeitura quer transformar 4\u00aa Cia da PM de Camb\u00e9 em Companhia Independente"},"content":{"rendered":"\t\t<div data-elementor-type=\"wp-post\" data-elementor-id=\"1966\" class=\"elementor elementor-1966\">\n\t\t\t\t\t\t<section class=\"elementor-section elementor-top-section elementor-element elementor-element-592bf061 elementor-section-boxed elementor-section-height-default elementor-section-height-default\" data-id=\"592bf061\" data-element_type=\"section\" data-e-type=\"section\">\n\t\t\t\t\t\t<div class=\"elementor-container elementor-column-gap-default\">\n\t\t\t\t\t<div class=\"elementor-column elementor-col-100 elementor-top-column elementor-element elementor-element-777e3889\" data-id=\"777e3889\" data-element_type=\"column\" data-e-type=\"column\">\n\t\t\t<div class=\"elementor-widget-wrap elementor-element-populated\">\n\t\t\t\t\t\t<div class=\"elementor-element elementor-element-5a15e793 elementor-widget elementor-widget-text-editor\" data-id=\"5a15e793\" data-element_type=\"widget\" data-e-type=\"widget\" data-widget_type=\"text-editor.default\">\n\t\t\t\t<div class=\"elementor-widget-container\">\n\t\t\t\t\t\t\t\t\t<div id=\"attachment_1970\" style=\"width: 310px\" class=\"wp-caption alignleft\"><img fetchpriority=\"high\" decoding=\"async\" aria-describedby=\"caption-attachment-1970\" class=\"wp-image-1970 size-medium\" src=\"https:\/\/www.cambe.pr.gov.br\/site\/wp-content\/uploads\/2021\/07\/Cia-Independente-PM-300x200.jpeg\" alt=\"Conrado Scheler, Tiago Amaral e Coronel Hudson\" width=\"300\" height=\"200\" srcset=\"https:\/\/www.cambe.pr.gov.br\/wp-content\/uploads\/2021\/07\/Cia-Independente-PM-300x200.jpeg 300w, https:\/\/www.cambe.pr.gov.br\/wp-content\/uploads\/2021\/07\/Cia-Independente-PM-768x512.jpeg 768w, https:\/\/www.cambe.pr.gov.br\/wp-content\/uploads\/2021\/07\/Cia-Independente-PM.jpeg 960w\" sizes=\"(max-width: 300px) 100vw, 300px\" \/><p id=\"caption-attachment-1970\" class=\"wp-caption-text\"><span style=\"font-size: 10pt;\"><em>Tiago Amaral, Coronel Hudson e Conrado Scheller<\/em><\/span><\/p><\/div><p style=\"text-align: justify;\"><span style=\"font-family: arial, helvetica, sans-serif;\">A Prefeitura de Camb\u00e9 est\u00e1 trabalhando para reorganizar o policiamento do munic\u00edpio por meio da transforma\u00e7\u00e3o da 4\u00aa Companhia da Pol\u00edcia Militar de Camb\u00e9 em uma Companhia Independente. Atualmente, ela responde ao do 5\u00ba Batalh\u00e3o da PM de Londrina. O prefeito Conrado Scheller encaminhou no come\u00e7o da semana um of\u00edcio ao deputado estadual Thiago Amaral \u2013 que j\u00e1 vinha trabalhando no caso \u2013 onde constam os dados a respeito do n\u00famero de policiais e da defasagem dos equipamentos na cidade. De acordo com as informa\u00e7\u00f5es do of\u00edcio, Camb\u00e9 apresenta um policial militar para cada 1638 habitantes, totalizando 70 policiais na 4\u00aa Companhia para uma popula\u00e7\u00e3o de 107 mil cambeenses. Ainda segundo os dados do of\u00edcio, esse n\u00famero \u00e9 muito menor que o adequado, al\u00e9m da cidade contar com apenas 30% das viaturas em condi\u00e7\u00f5es de uso.<\/span><\/p><p style=\"text-align: justify;\"><span style=\"font-family: arial, helvetica, sans-serif;\">O prefeito de Camb\u00e9, Conrado Scheller, explica que defende a cria\u00e7\u00e3o de uma Companhia Independente em Camb\u00e9 desde 2009, em seu primeiro mandato como vereador: \u201cS\u00f3 por isso j\u00e1 \u00e9 poss\u00edvel constatar h\u00e1 quanto tempo a cidade de Camb\u00e9 aguarda por esta conquista\u201d. Ainda segundo ele, a independ\u00eancia da 4\u00ba Cia da Pol\u00edcia Militar significa uma reestrutura\u00e7\u00e3o obrigat\u00f3ria que resulta em mais efetivo para combater a criminalidade na cidade. \u201cEstamos somando for\u00e7as para que o comando geral da Pol\u00edcia Militar do Paran\u00e1, o Secret\u00e1rio Estadual de Seguran\u00e7a P\u00fablica e o Governador atendam essa antiga necessidade de Camb\u00e9\u201d, completa. <\/span><br \/><span style=\"font-family: arial, helvetica, sans-serif;\">De acordo com Tiago Amaral, a transforma\u00e7\u00e3o da 4\u00aa Cia de Camb\u00e9 em Companhia Independente faz parte de uma reorganiza\u00e7\u00e3o do policiamento na regi\u00e3o. A primeira parte dessa reorganiza\u00e7\u00e3o foi apresentada durante a inaugura\u00e7\u00e3o da sede da Associa\u00e7\u00e3o dos Munic\u00edpios do M\u00e9dio Paran\u00e1, no in\u00edcio do m\u00eas. \u201cO pr\u00f3ximo passo \u00e9 a transforma\u00e7\u00e3o da 4\u00aa Cia do 5\u00ba BPM de Camb\u00e9 em Companhia Independente. Levar a 4\u00aa CIA IND, que hoje est\u00e1 na Zona Norte, para Camb\u00e9 e dar mais autonomia ao munic\u00edpio, como acontece em Rol\u00e2ndia e Arapongas, deixando menos responsabilidade e atribui\u00e7\u00e3o para o 5\u00ba Batalh\u00e3o, que poder\u00e1 atender melhor as cidades de Ibipor\u00e3 e Tamarana\u201d, explica o deputado. Ainda segundo Amaral, outra luta \u00e9 transformar Arapongas em um batalh\u00e3o da Pol\u00edcia Militar. \u201cTudo isso vai fazer da nossa regi\u00e3o uma pot\u00eancia em seguran\u00e7a p\u00fablica\u201d, comenta.<\/span><\/p>\t\t\t\t\t\t\t\t<\/div>\n\t\t\t\t<\/div>\n\t\t\t\t\t<\/div>\n\t\t<\/div>\n\t\t\t\t\t<\/div>\n\t\t<\/section>\n\t\t\t\t<\/div>\n\t\t","protected":false},"excerpt":{"rendered":"<p>A Prefeitura de Camb\u00e9 est\u00e1 trabalhando para reorganizar o policiamento do munic\u00edpio por meio da transforma\u00e7\u00e3o da 4\u00aa Companhia da Pol\u00edcia Militar de Camb\u00e9 em uma Companhia Independente. Atualmente, ela responde ao do 5\u00ba Batalh\u00e3o da PM de Londrina. O prefeito Conrado Scheller encaminhou no come\u00e7o da semana um of\u00edcio ao deputado estadual Thiago Amaral [&hellip;]<\/p>\n","protected":false},"author":3,"featured_media":0,"comment_status":"closed","ping_status":"open","sticky":false,"template":"","format":"standard","meta":{"ngg_post_thumbnail":0,"footnotes":""},"categories":[1],"tags":[],"class_list":["post-1966","post","type-post","status-publish","format-standard","hentry","category-principal"],"yoast_head":"<!-- This site is optimized with the Yoast SEO plugin v27.4 - https:\/\/yoast.com\/product\/yoast-seo-wordpress\/ -->\n<title>Prefeitura quer transformar 4\u00aa Cia da PM de Camb\u00e9 em Companhia Independente - Prefeitura de Camb\u00e9<\/title>\n<meta name=\"robots\" content=\"index, follow, max-snippet:-1, max-image-preview:large, max-video-preview:-1\" \/>\n<link rel=\"canonical\" href=\"https:\/\/www.cambe.pr.gov.br\/index.php\/prefeitura-solicita-transformacao-da-4a-cia-da-pm-de-cambe-em-companhia-independente\/\" \/>\n<meta property=\"og:locale\" content=\"pt_BR\" \/>\n<meta property=\"og:type\" content=\"article\" \/>\n<meta property=\"og:title\" content=\"Prefeitura quer transformar 4\u00aa Cia da PM de Camb\u00e9 em Companhia Independente - Prefeitura de Camb\u00e9\" \/>\n<meta property=\"og:description\" content=\"A Prefeitura de Camb\u00e9 est\u00e1 trabalhando para reorganizar o policiamento do munic\u00edpio por meio da transforma\u00e7\u00e3o da 4\u00aa Companhia da Pol\u00edcia Militar de Camb\u00e9 em uma Companhia Independente. Atualmente, ela responde ao do 5\u00ba Batalh\u00e3o da PM de Londrina. O prefeito Conrado Scheller encaminhou no come\u00e7o da semana um of\u00edcio ao deputado estadual Thiago Amaral [&hellip;]\" \/>\n<meta property=\"og:url\" content=\"https:\/\/www.cambe.pr.gov.br\/index.php\/prefeitura-solicita-transformacao-da-4a-cia-da-pm-de-cambe-em-companhia-independente\/\" \/>\n<meta property=\"og:site_name\" content=\"Prefeitura de Camb\u00e9\" \/>\n<meta property=\"article:publisher\" content=\"https:\/\/m.facebook.com\/prefeituradecambe\" \/>\n<meta property=\"article:published_time\" content=\"2021-07-28T18:15:23+00:00\" \/>\n<meta property=\"article:modified_time\" content=\"2024-10-07T16:00:21+00:00\" \/>\n<meta property=\"og:image\" content=\"http:\/\/www.cambe.pr.gov.br\/wp-content\/uploads\/2021\/07\/Cia-Independente-PM-300x200.jpeg\" \/>\n<meta name=\"author\" content=\"Mateus Goulart Itiyama\" \/>\n<meta name=\"twitter:card\" content=\"summary_large_image\" \/>\n<meta name=\"twitter:label1\" content=\"Escrito por\" \/>\n\t<meta name=\"twitter:data1\" content=\"Mateus Goulart Itiyama\" \/>\n\t<meta name=\"twitter:label2\" content=\"Est. tempo de leitura\" \/>\n\t<meta name=\"twitter:data2\" content=\"2 minutos\" \/>\n<script type=\"application\/ld+json\" class=\"yoast-schema-graph\">{\"@context\":\"https:\\\/\\\/schema.org\",\"@graph\":[{\"@type\":\"Article\",\"@id\":\"https:\\\/\\\/www.cambe.pr.gov.br\\\/index.php\\\/prefeitura-solicita-transformacao-da-4a-cia-da-pm-de-cambe-em-companhia-independente\\\/#article\",\"isPartOf\":{\"@id\":\"https:\\\/\\\/www.cambe.pr.gov.br\\\/index.php\\\/prefeitura-solicita-transformacao-da-4a-cia-da-pm-de-cambe-em-companhia-independente\\\/\"},\"author\":{\"name\":\"Mateus Goulart Itiyama\",\"@id\":\"https:\\\/\\\/www.cambe.pr.gov.br\\\/#\\\/schema\\\/person\\\/43b191a728babf8730823b22d888d98b\"},\"headline\":\"Prefeitura quer transformar 4\u00aa Cia da PM de Camb\u00e9 em Companhia Independente\",\"datePublished\":\"2021-07-28T18:15:23+00:00\",\"dateModified\":\"2024-10-07T16:00:21+00:00\",\"mainEntityOfPage\":{\"@id\":\"https:\\\/\\\/www.cambe.pr.gov.br\\\/index.php\\\/prefeitura-solicita-transformacao-da-4a-cia-da-pm-de-cambe-em-companhia-independente\\\/\"},\"wordCount\":424,\"publisher\":{\"@id\":\"https:\\\/\\\/www.cambe.pr.gov.br\\\/#organization\"},\"image\":{\"@id\":\"https:\\\/\\\/www.cambe.pr.gov.br\\\/index.php\\\/prefeitura-solicita-transformacao-da-4a-cia-da-pm-de-cambe-em-companhia-independente\\\/#primaryimage\"},\"thumbnailUrl\":\"http:\\\/\\\/www.cambe.pr.gov.br\\\/wp-content\\\/uploads\\\/2021\\\/07\\\/Cia-Independente-PM-300x200.jpeg\",\"articleSection\":[\"Principal\"],\"inLanguage\":\"pt-BR\"},{\"@type\":\"WebPage\",\"@id\":\"https:\\\/\\\/www.cambe.pr.gov.br\\\/index.php\\\/prefeitura-solicita-transformacao-da-4a-cia-da-pm-de-cambe-em-companhia-independente\\\/\",\"url\":\"https:\\\/\\\/www.cambe.pr.gov.br\\\/index.php\\\/prefeitura-solicita-transformacao-da-4a-cia-da-pm-de-cambe-em-companhia-independente\\\/\",\"name\":\"Prefeitura quer transformar 4\u00aa Cia da PM de Camb\u00e9 em Companhia Independente - Prefeitura de Camb\u00e9\",\"isPartOf\":{\"@id\":\"https:\\\/\\\/www.cambe.pr.gov.br\\\/#website\"},\"primaryImageOfPage\":{\"@id\":\"https:\\\/\\\/www.cambe.pr.gov.br\\\/index.php\\\/prefeitura-solicita-transformacao-da-4a-cia-da-pm-de-cambe-em-companhia-independente\\\/#primaryimage\"},\"image\":{\"@id\":\"https:\\\/\\\/www.cambe.pr.gov.br\\\/index.php\\\/prefeitura-solicita-transformacao-da-4a-cia-da-pm-de-cambe-em-companhia-independente\\\/#primaryimage\"},\"thumbnailUrl\":\"http:\\\/\\\/www.cambe.pr.gov.br\\\/wp-content\\\/uploads\\\/2021\\\/07\\\/Cia-Independente-PM-300x200.jpeg\",\"datePublished\":\"2021-07-28T18:15:23+00:00\",\"dateModified\":\"2024-10-07T16:00:21+00:00\",\"breadcrumb\":{\"@id\":\"https:\\\/\\\/www.cambe.pr.gov.br\\\/index.php\\\/prefeitura-solicita-transformacao-da-4a-cia-da-pm-de-cambe-em-companhia-independente\\\/#breadcrumb\"},\"inLanguage\":\"pt-BR\",\"potentialAction\":[{\"@type\":\"ReadAction\",\"target\":[\"https:\\\/\\\/www.cambe.pr.gov.br\\\/index.php\\\/prefeitura-solicita-transformacao-da-4a-cia-da-pm-de-cambe-em-companhia-independente\\\/\"]}]},{\"@type\":\"ImageObject\",\"inLanguage\":\"pt-BR\",\"@id\":\"https:\\\/\\\/www.cambe.pr.gov.br\\\/index.php\\\/prefeitura-solicita-transformacao-da-4a-cia-da-pm-de-cambe-em-companhia-independente\\\/#primaryimage\",\"url\":\"http:\\\/\\\/www.cambe.pr.gov.br\\\/wp-content\\\/uploads\\\/2021\\\/07\\\/Cia-Independente-PM-300x200.jpeg\",\"contentUrl\":\"http:\\\/\\\/www.cambe.pr.gov.br\\\/wp-content\\\/uploads\\\/2021\\\/07\\\/Cia-Independente-PM-300x200.jpeg\"},{\"@type\":\"BreadcrumbList\",\"@id\":\"https:\\\/\\\/www.cambe.pr.gov.br\\\/index.php\\\/prefeitura-solicita-transformacao-da-4a-cia-da-pm-de-cambe-em-companhia-independente\\\/#breadcrumb\",\"itemListElement\":[{\"@type\":\"ListItem\",\"position\":1,\"name\":\"In\u00edcio\",\"item\":\"https:\\\/\\\/www.cambe.pr.gov.br\\\/\"},{\"@type\":\"ListItem\",\"position\":2,\"name\":\"Prefeitura quer transformar 4\u00aa Cia da PM de Camb\u00e9 em Companhia Independente\"}]},{\"@type\":\"WebSite\",\"@id\":\"https:\\\/\\\/www.cambe.pr.gov.br\\\/#website\",\"url\":\"https:\\\/\\\/www.cambe.pr.gov.br\\\/\",\"name\":\"Prefeitura de Camb\u00e9\",\"description\":\"UM GOVERNO PARA TODOS\",\"publisher\":{\"@id\":\"https:\\\/\\\/www.cambe.pr.gov.br\\\/#organization\"},\"potentialAction\":[{\"@type\":\"SearchAction\",\"target\":{\"@type\":\"EntryPoint\",\"urlTemplate\":\"https:\\\/\\\/www.cambe.pr.gov.br\\\/?s={search_term_string}\"},\"query-input\":{\"@type\":\"PropertyValueSpecification\",\"valueRequired\":true,\"valueName\":\"search_term_string\"}}],\"inLanguage\":\"pt-BR\"},{\"@type\":\"Organization\",\"@id\":\"https:\\\/\\\/www.cambe.pr.gov.br\\\/#organization\",\"name\":\"Prefeitura de Camb\u00e9\",\"url\":\"https:\\\/\\\/www.cambe.pr.gov.br\\\/\",\"logo\":{\"@type\":\"ImageObject\",\"inLanguage\":\"pt-BR\",\"@id\":\"https:\\\/\\\/www.cambe.pr.gov.br\\\/#\\\/schema\\\/logo\\\/image\\\/\",\"url\":\"https:\\\/\\\/www.cambe.pr.gov.br\\\/wp-content\\\/uploads\\\/2021\\\/01\\\/cropped-cropped-cambe_brazao-icone.png\",\"contentUrl\":\"https:\\\/\\\/www.cambe.pr.gov.br\\\/wp-content\\\/uploads\\\/2021\\\/01\\\/cropped-cropped-cambe_brazao-icone.png\",\"width\":240,\"height\":240,\"caption\":\"Prefeitura de Camb\u00e9\"},\"image\":{\"@id\":\"https:\\\/\\\/www.cambe.pr.gov.br\\\/#\\\/schema\\\/logo\\\/image\\\/\"},\"sameAs\":[\"https:\\\/\\\/m.facebook.com\\\/prefeituradecambe\"]},{\"@type\":\"Person\",\"@id\":\"https:\\\/\\\/www.cambe.pr.gov.br\\\/#\\\/schema\\\/person\\\/43b191a728babf8730823b22d888d98b\",\"name\":\"Mateus Goulart Itiyama\",\"image\":{\"@type\":\"ImageObject\",\"inLanguage\":\"pt-BR\",\"@id\":\"https:\\\/\\\/secure.gravatar.com\\\/avatar\\\/5ffc167a361290b7e863147a2ca418909f497566de633f627f8baffc8507a392?s=96&d=mm&r=g\",\"url\":\"https:\\\/\\\/secure.gravatar.com\\\/avatar\\\/5ffc167a361290b7e863147a2ca418909f497566de633f627f8baffc8507a392?s=96&d=mm&r=g\",\"contentUrl\":\"https:\\\/\\\/secure.gravatar.com\\\/avatar\\\/5ffc167a361290b7e863147a2ca418909f497566de633f627f8baffc8507a392?s=96&d=mm&r=g\",\"caption\":\"Mateus Goulart Itiyama\"},\"url\":\"https:\\\/\\\/www.cambe.pr.gov.br\\\/index.php\\\/author\\\/mgitiyama\\\/\"}]}<\/script>\n<!-- \/ Yoast SEO plugin. -->","yoast_head_json":{"title":"Prefeitura quer transformar 4\u00aa Cia da PM de Camb\u00e9 em Companhia Independente - Prefeitura de Camb\u00e9","robots":{"index":"index","follow":"follow","max-snippet":"max-snippet:-1","max-image-preview":"max-image-preview:large","max-video-preview":"max-video-preview:-1"},"canonical":"https:\/\/www.cambe.pr.gov.br\/index.php\/prefeitura-solicita-transformacao-da-4a-cia-da-pm-de-cambe-em-companhia-independente\/","og_locale":"pt_BR","og_type":"article","og_title":"Prefeitura quer transformar 4\u00aa Cia da PM de Camb\u00e9 em Companhia Independente - Prefeitura de Camb\u00e9","og_description":"A Prefeitura de Camb\u00e9 est\u00e1 trabalhando para reorganizar o policiamento do munic\u00edpio por meio da transforma\u00e7\u00e3o da 4\u00aa Companhia da Pol\u00edcia Militar de Camb\u00e9 em uma Companhia Independente. Atualmente, ela responde ao do 5\u00ba Batalh\u00e3o da PM de Londrina. O prefeito Conrado Scheller encaminhou no come\u00e7o da semana um of\u00edcio ao deputado estadual Thiago Amaral [&hellip;]","og_url":"https:\/\/www.cambe.pr.gov.br\/index.php\/prefeitura-solicita-transformacao-da-4a-cia-da-pm-de-cambe-em-companhia-independente\/","og_site_name":"Prefeitura de Camb\u00e9","article_publisher":"https:\/\/m.facebook.com\/prefeituradecambe","article_published_time":"2021-07-28T18:15:23+00:00","article_modified_time":"2024-10-07T16:00:21+00:00","og_image":[{"url":"http:\/\/www.cambe.pr.gov.br\/wp-content\/uploads\/2021\/07\/Cia-Independente-PM-300x200.jpeg","type":"","width":"","height":""}],"author":"Mateus Goulart Itiyama","twitter_card":"summary_large_image","twitter_misc":{"Escrito por":"Mateus Goulart Itiyama","Est. tempo de leitura":"2 minutos"},"schema":{"@context":"https:\/\/schema.org","@graph":[{"@type":"Article","@id":"https:\/\/www.cambe.pr.gov.br\/index.php\/prefeitura-solicita-transformacao-da-4a-cia-da-pm-de-cambe-em-companhia-independente\/#article","isPartOf":{"@id":"https:\/\/www.cambe.pr.gov.br\/index.php\/prefeitura-solicita-transformacao-da-4a-cia-da-pm-de-cambe-em-companhia-independente\/"},"author":{"name":"Mateus Goulart Itiyama","@id":"https:\/\/www.cambe.pr.gov.br\/#\/schema\/person\/43b191a728babf8730823b22d888d98b"},"headline":"Prefeitura quer transformar 4\u00aa Cia da PM de Camb\u00e9 em Companhia Independente","datePublished":"2021-07-28T18:15:23+00:00","dateModified":"2024-10-07T16:00:21+00:00","mainEntityOfPage":{"@id":"https:\/\/www.cambe.pr.gov.br\/index.php\/prefeitura-solicita-transformacao-da-4a-cia-da-pm-de-cambe-em-companhia-independente\/"},"wordCount":424,"publisher":{"@id":"https:\/\/www.cambe.pr.gov.br\/#organization"},"image":{"@id":"https:\/\/www.cambe.pr.gov.br\/index.php\/prefeitura-solicita-transformacao-da-4a-cia-da-pm-de-cambe-em-companhia-independente\/#primaryimage"},"thumbnailUrl":"http:\/\/www.cambe.pr.gov.br\/wp-content\/uploads\/2021\/07\/Cia-Independente-PM-300x200.jpeg","articleSection":["Principal"],"inLanguage":"pt-BR"},{"@type":"WebPage","@id":"https:\/\/www.cambe.pr.gov.br\/index.php\/prefeitura-solicita-transformacao-da-4a-cia-da-pm-de-cambe-em-companhia-independente\/","url":"https:\/\/www.cambe.pr.gov.br\/index.php\/prefeitura-solicita-transformacao-da-4a-cia-da-pm-de-cambe-em-companhia-independente\/","name":"Prefeitura quer transformar 4\u00aa Cia da PM de Camb\u00e9 em Companhia Independente - Prefeitura de Camb\u00e9","isPartOf":{"@id":"https:\/\/www.cambe.pr.gov.br\/#website"},"primaryImageOfPage":{"@id":"https:\/\/www.cambe.pr.gov.br\/index.php\/prefeitura-solicita-transformacao-da-4a-cia-da-pm-de-cambe-em-companhia-independente\/#primaryimage"},"image":{"@id":"https:\/\/www.cambe.pr.gov.br\/index.php\/prefeitura-solicita-transformacao-da-4a-cia-da-pm-de-cambe-em-companhia-independente\/#primaryimage"},"thumbnailUrl":"http:\/\/www.cambe.pr.gov.br\/wp-content\/uploads\/2021\/07\/Cia-Independente-PM-300x200.jpeg","datePublished":"2021-07-28T18:15:23+00:00","dateModified":"2024-10-07T16:00:21+00:00","breadcrumb":{"@id":"https:\/\/www.cambe.pr.gov.br\/index.php\/prefeitura-solicita-transformacao-da-4a-cia-da-pm-de-cambe-em-companhia-independente\/#breadcrumb"},"inLanguage":"pt-BR","potentialAction":[{"@type":"ReadAction","target":["https:\/\/www.cambe.pr.gov.br\/index.php\/prefeitura-solicita-transformacao-da-4a-cia-da-pm-de-cambe-em-companhia-independente\/"]}]},{"@type":"ImageObject","inLanguage":"pt-BR","@id":"https:\/\/www.cambe.pr.gov.br\/index.php\/prefeitura-solicita-transformacao-da-4a-cia-da-pm-de-cambe-em-companhia-independente\/#primaryimage","url":"http:\/\/www.cambe.pr.gov.br\/wp-content\/uploads\/2021\/07\/Cia-Independente-PM-300x200.jpeg","contentUrl":"http:\/\/www.cambe.pr.gov.br\/wp-content\/uploads\/2021\/07\/Cia-Independente-PM-300x200.jpeg"},{"@type":"BreadcrumbList","@id":"https:\/\/www.cambe.pr.gov.br\/index.php\/prefeitura-solicita-transformacao-da-4a-cia-da-pm-de-cambe-em-companhia-independente\/#breadcrumb","itemListElement":[{"@type":"ListItem","position":1,"name":"In\u00edcio","item":"https:\/\/www.cambe.pr.gov.br\/"},{"@type":"ListItem","position":2,"name":"Prefeitura quer transformar 4\u00aa Cia da PM de Camb\u00e9 em Companhia Independente"}]},{"@type":"WebSite","@id":"https:\/\/www.cambe.pr.gov.br\/#website","url":"https:\/\/www.cambe.pr.gov.br\/","name":"Prefeitura de Camb\u00e9","description":"UM GOVERNO PARA TODOS","publisher":{"@id":"https:\/\/www.cambe.pr.gov.br\/#organization"},"potentialAction":[{"@type":"SearchAction","target":{"@type":"EntryPoint","urlTemplate":"https:\/\/www.cambe.pr.gov.br\/?s={search_term_string}"},"query-input":{"@type":"PropertyValueSpecification","valueRequired":true,"valueName":"search_term_string"}}],"inLanguage":"pt-BR"},{"@type":"Organization","@id":"https:\/\/www.cambe.pr.gov.br\/#organization","name":"Prefeitura de Camb\u00e9","url":"https:\/\/www.cambe.pr.gov.br\/","logo":{"@type":"ImageObject","inLanguage":"pt-BR","@id":"https:\/\/www.cambe.pr.gov.br\/#\/schema\/logo\/image\/","url":"https:\/\/www.cambe.pr.gov.br\/wp-content\/uploads\/2021\/01\/cropped-cropped-cambe_brazao-icone.png","contentUrl":"https:\/\/www.cambe.pr.gov.br\/wp-content\/uploads\/2021\/01\/cropped-cropped-cambe_brazao-icone.png","width":240,"height":240,"caption":"Prefeitura de Camb\u00e9"},"image":{"@id":"https:\/\/www.cambe.pr.gov.br\/#\/schema\/logo\/image\/"},"sameAs":["https:\/\/m.facebook.com\/prefeituradecambe"]},{"@type":"Person","@id":"https:\/\/www.cambe.pr.gov.br\/#\/schema\/person\/43b191a728babf8730823b22d888d98b","name":"Mateus Goulart Itiyama","image":{"@type":"ImageObject","inLanguage":"pt-BR","@id":"https:\/\/secure.gravatar.com\/avatar\/5ffc167a361290b7e863147a2ca418909f497566de633f627f8baffc8507a392?s=96&d=mm&r=g","url":"https:\/\/secure.gravatar.com\/avatar\/5ffc167a361290b7e863147a2ca418909f497566de633f627f8baffc8507a392?s=96&d=mm&r=g","contentUrl":"https:\/\/secure.gravatar.com\/avatar\/5ffc167a361290b7e863147a2ca418909f497566de633f627f8baffc8507a392?s=96&d=mm&r=g","caption":"Mateus Goulart Itiyama"},"url":"https:\/\/www.cambe.pr.gov.br\/index.php\/author\/mgitiyama\/"}]}},"_links":{"self":[{"href":"https:\/\/www.cambe.pr.gov.br\/index.php\/wp-json\/wp\/v2\/posts\/1966","targetHints":{"allow":["GET"]}}],"collection":[{"href":"https:\/\/www.cambe.pr.gov.br\/index.php\/wp-json\/wp\/v2\/posts"}],"about":[{"href":"https:\/\/www.cambe.pr.gov.br\/index.php\/wp-json\/wp\/v2\/types\/post"}],"author":[{"embeddable":true,"href":"https:\/\/www.cambe.pr.gov.br\/index.php\/wp-json\/wp\/v2\/users\/3"}],"replies":[{"embeddable":true,"href":"https:\/\/www.cambe.pr.gov.br\/index.php\/wp-json\/wp\/v2\/comments?post=1966"}],"version-history":[{"count":21,"href":"https:\/\/www.cambe.pr.gov.br\/index.php\/wp-json\/wp\/v2\/posts\/1966\/revisions"}],"predecessor-version":[{"id":1991,"href":"https:\/\/www.cambe.pr.gov.br\/index.php\/wp-json\/wp\/v2\/posts\/1966\/revisions\/1991"}],"wp:attachment":[{"href":"https:\/\/www.cambe.pr.gov.br\/index.php\/wp-json\/wp\/v2\/media?parent=1966"}],"wp:term":[{"taxonomy":"category","embeddable":true,"href":"https:\/\/www.cambe.pr.gov.br\/index.php\/wp-json\/wp\/v2\/categories?post=1966"},{"taxonomy":"post_tag","embeddable":true,"href":"https:\/\/www.cambe.pr.gov.br\/index.php\/wp-json\/wp\/v2\/tags?post=1966"}],"curies":[{"name":"wp","href":"https:\/\/api.w.org\/{rel}","templated":true}]}}