{"id":1955,"date":"2021-07-28T14:14:10","date_gmt":"2021-07-28T17:14:10","guid":{"rendered":"http:\/\/www.cambe.pr.gov.br\/?p=1955"},"modified":"2024-10-07T13:00:21","modified_gmt":"2024-10-07T16:00:21","slug":"prefeitura-recupera-trecho-da-estrada-da-jacutinga-em-parceria-com-chacareiros","status":"publish","type":"post","link":"https:\/\/www.cambe.pr.gov.br\/index.php\/prefeitura-recupera-trecho-da-estrada-da-jacutinga-em-parceria-com-chacareiros\/","title":{"rendered":"Prefeitura recupera trecho da Estrada da Jacutinga em parceria com chacareiros"},"content":{"rendered":"<p style=\"text-align: justify;\"><span style=\"font-family: arial, helvetica, sans-serif;\"><img fetchpriority=\"high\" decoding=\"async\" class=\"alignleft wp-image-1957 size-medium\" src=\"https:\/\/www.cambe.pr.gov.br\/wp-content\/uploads\/2021\/07\/DSC_0281-300x199.jpg\" alt=\"\" width=\"300\" height=\"199\" srcset=\"https:\/\/www.cambe.pr.gov.br\/wp-content\/uploads\/2021\/07\/DSC_0281-300x199.jpg 300w, https:\/\/www.cambe.pr.gov.br\/wp-content\/uploads\/2021\/07\/DSC_0281-768x509.jpg 768w, https:\/\/www.cambe.pr.gov.br\/wp-content\/uploads\/2021\/07\/DSC_0281.jpg 960w\" sizes=\"(max-width: 300px) 100vw, 300px\" \/>Uma parceria entre a Prefeitura de Camb\u00e9 e chacareiros est\u00e1 possibilitando a recupera\u00e7\u00e3o de 6,5 quil\u00f4metros da Estrada da Jacutinga entre a Warta e o bairro S\u00e3o Jorge, trecho pertencente \u00e0 Camb\u00e9. A uni\u00e3o dos chacareiros adquiriu 220 caminh\u00f5es de brita graduada para nivelar e readequar o piso da estrada. A Prefeitura, atrav\u00e9s da Secretaria de Obras, se disponibilizou para executar a obra com equipamentos e m\u00e3o de obra. No total, ser\u00e3o recuperados mais de 45 mil metros quadrados de estrada. Ap\u00f3s a aplica\u00e7\u00e3o e compacta\u00e7\u00e3o da brita, as equipes da Prefeitura tamb\u00e9m v\u00e3o aplicar 900 metros c\u00fabicos de material fresado doado pelo DER para garantir o melhor resultado poss\u00edvel.<\/span><br \/>\n<span style=\"font-family: arial, helvetica, sans-serif;\">A propriet\u00e1ria da ch\u00e1cara Portal das Flores, C\u00e9lia Betio, explica que a ideia da parceria surgiu da necessidade de resolver o problema da precariedade da estrada. &#8220;J\u00e1 faz uns bons anos que essa estrada \u00e9 um motivo de reclama\u00e7\u00e3o dos moradores. Muitos atolamentos, inclusive de \u00f4nibus que precisavam de guincho de tratores para desatolar. A Prefeitura sempre fazia a manuten\u00e7\u00e3o, mas n\u00e3o era definitivo. Para tentar solucionar de vez o problema, n\u00f3s marcamos uma reuni\u00e3o com a Prefeitura para ver quais as op\u00e7\u00f5es para melhorar o trecho. A\u00ed fomos informados que a Secretaria de Obras poderia aplicar o material fresado, mas a obra ficaria melhor se antes fosse assentada a brita graduada\u201d, relata. C\u00e9lia ent\u00e3o se responsabilizou por reunir os moradores para financiar a compra do material. \u201cFomos conversando de porta em porta, de condom\u00ednio em condom\u00ednio para levantar o dinheiro necess\u00e1rio para melhorar a estrada. Como todos da regi\u00e3o sabem da situa\u00e7\u00e3o do trecho, conseguimos rapidamente mobilizar os moradores para colaborarem\u201d, explica C\u00e9lia. Segundo ela, cem pessoas contribu\u00edram para financiar a compra da brita, al\u00e9m das doa\u00e7\u00f5es dos condom\u00ednios e de uma loteadora com propriedades ao longo da estrada. <\/span><br \/>\n<span style=\"font-family: arial, helvetica, sans-serif;\">Para o secret\u00e1rio de Obras de Camb\u00e9, Manoel C\u00edcero, esse tipo de a\u00e7\u00e3o conjunta garante rapidez e economia. \u201cEssa parceria com os chacareiros na melhoria dessa estrada, al\u00e9m de demonstrar a confian\u00e7a na administra\u00e7\u00e3o, inaugura um novo modelo participativo entre a sociedade civil organizada e o poder p\u00fablico, resultando em economia e melhoria para todos. \u00c9 um bom exemplo e serve de base para implementa\u00e7\u00e3o de outras a\u00e7\u00f5es&#8221;, explica o secret\u00e1rio.<\/span><br \/>\n<span style=\"font-family: arial, helvetica, sans-serif;\">A experi\u00eancia tem sido positiva para os moradores, explica C\u00e9lia. \u201cN\u00f3s sab\u00edamos que existia uma vontade da Prefeitura em dar uma solu\u00e7\u00e3o mais dur\u00e1vel para a estrada. A\u00ed juntou a vontade deles com a nossa necessidade. No final, n\u00e3o pesou financeiramente para ningu\u00e9m porque os condom\u00ednios j\u00e1 tinham uma reserva para essa manuten\u00e7\u00e3o. Foi at\u00e9 uma coisa boa para mim, pude conhecer melhor meus vizinhos e descobrir outros vizinhos de condom\u00ednios que eu n\u00e3o conhecia, al\u00e9m de ter contato com o pessoal da Prefeitura\u201d, ressalta ela.<\/span><br \/>\n<span style=\"font-family: arial, helvetica, sans-serif;\">O prefeito Conrado Scheller pontua que, ao fim das obras, os moradores do local ter\u00e3o mais tranquilidade e seguran\u00e7a nos deslocamentos. \u201cA gente sabe das dificuldades que aquela comunidade tinha, principalmente nos dias de chuva. Chegar e sair de casa era muito complicado. Eles entenderam que era poss\u00edvel unirmos for\u00e7as para resolver esse problema e servem de exemplo. Esse envolvimento da comunidade \u00e9 muito importante e, juntos, cuidamos melhor da cidade\u201d, aponta Scheller.<\/span><\/p>\n","protected":false},"excerpt":{"rendered":"<p>Uma parceria entre a Prefeitura de Camb\u00e9 e chacareiros est\u00e1 possibilitando a recupera\u00e7\u00e3o de 6,5 quil\u00f4metros da Estrada da Jacutinga entre a Warta e o bairro S\u00e3o Jorge, trecho pertencente \u00e0 Camb\u00e9. A uni\u00e3o dos chacareiros adquiriu 220 caminh\u00f5es de brita graduada para nivelar e readequar o piso da estrada. A Prefeitura, atrav\u00e9s da Secretaria [&hellip;]<\/p>\n","protected":false},"author":3,"featured_media":0,"comment_status":"closed","ping_status":"open","sticky":false,"template":"","format":"standard","meta":{"ngg_post_thumbnail":0,"footnotes":""},"categories":[1],"tags":[],"class_list":["post-1955","post","type-post","status-publish","format-standard","hentry","category-principal"],"yoast_head":"<!-- This site is optimized with the Yoast SEO plugin v27.4 - https:\/\/yoast.com\/product\/yoast-seo-wordpress\/ -->\n<title>Prefeitura recupera trecho da Estrada da Jacutinga em parceria com chacareiros - Prefeitura de Camb\u00e9<\/title>\n<meta name=\"robots\" content=\"index, follow, max-snippet:-1, max-image-preview:large, max-video-preview:-1\" \/>\n<link rel=\"canonical\" href=\"https:\/\/www.cambe.pr.gov.br\/index.php\/prefeitura-recupera-trecho-da-estrada-da-jacutinga-em-parceria-com-chacareiros\/\" \/>\n<meta property=\"og:locale\" content=\"pt_BR\" \/>\n<meta property=\"og:type\" content=\"article\" \/>\n<meta property=\"og:title\" content=\"Prefeitura recupera trecho da Estrada da Jacutinga em parceria com chacareiros - Prefeitura de Camb\u00e9\" \/>\n<meta property=\"og:description\" content=\"Uma parceria entre a Prefeitura de Camb\u00e9 e chacareiros est\u00e1 possibilitando a recupera\u00e7\u00e3o de 6,5 quil\u00f4metros da Estrada da Jacutinga entre a Warta e o bairro S\u00e3o Jorge, trecho pertencente \u00e0 Camb\u00e9. A uni\u00e3o dos chacareiros adquiriu 220 caminh\u00f5es de brita graduada para nivelar e readequar o piso da estrada. A Prefeitura, atrav\u00e9s da Secretaria [&hellip;]\" \/>\n<meta property=\"og:url\" content=\"https:\/\/www.cambe.pr.gov.br\/index.php\/prefeitura-recupera-trecho-da-estrada-da-jacutinga-em-parceria-com-chacareiros\/\" \/>\n<meta property=\"og:site_name\" content=\"Prefeitura de Camb\u00e9\" \/>\n<meta property=\"article:publisher\" content=\"https:\/\/m.facebook.com\/prefeituradecambe\" \/>\n<meta property=\"article:published_time\" content=\"2021-07-28T17:14:10+00:00\" \/>\n<meta property=\"article:modified_time\" content=\"2024-10-07T16:00:21+00:00\" \/>\n<meta property=\"og:image\" content=\"http:\/\/www.cambe.pr.gov.br\/wp-content\/uploads\/2021\/07\/DSC_0281-300x199.jpg\" \/>\n<meta name=\"author\" content=\"Mateus Goulart Itiyama\" \/>\n<meta name=\"twitter:card\" content=\"summary_large_image\" \/>\n<meta name=\"twitter:label1\" content=\"Escrito por\" \/>\n\t<meta name=\"twitter:data1\" content=\"Mateus Goulart Itiyama\" \/>\n\t<meta name=\"twitter:label2\" content=\"Est. tempo de leitura\" \/>\n\t<meta name=\"twitter:data2\" content=\"3 minutos\" \/>\n<script type=\"application\/ld+json\" class=\"yoast-schema-graph\">{\"@context\":\"https:\\\/\\\/schema.org\",\"@graph\":[{\"@type\":\"Article\",\"@id\":\"https:\\\/\\\/www.cambe.pr.gov.br\\\/index.php\\\/prefeitura-recupera-trecho-da-estrada-da-jacutinga-em-parceria-com-chacareiros\\\/#article\",\"isPartOf\":{\"@id\":\"https:\\\/\\\/www.cambe.pr.gov.br\\\/index.php\\\/prefeitura-recupera-trecho-da-estrada-da-jacutinga-em-parceria-com-chacareiros\\\/\"},\"author\":{\"name\":\"Mateus Goulart Itiyama\",\"@id\":\"https:\\\/\\\/www.cambe.pr.gov.br\\\/#\\\/schema\\\/person\\\/43b191a728babf8730823b22d888d98b\"},\"headline\":\"Prefeitura recupera trecho da Estrada da Jacutinga em parceria com chacareiros\",\"datePublished\":\"2021-07-28T17:14:10+00:00\",\"dateModified\":\"2024-10-07T16:00:21+00:00\",\"mainEntityOfPage\":{\"@id\":\"https:\\\/\\\/www.cambe.pr.gov.br\\\/index.php\\\/prefeitura-recupera-trecho-da-estrada-da-jacutinga-em-parceria-com-chacareiros\\\/\"},\"wordCount\":596,\"publisher\":{\"@id\":\"https:\\\/\\\/www.cambe.pr.gov.br\\\/#organization\"},\"image\":{\"@id\":\"https:\\\/\\\/www.cambe.pr.gov.br\\\/index.php\\\/prefeitura-recupera-trecho-da-estrada-da-jacutinga-em-parceria-com-chacareiros\\\/#primaryimage\"},\"thumbnailUrl\":\"http:\\\/\\\/www.cambe.pr.gov.br\\\/wp-content\\\/uploads\\\/2021\\\/07\\\/DSC_0281-300x199.jpg\",\"articleSection\":[\"Principal\"],\"inLanguage\":\"pt-BR\"},{\"@type\":\"WebPage\",\"@id\":\"https:\\\/\\\/www.cambe.pr.gov.br\\\/index.php\\\/prefeitura-recupera-trecho-da-estrada-da-jacutinga-em-parceria-com-chacareiros\\\/\",\"url\":\"https:\\\/\\\/www.cambe.pr.gov.br\\\/index.php\\\/prefeitura-recupera-trecho-da-estrada-da-jacutinga-em-parceria-com-chacareiros\\\/\",\"name\":\"Prefeitura recupera trecho da Estrada da Jacutinga em parceria com chacareiros - Prefeitura de Camb\u00e9\",\"isPartOf\":{\"@id\":\"https:\\\/\\\/www.cambe.pr.gov.br\\\/#website\"},\"primaryImageOfPage\":{\"@id\":\"https:\\\/\\\/www.cambe.pr.gov.br\\\/index.php\\\/prefeitura-recupera-trecho-da-estrada-da-jacutinga-em-parceria-com-chacareiros\\\/#primaryimage\"},\"image\":{\"@id\":\"https:\\\/\\\/www.cambe.pr.gov.br\\\/index.php\\\/prefeitura-recupera-trecho-da-estrada-da-jacutinga-em-parceria-com-chacareiros\\\/#primaryimage\"},\"thumbnailUrl\":\"http:\\\/\\\/www.cambe.pr.gov.br\\\/wp-content\\\/uploads\\\/2021\\\/07\\\/DSC_0281-300x199.jpg\",\"datePublished\":\"2021-07-28T17:14:10+00:00\",\"dateModified\":\"2024-10-07T16:00:21+00:00\",\"breadcrumb\":{\"@id\":\"https:\\\/\\\/www.cambe.pr.gov.br\\\/index.php\\\/prefeitura-recupera-trecho-da-estrada-da-jacutinga-em-parceria-com-chacareiros\\\/#breadcrumb\"},\"inLanguage\":\"pt-BR\",\"potentialAction\":[{\"@type\":\"ReadAction\",\"target\":[\"https:\\\/\\\/www.cambe.pr.gov.br\\\/index.php\\\/prefeitura-recupera-trecho-da-estrada-da-jacutinga-em-parceria-com-chacareiros\\\/\"]}]},{\"@type\":\"ImageObject\",\"inLanguage\":\"pt-BR\",\"@id\":\"https:\\\/\\\/www.cambe.pr.gov.br\\\/index.php\\\/prefeitura-recupera-trecho-da-estrada-da-jacutinga-em-parceria-com-chacareiros\\\/#primaryimage\",\"url\":\"http:\\\/\\\/www.cambe.pr.gov.br\\\/wp-content\\\/uploads\\\/2021\\\/07\\\/DSC_0281-300x199.jpg\",\"contentUrl\":\"http:\\\/\\\/www.cambe.pr.gov.br\\\/wp-content\\\/uploads\\\/2021\\\/07\\\/DSC_0281-300x199.jpg\"},{\"@type\":\"BreadcrumbList\",\"@id\":\"https:\\\/\\\/www.cambe.pr.gov.br\\\/index.php\\\/prefeitura-recupera-trecho-da-estrada-da-jacutinga-em-parceria-com-chacareiros\\\/#breadcrumb\",\"itemListElement\":[{\"@type\":\"ListItem\",\"position\":1,\"name\":\"In\u00edcio\",\"item\":\"https:\\\/\\\/www.cambe.pr.gov.br\\\/\"},{\"@type\":\"ListItem\",\"position\":2,\"name\":\"Prefeitura recupera trecho da Estrada da Jacutinga em parceria com chacareiros\"}]},{\"@type\":\"WebSite\",\"@id\":\"https:\\\/\\\/www.cambe.pr.gov.br\\\/#website\",\"url\":\"https:\\\/\\\/www.cambe.pr.gov.br\\\/\",\"name\":\"Prefeitura de Camb\u00e9\",\"description\":\"UM GOVERNO PARA TODOS\",\"publisher\":{\"@id\":\"https:\\\/\\\/www.cambe.pr.gov.br\\\/#organization\"},\"potentialAction\":[{\"@type\":\"SearchAction\",\"target\":{\"@type\":\"EntryPoint\",\"urlTemplate\":\"https:\\\/\\\/www.cambe.pr.gov.br\\\/?s={search_term_string}\"},\"query-input\":{\"@type\":\"PropertyValueSpecification\",\"valueRequired\":true,\"valueName\":\"search_term_string\"}}],\"inLanguage\":\"pt-BR\"},{\"@type\":\"Organization\",\"@id\":\"https:\\\/\\\/www.cambe.pr.gov.br\\\/#organization\",\"name\":\"Prefeitura de Camb\u00e9\",\"url\":\"https:\\\/\\\/www.cambe.pr.gov.br\\\/\",\"logo\":{\"@type\":\"ImageObject\",\"inLanguage\":\"pt-BR\",\"@id\":\"https:\\\/\\\/www.cambe.pr.gov.br\\\/#\\\/schema\\\/logo\\\/image\\\/\",\"url\":\"https:\\\/\\\/www.cambe.pr.gov.br\\\/wp-content\\\/uploads\\\/2021\\\/01\\\/cropped-cropped-cambe_brazao-icone.png\",\"contentUrl\":\"https:\\\/\\\/www.cambe.pr.gov.br\\\/wp-content\\\/uploads\\\/2021\\\/01\\\/cropped-cropped-cambe_brazao-icone.png\",\"width\":240,\"height\":240,\"caption\":\"Prefeitura de Camb\u00e9\"},\"image\":{\"@id\":\"https:\\\/\\\/www.cambe.pr.gov.br\\\/#\\\/schema\\\/logo\\\/image\\\/\"},\"sameAs\":[\"https:\\\/\\\/m.facebook.com\\\/prefeituradecambe\"]},{\"@type\":\"Person\",\"@id\":\"https:\\\/\\\/www.cambe.pr.gov.br\\\/#\\\/schema\\\/person\\\/43b191a728babf8730823b22d888d98b\",\"name\":\"Mateus Goulart Itiyama\",\"image\":{\"@type\":\"ImageObject\",\"inLanguage\":\"pt-BR\",\"@id\":\"https:\\\/\\\/secure.gravatar.com\\\/avatar\\\/5ffc167a361290b7e863147a2ca418909f497566de633f627f8baffc8507a392?s=96&d=mm&r=g\",\"url\":\"https:\\\/\\\/secure.gravatar.com\\\/avatar\\\/5ffc167a361290b7e863147a2ca418909f497566de633f627f8baffc8507a392?s=96&d=mm&r=g\",\"contentUrl\":\"https:\\\/\\\/secure.gravatar.com\\\/avatar\\\/5ffc167a361290b7e863147a2ca418909f497566de633f627f8baffc8507a392?s=96&d=mm&r=g\",\"caption\":\"Mateus Goulart Itiyama\"},\"url\":\"https:\\\/\\\/www.cambe.pr.gov.br\\\/index.php\\\/author\\\/mgitiyama\\\/\"}]}<\/script>\n<!-- \/ Yoast SEO plugin. -->","yoast_head_json":{"title":"Prefeitura recupera trecho da Estrada da Jacutinga em parceria com chacareiros - Prefeitura de Camb\u00e9","robots":{"index":"index","follow":"follow","max-snippet":"max-snippet:-1","max-image-preview":"max-image-preview:large","max-video-preview":"max-video-preview:-1"},"canonical":"https:\/\/www.cambe.pr.gov.br\/index.php\/prefeitura-recupera-trecho-da-estrada-da-jacutinga-em-parceria-com-chacareiros\/","og_locale":"pt_BR","og_type":"article","og_title":"Prefeitura recupera trecho da Estrada da Jacutinga em parceria com chacareiros - Prefeitura de Camb\u00e9","og_description":"Uma parceria entre a Prefeitura de Camb\u00e9 e chacareiros est\u00e1 possibilitando a recupera\u00e7\u00e3o de 6,5 quil\u00f4metros da Estrada da Jacutinga entre a Warta e o bairro S\u00e3o Jorge, trecho pertencente \u00e0 Camb\u00e9. A uni\u00e3o dos chacareiros adquiriu 220 caminh\u00f5es de brita graduada para nivelar e readequar o piso da estrada. A Prefeitura, atrav\u00e9s da Secretaria [&hellip;]","og_url":"https:\/\/www.cambe.pr.gov.br\/index.php\/prefeitura-recupera-trecho-da-estrada-da-jacutinga-em-parceria-com-chacareiros\/","og_site_name":"Prefeitura de Camb\u00e9","article_publisher":"https:\/\/m.facebook.com\/prefeituradecambe","article_published_time":"2021-07-28T17:14:10+00:00","article_modified_time":"2024-10-07T16:00:21+00:00","og_image":[{"url":"http:\/\/www.cambe.pr.gov.br\/wp-content\/uploads\/2021\/07\/DSC_0281-300x199.jpg","type":"","width":"","height":""}],"author":"Mateus Goulart Itiyama","twitter_card":"summary_large_image","twitter_misc":{"Escrito por":"Mateus Goulart Itiyama","Est. tempo de leitura":"3 minutos"},"schema":{"@context":"https:\/\/schema.org","@graph":[{"@type":"Article","@id":"https:\/\/www.cambe.pr.gov.br\/index.php\/prefeitura-recupera-trecho-da-estrada-da-jacutinga-em-parceria-com-chacareiros\/#article","isPartOf":{"@id":"https:\/\/www.cambe.pr.gov.br\/index.php\/prefeitura-recupera-trecho-da-estrada-da-jacutinga-em-parceria-com-chacareiros\/"},"author":{"name":"Mateus Goulart Itiyama","@id":"https:\/\/www.cambe.pr.gov.br\/#\/schema\/person\/43b191a728babf8730823b22d888d98b"},"headline":"Prefeitura recupera trecho da Estrada da Jacutinga em parceria com chacareiros","datePublished":"2021-07-28T17:14:10+00:00","dateModified":"2024-10-07T16:00:21+00:00","mainEntityOfPage":{"@id":"https:\/\/www.cambe.pr.gov.br\/index.php\/prefeitura-recupera-trecho-da-estrada-da-jacutinga-em-parceria-com-chacareiros\/"},"wordCount":596,"publisher":{"@id":"https:\/\/www.cambe.pr.gov.br\/#organization"},"image":{"@id":"https:\/\/www.cambe.pr.gov.br\/index.php\/prefeitura-recupera-trecho-da-estrada-da-jacutinga-em-parceria-com-chacareiros\/#primaryimage"},"thumbnailUrl":"http:\/\/www.cambe.pr.gov.br\/wp-content\/uploads\/2021\/07\/DSC_0281-300x199.jpg","articleSection":["Principal"],"inLanguage":"pt-BR"},{"@type":"WebPage","@id":"https:\/\/www.cambe.pr.gov.br\/index.php\/prefeitura-recupera-trecho-da-estrada-da-jacutinga-em-parceria-com-chacareiros\/","url":"https:\/\/www.cambe.pr.gov.br\/index.php\/prefeitura-recupera-trecho-da-estrada-da-jacutinga-em-parceria-com-chacareiros\/","name":"Prefeitura recupera trecho da Estrada da Jacutinga em parceria com chacareiros - Prefeitura de Camb\u00e9","isPartOf":{"@id":"https:\/\/www.cambe.pr.gov.br\/#website"},"primaryImageOfPage":{"@id":"https:\/\/www.cambe.pr.gov.br\/index.php\/prefeitura-recupera-trecho-da-estrada-da-jacutinga-em-parceria-com-chacareiros\/#primaryimage"},"image":{"@id":"https:\/\/www.cambe.pr.gov.br\/index.php\/prefeitura-recupera-trecho-da-estrada-da-jacutinga-em-parceria-com-chacareiros\/#primaryimage"},"thumbnailUrl":"http:\/\/www.cambe.pr.gov.br\/wp-content\/uploads\/2021\/07\/DSC_0281-300x199.jpg","datePublished":"2021-07-28T17:14:10+00:00","dateModified":"2024-10-07T16:00:21+00:00","breadcrumb":{"@id":"https:\/\/www.cambe.pr.gov.br\/index.php\/prefeitura-recupera-trecho-da-estrada-da-jacutinga-em-parceria-com-chacareiros\/#breadcrumb"},"inLanguage":"pt-BR","potentialAction":[{"@type":"ReadAction","target":["https:\/\/www.cambe.pr.gov.br\/index.php\/prefeitura-recupera-trecho-da-estrada-da-jacutinga-em-parceria-com-chacareiros\/"]}]},{"@type":"ImageObject","inLanguage":"pt-BR","@id":"https:\/\/www.cambe.pr.gov.br\/index.php\/prefeitura-recupera-trecho-da-estrada-da-jacutinga-em-parceria-com-chacareiros\/#primaryimage","url":"http:\/\/www.cambe.pr.gov.br\/wp-content\/uploads\/2021\/07\/DSC_0281-300x199.jpg","contentUrl":"http:\/\/www.cambe.pr.gov.br\/wp-content\/uploads\/2021\/07\/DSC_0281-300x199.jpg"},{"@type":"BreadcrumbList","@id":"https:\/\/www.cambe.pr.gov.br\/index.php\/prefeitura-recupera-trecho-da-estrada-da-jacutinga-em-parceria-com-chacareiros\/#breadcrumb","itemListElement":[{"@type":"ListItem","position":1,"name":"In\u00edcio","item":"https:\/\/www.cambe.pr.gov.br\/"},{"@type":"ListItem","position":2,"name":"Prefeitura recupera trecho da Estrada da Jacutinga em parceria com chacareiros"}]},{"@type":"WebSite","@id":"https:\/\/www.cambe.pr.gov.br\/#website","url":"https:\/\/www.cambe.pr.gov.br\/","name":"Prefeitura de Camb\u00e9","description":"UM GOVERNO PARA TODOS","publisher":{"@id":"https:\/\/www.cambe.pr.gov.br\/#organization"},"potentialAction":[{"@type":"SearchAction","target":{"@type":"EntryPoint","urlTemplate":"https:\/\/www.cambe.pr.gov.br\/?s={search_term_string}"},"query-input":{"@type":"PropertyValueSpecification","valueRequired":true,"valueName":"search_term_string"}}],"inLanguage":"pt-BR"},{"@type":"Organization","@id":"https:\/\/www.cambe.pr.gov.br\/#organization","name":"Prefeitura de Camb\u00e9","url":"https:\/\/www.cambe.pr.gov.br\/","logo":{"@type":"ImageObject","inLanguage":"pt-BR","@id":"https:\/\/www.cambe.pr.gov.br\/#\/schema\/logo\/image\/","url":"https:\/\/www.cambe.pr.gov.br\/wp-content\/uploads\/2021\/01\/cropped-cropped-cambe_brazao-icone.png","contentUrl":"https:\/\/www.cambe.pr.gov.br\/wp-content\/uploads\/2021\/01\/cropped-cropped-cambe_brazao-icone.png","width":240,"height":240,"caption":"Prefeitura de Camb\u00e9"},"image":{"@id":"https:\/\/www.cambe.pr.gov.br\/#\/schema\/logo\/image\/"},"sameAs":["https:\/\/m.facebook.com\/prefeituradecambe"]},{"@type":"Person","@id":"https:\/\/www.cambe.pr.gov.br\/#\/schema\/person\/43b191a728babf8730823b22d888d98b","name":"Mateus Goulart Itiyama","image":{"@type":"ImageObject","inLanguage":"pt-BR","@id":"https:\/\/secure.gravatar.com\/avatar\/5ffc167a361290b7e863147a2ca418909f497566de633f627f8baffc8507a392?s=96&d=mm&r=g","url":"https:\/\/secure.gravatar.com\/avatar\/5ffc167a361290b7e863147a2ca418909f497566de633f627f8baffc8507a392?s=96&d=mm&r=g","contentUrl":"https:\/\/secure.gravatar.com\/avatar\/5ffc167a361290b7e863147a2ca418909f497566de633f627f8baffc8507a392?s=96&d=mm&r=g","caption":"Mateus Goulart Itiyama"},"url":"https:\/\/www.cambe.pr.gov.br\/index.php\/author\/mgitiyama\/"}]}},"_links":{"self":[{"href":"https:\/\/www.cambe.pr.gov.br\/index.php\/wp-json\/wp\/v2\/posts\/1955","targetHints":{"allow":["GET"]}}],"collection":[{"href":"https:\/\/www.cambe.pr.gov.br\/index.php\/wp-json\/wp\/v2\/posts"}],"about":[{"href":"https:\/\/www.cambe.pr.gov.br\/index.php\/wp-json\/wp\/v2\/types\/post"}],"author":[{"embeddable":true,"href":"https:\/\/www.cambe.pr.gov.br\/index.php\/wp-json\/wp\/v2\/users\/3"}],"replies":[{"embeddable":true,"href":"https:\/\/www.cambe.pr.gov.br\/index.php\/wp-json\/wp\/v2\/comments?post=1955"}],"version-history":[{"count":4,"href":"https:\/\/www.cambe.pr.gov.br\/index.php\/wp-json\/wp\/v2\/posts\/1955\/revisions"}],"predecessor-version":[{"id":1959,"href":"https:\/\/www.cambe.pr.gov.br\/index.php\/wp-json\/wp\/v2\/posts\/1955\/revisions\/1959"}],"wp:attachment":[{"href":"https:\/\/www.cambe.pr.gov.br\/index.php\/wp-json\/wp\/v2\/media?parent=1955"}],"wp:term":[{"taxonomy":"category","embeddable":true,"href":"https:\/\/www.cambe.pr.gov.br\/index.php\/wp-json\/wp\/v2\/categories?post=1955"},{"taxonomy":"post_tag","embeddable":true,"href":"https:\/\/www.cambe.pr.gov.br\/index.php\/wp-json\/wp\/v2\/tags?post=1955"}],"curies":[{"name":"wp","href":"https:\/\/api.w.org\/{rel}","templated":true}]}}